{"id":146451,"date":"2023-12-04T16:09:42","date_gmt":"2023-12-04T15:09:42","guid":{"rendered":"https:\/\/www.bellunopress.it\/?p=146451"},"modified":"2023-12-04T16:11:55","modified_gmt":"2023-12-04T15:11:55","slug":"il-convegno-competenze-energie-e-territori-attori-conoscenze-e-reti-per-le-competenze-nelle-realta-locali","status":"publish","type":"post","link":"https:\/\/www.bellunopress.it\/fr\/2023\/12\/04\/il-convegno-competenze-energie-e-territori-attori-conoscenze-e-reti-per-le-competenze-nelle-realta-locali\/","title":{"rendered":"Il convegno. Competenze, energie e territori &#8211; Attori, conoscenze e reti per le competenze nelle realt\u00e0 locali"},"content":{"rendered":"<p><strong><em><img loading=\"lazy\" decoding=\"async\" class=\"alignleft size-full wp-image-146452\" src=\"https:\/\/www.bellunopress.it\/wp-content\/uploads\/2023\/12\/convegno-Camera-commercio_edited.jpg\" alt=\"Convegno Competenze, energie e territori\" width=\"1000\" height=\"643\" srcset=\"https:\/\/www.bellunopress.it\/wp-content\/uploads\/2023\/12\/convegno-Camera-commercio_edited.jpg 1000w, https:\/\/www.bellunopress.it\/wp-content\/uploads\/2023\/12\/convegno-Camera-commercio_edited-500x322.jpg 500w, https:\/\/www.bellunopress.it\/wp-content\/uploads\/2023\/12\/convegno-Camera-commercio_edited-696x448.jpg 696w\" sizes=\"auto, (max-width: 1000px) 100vw, 1000px\" \/>Fare del Bellunese un&#8217;area ad alto contenuto di conoscenze innovative per affrontare le sfide del mercato globale: in Camera di Commercio le proposte per una nuova competitivit\u00e0 del nostro territorio nell&#8217;evento per l&#8217;Anno Europeo delle Competenze. <\/em><\/strong><br \/>\n<strong><em>Tra i protagonisti il professor Giulio Buciuni, autore con Giancarlo Cor\u00f2 del best seller \u201cPeriferie competitive\u201d.<\/em><\/strong><\/p>\n<p>Belluno, 4 dicembre 2023 &#8211; Infrastrutture e risorse economiche, collegamenti viari e nuove tecnologie, certo, ma non solo. Conoscenze e competenze rappresentano oggi una delle nuove frontiere su cui i territori decentrati sono chiamati ad investire per affrancarsi da un ruolo marginale rispetto ai grandi centri urbani.<br \/>\nE&#8217; questo il tema attorno al quale si \u00e8 sviluppato l&#8217;incontro tenutosi quest&#8217;oggi nella sede della Camera di Commercio di Treviso-Belluno Dolomiti e promosso del centro Europe Direct \u201cMontagna Veneta\u201d del GAL Prealpi e Dolomiti in collaborazione con lo stesso ente camerale.<br \/>\nEstremamente variegati sia per tipologia che per argomento i contributi portati alla discussione, a partire da quello del professor Giulio Buciuni, direttore del master in enterpreunership presso il Trinity College di Dublino e autore, con il professor Giancarlo Cor\u00f2, del saggio \u201cPeriferie competitive\u201d, divenuto una vera e propria pietra angolare nel dibattito nazionale ed internazionale sul tema.<br \/>\nLa conoscenza come asse su cui pianificare lo sviluppo dei territori \u201cdi periferia\u201d appunto, non certo in antitesi, ma in correlazione con le citt\u00e0 metropolitane e i centri hub, \u00e8 stato il filo conduttore anche degli interventi che si sono susseguiti da parte degli altri ospiti e che hanno toccato gli ambiti della scuola e della formazione, ma anche gli esempi concreti di dialogo tra preparazione accademica e mondo produttivo.<br \/>\n\u201cViviamo una fase storica particolarmente propizia da questo punto di vista: le risorse finanziarie sono decisamente rilevanti (sia per quanto concerne il PNRR, che per quanto possiamo attingere da altri strumenti della programmazione europea) e questo costituisce un volano di sviluppo decisivo proprio per i territori come il Bellunese, a patto che sappiamo creare nuove alleanze e quindi aree di crescita d&#8217;avanguardia\u201d, sottolinea Matteo Aguanno, direttore del centro Europe Direct \u201cMontagna Veneta\u201d, che aggiunge: \u201cL&#8217;anno europeo delle competenze rappresenta in questo senso uno stimolo ed un&#8217;occasione ulteriore per affrontare questa sfida; l&#8217;Europa pu\u00f2 e deve essere da questo punto di vista una sponda ricca di supporti di vario tipo, soprattutto a vantaggio dei nostri giovani\u201d.<\/p>\n<figure id=\"attachment_78457\" aria-describedby=\"caption-attachment-78457\" style=\"width: 220px\" class=\"wp-caption alignleft\"><img loading=\"lazy\" decoding=\"async\" class=\"size-full wp-image-78457\" src=\"https:\/\/www.bellunopress.it\/wp-content\/uploads\/2016\/06\/Mario-Pozza.jpg\" alt=\"\" width=\"220\" height=\"300\" \/><figcaption id=\"caption-attachment-78457\" class=\"wp-caption-text\">Mario Pozza<\/figcaption><\/figure>\n<p>\u201cLe competenze sono espressione della persona per poi divenire buone progettualit\u00e0, se la persona \u00e8 al centro delle strategie della formazione della rete delle istituzioni e del sistema impresa &#8211; sottolinea il Presidente Camera di Commercio di Treviso-Belluno |Dolomiti Mario Pozza -. La Camera di Commercio nell\u2019attenzione verso la preparazione e professionalit\u00e0 dei giovani, sostiene e finanzia molte progettualit\u00e0. L&#8217;Anno Europeo delle Competenze \u00e8 un&#8217;opportunit\u00e0 cruciale che ci fornisce l\u2019Unione Europea, per ampliare la prospettiva strategica e individuare soluzioni per risolvere la carenza di manodopera che soffrono le nostre imprese, interpretando il cambiamento del mercato del lavoro attraverso la formazione continua. Ancor di pi\u00f9 ora, l\u2019attenzione a questo tema \u00e8 indispensabile per un territorio che si prepara ad accogliere l&#8217;evento olimpico Milano &#8211; Cortina 2026. La Camera di Commercio in rete con gli ITS del Veneto, con le universit\u00e0, con esperti psicologi e con le aziende, come nell\u2019evento antichi mestieri del futuro, crede in questo grande impegno. Inoltre non dimentichiamo che sono necessarie competenze ancor pi\u00f9 specialistiche in questo delicatissimo ecosistema, come lo \u00e8 la montagna che deve essere considerata in un\u2019 ottica orientata alla sostenibilit\u00e0 ambientale e che richiede una riconfigurazione attenta e innovativa. L&#8217;innovazione diventa cos\u00ec un catalizzatore per attrarre talenti e generare nuove competenze e saperi\u201d.<\/p>","protected":false},"excerpt":{"rendered":"<p>Fare del Bellunese un&#8217;area ad alto contenuto di conoscenze innovative per affrontare le sfide del mercato globale: in Camera di Commercio le proposte per una nuova competitivit\u00e0 del nostro territorio nell&#8217;evento per l&#8217;Anno Europeo delle Competenze. Tra i protagonisti il professor Giulio Buciuni, autore con Giancarlo Cor\u00f2 del best seller \u201cPeriferie competitive\u201d. Belluno, 4 dicembre [&hellip;]<\/p>\n","protected":false},"author":2,"featured_media":146452,"comment_status":"closed","ping_status":"open","sticky":false,"template":"","format":"standard","meta":{"footnotes":""},"categories":[36,26],"tags":[],"class_list":["post-146451","post","type-post","status-publish","format-standard","has-post-thumbnail","category-lavoro-economia","category-prima-pagina"],"yoast_head":"<!-- This site is optimized with the Yoast SEO plugin v28.4 - https:\/\/yoast.com\/product\/yoast-seo-wordpress\/ -->\n<title>Il convegno. Competenze, energie e territori - Attori, conoscenze e reti per le competenze nelle realt\u00e0 locali - Bellunopress - Dolomiti<\/title>\n<meta name=\"robots\" content=\"index, follow, max-snippet:-1, max-image-preview:large, max-video-preview:-1\" \/>\n<link rel=\"canonical\" href=\"https:\/\/www.bellunopress.it\/fr\/2023\/12\/04\/il-convegno-competenze-energie-e-territori-attori-conoscenze-e-reti-per-le-competenze-nelle-realta-locali\/\" \/>\n<meta property=\"og:locale\" content=\"fr_FR\" \/>\n<meta property=\"og:type\" content=\"article\" \/>\n<meta property=\"og:title\" content=\"Il convegno. Competenze, energie e territori - Attori, conoscenze e reti per le competenze nelle realt\u00e0 locali - Bellunopress - Dolomiti\" \/>\n<meta property=\"og:description\" content=\"Fare del Bellunese un&#8217;area ad alto contenuto di conoscenze innovative per affrontare le sfide del mercato globale: in Camera di Commercio le proposte per una nuova competitivit\u00e0 del nostro territorio nell&#8217;evento per l&#8217;Anno Europeo delle Competenze. Tra i protagonisti il professor Giulio Buciuni, autore con Giancarlo Cor\u00f2 del best seller \u201cPeriferie competitive\u201d. Belluno, 4 dicembre [&hellip;]\" \/>\n<meta property=\"og:url\" content=\"https:\/\/www.bellunopress.it\/fr\/2023\/12\/04\/il-convegno-competenze-energie-e-territori-attori-conoscenze-e-reti-per-le-competenze-nelle-realta-locali\/\" \/>\n<meta property=\"og:site_name\" content=\"Bellunopress - Dolomiti\" \/>\n<meta property=\"article:publisher\" content=\"https:\/\/www.facebook.com\/profile.php?id=100008943462799\" \/>\n<meta property=\"article:published_time\" content=\"2023-12-04T15:09:42+00:00\" \/>\n<meta property=\"article:modified_time\" content=\"2023-12-04T15:11:55+00:00\" \/>\n<meta property=\"og:image\" content=\"https:\/\/www.bellunopress.it\/wp-content\/uploads\/2023\/12\/convegno-Camera-commercio_edited.jpg\" \/>\n\t<meta property=\"og:image:width\" content=\"1000\" \/>\n\t<meta property=\"og:image:height\" content=\"643\" \/>\n\t<meta property=\"og:image:type\" content=\"image\/jpeg\" \/>\n<meta name=\"author\" content=\"redazione\" \/>\n<meta name=\"twitter:card\" content=\"summary_large_image\" \/>\n<meta name=\"twitter:creator\" content=\"@bellunopress\" \/>\n<meta name=\"twitter:site\" content=\"@bellunopress\" \/>\n<meta name=\"twitter:label1\" content=\"Written by\" \/>\n\t<meta name=\"twitter:data1\" content=\"redazione\" \/>\n\t<meta name=\"twitter:label2\" content=\"Est. reading time\" \/>\n\t<meta name=\"twitter:data2\" content=\"3 minutes\" \/>\n<script type=\"application\/ld+json\" class=\"yoast-schema-graph\">{\"@context\":\"https:\\\/\\\/schema.org\",\"@graph\":[{\"@type\":\"Article\",\"@id\":\"https:\\\/\\\/www.bellunopress.it\\\/2023\\\/12\\\/04\\\/il-convegno-competenze-energie-e-territori-attori-conoscenze-e-reti-per-le-competenze-nelle-realta-locali\\\/#article\",\"isPartOf\":{\"@id\":\"https:\\\/\\\/www.bellunopress.it\\\/2023\\\/12\\\/04\\\/il-convegno-competenze-energie-e-territori-attori-conoscenze-e-reti-per-le-competenze-nelle-realta-locali\\\/\"},\"author\":{\"name\":\"redazione\",\"@id\":\"https:\\\/\\\/www.bellunopress.it\\\/#\\\/schema\\\/person\\\/79bb06722b37ece1c03d3e94beb30d73\"},\"headline\":\"Il convegno. Competenze, energie e territori &#8211; Attori, conoscenze e reti per le competenze nelle realt\u00e0 locali\",\"datePublished\":\"2023-12-04T15:09:42+00:00\",\"dateModified\":\"2023-12-04T15:11:55+00:00\",\"mainEntityOfPage\":{\"@id\":\"https:\\\/\\\/www.bellunopress.it\\\/2023\\\/12\\\/04\\\/il-convegno-competenze-energie-e-territori-attori-conoscenze-e-reti-per-le-competenze-nelle-realta-locali\\\/\"},\"wordCount\":626,\"publisher\":{\"@id\":\"https:\\\/\\\/www.bellunopress.it\\\/#organization\"},\"image\":{\"@id\":\"https:\\\/\\\/www.bellunopress.it\\\/2023\\\/12\\\/04\\\/il-convegno-competenze-energie-e-territori-attori-conoscenze-e-reti-per-le-competenze-nelle-realta-locali\\\/#primaryimage\"},\"thumbnailUrl\":\"https:\\\/\\\/www.bellunopress.it\\\/wp-content\\\/uploads\\\/2023\\\/12\\\/convegno-Camera-commercio_edited.jpg\",\"articleSection\":[\"Lavoro, Economia, Turismo\",\"Prima Pagina\"],\"inLanguage\":\"fr-FR\"},{\"@type\":\"WebPage\",\"@id\":\"https:\\\/\\\/www.bellunopress.it\\\/2023\\\/12\\\/04\\\/il-convegno-competenze-energie-e-territori-attori-conoscenze-e-reti-per-le-competenze-nelle-realta-locali\\\/\",\"url\":\"https:\\\/\\\/www.bellunopress.it\\\/2023\\\/12\\\/04\\\/il-convegno-competenze-energie-e-territori-attori-conoscenze-e-reti-per-le-competenze-nelle-realta-locali\\\/\",\"name\":\"Il convegno. Competenze, energie e territori - Attori, conoscenze e reti per le competenze nelle realt\u00e0 locali - Bellunopress - Dolomiti\",\"isPartOf\":{\"@id\":\"https:\\\/\\\/www.bellunopress.it\\\/#website\"},\"primaryImageOfPage\":{\"@id\":\"https:\\\/\\\/www.bellunopress.it\\\/2023\\\/12\\\/04\\\/il-convegno-competenze-energie-e-territori-attori-conoscenze-e-reti-per-le-competenze-nelle-realta-locali\\\/#primaryimage\"},\"image\":{\"@id\":\"https:\\\/\\\/www.bellunopress.it\\\/2023\\\/12\\\/04\\\/il-convegno-competenze-energie-e-territori-attori-conoscenze-e-reti-per-le-competenze-nelle-realta-locali\\\/#primaryimage\"},\"thumbnailUrl\":\"https:\\\/\\\/www.bellunopress.it\\\/wp-content\\\/uploads\\\/2023\\\/12\\\/convegno-Camera-commercio_edited.jpg\",\"datePublished\":\"2023-12-04T15:09:42+00:00\",\"dateModified\":\"2023-12-04T15:11:55+00:00\",\"breadcrumb\":{\"@id\":\"https:\\\/\\\/www.bellunopress.it\\\/2023\\\/12\\\/04\\\/il-convegno-competenze-energie-e-territori-attori-conoscenze-e-reti-per-le-competenze-nelle-realta-locali\\\/#breadcrumb\"},\"inLanguage\":\"fr-FR\",\"potentialAction\":[{\"@type\":\"ReadAction\",\"target\":[\"https:\\\/\\\/www.bellunopress.it\\\/2023\\\/12\\\/04\\\/il-convegno-competenze-energie-e-territori-attori-conoscenze-e-reti-per-le-competenze-nelle-realta-locali\\\/\"]}]},{\"@type\":\"ImageObject\",\"inLanguage\":\"fr-FR\",\"@id\":\"https:\\\/\\\/www.bellunopress.it\\\/2023\\\/12\\\/04\\\/il-convegno-competenze-energie-e-territori-attori-conoscenze-e-reti-per-le-competenze-nelle-realta-locali\\\/#primaryimage\",\"url\":\"https:\\\/\\\/www.bellunopress.it\\\/wp-content\\\/uploads\\\/2023\\\/12\\\/convegno-Camera-commercio_edited.jpg\",\"contentUrl\":\"https:\\\/\\\/www.bellunopress.it\\\/wp-content\\\/uploads\\\/2023\\\/12\\\/convegno-Camera-commercio_edited.jpg\",\"width\":1000,\"height\":643},{\"@type\":\"BreadcrumbList\",\"@id\":\"https:\\\/\\\/www.bellunopress.it\\\/2023\\\/12\\\/04\\\/il-convegno-competenze-energie-e-territori-attori-conoscenze-e-reti-per-le-competenze-nelle-realta-locali\\\/#breadcrumb\",\"itemListElement\":[{\"@type\":\"ListItem\",\"position\":1,\"name\":\"Home\",\"item\":\"https:\\\/\\\/www.bellunopress.it\\\/\"},{\"@type\":\"ListItem\",\"position\":2,\"name\":\"Il convegno. Competenze, energie e territori &#8211; Attori, conoscenze e reti per le competenze nelle realt\u00e0 locali\"}]},{\"@type\":\"WebSite\",\"@id\":\"https:\\\/\\\/www.bellunopress.it\\\/#website\",\"url\":\"https:\\\/\\\/www.bellunopress.it\\\/\",\"name\":\"Bellunopress - Dolomiti\",\"description\":\"e-mail: redazione@bellunopress.it\",\"publisher\":{\"@id\":\"https:\\\/\\\/www.bellunopress.it\\\/#organization\"},\"potentialAction\":[{\"@type\":\"SearchAction\",\"target\":{\"@type\":\"EntryPoint\",\"urlTemplate\":\"https:\\\/\\\/www.bellunopress.it\\\/?s={search_term_string}\"},\"query-input\":{\"@type\":\"PropertyValueSpecification\",\"valueRequired\":true,\"valueName\":\"search_term_string\"}}],\"inLanguage\":\"fr-FR\"},{\"@type\":\"Organization\",\"@id\":\"https:\\\/\\\/www.bellunopress.it\\\/#organization\",\"name\":\"Bellunopress\",\"url\":\"https:\\\/\\\/www.bellunopress.it\\\/\",\"logo\":{\"@type\":\"ImageObject\",\"inLanguage\":\"fr-FR\",\"@id\":\"https:\\\/\\\/www.bellunopress.it\\\/#\\\/schema\\\/logo\\\/image\\\/\",\"url\":\"https:\\\/\\\/www.bellunopress.it\\\/wp-content\\\/uploads\\\/2011\\\/05\\\/cropped-logo-bellunopress-.jpg\",\"contentUrl\":\"https:\\\/\\\/www.bellunopress.it\\\/wp-content\\\/uploads\\\/2011\\\/05\\\/cropped-logo-bellunopress-.jpg\",\"width\":512,\"height\":512,\"caption\":\"Bellunopress\"},\"image\":{\"@id\":\"https:\\\/\\\/www.bellunopress.it\\\/#\\\/schema\\\/logo\\\/image\\\/\"},\"sameAs\":[\"https:\\\/\\\/www.facebook.com\\\/profile.php?id=100008943462799\",\"https:\\\/\\\/x.com\\\/bellunopress\",\"https:\\\/\\\/www.linkedin.com\\\/hp\\\/?dnr=JBzUWaJfMUw8vbXJJ2tVW5-I3jZKvC4wsoxE&amp;amp;amp;amp;amp;amp;trk=nav_responsive_tab_home\",\"https:\\\/\\\/www.youtube.com\\\/channel\\\/UCxL0wu1uN0_3_7hGG0306cw\"]},{\"@type\":\"Person\",\"@id\":\"https:\\\/\\\/www.bellunopress.it\\\/#\\\/schema\\\/person\\\/79bb06722b37ece1c03d3e94beb30d73\",\"name\":\"redazione\",\"image\":{\"@type\":\"ImageObject\",\"inLanguage\":\"fr-FR\",\"@id\":\"https:\\\/\\\/secure.gravatar.com\\\/avatar\\\/37d968a2e67a6fd04c169c4bdef102d0bc5d31b2546345219e348575eb80e9a0?s=96&d=mm&r=g\",\"url\":\"https:\\\/\\\/secure.gravatar.com\\\/avatar\\\/37d968a2e67a6fd04c169c4bdef102d0bc5d31b2546345219e348575eb80e9a0?s=96&d=mm&r=g\",\"contentUrl\":\"https:\\\/\\\/secure.gravatar.com\\\/avatar\\\/37d968a2e67a6fd04c169c4bdef102d0bc5d31b2546345219e348575eb80e9a0?s=96&d=mm&r=g\",\"caption\":\"redazione\"},\"sameAs\":[\"http:\\\/\\\/www.bellunopress.it\",\"https:\\\/\\\/x.com\\\/bellunopress\"],\"url\":\"https:\\\/\\\/www.bellunopress.it\\\/fr\\\/author\\\/redazione\\\/\"}]}<\/script>\n<!-- \/ Yoast SEO plugin. -->","yoast_head_json":{"title":"Il convegno. Competenze, energie e territori - Attori, conoscenze e reti per le competenze nelle realt\u00e0 locali - Bellunopress - Dolomiti","robots":{"index":"index","follow":"follow","max-snippet":"max-snippet:-1","max-image-preview":"max-image-preview:large","max-video-preview":"max-video-preview:-1"},"canonical":"https:\/\/www.bellunopress.it\/fr\/2023\/12\/04\/il-convegno-competenze-energie-e-territori-attori-conoscenze-e-reti-per-le-competenze-nelle-realta-locali\/","og_locale":"fr_FR","og_type":"article","og_title":"Il convegno. Competenze, energie e territori - Attori, conoscenze e reti per le competenze nelle realt\u00e0 locali - Bellunopress - Dolomiti","og_description":"Fare del Bellunese un&#8217;area ad alto contenuto di conoscenze innovative per affrontare le sfide del mercato globale: in Camera di Commercio le proposte per una nuova competitivit\u00e0 del nostro territorio nell&#8217;evento per l&#8217;Anno Europeo delle Competenze. Tra i protagonisti il professor Giulio Buciuni, autore con Giancarlo Cor\u00f2 del best seller \u201cPeriferie competitive\u201d. Belluno, 4 dicembre [&hellip;]","og_url":"https:\/\/www.bellunopress.it\/fr\/2023\/12\/04\/il-convegno-competenze-energie-e-territori-attori-conoscenze-e-reti-per-le-competenze-nelle-realta-locali\/","og_site_name":"Bellunopress - Dolomiti","article_publisher":"https:\/\/www.facebook.com\/profile.php?id=100008943462799","article_published_time":"2023-12-04T15:09:42+00:00","article_modified_time":"2023-12-04T15:11:55+00:00","og_image":[{"width":1000,"height":643,"url":"https:\/\/www.bellunopress.it\/wp-content\/uploads\/2023\/12\/convegno-Camera-commercio_edited.jpg","type":"image\/jpeg"}],"author":"redazione","twitter_card":"summary_large_image","twitter_creator":"@bellunopress","twitter_site":"@bellunopress","twitter_misc":{"Written by":"redazione","Est. reading time":"3 minutes"},"schema":{"@context":"https:\/\/schema.org","@graph":[{"@type":"Article","@id":"https:\/\/www.bellunopress.it\/2023\/12\/04\/il-convegno-competenze-energie-e-territori-attori-conoscenze-e-reti-per-le-competenze-nelle-realta-locali\/#article","isPartOf":{"@id":"https:\/\/www.bellunopress.it\/2023\/12\/04\/il-convegno-competenze-energie-e-territori-attori-conoscenze-e-reti-per-le-competenze-nelle-realta-locali\/"},"author":{"name":"redazione","@id":"https:\/\/www.bellunopress.it\/#\/schema\/person\/79bb06722b37ece1c03d3e94beb30d73"},"headline":"Il convegno. Competenze, energie e territori &#8211; Attori, conoscenze e reti per le competenze nelle realt\u00e0 locali","datePublished":"2023-12-04T15:09:42+00:00","dateModified":"2023-12-04T15:11:55+00:00","mainEntityOfPage":{"@id":"https:\/\/www.bellunopress.it\/2023\/12\/04\/il-convegno-competenze-energie-e-territori-attori-conoscenze-e-reti-per-le-competenze-nelle-realta-locali\/"},"wordCount":626,"publisher":{"@id":"https:\/\/www.bellunopress.it\/#organization"},"image":{"@id":"https:\/\/www.bellunopress.it\/2023\/12\/04\/il-convegno-competenze-energie-e-territori-attori-conoscenze-e-reti-per-le-competenze-nelle-realta-locali\/#primaryimage"},"thumbnailUrl":"https:\/\/www.bellunopress.it\/wp-content\/uploads\/2023\/12\/convegno-Camera-commercio_edited.jpg","articleSection":["Lavoro, Economia, Turismo","Prima Pagina"],"inLanguage":"fr-FR"},{"@type":"WebPage","@id":"https:\/\/www.bellunopress.it\/2023\/12\/04\/il-convegno-competenze-energie-e-territori-attori-conoscenze-e-reti-per-le-competenze-nelle-realta-locali\/","url":"https:\/\/www.bellunopress.it\/2023\/12\/04\/il-convegno-competenze-energie-e-territori-attori-conoscenze-e-reti-per-le-competenze-nelle-realta-locali\/","name":"Il convegno. Competenze, energie e territori - Attori, conoscenze e reti per le competenze nelle realt\u00e0 locali - Bellunopress - Dolomiti","isPartOf":{"@id":"https:\/\/www.bellunopress.it\/#website"},"primaryImageOfPage":{"@id":"https:\/\/www.bellunopress.it\/2023\/12\/04\/il-convegno-competenze-energie-e-territori-attori-conoscenze-e-reti-per-le-competenze-nelle-realta-locali\/#primaryimage"},"image":{"@id":"https:\/\/www.bellunopress.it\/2023\/12\/04\/il-convegno-competenze-energie-e-territori-attori-conoscenze-e-reti-per-le-competenze-nelle-realta-locali\/#primaryimage"},"thumbnailUrl":"https:\/\/www.bellunopress.it\/wp-content\/uploads\/2023\/12\/convegno-Camera-commercio_edited.jpg","datePublished":"2023-12-04T15:09:42+00:00","dateModified":"2023-12-04T15:11:55+00:00","breadcrumb":{"@id":"https:\/\/www.bellunopress.it\/2023\/12\/04\/il-convegno-competenze-energie-e-territori-attori-conoscenze-e-reti-per-le-competenze-nelle-realta-locali\/#breadcrumb"},"inLanguage":"fr-FR","potentialAction":[{"@type":"ReadAction","target":["https:\/\/www.bellunopress.it\/2023\/12\/04\/il-convegno-competenze-energie-e-territori-attori-conoscenze-e-reti-per-le-competenze-nelle-realta-locali\/"]}]},{"@type":"ImageObject","inLanguage":"fr-FR","@id":"https:\/\/www.bellunopress.it\/2023\/12\/04\/il-convegno-competenze-energie-e-territori-attori-conoscenze-e-reti-per-le-competenze-nelle-realta-locali\/#primaryimage","url":"https:\/\/www.bellunopress.it\/wp-content\/uploads\/2023\/12\/convegno-Camera-commercio_edited.jpg","contentUrl":"https:\/\/www.bellunopress.it\/wp-content\/uploads\/2023\/12\/convegno-Camera-commercio_edited.jpg","width":1000,"height":643},{"@type":"BreadcrumbList","@id":"https:\/\/www.bellunopress.it\/2023\/12\/04\/il-convegno-competenze-energie-e-territori-attori-conoscenze-e-reti-per-le-competenze-nelle-realta-locali\/#breadcrumb","itemListElement":[{"@type":"ListItem","position":1,"name":"Home","item":"https:\/\/www.bellunopress.it\/"},{"@type":"ListItem","position":2,"name":"Il convegno. Competenze, energie e territori &#8211; Attori, conoscenze e reti per le competenze nelle realt\u00e0 locali"}]},{"@type":"WebSite","@id":"https:\/\/www.bellunopress.it\/#website","url":"https:\/\/www.bellunopress.it\/","name":"Bellunopress - Dolomiti","description":"e-mail: redazione@bellunopress.it","publisher":{"@id":"https:\/\/www.bellunopress.it\/#organization"},"potentialAction":[{"@type":"SearchAction","target":{"@type":"EntryPoint","urlTemplate":"https:\/\/www.bellunopress.it\/?s={search_term_string}"},"query-input":{"@type":"PropertyValueSpecification","valueRequired":true,"valueName":"search_term_string"}}],"inLanguage":"fr-FR"},{"@type":"Organization","@id":"https:\/\/www.bellunopress.it\/#organization","name":"Bellunopress","url":"https:\/\/www.bellunopress.it\/","logo":{"@type":"ImageObject","inLanguage":"fr-FR","@id":"https:\/\/www.bellunopress.it\/#\/schema\/logo\/image\/","url":"https:\/\/www.bellunopress.it\/wp-content\/uploads\/2011\/05\/cropped-logo-bellunopress-.jpg","contentUrl":"https:\/\/www.bellunopress.it\/wp-content\/uploads\/2011\/05\/cropped-logo-bellunopress-.jpg","width":512,"height":512,"caption":"Bellunopress"},"image":{"@id":"https:\/\/www.bellunopress.it\/#\/schema\/logo\/image\/"},"sameAs":["https:\/\/www.facebook.com\/profile.php?id=100008943462799","https:\/\/x.com\/bellunopress","https:\/\/www.linkedin.com\/hp\/?dnr=JBzUWaJfMUw8vbXJJ2tVW5-I3jZKvC4wsoxE&amp;amp;amp;amp;amp;amp;trk=nav_responsive_tab_home","https:\/\/www.youtube.com\/channel\/UCxL0wu1uN0_3_7hGG0306cw"]},{"@type":"Person","@id":"https:\/\/www.bellunopress.it\/#\/schema\/person\/79bb06722b37ece1c03d3e94beb30d73","name":"r\u00e9daction","image":{"@type":"ImageObject","inLanguage":"fr-FR","@id":"https:\/\/secure.gravatar.com\/avatar\/37d968a2e67a6fd04c169c4bdef102d0bc5d31b2546345219e348575eb80e9a0?s=96&d=mm&r=g","url":"https:\/\/secure.gravatar.com\/avatar\/37d968a2e67a6fd04c169c4bdef102d0bc5d31b2546345219e348575eb80e9a0?s=96&d=mm&r=g","contentUrl":"https:\/\/secure.gravatar.com\/avatar\/37d968a2e67a6fd04c169c4bdef102d0bc5d31b2546345219e348575eb80e9a0?s=96&d=mm&r=g","caption":"redazione"},"sameAs":["http:\/\/www.bellunopress.it","https:\/\/x.com\/bellunopress"],"url":"https:\/\/www.bellunopress.it\/fr\/author\/redazione\/"}]}},"_links":{"self":[{"href":"https:\/\/www.bellunopress.it\/fr\/wp-json\/wp\/v2\/posts\/146451","targetHints":{"allow":["GET"]}}],"collection":[{"href":"https:\/\/www.bellunopress.it\/fr\/wp-json\/wp\/v2\/posts"}],"about":[{"href":"https:\/\/www.bellunopress.it\/fr\/wp-json\/wp\/v2\/types\/post"}],"author":[{"embeddable":true,"href":"https:\/\/www.bellunopress.it\/fr\/wp-json\/wp\/v2\/users\/2"}],"replies":[{"embeddable":true,"href":"https:\/\/www.bellunopress.it\/fr\/wp-json\/wp\/v2\/comments?post=146451"}],"version-history":[{"count":3,"href":"https:\/\/www.bellunopress.it\/fr\/wp-json\/wp\/v2\/posts\/146451\/revisions"}],"predecessor-version":[{"id":146455,"href":"https:\/\/www.bellunopress.it\/fr\/wp-json\/wp\/v2\/posts\/146451\/revisions\/146455"}],"wp:featuredmedia":[{"embeddable":true,"href":"https:\/\/www.bellunopress.it\/fr\/wp-json\/wp\/v2\/media\/146452"}],"wp:attachment":[{"href":"https:\/\/www.bellunopress.it\/fr\/wp-json\/wp\/v2\/media?parent=146451"}],"wp:term":[{"taxonomy":"category","embeddable":true,"href":"https:\/\/www.bellunopress.it\/fr\/wp-json\/wp\/v2\/categories?post=146451"},{"taxonomy":"post_tag","embeddable":true,"href":"https:\/\/www.bellunopress.it\/fr\/wp-json\/wp\/v2\/tags?post=146451"}],"curies":[{"name":"wp","href":"https:\/\/api.w.org\/{rel}","templated":true}]}}