{"id":146449,"date":"2023-12-04T15:56:48","date_gmt":"2023-12-04T14:56:48","guid":{"rendered":"https:\/\/www.bellunopress.it\/?p=146449"},"modified":"2023-12-04T18:33:36","modified_gmt":"2023-12-04T17:33:36","slug":"belluno-44ma-nella-classifica-qualita-della-vita-del-sole-24-ore","status":"publish","type":"post","link":"https:\/\/www.bellunopress.it\/fr\/2023\/12\/04\/belluno-44ma-nella-classifica-qualita-della-vita-del-sole-24-ore\/","title":{"rendered":"Belluno 44ma nella classifica qualit\u00e0 della vita del Sole 24 Ore"},"content":{"rendered":"<figure id=\"attachment_132392\" aria-describedby=\"caption-attachment-132392\" style=\"width: 1000px\" class=\"wp-caption alignleft\"><img loading=\"lazy\" decoding=\"async\" class=\"size-full wp-image-132392\" src=\"https:\/\/www.bellunopress.it\/wp-content\/uploads\/2022\/03\/Roberto-Padrin_edited.jpg\" alt=\"\" width=\"1000\" height=\"704\" srcset=\"https:\/\/www.bellunopress.it\/wp-content\/uploads\/2022\/03\/Roberto-Padrin_edited.jpg 1000w, https:\/\/www.bellunopress.it\/wp-content\/uploads\/2022\/03\/Roberto-Padrin_edited-500x352.jpg 500w, https:\/\/www.bellunopress.it\/wp-content\/uploads\/2022\/03\/Roberto-Padrin_edited-696x490.jpg 696w, https:\/\/www.bellunopress.it\/wp-content\/uploads\/2022\/03\/Roberto-Padrin_edited-597x420.jpg 597w, https:\/\/www.bellunopress.it\/wp-content\/uploads\/2022\/03\/Roberto-Padrin_edited-100x70.jpg 100w\" sizes=\"auto, (max-width: 1000px) 100vw, 1000px\" \/><figcaption id=\"caption-attachment-132392\" class=\"wp-caption-text\">Roberto Padrin, presidente della Provincia<\/figcaption><\/figure>\n<p><em><strong>Bene \u201caffari e lavoro\u201d, \u201cricchezza e consumi\u201d, \u201cgiustizia e sicurezza\u201d. Male \u201cdemografia e societ\u00e0\u201d<\/strong><\/em><br \/>\n<em><strong>Padrin: \u00abPenalizzati ancora una volta dallo spopolamento. Ma non stracciamoci le vesti per questa graduatoria\u00bb<\/strong><\/em><\/p>\n<p>\u00abLe classifiche dicono alcune cose, ma non sono in grado di raccontare tutto. Ricordo che Napoleone Bonaparte usc\u00ec dall\u2019accademia militare classificandosi quarantaduesimo su 58 allievi. Poi sappiamo tutti quello che \u00e8 diventato\u00bb.<\/p>\n<p>\u00c8 quanto afferma il presidente della Provincia di Belluno, Roberto Padrin, commentando la graduatoria della qualit\u00e0 della vita stilata come ogni anno dal Sole 24 Ore. Una graduatoria che vede la provincia di Belluno al 44\u00b0 posto, in calo di 9 posizioni rispetto a un anno fa.<\/p>\n<p>Il Bellunese sale sulle posizioni pi\u00f9 alte nella categoria \u201cgiustizia e sicurezza\u201d, dove viene confermato l\u2019elevato livello di sicurezza del territorio; in \u201cricchezza e consumi\u201d, per la capacit\u00e0 di risparmio delle famiglie, per la bassissima incidenza di redditi di cittadinanza, e per i depositi bancari; e anche in \u201caffari e lavoro\u201d, dove spiccano l\u2019export bellunese e la bassa incidenza di giovani che non studiano n\u00e9 lavorano.<\/p>\n<p>I punteggi penalizzanti invece sono concentrati nella categoria \u201cdemografia e societ\u00e0\u201d, dove pesano in negativo il quoziente di natalit\u00e0, il tasso di fecondit\u00e0, l\u2019indice di dipendenza e la scarsit\u00e0 di medici. Infine, penalizzante anche l\u2019indice climatico, che vede il Bellunese indietro per il numero di giorni di sole.<\/p>\n<p>\u00abLo spopolamento \u00e8 il vero problema del nostro territorio e la classifica questo lo evidenzia in maniera chiara\u00bb commenta il presidente Padrin. \u00abPer il resto direi che c\u2019\u00e8 sostanziale stabilit\u00e0 rispetto agli ultimi anni. La graduatoria sottolinea la sicurezza del Bellunese e la capacit\u00e0 di dare lavoro. Dobbiamo impegnarci perch\u00e9 queste caratteristiche non cambino. E anche per aumentare il livello di servizi per i cittadini: per fare questo bisogna agire sul differenziale montagna, nella consapevolezza &#8211; da trasmettere allo Stato &#8211; che nelle terre alte i costi sono pi\u00f9 elevati\u00bb.<\/p>","protected":false},"excerpt":{"rendered":"<p>Bene \u201caffari e lavoro\u201d, \u201cricchezza e consumi\u201d, \u201cgiustizia e sicurezza\u201d. Male \u201cdemografia e societ\u00e0\u201d Padrin: \u00abPenalizzati ancora una volta dallo spopolamento. Ma non stracciamoci le vesti per questa graduatoria\u00bb \u00abLe classifiche dicono alcune cose, ma non sono in grado di raccontare tutto. Ricordo che Napoleone Bonaparte usc\u00ec dall\u2019accademia militare classificandosi quarantaduesimo su 58 allievi. Poi [&hellip;]<\/p>\n","protected":false},"author":2,"featured_media":114481,"comment_status":"closed","ping_status":"open","sticky":false,"template":"","format":"standard","meta":{"footnotes":""},"categories":[5,36,26],"tags":[],"class_list":["post-146449","post","type-post","status-publish","format-standard","has-post-thumbnail","category-cronaca","category-lavoro-economia","category-prima-pagina"],"yoast_head":"<!-- This site is optimized with the Yoast SEO plugin v28.4 - https:\/\/yoast.com\/product\/yoast-seo-wordpress\/ -->\n<title>Belluno 44ma nella classifica qualit\u00e0 della vita del Sole 24 Ore - Bellunopress - Dolomiti<\/title>\n<meta name=\"robots\" content=\"index, follow, max-snippet:-1, max-image-preview:large, max-video-preview:-1\" \/>\n<link rel=\"canonical\" href=\"https:\/\/www.bellunopress.it\/fr\/2023\/12\/04\/belluno-44ma-nella-classifica-qualita-della-vita-del-sole-24-ore\/\" \/>\n<meta property=\"og:locale\" content=\"fr_FR\" \/>\n<meta property=\"og:type\" content=\"article\" \/>\n<meta property=\"og:title\" content=\"Belluno 44ma nella classifica qualit\u00e0 della vita del Sole 24 Ore - Bellunopress - Dolomiti\" \/>\n<meta property=\"og:description\" content=\"Bene \u201caffari e lavoro\u201d, \u201cricchezza e consumi\u201d, \u201cgiustizia e sicurezza\u201d. Male \u201cdemografia e societ\u00e0\u201d Padrin: \u00abPenalizzati ancora una volta dallo spopolamento. Ma non stracciamoci le vesti per questa graduatoria\u00bb \u00abLe classifiche dicono alcune cose, ma non sono in grado di raccontare tutto. Ricordo che Napoleone Bonaparte usc\u00ec dall\u2019accademia militare classificandosi quarantaduesimo su 58 allievi. Poi [&hellip;]\" \/>\n<meta property=\"og:url\" content=\"https:\/\/www.bellunopress.it\/fr\/2023\/12\/04\/belluno-44ma-nella-classifica-qualita-della-vita-del-sole-24-ore\/\" \/>\n<meta property=\"og:site_name\" content=\"Bellunopress - Dolomiti\" \/>\n<meta property=\"article:publisher\" content=\"https:\/\/www.facebook.com\/profile.php?id=100008943462799\" \/>\n<meta property=\"article:published_time\" content=\"2023-12-04T14:56:48+00:00\" \/>\n<meta property=\"article:modified_time\" content=\"2023-12-04T17:33:36+00:00\" \/>\n<meta property=\"og:image\" content=\"https:\/\/www.bellunopress.it\/wp-content\/uploads\/2020\/05\/roberto-padrin_edited-1.jpg\" \/>\n\t<meta property=\"og:image:width\" content=\"800\" \/>\n\t<meta property=\"og:image:height\" content=\"595\" \/>\n\t<meta property=\"og:image:type\" content=\"image\/jpeg\" \/>\n<meta name=\"author\" content=\"redazione\" \/>\n<meta name=\"twitter:card\" content=\"summary_large_image\" \/>\n<meta name=\"twitter:creator\" content=\"@bellunopress\" \/>\n<meta name=\"twitter:site\" content=\"@bellunopress\" \/>\n<meta name=\"twitter:label1\" content=\"Written by\" \/>\n\t<meta name=\"twitter:data1\" content=\"redazione\" \/>\n\t<meta name=\"twitter:label2\" content=\"Est. reading time\" \/>\n\t<meta name=\"twitter:data2\" content=\"2 minutes\" \/>\n<script type=\"application\/ld+json\" class=\"yoast-schema-graph\">{\"@context\":\"https:\\\/\\\/schema.org\",\"@graph\":[{\"@type\":\"Article\",\"@id\":\"https:\\\/\\\/www.bellunopress.it\\\/2023\\\/12\\\/04\\\/belluno-44ma-nella-classifica-qualita-della-vita-del-sole-24-ore\\\/#article\",\"isPartOf\":{\"@id\":\"https:\\\/\\\/www.bellunopress.it\\\/2023\\\/12\\\/04\\\/belluno-44ma-nella-classifica-qualita-della-vita-del-sole-24-ore\\\/\"},\"author\":{\"name\":\"redazione\",\"@id\":\"https:\\\/\\\/www.bellunopress.it\\\/#\\\/schema\\\/person\\\/79bb06722b37ece1c03d3e94beb30d73\"},\"headline\":\"Belluno 44ma nella classifica qualit\u00e0 della vita del Sole 24 Ore\",\"datePublished\":\"2023-12-04T14:56:48+00:00\",\"dateModified\":\"2023-12-04T17:33:36+00:00\",\"mainEntityOfPage\":{\"@id\":\"https:\\\/\\\/www.bellunopress.it\\\/2023\\\/12\\\/04\\\/belluno-44ma-nella-classifica-qualita-della-vita-del-sole-24-ore\\\/\"},\"wordCount\":332,\"publisher\":{\"@id\":\"https:\\\/\\\/www.bellunopress.it\\\/#organization\"},\"image\":{\"@id\":\"https:\\\/\\\/www.bellunopress.it\\\/2023\\\/12\\\/04\\\/belluno-44ma-nella-classifica-qualita-della-vita-del-sole-24-ore\\\/#primaryimage\"},\"thumbnailUrl\":\"https:\\\/\\\/www.bellunopress.it\\\/wp-content\\\/uploads\\\/2020\\\/05\\\/roberto-padrin_edited-1.jpg\",\"articleSection\":[\"Cronaca\\\/Politica\",\"Lavoro, Economia, Turismo\",\"Prima Pagina\"],\"inLanguage\":\"fr-FR\"},{\"@type\":\"WebPage\",\"@id\":\"https:\\\/\\\/www.bellunopress.it\\\/2023\\\/12\\\/04\\\/belluno-44ma-nella-classifica-qualita-della-vita-del-sole-24-ore\\\/\",\"url\":\"https:\\\/\\\/www.bellunopress.it\\\/2023\\\/12\\\/04\\\/belluno-44ma-nella-classifica-qualita-della-vita-del-sole-24-ore\\\/\",\"name\":\"Belluno 44ma nella classifica qualit\u00e0 della vita del Sole 24 Ore - Bellunopress - Dolomiti\",\"isPartOf\":{\"@id\":\"https:\\\/\\\/www.bellunopress.it\\\/#website\"},\"primaryImageOfPage\":{\"@id\":\"https:\\\/\\\/www.bellunopress.it\\\/2023\\\/12\\\/04\\\/belluno-44ma-nella-classifica-qualita-della-vita-del-sole-24-ore\\\/#primaryimage\"},\"image\":{\"@id\":\"https:\\\/\\\/www.bellunopress.it\\\/2023\\\/12\\\/04\\\/belluno-44ma-nella-classifica-qualita-della-vita-del-sole-24-ore\\\/#primaryimage\"},\"thumbnailUrl\":\"https:\\\/\\\/www.bellunopress.it\\\/wp-content\\\/uploads\\\/2020\\\/05\\\/roberto-padrin_edited-1.jpg\",\"datePublished\":\"2023-12-04T14:56:48+00:00\",\"dateModified\":\"2023-12-04T17:33:36+00:00\",\"breadcrumb\":{\"@id\":\"https:\\\/\\\/www.bellunopress.it\\\/2023\\\/12\\\/04\\\/belluno-44ma-nella-classifica-qualita-della-vita-del-sole-24-ore\\\/#breadcrumb\"},\"inLanguage\":\"fr-FR\",\"potentialAction\":[{\"@type\":\"ReadAction\",\"target\":[\"https:\\\/\\\/www.bellunopress.it\\\/2023\\\/12\\\/04\\\/belluno-44ma-nella-classifica-qualita-della-vita-del-sole-24-ore\\\/\"]}]},{\"@type\":\"ImageObject\",\"inLanguage\":\"fr-FR\",\"@id\":\"https:\\\/\\\/www.bellunopress.it\\\/2023\\\/12\\\/04\\\/belluno-44ma-nella-classifica-qualita-della-vita-del-sole-24-ore\\\/#primaryimage\",\"url\":\"https:\\\/\\\/www.bellunopress.it\\\/wp-content\\\/uploads\\\/2020\\\/05\\\/roberto-padrin_edited-1.jpg\",\"contentUrl\":\"https:\\\/\\\/www.bellunopress.it\\\/wp-content\\\/uploads\\\/2020\\\/05\\\/roberto-padrin_edited-1.jpg\",\"width\":800,\"height\":595,\"caption\":\"Roberto Padrin - Presidente della Provincia\"},{\"@type\":\"BreadcrumbList\",\"@id\":\"https:\\\/\\\/www.bellunopress.it\\\/2023\\\/12\\\/04\\\/belluno-44ma-nella-classifica-qualita-della-vita-del-sole-24-ore\\\/#breadcrumb\",\"itemListElement\":[{\"@type\":\"ListItem\",\"position\":1,\"name\":\"Home\",\"item\":\"https:\\\/\\\/www.bellunopress.it\\\/\"},{\"@type\":\"ListItem\",\"position\":2,\"name\":\"Belluno 44ma nella classifica qualit\u00e0 della vita del Sole 24 Ore\"}]},{\"@type\":\"WebSite\",\"@id\":\"https:\\\/\\\/www.bellunopress.it\\\/#website\",\"url\":\"https:\\\/\\\/www.bellunopress.it\\\/\",\"name\":\"Bellunopress - Dolomiti\",\"description\":\"e-mail: redazione@bellunopress.it\",\"publisher\":{\"@id\":\"https:\\\/\\\/www.bellunopress.it\\\/#organization\"},\"potentialAction\":[{\"@type\":\"SearchAction\",\"target\":{\"@type\":\"EntryPoint\",\"urlTemplate\":\"https:\\\/\\\/www.bellunopress.it\\\/?s={search_term_string}\"},\"query-input\":{\"@type\":\"PropertyValueSpecification\",\"valueRequired\":true,\"valueName\":\"search_term_string\"}}],\"inLanguage\":\"fr-FR\"},{\"@type\":\"Organization\",\"@id\":\"https:\\\/\\\/www.bellunopress.it\\\/#organization\",\"name\":\"Bellunopress\",\"url\":\"https:\\\/\\\/www.bellunopress.it\\\/\",\"logo\":{\"@type\":\"ImageObject\",\"inLanguage\":\"fr-FR\",\"@id\":\"https:\\\/\\\/www.bellunopress.it\\\/#\\\/schema\\\/logo\\\/image\\\/\",\"url\":\"https:\\\/\\\/www.bellunopress.it\\\/wp-content\\\/uploads\\\/2011\\\/05\\\/cropped-logo-bellunopress-.jpg\",\"contentUrl\":\"https:\\\/\\\/www.bellunopress.it\\\/wp-content\\\/uploads\\\/2011\\\/05\\\/cropped-logo-bellunopress-.jpg\",\"width\":512,\"height\":512,\"caption\":\"Bellunopress\"},\"image\":{\"@id\":\"https:\\\/\\\/www.bellunopress.it\\\/#\\\/schema\\\/logo\\\/image\\\/\"},\"sameAs\":[\"https:\\\/\\\/www.facebook.com\\\/profile.php?id=100008943462799\",\"https:\\\/\\\/x.com\\\/bellunopress\",\"https:\\\/\\\/www.linkedin.com\\\/hp\\\/?dnr=JBzUWaJfMUw8vbXJJ2tVW5-I3jZKvC4wsoxE&amp;amp;amp;amp;amp;amp;trk=nav_responsive_tab_home\",\"https:\\\/\\\/www.youtube.com\\\/channel\\\/UCxL0wu1uN0_3_7hGG0306cw\"]},{\"@type\":\"Person\",\"@id\":\"https:\\\/\\\/www.bellunopress.it\\\/#\\\/schema\\\/person\\\/79bb06722b37ece1c03d3e94beb30d73\",\"name\":\"redazione\",\"image\":{\"@type\":\"ImageObject\",\"inLanguage\":\"fr-FR\",\"@id\":\"https:\\\/\\\/secure.gravatar.com\\\/avatar\\\/37d968a2e67a6fd04c169c4bdef102d0bc5d31b2546345219e348575eb80e9a0?s=96&d=mm&r=g\",\"url\":\"https:\\\/\\\/secure.gravatar.com\\\/avatar\\\/37d968a2e67a6fd04c169c4bdef102d0bc5d31b2546345219e348575eb80e9a0?s=96&d=mm&r=g\",\"contentUrl\":\"https:\\\/\\\/secure.gravatar.com\\\/avatar\\\/37d968a2e67a6fd04c169c4bdef102d0bc5d31b2546345219e348575eb80e9a0?s=96&d=mm&r=g\",\"caption\":\"redazione\"},\"sameAs\":[\"http:\\\/\\\/www.bellunopress.it\",\"https:\\\/\\\/x.com\\\/bellunopress\"],\"url\":\"https:\\\/\\\/www.bellunopress.it\\\/fr\\\/author\\\/redazione\\\/\"}]}<\/script>\n<!-- \/ Yoast SEO plugin. -->","yoast_head_json":{"title":"Belluno 44ma nella classifica qualit\u00e0 della vita del Sole 24 Ore - Bellunopress - Dolomiti","robots":{"index":"index","follow":"follow","max-snippet":"max-snippet:-1","max-image-preview":"max-image-preview:large","max-video-preview":"max-video-preview:-1"},"canonical":"https:\/\/www.bellunopress.it\/fr\/2023\/12\/04\/belluno-44ma-nella-classifica-qualita-della-vita-del-sole-24-ore\/","og_locale":"fr_FR","og_type":"article","og_title":"Belluno 44ma nella classifica qualit\u00e0 della vita del Sole 24 Ore - Bellunopress - Dolomiti","og_description":"Bene \u201caffari e lavoro\u201d, \u201cricchezza e consumi\u201d, \u201cgiustizia e sicurezza\u201d. Male \u201cdemografia e societ\u00e0\u201d Padrin: \u00abPenalizzati ancora una volta dallo spopolamento. Ma non stracciamoci le vesti per questa graduatoria\u00bb \u00abLe classifiche dicono alcune cose, ma non sono in grado di raccontare tutto. Ricordo che Napoleone Bonaparte usc\u00ec dall\u2019accademia militare classificandosi quarantaduesimo su 58 allievi. Poi [&hellip;]","og_url":"https:\/\/www.bellunopress.it\/fr\/2023\/12\/04\/belluno-44ma-nella-classifica-qualita-della-vita-del-sole-24-ore\/","og_site_name":"Bellunopress - Dolomiti","article_publisher":"https:\/\/www.facebook.com\/profile.php?id=100008943462799","article_published_time":"2023-12-04T14:56:48+00:00","article_modified_time":"2023-12-04T17:33:36+00:00","og_image":[{"width":800,"height":595,"url":"https:\/\/www.bellunopress.it\/wp-content\/uploads\/2020\/05\/roberto-padrin_edited-1.jpg","type":"image\/jpeg"}],"author":"redazione","twitter_card":"summary_large_image","twitter_creator":"@bellunopress","twitter_site":"@bellunopress","twitter_misc":{"Written by":"redazione","Est. reading time":"2 minutes"},"schema":{"@context":"https:\/\/schema.org","@graph":[{"@type":"Article","@id":"https:\/\/www.bellunopress.it\/2023\/12\/04\/belluno-44ma-nella-classifica-qualita-della-vita-del-sole-24-ore\/#article","isPartOf":{"@id":"https:\/\/www.bellunopress.it\/2023\/12\/04\/belluno-44ma-nella-classifica-qualita-della-vita-del-sole-24-ore\/"},"author":{"name":"redazione","@id":"https:\/\/www.bellunopress.it\/#\/schema\/person\/79bb06722b37ece1c03d3e94beb30d73"},"headline":"Belluno 44ma nella classifica qualit\u00e0 della vita del Sole 24 Ore","datePublished":"2023-12-04T14:56:48+00:00","dateModified":"2023-12-04T17:33:36+00:00","mainEntityOfPage":{"@id":"https:\/\/www.bellunopress.it\/2023\/12\/04\/belluno-44ma-nella-classifica-qualita-della-vita-del-sole-24-ore\/"},"wordCount":332,"publisher":{"@id":"https:\/\/www.bellunopress.it\/#organization"},"image":{"@id":"https:\/\/www.bellunopress.it\/2023\/12\/04\/belluno-44ma-nella-classifica-qualita-della-vita-del-sole-24-ore\/#primaryimage"},"thumbnailUrl":"https:\/\/www.bellunopress.it\/wp-content\/uploads\/2020\/05\/roberto-padrin_edited-1.jpg","articleSection":["Cronaca\/Politica","Lavoro, Economia, Turismo","Prima Pagina"],"inLanguage":"fr-FR"},{"@type":"WebPage","@id":"https:\/\/www.bellunopress.it\/2023\/12\/04\/belluno-44ma-nella-classifica-qualita-della-vita-del-sole-24-ore\/","url":"https:\/\/www.bellunopress.it\/2023\/12\/04\/belluno-44ma-nella-classifica-qualita-della-vita-del-sole-24-ore\/","name":"Belluno 44ma nella classifica qualit\u00e0 della vita del Sole 24 Ore - Bellunopress - Dolomiti","isPartOf":{"@id":"https:\/\/www.bellunopress.it\/#website"},"primaryImageOfPage":{"@id":"https:\/\/www.bellunopress.it\/2023\/12\/04\/belluno-44ma-nella-classifica-qualita-della-vita-del-sole-24-ore\/#primaryimage"},"image":{"@id":"https:\/\/www.bellunopress.it\/2023\/12\/04\/belluno-44ma-nella-classifica-qualita-della-vita-del-sole-24-ore\/#primaryimage"},"thumbnailUrl":"https:\/\/www.bellunopress.it\/wp-content\/uploads\/2020\/05\/roberto-padrin_edited-1.jpg","datePublished":"2023-12-04T14:56:48+00:00","dateModified":"2023-12-04T17:33:36+00:00","breadcrumb":{"@id":"https:\/\/www.bellunopress.it\/2023\/12\/04\/belluno-44ma-nella-classifica-qualita-della-vita-del-sole-24-ore\/#breadcrumb"},"inLanguage":"fr-FR","potentialAction":[{"@type":"ReadAction","target":["https:\/\/www.bellunopress.it\/2023\/12\/04\/belluno-44ma-nella-classifica-qualita-della-vita-del-sole-24-ore\/"]}]},{"@type":"ImageObject","inLanguage":"fr-FR","@id":"https:\/\/www.bellunopress.it\/2023\/12\/04\/belluno-44ma-nella-classifica-qualita-della-vita-del-sole-24-ore\/#primaryimage","url":"https:\/\/www.bellunopress.it\/wp-content\/uploads\/2020\/05\/roberto-padrin_edited-1.jpg","contentUrl":"https:\/\/www.bellunopress.it\/wp-content\/uploads\/2020\/05\/roberto-padrin_edited-1.jpg","width":800,"height":595,"caption":"Roberto Padrin - Presidente della Provincia"},{"@type":"BreadcrumbList","@id":"https:\/\/www.bellunopress.it\/2023\/12\/04\/belluno-44ma-nella-classifica-qualita-della-vita-del-sole-24-ore\/#breadcrumb","itemListElement":[{"@type":"ListItem","position":1,"name":"Home","item":"https:\/\/www.bellunopress.it\/"},{"@type":"ListItem","position":2,"name":"Belluno 44ma nella classifica qualit\u00e0 della vita del Sole 24 Ore"}]},{"@type":"WebSite","@id":"https:\/\/www.bellunopress.it\/#website","url":"https:\/\/www.bellunopress.it\/","name":"Bellunopress - Dolomiti","description":"e-mail: redazione@bellunopress.it","publisher":{"@id":"https:\/\/www.bellunopress.it\/#organization"},"potentialAction":[{"@type":"SearchAction","target":{"@type":"EntryPoint","urlTemplate":"https:\/\/www.bellunopress.it\/?s={search_term_string}"},"query-input":{"@type":"PropertyValueSpecification","valueRequired":true,"valueName":"search_term_string"}}],"inLanguage":"fr-FR"},{"@type":"Organization","@id":"https:\/\/www.bellunopress.it\/#organization","name":"Bellunopress","url":"https:\/\/www.bellunopress.it\/","logo":{"@type":"ImageObject","inLanguage":"fr-FR","@id":"https:\/\/www.bellunopress.it\/#\/schema\/logo\/image\/","url":"https:\/\/www.bellunopress.it\/wp-content\/uploads\/2011\/05\/cropped-logo-bellunopress-.jpg","contentUrl":"https:\/\/www.bellunopress.it\/wp-content\/uploads\/2011\/05\/cropped-logo-bellunopress-.jpg","width":512,"height":512,"caption":"Bellunopress"},"image":{"@id":"https:\/\/www.bellunopress.it\/#\/schema\/logo\/image\/"},"sameAs":["https:\/\/www.facebook.com\/profile.php?id=100008943462799","https:\/\/x.com\/bellunopress","https:\/\/www.linkedin.com\/hp\/?dnr=JBzUWaJfMUw8vbXJJ2tVW5-I3jZKvC4wsoxE&amp;amp;amp;amp;amp;amp;trk=nav_responsive_tab_home","https:\/\/www.youtube.com\/channel\/UCxL0wu1uN0_3_7hGG0306cw"]},{"@type":"Person","@id":"https:\/\/www.bellunopress.it\/#\/schema\/person\/79bb06722b37ece1c03d3e94beb30d73","name":"r\u00e9daction","image":{"@type":"ImageObject","inLanguage":"fr-FR","@id":"https:\/\/secure.gravatar.com\/avatar\/37d968a2e67a6fd04c169c4bdef102d0bc5d31b2546345219e348575eb80e9a0?s=96&d=mm&r=g","url":"https:\/\/secure.gravatar.com\/avatar\/37d968a2e67a6fd04c169c4bdef102d0bc5d31b2546345219e348575eb80e9a0?s=96&d=mm&r=g","contentUrl":"https:\/\/secure.gravatar.com\/avatar\/37d968a2e67a6fd04c169c4bdef102d0bc5d31b2546345219e348575eb80e9a0?s=96&d=mm&r=g","caption":"redazione"},"sameAs":["http:\/\/www.bellunopress.it","https:\/\/x.com\/bellunopress"],"url":"https:\/\/www.bellunopress.it\/fr\/author\/redazione\/"}]}},"_links":{"self":[{"href":"https:\/\/www.bellunopress.it\/fr\/wp-json\/wp\/v2\/posts\/146449","targetHints":{"allow":["GET"]}}],"collection":[{"href":"https:\/\/www.bellunopress.it\/fr\/wp-json\/wp\/v2\/posts"}],"about":[{"href":"https:\/\/www.bellunopress.it\/fr\/wp-json\/wp\/v2\/types\/post"}],"author":[{"embeddable":true,"href":"https:\/\/www.bellunopress.it\/fr\/wp-json\/wp\/v2\/users\/2"}],"replies":[{"embeddable":true,"href":"https:\/\/www.bellunopress.it\/fr\/wp-json\/wp\/v2\/comments?post=146449"}],"version-history":[{"count":2,"href":"https:\/\/www.bellunopress.it\/fr\/wp-json\/wp\/v2\/posts\/146449\/revisions"}],"predecessor-version":[{"id":146464,"href":"https:\/\/www.bellunopress.it\/fr\/wp-json\/wp\/v2\/posts\/146449\/revisions\/146464"}],"wp:featuredmedia":[{"embeddable":true,"href":"https:\/\/www.bellunopress.it\/fr\/wp-json\/wp\/v2\/media\/114481"}],"wp:attachment":[{"href":"https:\/\/www.bellunopress.it\/fr\/wp-json\/wp\/v2\/media?parent=146449"}],"wp:term":[{"taxonomy":"category","embeddable":true,"href":"https:\/\/www.bellunopress.it\/fr\/wp-json\/wp\/v2\/categories?post=146449"},{"taxonomy":"post_tag","embeddable":true,"href":"https:\/\/www.bellunopress.it\/fr\/wp-json\/wp\/v2\/tags?post=146449"}],"curies":[{"name":"wp","href":"https:\/\/api.w.org\/{rel}","templated":true}]}}