{"id":146447,"date":"2023-12-04T15:41:23","date_gmt":"2023-12-04T14:41:23","guid":{"rendered":"https:\/\/www.bellunopress.it\/?p=146447"},"modified":"2023-12-04T15:41:23","modified_gmt":"2023-12-04T14:41:23","slug":"assassinio-nel-campo-di-grano-un-giallo-storico-del-500-di-sante-rossetto-giovedi-alla-libreria-lovat-di-treviso","status":"publish","type":"post","link":"https:\/\/www.bellunopress.it\/fr\/2023\/12\/04\/assassinio-nel-campo-di-grano-un-giallo-storico-del-500-di-sante-rossetto-giovedi-alla-libreria-lovat-di-treviso\/","title":{"rendered":"Assassinio nel campo di grano.  Un giallo storico del &#8216;500 di Sante Rossetto, gioved\u00ec alla Libreria Lovat di Treviso"},"content":{"rendered":"<figure id=\"attachment_2328\" aria-describedby=\"caption-attachment-2328\" style=\"width: 270px\" class=\"wp-caption alignleft\"><img loading=\"lazy\" decoding=\"async\" class=\"size-full wp-image-2328\" src=\"https:\/\/www.bellunopress.it\/wp-content\/uploads\/2009\/04\/sante-rossetto-2.jpg\" alt=\"\" width=\"270\" height=\"180\" \/><figcaption id=\"caption-attachment-2328\" class=\"wp-caption-text\">Sante Rossetto<\/figcaption><\/figure>\n<p>Un giallo storico quello che presenter\u00e0 gioved\u00ec 7 dicembre alle 18:30 alla Libreria Lovat di Lancenigo di Villorba (Treviso) il giornalista scrittore Sante Rossetto.<\/p>\n<p>Chi \u00e8 stato a uccidere il pittore Domenico Capriolo, 34 anni, veneziano trasferito a Treviso da un decennio? Lo si scoprir\u00e0 leggendo \u201cAssassinio nel campo di grano\u201d edito da Canova.<br \/>\nSiamo nel primo Cinquecento nel capoluogo della Marca dove nell\u2019autunno del 1517 arriva questo giovane artista che vuole costruire la sua vita in terraferma. E ci riesce abbastanza bene perch\u00e9 trova facilmente commesse sia ecclesiastiche che civili, incontra l\u2019amore della sua esistenza in Camilla, figlia del pittore, scomparso attorno al 1514, Pier Maria Penachi, che gli porta anche una dote di otto campi in villa di Ponzano. Ma sar\u00e0 questa propriet\u00e0 la causa della tragedia che coinvolge e travolge tutta la stirpe dei Penachi con la morte di Domenico, sabato 3 ottobre con un colpo di archibugio.<br \/>\nIl fatto di sangue, evento abbastanza frequente in quei secoli anche in una citt\u00e0 tranquilla come Treviso, \u00e8 lo spunto per lo studioso di offrire un romanzo storico costruito sulle fonti d\u2019archivio. Attorno alla famiglia del pittore si muove il notaio e futuro cronista Bartolomeo Zuccato, il celebre condottiero Mercurio Bua, senza che manchino truculenti fatti di cronaca nera. Ma il lettore potr\u00e0 gettare lo sguardo anche oltre i confini della Marca con le continue guerre che continuano a insanguinare l\u2019Europa. Ed ecco la celebre battaglia di Pavia (1525) con il re di Francia fatto prigioniero, i turchi che conquistano i Balcani e parte dell\u2019Ungheria, i sacchi di Roma e Pavia del 1527. E, continuando, la vita quotidiana con i contadini costretti ad una vita agra, le successioni dei dogi veneziani, le manovre per l\u2019elezione del nuovo vescovo di Treviso.<br \/>\nIn sintesi una vivace lezione di storia descritta in 168 pagine che si leggono quasi fossero un giornale di cinque secoli fa.<\/p>\n<p>&nbsp;<\/p>","protected":false},"excerpt":{"rendered":"<p>Un giallo storico quello che presenter\u00e0 gioved\u00ec 7 dicembre alle 18:30 alla Libreria Lovat di Lancenigo di Villorba (Treviso) il giornalista scrittore Sante Rossetto. Chi \u00e8 stato a uccidere il pittore Domenico Capriolo, 34 anni, veneziano trasferito a Treviso da un decennio? Lo si scoprir\u00e0 leggendo \u201cAssassinio nel campo di grano\u201d edito da Canova. Siamo [&hellip;]<\/p>\n","protected":false},"author":2,"featured_media":64906,"comment_status":"closed","ping_status":"open","sticky":false,"template":"","format":"standard","meta":{"footnotes":""},"categories":[27,25],"tags":[],"class_list":["post-146447","post","type-post","status-publish","format-standard","has-post-thumbnail","category-appuntamenti","category-pausa-caffe"],"yoast_head":"<!-- This site is optimized with the Yoast SEO plugin v28.4 - https:\/\/yoast.com\/product\/yoast-seo-wordpress\/ -->\n<title>Assassinio nel campo di grano. Un giallo storico del &#039;500 di Sante Rossetto, gioved\u00ec alla Libreria Lovat di Treviso - Bellunopress - Dolomiti<\/title>\n<meta name=\"robots\" content=\"index, follow, max-snippet:-1, max-image-preview:large, max-video-preview:-1\" \/>\n<link rel=\"canonical\" href=\"https:\/\/www.bellunopress.it\/fr\/2023\/12\/04\/assassinio-nel-campo-di-grano-un-giallo-storico-del-500-di-sante-rossetto-giovedi-alla-libreria-lovat-di-treviso\/\" \/>\n<meta property=\"og:locale\" content=\"fr_FR\" \/>\n<meta property=\"og:type\" content=\"article\" \/>\n<meta property=\"og:title\" content=\"Assassinio nel campo di grano. Un giallo storico del &#039;500 di Sante Rossetto, gioved\u00ec alla Libreria Lovat di Treviso - Bellunopress - Dolomiti\" \/>\n<meta property=\"og:description\" content=\"Un giallo storico quello che presenter\u00e0 gioved\u00ec 7 dicembre alle 18:30 alla Libreria Lovat di Lancenigo di Villorba (Treviso) il giornalista scrittore Sante Rossetto. Chi \u00e8 stato a uccidere il pittore Domenico Capriolo, 34 anni, veneziano trasferito a Treviso da un decennio? Lo si scoprir\u00e0 leggendo \u201cAssassinio nel campo di grano\u201d edito da Canova. Siamo [&hellip;]\" \/>\n<meta property=\"og:url\" content=\"https:\/\/www.bellunopress.it\/fr\/2023\/12\/04\/assassinio-nel-campo-di-grano-un-giallo-storico-del-500-di-sante-rossetto-giovedi-alla-libreria-lovat-di-treviso\/\" \/>\n<meta property=\"og:site_name\" content=\"Bellunopress - Dolomiti\" \/>\n<meta property=\"article:publisher\" content=\"https:\/\/www.facebook.com\/profile.php?id=100008943462799\" \/>\n<meta property=\"article:published_time\" content=\"2023-12-04T14:41:23+00:00\" \/>\n<meta property=\"og:image\" content=\"https:\/\/www.bellunopress.it\/wp-content\/uploads\/2014\/12\/sante-rossetto.jpg\" \/>\n\t<meta property=\"og:image:width\" content=\"238\" \/>\n\t<meta property=\"og:image:height\" content=\"290\" \/>\n\t<meta property=\"og:image:type\" content=\"image\/jpeg\" \/>\n<meta name=\"author\" content=\"redazione\" \/>\n<meta name=\"twitter:card\" content=\"summary_large_image\" \/>\n<meta name=\"twitter:creator\" content=\"@bellunopress\" \/>\n<meta name=\"twitter:site\" content=\"@bellunopress\" \/>\n<meta name=\"twitter:label1\" content=\"Written by\" \/>\n\t<meta name=\"twitter:data1\" content=\"redazione\" \/>\n\t<meta name=\"twitter:label2\" content=\"Est. reading time\" \/>\n\t<meta name=\"twitter:data2\" content=\"2 minutes\" \/>\n<script type=\"application\/ld+json\" class=\"yoast-schema-graph\">{\"@context\":\"https:\\\/\\\/schema.org\",\"@graph\":[{\"@type\":\"Article\",\"@id\":\"https:\\\/\\\/www.bellunopress.it\\\/2023\\\/12\\\/04\\\/assassinio-nel-campo-di-grano-un-giallo-storico-del-500-di-sante-rossetto-giovedi-alla-libreria-lovat-di-treviso\\\/#article\",\"isPartOf\":{\"@id\":\"https:\\\/\\\/www.bellunopress.it\\\/2023\\\/12\\\/04\\\/assassinio-nel-campo-di-grano-un-giallo-storico-del-500-di-sante-rossetto-giovedi-alla-libreria-lovat-di-treviso\\\/\"},\"author\":{\"name\":\"redazione\",\"@id\":\"https:\\\/\\\/www.bellunopress.it\\\/#\\\/schema\\\/person\\\/79bb06722b37ece1c03d3e94beb30d73\"},\"headline\":\"Assassinio nel campo di grano. Un giallo storico del &#8216;500 di Sante Rossetto, gioved\u00ec alla Libreria Lovat di Treviso\",\"datePublished\":\"2023-12-04T14:41:23+00:00\",\"mainEntityOfPage\":{\"@id\":\"https:\\\/\\\/www.bellunopress.it\\\/2023\\\/12\\\/04\\\/assassinio-nel-campo-di-grano-un-giallo-storico-del-500-di-sante-rossetto-giovedi-alla-libreria-lovat-di-treviso\\\/\"},\"wordCount\":336,\"publisher\":{\"@id\":\"https:\\\/\\\/www.bellunopress.it\\\/#organization\"},\"image\":{\"@id\":\"https:\\\/\\\/www.bellunopress.it\\\/2023\\\/12\\\/04\\\/assassinio-nel-campo-di-grano-un-giallo-storico-del-500-di-sante-rossetto-giovedi-alla-libreria-lovat-di-treviso\\\/#primaryimage\"},\"thumbnailUrl\":\"https:\\\/\\\/www.bellunopress.it\\\/wp-content\\\/uploads\\\/2014\\\/12\\\/sante-rossetto.jpg\",\"articleSection\":[\"Appuntamenti, Eventi\",\"Pausa Caff\u00e8\"],\"inLanguage\":\"fr-FR\"},{\"@type\":\"WebPage\",\"@id\":\"https:\\\/\\\/www.bellunopress.it\\\/2023\\\/12\\\/04\\\/assassinio-nel-campo-di-grano-un-giallo-storico-del-500-di-sante-rossetto-giovedi-alla-libreria-lovat-di-treviso\\\/\",\"url\":\"https:\\\/\\\/www.bellunopress.it\\\/2023\\\/12\\\/04\\\/assassinio-nel-campo-di-grano-un-giallo-storico-del-500-di-sante-rossetto-giovedi-alla-libreria-lovat-di-treviso\\\/\",\"name\":\"Assassinio nel campo di grano. Un giallo storico del '500 di Sante Rossetto, gioved\u00ec alla Libreria Lovat di Treviso - Bellunopress - Dolomiti\",\"isPartOf\":{\"@id\":\"https:\\\/\\\/www.bellunopress.it\\\/#website\"},\"primaryImageOfPage\":{\"@id\":\"https:\\\/\\\/www.bellunopress.it\\\/2023\\\/12\\\/04\\\/assassinio-nel-campo-di-grano-un-giallo-storico-del-500-di-sante-rossetto-giovedi-alla-libreria-lovat-di-treviso\\\/#primaryimage\"},\"image\":{\"@id\":\"https:\\\/\\\/www.bellunopress.it\\\/2023\\\/12\\\/04\\\/assassinio-nel-campo-di-grano-un-giallo-storico-del-500-di-sante-rossetto-giovedi-alla-libreria-lovat-di-treviso\\\/#primaryimage\"},\"thumbnailUrl\":\"https:\\\/\\\/www.bellunopress.it\\\/wp-content\\\/uploads\\\/2014\\\/12\\\/sante-rossetto.jpg\",\"datePublished\":\"2023-12-04T14:41:23+00:00\",\"breadcrumb\":{\"@id\":\"https:\\\/\\\/www.bellunopress.it\\\/2023\\\/12\\\/04\\\/assassinio-nel-campo-di-grano-un-giallo-storico-del-500-di-sante-rossetto-giovedi-alla-libreria-lovat-di-treviso\\\/#breadcrumb\"},\"inLanguage\":\"fr-FR\",\"potentialAction\":[{\"@type\":\"ReadAction\",\"target\":[\"https:\\\/\\\/www.bellunopress.it\\\/2023\\\/12\\\/04\\\/assassinio-nel-campo-di-grano-un-giallo-storico-del-500-di-sante-rossetto-giovedi-alla-libreria-lovat-di-treviso\\\/\"]}]},{\"@type\":\"ImageObject\",\"inLanguage\":\"fr-FR\",\"@id\":\"https:\\\/\\\/www.bellunopress.it\\\/2023\\\/12\\\/04\\\/assassinio-nel-campo-di-grano-un-giallo-storico-del-500-di-sante-rossetto-giovedi-alla-libreria-lovat-di-treviso\\\/#primaryimage\",\"url\":\"https:\\\/\\\/www.bellunopress.it\\\/wp-content\\\/uploads\\\/2014\\\/12\\\/sante-rossetto.jpg\",\"contentUrl\":\"https:\\\/\\\/www.bellunopress.it\\\/wp-content\\\/uploads\\\/2014\\\/12\\\/sante-rossetto.jpg\",\"width\":238,\"height\":290,\"caption\":\"Sante Rossetto - giornalista, scrittore\"},{\"@type\":\"BreadcrumbList\",\"@id\":\"https:\\\/\\\/www.bellunopress.it\\\/2023\\\/12\\\/04\\\/assassinio-nel-campo-di-grano-un-giallo-storico-del-500-di-sante-rossetto-giovedi-alla-libreria-lovat-di-treviso\\\/#breadcrumb\",\"itemListElement\":[{\"@type\":\"ListItem\",\"position\":1,\"name\":\"Home\",\"item\":\"https:\\\/\\\/www.bellunopress.it\\\/\"},{\"@type\":\"ListItem\",\"position\":2,\"name\":\"Assassinio nel campo di grano. Un giallo storico del &#8216;500 di Sante Rossetto, gioved\u00ec alla Libreria Lovat di Treviso\"}]},{\"@type\":\"WebSite\",\"@id\":\"https:\\\/\\\/www.bellunopress.it\\\/#website\",\"url\":\"https:\\\/\\\/www.bellunopress.it\\\/\",\"name\":\"Bellunopress - Dolomiti\",\"description\":\"e-mail: redazione@bellunopress.it\",\"publisher\":{\"@id\":\"https:\\\/\\\/www.bellunopress.it\\\/#organization\"},\"potentialAction\":[{\"@type\":\"SearchAction\",\"target\":{\"@type\":\"EntryPoint\",\"urlTemplate\":\"https:\\\/\\\/www.bellunopress.it\\\/?s={search_term_string}\"},\"query-input\":{\"@type\":\"PropertyValueSpecification\",\"valueRequired\":true,\"valueName\":\"search_term_string\"}}],\"inLanguage\":\"fr-FR\"},{\"@type\":\"Organization\",\"@id\":\"https:\\\/\\\/www.bellunopress.it\\\/#organization\",\"name\":\"Bellunopress\",\"url\":\"https:\\\/\\\/www.bellunopress.it\\\/\",\"logo\":{\"@type\":\"ImageObject\",\"inLanguage\":\"fr-FR\",\"@id\":\"https:\\\/\\\/www.bellunopress.it\\\/#\\\/schema\\\/logo\\\/image\\\/\",\"url\":\"https:\\\/\\\/www.bellunopress.it\\\/wp-content\\\/uploads\\\/2011\\\/05\\\/cropped-logo-bellunopress-.jpg\",\"contentUrl\":\"https:\\\/\\\/www.bellunopress.it\\\/wp-content\\\/uploads\\\/2011\\\/05\\\/cropped-logo-bellunopress-.jpg\",\"width\":512,\"height\":512,\"caption\":\"Bellunopress\"},\"image\":{\"@id\":\"https:\\\/\\\/www.bellunopress.it\\\/#\\\/schema\\\/logo\\\/image\\\/\"},\"sameAs\":[\"https:\\\/\\\/www.facebook.com\\\/profile.php?id=100008943462799\",\"https:\\\/\\\/x.com\\\/bellunopress\",\"https:\\\/\\\/www.linkedin.com\\\/hp\\\/?dnr=JBzUWaJfMUw8vbXJJ2tVW5-I3jZKvC4wsoxE&amp;amp;amp;amp;amp;amp;trk=nav_responsive_tab_home\",\"https:\\\/\\\/www.youtube.com\\\/channel\\\/UCxL0wu1uN0_3_7hGG0306cw\"]},{\"@type\":\"Person\",\"@id\":\"https:\\\/\\\/www.bellunopress.it\\\/#\\\/schema\\\/person\\\/79bb06722b37ece1c03d3e94beb30d73\",\"name\":\"redazione\",\"image\":{\"@type\":\"ImageObject\",\"inLanguage\":\"fr-FR\",\"@id\":\"https:\\\/\\\/secure.gravatar.com\\\/avatar\\\/37d968a2e67a6fd04c169c4bdef102d0bc5d31b2546345219e348575eb80e9a0?s=96&d=mm&r=g\",\"url\":\"https:\\\/\\\/secure.gravatar.com\\\/avatar\\\/37d968a2e67a6fd04c169c4bdef102d0bc5d31b2546345219e348575eb80e9a0?s=96&d=mm&r=g\",\"contentUrl\":\"https:\\\/\\\/secure.gravatar.com\\\/avatar\\\/37d968a2e67a6fd04c169c4bdef102d0bc5d31b2546345219e348575eb80e9a0?s=96&d=mm&r=g\",\"caption\":\"redazione\"},\"sameAs\":[\"http:\\\/\\\/www.bellunopress.it\",\"https:\\\/\\\/x.com\\\/bellunopress\"],\"url\":\"https:\\\/\\\/www.bellunopress.it\\\/fr\\\/author\\\/redazione\\\/\"}]}<\/script>\n<!-- \/ Yoast SEO plugin. -->","yoast_head_json":{"title":"Assassinio nel campo di grano. Un giallo storico del '500 di Sante Rossetto, gioved\u00ec alla Libreria Lovat di Treviso - Bellunopress - Dolomiti","robots":{"index":"index","follow":"follow","max-snippet":"max-snippet:-1","max-image-preview":"max-image-preview:large","max-video-preview":"max-video-preview:-1"},"canonical":"https:\/\/www.bellunopress.it\/fr\/2023\/12\/04\/assassinio-nel-campo-di-grano-un-giallo-storico-del-500-di-sante-rossetto-giovedi-alla-libreria-lovat-di-treviso\/","og_locale":"fr_FR","og_type":"article","og_title":"Assassinio nel campo di grano. Un giallo storico del '500 di Sante Rossetto, gioved\u00ec alla Libreria Lovat di Treviso - Bellunopress - Dolomiti","og_description":"Un giallo storico quello che presenter\u00e0 gioved\u00ec 7 dicembre alle 18:30 alla Libreria Lovat di Lancenigo di Villorba (Treviso) il giornalista scrittore Sante Rossetto. Chi \u00e8 stato a uccidere il pittore Domenico Capriolo, 34 anni, veneziano trasferito a Treviso da un decennio? Lo si scoprir\u00e0 leggendo \u201cAssassinio nel campo di grano\u201d edito da Canova. Siamo [&hellip;]","og_url":"https:\/\/www.bellunopress.it\/fr\/2023\/12\/04\/assassinio-nel-campo-di-grano-un-giallo-storico-del-500-di-sante-rossetto-giovedi-alla-libreria-lovat-di-treviso\/","og_site_name":"Bellunopress - Dolomiti","article_publisher":"https:\/\/www.facebook.com\/profile.php?id=100008943462799","article_published_time":"2023-12-04T14:41:23+00:00","og_image":[{"width":238,"height":290,"url":"https:\/\/www.bellunopress.it\/wp-content\/uploads\/2014\/12\/sante-rossetto.jpg","type":"image\/jpeg"}],"author":"redazione","twitter_card":"summary_large_image","twitter_creator":"@bellunopress","twitter_site":"@bellunopress","twitter_misc":{"Written by":"redazione","Est. reading time":"2 minutes"},"schema":{"@context":"https:\/\/schema.org","@graph":[{"@type":"Article","@id":"https:\/\/www.bellunopress.it\/2023\/12\/04\/assassinio-nel-campo-di-grano-un-giallo-storico-del-500-di-sante-rossetto-giovedi-alla-libreria-lovat-di-treviso\/#article","isPartOf":{"@id":"https:\/\/www.bellunopress.it\/2023\/12\/04\/assassinio-nel-campo-di-grano-un-giallo-storico-del-500-di-sante-rossetto-giovedi-alla-libreria-lovat-di-treviso\/"},"author":{"name":"redazione","@id":"https:\/\/www.bellunopress.it\/#\/schema\/person\/79bb06722b37ece1c03d3e94beb30d73"},"headline":"Assassinio nel campo di grano. Un giallo storico del &#8216;500 di Sante Rossetto, gioved\u00ec alla Libreria Lovat di Treviso","datePublished":"2023-12-04T14:41:23+00:00","mainEntityOfPage":{"@id":"https:\/\/www.bellunopress.it\/2023\/12\/04\/assassinio-nel-campo-di-grano-un-giallo-storico-del-500-di-sante-rossetto-giovedi-alla-libreria-lovat-di-treviso\/"},"wordCount":336,"publisher":{"@id":"https:\/\/www.bellunopress.it\/#organization"},"image":{"@id":"https:\/\/www.bellunopress.it\/2023\/12\/04\/assassinio-nel-campo-di-grano-un-giallo-storico-del-500-di-sante-rossetto-giovedi-alla-libreria-lovat-di-treviso\/#primaryimage"},"thumbnailUrl":"https:\/\/www.bellunopress.it\/wp-content\/uploads\/2014\/12\/sante-rossetto.jpg","articleSection":["Appuntamenti, Eventi","Pausa Caff\u00e8"],"inLanguage":"fr-FR"},{"@type":"WebPage","@id":"https:\/\/www.bellunopress.it\/2023\/12\/04\/assassinio-nel-campo-di-grano-un-giallo-storico-del-500-di-sante-rossetto-giovedi-alla-libreria-lovat-di-treviso\/","url":"https:\/\/www.bellunopress.it\/2023\/12\/04\/assassinio-nel-campo-di-grano-un-giallo-storico-del-500-di-sante-rossetto-giovedi-alla-libreria-lovat-di-treviso\/","name":"Assassinio nel campo di grano. Un giallo storico del '500 di Sante Rossetto, gioved\u00ec alla Libreria Lovat di Treviso - Bellunopress - Dolomiti","isPartOf":{"@id":"https:\/\/www.bellunopress.it\/#website"},"primaryImageOfPage":{"@id":"https:\/\/www.bellunopress.it\/2023\/12\/04\/assassinio-nel-campo-di-grano-un-giallo-storico-del-500-di-sante-rossetto-giovedi-alla-libreria-lovat-di-treviso\/#primaryimage"},"image":{"@id":"https:\/\/www.bellunopress.it\/2023\/12\/04\/assassinio-nel-campo-di-grano-un-giallo-storico-del-500-di-sante-rossetto-giovedi-alla-libreria-lovat-di-treviso\/#primaryimage"},"thumbnailUrl":"https:\/\/www.bellunopress.it\/wp-content\/uploads\/2014\/12\/sante-rossetto.jpg","datePublished":"2023-12-04T14:41:23+00:00","breadcrumb":{"@id":"https:\/\/www.bellunopress.it\/2023\/12\/04\/assassinio-nel-campo-di-grano-un-giallo-storico-del-500-di-sante-rossetto-giovedi-alla-libreria-lovat-di-treviso\/#breadcrumb"},"inLanguage":"fr-FR","potentialAction":[{"@type":"ReadAction","target":["https:\/\/www.bellunopress.it\/2023\/12\/04\/assassinio-nel-campo-di-grano-un-giallo-storico-del-500-di-sante-rossetto-giovedi-alla-libreria-lovat-di-treviso\/"]}]},{"@type":"ImageObject","inLanguage":"fr-FR","@id":"https:\/\/www.bellunopress.it\/2023\/12\/04\/assassinio-nel-campo-di-grano-un-giallo-storico-del-500-di-sante-rossetto-giovedi-alla-libreria-lovat-di-treviso\/#primaryimage","url":"https:\/\/www.bellunopress.it\/wp-content\/uploads\/2014\/12\/sante-rossetto.jpg","contentUrl":"https:\/\/www.bellunopress.it\/wp-content\/uploads\/2014\/12\/sante-rossetto.jpg","width":238,"height":290,"caption":"Sante Rossetto - giornalista, scrittore"},{"@type":"BreadcrumbList","@id":"https:\/\/www.bellunopress.it\/2023\/12\/04\/assassinio-nel-campo-di-grano-un-giallo-storico-del-500-di-sante-rossetto-giovedi-alla-libreria-lovat-di-treviso\/#breadcrumb","itemListElement":[{"@type":"ListItem","position":1,"name":"Home","item":"https:\/\/www.bellunopress.it\/"},{"@type":"ListItem","position":2,"name":"Assassinio nel campo di grano. Un giallo storico del &#8216;500 di Sante Rossetto, gioved\u00ec alla Libreria Lovat di Treviso"}]},{"@type":"WebSite","@id":"https:\/\/www.bellunopress.it\/#website","url":"https:\/\/www.bellunopress.it\/","name":"Bellunopress - Dolomiti","description":"e-mail: redazione@bellunopress.it","publisher":{"@id":"https:\/\/www.bellunopress.it\/#organization"},"potentialAction":[{"@type":"SearchAction","target":{"@type":"EntryPoint","urlTemplate":"https:\/\/www.bellunopress.it\/?s={search_term_string}"},"query-input":{"@type":"PropertyValueSpecification","valueRequired":true,"valueName":"search_term_string"}}],"inLanguage":"fr-FR"},{"@type":"Organization","@id":"https:\/\/www.bellunopress.it\/#organization","name":"Bellunopress","url":"https:\/\/www.bellunopress.it\/","logo":{"@type":"ImageObject","inLanguage":"fr-FR","@id":"https:\/\/www.bellunopress.it\/#\/schema\/logo\/image\/","url":"https:\/\/www.bellunopress.it\/wp-content\/uploads\/2011\/05\/cropped-logo-bellunopress-.jpg","contentUrl":"https:\/\/www.bellunopress.it\/wp-content\/uploads\/2011\/05\/cropped-logo-bellunopress-.jpg","width":512,"height":512,"caption":"Bellunopress"},"image":{"@id":"https:\/\/www.bellunopress.it\/#\/schema\/logo\/image\/"},"sameAs":["https:\/\/www.facebook.com\/profile.php?id=100008943462799","https:\/\/x.com\/bellunopress","https:\/\/www.linkedin.com\/hp\/?dnr=JBzUWaJfMUw8vbXJJ2tVW5-I3jZKvC4wsoxE&amp;amp;amp;amp;amp;amp;trk=nav_responsive_tab_home","https:\/\/www.youtube.com\/channel\/UCxL0wu1uN0_3_7hGG0306cw"]},{"@type":"Person","@id":"https:\/\/www.bellunopress.it\/#\/schema\/person\/79bb06722b37ece1c03d3e94beb30d73","name":"r\u00e9daction","image":{"@type":"ImageObject","inLanguage":"fr-FR","@id":"https:\/\/secure.gravatar.com\/avatar\/37d968a2e67a6fd04c169c4bdef102d0bc5d31b2546345219e348575eb80e9a0?s=96&d=mm&r=g","url":"https:\/\/secure.gravatar.com\/avatar\/37d968a2e67a6fd04c169c4bdef102d0bc5d31b2546345219e348575eb80e9a0?s=96&d=mm&r=g","contentUrl":"https:\/\/secure.gravatar.com\/avatar\/37d968a2e67a6fd04c169c4bdef102d0bc5d31b2546345219e348575eb80e9a0?s=96&d=mm&r=g","caption":"redazione"},"sameAs":["http:\/\/www.bellunopress.it","https:\/\/x.com\/bellunopress"],"url":"https:\/\/www.bellunopress.it\/fr\/author\/redazione\/"}]}},"_links":{"self":[{"href":"https:\/\/www.bellunopress.it\/fr\/wp-json\/wp\/v2\/posts\/146447","targetHints":{"allow":["GET"]}}],"collection":[{"href":"https:\/\/www.bellunopress.it\/fr\/wp-json\/wp\/v2\/posts"}],"about":[{"href":"https:\/\/www.bellunopress.it\/fr\/wp-json\/wp\/v2\/types\/post"}],"author":[{"embeddable":true,"href":"https:\/\/www.bellunopress.it\/fr\/wp-json\/wp\/v2\/users\/2"}],"replies":[{"embeddable":true,"href":"https:\/\/www.bellunopress.it\/fr\/wp-json\/wp\/v2\/comments?post=146447"}],"version-history":[{"count":1,"href":"https:\/\/www.bellunopress.it\/fr\/wp-json\/wp\/v2\/posts\/146447\/revisions"}],"predecessor-version":[{"id":146448,"href":"https:\/\/www.bellunopress.it\/fr\/wp-json\/wp\/v2\/posts\/146447\/revisions\/146448"}],"wp:featuredmedia":[{"embeddable":true,"href":"https:\/\/www.bellunopress.it\/fr\/wp-json\/wp\/v2\/media\/64906"}],"wp:attachment":[{"href":"https:\/\/www.bellunopress.it\/fr\/wp-json\/wp\/v2\/media?parent=146447"}],"wp:term":[{"taxonomy":"category","embeddable":true,"href":"https:\/\/www.bellunopress.it\/fr\/wp-json\/wp\/v2\/categories?post=146447"},{"taxonomy":"post_tag","embeddable":true,"href":"https:\/\/www.bellunopress.it\/fr\/wp-json\/wp\/v2\/tags?post=146447"}],"curies":[{"name":"wp","href":"https:\/\/api.w.org\/{rel}","templated":true}]}}