{"id":146442,"date":"2023-12-04T14:55:46","date_gmt":"2023-12-04T13:55:46","guid":{"rendered":"https:\/\/www.bellunopress.it\/?p=146442"},"modified":"2023-12-04T14:55:46","modified_gmt":"2023-12-04T13:55:46","slug":"associazione-io-non-ho-paura-del-lupo-non-esiste-alcuna-emergenza-lupo-in-alpago","status":"publish","type":"post","link":"https:\/\/www.bellunopress.it\/fr\/2023\/12\/04\/associazione-io-non-ho-paura-del-lupo-non-esiste-alcuna-emergenza-lupo-in-alpago\/","title":{"rendered":"Associazione Io non ho paura del lupo:  &#8220;Non esiste alcuna emergenza lupo in Alpago&#8221;"},"content":{"rendered":"<p><img loading=\"lazy\" decoding=\"async\" class=\"alignleft size-full wp-image-146443\" src=\"https:\/\/www.bellunopress.it\/wp-content\/uploads\/2023\/12\/lupo_edited.jpg\" alt=\"\" width=\"1000\" height=\"934\" srcset=\"https:\/\/www.bellunopress.it\/wp-content\/uploads\/2023\/12\/lupo_edited.jpg 1000w, https:\/\/www.bellunopress.it\/wp-content\/uploads\/2023\/12\/lupo_edited-500x467.jpg 500w, https:\/\/www.bellunopress.it\/wp-content\/uploads\/2023\/12\/lupo_edited-696x650.jpg 696w\" sizes=\"auto, (max-width: 1000px) 100vw, 1000px\" \/>&#8220;Non esiste alcuna &#8220;emergenza lupo&#8221; in Alpago; esiste piuttosto l&#8217;esigenza di informare con equilibrio e solidit\u00e0 scientifica Amministratori, cittadini e allevatori sul ritorno naturale di questo affascinante e controverso predatore.&#8221;<\/p>\n<p>Questo il pensiero dell&#8217;Associazione Io non ho paura del lupo, da anni impegnata anche in Veneto per favorire la conservazione del lupo e la sua coesistenza con le attivit\u00e0 umane.<\/p>\n<p>A seguito dell&#8217;avviso emanato da alcuni Sindaci dell&#8217;Alpago che invitano i residenti a non uscire a causa della &#8220;presenza di lupi&#8221; riteniamo urgente l&#8217;avvio di un percorso condiviso utile alla conoscenza dei grandi carnivori, che metta da parte paure immotivate e proclami ideologici e che veda in prima linea esperti e professionisti accanto alle istituzioni, con l&#8217;obiettivo di creare cultura e conoscenza sul lupo tra gli abitanti dell&#8217;Alpago.<\/p>\n<p>A tal proposito \u00e8 importante specificare che &#8220;Il lupo \u00e8 presente in maniera stabile in Alpago almeno dal 2020. Questi animali occupano territori molto ampi e si muovono su vaste aree. Quello che sta accadendo \u00e8 un fenomeno del tutto naturale che avviene da oltre 50 anni nel resto dell&#8217;Italia e da circa 30 anni sulle Alpi: i lupi occupano nuovi territori espandendosi naturalmente.&#8221;<\/p>\n<p>Parlando del comportamento di questi animali \u00e8 importante aggiungere che &#8220;Un singolo branco utilizza aree molto vaste, ampie anche centinaia di chilometri quadrati, dove non tollera la presenza di lupi estranei al proprio nucleo familiare: non esiste quindi alcun &#8220;sovrannumero&#8221;, il lupo \u00e8 il miglior regolatore di se stesso.&#8221;<\/p>\n<p>&#8220;In Alpago il lupo trova una densit\u00e0 di prede selvatiche tra le pi\u00f9 alte d&#8217;Europa, e, grazie al suo importante ruolo ecologico, ridurr\u00e0 sensibilmente i danni creati dal sovrannumero di ungulati, causati proprio da decenni di mancanza di predatori al vertice della catena alimentare.&#8221;<\/p>\n<p>Le paure dei cittadini, alimentate dalla continua disinformazione sul tema e da proclami di dubbia efficacia appaiono quindi ingiustificate e sovradimensionate, poich\u00e9 ad oggi,il lupo non rappresenta una minaccia diretta per la sicurezza delle persone. Gli avvistamenti occasionali di lupi in ambiente naturale cos\u00ec come gli avvistamenti nei pressi dei piccoli centri abitati dell&#8217;Alpago, contornati da boschi e prati e dove vivono in abbondanza anche le prede del lupo come cervi e caprioli, non devono destare eccessive preoccupazioni per la sicurezza.<\/p>\n<p>&#8220;Gli incontri occasionali con la specie devono essere affrontati dai cittadini e dalle istituzioni con l&#8217;attenzione che va riservata a qualsiasi animale selvatico senza cadere in preoccupazioni ingiustificate, lasciando agli esperti eventuali valutazioni su quei rari casi di lupi &#8220;confidenti&#8221; rispetto ai quali \u00e8 necessario l&#8217;intervento immediato delle Istituzioni.&#8221; Spesso tuttavia questi comportamenti problematici si manifestano proprio a causa dell&#8217;assenza di quelle semplici regole di comportamento che \u00e8 necessario adottare: scarti alimentari, rifiuti e cibo per animali domestici non devono essere lasciati in luoghi accessibili alla fauna e i propri cani devono essere custoditi correttamente e mai lasciati liberi di vagare, un fenomeno questo purtroppo frequente.<\/p>\n<p>Lo stesso vale per gli animali d&#8217;allevamento &#8220;Dopo oltre 3 anni dall&#8217;arrivo del lupo non possono essere gestiti come se questo non esistesse. I piccoli allevatori, cos\u00ec come gli hobbisti vanno incentivati e sostenuti nel mettere in atto misure preventive, necessarie a mantenere al sicuro i propri animali. Non \u00e8 tollerabile invocare l&#8217;eliminazione del lupo quando si continua a tenere i propri animali incustoditi anche dopo aver subito le prime predazioni. Come dimostrato da diversi studi e ricerche la rimozione di lupi non \u00e8 efficace per ridurre sul lungo e medio termine l&#8217;impatto sulle attivit\u00e0 zootecniche. La prevenzione del danno rimane la migliore arma contro le predazioni da lupo.&#8221;<\/p>\n<p>Come Associazione ci mettiamo quindi a disposizione dei cittadini e delle Amministrazioni per fornire informazioni, donare materiale informativo come il vademecum cartaceo &#8220;Conoscere il lupo&#8221; e per realizzare eventi divulgativi e tavoli di discussione aperti a tutti, affinch\u00e9 si continui a creare cultura per favorire la coesistenza con questi affascinanti e controversi animali con cui, che piaccia o no, continueremo a convivere in futuro.<\/p>","protected":false},"excerpt":{"rendered":"<p>&#8220;Non esiste alcuna &#8220;emergenza lupo&#8221; in Alpago; esiste piuttosto l&#8217;esigenza di informare con equilibrio e solidit\u00e0 scientifica Amministratori, cittadini e allevatori sul ritorno naturale di questo affascinante e controverso predatore.&#8221; Questo il pensiero dell&#8217;Associazione Io non ho paura del lupo, da anni impegnata anche in Veneto per favorire la conservazione del lupo e la sua [&hellip;]<\/p>\n","protected":false},"author":2,"featured_media":146443,"comment_status":"closed","ping_status":"open","sticky":false,"template":"","format":"standard","meta":{"footnotes":""},"categories":[38,26,8],"tags":[],"class_list":["post-146442","post","type-post","status-publish","format-standard","has-post-thumbnail","category-natura-ambiente","category-prima-pagina","category-societa-istituzioni"],"yoast_head":"<!-- This site is optimized with the Yoast SEO plugin v28.4 - https:\/\/yoast.com\/product\/yoast-seo-wordpress\/ -->\n<title>Associazione Io non ho paura del lupo: &quot;Non esiste alcuna emergenza lupo in Alpago&quot; - Bellunopress - Dolomiti<\/title>\n<meta name=\"robots\" content=\"index, follow, max-snippet:-1, max-image-preview:large, max-video-preview:-1\" \/>\n<link rel=\"canonical\" href=\"https:\/\/www.bellunopress.it\/fr\/2023\/12\/04\/associazione-io-non-ho-paura-del-lupo-non-esiste-alcuna-emergenza-lupo-in-alpago\/\" \/>\n<meta property=\"og:locale\" content=\"fr_FR\" \/>\n<meta property=\"og:type\" content=\"article\" \/>\n<meta property=\"og:title\" content=\"Associazione Io non ho paura del lupo: &quot;Non esiste alcuna emergenza lupo in Alpago&quot; - Bellunopress - Dolomiti\" \/>\n<meta property=\"og:description\" content=\"&#8220;Non esiste alcuna &#8220;emergenza lupo&#8221; in Alpago; esiste piuttosto l&#8217;esigenza di informare con equilibrio e solidit\u00e0 scientifica Amministratori, cittadini e allevatori sul ritorno naturale di questo affascinante e controverso predatore.&#8221; Questo il pensiero dell&#8217;Associazione Io non ho paura del lupo, da anni impegnata anche in Veneto per favorire la conservazione del lupo e la sua [&hellip;]\" \/>\n<meta property=\"og:url\" content=\"https:\/\/www.bellunopress.it\/fr\/2023\/12\/04\/associazione-io-non-ho-paura-del-lupo-non-esiste-alcuna-emergenza-lupo-in-alpago\/\" \/>\n<meta property=\"og:site_name\" content=\"Bellunopress - Dolomiti\" \/>\n<meta property=\"article:publisher\" content=\"https:\/\/www.facebook.com\/profile.php?id=100008943462799\" \/>\n<meta property=\"article:published_time\" content=\"2023-12-04T13:55:46+00:00\" \/>\n<meta property=\"og:image\" content=\"https:\/\/www.bellunopress.it\/wp-content\/uploads\/2023\/12\/lupo_edited.jpg\" \/>\n\t<meta property=\"og:image:width\" content=\"1000\" \/>\n\t<meta property=\"og:image:height\" content=\"934\" \/>\n\t<meta property=\"og:image:type\" content=\"image\/jpeg\" \/>\n<meta name=\"author\" content=\"redazione\" \/>\n<meta name=\"twitter:card\" content=\"summary_large_image\" \/>\n<meta name=\"twitter:creator\" content=\"@bellunopress\" \/>\n<meta name=\"twitter:site\" content=\"@bellunopress\" \/>\n<meta name=\"twitter:label1\" content=\"\u00c9crit par\" \/>\n\t<meta name=\"twitter:data1\" content=\"redazione\" \/>\n\t<meta name=\"twitter:label2\" content=\"Dur\u00e9e de lecture estim\u00e9e\" \/>\n\t<meta name=\"twitter:data2\" content=\"3 minutes\" \/>\n<script type=\"application\/ld+json\" class=\"yoast-schema-graph\">{\"@context\":\"https:\\\/\\\/schema.org\",\"@graph\":[{\"@type\":\"Article\",\"@id\":\"https:\\\/\\\/www.bellunopress.it\\\/2023\\\/12\\\/04\\\/associazione-io-non-ho-paura-del-lupo-non-esiste-alcuna-emergenza-lupo-in-alpago\\\/#article\",\"isPartOf\":{\"@id\":\"https:\\\/\\\/www.bellunopress.it\\\/2023\\\/12\\\/04\\\/associazione-io-non-ho-paura-del-lupo-non-esiste-alcuna-emergenza-lupo-in-alpago\\\/\"},\"author\":{\"name\":\"redazione\",\"@id\":\"https:\\\/\\\/www.bellunopress.it\\\/#\\\/schema\\\/person\\\/79bb06722b37ece1c03d3e94beb30d73\"},\"headline\":\"Associazione Io non ho paura del lupo: &#8220;Non esiste alcuna emergenza lupo in Alpago&#8221;\",\"datePublished\":\"2023-12-04T13:55:46+00:00\",\"mainEntityOfPage\":{\"@id\":\"https:\\\/\\\/www.bellunopress.it\\\/2023\\\/12\\\/04\\\/associazione-io-non-ho-paura-del-lupo-non-esiste-alcuna-emergenza-lupo-in-alpago\\\/\"},\"wordCount\":664,\"publisher\":{\"@id\":\"https:\\\/\\\/www.bellunopress.it\\\/#organization\"},\"image\":{\"@id\":\"https:\\\/\\\/www.bellunopress.it\\\/2023\\\/12\\\/04\\\/associazione-io-non-ho-paura-del-lupo-non-esiste-alcuna-emergenza-lupo-in-alpago\\\/#primaryimage\"},\"thumbnailUrl\":\"https:\\\/\\\/www.bellunopress.it\\\/wp-content\\\/uploads\\\/2023\\\/12\\\/lupo_edited.jpg\",\"articleSection\":[\"Meteo, natura, ambiente, animali\",\"Prima Pagina\",\"Societ\u00e0, Associazioni, Istituzioni\"],\"inLanguage\":\"fr-FR\"},{\"@type\":\"WebPage\",\"@id\":\"https:\\\/\\\/www.bellunopress.it\\\/2023\\\/12\\\/04\\\/associazione-io-non-ho-paura-del-lupo-non-esiste-alcuna-emergenza-lupo-in-alpago\\\/\",\"url\":\"https:\\\/\\\/www.bellunopress.it\\\/2023\\\/12\\\/04\\\/associazione-io-non-ho-paura-del-lupo-non-esiste-alcuna-emergenza-lupo-in-alpago\\\/\",\"name\":\"Associazione Io non ho paura del lupo: \\\"Non esiste alcuna emergenza lupo in Alpago\\\" - Bellunopress - Dolomiti\",\"isPartOf\":{\"@id\":\"https:\\\/\\\/www.bellunopress.it\\\/#website\"},\"primaryImageOfPage\":{\"@id\":\"https:\\\/\\\/www.bellunopress.it\\\/2023\\\/12\\\/04\\\/associazione-io-non-ho-paura-del-lupo-non-esiste-alcuna-emergenza-lupo-in-alpago\\\/#primaryimage\"},\"image\":{\"@id\":\"https:\\\/\\\/www.bellunopress.it\\\/2023\\\/12\\\/04\\\/associazione-io-non-ho-paura-del-lupo-non-esiste-alcuna-emergenza-lupo-in-alpago\\\/#primaryimage\"},\"thumbnailUrl\":\"https:\\\/\\\/www.bellunopress.it\\\/wp-content\\\/uploads\\\/2023\\\/12\\\/lupo_edited.jpg\",\"datePublished\":\"2023-12-04T13:55:46+00:00\",\"breadcrumb\":{\"@id\":\"https:\\\/\\\/www.bellunopress.it\\\/2023\\\/12\\\/04\\\/associazione-io-non-ho-paura-del-lupo-non-esiste-alcuna-emergenza-lupo-in-alpago\\\/#breadcrumb\"},\"inLanguage\":\"fr-FR\",\"potentialAction\":[{\"@type\":\"ReadAction\",\"target\":[\"https:\\\/\\\/www.bellunopress.it\\\/2023\\\/12\\\/04\\\/associazione-io-non-ho-paura-del-lupo-non-esiste-alcuna-emergenza-lupo-in-alpago\\\/\"]}]},{\"@type\":\"ImageObject\",\"inLanguage\":\"fr-FR\",\"@id\":\"https:\\\/\\\/www.bellunopress.it\\\/2023\\\/12\\\/04\\\/associazione-io-non-ho-paura-del-lupo-non-esiste-alcuna-emergenza-lupo-in-alpago\\\/#primaryimage\",\"url\":\"https:\\\/\\\/www.bellunopress.it\\\/wp-content\\\/uploads\\\/2023\\\/12\\\/lupo_edited.jpg\",\"contentUrl\":\"https:\\\/\\\/www.bellunopress.it\\\/wp-content\\\/uploads\\\/2023\\\/12\\\/lupo_edited.jpg\",\"width\":1000,\"height\":934},{\"@type\":\"BreadcrumbList\",\"@id\":\"https:\\\/\\\/www.bellunopress.it\\\/2023\\\/12\\\/04\\\/associazione-io-non-ho-paura-del-lupo-non-esiste-alcuna-emergenza-lupo-in-alpago\\\/#breadcrumb\",\"itemListElement\":[{\"@type\":\"ListItem\",\"position\":1,\"name\":\"Home\",\"item\":\"https:\\\/\\\/www.bellunopress.it\\\/\"},{\"@type\":\"ListItem\",\"position\":2,\"name\":\"Associazione Io non ho paura del lupo: &#8220;Non esiste alcuna emergenza lupo in Alpago&#8221;\"}]},{\"@type\":\"WebSite\",\"@id\":\"https:\\\/\\\/www.bellunopress.it\\\/#website\",\"url\":\"https:\\\/\\\/www.bellunopress.it\\\/\",\"name\":\"Bellunopress - Dolomiti\",\"description\":\"e-mail: redazione@bellunopress.it\",\"publisher\":{\"@id\":\"https:\\\/\\\/www.bellunopress.it\\\/#organization\"},\"potentialAction\":[{\"@type\":\"SearchAction\",\"target\":{\"@type\":\"EntryPoint\",\"urlTemplate\":\"https:\\\/\\\/www.bellunopress.it\\\/?s={search_term_string}\"},\"query-input\":{\"@type\":\"PropertyValueSpecification\",\"valueRequired\":true,\"valueName\":\"search_term_string\"}}],\"inLanguage\":\"fr-FR\"},{\"@type\":\"Organization\",\"@id\":\"https:\\\/\\\/www.bellunopress.it\\\/#organization\",\"name\":\"Bellunopress\",\"url\":\"https:\\\/\\\/www.bellunopress.it\\\/\",\"logo\":{\"@type\":\"ImageObject\",\"inLanguage\":\"fr-FR\",\"@id\":\"https:\\\/\\\/www.bellunopress.it\\\/#\\\/schema\\\/logo\\\/image\\\/\",\"url\":\"https:\\\/\\\/www.bellunopress.it\\\/wp-content\\\/uploads\\\/2011\\\/05\\\/cropped-logo-bellunopress-.jpg\",\"contentUrl\":\"https:\\\/\\\/www.bellunopress.it\\\/wp-content\\\/uploads\\\/2011\\\/05\\\/cropped-logo-bellunopress-.jpg\",\"width\":512,\"height\":512,\"caption\":\"Bellunopress\"},\"image\":{\"@id\":\"https:\\\/\\\/www.bellunopress.it\\\/#\\\/schema\\\/logo\\\/image\\\/\"},\"sameAs\":[\"https:\\\/\\\/www.facebook.com\\\/profile.php?id=100008943462799\",\"https:\\\/\\\/x.com\\\/bellunopress\",\"https:\\\/\\\/www.linkedin.com\\\/hp\\\/?dnr=JBzUWaJfMUw8vbXJJ2tVW5-I3jZKvC4wsoxE&amp;amp;amp;amp;amp;amp;trk=nav_responsive_tab_home\",\"https:\\\/\\\/www.youtube.com\\\/channel\\\/UCxL0wu1uN0_3_7hGG0306cw\"]},{\"@type\":\"Person\",\"@id\":\"https:\\\/\\\/www.bellunopress.it\\\/#\\\/schema\\\/person\\\/79bb06722b37ece1c03d3e94beb30d73\",\"name\":\"redazione\",\"image\":{\"@type\":\"ImageObject\",\"inLanguage\":\"fr-FR\",\"@id\":\"https:\\\/\\\/secure.gravatar.com\\\/avatar\\\/37d968a2e67a6fd04c169c4bdef102d0bc5d31b2546345219e348575eb80e9a0?s=96&d=mm&r=g\",\"url\":\"https:\\\/\\\/secure.gravatar.com\\\/avatar\\\/37d968a2e67a6fd04c169c4bdef102d0bc5d31b2546345219e348575eb80e9a0?s=96&d=mm&r=g\",\"contentUrl\":\"https:\\\/\\\/secure.gravatar.com\\\/avatar\\\/37d968a2e67a6fd04c169c4bdef102d0bc5d31b2546345219e348575eb80e9a0?s=96&d=mm&r=g\",\"caption\":\"redazione\"},\"sameAs\":[\"http:\\\/\\\/www.bellunopress.it\",\"https:\\\/\\\/x.com\\\/bellunopress\"],\"url\":\"https:\\\/\\\/www.bellunopress.it\\\/fr\\\/author\\\/redazione\\\/\"}]}<\/script>\n<!-- \/ Yoast SEO plugin. -->","yoast_head_json":{"title":"Associazione Io non ho paura del lupo: \"Non esiste alcuna emergenza lupo in Alpago\" - Bellunopress - Dolomiti","robots":{"index":"index","follow":"follow","max-snippet":"max-snippet:-1","max-image-preview":"max-image-preview:large","max-video-preview":"max-video-preview:-1"},"canonical":"https:\/\/www.bellunopress.it\/fr\/2023\/12\/04\/associazione-io-non-ho-paura-del-lupo-non-esiste-alcuna-emergenza-lupo-in-alpago\/","og_locale":"fr_FR","og_type":"article","og_title":"Associazione Io non ho paura del lupo: \"Non esiste alcuna emergenza lupo in Alpago\" - Bellunopress - Dolomiti","og_description":"&#8220;Non esiste alcuna &#8220;emergenza lupo&#8221; in Alpago; esiste piuttosto l&#8217;esigenza di informare con equilibrio e solidit\u00e0 scientifica Amministratori, cittadini e allevatori sul ritorno naturale di questo affascinante e controverso predatore.&#8221; Questo il pensiero dell&#8217;Associazione Io non ho paura del lupo, da anni impegnata anche in Veneto per favorire la conservazione del lupo e la sua [&hellip;]","og_url":"https:\/\/www.bellunopress.it\/fr\/2023\/12\/04\/associazione-io-non-ho-paura-del-lupo-non-esiste-alcuna-emergenza-lupo-in-alpago\/","og_site_name":"Bellunopress - Dolomiti","article_publisher":"https:\/\/www.facebook.com\/profile.php?id=100008943462799","article_published_time":"2023-12-04T13:55:46+00:00","og_image":[{"width":1000,"height":934,"url":"https:\/\/www.bellunopress.it\/wp-content\/uploads\/2023\/12\/lupo_edited.jpg","type":"image\/jpeg"}],"author":"redazione","twitter_card":"summary_large_image","twitter_creator":"@bellunopress","twitter_site":"@bellunopress","twitter_misc":{"\u00c9crit par":"redazione","Dur\u00e9e de lecture estim\u00e9e":"3 minutes"},"schema":{"@context":"https:\/\/schema.org","@graph":[{"@type":"Article","@id":"https:\/\/www.bellunopress.it\/2023\/12\/04\/associazione-io-non-ho-paura-del-lupo-non-esiste-alcuna-emergenza-lupo-in-alpago\/#article","isPartOf":{"@id":"https:\/\/www.bellunopress.it\/2023\/12\/04\/associazione-io-non-ho-paura-del-lupo-non-esiste-alcuna-emergenza-lupo-in-alpago\/"},"author":{"name":"redazione","@id":"https:\/\/www.bellunopress.it\/#\/schema\/person\/79bb06722b37ece1c03d3e94beb30d73"},"headline":"Associazione Io non ho paura del lupo: &#8220;Non esiste alcuna emergenza lupo in Alpago&#8221;","datePublished":"2023-12-04T13:55:46+00:00","mainEntityOfPage":{"@id":"https:\/\/www.bellunopress.it\/2023\/12\/04\/associazione-io-non-ho-paura-del-lupo-non-esiste-alcuna-emergenza-lupo-in-alpago\/"},"wordCount":664,"publisher":{"@id":"https:\/\/www.bellunopress.it\/#organization"},"image":{"@id":"https:\/\/www.bellunopress.it\/2023\/12\/04\/associazione-io-non-ho-paura-del-lupo-non-esiste-alcuna-emergenza-lupo-in-alpago\/#primaryimage"},"thumbnailUrl":"https:\/\/www.bellunopress.it\/wp-content\/uploads\/2023\/12\/lupo_edited.jpg","articleSection":["Meteo, natura, ambiente, animali","Prima Pagina","Societ\u00e0, Associazioni, Istituzioni"],"inLanguage":"fr-FR"},{"@type":"WebPage","@id":"https:\/\/www.bellunopress.it\/2023\/12\/04\/associazione-io-non-ho-paura-del-lupo-non-esiste-alcuna-emergenza-lupo-in-alpago\/","url":"https:\/\/www.bellunopress.it\/2023\/12\/04\/associazione-io-non-ho-paura-del-lupo-non-esiste-alcuna-emergenza-lupo-in-alpago\/","name":"Associazione Io non ho paura del lupo: \"Non esiste alcuna emergenza lupo in Alpago\" - Bellunopress - Dolomiti","isPartOf":{"@id":"https:\/\/www.bellunopress.it\/#website"},"primaryImageOfPage":{"@id":"https:\/\/www.bellunopress.it\/2023\/12\/04\/associazione-io-non-ho-paura-del-lupo-non-esiste-alcuna-emergenza-lupo-in-alpago\/#primaryimage"},"image":{"@id":"https:\/\/www.bellunopress.it\/2023\/12\/04\/associazione-io-non-ho-paura-del-lupo-non-esiste-alcuna-emergenza-lupo-in-alpago\/#primaryimage"},"thumbnailUrl":"https:\/\/www.bellunopress.it\/wp-content\/uploads\/2023\/12\/lupo_edited.jpg","datePublished":"2023-12-04T13:55:46+00:00","breadcrumb":{"@id":"https:\/\/www.bellunopress.it\/2023\/12\/04\/associazione-io-non-ho-paura-del-lupo-non-esiste-alcuna-emergenza-lupo-in-alpago\/#breadcrumb"},"inLanguage":"fr-FR","potentialAction":[{"@type":"ReadAction","target":["https:\/\/www.bellunopress.it\/2023\/12\/04\/associazione-io-non-ho-paura-del-lupo-non-esiste-alcuna-emergenza-lupo-in-alpago\/"]}]},{"@type":"ImageObject","inLanguage":"fr-FR","@id":"https:\/\/www.bellunopress.it\/2023\/12\/04\/associazione-io-non-ho-paura-del-lupo-non-esiste-alcuna-emergenza-lupo-in-alpago\/#primaryimage","url":"https:\/\/www.bellunopress.it\/wp-content\/uploads\/2023\/12\/lupo_edited.jpg","contentUrl":"https:\/\/www.bellunopress.it\/wp-content\/uploads\/2023\/12\/lupo_edited.jpg","width":1000,"height":934},{"@type":"BreadcrumbList","@id":"https:\/\/www.bellunopress.it\/2023\/12\/04\/associazione-io-non-ho-paura-del-lupo-non-esiste-alcuna-emergenza-lupo-in-alpago\/#breadcrumb","itemListElement":[{"@type":"ListItem","position":1,"name":"Home","item":"https:\/\/www.bellunopress.it\/"},{"@type":"ListItem","position":2,"name":"Associazione Io non ho paura del lupo: &#8220;Non esiste alcuna emergenza lupo in Alpago&#8221;"}]},{"@type":"WebSite","@id":"https:\/\/www.bellunopress.it\/#website","url":"https:\/\/www.bellunopress.it\/","name":"Bellunopress - Dolomiti","description":"e-mail: redazione@bellunopress.it","publisher":{"@id":"https:\/\/www.bellunopress.it\/#organization"},"potentialAction":[{"@type":"SearchAction","target":{"@type":"EntryPoint","urlTemplate":"https:\/\/www.bellunopress.it\/?s={search_term_string}"},"query-input":{"@type":"PropertyValueSpecification","valueRequired":true,"valueName":"search_term_string"}}],"inLanguage":"fr-FR"},{"@type":"Organization","@id":"https:\/\/www.bellunopress.it\/#organization","name":"Bellunopress","url":"https:\/\/www.bellunopress.it\/","logo":{"@type":"ImageObject","inLanguage":"fr-FR","@id":"https:\/\/www.bellunopress.it\/#\/schema\/logo\/image\/","url":"https:\/\/www.bellunopress.it\/wp-content\/uploads\/2011\/05\/cropped-logo-bellunopress-.jpg","contentUrl":"https:\/\/www.bellunopress.it\/wp-content\/uploads\/2011\/05\/cropped-logo-bellunopress-.jpg","width":512,"height":512,"caption":"Bellunopress"},"image":{"@id":"https:\/\/www.bellunopress.it\/#\/schema\/logo\/image\/"},"sameAs":["https:\/\/www.facebook.com\/profile.php?id=100008943462799","https:\/\/x.com\/bellunopress","https:\/\/www.linkedin.com\/hp\/?dnr=JBzUWaJfMUw8vbXJJ2tVW5-I3jZKvC4wsoxE&amp;amp;amp;amp;amp;amp;trk=nav_responsive_tab_home","https:\/\/www.youtube.com\/channel\/UCxL0wu1uN0_3_7hGG0306cw"]},{"@type":"Person","@id":"https:\/\/www.bellunopress.it\/#\/schema\/person\/79bb06722b37ece1c03d3e94beb30d73","name":"r\u00e9daction","image":{"@type":"ImageObject","inLanguage":"fr-FR","@id":"https:\/\/secure.gravatar.com\/avatar\/37d968a2e67a6fd04c169c4bdef102d0bc5d31b2546345219e348575eb80e9a0?s=96&d=mm&r=g","url":"https:\/\/secure.gravatar.com\/avatar\/37d968a2e67a6fd04c169c4bdef102d0bc5d31b2546345219e348575eb80e9a0?s=96&d=mm&r=g","contentUrl":"https:\/\/secure.gravatar.com\/avatar\/37d968a2e67a6fd04c169c4bdef102d0bc5d31b2546345219e348575eb80e9a0?s=96&d=mm&r=g","caption":"redazione"},"sameAs":["http:\/\/www.bellunopress.it","https:\/\/x.com\/bellunopress"],"url":"https:\/\/www.bellunopress.it\/fr\/author\/redazione\/"}]}},"_links":{"self":[{"href":"https:\/\/www.bellunopress.it\/fr\/wp-json\/wp\/v2\/posts\/146442","targetHints":{"allow":["GET"]}}],"collection":[{"href":"https:\/\/www.bellunopress.it\/fr\/wp-json\/wp\/v2\/posts"}],"about":[{"href":"https:\/\/www.bellunopress.it\/fr\/wp-json\/wp\/v2\/types\/post"}],"author":[{"embeddable":true,"href":"https:\/\/www.bellunopress.it\/fr\/wp-json\/wp\/v2\/users\/2"}],"replies":[{"embeddable":true,"href":"https:\/\/www.bellunopress.it\/fr\/wp-json\/wp\/v2\/comments?post=146442"}],"version-history":[{"count":1,"href":"https:\/\/www.bellunopress.it\/fr\/wp-json\/wp\/v2\/posts\/146442\/revisions"}],"predecessor-version":[{"id":146444,"href":"https:\/\/www.bellunopress.it\/fr\/wp-json\/wp\/v2\/posts\/146442\/revisions\/146444"}],"wp:featuredmedia":[{"embeddable":true,"href":"https:\/\/www.bellunopress.it\/fr\/wp-json\/wp\/v2\/media\/146443"}],"wp:attachment":[{"href":"https:\/\/www.bellunopress.it\/fr\/wp-json\/wp\/v2\/media?parent=146442"}],"wp:term":[{"taxonomy":"category","embeddable":true,"href":"https:\/\/www.bellunopress.it\/fr\/wp-json\/wp\/v2\/categories?post=146442"},{"taxonomy":"post_tag","embeddable":true,"href":"https:\/\/www.bellunopress.it\/fr\/wp-json\/wp\/v2\/tags?post=146442"}],"curies":[{"name":"wp","href":"https:\/\/api.w.org\/{rel}","templated":true}]}}