{"id":146438,"date":"2023-12-04T13:17:39","date_gmt":"2023-12-04T12:17:39","guid":{"rendered":"https:\/\/www.bellunopress.it\/?p=146438"},"modified":"2023-12-04T13:17:39","modified_gmt":"2023-12-04T12:17:39","slug":"cortina-fashion-weekend-dal-7-al-10-dicembre-la-temporary-lounge-dove-si-incontrano-sport-ed-eccellenze","status":"publish","type":"post","link":"https:\/\/www.bellunopress.it\/fr\/2023\/12\/04\/cortina-fashion-weekend-dal-7-al-10-dicembre-la-temporary-lounge-dove-si-incontrano-sport-ed-eccellenze\/","title":{"rendered":"Cortina Fashion Weekend, dal 7 al 10 dicembre, La temporary lounge dove si incontrano sport ed eccellenze"},"content":{"rendered":"<p><img loading=\"lazy\" decoding=\"async\" class=\"alignleft size-full wp-image-129620\" src=\"https:\/\/www.bellunopress.it\/wp-content\/uploads\/2021\/11\/Cortina_Fashion-Weekend_Campanile_2_Crediti_Cortinaforus_edited.jpg\" alt=\"\" width=\"1000\" height=\"667\" srcset=\"https:\/\/www.bellunopress.it\/wp-content\/uploads\/2021\/11\/Cortina_Fashion-Weekend_Campanile_2_Crediti_Cortinaforus_edited.jpg 1000w, https:\/\/www.bellunopress.it\/wp-content\/uploads\/2021\/11\/Cortina_Fashion-Weekend_Campanile_2_Crediti_Cortinaforus_edited-500x334.jpg 500w, https:\/\/www.bellunopress.it\/wp-content\/uploads\/2021\/11\/Cortina_Fashion-Weekend_Campanile_2_Crediti_Cortinaforus_edited-696x464.jpg 696w, https:\/\/www.bellunopress.it\/wp-content\/uploads\/2021\/11\/Cortina_Fashion-Weekend_Campanile_2_Crediti_Cortinaforus_edited-630x420.jpg 630w\" sizes=\"auto, (max-width: 1000px) 100vw, 1000px\" \/>Cortina d&#8217;Ampezzo, 04 dicembre 2023 \u2013 Fondazione Cortina ha scelto di essere al fianco di Cortina For Us come partner istituzionale del Cortina Fashion Weekend (7-10 dicembre), l&#8217;evento pi\u00f9 glamour dell&#8217;inverno della conca Ampezzana.<\/p>\n<p>L&#8217;8 dicembre alle ore 18.00 durante il &#8220;Cortina Fashion Weekend Sport&#8221; Fondazione Cortina sar\u00e0 in Piazza Angelo Dibona per presentare la stagione dei record che vedr\u00e0 Cortina ospitare il maggior numero di appuntamenti di Coppa del Mondo. Un inverno ricco di appuntamenti sportivi internazionali durante il quale le Dolomiti saranno protagoniste con ben 8 eventi, 12 gare in 5 diverse discipline che porteranno in citt\u00e0 oltre 12mila spettatori e 2500 accreditati tra atleti, staff e ospiti. Con l&#8217;occasione sar\u00e0 inoltre presentata anche la partnership tra DMO Dolomiti Bellunesi e la Nazionale Italiana Curling e wheelchair curling che, assieme a Fondazione Cortina, per dar vita a progetti improntati sui valori della solidariet\u00e0 e dell&#8217;inclusione.<\/p>\n<p>Alle ore 19.00 circa in Piazza Farsetti sar\u00e0 il momento dell&#8217;inaugurazione della Temporary Lounge di Fondazione Cortina, una struttura by Outdoor Living in pieno centro citt\u00e0 che rimarr\u00e0 attiva fino al 5 febbraio e dove troveranno spazio incontri, iniziative e prodotti, una vera e propria vetrina per i 27 brand internazionali che supportano Fondazione e lavorano al fianco della citt\u00e0 a supporto degli eventi della stagione invernale.<\/p>\n<p>&#8220;La nostra Lounge sar\u00e0 un luogo di networking e confronto, il punto di incontro tra sport, cultura e il meglio dei prodotti e dei servizi che le nostre imprese partner hanno scelto di portare a Cortina&#8221;, ha dichiarato Stefano Longo, Presidente di Fondazione Cortina. &#8220;Fare rete tra istituzioni e impresa \u00e8 uno dei cardini su cui poggiano le nostre iniziative per dare vita a momenti unici, capaci di valorizzare lo sport ma anche il contributo di tutti quei brand che, investendo su Cortina, scelgono di partecipare attivamente allo sviluppo del nostro territorio. Questa stagione cos\u00ec ricca di appuntamenti sar\u00e0 un banco di prova importante per tutti noi, sia dal punto di vista tecnico-organizzativo che per l&#8217;impegno che ciascuno di noi dovr\u00e0 mettere per costruire una legacy di lungo periodo per la citt\u00e0 fino alle prossime Olimpiadi e Paralimpiadi e oltre&#8221;.<\/p>\n<p>La Lounge sar\u00e0 disponibile per tutte le realt\u00e0 interessate che, condividendo i valori dello sport, dell&#8217;inclusione e della crescita sostenibile vorranno fare di Cortina la loro casa per quest&#8217;inverno. Tra questi, in primis, ci saranno gli attuali partner di Fondazione Cortina che venerd\u00ec sera festeggeranno l&#8217;apertura della stagione invernale: Almaviva, Audi, Cortinabanca, Howden, Lavazza, Prosecco DOC, Umana, Acqua Dolomia, Arzan\u00e0, Atomic, Busforfun, Da Canal Trasporti e Logistica, DBA Group, Demaclenko, Dolomiti Strade, Formaggio Piave, Forst, La Cooperativa di Cortina, Leitner, Liski, My Venice, Parkforfun, Prinoth, PWC, Streetvox, VISA Gruppi Elettrogeni; con il supporto di: Appodia, Cilento, Energiapura, Exclama e Trudi.<\/p>\n<p>La stagione sportiva inizier\u00e0 il 16 dicembre in Faloria con il FIS Snowboard World Cup \u2013 Parallel Giant Slalom. Seguiranno, poi, in ordine: Cortina Curling Cup (11-14 gennaio 2024), AUDI FIS Ski World Cup (26-28 gennaio 2024), FIS Para Alpine Ski World Cup (30 gennaio \u2013 2 febbraio 2024), Granfondo Dobbiaco-Cortina (3-4 febbraio), FIS Snowboard World Cup \u2013 Snowboard Cross (8-9 marzo 2024), Cortina Skimo Cup, finali di Coppa del Mondo ISMF (6-10 aprile 2024), per concludersi il con il tradizionale appuntamento dell&#8217;Alpinathlon (13 aprile).<\/p>\n<p>&nbsp;<\/p>","protected":false},"excerpt":{"rendered":"<p>Cortina d&#8217;Ampezzo, 04 dicembre 2023 \u2013 Fondazione Cortina ha scelto di essere al fianco di Cortina For Us come partner istituzionale del Cortina Fashion Weekend (7-10 dicembre), l&#8217;evento pi\u00f9 glamour dell&#8217;inverno della conca Ampezzana. L&#8217;8 dicembre alle ore 18.00 durante il &#8220;Cortina Fashion Weekend Sport&#8221; Fondazione Cortina sar\u00e0 in Piazza Angelo Dibona per presentare la [&hellip;]<\/p>\n","protected":false},"author":2,"featured_media":129620,"comment_status":"closed","ping_status":"open","sticky":false,"template":"","format":"standard","meta":{"footnotes":""},"categories":[36,26,4],"tags":[],"class_list":["post-146438","post","type-post","status-publish","format-standard","has-post-thumbnail","category-lavoro-economia","category-prima-pagina","category-sport"],"yoast_head":"<!-- This site is optimized with the Yoast SEO plugin v28.4 - https:\/\/yoast.com\/product\/yoast-seo-wordpress\/ -->\n<title>Cortina Fashion Weekend, dal 7 al 10 dicembre, La temporary lounge dove si incontrano sport ed eccellenze - Bellunopress - Dolomiti<\/title>\n<meta name=\"robots\" content=\"index, follow, max-snippet:-1, max-image-preview:large, max-video-preview:-1\" \/>\n<link rel=\"canonical\" href=\"https:\/\/www.bellunopress.it\/fr\/2023\/12\/04\/cortina-fashion-weekend-dal-7-al-10-dicembre-la-temporary-lounge-dove-si-incontrano-sport-ed-eccellenze\/\" \/>\n<meta property=\"og:locale\" content=\"fr_FR\" \/>\n<meta property=\"og:type\" content=\"article\" \/>\n<meta property=\"og:title\" content=\"Cortina Fashion Weekend, dal 7 al 10 dicembre, La temporary lounge dove si incontrano sport ed eccellenze - Bellunopress - Dolomiti\" \/>\n<meta property=\"og:description\" content=\"Cortina d&#8217;Ampezzo, 04 dicembre 2023 \u2013 Fondazione Cortina ha scelto di essere al fianco di Cortina For Us come partner istituzionale del Cortina Fashion Weekend (7-10 dicembre), l&#8217;evento pi\u00f9 glamour dell&#8217;inverno della conca Ampezzana. L&#8217;8 dicembre alle ore 18.00 durante il &#8220;Cortina Fashion Weekend Sport&#8221; Fondazione Cortina sar\u00e0 in Piazza Angelo Dibona per presentare la [&hellip;]\" \/>\n<meta property=\"og:url\" content=\"https:\/\/www.bellunopress.it\/fr\/2023\/12\/04\/cortina-fashion-weekend-dal-7-al-10-dicembre-la-temporary-lounge-dove-si-incontrano-sport-ed-eccellenze\/\" \/>\n<meta property=\"og:site_name\" content=\"Bellunopress - Dolomiti\" \/>\n<meta property=\"article:publisher\" content=\"https:\/\/www.facebook.com\/profile.php?id=100008943462799\" \/>\n<meta property=\"article:published_time\" content=\"2023-12-04T12:17:39+00:00\" \/>\n<meta property=\"og:image\" content=\"https:\/\/www.bellunopress.it\/wp-content\/uploads\/2021\/11\/Cortina_Fashion-Weekend_Campanile_2_Crediti_Cortinaforus_edited.jpg\" \/>\n\t<meta property=\"og:image:width\" content=\"1000\" \/>\n\t<meta property=\"og:image:height\" content=\"667\" \/>\n\t<meta property=\"og:image:type\" content=\"image\/jpeg\" \/>\n<meta name=\"author\" content=\"redazione\" \/>\n<meta name=\"twitter:card\" content=\"summary_large_image\" \/>\n<meta name=\"twitter:creator\" content=\"@bellunopress\" \/>\n<meta name=\"twitter:site\" content=\"@bellunopress\" \/>\n<meta name=\"twitter:label1\" content=\"\u00c9crit par\" \/>\n\t<meta name=\"twitter:data1\" content=\"redazione\" \/>\n\t<meta name=\"twitter:label2\" content=\"Dur\u00e9e de lecture estim\u00e9e\" \/>\n\t<meta name=\"twitter:data2\" content=\"3 minutes\" \/>\n<script type=\"application\/ld+json\" class=\"yoast-schema-graph\">{\"@context\":\"https:\\\/\\\/schema.org\",\"@graph\":[{\"@type\":\"Article\",\"@id\":\"https:\\\/\\\/www.bellunopress.it\\\/2023\\\/12\\\/04\\\/cortina-fashion-weekend-dal-7-al-10-dicembre-la-temporary-lounge-dove-si-incontrano-sport-ed-eccellenze\\\/#article\",\"isPartOf\":{\"@id\":\"https:\\\/\\\/www.bellunopress.it\\\/2023\\\/12\\\/04\\\/cortina-fashion-weekend-dal-7-al-10-dicembre-la-temporary-lounge-dove-si-incontrano-sport-ed-eccellenze\\\/\"},\"author\":{\"name\":\"redazione\",\"@id\":\"https:\\\/\\\/www.bellunopress.it\\\/#\\\/schema\\\/person\\\/79bb06722b37ece1c03d3e94beb30d73\"},\"headline\":\"Cortina Fashion Weekend, dal 7 al 10 dicembre, La temporary lounge dove si incontrano sport ed eccellenze\",\"datePublished\":\"2023-12-04T12:17:39+00:00\",\"mainEntityOfPage\":{\"@id\":\"https:\\\/\\\/www.bellunopress.it\\\/2023\\\/12\\\/04\\\/cortina-fashion-weekend-dal-7-al-10-dicembre-la-temporary-lounge-dove-si-incontrano-sport-ed-eccellenze\\\/\"},\"wordCount\":542,\"publisher\":{\"@id\":\"https:\\\/\\\/www.bellunopress.it\\\/#organization\"},\"image\":{\"@id\":\"https:\\\/\\\/www.bellunopress.it\\\/2023\\\/12\\\/04\\\/cortina-fashion-weekend-dal-7-al-10-dicembre-la-temporary-lounge-dove-si-incontrano-sport-ed-eccellenze\\\/#primaryimage\"},\"thumbnailUrl\":\"https:\\\/\\\/www.bellunopress.it\\\/wp-content\\\/uploads\\\/2021\\\/11\\\/Cortina_Fashion-Weekend_Campanile_2_Crediti_Cortinaforus_edited.jpg\",\"articleSection\":[\"Lavoro, Economia, Turismo\",\"Prima Pagina\",\"Sport, tempo libero\"],\"inLanguage\":\"fr-FR\"},{\"@type\":\"WebPage\",\"@id\":\"https:\\\/\\\/www.bellunopress.it\\\/2023\\\/12\\\/04\\\/cortina-fashion-weekend-dal-7-al-10-dicembre-la-temporary-lounge-dove-si-incontrano-sport-ed-eccellenze\\\/\",\"url\":\"https:\\\/\\\/www.bellunopress.it\\\/2023\\\/12\\\/04\\\/cortina-fashion-weekend-dal-7-al-10-dicembre-la-temporary-lounge-dove-si-incontrano-sport-ed-eccellenze\\\/\",\"name\":\"Cortina Fashion Weekend, dal 7 al 10 dicembre, La temporary lounge dove si incontrano sport ed eccellenze - Bellunopress - Dolomiti\",\"isPartOf\":{\"@id\":\"https:\\\/\\\/www.bellunopress.it\\\/#website\"},\"primaryImageOfPage\":{\"@id\":\"https:\\\/\\\/www.bellunopress.it\\\/2023\\\/12\\\/04\\\/cortina-fashion-weekend-dal-7-al-10-dicembre-la-temporary-lounge-dove-si-incontrano-sport-ed-eccellenze\\\/#primaryimage\"},\"image\":{\"@id\":\"https:\\\/\\\/www.bellunopress.it\\\/2023\\\/12\\\/04\\\/cortina-fashion-weekend-dal-7-al-10-dicembre-la-temporary-lounge-dove-si-incontrano-sport-ed-eccellenze\\\/#primaryimage\"},\"thumbnailUrl\":\"https:\\\/\\\/www.bellunopress.it\\\/wp-content\\\/uploads\\\/2021\\\/11\\\/Cortina_Fashion-Weekend_Campanile_2_Crediti_Cortinaforus_edited.jpg\",\"datePublished\":\"2023-12-04T12:17:39+00:00\",\"breadcrumb\":{\"@id\":\"https:\\\/\\\/www.bellunopress.it\\\/2023\\\/12\\\/04\\\/cortina-fashion-weekend-dal-7-al-10-dicembre-la-temporary-lounge-dove-si-incontrano-sport-ed-eccellenze\\\/#breadcrumb\"},\"inLanguage\":\"fr-FR\",\"potentialAction\":[{\"@type\":\"ReadAction\",\"target\":[\"https:\\\/\\\/www.bellunopress.it\\\/2023\\\/12\\\/04\\\/cortina-fashion-weekend-dal-7-al-10-dicembre-la-temporary-lounge-dove-si-incontrano-sport-ed-eccellenze\\\/\"]}]},{\"@type\":\"ImageObject\",\"inLanguage\":\"fr-FR\",\"@id\":\"https:\\\/\\\/www.bellunopress.it\\\/2023\\\/12\\\/04\\\/cortina-fashion-weekend-dal-7-al-10-dicembre-la-temporary-lounge-dove-si-incontrano-sport-ed-eccellenze\\\/#primaryimage\",\"url\":\"https:\\\/\\\/www.bellunopress.it\\\/wp-content\\\/uploads\\\/2021\\\/11\\\/Cortina_Fashion-Weekend_Campanile_2_Crediti_Cortinaforus_edited.jpg\",\"contentUrl\":\"https:\\\/\\\/www.bellunopress.it\\\/wp-content\\\/uploads\\\/2021\\\/11\\\/Cortina_Fashion-Weekend_Campanile_2_Crediti_Cortinaforus_edited.jpg\",\"width\":1000,\"height\":667},{\"@type\":\"BreadcrumbList\",\"@id\":\"https:\\\/\\\/www.bellunopress.it\\\/2023\\\/12\\\/04\\\/cortina-fashion-weekend-dal-7-al-10-dicembre-la-temporary-lounge-dove-si-incontrano-sport-ed-eccellenze\\\/#breadcrumb\",\"itemListElement\":[{\"@type\":\"ListItem\",\"position\":1,\"name\":\"Home\",\"item\":\"https:\\\/\\\/www.bellunopress.it\\\/\"},{\"@type\":\"ListItem\",\"position\":2,\"name\":\"Cortina Fashion Weekend, dal 7 al 10 dicembre, La temporary lounge dove si incontrano sport ed eccellenze\"}]},{\"@type\":\"WebSite\",\"@id\":\"https:\\\/\\\/www.bellunopress.it\\\/#website\",\"url\":\"https:\\\/\\\/www.bellunopress.it\\\/\",\"name\":\"Bellunopress - Dolomiti\",\"description\":\"e-mail: redazione@bellunopress.it\",\"publisher\":{\"@id\":\"https:\\\/\\\/www.bellunopress.it\\\/#organization\"},\"potentialAction\":[{\"@type\":\"SearchAction\",\"target\":{\"@type\":\"EntryPoint\",\"urlTemplate\":\"https:\\\/\\\/www.bellunopress.it\\\/?s={search_term_string}\"},\"query-input\":{\"@type\":\"PropertyValueSpecification\",\"valueRequired\":true,\"valueName\":\"search_term_string\"}}],\"inLanguage\":\"fr-FR\"},{\"@type\":\"Organization\",\"@id\":\"https:\\\/\\\/www.bellunopress.it\\\/#organization\",\"name\":\"Bellunopress\",\"url\":\"https:\\\/\\\/www.bellunopress.it\\\/\",\"logo\":{\"@type\":\"ImageObject\",\"inLanguage\":\"fr-FR\",\"@id\":\"https:\\\/\\\/www.bellunopress.it\\\/#\\\/schema\\\/logo\\\/image\\\/\",\"url\":\"https:\\\/\\\/www.bellunopress.it\\\/wp-content\\\/uploads\\\/2011\\\/05\\\/cropped-logo-bellunopress-.jpg\",\"contentUrl\":\"https:\\\/\\\/www.bellunopress.it\\\/wp-content\\\/uploads\\\/2011\\\/05\\\/cropped-logo-bellunopress-.jpg\",\"width\":512,\"height\":512,\"caption\":\"Bellunopress\"},\"image\":{\"@id\":\"https:\\\/\\\/www.bellunopress.it\\\/#\\\/schema\\\/logo\\\/image\\\/\"},\"sameAs\":[\"https:\\\/\\\/www.facebook.com\\\/profile.php?id=100008943462799\",\"https:\\\/\\\/x.com\\\/bellunopress\",\"https:\\\/\\\/www.linkedin.com\\\/hp\\\/?dnr=JBzUWaJfMUw8vbXJJ2tVW5-I3jZKvC4wsoxE&amp;amp;amp;amp;amp;amp;trk=nav_responsive_tab_home\",\"https:\\\/\\\/www.youtube.com\\\/channel\\\/UCxL0wu1uN0_3_7hGG0306cw\"]},{\"@type\":\"Person\",\"@id\":\"https:\\\/\\\/www.bellunopress.it\\\/#\\\/schema\\\/person\\\/79bb06722b37ece1c03d3e94beb30d73\",\"name\":\"redazione\",\"image\":{\"@type\":\"ImageObject\",\"inLanguage\":\"fr-FR\",\"@id\":\"https:\\\/\\\/secure.gravatar.com\\\/avatar\\\/37d968a2e67a6fd04c169c4bdef102d0bc5d31b2546345219e348575eb80e9a0?s=96&d=mm&r=g\",\"url\":\"https:\\\/\\\/secure.gravatar.com\\\/avatar\\\/37d968a2e67a6fd04c169c4bdef102d0bc5d31b2546345219e348575eb80e9a0?s=96&d=mm&r=g\",\"contentUrl\":\"https:\\\/\\\/secure.gravatar.com\\\/avatar\\\/37d968a2e67a6fd04c169c4bdef102d0bc5d31b2546345219e348575eb80e9a0?s=96&d=mm&r=g\",\"caption\":\"redazione\"},\"sameAs\":[\"http:\\\/\\\/www.bellunopress.it\",\"https:\\\/\\\/x.com\\\/bellunopress\"],\"url\":\"https:\\\/\\\/www.bellunopress.it\\\/fr\\\/author\\\/redazione\\\/\"}]}<\/script>\n<!-- \/ Yoast SEO plugin. -->","yoast_head_json":{"title":"Cortina Fashion Weekend, dal 7 al 10 dicembre, La temporary lounge dove si incontrano sport ed eccellenze - Bellunopress - Dolomiti","robots":{"index":"index","follow":"follow","max-snippet":"max-snippet:-1","max-image-preview":"max-image-preview:large","max-video-preview":"max-video-preview:-1"},"canonical":"https:\/\/www.bellunopress.it\/fr\/2023\/12\/04\/cortina-fashion-weekend-dal-7-al-10-dicembre-la-temporary-lounge-dove-si-incontrano-sport-ed-eccellenze\/","og_locale":"fr_FR","og_type":"article","og_title":"Cortina Fashion Weekend, dal 7 al 10 dicembre, La temporary lounge dove si incontrano sport ed eccellenze - Bellunopress - Dolomiti","og_description":"Cortina d&#8217;Ampezzo, 04 dicembre 2023 \u2013 Fondazione Cortina ha scelto di essere al fianco di Cortina For Us come partner istituzionale del Cortina Fashion Weekend (7-10 dicembre), l&#8217;evento pi\u00f9 glamour dell&#8217;inverno della conca Ampezzana. L&#8217;8 dicembre alle ore 18.00 durante il &#8220;Cortina Fashion Weekend Sport&#8221; Fondazione Cortina sar\u00e0 in Piazza Angelo Dibona per presentare la [&hellip;]","og_url":"https:\/\/www.bellunopress.it\/fr\/2023\/12\/04\/cortina-fashion-weekend-dal-7-al-10-dicembre-la-temporary-lounge-dove-si-incontrano-sport-ed-eccellenze\/","og_site_name":"Bellunopress - Dolomiti","article_publisher":"https:\/\/www.facebook.com\/profile.php?id=100008943462799","article_published_time":"2023-12-04T12:17:39+00:00","og_image":[{"width":1000,"height":667,"url":"https:\/\/www.bellunopress.it\/wp-content\/uploads\/2021\/11\/Cortina_Fashion-Weekend_Campanile_2_Crediti_Cortinaforus_edited.jpg","type":"image\/jpeg"}],"author":"redazione","twitter_card":"summary_large_image","twitter_creator":"@bellunopress","twitter_site":"@bellunopress","twitter_misc":{"\u00c9crit par":"redazione","Dur\u00e9e de lecture estim\u00e9e":"3 minutes"},"schema":{"@context":"https:\/\/schema.org","@graph":[{"@type":"Article","@id":"https:\/\/www.bellunopress.it\/2023\/12\/04\/cortina-fashion-weekend-dal-7-al-10-dicembre-la-temporary-lounge-dove-si-incontrano-sport-ed-eccellenze\/#article","isPartOf":{"@id":"https:\/\/www.bellunopress.it\/2023\/12\/04\/cortina-fashion-weekend-dal-7-al-10-dicembre-la-temporary-lounge-dove-si-incontrano-sport-ed-eccellenze\/"},"author":{"name":"redazione","@id":"https:\/\/www.bellunopress.it\/#\/schema\/person\/79bb06722b37ece1c03d3e94beb30d73"},"headline":"Cortina Fashion Weekend, dal 7 al 10 dicembre, La temporary lounge dove si incontrano sport ed eccellenze","datePublished":"2023-12-04T12:17:39+00:00","mainEntityOfPage":{"@id":"https:\/\/www.bellunopress.it\/2023\/12\/04\/cortina-fashion-weekend-dal-7-al-10-dicembre-la-temporary-lounge-dove-si-incontrano-sport-ed-eccellenze\/"},"wordCount":542,"publisher":{"@id":"https:\/\/www.bellunopress.it\/#organization"},"image":{"@id":"https:\/\/www.bellunopress.it\/2023\/12\/04\/cortina-fashion-weekend-dal-7-al-10-dicembre-la-temporary-lounge-dove-si-incontrano-sport-ed-eccellenze\/#primaryimage"},"thumbnailUrl":"https:\/\/www.bellunopress.it\/wp-content\/uploads\/2021\/11\/Cortina_Fashion-Weekend_Campanile_2_Crediti_Cortinaforus_edited.jpg","articleSection":["Lavoro, Economia, Turismo","Prima Pagina","Sport, tempo libero"],"inLanguage":"fr-FR"},{"@type":"WebPage","@id":"https:\/\/www.bellunopress.it\/2023\/12\/04\/cortina-fashion-weekend-dal-7-al-10-dicembre-la-temporary-lounge-dove-si-incontrano-sport-ed-eccellenze\/","url":"https:\/\/www.bellunopress.it\/2023\/12\/04\/cortina-fashion-weekend-dal-7-al-10-dicembre-la-temporary-lounge-dove-si-incontrano-sport-ed-eccellenze\/","name":"Cortina Fashion Weekend, dal 7 al 10 dicembre, La temporary lounge dove si incontrano sport ed eccellenze - Bellunopress - Dolomiti","isPartOf":{"@id":"https:\/\/www.bellunopress.it\/#website"},"primaryImageOfPage":{"@id":"https:\/\/www.bellunopress.it\/2023\/12\/04\/cortina-fashion-weekend-dal-7-al-10-dicembre-la-temporary-lounge-dove-si-incontrano-sport-ed-eccellenze\/#primaryimage"},"image":{"@id":"https:\/\/www.bellunopress.it\/2023\/12\/04\/cortina-fashion-weekend-dal-7-al-10-dicembre-la-temporary-lounge-dove-si-incontrano-sport-ed-eccellenze\/#primaryimage"},"thumbnailUrl":"https:\/\/www.bellunopress.it\/wp-content\/uploads\/2021\/11\/Cortina_Fashion-Weekend_Campanile_2_Crediti_Cortinaforus_edited.jpg","datePublished":"2023-12-04T12:17:39+00:00","breadcrumb":{"@id":"https:\/\/www.bellunopress.it\/2023\/12\/04\/cortina-fashion-weekend-dal-7-al-10-dicembre-la-temporary-lounge-dove-si-incontrano-sport-ed-eccellenze\/#breadcrumb"},"inLanguage":"fr-FR","potentialAction":[{"@type":"ReadAction","target":["https:\/\/www.bellunopress.it\/2023\/12\/04\/cortina-fashion-weekend-dal-7-al-10-dicembre-la-temporary-lounge-dove-si-incontrano-sport-ed-eccellenze\/"]}]},{"@type":"ImageObject","inLanguage":"fr-FR","@id":"https:\/\/www.bellunopress.it\/2023\/12\/04\/cortina-fashion-weekend-dal-7-al-10-dicembre-la-temporary-lounge-dove-si-incontrano-sport-ed-eccellenze\/#primaryimage","url":"https:\/\/www.bellunopress.it\/wp-content\/uploads\/2021\/11\/Cortina_Fashion-Weekend_Campanile_2_Crediti_Cortinaforus_edited.jpg","contentUrl":"https:\/\/www.bellunopress.it\/wp-content\/uploads\/2021\/11\/Cortina_Fashion-Weekend_Campanile_2_Crediti_Cortinaforus_edited.jpg","width":1000,"height":667},{"@type":"BreadcrumbList","@id":"https:\/\/www.bellunopress.it\/2023\/12\/04\/cortina-fashion-weekend-dal-7-al-10-dicembre-la-temporary-lounge-dove-si-incontrano-sport-ed-eccellenze\/#breadcrumb","itemListElement":[{"@type":"ListItem","position":1,"name":"Home","item":"https:\/\/www.bellunopress.it\/"},{"@type":"ListItem","position":2,"name":"Cortina Fashion Weekend, dal 7 al 10 dicembre, La temporary lounge dove si incontrano sport ed eccellenze"}]},{"@type":"WebSite","@id":"https:\/\/www.bellunopress.it\/#website","url":"https:\/\/www.bellunopress.it\/","name":"Bellunopress - Dolomiti","description":"e-mail: redazione@bellunopress.it","publisher":{"@id":"https:\/\/www.bellunopress.it\/#organization"},"potentialAction":[{"@type":"SearchAction","target":{"@type":"EntryPoint","urlTemplate":"https:\/\/www.bellunopress.it\/?s={search_term_string}"},"query-input":{"@type":"PropertyValueSpecification","valueRequired":true,"valueName":"search_term_string"}}],"inLanguage":"fr-FR"},{"@type":"Organization","@id":"https:\/\/www.bellunopress.it\/#organization","name":"Bellunopress","url":"https:\/\/www.bellunopress.it\/","logo":{"@type":"ImageObject","inLanguage":"fr-FR","@id":"https:\/\/www.bellunopress.it\/#\/schema\/logo\/image\/","url":"https:\/\/www.bellunopress.it\/wp-content\/uploads\/2011\/05\/cropped-logo-bellunopress-.jpg","contentUrl":"https:\/\/www.bellunopress.it\/wp-content\/uploads\/2011\/05\/cropped-logo-bellunopress-.jpg","width":512,"height":512,"caption":"Bellunopress"},"image":{"@id":"https:\/\/www.bellunopress.it\/#\/schema\/logo\/image\/"},"sameAs":["https:\/\/www.facebook.com\/profile.php?id=100008943462799","https:\/\/x.com\/bellunopress","https:\/\/www.linkedin.com\/hp\/?dnr=JBzUWaJfMUw8vbXJJ2tVW5-I3jZKvC4wsoxE&amp;amp;amp;amp;amp;amp;trk=nav_responsive_tab_home","https:\/\/www.youtube.com\/channel\/UCxL0wu1uN0_3_7hGG0306cw"]},{"@type":"Person","@id":"https:\/\/www.bellunopress.it\/#\/schema\/person\/79bb06722b37ece1c03d3e94beb30d73","name":"r\u00e9daction","image":{"@type":"ImageObject","inLanguage":"fr-FR","@id":"https:\/\/secure.gravatar.com\/avatar\/37d968a2e67a6fd04c169c4bdef102d0bc5d31b2546345219e348575eb80e9a0?s=96&d=mm&r=g","url":"https:\/\/secure.gravatar.com\/avatar\/37d968a2e67a6fd04c169c4bdef102d0bc5d31b2546345219e348575eb80e9a0?s=96&d=mm&r=g","contentUrl":"https:\/\/secure.gravatar.com\/avatar\/37d968a2e67a6fd04c169c4bdef102d0bc5d31b2546345219e348575eb80e9a0?s=96&d=mm&r=g","caption":"redazione"},"sameAs":["http:\/\/www.bellunopress.it","https:\/\/x.com\/bellunopress"],"url":"https:\/\/www.bellunopress.it\/fr\/author\/redazione\/"}]}},"_links":{"self":[{"href":"https:\/\/www.bellunopress.it\/fr\/wp-json\/wp\/v2\/posts\/146438","targetHints":{"allow":["GET"]}}],"collection":[{"href":"https:\/\/www.bellunopress.it\/fr\/wp-json\/wp\/v2\/posts"}],"about":[{"href":"https:\/\/www.bellunopress.it\/fr\/wp-json\/wp\/v2\/types\/post"}],"author":[{"embeddable":true,"href":"https:\/\/www.bellunopress.it\/fr\/wp-json\/wp\/v2\/users\/2"}],"replies":[{"embeddable":true,"href":"https:\/\/www.bellunopress.it\/fr\/wp-json\/wp\/v2\/comments?post=146438"}],"version-history":[{"count":1,"href":"https:\/\/www.bellunopress.it\/fr\/wp-json\/wp\/v2\/posts\/146438\/revisions"}],"predecessor-version":[{"id":146439,"href":"https:\/\/www.bellunopress.it\/fr\/wp-json\/wp\/v2\/posts\/146438\/revisions\/146439"}],"wp:featuredmedia":[{"embeddable":true,"href":"https:\/\/www.bellunopress.it\/fr\/wp-json\/wp\/v2\/media\/129620"}],"wp:attachment":[{"href":"https:\/\/www.bellunopress.it\/fr\/wp-json\/wp\/v2\/media?parent=146438"}],"wp:term":[{"taxonomy":"category","embeddable":true,"href":"https:\/\/www.bellunopress.it\/fr\/wp-json\/wp\/v2\/categories?post=146438"},{"taxonomy":"post_tag","embeddable":true,"href":"https:\/\/www.bellunopress.it\/fr\/wp-json\/wp\/v2\/tags?post=146438"}],"curies":[{"name":"wp","href":"https:\/\/api.w.org\/{rel}","templated":true}]}}