{"id":146436,"date":"2023-12-04T08:53:47","date_gmt":"2023-12-04T07:53:47","guid":{"rendered":"https:\/\/www.bellunopress.it\/?p=146436"},"modified":"2023-12-06T07:01:04","modified_gmt":"2023-12-06T06:01:04","slug":"giovedi-al-bar-insolita-storia-la-serata-finale-dei-mini-racconti","status":"publish","type":"post","link":"https:\/\/www.bellunopress.it\/fr\/2023\/12\/04\/giovedi-al-bar-insolita-storia-la-serata-finale-dei-mini-racconti\/","title":{"rendered":"Gioved\u00ec al bar Insolita storia la serata finale dei mini racconti"},"content":{"rendered":"<p><img loading=\"lazy\" decoding=\"async\" class=\"alignleft size-full wp-image-146503\" src=\"https:\/\/www.bellunopress.it\/wp-content\/uploads\/2023\/12\/mini-racconti-insolita-storia.jpg\" alt=\"\" width=\"1000\" height=\"996\" srcset=\"https:\/\/www.bellunopress.it\/wp-content\/uploads\/2023\/12\/mini-racconti-insolita-storia.jpg 1000w, https:\/\/www.bellunopress.it\/wp-content\/uploads\/2023\/12\/mini-racconti-insolita-storia-500x498.jpg 500w, https:\/\/www.bellunopress.it\/wp-content\/uploads\/2023\/12\/mini-racconti-insolita-storia-300x300.jpg 300w, https:\/\/www.bellunopress.it\/wp-content\/uploads\/2023\/12\/mini-racconti-insolita-storia-696x693.jpg 696w\" sizes=\"auto, (max-width: 1000px) 100vw, 1000px\" \/>Torna Storie Minime Bellunesi, la rassegna di mini racconti per scrittori di ogni tendenza, giunta alla sua nona edizione. \u00c8 tutto pronto al pop bar &#8220;L&#8217;Insolita Storia&#8221;, a Belluno, per la serata dedicata all&#8217;incontro fra gli scrittori e alla lettura dei mini racconti, in programma gioved\u00ec 7 dicembre con inizio alle 20 nel locale di Giuliana e Romana.<\/p>\n<p>Sono una cinquantina gli autori che hanno aderito al tema proposto quest&#8217;anno dal giornalista Ezio Franceschini, ideatore della rassegna, e che si intitola &#8220;Amarcord Belluno&#8221;. Hanno preso la penna scrittori noti e meno noti e semplici appassionati di storie provenienti da tutto il Bellunese e anche da fuori citt\u00e0 e provincia. Ricordi come brandelli di tempo strappati all&#8217;oblio. Memorie individuali che formano la memoria collettiva di un luogo, delle sue trasformazioni e delle vite che lo hanno vissuto e attraversato. Ricordi di una citt\u00e0 com&#8217;era e di come eravamo (ma anche della sua attualit\u00e0), una mappa di &#8220;piccole&#8221; storie come scatti fotografici, tasselli di un mosaico di strade e architetture, incontri, persone, sentimenti.<\/p>\n<p>Questa la traccia seguita dagli autori, le cui mini storie sono state raccolte in un volumetto al quale hanno collaborato per la copertina il fotografo Adriano Barioli e il grafico Roberto Mares. L&#8217;editing dei brani \u00e8 stato eseguito da Francesco Foti mentre la pubblicazione del libro \u00e8 stata curata da Francesca Chiarelli. Attesi gli interventi musicali di Ermes Viel. Nel corso della serata saranno attribuiti il Premio Giuliano Simonetto e il Premio Lidia Manfroi Lanari, in omaggio e in memoria di due grandi amici delle mini storie bellunesi ed il Premio L&#8217;insolita storia.<\/p>","protected":false},"excerpt":{"rendered":"<p>Torna Storie Minime Bellunesi, la rassegna di mini racconti per scrittori di ogni tendenza, giunta alla sua nona edizione. \u00c8 tutto pronto al pop bar &#8220;L&#8217;Insolita Storia&#8221;, a Belluno, per la serata dedicata all&#8217;incontro fra gli scrittori e alla lettura dei mini racconti, in programma gioved\u00ec 7 dicembre con inizio alle 20 nel locale di [&hellip;]<\/p>\n","protected":false},"author":2,"featured_media":91279,"comment_status":"closed","ping_status":"open","sticky":false,"template":"","format":"standard","meta":{"footnotes":""},"categories":[27,25],"tags":[],"class_list":["post-146436","post","type-post","status-publish","format-standard","has-post-thumbnail","category-appuntamenti","category-pausa-caffe"],"yoast_head":"<!-- This site is optimized with the Yoast SEO plugin v28.4 - https:\/\/yoast.com\/product\/yoast-seo-wordpress\/ -->\n<title>Gioved\u00ec al bar Insolita storia la serata finale dei mini racconti - Bellunopress - Dolomiti<\/title>\n<meta name=\"robots\" content=\"index, follow, max-snippet:-1, max-image-preview:large, max-video-preview:-1\" \/>\n<link rel=\"canonical\" href=\"https:\/\/www.bellunopress.it\/fr\/2023\/12\/04\/giovedi-al-bar-insolita-storia-la-serata-finale-dei-mini-racconti\/\" \/>\n<meta property=\"og:locale\" content=\"fr_FR\" \/>\n<meta property=\"og:type\" content=\"article\" \/>\n<meta property=\"og:title\" content=\"Gioved\u00ec al bar Insolita storia la serata finale dei mini racconti - Bellunopress - Dolomiti\" \/>\n<meta property=\"og:description\" content=\"Torna Storie Minime Bellunesi, la rassegna di mini racconti per scrittori di ogni tendenza, giunta alla sua nona edizione. \u00c8 tutto pronto al pop bar &#8220;L&#8217;Insolita Storia&#8221;, a Belluno, per la serata dedicata all&#8217;incontro fra gli scrittori e alla lettura dei mini racconti, in programma gioved\u00ec 7 dicembre con inizio alle 20 nel locale di [&hellip;]\" \/>\n<meta property=\"og:url\" content=\"https:\/\/www.bellunopress.it\/fr\/2023\/12\/04\/giovedi-al-bar-insolita-storia-la-serata-finale-dei-mini-racconti\/\" \/>\n<meta property=\"og:site_name\" content=\"Bellunopress - Dolomiti\" \/>\n<meta property=\"article:publisher\" content=\"https:\/\/www.facebook.com\/profile.php?id=100008943462799\" \/>\n<meta property=\"article:published_time\" content=\"2023-12-04T07:53:47+00:00\" \/>\n<meta property=\"article:modified_time\" content=\"2023-12-06T06:01:04+00:00\" \/>\n<meta property=\"og:image\" content=\"https:\/\/www.bellunopress.it\/wp-content\/uploads\/2017\/12\/Insolita-storia-Giuliana-e-Romana.jpg\" \/>\n\t<meta property=\"og:image:width\" content=\"300\" \/>\n\t<meta property=\"og:image:height\" content=\"214\" \/>\n\t<meta property=\"og:image:type\" content=\"image\/jpeg\" \/>\n<meta name=\"author\" content=\"redazione\" \/>\n<meta name=\"twitter:card\" content=\"summary_large_image\" \/>\n<meta name=\"twitter:creator\" content=\"@bellunopress\" \/>\n<meta name=\"twitter:site\" content=\"@bellunopress\" \/>\n<meta name=\"twitter:label1\" content=\"\u00c9crit par\" \/>\n\t<meta name=\"twitter:data1\" content=\"redazione\" \/>\n\t<meta name=\"twitter:label2\" content=\"Dur\u00e9e de lecture estim\u00e9e\" \/>\n\t<meta name=\"twitter:data2\" content=\"1 minute\" \/>\n<script type=\"application\/ld+json\" class=\"yoast-schema-graph\">{\"@context\":\"https:\\\/\\\/schema.org\",\"@graph\":[{\"@type\":\"Article\",\"@id\":\"https:\\\/\\\/www.bellunopress.it\\\/2023\\\/12\\\/04\\\/giovedi-al-bar-insolita-storia-la-serata-finale-dei-mini-racconti\\\/#article\",\"isPartOf\":{\"@id\":\"https:\\\/\\\/www.bellunopress.it\\\/2023\\\/12\\\/04\\\/giovedi-al-bar-insolita-storia-la-serata-finale-dei-mini-racconti\\\/\"},\"author\":{\"name\":\"redazione\",\"@id\":\"https:\\\/\\\/www.bellunopress.it\\\/#\\\/schema\\\/person\\\/79bb06722b37ece1c03d3e94beb30d73\"},\"headline\":\"Gioved\u00ec al bar Insolita storia la serata finale dei mini racconti\",\"datePublished\":\"2023-12-04T07:53:47+00:00\",\"dateModified\":\"2023-12-06T06:01:04+00:00\",\"mainEntityOfPage\":{\"@id\":\"https:\\\/\\\/www.bellunopress.it\\\/2023\\\/12\\\/04\\\/giovedi-al-bar-insolita-storia-la-serata-finale-dei-mini-racconti\\\/\"},\"wordCount\":277,\"publisher\":{\"@id\":\"https:\\\/\\\/www.bellunopress.it\\\/#organization\"},\"image\":{\"@id\":\"https:\\\/\\\/www.bellunopress.it\\\/2023\\\/12\\\/04\\\/giovedi-al-bar-insolita-storia-la-serata-finale-dei-mini-racconti\\\/#primaryimage\"},\"thumbnailUrl\":\"https:\\\/\\\/www.bellunopress.it\\\/wp-content\\\/uploads\\\/2017\\\/12\\\/Insolita-storia-Giuliana-e-Romana.jpg\",\"articleSection\":[\"Appuntamenti, Eventi\",\"Pausa Caff\u00e8\"],\"inLanguage\":\"fr-FR\"},{\"@type\":\"WebPage\",\"@id\":\"https:\\\/\\\/www.bellunopress.it\\\/2023\\\/12\\\/04\\\/giovedi-al-bar-insolita-storia-la-serata-finale-dei-mini-racconti\\\/\",\"url\":\"https:\\\/\\\/www.bellunopress.it\\\/2023\\\/12\\\/04\\\/giovedi-al-bar-insolita-storia-la-serata-finale-dei-mini-racconti\\\/\",\"name\":\"Gioved\u00ec al bar Insolita storia la serata finale dei mini racconti - Bellunopress - Dolomiti\",\"isPartOf\":{\"@id\":\"https:\\\/\\\/www.bellunopress.it\\\/#website\"},\"primaryImageOfPage\":{\"@id\":\"https:\\\/\\\/www.bellunopress.it\\\/2023\\\/12\\\/04\\\/giovedi-al-bar-insolita-storia-la-serata-finale-dei-mini-racconti\\\/#primaryimage\"},\"image\":{\"@id\":\"https:\\\/\\\/www.bellunopress.it\\\/2023\\\/12\\\/04\\\/giovedi-al-bar-insolita-storia-la-serata-finale-dei-mini-racconti\\\/#primaryimage\"},\"thumbnailUrl\":\"https:\\\/\\\/www.bellunopress.it\\\/wp-content\\\/uploads\\\/2017\\\/12\\\/Insolita-storia-Giuliana-e-Romana.jpg\",\"datePublished\":\"2023-12-04T07:53:47+00:00\",\"dateModified\":\"2023-12-06T06:01:04+00:00\",\"breadcrumb\":{\"@id\":\"https:\\\/\\\/www.bellunopress.it\\\/2023\\\/12\\\/04\\\/giovedi-al-bar-insolita-storia-la-serata-finale-dei-mini-racconti\\\/#breadcrumb\"},\"inLanguage\":\"fr-FR\",\"potentialAction\":[{\"@type\":\"ReadAction\",\"target\":[\"https:\\\/\\\/www.bellunopress.it\\\/2023\\\/12\\\/04\\\/giovedi-al-bar-insolita-storia-la-serata-finale-dei-mini-racconti\\\/\"]}]},{\"@type\":\"ImageObject\",\"inLanguage\":\"fr-FR\",\"@id\":\"https:\\\/\\\/www.bellunopress.it\\\/2023\\\/12\\\/04\\\/giovedi-al-bar-insolita-storia-la-serata-finale-dei-mini-racconti\\\/#primaryimage\",\"url\":\"https:\\\/\\\/www.bellunopress.it\\\/wp-content\\\/uploads\\\/2017\\\/12\\\/Insolita-storia-Giuliana-e-Romana.jpg\",\"contentUrl\":\"https:\\\/\\\/www.bellunopress.it\\\/wp-content\\\/uploads\\\/2017\\\/12\\\/Insolita-storia-Giuliana-e-Romana.jpg\",\"width\":300,\"height\":214,\"caption\":\"Giuliana e Romana - Insolita Storia\"},{\"@type\":\"BreadcrumbList\",\"@id\":\"https:\\\/\\\/www.bellunopress.it\\\/2023\\\/12\\\/04\\\/giovedi-al-bar-insolita-storia-la-serata-finale-dei-mini-racconti\\\/#breadcrumb\",\"itemListElement\":[{\"@type\":\"ListItem\",\"position\":1,\"name\":\"Home\",\"item\":\"https:\\\/\\\/www.bellunopress.it\\\/\"},{\"@type\":\"ListItem\",\"position\":2,\"name\":\"Gioved\u00ec al bar Insolita storia la serata finale dei mini racconti\"}]},{\"@type\":\"WebSite\",\"@id\":\"https:\\\/\\\/www.bellunopress.it\\\/#website\",\"url\":\"https:\\\/\\\/www.bellunopress.it\\\/\",\"name\":\"Bellunopress - Dolomiti\",\"description\":\"e-mail: redazione@bellunopress.it\",\"publisher\":{\"@id\":\"https:\\\/\\\/www.bellunopress.it\\\/#organization\"},\"potentialAction\":[{\"@type\":\"SearchAction\",\"target\":{\"@type\":\"EntryPoint\",\"urlTemplate\":\"https:\\\/\\\/www.bellunopress.it\\\/?s={search_term_string}\"},\"query-input\":{\"@type\":\"PropertyValueSpecification\",\"valueRequired\":true,\"valueName\":\"search_term_string\"}}],\"inLanguage\":\"fr-FR\"},{\"@type\":\"Organization\",\"@id\":\"https:\\\/\\\/www.bellunopress.it\\\/#organization\",\"name\":\"Bellunopress\",\"url\":\"https:\\\/\\\/www.bellunopress.it\\\/\",\"logo\":{\"@type\":\"ImageObject\",\"inLanguage\":\"fr-FR\",\"@id\":\"https:\\\/\\\/www.bellunopress.it\\\/#\\\/schema\\\/logo\\\/image\\\/\",\"url\":\"https:\\\/\\\/www.bellunopress.it\\\/wp-content\\\/uploads\\\/2011\\\/05\\\/cropped-logo-bellunopress-.jpg\",\"contentUrl\":\"https:\\\/\\\/www.bellunopress.it\\\/wp-content\\\/uploads\\\/2011\\\/05\\\/cropped-logo-bellunopress-.jpg\",\"width\":512,\"height\":512,\"caption\":\"Bellunopress\"},\"image\":{\"@id\":\"https:\\\/\\\/www.bellunopress.it\\\/#\\\/schema\\\/logo\\\/image\\\/\"},\"sameAs\":[\"https:\\\/\\\/www.facebook.com\\\/profile.php?id=100008943462799\",\"https:\\\/\\\/x.com\\\/bellunopress\",\"https:\\\/\\\/www.linkedin.com\\\/hp\\\/?dnr=JBzUWaJfMUw8vbXJJ2tVW5-I3jZKvC4wsoxE&amp;amp;amp;amp;amp;amp;trk=nav_responsive_tab_home\",\"https:\\\/\\\/www.youtube.com\\\/channel\\\/UCxL0wu1uN0_3_7hGG0306cw\"]},{\"@type\":\"Person\",\"@id\":\"https:\\\/\\\/www.bellunopress.it\\\/#\\\/schema\\\/person\\\/79bb06722b37ece1c03d3e94beb30d73\",\"name\":\"redazione\",\"image\":{\"@type\":\"ImageObject\",\"inLanguage\":\"fr-FR\",\"@id\":\"https:\\\/\\\/secure.gravatar.com\\\/avatar\\\/37d968a2e67a6fd04c169c4bdef102d0bc5d31b2546345219e348575eb80e9a0?s=96&d=mm&r=g\",\"url\":\"https:\\\/\\\/secure.gravatar.com\\\/avatar\\\/37d968a2e67a6fd04c169c4bdef102d0bc5d31b2546345219e348575eb80e9a0?s=96&d=mm&r=g\",\"contentUrl\":\"https:\\\/\\\/secure.gravatar.com\\\/avatar\\\/37d968a2e67a6fd04c169c4bdef102d0bc5d31b2546345219e348575eb80e9a0?s=96&d=mm&r=g\",\"caption\":\"redazione\"},\"sameAs\":[\"http:\\\/\\\/www.bellunopress.it\",\"https:\\\/\\\/x.com\\\/bellunopress\"],\"url\":\"https:\\\/\\\/www.bellunopress.it\\\/fr\\\/author\\\/redazione\\\/\"}]}<\/script>\n<!-- \/ Yoast SEO plugin. -->","yoast_head_json":{"title":"Gioved\u00ec al bar Insolita storia la serata finale dei mini racconti - Bellunopress - Dolomiti","robots":{"index":"index","follow":"follow","max-snippet":"max-snippet:-1","max-image-preview":"max-image-preview:large","max-video-preview":"max-video-preview:-1"},"canonical":"https:\/\/www.bellunopress.it\/fr\/2023\/12\/04\/giovedi-al-bar-insolita-storia-la-serata-finale-dei-mini-racconti\/","og_locale":"fr_FR","og_type":"article","og_title":"Gioved\u00ec al bar Insolita storia la serata finale dei mini racconti - Bellunopress - Dolomiti","og_description":"Torna Storie Minime Bellunesi, la rassegna di mini racconti per scrittori di ogni tendenza, giunta alla sua nona edizione. \u00c8 tutto pronto al pop bar &#8220;L&#8217;Insolita Storia&#8221;, a Belluno, per la serata dedicata all&#8217;incontro fra gli scrittori e alla lettura dei mini racconti, in programma gioved\u00ec 7 dicembre con inizio alle 20 nel locale di [&hellip;]","og_url":"https:\/\/www.bellunopress.it\/fr\/2023\/12\/04\/giovedi-al-bar-insolita-storia-la-serata-finale-dei-mini-racconti\/","og_site_name":"Bellunopress - Dolomiti","article_publisher":"https:\/\/www.facebook.com\/profile.php?id=100008943462799","article_published_time":"2023-12-04T07:53:47+00:00","article_modified_time":"2023-12-06T06:01:04+00:00","og_image":[{"width":300,"height":214,"url":"https:\/\/www.bellunopress.it\/wp-content\/uploads\/2017\/12\/Insolita-storia-Giuliana-e-Romana.jpg","type":"image\/jpeg"}],"author":"redazione","twitter_card":"summary_large_image","twitter_creator":"@bellunopress","twitter_site":"@bellunopress","twitter_misc":{"\u00c9crit par":"redazione","Dur\u00e9e de lecture estim\u00e9e":"1 minute"},"schema":{"@context":"https:\/\/schema.org","@graph":[{"@type":"Article","@id":"https:\/\/www.bellunopress.it\/2023\/12\/04\/giovedi-al-bar-insolita-storia-la-serata-finale-dei-mini-racconti\/#article","isPartOf":{"@id":"https:\/\/www.bellunopress.it\/2023\/12\/04\/giovedi-al-bar-insolita-storia-la-serata-finale-dei-mini-racconti\/"},"author":{"name":"redazione","@id":"https:\/\/www.bellunopress.it\/#\/schema\/person\/79bb06722b37ece1c03d3e94beb30d73"},"headline":"Gioved\u00ec al bar Insolita storia la serata finale dei mini racconti","datePublished":"2023-12-04T07:53:47+00:00","dateModified":"2023-12-06T06:01:04+00:00","mainEntityOfPage":{"@id":"https:\/\/www.bellunopress.it\/2023\/12\/04\/giovedi-al-bar-insolita-storia-la-serata-finale-dei-mini-racconti\/"},"wordCount":277,"publisher":{"@id":"https:\/\/www.bellunopress.it\/#organization"},"image":{"@id":"https:\/\/www.bellunopress.it\/2023\/12\/04\/giovedi-al-bar-insolita-storia-la-serata-finale-dei-mini-racconti\/#primaryimage"},"thumbnailUrl":"https:\/\/www.bellunopress.it\/wp-content\/uploads\/2017\/12\/Insolita-storia-Giuliana-e-Romana.jpg","articleSection":["Appuntamenti, Eventi","Pausa Caff\u00e8"],"inLanguage":"fr-FR"},{"@type":"WebPage","@id":"https:\/\/www.bellunopress.it\/2023\/12\/04\/giovedi-al-bar-insolita-storia-la-serata-finale-dei-mini-racconti\/","url":"https:\/\/www.bellunopress.it\/2023\/12\/04\/giovedi-al-bar-insolita-storia-la-serata-finale-dei-mini-racconti\/","name":"Gioved\u00ec al bar Insolita storia la serata finale dei mini racconti - Bellunopress - Dolomiti","isPartOf":{"@id":"https:\/\/www.bellunopress.it\/#website"},"primaryImageOfPage":{"@id":"https:\/\/www.bellunopress.it\/2023\/12\/04\/giovedi-al-bar-insolita-storia-la-serata-finale-dei-mini-racconti\/#primaryimage"},"image":{"@id":"https:\/\/www.bellunopress.it\/2023\/12\/04\/giovedi-al-bar-insolita-storia-la-serata-finale-dei-mini-racconti\/#primaryimage"},"thumbnailUrl":"https:\/\/www.bellunopress.it\/wp-content\/uploads\/2017\/12\/Insolita-storia-Giuliana-e-Romana.jpg","datePublished":"2023-12-04T07:53:47+00:00","dateModified":"2023-12-06T06:01:04+00:00","breadcrumb":{"@id":"https:\/\/www.bellunopress.it\/2023\/12\/04\/giovedi-al-bar-insolita-storia-la-serata-finale-dei-mini-racconti\/#breadcrumb"},"inLanguage":"fr-FR","potentialAction":[{"@type":"ReadAction","target":["https:\/\/www.bellunopress.it\/2023\/12\/04\/giovedi-al-bar-insolita-storia-la-serata-finale-dei-mini-racconti\/"]}]},{"@type":"ImageObject","inLanguage":"fr-FR","@id":"https:\/\/www.bellunopress.it\/2023\/12\/04\/giovedi-al-bar-insolita-storia-la-serata-finale-dei-mini-racconti\/#primaryimage","url":"https:\/\/www.bellunopress.it\/wp-content\/uploads\/2017\/12\/Insolita-storia-Giuliana-e-Romana.jpg","contentUrl":"https:\/\/www.bellunopress.it\/wp-content\/uploads\/2017\/12\/Insolita-storia-Giuliana-e-Romana.jpg","width":300,"height":214,"caption":"Giuliana e Romana - Insolita Storia"},{"@type":"BreadcrumbList","@id":"https:\/\/www.bellunopress.it\/2023\/12\/04\/giovedi-al-bar-insolita-storia-la-serata-finale-dei-mini-racconti\/#breadcrumb","itemListElement":[{"@type":"ListItem","position":1,"name":"Home","item":"https:\/\/www.bellunopress.it\/"},{"@type":"ListItem","position":2,"name":"Gioved\u00ec al bar Insolita storia la serata finale dei mini racconti"}]},{"@type":"WebSite","@id":"https:\/\/www.bellunopress.it\/#website","url":"https:\/\/www.bellunopress.it\/","name":"Bellunopress - Dolomiti","description":"e-mail: redazione@bellunopress.it","publisher":{"@id":"https:\/\/www.bellunopress.it\/#organization"},"potentialAction":[{"@type":"SearchAction","target":{"@type":"EntryPoint","urlTemplate":"https:\/\/www.bellunopress.it\/?s={search_term_string}"},"query-input":{"@type":"PropertyValueSpecification","valueRequired":true,"valueName":"search_term_string"}}],"inLanguage":"fr-FR"},{"@type":"Organization","@id":"https:\/\/www.bellunopress.it\/#organization","name":"Bellunopress","url":"https:\/\/www.bellunopress.it\/","logo":{"@type":"ImageObject","inLanguage":"fr-FR","@id":"https:\/\/www.bellunopress.it\/#\/schema\/logo\/image\/","url":"https:\/\/www.bellunopress.it\/wp-content\/uploads\/2011\/05\/cropped-logo-bellunopress-.jpg","contentUrl":"https:\/\/www.bellunopress.it\/wp-content\/uploads\/2011\/05\/cropped-logo-bellunopress-.jpg","width":512,"height":512,"caption":"Bellunopress"},"image":{"@id":"https:\/\/www.bellunopress.it\/#\/schema\/logo\/image\/"},"sameAs":["https:\/\/www.facebook.com\/profile.php?id=100008943462799","https:\/\/x.com\/bellunopress","https:\/\/www.linkedin.com\/hp\/?dnr=JBzUWaJfMUw8vbXJJ2tVW5-I3jZKvC4wsoxE&amp;amp;amp;amp;amp;amp;trk=nav_responsive_tab_home","https:\/\/www.youtube.com\/channel\/UCxL0wu1uN0_3_7hGG0306cw"]},{"@type":"Person","@id":"https:\/\/www.bellunopress.it\/#\/schema\/person\/79bb06722b37ece1c03d3e94beb30d73","name":"r\u00e9daction","image":{"@type":"ImageObject","inLanguage":"fr-FR","@id":"https:\/\/secure.gravatar.com\/avatar\/37d968a2e67a6fd04c169c4bdef102d0bc5d31b2546345219e348575eb80e9a0?s=96&d=mm&r=g","url":"https:\/\/secure.gravatar.com\/avatar\/37d968a2e67a6fd04c169c4bdef102d0bc5d31b2546345219e348575eb80e9a0?s=96&d=mm&r=g","contentUrl":"https:\/\/secure.gravatar.com\/avatar\/37d968a2e67a6fd04c169c4bdef102d0bc5d31b2546345219e348575eb80e9a0?s=96&d=mm&r=g","caption":"redazione"},"sameAs":["http:\/\/www.bellunopress.it","https:\/\/x.com\/bellunopress"],"url":"https:\/\/www.bellunopress.it\/fr\/author\/redazione\/"}]}},"_links":{"self":[{"href":"https:\/\/www.bellunopress.it\/fr\/wp-json\/wp\/v2\/posts\/146436","targetHints":{"allow":["GET"]}}],"collection":[{"href":"https:\/\/www.bellunopress.it\/fr\/wp-json\/wp\/v2\/posts"}],"about":[{"href":"https:\/\/www.bellunopress.it\/fr\/wp-json\/wp\/v2\/types\/post"}],"author":[{"embeddable":true,"href":"https:\/\/www.bellunopress.it\/fr\/wp-json\/wp\/v2\/users\/2"}],"replies":[{"embeddable":true,"href":"https:\/\/www.bellunopress.it\/fr\/wp-json\/wp\/v2\/comments?post=146436"}],"version-history":[{"count":3,"href":"https:\/\/www.bellunopress.it\/fr\/wp-json\/wp\/v2\/posts\/146436\/revisions"}],"predecessor-version":[{"id":146504,"href":"https:\/\/www.bellunopress.it\/fr\/wp-json\/wp\/v2\/posts\/146436\/revisions\/146504"}],"wp:featuredmedia":[{"embeddable":true,"href":"https:\/\/www.bellunopress.it\/fr\/wp-json\/wp\/v2\/media\/91279"}],"wp:attachment":[{"href":"https:\/\/www.bellunopress.it\/fr\/wp-json\/wp\/v2\/media?parent=146436"}],"wp:term":[{"taxonomy":"category","embeddable":true,"href":"https:\/\/www.bellunopress.it\/fr\/wp-json\/wp\/v2\/categories?post=146436"},{"taxonomy":"post_tag","embeddable":true,"href":"https:\/\/www.bellunopress.it\/fr\/wp-json\/wp\/v2\/tags?post=146436"}],"curies":[{"name":"wp","href":"https:\/\/api.w.org\/{rel}","templated":true}]}}