{"id":146434,"date":"2023-12-04T08:16:33","date_gmt":"2023-12-04T07:16:33","guid":{"rendered":"https:\/\/www.bellunopress.it\/?p=146434"},"modified":"2023-12-04T08:16:33","modified_gmt":"2023-12-04T07:16:33","slug":"4-dicembre-santa-barbara-patrona-dei-vigili-del-fuoco-riepilogo-dellattivita-svolta","status":"publish","type":"post","link":"https:\/\/www.bellunopress.it\/fr\/2023\/12\/04\/4-dicembre-santa-barbara-patrona-dei-vigili-del-fuoco-riepilogo-dellattivita-svolta\/","title":{"rendered":"4 dicembre Santa Barbara, patrona dei Vigili del fuoco. Riepilogo dell&#8217;attivit\u00e0 svolta"},"content":{"rendered":"<p><img loading=\"lazy\" decoding=\"async\" class=\"alignleft size-full wp-image-126848\" src=\"https:\/\/www.bellunopress.it\/wp-content\/uploads\/2021\/08\/vigili-del-fuoco-belluno-1_edited.jpg\" alt=\"\" width=\"800\" height=\"521\" srcset=\"https:\/\/www.bellunopress.it\/wp-content\/uploads\/2021\/08\/vigili-del-fuoco-belluno-1_edited.jpg 800w, https:\/\/www.bellunopress.it\/wp-content\/uploads\/2021\/08\/vigili-del-fuoco-belluno-1_edited-500x326.jpg 500w, https:\/\/www.bellunopress.it\/wp-content\/uploads\/2021\/08\/vigili-del-fuoco-belluno-1_edited-696x453.jpg 696w, https:\/\/www.bellunopress.it\/wp-content\/uploads\/2021\/08\/vigili-del-fuoco-belluno-1_edited-645x420.jpg 645w\" sizes=\"auto, (max-width: 800px) 100vw, 800px\" \/>Oggi 4 dicembre, i Vigili del fuoco celebrano Santa Barbara festa della loro Patrona, che rappresenta la capacit\u00e0 di affrontare il pericolo con fede, coraggio e serenit\u00e0 anche quando non c&#8217;\u00e8 alcuna via di scampo. Radici in cui affonda il senso di servizio e appartenenza di donne e uomini del Corpo dei Vigili del fuoco. Cerimonie di celebrazioni si terranno oggi in tutte le sedi d\u2019Italia.<\/p>\n<p>La ricorrenza \u00e8 anche momento di riflessione sull&#8217;attivit\u00e0 svolta e l&#8217;efficacia del servizio prestato. Dal 1\u00b0 dicembre 2022 al 30 novembre 2023 nella regione del Veneto sono stati eseguiti 44944 interventi dei Vigili del fuoco. Rispetto allo stesso periodo dell\u2019anno precedente c\u2019\u00e8 stato un incremento di 772 interventi, pari al 1,8%. Mediamente ogni giorno i Vigili del fuoco sono intervenuti in Regione in 123 emergenze.<br \/>\nSono stati 10703 gli interventi del comando di Venezia, a seguire il comando di Treviso con 6814, Padova con 6793, Verona con 6293, Vicenza con 6188, Belluno con 4408 e Rovigo con 3745.<\/p>\n<p>Gli incendi nella regione Veneto sono stati 6998 con una notevole diminuzione di oltre 2000 interventi in meno rispetto al periodo annuale preso in esame. Tra gli interventi pi\u00f9 impegnativi: nel mese di gennaio l\u2019incendio di un\u2019azienda ittica ad Ariano Polesine (RO). A febbraio il devastante rogo del salumificio Coatti ad Arbizzano (VR), l\u2019incendio dell\u2019azienda metalmeccanica Nidec a Gambugliano (VI). Ad aprile l\u2019incendio a Giavera del Montello (TV) di un capannone deposito logistico di abbigliamento di oltre 18000 mq.<\/p>\n<p>Incremento degli interventi per soccorsi e salvataggi pari 8344 con un aumento pari a 260 operazioni di soccorso, tra cui rientra l\u2019attivit\u00e0 di ricerca persone secondo i piani delle prefetture. I Vigili del fuoco negli ultimi 12 mesi sono intervenuti per 107 ricerche persone in regione cos\u00ec ripartiti: Belluno 27, Vicenza 17, Treviso 16, Venezia 16, Verona 13, Padova 11, Rovigo 7. Rispetto allo scorso anno c\u2019\u00e8 stato un decremento di 38 casi in meno. Le ricerche persone coordinate dalla Direzione interregionale hanno visto l\u2019impiego oltre del personale delle squadre ordinarie dei comandi anche di tutti i nuclei specialistici ed alta qualificazione: reparto volo, nucleo SAPR (Sistemi Aeromobili a Pilotaggio Remoto), cinofili, operatori TAS (Topografia Applicata al Soccorso), sommozzatori, operatori SAF (Speleo Alpino Fluviali).<\/p>\n<p>Incremento degli interventi per incidenti stradali pari 4693 operazioni di soccorso rispetto ai 4554 dei dodici mesi precedenti, dati sempre riferiti alla regione Veneto. Tra gli incidenti stradali da segnalare la tragedia del bus precipitato a Marghera dove hanno perso la vita 21 persone e 15 sono rimaste ferite.<\/p>\n<p>Tra le attivit\u00e0 della direzione interregionale dei Vigili del fuoco del Veneto e Trentino Alto Adige, diretta dall\u2019ing. Loris Munaro, il coordinamento dei 7 comandi provinciali e la gestione della colonna mobile regionale. Colonna mobile che viene attivata in caso di calamit\u00e0 e coordinata dal dirigente superiore Cristiano Cusin, che sovrintende anche all\u2019attivit\u00e0 del reparto volo di Venezia e dei sommozzatori della citt\u00e0 lagunare e di Vicenza, sede degli spelo sub della macro area Nord.<\/p>\n<p>Sono stati 188 gli interventi del reparto Volo di Venezia, che sono intervenuti anche fuori regione: 110 volte per ricerca persone; 26 volte per soccorso e salvataggi persone in montagna e mare; 4 volte per recupero salma; 5 volte per incendi boschivi e d\u2019interfaccia; 16 volte per recupero animali in posti impervi; 19 volte per calamit\u00e0; 2 volte per ricerca aeromobili; 6 volte per interventi vari. Sono stati invece 260 gli interventi dei sommozzatori dei due nuclei regionali di Venezia e Vicenza, rispetto ai 215 dell\u2019anno precedente preso in esame.<\/p>\n<p>Tra i compiti della Direzione interregionale l\u2019esame delle istanze di deroga alle normative vigenti antincendio: 60 quelle esaminate nel 2023, in linea con quelle dello scorso anno. Inoltre una volta al mese si \u00e8 riunito anche il comitato tecnico regionale per l\u2019esame della direttiva Seveso, che in Veneto riguarda 45 attivit\u00e0 a rischio d\u2019incidente rilevante: valutate 130 istanze, effettuate oltre 20 ispezioni presso le stesse attivit\u00e0, con oltre 100 sopralluoghi nelle aziende. Sono state predisposte numerose edizioni del corso per formatori in materia di antincendi per la normativa salute e sicurezza dei lavoratori. Abilitati oltre 100 tecnici formatori, sia dipendenti di enti pubblici (Asl e Esercito) sia professionisti iscritti agli ordini professionali.<\/p>\n<p>Nel mese di Febbraio, il team USAR (Urban Search and Rescue) dei vigili del fuoco della Direzione interregionale Veneto e Trentino Alto Adige, ha partecipato alle operazioni di soccorso per il terremoto in Turchia. Durante il mese di maggio squadre dei comandi del Veneto sono intervenute con personale e mezzi movimenti terra a supporto delle operazioni di soccorso per l\u2019alluvione in Emilia Romagna. Ricertificazione Europea delle sezioni operative della Direzione interregionale dei moduli dei vigili del fuoco per l\u2019alta capacit\u00e0 di pompaggio. Dopo l\u2019esercitazione svolta nel mese di ottobre in Repubblica Ceca insieme ai colleghi provenienti da Olanda, Polonia, Svezia, Bosnia Erzegovina e Germania, \u00e8 stata confermata l\u2019operativit\u00e0 delle squadre nell\u2019ambito del meccanismo di protezione civile europeo in caso di alluvioni.<\/p>","protected":false},"excerpt":{"rendered":"<p>Oggi 4 dicembre, i Vigili del fuoco celebrano Santa Barbara festa della loro Patrona, che rappresenta la capacit\u00e0 di affrontare il pericolo con fede, coraggio e serenit\u00e0 anche quando non c&#8217;\u00e8 alcuna via di scampo. Radici in cui affonda il senso di servizio e appartenenza di donne e uomini del Corpo dei Vigili del fuoco. [&hellip;]<\/p>\n","protected":false},"author":2,"featured_media":126848,"comment_status":"closed","ping_status":"open","sticky":false,"template":"","format":"standard","meta":{"footnotes":""},"categories":[26,8],"tags":[],"class_list":["post-146434","post","type-post","status-publish","format-standard","has-post-thumbnail","category-prima-pagina","category-societa-istituzioni"],"yoast_head":"<!-- This site is optimized with the Yoast SEO plugin v28.4 - https:\/\/yoast.com\/product\/yoast-seo-wordpress\/ -->\n<title>4 dicembre Santa Barbara, patrona dei Vigili del fuoco. Riepilogo dell&#039;attivit\u00e0 svolta - Bellunopress - Dolomiti<\/title>\n<meta name=\"robots\" content=\"index, follow, max-snippet:-1, max-image-preview:large, max-video-preview:-1\" \/>\n<link rel=\"canonical\" href=\"https:\/\/www.bellunopress.it\/fr\/2023\/12\/04\/4-dicembre-santa-barbara-patrona-dei-vigili-del-fuoco-riepilogo-dellattivita-svolta\/\" \/>\n<meta property=\"og:locale\" content=\"fr_FR\" \/>\n<meta property=\"og:type\" content=\"article\" \/>\n<meta property=\"og:title\" content=\"4 dicembre Santa Barbara, patrona dei Vigili del fuoco. Riepilogo dell&#039;attivit\u00e0 svolta - Bellunopress - Dolomiti\" \/>\n<meta property=\"og:description\" content=\"Oggi 4 dicembre, i Vigili del fuoco celebrano Santa Barbara festa della loro Patrona, che rappresenta la capacit\u00e0 di affrontare il pericolo con fede, coraggio e serenit\u00e0 anche quando non c&#8217;\u00e8 alcuna via di scampo. Radici in cui affonda il senso di servizio e appartenenza di donne e uomini del Corpo dei Vigili del fuoco. [&hellip;]\" \/>\n<meta property=\"og:url\" content=\"https:\/\/www.bellunopress.it\/fr\/2023\/12\/04\/4-dicembre-santa-barbara-patrona-dei-vigili-del-fuoco-riepilogo-dellattivita-svolta\/\" \/>\n<meta property=\"og:site_name\" content=\"Bellunopress - Dolomiti\" \/>\n<meta property=\"article:publisher\" content=\"https:\/\/www.facebook.com\/profile.php?id=100008943462799\" \/>\n<meta property=\"article:published_time\" content=\"2023-12-04T07:16:33+00:00\" \/>\n<meta property=\"og:image\" content=\"https:\/\/www.bellunopress.it\/wp-content\/uploads\/2021\/08\/vigili-del-fuoco-belluno-1_edited.jpg\" \/>\n\t<meta property=\"og:image:width\" content=\"800\" \/>\n\t<meta property=\"og:image:height\" content=\"521\" \/>\n\t<meta property=\"og:image:type\" content=\"image\/jpeg\" \/>\n<meta name=\"author\" content=\"redazione\" \/>\n<meta name=\"twitter:card\" content=\"summary_large_image\" \/>\n<meta name=\"twitter:creator\" content=\"@bellunopress\" \/>\n<meta name=\"twitter:site\" content=\"@bellunopress\" \/>\n<meta name=\"twitter:label1\" content=\"\u00c9crit par\" \/>\n\t<meta name=\"twitter:data1\" content=\"redazione\" \/>\n\t<meta name=\"twitter:label2\" content=\"Dur\u00e9e de lecture estim\u00e9e\" \/>\n\t<meta name=\"twitter:data2\" content=\"4 minutes\" \/>\n<script type=\"application\/ld+json\" class=\"yoast-schema-graph\">{\"@context\":\"https:\\\/\\\/schema.org\",\"@graph\":[{\"@type\":\"Article\",\"@id\":\"https:\\\/\\\/www.bellunopress.it\\\/2023\\\/12\\\/04\\\/4-dicembre-santa-barbara-patrona-dei-vigili-del-fuoco-riepilogo-dellattivita-svolta\\\/#article\",\"isPartOf\":{\"@id\":\"https:\\\/\\\/www.bellunopress.it\\\/2023\\\/12\\\/04\\\/4-dicembre-santa-barbara-patrona-dei-vigili-del-fuoco-riepilogo-dellattivita-svolta\\\/\"},\"author\":{\"name\":\"redazione\",\"@id\":\"https:\\\/\\\/www.bellunopress.it\\\/#\\\/schema\\\/person\\\/79bb06722b37ece1c03d3e94beb30d73\"},\"headline\":\"4 dicembre Santa Barbara, patrona dei Vigili del fuoco. Riepilogo dell&#8217;attivit\u00e0 svolta\",\"datePublished\":\"2023-12-04T07:16:33+00:00\",\"mainEntityOfPage\":{\"@id\":\"https:\\\/\\\/www.bellunopress.it\\\/2023\\\/12\\\/04\\\/4-dicembre-santa-barbara-patrona-dei-vigili-del-fuoco-riepilogo-dellattivita-svolta\\\/\"},\"wordCount\":792,\"publisher\":{\"@id\":\"https:\\\/\\\/www.bellunopress.it\\\/#organization\"},\"image\":{\"@id\":\"https:\\\/\\\/www.bellunopress.it\\\/2023\\\/12\\\/04\\\/4-dicembre-santa-barbara-patrona-dei-vigili-del-fuoco-riepilogo-dellattivita-svolta\\\/#primaryimage\"},\"thumbnailUrl\":\"https:\\\/\\\/www.bellunopress.it\\\/wp-content\\\/uploads\\\/2021\\\/08\\\/vigili-del-fuoco-belluno-1_edited.jpg\",\"articleSection\":[\"Prima Pagina\",\"Societ\u00e0, Associazioni, Istituzioni\"],\"inLanguage\":\"fr-FR\"},{\"@type\":\"WebPage\",\"@id\":\"https:\\\/\\\/www.bellunopress.it\\\/2023\\\/12\\\/04\\\/4-dicembre-santa-barbara-patrona-dei-vigili-del-fuoco-riepilogo-dellattivita-svolta\\\/\",\"url\":\"https:\\\/\\\/www.bellunopress.it\\\/2023\\\/12\\\/04\\\/4-dicembre-santa-barbara-patrona-dei-vigili-del-fuoco-riepilogo-dellattivita-svolta\\\/\",\"name\":\"4 dicembre Santa Barbara, patrona dei Vigili del fuoco. Riepilogo dell'attivit\u00e0 svolta - Bellunopress - Dolomiti\",\"isPartOf\":{\"@id\":\"https:\\\/\\\/www.bellunopress.it\\\/#website\"},\"primaryImageOfPage\":{\"@id\":\"https:\\\/\\\/www.bellunopress.it\\\/2023\\\/12\\\/04\\\/4-dicembre-santa-barbara-patrona-dei-vigili-del-fuoco-riepilogo-dellattivita-svolta\\\/#primaryimage\"},\"image\":{\"@id\":\"https:\\\/\\\/www.bellunopress.it\\\/2023\\\/12\\\/04\\\/4-dicembre-santa-barbara-patrona-dei-vigili-del-fuoco-riepilogo-dellattivita-svolta\\\/#primaryimage\"},\"thumbnailUrl\":\"https:\\\/\\\/www.bellunopress.it\\\/wp-content\\\/uploads\\\/2021\\\/08\\\/vigili-del-fuoco-belluno-1_edited.jpg\",\"datePublished\":\"2023-12-04T07:16:33+00:00\",\"breadcrumb\":{\"@id\":\"https:\\\/\\\/www.bellunopress.it\\\/2023\\\/12\\\/04\\\/4-dicembre-santa-barbara-patrona-dei-vigili-del-fuoco-riepilogo-dellattivita-svolta\\\/#breadcrumb\"},\"inLanguage\":\"fr-FR\",\"potentialAction\":[{\"@type\":\"ReadAction\",\"target\":[\"https:\\\/\\\/www.bellunopress.it\\\/2023\\\/12\\\/04\\\/4-dicembre-santa-barbara-patrona-dei-vigili-del-fuoco-riepilogo-dellattivita-svolta\\\/\"]}]},{\"@type\":\"ImageObject\",\"inLanguage\":\"fr-FR\",\"@id\":\"https:\\\/\\\/www.bellunopress.it\\\/2023\\\/12\\\/04\\\/4-dicembre-santa-barbara-patrona-dei-vigili-del-fuoco-riepilogo-dellattivita-svolta\\\/#primaryimage\",\"url\":\"https:\\\/\\\/www.bellunopress.it\\\/wp-content\\\/uploads\\\/2021\\\/08\\\/vigili-del-fuoco-belluno-1_edited.jpg\",\"contentUrl\":\"https:\\\/\\\/www.bellunopress.it\\\/wp-content\\\/uploads\\\/2021\\\/08\\\/vigili-del-fuoco-belluno-1_edited.jpg\",\"width\":800,\"height\":521},{\"@type\":\"BreadcrumbList\",\"@id\":\"https:\\\/\\\/www.bellunopress.it\\\/2023\\\/12\\\/04\\\/4-dicembre-santa-barbara-patrona-dei-vigili-del-fuoco-riepilogo-dellattivita-svolta\\\/#breadcrumb\",\"itemListElement\":[{\"@type\":\"ListItem\",\"position\":1,\"name\":\"Home\",\"item\":\"https:\\\/\\\/www.bellunopress.it\\\/\"},{\"@type\":\"ListItem\",\"position\":2,\"name\":\"4 dicembre Santa Barbara, patrona dei Vigili del fuoco. Riepilogo dell&#8217;attivit\u00e0 svolta\"}]},{\"@type\":\"WebSite\",\"@id\":\"https:\\\/\\\/www.bellunopress.it\\\/#website\",\"url\":\"https:\\\/\\\/www.bellunopress.it\\\/\",\"name\":\"Bellunopress - Dolomiti\",\"description\":\"e-mail: redazione@bellunopress.it\",\"publisher\":{\"@id\":\"https:\\\/\\\/www.bellunopress.it\\\/#organization\"},\"potentialAction\":[{\"@type\":\"SearchAction\",\"target\":{\"@type\":\"EntryPoint\",\"urlTemplate\":\"https:\\\/\\\/www.bellunopress.it\\\/?s={search_term_string}\"},\"query-input\":{\"@type\":\"PropertyValueSpecification\",\"valueRequired\":true,\"valueName\":\"search_term_string\"}}],\"inLanguage\":\"fr-FR\"},{\"@type\":\"Organization\",\"@id\":\"https:\\\/\\\/www.bellunopress.it\\\/#organization\",\"name\":\"Bellunopress\",\"url\":\"https:\\\/\\\/www.bellunopress.it\\\/\",\"logo\":{\"@type\":\"ImageObject\",\"inLanguage\":\"fr-FR\",\"@id\":\"https:\\\/\\\/www.bellunopress.it\\\/#\\\/schema\\\/logo\\\/image\\\/\",\"url\":\"https:\\\/\\\/www.bellunopress.it\\\/wp-content\\\/uploads\\\/2011\\\/05\\\/cropped-logo-bellunopress-.jpg\",\"contentUrl\":\"https:\\\/\\\/www.bellunopress.it\\\/wp-content\\\/uploads\\\/2011\\\/05\\\/cropped-logo-bellunopress-.jpg\",\"width\":512,\"height\":512,\"caption\":\"Bellunopress\"},\"image\":{\"@id\":\"https:\\\/\\\/www.bellunopress.it\\\/#\\\/schema\\\/logo\\\/image\\\/\"},\"sameAs\":[\"https:\\\/\\\/www.facebook.com\\\/profile.php?id=100008943462799\",\"https:\\\/\\\/x.com\\\/bellunopress\",\"https:\\\/\\\/www.linkedin.com\\\/hp\\\/?dnr=JBzUWaJfMUw8vbXJJ2tVW5-I3jZKvC4wsoxE&amp;amp;amp;amp;amp;amp;trk=nav_responsive_tab_home\",\"https:\\\/\\\/www.youtube.com\\\/channel\\\/UCxL0wu1uN0_3_7hGG0306cw\"]},{\"@type\":\"Person\",\"@id\":\"https:\\\/\\\/www.bellunopress.it\\\/#\\\/schema\\\/person\\\/79bb06722b37ece1c03d3e94beb30d73\",\"name\":\"redazione\",\"image\":{\"@type\":\"ImageObject\",\"inLanguage\":\"fr-FR\",\"@id\":\"https:\\\/\\\/secure.gravatar.com\\\/avatar\\\/37d968a2e67a6fd04c169c4bdef102d0bc5d31b2546345219e348575eb80e9a0?s=96&d=mm&r=g\",\"url\":\"https:\\\/\\\/secure.gravatar.com\\\/avatar\\\/37d968a2e67a6fd04c169c4bdef102d0bc5d31b2546345219e348575eb80e9a0?s=96&d=mm&r=g\",\"contentUrl\":\"https:\\\/\\\/secure.gravatar.com\\\/avatar\\\/37d968a2e67a6fd04c169c4bdef102d0bc5d31b2546345219e348575eb80e9a0?s=96&d=mm&r=g\",\"caption\":\"redazione\"},\"sameAs\":[\"http:\\\/\\\/www.bellunopress.it\",\"https:\\\/\\\/x.com\\\/bellunopress\"],\"url\":\"https:\\\/\\\/www.bellunopress.it\\\/fr\\\/author\\\/redazione\\\/\"}]}<\/script>\n<!-- \/ Yoast SEO plugin. -->","yoast_head_json":{"title":"4 dicembre Santa Barbara, patrona dei Vigili del fuoco. Riepilogo dell'attivit\u00e0 svolta - Bellunopress - Dolomiti","robots":{"index":"index","follow":"follow","max-snippet":"max-snippet:-1","max-image-preview":"max-image-preview:large","max-video-preview":"max-video-preview:-1"},"canonical":"https:\/\/www.bellunopress.it\/fr\/2023\/12\/04\/4-dicembre-santa-barbara-patrona-dei-vigili-del-fuoco-riepilogo-dellattivita-svolta\/","og_locale":"fr_FR","og_type":"article","og_title":"4 dicembre Santa Barbara, patrona dei Vigili del fuoco. Riepilogo dell'attivit\u00e0 svolta - Bellunopress - Dolomiti","og_description":"Oggi 4 dicembre, i Vigili del fuoco celebrano Santa Barbara festa della loro Patrona, che rappresenta la capacit\u00e0 di affrontare il pericolo con fede, coraggio e serenit\u00e0 anche quando non c&#8217;\u00e8 alcuna via di scampo. Radici in cui affonda il senso di servizio e appartenenza di donne e uomini del Corpo dei Vigili del fuoco. [&hellip;]","og_url":"https:\/\/www.bellunopress.it\/fr\/2023\/12\/04\/4-dicembre-santa-barbara-patrona-dei-vigili-del-fuoco-riepilogo-dellattivita-svolta\/","og_site_name":"Bellunopress - Dolomiti","article_publisher":"https:\/\/www.facebook.com\/profile.php?id=100008943462799","article_published_time":"2023-12-04T07:16:33+00:00","og_image":[{"width":800,"height":521,"url":"https:\/\/www.bellunopress.it\/wp-content\/uploads\/2021\/08\/vigili-del-fuoco-belluno-1_edited.jpg","type":"image\/jpeg"}],"author":"redazione","twitter_card":"summary_large_image","twitter_creator":"@bellunopress","twitter_site":"@bellunopress","twitter_misc":{"\u00c9crit par":"redazione","Dur\u00e9e de lecture estim\u00e9e":"4 minutes"},"schema":{"@context":"https:\/\/schema.org","@graph":[{"@type":"Article","@id":"https:\/\/www.bellunopress.it\/2023\/12\/04\/4-dicembre-santa-barbara-patrona-dei-vigili-del-fuoco-riepilogo-dellattivita-svolta\/#article","isPartOf":{"@id":"https:\/\/www.bellunopress.it\/2023\/12\/04\/4-dicembre-santa-barbara-patrona-dei-vigili-del-fuoco-riepilogo-dellattivita-svolta\/"},"author":{"name":"redazione","@id":"https:\/\/www.bellunopress.it\/#\/schema\/person\/79bb06722b37ece1c03d3e94beb30d73"},"headline":"4 dicembre Santa Barbara, patrona dei Vigili del fuoco. Riepilogo dell&#8217;attivit\u00e0 svolta","datePublished":"2023-12-04T07:16:33+00:00","mainEntityOfPage":{"@id":"https:\/\/www.bellunopress.it\/2023\/12\/04\/4-dicembre-santa-barbara-patrona-dei-vigili-del-fuoco-riepilogo-dellattivita-svolta\/"},"wordCount":792,"publisher":{"@id":"https:\/\/www.bellunopress.it\/#organization"},"image":{"@id":"https:\/\/www.bellunopress.it\/2023\/12\/04\/4-dicembre-santa-barbara-patrona-dei-vigili-del-fuoco-riepilogo-dellattivita-svolta\/#primaryimage"},"thumbnailUrl":"https:\/\/www.bellunopress.it\/wp-content\/uploads\/2021\/08\/vigili-del-fuoco-belluno-1_edited.jpg","articleSection":["Prima Pagina","Societ\u00e0, Associazioni, Istituzioni"],"inLanguage":"fr-FR"},{"@type":"WebPage","@id":"https:\/\/www.bellunopress.it\/2023\/12\/04\/4-dicembre-santa-barbara-patrona-dei-vigili-del-fuoco-riepilogo-dellattivita-svolta\/","url":"https:\/\/www.bellunopress.it\/2023\/12\/04\/4-dicembre-santa-barbara-patrona-dei-vigili-del-fuoco-riepilogo-dellattivita-svolta\/","name":"4 dicembre Santa Barbara, patrona dei Vigili del fuoco. Riepilogo dell'attivit\u00e0 svolta - Bellunopress - Dolomiti","isPartOf":{"@id":"https:\/\/www.bellunopress.it\/#website"},"primaryImageOfPage":{"@id":"https:\/\/www.bellunopress.it\/2023\/12\/04\/4-dicembre-santa-barbara-patrona-dei-vigili-del-fuoco-riepilogo-dellattivita-svolta\/#primaryimage"},"image":{"@id":"https:\/\/www.bellunopress.it\/2023\/12\/04\/4-dicembre-santa-barbara-patrona-dei-vigili-del-fuoco-riepilogo-dellattivita-svolta\/#primaryimage"},"thumbnailUrl":"https:\/\/www.bellunopress.it\/wp-content\/uploads\/2021\/08\/vigili-del-fuoco-belluno-1_edited.jpg","datePublished":"2023-12-04T07:16:33+00:00","breadcrumb":{"@id":"https:\/\/www.bellunopress.it\/2023\/12\/04\/4-dicembre-santa-barbara-patrona-dei-vigili-del-fuoco-riepilogo-dellattivita-svolta\/#breadcrumb"},"inLanguage":"fr-FR","potentialAction":[{"@type":"ReadAction","target":["https:\/\/www.bellunopress.it\/2023\/12\/04\/4-dicembre-santa-barbara-patrona-dei-vigili-del-fuoco-riepilogo-dellattivita-svolta\/"]}]},{"@type":"ImageObject","inLanguage":"fr-FR","@id":"https:\/\/www.bellunopress.it\/2023\/12\/04\/4-dicembre-santa-barbara-patrona-dei-vigili-del-fuoco-riepilogo-dellattivita-svolta\/#primaryimage","url":"https:\/\/www.bellunopress.it\/wp-content\/uploads\/2021\/08\/vigili-del-fuoco-belluno-1_edited.jpg","contentUrl":"https:\/\/www.bellunopress.it\/wp-content\/uploads\/2021\/08\/vigili-del-fuoco-belluno-1_edited.jpg","width":800,"height":521},{"@type":"BreadcrumbList","@id":"https:\/\/www.bellunopress.it\/2023\/12\/04\/4-dicembre-santa-barbara-patrona-dei-vigili-del-fuoco-riepilogo-dellattivita-svolta\/#breadcrumb","itemListElement":[{"@type":"ListItem","position":1,"name":"Home","item":"https:\/\/www.bellunopress.it\/"},{"@type":"ListItem","position":2,"name":"4 dicembre Santa Barbara, patrona dei Vigili del fuoco. Riepilogo dell&#8217;attivit\u00e0 svolta"}]},{"@type":"WebSite","@id":"https:\/\/www.bellunopress.it\/#website","url":"https:\/\/www.bellunopress.it\/","name":"Bellunopress - Dolomiti","description":"e-mail: redazione@bellunopress.it","publisher":{"@id":"https:\/\/www.bellunopress.it\/#organization"},"potentialAction":[{"@type":"SearchAction","target":{"@type":"EntryPoint","urlTemplate":"https:\/\/www.bellunopress.it\/?s={search_term_string}"},"query-input":{"@type":"PropertyValueSpecification","valueRequired":true,"valueName":"search_term_string"}}],"inLanguage":"fr-FR"},{"@type":"Organization","@id":"https:\/\/www.bellunopress.it\/#organization","name":"Bellunopress","url":"https:\/\/www.bellunopress.it\/","logo":{"@type":"ImageObject","inLanguage":"fr-FR","@id":"https:\/\/www.bellunopress.it\/#\/schema\/logo\/image\/","url":"https:\/\/www.bellunopress.it\/wp-content\/uploads\/2011\/05\/cropped-logo-bellunopress-.jpg","contentUrl":"https:\/\/www.bellunopress.it\/wp-content\/uploads\/2011\/05\/cropped-logo-bellunopress-.jpg","width":512,"height":512,"caption":"Bellunopress"},"image":{"@id":"https:\/\/www.bellunopress.it\/#\/schema\/logo\/image\/"},"sameAs":["https:\/\/www.facebook.com\/profile.php?id=100008943462799","https:\/\/x.com\/bellunopress","https:\/\/www.linkedin.com\/hp\/?dnr=JBzUWaJfMUw8vbXJJ2tVW5-I3jZKvC4wsoxE&amp;amp;amp;amp;amp;amp;trk=nav_responsive_tab_home","https:\/\/www.youtube.com\/channel\/UCxL0wu1uN0_3_7hGG0306cw"]},{"@type":"Person","@id":"https:\/\/www.bellunopress.it\/#\/schema\/person\/79bb06722b37ece1c03d3e94beb30d73","name":"r\u00e9daction","image":{"@type":"ImageObject","inLanguage":"fr-FR","@id":"https:\/\/secure.gravatar.com\/avatar\/37d968a2e67a6fd04c169c4bdef102d0bc5d31b2546345219e348575eb80e9a0?s=96&d=mm&r=g","url":"https:\/\/secure.gravatar.com\/avatar\/37d968a2e67a6fd04c169c4bdef102d0bc5d31b2546345219e348575eb80e9a0?s=96&d=mm&r=g","contentUrl":"https:\/\/secure.gravatar.com\/avatar\/37d968a2e67a6fd04c169c4bdef102d0bc5d31b2546345219e348575eb80e9a0?s=96&d=mm&r=g","caption":"redazione"},"sameAs":["http:\/\/www.bellunopress.it","https:\/\/x.com\/bellunopress"],"url":"https:\/\/www.bellunopress.it\/fr\/author\/redazione\/"}]}},"_links":{"self":[{"href":"https:\/\/www.bellunopress.it\/fr\/wp-json\/wp\/v2\/posts\/146434","targetHints":{"allow":["GET"]}}],"collection":[{"href":"https:\/\/www.bellunopress.it\/fr\/wp-json\/wp\/v2\/posts"}],"about":[{"href":"https:\/\/www.bellunopress.it\/fr\/wp-json\/wp\/v2\/types\/post"}],"author":[{"embeddable":true,"href":"https:\/\/www.bellunopress.it\/fr\/wp-json\/wp\/v2\/users\/2"}],"replies":[{"embeddable":true,"href":"https:\/\/www.bellunopress.it\/fr\/wp-json\/wp\/v2\/comments?post=146434"}],"version-history":[{"count":1,"href":"https:\/\/www.bellunopress.it\/fr\/wp-json\/wp\/v2\/posts\/146434\/revisions"}],"predecessor-version":[{"id":146435,"href":"https:\/\/www.bellunopress.it\/fr\/wp-json\/wp\/v2\/posts\/146434\/revisions\/146435"}],"wp:featuredmedia":[{"embeddable":true,"href":"https:\/\/www.bellunopress.it\/fr\/wp-json\/wp\/v2\/media\/126848"}],"wp:attachment":[{"href":"https:\/\/www.bellunopress.it\/fr\/wp-json\/wp\/v2\/media?parent=146434"}],"wp:term":[{"taxonomy":"category","embeddable":true,"href":"https:\/\/www.bellunopress.it\/fr\/wp-json\/wp\/v2\/categories?post=146434"},{"taxonomy":"post_tag","embeddable":true,"href":"https:\/\/www.bellunopress.it\/fr\/wp-json\/wp\/v2\/tags?post=146434"}],"curies":[{"name":"wp","href":"https:\/\/api.w.org\/{rel}","templated":true}]}}