{"id":146432,"date":"2023-12-04T07:32:19","date_gmt":"2023-12-04T06:32:19","guid":{"rendered":"https:\/\/www.bellunopress.it\/?p=146432"},"modified":"2023-12-04T07:32:19","modified_gmt":"2023-12-04T06:32:19","slug":"martedi-5-dicembre-sciopero-dei-medici","status":"publish","type":"post","link":"https:\/\/www.bellunopress.it\/fr\/2023\/12\/04\/martedi-5-dicembre-sciopero-dei-medici\/","title":{"rendered":"Marted\u00ec 5 dicembre sciopero dei medici"},"content":{"rendered":"<p><img loading=\"lazy\" decoding=\"async\" class=\"alignleft size-full wp-image-141395\" src=\"https:\/\/www.bellunopress.it\/wp-content\/uploads\/2023\/05\/Covesap-coordinamento-veneto-sanita-pubblica.jpg\" alt=\"\" width=\"1000\" height=\"1000\" srcset=\"https:\/\/www.bellunopress.it\/wp-content\/uploads\/2023\/05\/Covesap-coordinamento-veneto-sanita-pubblica.jpg 1000w, https:\/\/www.bellunopress.it\/wp-content\/uploads\/2023\/05\/Covesap-coordinamento-veneto-sanita-pubblica-500x500.jpg 500w, https:\/\/www.bellunopress.it\/wp-content\/uploads\/2023\/05\/Covesap-coordinamento-veneto-sanita-pubblica-300x300.jpg 300w, https:\/\/www.bellunopress.it\/wp-content\/uploads\/2023\/05\/Covesap-coordinamento-veneto-sanita-pubblica-696x696.jpg 696w, https:\/\/www.bellunopress.it\/wp-content\/uploads\/2023\/05\/Covesap-coordinamento-veneto-sanita-pubblica-420x420.jpg 420w\" sizes=\"auto, (max-width: 1000px) 100vw, 1000px\" \/>Il Coordinamento Veneto Sanit\u00e0 Pubblica (CoVeSap) sostiene la mobilitazione sindacale nazionale promossa dai Sindacati Medici ANAAO e CIMO e dai Sindacati degli altri Professionisti Sanitari. Covesap condivide tutte le ragioni che hanno portato i Sindacati dei Medici e degli altri Professionisti Sanitari : Infermieri, Ostetriche , a indire una giornata<br \/>\ndi sciopero Marted\u00ec 5 dicembre con lo slogan:\u00a0La sanit\u00e0 Pubblica non si svende si difende<br \/>\nI Sindacati Medici e degli Infermieri denunciano da tempo:<\/p>\n<p>&#8211; Il disinvestimento nella Sanit\u00e0 pubblica<br \/>\n&#8211; La carenza del personale negli ospedali e nei servizi territoriali<br \/>\n&#8211; Le condizioni di lavoro sempre pi\u00f9 pesanti e rischiose<br \/>\n&#8211; La situazione critica dei Medici in formazione che hanno un carico di lavoro<br \/>\ncome i medici strutturati e hanno remunerazioni molto inferiori.<\/p>\n<p>Tutte queste condizioni hanno generato una gravissima crisi del nostro Servizio<br \/>\nSanitario Pubblico rispetto al quale i Sindacati dei Medici e degli Infermieri<br \/>\nhanno chiesto al Governo di intervenire, le risposte sono state :<br \/>\n&#8211; Scarsissime risorse economiche per la sanita pubblica e per i contratti degli<br \/>\noperatori<br \/>\n&#8211; Mantenimento del tetto di spesa e quindi blocco delle assunzioni<br \/>\n&#8211; Aumento del finanziamento alla Sanit\u00e0 privata<br \/>\n&#8211; Richiesta di aumentare ulteriormente il lavoro straordinario a chi lavora gi\u00e0<br \/>\noltre 60 ore alla settimana<br \/>\n-Infine \u00e8 arrivato un taglio alle pensioni compreso tra il 5% e il 25% all\u2019anno,<br \/>\nuna stangata che colpisce circa 50.000 dipendenti e incrementer\u00e0 ulteriormente<br \/>\nla fuga dei medici e degli altri professionisti dalla Sanit\u00e0 Pubblica<br \/>\nCome cittadini organizzati in difesa della Sanit\u00e0 Pubblica sosteniamo la<br \/>\nmobilitazione dei Medici e gli altri Operatori Sanitari che chiedono rispetto per<br \/>\nle categorie professionali che tengono in piedi il Sistema Sanitario Pubblico e<br \/>\nunitariamente a loro chiediamo che la salute dei cittadini torni ad essere la<br \/>\npriorit\u00e0 su cui investire\u201d.<\/p>\n<div><img loading=\"lazy\" decoding=\"async\" class=\"alignleft  wp-image-132387\" src=\"https:\/\/www.bellunopress.it\/wp-content\/uploads\/2022\/03\/Giu-le-mani-dalla-sanita-bellunese.jpg\" alt=\"\" width=\"452\" height=\"329\" srcset=\"https:\/\/www.bellunopress.it\/wp-content\/uploads\/2022\/03\/Giu-le-mani-dalla-sanita-bellunese.jpg 565w, https:\/\/www.bellunopress.it\/wp-content\/uploads\/2022\/03\/Giu-le-mani-dalla-sanita-bellunese-500x364.jpg 500w, https:\/\/www.bellunopress.it\/wp-content\/uploads\/2022\/03\/Giu-le-mani-dalla-sanita-bellunese-324x235.jpg 324w\" sizes=\"auto, (max-width: 452px) 100vw, 452px\" \/>Anche i comitati della &#8220;Rete gi\u00f9 le mani dalla sanit\u00e0\u00a0 bellunese&#8221;\u00a0 (che fanno\u00a0 parte del CoVeSap ), intendono\u00a0 aggiungere alcuni punti legati al nostro territorio bellunese.<\/div>\n<div><\/div>\n<div>Si susseguono gli articoli sui giornali e su altri organi di informazione sulla &#8220;tenace&#8221; ricerca di personale sanitario all&#8217;ulss 1 Dolomiti.<\/div>\n<div><\/div>\n<div>Da tempo \u00e8 di dominio pubblico la crisi di personale di ogni tipologia e la conseguente ricaduta sui servizi, e sulle liste d&#8217;attesa sempre pi\u00f9 lunghe, che in parte sono ridotte da personale gettonista.<\/div>\n<div><\/div>\n<div>In occasione della Manifestazione del 28 ottobre a Belluno\u00a0 parlavamo di &#8220;otite&#8221; degli organi competenti &#8211;\u00a0 Regione in testa\u00a0 &#8211; ma anche delle amministrazioni locali che non sentivano\u00a0 il grido dei cittadini che chiedono servizi garantiti ed efficienti sul territorio.<\/div>\n<div><\/div>\n<div>Ora ci viene da dire, continuando con l&#8217;esempio dei sensi, che Regione, ulss 1 Dolomiti e direttori sanitari vari soffrono anche di &#8220;strabismo&#8221; o di &#8220;forte miopia&#8221; in quanto a noi risulta che sulla scrivania di qualche direttore sanitario sono arrivate decine di domande di dimissioni di operatori sanitari della nostra ulss 1 Dolomiti.<\/div>\n<div><\/div>\n<div>Le motivazioni? Semplice! Turni insostenibili, carichi di lavoro disumani per stipendi inadeguati, disvalore della singola professionalit\u00e0 ,\u00a0 mancanza di programmazione e, udite udite, mancanza anche dei finanziamenti per la materia prima: cerotti, garze, siringhe, ecc.<\/div>\n<div><\/div>\n<div>Ma certe cose sono segrete, il cittadino non le deve sapere.<\/div>\n<div><\/div>\n<div>Sembra che si stiano tamponando i buchi della sanit\u00e0 locale cercando di assumere\u00a0 medici da un lato (giustamente!) ma facendosi scappare dall&#8217; altra parte tutta una serie di professionalit\u00e0 e &#8220;know how&#8221;\u00a0 del personale esistente.<\/div>\n<div><\/div>\n<div>Se a livello nazionale, il Governo,\u00a0 con una manovra sui tagli alla pensione\u00a0 addirittura retroattivi, ha\u00a0 portato\u00a0 il personale medico a incrociare le braccia e scioperare il\u00a0 \u00a05 dicembre, a livello locale,\u00a0 si sta\u00a0 continuando\u00a0 a non valutare il rischio della perdita di figure utili e indispensabili.<\/div>\n<div><\/div>\n<div>Figure che comprendono, oltre ai medici, addetti alle pulizie, infermieri\/e oss.<\/div>\n<div>Ad essi si aggiungeranno poi\u00a0 assistenti sociali, psicologi, educatori, tecnici della riabilitazione che vedranno scadere il loro contratto (a progetto) al 31 dicembre prossimo e si arriver\u00e0 cos\u00ec a non non garantire\u00a0 pi\u00f9\u00a0 una continuit\u00e0 assistenziale nemmeno alle persone con disagio mentale.<\/div>\n<div>Altrove come nella nostra provincia di Belluno.<\/div>\n<div><\/div>\n<div>Ci chiediamo pertanto: Dove stiamo andando?<\/div>","protected":false},"excerpt":{"rendered":"<p>Il Coordinamento Veneto Sanit\u00e0 Pubblica (CoVeSap) sostiene la mobilitazione sindacale nazionale promossa dai Sindacati Medici ANAAO e CIMO e dai Sindacati degli altri Professionisti Sanitari. Covesap condivide tutte le ragioni che hanno portato i Sindacati dei Medici e degli altri Professionisti Sanitari : Infermieri, Ostetriche , a indire una giornata di sciopero Marted\u00ec 5 dicembre [&hellip;]<\/p>\n","protected":false},"author":2,"featured_media":141395,"comment_status":"closed","ping_status":"open","sticky":false,"template":"","format":"standard","meta":{"footnotes":""},"categories":[17],"tags":[],"class_list":["post-146432","post","type-post","status-publish","format-standard","has-post-thumbnail","category-sanita"],"yoast_head":"<!-- This site is optimized with the Yoast SEO plugin v28.4 - https:\/\/yoast.com\/product\/yoast-seo-wordpress\/ -->\n<title>Marted\u00ec 5 dicembre sciopero dei medici - Bellunopress - Dolomiti<\/title>\n<meta name=\"robots\" content=\"index, follow, max-snippet:-1, max-image-preview:large, max-video-preview:-1\" \/>\n<link rel=\"canonical\" href=\"https:\/\/www.bellunopress.it\/fr\/2023\/12\/04\/martedi-5-dicembre-sciopero-dei-medici\/\" \/>\n<meta property=\"og:locale\" content=\"fr_FR\" \/>\n<meta property=\"og:type\" content=\"article\" \/>\n<meta property=\"og:title\" content=\"Marted\u00ec 5 dicembre sciopero dei medici - Bellunopress - Dolomiti\" \/>\n<meta property=\"og:description\" content=\"Il Coordinamento Veneto Sanit\u00e0 Pubblica (CoVeSap) sostiene la mobilitazione sindacale nazionale promossa dai Sindacati Medici ANAAO e CIMO e dai Sindacati degli altri Professionisti Sanitari. Covesap condivide tutte le ragioni che hanno portato i Sindacati dei Medici e degli altri Professionisti Sanitari : Infermieri, Ostetriche , a indire una giornata di sciopero Marted\u00ec 5 dicembre [&hellip;]\" \/>\n<meta property=\"og:url\" content=\"https:\/\/www.bellunopress.it\/fr\/2023\/12\/04\/martedi-5-dicembre-sciopero-dei-medici\/\" \/>\n<meta property=\"og:site_name\" content=\"Bellunopress - Dolomiti\" \/>\n<meta property=\"article:publisher\" content=\"https:\/\/www.facebook.com\/profile.php?id=100008943462799\" \/>\n<meta property=\"article:published_time\" content=\"2023-12-04T06:32:19+00:00\" \/>\n<meta property=\"og:image\" content=\"https:\/\/www.bellunopress.it\/wp-content\/uploads\/2023\/05\/Covesap-coordinamento-veneto-sanita-pubblica.jpg\" \/>\n\t<meta property=\"og:image:width\" content=\"1000\" \/>\n\t<meta property=\"og:image:height\" content=\"1000\" \/>\n\t<meta property=\"og:image:type\" content=\"image\/jpeg\" \/>\n<meta name=\"author\" content=\"redazione\" \/>\n<meta name=\"twitter:card\" content=\"summary_large_image\" \/>\n<meta name=\"twitter:creator\" content=\"@bellunopress\" \/>\n<meta name=\"twitter:site\" content=\"@bellunopress\" \/>\n<meta name=\"twitter:label1\" content=\"\u00c9crit par\" \/>\n\t<meta name=\"twitter:data1\" content=\"redazione\" \/>\n\t<meta name=\"twitter:label2\" content=\"Dur\u00e9e de lecture estim\u00e9e\" \/>\n\t<meta name=\"twitter:data2\" content=\"3 minutes\" \/>\n<script type=\"application\/ld+json\" class=\"yoast-schema-graph\">{\"@context\":\"https:\\\/\\\/schema.org\",\"@graph\":[{\"@type\":\"Article\",\"@id\":\"https:\\\/\\\/www.bellunopress.it\\\/2023\\\/12\\\/04\\\/martedi-5-dicembre-sciopero-dei-medici\\\/#article\",\"isPartOf\":{\"@id\":\"https:\\\/\\\/www.bellunopress.it\\\/2023\\\/12\\\/04\\\/martedi-5-dicembre-sciopero-dei-medici\\\/\"},\"author\":{\"name\":\"redazione\",\"@id\":\"https:\\\/\\\/www.bellunopress.it\\\/#\\\/schema\\\/person\\\/79bb06722b37ece1c03d3e94beb30d73\"},\"headline\":\"Marted\u00ec 5 dicembre sciopero dei medici\",\"datePublished\":\"2023-12-04T06:32:19+00:00\",\"mainEntityOfPage\":{\"@id\":\"https:\\\/\\\/www.bellunopress.it\\\/2023\\\/12\\\/04\\\/martedi-5-dicembre-sciopero-dei-medici\\\/\"},\"wordCount\":656,\"publisher\":{\"@id\":\"https:\\\/\\\/www.bellunopress.it\\\/#organization\"},\"image\":{\"@id\":\"https:\\\/\\\/www.bellunopress.it\\\/2023\\\/12\\\/04\\\/martedi-5-dicembre-sciopero-dei-medici\\\/#primaryimage\"},\"thumbnailUrl\":\"https:\\\/\\\/www.bellunopress.it\\\/wp-content\\\/uploads\\\/2023\\\/05\\\/Covesap-coordinamento-veneto-sanita-pubblica.jpg\",\"articleSection\":[\"Sanit\u00e0 Medicina\"],\"inLanguage\":\"fr-FR\"},{\"@type\":\"WebPage\",\"@id\":\"https:\\\/\\\/www.bellunopress.it\\\/2023\\\/12\\\/04\\\/martedi-5-dicembre-sciopero-dei-medici\\\/\",\"url\":\"https:\\\/\\\/www.bellunopress.it\\\/2023\\\/12\\\/04\\\/martedi-5-dicembre-sciopero-dei-medici\\\/\",\"name\":\"Marted\u00ec 5 dicembre sciopero dei medici - Bellunopress - Dolomiti\",\"isPartOf\":{\"@id\":\"https:\\\/\\\/www.bellunopress.it\\\/#website\"},\"primaryImageOfPage\":{\"@id\":\"https:\\\/\\\/www.bellunopress.it\\\/2023\\\/12\\\/04\\\/martedi-5-dicembre-sciopero-dei-medici\\\/#primaryimage\"},\"image\":{\"@id\":\"https:\\\/\\\/www.bellunopress.it\\\/2023\\\/12\\\/04\\\/martedi-5-dicembre-sciopero-dei-medici\\\/#primaryimage\"},\"thumbnailUrl\":\"https:\\\/\\\/www.bellunopress.it\\\/wp-content\\\/uploads\\\/2023\\\/05\\\/Covesap-coordinamento-veneto-sanita-pubblica.jpg\",\"datePublished\":\"2023-12-04T06:32:19+00:00\",\"breadcrumb\":{\"@id\":\"https:\\\/\\\/www.bellunopress.it\\\/2023\\\/12\\\/04\\\/martedi-5-dicembre-sciopero-dei-medici\\\/#breadcrumb\"},\"inLanguage\":\"fr-FR\",\"potentialAction\":[{\"@type\":\"ReadAction\",\"target\":[\"https:\\\/\\\/www.bellunopress.it\\\/2023\\\/12\\\/04\\\/martedi-5-dicembre-sciopero-dei-medici\\\/\"]}]},{\"@type\":\"ImageObject\",\"inLanguage\":\"fr-FR\",\"@id\":\"https:\\\/\\\/www.bellunopress.it\\\/2023\\\/12\\\/04\\\/martedi-5-dicembre-sciopero-dei-medici\\\/#primaryimage\",\"url\":\"https:\\\/\\\/www.bellunopress.it\\\/wp-content\\\/uploads\\\/2023\\\/05\\\/Covesap-coordinamento-veneto-sanita-pubblica.jpg\",\"contentUrl\":\"https:\\\/\\\/www.bellunopress.it\\\/wp-content\\\/uploads\\\/2023\\\/05\\\/Covesap-coordinamento-veneto-sanita-pubblica.jpg\",\"width\":1000,\"height\":1000},{\"@type\":\"BreadcrumbList\",\"@id\":\"https:\\\/\\\/www.bellunopress.it\\\/2023\\\/12\\\/04\\\/martedi-5-dicembre-sciopero-dei-medici\\\/#breadcrumb\",\"itemListElement\":[{\"@type\":\"ListItem\",\"position\":1,\"name\":\"Home\",\"item\":\"https:\\\/\\\/www.bellunopress.it\\\/\"},{\"@type\":\"ListItem\",\"position\":2,\"name\":\"Marted\u00ec 5 dicembre sciopero dei medici\"}]},{\"@type\":\"WebSite\",\"@id\":\"https:\\\/\\\/www.bellunopress.it\\\/#website\",\"url\":\"https:\\\/\\\/www.bellunopress.it\\\/\",\"name\":\"Bellunopress - Dolomiti\",\"description\":\"e-mail: redazione@bellunopress.it\",\"publisher\":{\"@id\":\"https:\\\/\\\/www.bellunopress.it\\\/#organization\"},\"potentialAction\":[{\"@type\":\"SearchAction\",\"target\":{\"@type\":\"EntryPoint\",\"urlTemplate\":\"https:\\\/\\\/www.bellunopress.it\\\/?s={search_term_string}\"},\"query-input\":{\"@type\":\"PropertyValueSpecification\",\"valueRequired\":true,\"valueName\":\"search_term_string\"}}],\"inLanguage\":\"fr-FR\"},{\"@type\":\"Organization\",\"@id\":\"https:\\\/\\\/www.bellunopress.it\\\/#organization\",\"name\":\"Bellunopress\",\"url\":\"https:\\\/\\\/www.bellunopress.it\\\/\",\"logo\":{\"@type\":\"ImageObject\",\"inLanguage\":\"fr-FR\",\"@id\":\"https:\\\/\\\/www.bellunopress.it\\\/#\\\/schema\\\/logo\\\/image\\\/\",\"url\":\"https:\\\/\\\/www.bellunopress.it\\\/wp-content\\\/uploads\\\/2011\\\/05\\\/cropped-logo-bellunopress-.jpg\",\"contentUrl\":\"https:\\\/\\\/www.bellunopress.it\\\/wp-content\\\/uploads\\\/2011\\\/05\\\/cropped-logo-bellunopress-.jpg\",\"width\":512,\"height\":512,\"caption\":\"Bellunopress\"},\"image\":{\"@id\":\"https:\\\/\\\/www.bellunopress.it\\\/#\\\/schema\\\/logo\\\/image\\\/\"},\"sameAs\":[\"https:\\\/\\\/www.facebook.com\\\/profile.php?id=100008943462799\",\"https:\\\/\\\/x.com\\\/bellunopress\",\"https:\\\/\\\/www.linkedin.com\\\/hp\\\/?dnr=JBzUWaJfMUw8vbXJJ2tVW5-I3jZKvC4wsoxE&amp;amp;amp;amp;amp;amp;trk=nav_responsive_tab_home\",\"https:\\\/\\\/www.youtube.com\\\/channel\\\/UCxL0wu1uN0_3_7hGG0306cw\"]},{\"@type\":\"Person\",\"@id\":\"https:\\\/\\\/www.bellunopress.it\\\/#\\\/schema\\\/person\\\/79bb06722b37ece1c03d3e94beb30d73\",\"name\":\"redazione\",\"image\":{\"@type\":\"ImageObject\",\"inLanguage\":\"fr-FR\",\"@id\":\"https:\\\/\\\/secure.gravatar.com\\\/avatar\\\/37d968a2e67a6fd04c169c4bdef102d0bc5d31b2546345219e348575eb80e9a0?s=96&d=mm&r=g\",\"url\":\"https:\\\/\\\/secure.gravatar.com\\\/avatar\\\/37d968a2e67a6fd04c169c4bdef102d0bc5d31b2546345219e348575eb80e9a0?s=96&d=mm&r=g\",\"contentUrl\":\"https:\\\/\\\/secure.gravatar.com\\\/avatar\\\/37d968a2e67a6fd04c169c4bdef102d0bc5d31b2546345219e348575eb80e9a0?s=96&d=mm&r=g\",\"caption\":\"redazione\"},\"sameAs\":[\"http:\\\/\\\/www.bellunopress.it\",\"https:\\\/\\\/x.com\\\/bellunopress\"],\"url\":\"https:\\\/\\\/www.bellunopress.it\\\/fr\\\/author\\\/redazione\\\/\"}]}<\/script>\n<!-- \/ Yoast SEO plugin. -->","yoast_head_json":{"title":"Marted\u00ec 5 dicembre sciopero dei medici - Bellunopress - Dolomiti","robots":{"index":"index","follow":"follow","max-snippet":"max-snippet:-1","max-image-preview":"max-image-preview:large","max-video-preview":"max-video-preview:-1"},"canonical":"https:\/\/www.bellunopress.it\/fr\/2023\/12\/04\/martedi-5-dicembre-sciopero-dei-medici\/","og_locale":"fr_FR","og_type":"article","og_title":"Marted\u00ec 5 dicembre sciopero dei medici - Bellunopress - Dolomiti","og_description":"Il Coordinamento Veneto Sanit\u00e0 Pubblica (CoVeSap) sostiene la mobilitazione sindacale nazionale promossa dai Sindacati Medici ANAAO e CIMO e dai Sindacati degli altri Professionisti Sanitari. Covesap condivide tutte le ragioni che hanno portato i Sindacati dei Medici e degli altri Professionisti Sanitari : Infermieri, Ostetriche , a indire una giornata di sciopero Marted\u00ec 5 dicembre [&hellip;]","og_url":"https:\/\/www.bellunopress.it\/fr\/2023\/12\/04\/martedi-5-dicembre-sciopero-dei-medici\/","og_site_name":"Bellunopress - Dolomiti","article_publisher":"https:\/\/www.facebook.com\/profile.php?id=100008943462799","article_published_time":"2023-12-04T06:32:19+00:00","og_image":[{"width":1000,"height":1000,"url":"https:\/\/www.bellunopress.it\/wp-content\/uploads\/2023\/05\/Covesap-coordinamento-veneto-sanita-pubblica.jpg","type":"image\/jpeg"}],"author":"redazione","twitter_card":"summary_large_image","twitter_creator":"@bellunopress","twitter_site":"@bellunopress","twitter_misc":{"\u00c9crit par":"redazione","Dur\u00e9e de lecture estim\u00e9e":"3 minutes"},"schema":{"@context":"https:\/\/schema.org","@graph":[{"@type":"Article","@id":"https:\/\/www.bellunopress.it\/2023\/12\/04\/martedi-5-dicembre-sciopero-dei-medici\/#article","isPartOf":{"@id":"https:\/\/www.bellunopress.it\/2023\/12\/04\/martedi-5-dicembre-sciopero-dei-medici\/"},"author":{"name":"redazione","@id":"https:\/\/www.bellunopress.it\/#\/schema\/person\/79bb06722b37ece1c03d3e94beb30d73"},"headline":"Marted\u00ec 5 dicembre sciopero dei medici","datePublished":"2023-12-04T06:32:19+00:00","mainEntityOfPage":{"@id":"https:\/\/www.bellunopress.it\/2023\/12\/04\/martedi-5-dicembre-sciopero-dei-medici\/"},"wordCount":656,"publisher":{"@id":"https:\/\/www.bellunopress.it\/#organization"},"image":{"@id":"https:\/\/www.bellunopress.it\/2023\/12\/04\/martedi-5-dicembre-sciopero-dei-medici\/#primaryimage"},"thumbnailUrl":"https:\/\/www.bellunopress.it\/wp-content\/uploads\/2023\/05\/Covesap-coordinamento-veneto-sanita-pubblica.jpg","articleSection":["Sanit\u00e0 Medicina"],"inLanguage":"fr-FR"},{"@type":"WebPage","@id":"https:\/\/www.bellunopress.it\/2023\/12\/04\/martedi-5-dicembre-sciopero-dei-medici\/","url":"https:\/\/www.bellunopress.it\/2023\/12\/04\/martedi-5-dicembre-sciopero-dei-medici\/","name":"Marted\u00ec 5 dicembre sciopero dei medici - Bellunopress - Dolomiti","isPartOf":{"@id":"https:\/\/www.bellunopress.it\/#website"},"primaryImageOfPage":{"@id":"https:\/\/www.bellunopress.it\/2023\/12\/04\/martedi-5-dicembre-sciopero-dei-medici\/#primaryimage"},"image":{"@id":"https:\/\/www.bellunopress.it\/2023\/12\/04\/martedi-5-dicembre-sciopero-dei-medici\/#primaryimage"},"thumbnailUrl":"https:\/\/www.bellunopress.it\/wp-content\/uploads\/2023\/05\/Covesap-coordinamento-veneto-sanita-pubblica.jpg","datePublished":"2023-12-04T06:32:19+00:00","breadcrumb":{"@id":"https:\/\/www.bellunopress.it\/2023\/12\/04\/martedi-5-dicembre-sciopero-dei-medici\/#breadcrumb"},"inLanguage":"fr-FR","potentialAction":[{"@type":"ReadAction","target":["https:\/\/www.bellunopress.it\/2023\/12\/04\/martedi-5-dicembre-sciopero-dei-medici\/"]}]},{"@type":"ImageObject","inLanguage":"fr-FR","@id":"https:\/\/www.bellunopress.it\/2023\/12\/04\/martedi-5-dicembre-sciopero-dei-medici\/#primaryimage","url":"https:\/\/www.bellunopress.it\/wp-content\/uploads\/2023\/05\/Covesap-coordinamento-veneto-sanita-pubblica.jpg","contentUrl":"https:\/\/www.bellunopress.it\/wp-content\/uploads\/2023\/05\/Covesap-coordinamento-veneto-sanita-pubblica.jpg","width":1000,"height":1000},{"@type":"BreadcrumbList","@id":"https:\/\/www.bellunopress.it\/2023\/12\/04\/martedi-5-dicembre-sciopero-dei-medici\/#breadcrumb","itemListElement":[{"@type":"ListItem","position":1,"name":"Home","item":"https:\/\/www.bellunopress.it\/"},{"@type":"ListItem","position":2,"name":"Marted\u00ec 5 dicembre sciopero dei medici"}]},{"@type":"WebSite","@id":"https:\/\/www.bellunopress.it\/#website","url":"https:\/\/www.bellunopress.it\/","name":"Bellunopress - Dolomiti","description":"e-mail: redazione@bellunopress.it","publisher":{"@id":"https:\/\/www.bellunopress.it\/#organization"},"potentialAction":[{"@type":"SearchAction","target":{"@type":"EntryPoint","urlTemplate":"https:\/\/www.bellunopress.it\/?s={search_term_string}"},"query-input":{"@type":"PropertyValueSpecification","valueRequired":true,"valueName":"search_term_string"}}],"inLanguage":"fr-FR"},{"@type":"Organization","@id":"https:\/\/www.bellunopress.it\/#organization","name":"Bellunopress","url":"https:\/\/www.bellunopress.it\/","logo":{"@type":"ImageObject","inLanguage":"fr-FR","@id":"https:\/\/www.bellunopress.it\/#\/schema\/logo\/image\/","url":"https:\/\/www.bellunopress.it\/wp-content\/uploads\/2011\/05\/cropped-logo-bellunopress-.jpg","contentUrl":"https:\/\/www.bellunopress.it\/wp-content\/uploads\/2011\/05\/cropped-logo-bellunopress-.jpg","width":512,"height":512,"caption":"Bellunopress"},"image":{"@id":"https:\/\/www.bellunopress.it\/#\/schema\/logo\/image\/"},"sameAs":["https:\/\/www.facebook.com\/profile.php?id=100008943462799","https:\/\/x.com\/bellunopress","https:\/\/www.linkedin.com\/hp\/?dnr=JBzUWaJfMUw8vbXJJ2tVW5-I3jZKvC4wsoxE&amp;amp;amp;amp;amp;amp;trk=nav_responsive_tab_home","https:\/\/www.youtube.com\/channel\/UCxL0wu1uN0_3_7hGG0306cw"]},{"@type":"Person","@id":"https:\/\/www.bellunopress.it\/#\/schema\/person\/79bb06722b37ece1c03d3e94beb30d73","name":"r\u00e9daction","image":{"@type":"ImageObject","inLanguage":"fr-FR","@id":"https:\/\/secure.gravatar.com\/avatar\/37d968a2e67a6fd04c169c4bdef102d0bc5d31b2546345219e348575eb80e9a0?s=96&d=mm&r=g","url":"https:\/\/secure.gravatar.com\/avatar\/37d968a2e67a6fd04c169c4bdef102d0bc5d31b2546345219e348575eb80e9a0?s=96&d=mm&r=g","contentUrl":"https:\/\/secure.gravatar.com\/avatar\/37d968a2e67a6fd04c169c4bdef102d0bc5d31b2546345219e348575eb80e9a0?s=96&d=mm&r=g","caption":"redazione"},"sameAs":["http:\/\/www.bellunopress.it","https:\/\/x.com\/bellunopress"],"url":"https:\/\/www.bellunopress.it\/fr\/author\/redazione\/"}]}},"_links":{"self":[{"href":"https:\/\/www.bellunopress.it\/fr\/wp-json\/wp\/v2\/posts\/146432","targetHints":{"allow":["GET"]}}],"collection":[{"href":"https:\/\/www.bellunopress.it\/fr\/wp-json\/wp\/v2\/posts"}],"about":[{"href":"https:\/\/www.bellunopress.it\/fr\/wp-json\/wp\/v2\/types\/post"}],"author":[{"embeddable":true,"href":"https:\/\/www.bellunopress.it\/fr\/wp-json\/wp\/v2\/users\/2"}],"replies":[{"embeddable":true,"href":"https:\/\/www.bellunopress.it\/fr\/wp-json\/wp\/v2\/comments?post=146432"}],"version-history":[{"count":1,"href":"https:\/\/www.bellunopress.it\/fr\/wp-json\/wp\/v2\/posts\/146432\/revisions"}],"predecessor-version":[{"id":146433,"href":"https:\/\/www.bellunopress.it\/fr\/wp-json\/wp\/v2\/posts\/146432\/revisions\/146433"}],"wp:featuredmedia":[{"embeddable":true,"href":"https:\/\/www.bellunopress.it\/fr\/wp-json\/wp\/v2\/media\/141395"}],"wp:attachment":[{"href":"https:\/\/www.bellunopress.it\/fr\/wp-json\/wp\/v2\/media?parent=146432"}],"wp:term":[{"taxonomy":"category","embeddable":true,"href":"https:\/\/www.bellunopress.it\/fr\/wp-json\/wp\/v2\/categories?post=146432"},{"taxonomy":"post_tag","embeddable":true,"href":"https:\/\/www.bellunopress.it\/fr\/wp-json\/wp\/v2\/tags?post=146432"}],"curies":[{"name":"wp","href":"https:\/\/api.w.org\/{rel}","templated":true}]}}