{"id":146428,"date":"2023-12-04T08:31:30","date_gmt":"2023-12-04T07:31:30","guid":{"rendered":"https:\/\/www.bellunopress.it\/?p=146428"},"modified":"2023-12-04T07:20:47","modified_gmt":"2023-12-04T06:20:47","slug":"a-limana-il-concorso-fotografico-in-memoria-di-vittorio-bristot-toieto","status":"publish","type":"post","link":"https:\/\/www.bellunopress.it\/fr\/2023\/12\/04\/a-limana-il-concorso-fotografico-in-memoria-di-vittorio-bristot-toieto\/","title":{"rendered":"A Limana il concorso fotografico in memoria di Vittorio Bristot &#8220;Toieto&#8221;"},"content":{"rendered":"<figure id=\"attachment_141764\" aria-describedby=\"caption-attachment-141764\" style=\"width: 1000px\" class=\"wp-caption alignleft\"><img loading=\"lazy\" decoding=\"async\" class=\"size-full wp-image-141764\" src=\"https:\/\/www.bellunopress.it\/wp-content\/uploads\/2023\/05\/municipio-limana_edited.jpg\" alt=\"Comune di Limana\" width=\"1000\" height=\"703\" srcset=\"https:\/\/www.bellunopress.it\/wp-content\/uploads\/2023\/05\/municipio-limana_edited.jpg 1000w, https:\/\/www.bellunopress.it\/wp-content\/uploads\/2023\/05\/municipio-limana_edited-500x352.jpg 500w, https:\/\/www.bellunopress.it\/wp-content\/uploads\/2023\/05\/municipio-limana_edited-696x489.jpg 696w, https:\/\/www.bellunopress.it\/wp-content\/uploads\/2023\/05\/municipio-limana_edited-597x420.jpg 597w, https:\/\/www.bellunopress.it\/wp-content\/uploads\/2023\/05\/municipio-limana_edited-100x70.jpg 100w\" sizes=\"auto, (max-width: 1000px) 100vw, 1000px\" \/><figcaption id=\"caption-attachment-141764\" class=\"wp-caption-text\">Municipio di Limana<\/figcaption><\/figure>\n<p><em><strong>Quattro sezioni dedicate a professionisti e giovani amatori promuovono la ricerca di luoghi e momenti sociali significativi e stimola la riflessione sul tema dell\u2019amore<\/strong><\/em><\/p>\n<p>Scadono il 15 dicembre i termini per partecipare al concorso fotografico \u201cPremio Toieto\u201d promosso dal Comune di Limana in collaborazione con il Comitato Frazionale di Giaon e con il Circolo fotografico Bellunese &#8220;Mario De Biasi&#8221;.<br \/>\n\u201cIl Concorso, alla sua seconda edizione &#8211; spiega l\u2019assessore alla Cultura Stefano Bozzolla &#8211; nasce per ricordare Vittorio Bristot, noto a Limana come Toieto, e la sua attivit\u00e0 di fotografo che lo ha portato per decenni ad immortalare gli eventi della vita sociale, civile e religiosa di Limana, fino a diventarne la memoria storica.\u201d Il suo archivio \u00e8 un vero e proprio tesoro di informazioni ed emozioni che aiutano a ripercorrere l\u2019evoluzione di Limana. Ma oltre ai momenti di comunit\u00e0, Toieto amava immortalare anche il suo territorio d\u2019origine.<br \/>\nPer ricordare le passioni di Bristot, il concorso presenta due sezioni a lui strettamente collegate: l\u2019una dedica a I luoghi che invita a raccontare i paesaggi, gli angoli pi\u00f9 affascinanti e nascosti del Territorio della Valbelluna; l\u2019altra dedicata a Le tradizioni che invita a raccontare i momenti delle feste del paese, delle feste delle frazioni, gli incontri, le manifestazioni, gli eventi religiosi e gli eventi sportivi del territorio del Comune di Limana.<br \/>\n\u201cNella volont\u00e0 dell\u2019Amministrazione tuttavia &#8211; prosegue Bozzolla &#8211; la premiazione del concorso dovr\u00e0 diventare un appuntamento ricorrente all\u2019interno della rassegna di eventi dedicati al patrono San Valentino\u201d. Perci\u00f2 il premio si arricchisce di altre due sezioni sul tema L\u2019amore \u00e8\u2026 dedicate l\u2019una ai giovani fotografi amatori dai 10 ai 14 anni frequentanti la classe quinta della Scuola Primaria o la Scuola Secondaria di primo grado del Comune di Limana e l\u2019altra ai giovani fotografi amatori dai 14 ai 19 anni, frequentanti le Scuole Secondarie di secondo grado della Provincia.<br \/>\n\u201cToieto \u00e8 stata una figura molto amata dal paese che ne serba ancora con affetto il ricordo &#8211;\u00a0 commenta il sindaco di Limana Milena De Zanet. &#8211; gli ha messo a disposizione della comunit\u00e0 la sua passione, la sua arte ed il suo tempo e di ci\u00f2 gli siamo grati. Il premio nasce dunque per rendere omaggio non solo a lui, ma anche a quanti gi\u00e0 seguono o vorranno seguirne l\u2019esempio\u201d.<\/p>\n<p>Tutte le informazioni sono disponibili sul sito del comune di Limana <a href=\"http:\/\/www.comune.limana.bl.it\">www.comune.limana.bl.it<\/a> mentre il materiale dovr\u00e0 essere inviato via mail all&#8217;indirizzo premiotoieto@comune.limana.bl.it .<\/p>","protected":false},"excerpt":{"rendered":"<p>Quattro sezioni dedicate a professionisti e giovani amatori promuovono la ricerca di luoghi e momenti sociali significativi e stimola la riflessione sul tema dell\u2019amore Scadono il 15 dicembre i termini per partecipare al concorso fotografico \u201cPremio Toieto\u201d promosso dal Comune di Limana in collaborazione con il Comitato Frazionale di Giaon e con il Circolo fotografico [&hellip;]<\/p>\n","protected":false},"author":2,"featured_media":141764,"comment_status":"closed","ping_status":"open","sticky":false,"template":"","format":"standard","meta":{"footnotes":""},"categories":[25,4],"tags":[],"class_list":["post-146428","post","type-post","status-publish","format-standard","has-post-thumbnail","category-pausa-caffe","category-sport"],"yoast_head":"<!-- This site is optimized with the Yoast SEO plugin v28.4 - https:\/\/yoast.com\/product\/yoast-seo-wordpress\/ -->\n<title>A Limana il concorso fotografico in memoria di Vittorio Bristot &quot;Toieto&quot; - Bellunopress - Dolomiti<\/title>\n<meta name=\"robots\" content=\"index, follow, max-snippet:-1, max-image-preview:large, max-video-preview:-1\" \/>\n<link rel=\"canonical\" href=\"https:\/\/www.bellunopress.it\/fr\/2023\/12\/04\/a-limana-il-concorso-fotografico-in-memoria-di-vittorio-bristot-toieto\/\" \/>\n<meta property=\"og:locale\" content=\"fr_FR\" \/>\n<meta property=\"og:type\" content=\"article\" \/>\n<meta property=\"og:title\" content=\"A Limana il concorso fotografico in memoria di Vittorio Bristot &quot;Toieto&quot; - Bellunopress - Dolomiti\" \/>\n<meta property=\"og:description\" content=\"Quattro sezioni dedicate a professionisti e giovani amatori promuovono la ricerca di luoghi e momenti sociali significativi e stimola la riflessione sul tema dell\u2019amore Scadono il 15 dicembre i termini per partecipare al concorso fotografico \u201cPremio Toieto\u201d promosso dal Comune di Limana in collaborazione con il Comitato Frazionale di Giaon e con il Circolo fotografico [&hellip;]\" \/>\n<meta property=\"og:url\" content=\"https:\/\/www.bellunopress.it\/fr\/2023\/12\/04\/a-limana-il-concorso-fotografico-in-memoria-di-vittorio-bristot-toieto\/\" \/>\n<meta property=\"og:site_name\" content=\"Bellunopress - Dolomiti\" \/>\n<meta property=\"article:publisher\" content=\"https:\/\/www.facebook.com\/profile.php?id=100008943462799\" \/>\n<meta property=\"article:published_time\" content=\"2023-12-04T07:31:30+00:00\" \/>\n<meta property=\"og:image\" content=\"https:\/\/www.bellunopress.it\/wp-content\/uploads\/2023\/05\/municipio-limana_edited.jpg\" \/>\n\t<meta property=\"og:image:width\" content=\"1000\" \/>\n\t<meta property=\"og:image:height\" content=\"703\" \/>\n\t<meta property=\"og:image:type\" content=\"image\/jpeg\" \/>\n<meta name=\"author\" content=\"redazione\" \/>\n<meta name=\"twitter:card\" content=\"summary_large_image\" \/>\n<meta name=\"twitter:creator\" content=\"@bellunopress\" \/>\n<meta name=\"twitter:site\" content=\"@bellunopress\" \/>\n<meta name=\"twitter:label1\" content=\"\u00c9crit par\" \/>\n\t<meta name=\"twitter:data1\" content=\"redazione\" \/>\n\t<meta name=\"twitter:label2\" content=\"Dur\u00e9e de lecture estim\u00e9e\" \/>\n\t<meta name=\"twitter:data2\" content=\"2 minutes\" \/>\n<script type=\"application\/ld+json\" class=\"yoast-schema-graph\">{\"@context\":\"https:\\\/\\\/schema.org\",\"@graph\":[{\"@type\":\"Article\",\"@id\":\"https:\\\/\\\/www.bellunopress.it\\\/2023\\\/12\\\/04\\\/a-limana-il-concorso-fotografico-in-memoria-di-vittorio-bristot-toieto\\\/#article\",\"isPartOf\":{\"@id\":\"https:\\\/\\\/www.bellunopress.it\\\/2023\\\/12\\\/04\\\/a-limana-il-concorso-fotografico-in-memoria-di-vittorio-bristot-toieto\\\/\"},\"author\":{\"name\":\"redazione\",\"@id\":\"https:\\\/\\\/www.bellunopress.it\\\/#\\\/schema\\\/person\\\/79bb06722b37ece1c03d3e94beb30d73\"},\"headline\":\"A Limana il concorso fotografico in memoria di Vittorio Bristot &#8220;Toieto&#8221;\",\"datePublished\":\"2023-12-04T07:31:30+00:00\",\"mainEntityOfPage\":{\"@id\":\"https:\\\/\\\/www.bellunopress.it\\\/2023\\\/12\\\/04\\\/a-limana-il-concorso-fotografico-in-memoria-di-vittorio-bristot-toieto\\\/\"},\"wordCount\":435,\"publisher\":{\"@id\":\"https:\\\/\\\/www.bellunopress.it\\\/#organization\"},\"image\":{\"@id\":\"https:\\\/\\\/www.bellunopress.it\\\/2023\\\/12\\\/04\\\/a-limana-il-concorso-fotografico-in-memoria-di-vittorio-bristot-toieto\\\/#primaryimage\"},\"thumbnailUrl\":\"https:\\\/\\\/www.bellunopress.it\\\/wp-content\\\/uploads\\\/2023\\\/05\\\/municipio-limana_edited.jpg\",\"articleSection\":[\"Pausa Caff\u00e8\",\"Sport, tempo libero\"],\"inLanguage\":\"fr-FR\"},{\"@type\":\"WebPage\",\"@id\":\"https:\\\/\\\/www.bellunopress.it\\\/2023\\\/12\\\/04\\\/a-limana-il-concorso-fotografico-in-memoria-di-vittorio-bristot-toieto\\\/\",\"url\":\"https:\\\/\\\/www.bellunopress.it\\\/2023\\\/12\\\/04\\\/a-limana-il-concorso-fotografico-in-memoria-di-vittorio-bristot-toieto\\\/\",\"name\":\"A Limana il concorso fotografico in memoria di Vittorio Bristot \\\"Toieto\\\" - Bellunopress - Dolomiti\",\"isPartOf\":{\"@id\":\"https:\\\/\\\/www.bellunopress.it\\\/#website\"},\"primaryImageOfPage\":{\"@id\":\"https:\\\/\\\/www.bellunopress.it\\\/2023\\\/12\\\/04\\\/a-limana-il-concorso-fotografico-in-memoria-di-vittorio-bristot-toieto\\\/#primaryimage\"},\"image\":{\"@id\":\"https:\\\/\\\/www.bellunopress.it\\\/2023\\\/12\\\/04\\\/a-limana-il-concorso-fotografico-in-memoria-di-vittorio-bristot-toieto\\\/#primaryimage\"},\"thumbnailUrl\":\"https:\\\/\\\/www.bellunopress.it\\\/wp-content\\\/uploads\\\/2023\\\/05\\\/municipio-limana_edited.jpg\",\"datePublished\":\"2023-12-04T07:31:30+00:00\",\"breadcrumb\":{\"@id\":\"https:\\\/\\\/www.bellunopress.it\\\/2023\\\/12\\\/04\\\/a-limana-il-concorso-fotografico-in-memoria-di-vittorio-bristot-toieto\\\/#breadcrumb\"},\"inLanguage\":\"fr-FR\",\"potentialAction\":[{\"@type\":\"ReadAction\",\"target\":[\"https:\\\/\\\/www.bellunopress.it\\\/2023\\\/12\\\/04\\\/a-limana-il-concorso-fotografico-in-memoria-di-vittorio-bristot-toieto\\\/\"]}]},{\"@type\":\"ImageObject\",\"inLanguage\":\"fr-FR\",\"@id\":\"https:\\\/\\\/www.bellunopress.it\\\/2023\\\/12\\\/04\\\/a-limana-il-concorso-fotografico-in-memoria-di-vittorio-bristot-toieto\\\/#primaryimage\",\"url\":\"https:\\\/\\\/www.bellunopress.it\\\/wp-content\\\/uploads\\\/2023\\\/05\\\/municipio-limana_edited.jpg\",\"contentUrl\":\"https:\\\/\\\/www.bellunopress.it\\\/wp-content\\\/uploads\\\/2023\\\/05\\\/municipio-limana_edited.jpg\",\"width\":1000,\"height\":703,\"caption\":\"Municipio di Limana\"},{\"@type\":\"BreadcrumbList\",\"@id\":\"https:\\\/\\\/www.bellunopress.it\\\/2023\\\/12\\\/04\\\/a-limana-il-concorso-fotografico-in-memoria-di-vittorio-bristot-toieto\\\/#breadcrumb\",\"itemListElement\":[{\"@type\":\"ListItem\",\"position\":1,\"name\":\"Home\",\"item\":\"https:\\\/\\\/www.bellunopress.it\\\/\"},{\"@type\":\"ListItem\",\"position\":2,\"name\":\"A Limana il concorso fotografico in memoria di Vittorio Bristot &#8220;Toieto&#8221;\"}]},{\"@type\":\"WebSite\",\"@id\":\"https:\\\/\\\/www.bellunopress.it\\\/#website\",\"url\":\"https:\\\/\\\/www.bellunopress.it\\\/\",\"name\":\"Bellunopress - Dolomiti\",\"description\":\"e-mail: redazione@bellunopress.it\",\"publisher\":{\"@id\":\"https:\\\/\\\/www.bellunopress.it\\\/#organization\"},\"potentialAction\":[{\"@type\":\"SearchAction\",\"target\":{\"@type\":\"EntryPoint\",\"urlTemplate\":\"https:\\\/\\\/www.bellunopress.it\\\/?s={search_term_string}\"},\"query-input\":{\"@type\":\"PropertyValueSpecification\",\"valueRequired\":true,\"valueName\":\"search_term_string\"}}],\"inLanguage\":\"fr-FR\"},{\"@type\":\"Organization\",\"@id\":\"https:\\\/\\\/www.bellunopress.it\\\/#organization\",\"name\":\"Bellunopress\",\"url\":\"https:\\\/\\\/www.bellunopress.it\\\/\",\"logo\":{\"@type\":\"ImageObject\",\"inLanguage\":\"fr-FR\",\"@id\":\"https:\\\/\\\/www.bellunopress.it\\\/#\\\/schema\\\/logo\\\/image\\\/\",\"url\":\"https:\\\/\\\/www.bellunopress.it\\\/wp-content\\\/uploads\\\/2011\\\/05\\\/cropped-logo-bellunopress-.jpg\",\"contentUrl\":\"https:\\\/\\\/www.bellunopress.it\\\/wp-content\\\/uploads\\\/2011\\\/05\\\/cropped-logo-bellunopress-.jpg\",\"width\":512,\"height\":512,\"caption\":\"Bellunopress\"},\"image\":{\"@id\":\"https:\\\/\\\/www.bellunopress.it\\\/#\\\/schema\\\/logo\\\/image\\\/\"},\"sameAs\":[\"https:\\\/\\\/www.facebook.com\\\/profile.php?id=100008943462799\",\"https:\\\/\\\/x.com\\\/bellunopress\",\"https:\\\/\\\/www.linkedin.com\\\/hp\\\/?dnr=JBzUWaJfMUw8vbXJJ2tVW5-I3jZKvC4wsoxE&amp;amp;amp;amp;amp;amp;trk=nav_responsive_tab_home\",\"https:\\\/\\\/www.youtube.com\\\/channel\\\/UCxL0wu1uN0_3_7hGG0306cw\"]},{\"@type\":\"Person\",\"@id\":\"https:\\\/\\\/www.bellunopress.it\\\/#\\\/schema\\\/person\\\/79bb06722b37ece1c03d3e94beb30d73\",\"name\":\"redazione\",\"image\":{\"@type\":\"ImageObject\",\"inLanguage\":\"fr-FR\",\"@id\":\"https:\\\/\\\/secure.gravatar.com\\\/avatar\\\/37d968a2e67a6fd04c169c4bdef102d0bc5d31b2546345219e348575eb80e9a0?s=96&d=mm&r=g\",\"url\":\"https:\\\/\\\/secure.gravatar.com\\\/avatar\\\/37d968a2e67a6fd04c169c4bdef102d0bc5d31b2546345219e348575eb80e9a0?s=96&d=mm&r=g\",\"contentUrl\":\"https:\\\/\\\/secure.gravatar.com\\\/avatar\\\/37d968a2e67a6fd04c169c4bdef102d0bc5d31b2546345219e348575eb80e9a0?s=96&d=mm&r=g\",\"caption\":\"redazione\"},\"sameAs\":[\"http:\\\/\\\/www.bellunopress.it\",\"https:\\\/\\\/x.com\\\/bellunopress\"],\"url\":\"https:\\\/\\\/www.bellunopress.it\\\/fr\\\/author\\\/redazione\\\/\"}]}<\/script>\n<!-- \/ Yoast SEO plugin. -->","yoast_head_json":{"title":"A Limana il concorso fotografico in memoria di Vittorio Bristot \"Toieto\" - Bellunopress - Dolomiti","robots":{"index":"index","follow":"follow","max-snippet":"max-snippet:-1","max-image-preview":"max-image-preview:large","max-video-preview":"max-video-preview:-1"},"canonical":"https:\/\/www.bellunopress.it\/fr\/2023\/12\/04\/a-limana-il-concorso-fotografico-in-memoria-di-vittorio-bristot-toieto\/","og_locale":"fr_FR","og_type":"article","og_title":"A Limana il concorso fotografico in memoria di Vittorio Bristot \"Toieto\" - Bellunopress - Dolomiti","og_description":"Quattro sezioni dedicate a professionisti e giovani amatori promuovono la ricerca di luoghi e momenti sociali significativi e stimola la riflessione sul tema dell\u2019amore Scadono il 15 dicembre i termini per partecipare al concorso fotografico \u201cPremio Toieto\u201d promosso dal Comune di Limana in collaborazione con il Comitato Frazionale di Giaon e con il Circolo fotografico [&hellip;]","og_url":"https:\/\/www.bellunopress.it\/fr\/2023\/12\/04\/a-limana-il-concorso-fotografico-in-memoria-di-vittorio-bristot-toieto\/","og_site_name":"Bellunopress - Dolomiti","article_publisher":"https:\/\/www.facebook.com\/profile.php?id=100008943462799","article_published_time":"2023-12-04T07:31:30+00:00","og_image":[{"width":1000,"height":703,"url":"https:\/\/www.bellunopress.it\/wp-content\/uploads\/2023\/05\/municipio-limana_edited.jpg","type":"image\/jpeg"}],"author":"redazione","twitter_card":"summary_large_image","twitter_creator":"@bellunopress","twitter_site":"@bellunopress","twitter_misc":{"\u00c9crit par":"redazione","Dur\u00e9e de lecture estim\u00e9e":"2 minutes"},"schema":{"@context":"https:\/\/schema.org","@graph":[{"@type":"Article","@id":"https:\/\/www.bellunopress.it\/2023\/12\/04\/a-limana-il-concorso-fotografico-in-memoria-di-vittorio-bristot-toieto\/#article","isPartOf":{"@id":"https:\/\/www.bellunopress.it\/2023\/12\/04\/a-limana-il-concorso-fotografico-in-memoria-di-vittorio-bristot-toieto\/"},"author":{"name":"redazione","@id":"https:\/\/www.bellunopress.it\/#\/schema\/person\/79bb06722b37ece1c03d3e94beb30d73"},"headline":"A Limana il concorso fotografico in memoria di Vittorio Bristot &#8220;Toieto&#8221;","datePublished":"2023-12-04T07:31:30+00:00","mainEntityOfPage":{"@id":"https:\/\/www.bellunopress.it\/2023\/12\/04\/a-limana-il-concorso-fotografico-in-memoria-di-vittorio-bristot-toieto\/"},"wordCount":435,"publisher":{"@id":"https:\/\/www.bellunopress.it\/#organization"},"image":{"@id":"https:\/\/www.bellunopress.it\/2023\/12\/04\/a-limana-il-concorso-fotografico-in-memoria-di-vittorio-bristot-toieto\/#primaryimage"},"thumbnailUrl":"https:\/\/www.bellunopress.it\/wp-content\/uploads\/2023\/05\/municipio-limana_edited.jpg","articleSection":["Pausa Caff\u00e8","Sport, tempo libero"],"inLanguage":"fr-FR"},{"@type":"WebPage","@id":"https:\/\/www.bellunopress.it\/2023\/12\/04\/a-limana-il-concorso-fotografico-in-memoria-di-vittorio-bristot-toieto\/","url":"https:\/\/www.bellunopress.it\/2023\/12\/04\/a-limana-il-concorso-fotografico-in-memoria-di-vittorio-bristot-toieto\/","name":"A Limana il concorso fotografico in memoria di Vittorio Bristot \"Toieto\" - Bellunopress - Dolomiti","isPartOf":{"@id":"https:\/\/www.bellunopress.it\/#website"},"primaryImageOfPage":{"@id":"https:\/\/www.bellunopress.it\/2023\/12\/04\/a-limana-il-concorso-fotografico-in-memoria-di-vittorio-bristot-toieto\/#primaryimage"},"image":{"@id":"https:\/\/www.bellunopress.it\/2023\/12\/04\/a-limana-il-concorso-fotografico-in-memoria-di-vittorio-bristot-toieto\/#primaryimage"},"thumbnailUrl":"https:\/\/www.bellunopress.it\/wp-content\/uploads\/2023\/05\/municipio-limana_edited.jpg","datePublished":"2023-12-04T07:31:30+00:00","breadcrumb":{"@id":"https:\/\/www.bellunopress.it\/2023\/12\/04\/a-limana-il-concorso-fotografico-in-memoria-di-vittorio-bristot-toieto\/#breadcrumb"},"inLanguage":"fr-FR","potentialAction":[{"@type":"ReadAction","target":["https:\/\/www.bellunopress.it\/2023\/12\/04\/a-limana-il-concorso-fotografico-in-memoria-di-vittorio-bristot-toieto\/"]}]},{"@type":"ImageObject","inLanguage":"fr-FR","@id":"https:\/\/www.bellunopress.it\/2023\/12\/04\/a-limana-il-concorso-fotografico-in-memoria-di-vittorio-bristot-toieto\/#primaryimage","url":"https:\/\/www.bellunopress.it\/wp-content\/uploads\/2023\/05\/municipio-limana_edited.jpg","contentUrl":"https:\/\/www.bellunopress.it\/wp-content\/uploads\/2023\/05\/municipio-limana_edited.jpg","width":1000,"height":703,"caption":"Municipio di Limana"},{"@type":"BreadcrumbList","@id":"https:\/\/www.bellunopress.it\/2023\/12\/04\/a-limana-il-concorso-fotografico-in-memoria-di-vittorio-bristot-toieto\/#breadcrumb","itemListElement":[{"@type":"ListItem","position":1,"name":"Home","item":"https:\/\/www.bellunopress.it\/"},{"@type":"ListItem","position":2,"name":"A Limana il concorso fotografico in memoria di Vittorio Bristot &#8220;Toieto&#8221;"}]},{"@type":"WebSite","@id":"https:\/\/www.bellunopress.it\/#website","url":"https:\/\/www.bellunopress.it\/","name":"Bellunopress - Dolomiti","description":"e-mail: redazione@bellunopress.it","publisher":{"@id":"https:\/\/www.bellunopress.it\/#organization"},"potentialAction":[{"@type":"SearchAction","target":{"@type":"EntryPoint","urlTemplate":"https:\/\/www.bellunopress.it\/?s={search_term_string}"},"query-input":{"@type":"PropertyValueSpecification","valueRequired":true,"valueName":"search_term_string"}}],"inLanguage":"fr-FR"},{"@type":"Organization","@id":"https:\/\/www.bellunopress.it\/#organization","name":"Bellunopress","url":"https:\/\/www.bellunopress.it\/","logo":{"@type":"ImageObject","inLanguage":"fr-FR","@id":"https:\/\/www.bellunopress.it\/#\/schema\/logo\/image\/","url":"https:\/\/www.bellunopress.it\/wp-content\/uploads\/2011\/05\/cropped-logo-bellunopress-.jpg","contentUrl":"https:\/\/www.bellunopress.it\/wp-content\/uploads\/2011\/05\/cropped-logo-bellunopress-.jpg","width":512,"height":512,"caption":"Bellunopress"},"image":{"@id":"https:\/\/www.bellunopress.it\/#\/schema\/logo\/image\/"},"sameAs":["https:\/\/www.facebook.com\/profile.php?id=100008943462799","https:\/\/x.com\/bellunopress","https:\/\/www.linkedin.com\/hp\/?dnr=JBzUWaJfMUw8vbXJJ2tVW5-I3jZKvC4wsoxE&amp;amp;amp;amp;amp;amp;trk=nav_responsive_tab_home","https:\/\/www.youtube.com\/channel\/UCxL0wu1uN0_3_7hGG0306cw"]},{"@type":"Person","@id":"https:\/\/www.bellunopress.it\/#\/schema\/person\/79bb06722b37ece1c03d3e94beb30d73","name":"r\u00e9daction","image":{"@type":"ImageObject","inLanguage":"fr-FR","@id":"https:\/\/secure.gravatar.com\/avatar\/37d968a2e67a6fd04c169c4bdef102d0bc5d31b2546345219e348575eb80e9a0?s=96&d=mm&r=g","url":"https:\/\/secure.gravatar.com\/avatar\/37d968a2e67a6fd04c169c4bdef102d0bc5d31b2546345219e348575eb80e9a0?s=96&d=mm&r=g","contentUrl":"https:\/\/secure.gravatar.com\/avatar\/37d968a2e67a6fd04c169c4bdef102d0bc5d31b2546345219e348575eb80e9a0?s=96&d=mm&r=g","caption":"redazione"},"sameAs":["http:\/\/www.bellunopress.it","https:\/\/x.com\/bellunopress"],"url":"https:\/\/www.bellunopress.it\/fr\/author\/redazione\/"}]}},"_links":{"self":[{"href":"https:\/\/www.bellunopress.it\/fr\/wp-json\/wp\/v2\/posts\/146428","targetHints":{"allow":["GET"]}}],"collection":[{"href":"https:\/\/www.bellunopress.it\/fr\/wp-json\/wp\/v2\/posts"}],"about":[{"href":"https:\/\/www.bellunopress.it\/fr\/wp-json\/wp\/v2\/types\/post"}],"author":[{"embeddable":true,"href":"https:\/\/www.bellunopress.it\/fr\/wp-json\/wp\/v2\/users\/2"}],"replies":[{"embeddable":true,"href":"https:\/\/www.bellunopress.it\/fr\/wp-json\/wp\/v2\/comments?post=146428"}],"version-history":[{"count":1,"href":"https:\/\/www.bellunopress.it\/fr\/wp-json\/wp\/v2\/posts\/146428\/revisions"}],"predecessor-version":[{"id":146429,"href":"https:\/\/www.bellunopress.it\/fr\/wp-json\/wp\/v2\/posts\/146428\/revisions\/146429"}],"wp:featuredmedia":[{"embeddable":true,"href":"https:\/\/www.bellunopress.it\/fr\/wp-json\/wp\/v2\/media\/141764"}],"wp:attachment":[{"href":"https:\/\/www.bellunopress.it\/fr\/wp-json\/wp\/v2\/media?parent=146428"}],"wp:term":[{"taxonomy":"category","embeddable":true,"href":"https:\/\/www.bellunopress.it\/fr\/wp-json\/wp\/v2\/categories?post=146428"},{"taxonomy":"post_tag","embeddable":true,"href":"https:\/\/www.bellunopress.it\/fr\/wp-json\/wp\/v2\/tags?post=146428"}],"curies":[{"name":"wp","href":"https:\/\/api.w.org\/{rel}","templated":true}]}}