{"id":146420,"date":"2023-12-03T20:52:54","date_gmt":"2023-12-03T19:52:54","guid":{"rendered":"https:\/\/www.bellunopress.it\/?p=146420"},"modified":"2023-12-03T20:52:54","modified_gmt":"2023-12-03T19:52:54","slug":"il-popolo-delle-donne-mercoledi-alle-18-al-cinema-italia-presente-il-regista-yuri-ancarani","status":"publish","type":"post","link":"https:\/\/www.bellunopress.it\/fr\/2023\/12\/03\/il-popolo-delle-donne-mercoledi-alle-18-al-cinema-italia-presente-il-regista-yuri-ancarani\/","title":{"rendered":"Il popolo delle donne. Mercoled\u00ec alle 18 al cinema Italia, presente il regista Yuri Ancarani"},"content":{"rendered":"<figure id=\"attachment_141261\" aria-describedby=\"caption-attachment-141261\" style=\"width: 1000px\" class=\"wp-caption alignleft\"><img loading=\"lazy\" decoding=\"async\" class=\"size-full wp-image-141261\" src=\"https:\/\/www.bellunopress.it\/wp-content\/uploads\/2023\/05\/cinema-italia_edited.jpg\" alt=\"\" width=\"1000\" height=\"750\" srcset=\"https:\/\/www.bellunopress.it\/wp-content\/uploads\/2023\/05\/cinema-italia_edited.jpg 1000w, https:\/\/www.bellunopress.it\/wp-content\/uploads\/2023\/05\/cinema-italia_edited-500x375.jpg 500w, https:\/\/www.bellunopress.it\/wp-content\/uploads\/2023\/05\/cinema-italia_edited-696x522.jpg 696w, https:\/\/www.bellunopress.it\/wp-content\/uploads\/2023\/05\/cinema-italia_edited-560x420.jpg 560w, https:\/\/www.bellunopress.it\/wp-content\/uploads\/2023\/05\/cinema-italia_edited-80x60.jpg 80w, https:\/\/www.bellunopress.it\/wp-content\/uploads\/2023\/05\/cinema-italia_edited-265x198.jpg 265w\" sizes=\"auto, (max-width: 1000px) 100vw, 1000px\" \/><figcaption id=\"caption-attachment-141261\" class=\"wp-caption-text\">Cinema Italia &#8211; Belluno<\/figcaption><\/figure>\n<p>Si arricchisce il programma\u00a0 &#8220;Al cinema con i protagonisti&#8221;, la nuova iniziativa organizzata dalla FICE &#8211; Federazione Italiana Cinema d\u2019Essai in collaborazione con il MIC \u2013 Direzione Generale Cinema e Audiovisivo, il cui principale obiettivo \u00e8 promuovere il cinema di qualit\u00e0 attraverso la presenza di autori ed attori per la presentazione dei loro film nelle sale d\u2019essai italiane.<\/p>\n<p>Tra le nuove date in calendario spicca Il Popolo Delle Donne di Yuri Ancarani, presentato alle ultime Giornate degli Autori nella sezione Proiezioni Speciali.<\/p>\n<p>Il film sar\u00e0 infatti presentato in cinque appuntamenti, alla presenza del regista: marted\u00ec 5 dicembre (ore 18) al Cinema Odeon di Vicenza, mercoled\u00ec 6 dicembre (ore 18) ai cinema Italia di Belluno e Edera di Treviso (ore 21), gioved\u00ec 7 dicembre (ore 21) al Cinema Lux di Padova e marted\u00ec 12 dicembre (ore 21) al Cinema Troisi di San Donato Milanese.<\/p>\n<p>Un\u2019occasione unica, da parte del pubblico, per apprendere appieno, grazie alla presentazione del regista, il senso di un film che affronta un tema delicato ed estremamente attuale, soprattutto in queste settimane, come quello della violenza sulle donne.<\/p>\n<p>Il Popolo Delle Donne, infatti, che vede come protagonista la psicoterapeuta e psicoanalista Marina Valcarenghi, evidenzia, attraverso gli studi accademici effettuati sul campo della stessa nel corso della sua carriera &#8211; il rapporto fra la crescente affermazione sociale delle donne e l\u2019aumento della violenza sessuale maschile. Quanto pi\u00f9 il mondo delle donne, ancora inevitabilmente insicuro, viene tuttavia alla ribalta \u2013 ci racconta il film -, tanto pi\u00f9 si acuisce la violenza insofferente di una parte del mondo maschile.<\/p>\n<p>&nbsp;<\/p>","protected":false},"excerpt":{"rendered":"<p>Si arricchisce il programma\u00a0 &#8220;Al cinema con i protagonisti&#8221;, la nuova iniziativa organizzata dalla FICE &#8211; Federazione Italiana Cinema d\u2019Essai in collaborazione con il MIC \u2013 Direzione Generale Cinema e Audiovisivo, il cui principale obiettivo \u00e8 promuovere il cinema di qualit\u00e0 attraverso la presenza di autori ed attori per la presentazione dei loro film nelle [&hellip;]<\/p>\n","protected":false},"author":2,"featured_media":141261,"comment_status":"closed","ping_status":"open","sticky":false,"template":"","format":"standard","meta":{"footnotes":""},"categories":[27,25],"tags":[],"class_list":["post-146420","post","type-post","status-publish","format-standard","has-post-thumbnail","category-appuntamenti","category-pausa-caffe"],"yoast_head":"<!-- This site is optimized with the Yoast SEO plugin v28.4 - https:\/\/yoast.com\/product\/yoast-seo-wordpress\/ -->\n<title>Il popolo delle donne. Mercoled\u00ec alle 18 al cinema Italia, presente il regista Yuri Ancarani - Bellunopress - Dolomiti<\/title>\n<meta name=\"robots\" content=\"index, follow, max-snippet:-1, max-image-preview:large, max-video-preview:-1\" \/>\n<link rel=\"canonical\" href=\"https:\/\/www.bellunopress.it\/fr\/2023\/12\/03\/il-popolo-delle-donne-mercoledi-alle-18-al-cinema-italia-presente-il-regista-yuri-ancarani\/\" \/>\n<meta property=\"og:locale\" content=\"fr_FR\" \/>\n<meta property=\"og:type\" content=\"article\" \/>\n<meta property=\"og:title\" content=\"Il popolo delle donne. Mercoled\u00ec alle 18 al cinema Italia, presente il regista Yuri Ancarani - Bellunopress - Dolomiti\" \/>\n<meta property=\"og:description\" content=\"Si arricchisce il programma\u00a0 &#8220;Al cinema con i protagonisti&#8221;, la nuova iniziativa organizzata dalla FICE &#8211; Federazione Italiana Cinema d\u2019Essai in collaborazione con il MIC \u2013 Direzione Generale Cinema e Audiovisivo, il cui principale obiettivo \u00e8 promuovere il cinema di qualit\u00e0 attraverso la presenza di autori ed attori per la presentazione dei loro film nelle [&hellip;]\" \/>\n<meta property=\"og:url\" content=\"https:\/\/www.bellunopress.it\/fr\/2023\/12\/03\/il-popolo-delle-donne-mercoledi-alle-18-al-cinema-italia-presente-il-regista-yuri-ancarani\/\" \/>\n<meta property=\"og:site_name\" content=\"Bellunopress - Dolomiti\" \/>\n<meta property=\"article:publisher\" content=\"https:\/\/www.facebook.com\/profile.php?id=100008943462799\" \/>\n<meta property=\"article:published_time\" content=\"2023-12-03T19:52:54+00:00\" \/>\n<meta property=\"og:image\" content=\"https:\/\/www.bellunopress.it\/wp-content\/uploads\/2023\/05\/cinema-italia_edited.jpg\" \/>\n\t<meta property=\"og:image:width\" content=\"1000\" \/>\n\t<meta property=\"og:image:height\" content=\"750\" \/>\n\t<meta property=\"og:image:type\" content=\"image\/jpeg\" \/>\n<meta name=\"author\" content=\"redazione\" \/>\n<meta name=\"twitter:card\" content=\"summary_large_image\" \/>\n<meta name=\"twitter:creator\" content=\"@bellunopress\" \/>\n<meta name=\"twitter:site\" content=\"@bellunopress\" \/>\n<meta name=\"twitter:label1\" content=\"\u00c9crit par\" \/>\n\t<meta name=\"twitter:data1\" content=\"redazione\" \/>\n\t<meta name=\"twitter:label2\" content=\"Dur\u00e9e de lecture estim\u00e9e\" \/>\n\t<meta name=\"twitter:data2\" content=\"1 minute\" \/>\n<script type=\"application\/ld+json\" class=\"yoast-schema-graph\">{\"@context\":\"https:\\\/\\\/schema.org\",\"@graph\":[{\"@type\":\"Article\",\"@id\":\"https:\\\/\\\/www.bellunopress.it\\\/2023\\\/12\\\/03\\\/il-popolo-delle-donne-mercoledi-alle-18-al-cinema-italia-presente-il-regista-yuri-ancarani\\\/#article\",\"isPartOf\":{\"@id\":\"https:\\\/\\\/www.bellunopress.it\\\/2023\\\/12\\\/03\\\/il-popolo-delle-donne-mercoledi-alle-18-al-cinema-italia-presente-il-regista-yuri-ancarani\\\/\"},\"author\":{\"name\":\"redazione\",\"@id\":\"https:\\\/\\\/www.bellunopress.it\\\/#\\\/schema\\\/person\\\/79bb06722b37ece1c03d3e94beb30d73\"},\"headline\":\"Il popolo delle donne. Mercoled\u00ec alle 18 al cinema Italia, presente il regista Yuri Ancarani\",\"datePublished\":\"2023-12-03T19:52:54+00:00\",\"mainEntityOfPage\":{\"@id\":\"https:\\\/\\\/www.bellunopress.it\\\/2023\\\/12\\\/03\\\/il-popolo-delle-donne-mercoledi-alle-18-al-cinema-italia-presente-il-regista-yuri-ancarani\\\/\"},\"wordCount\":276,\"publisher\":{\"@id\":\"https:\\\/\\\/www.bellunopress.it\\\/#organization\"},\"image\":{\"@id\":\"https:\\\/\\\/www.bellunopress.it\\\/2023\\\/12\\\/03\\\/il-popolo-delle-donne-mercoledi-alle-18-al-cinema-italia-presente-il-regista-yuri-ancarani\\\/#primaryimage\"},\"thumbnailUrl\":\"https:\\\/\\\/www.bellunopress.it\\\/wp-content\\\/uploads\\\/2023\\\/05\\\/cinema-italia_edited.jpg\",\"articleSection\":[\"Appuntamenti, Eventi\",\"Pausa Caff\u00e8\"],\"inLanguage\":\"fr-FR\"},{\"@type\":\"WebPage\",\"@id\":\"https:\\\/\\\/www.bellunopress.it\\\/2023\\\/12\\\/03\\\/il-popolo-delle-donne-mercoledi-alle-18-al-cinema-italia-presente-il-regista-yuri-ancarani\\\/\",\"url\":\"https:\\\/\\\/www.bellunopress.it\\\/2023\\\/12\\\/03\\\/il-popolo-delle-donne-mercoledi-alle-18-al-cinema-italia-presente-il-regista-yuri-ancarani\\\/\",\"name\":\"Il popolo delle donne. Mercoled\u00ec alle 18 al cinema Italia, presente il regista Yuri Ancarani - Bellunopress - Dolomiti\",\"isPartOf\":{\"@id\":\"https:\\\/\\\/www.bellunopress.it\\\/#website\"},\"primaryImageOfPage\":{\"@id\":\"https:\\\/\\\/www.bellunopress.it\\\/2023\\\/12\\\/03\\\/il-popolo-delle-donne-mercoledi-alle-18-al-cinema-italia-presente-il-regista-yuri-ancarani\\\/#primaryimage\"},\"image\":{\"@id\":\"https:\\\/\\\/www.bellunopress.it\\\/2023\\\/12\\\/03\\\/il-popolo-delle-donne-mercoledi-alle-18-al-cinema-italia-presente-il-regista-yuri-ancarani\\\/#primaryimage\"},\"thumbnailUrl\":\"https:\\\/\\\/www.bellunopress.it\\\/wp-content\\\/uploads\\\/2023\\\/05\\\/cinema-italia_edited.jpg\",\"datePublished\":\"2023-12-03T19:52:54+00:00\",\"breadcrumb\":{\"@id\":\"https:\\\/\\\/www.bellunopress.it\\\/2023\\\/12\\\/03\\\/il-popolo-delle-donne-mercoledi-alle-18-al-cinema-italia-presente-il-regista-yuri-ancarani\\\/#breadcrumb\"},\"inLanguage\":\"fr-FR\",\"potentialAction\":[{\"@type\":\"ReadAction\",\"target\":[\"https:\\\/\\\/www.bellunopress.it\\\/2023\\\/12\\\/03\\\/il-popolo-delle-donne-mercoledi-alle-18-al-cinema-italia-presente-il-regista-yuri-ancarani\\\/\"]}]},{\"@type\":\"ImageObject\",\"inLanguage\":\"fr-FR\",\"@id\":\"https:\\\/\\\/www.bellunopress.it\\\/2023\\\/12\\\/03\\\/il-popolo-delle-donne-mercoledi-alle-18-al-cinema-italia-presente-il-regista-yuri-ancarani\\\/#primaryimage\",\"url\":\"https:\\\/\\\/www.bellunopress.it\\\/wp-content\\\/uploads\\\/2023\\\/05\\\/cinema-italia_edited.jpg\",\"contentUrl\":\"https:\\\/\\\/www.bellunopress.it\\\/wp-content\\\/uploads\\\/2023\\\/05\\\/cinema-italia_edited.jpg\",\"width\":1000,\"height\":750,\"caption\":\"Cinema Italia - Belluno\"},{\"@type\":\"BreadcrumbList\",\"@id\":\"https:\\\/\\\/www.bellunopress.it\\\/2023\\\/12\\\/03\\\/il-popolo-delle-donne-mercoledi-alle-18-al-cinema-italia-presente-il-regista-yuri-ancarani\\\/#breadcrumb\",\"itemListElement\":[{\"@type\":\"ListItem\",\"position\":1,\"name\":\"Home\",\"item\":\"https:\\\/\\\/www.bellunopress.it\\\/\"},{\"@type\":\"ListItem\",\"position\":2,\"name\":\"Il popolo delle donne. Mercoled\u00ec alle 18 al cinema Italia, presente il regista Yuri Ancarani\"}]},{\"@type\":\"WebSite\",\"@id\":\"https:\\\/\\\/www.bellunopress.it\\\/#website\",\"url\":\"https:\\\/\\\/www.bellunopress.it\\\/\",\"name\":\"Bellunopress - Dolomiti\",\"description\":\"e-mail: redazione@bellunopress.it\",\"publisher\":{\"@id\":\"https:\\\/\\\/www.bellunopress.it\\\/#organization\"},\"potentialAction\":[{\"@type\":\"SearchAction\",\"target\":{\"@type\":\"EntryPoint\",\"urlTemplate\":\"https:\\\/\\\/www.bellunopress.it\\\/?s={search_term_string}\"},\"query-input\":{\"@type\":\"PropertyValueSpecification\",\"valueRequired\":true,\"valueName\":\"search_term_string\"}}],\"inLanguage\":\"fr-FR\"},{\"@type\":\"Organization\",\"@id\":\"https:\\\/\\\/www.bellunopress.it\\\/#organization\",\"name\":\"Bellunopress\",\"url\":\"https:\\\/\\\/www.bellunopress.it\\\/\",\"logo\":{\"@type\":\"ImageObject\",\"inLanguage\":\"fr-FR\",\"@id\":\"https:\\\/\\\/www.bellunopress.it\\\/#\\\/schema\\\/logo\\\/image\\\/\",\"url\":\"https:\\\/\\\/www.bellunopress.it\\\/wp-content\\\/uploads\\\/2011\\\/05\\\/cropped-logo-bellunopress-.jpg\",\"contentUrl\":\"https:\\\/\\\/www.bellunopress.it\\\/wp-content\\\/uploads\\\/2011\\\/05\\\/cropped-logo-bellunopress-.jpg\",\"width\":512,\"height\":512,\"caption\":\"Bellunopress\"},\"image\":{\"@id\":\"https:\\\/\\\/www.bellunopress.it\\\/#\\\/schema\\\/logo\\\/image\\\/\"},\"sameAs\":[\"https:\\\/\\\/www.facebook.com\\\/profile.php?id=100008943462799\",\"https:\\\/\\\/x.com\\\/bellunopress\",\"https:\\\/\\\/www.linkedin.com\\\/hp\\\/?dnr=JBzUWaJfMUw8vbXJJ2tVW5-I3jZKvC4wsoxE&amp;amp;amp;amp;amp;amp;trk=nav_responsive_tab_home\",\"https:\\\/\\\/www.youtube.com\\\/channel\\\/UCxL0wu1uN0_3_7hGG0306cw\"]},{\"@type\":\"Person\",\"@id\":\"https:\\\/\\\/www.bellunopress.it\\\/#\\\/schema\\\/person\\\/79bb06722b37ece1c03d3e94beb30d73\",\"name\":\"redazione\",\"image\":{\"@type\":\"ImageObject\",\"inLanguage\":\"fr-FR\",\"@id\":\"https:\\\/\\\/secure.gravatar.com\\\/avatar\\\/37d968a2e67a6fd04c169c4bdef102d0bc5d31b2546345219e348575eb80e9a0?s=96&d=mm&r=g\",\"url\":\"https:\\\/\\\/secure.gravatar.com\\\/avatar\\\/37d968a2e67a6fd04c169c4bdef102d0bc5d31b2546345219e348575eb80e9a0?s=96&d=mm&r=g\",\"contentUrl\":\"https:\\\/\\\/secure.gravatar.com\\\/avatar\\\/37d968a2e67a6fd04c169c4bdef102d0bc5d31b2546345219e348575eb80e9a0?s=96&d=mm&r=g\",\"caption\":\"redazione\"},\"sameAs\":[\"http:\\\/\\\/www.bellunopress.it\",\"https:\\\/\\\/x.com\\\/bellunopress\"],\"url\":\"https:\\\/\\\/www.bellunopress.it\\\/fr\\\/author\\\/redazione\\\/\"}]}<\/script>\n<!-- \/ Yoast SEO plugin. -->","yoast_head_json":{"title":"Il popolo delle donne. Mercoled\u00ec alle 18 al cinema Italia, presente il regista Yuri Ancarani - Bellunopress - Dolomiti","robots":{"index":"index","follow":"follow","max-snippet":"max-snippet:-1","max-image-preview":"max-image-preview:large","max-video-preview":"max-video-preview:-1"},"canonical":"https:\/\/www.bellunopress.it\/fr\/2023\/12\/03\/il-popolo-delle-donne-mercoledi-alle-18-al-cinema-italia-presente-il-regista-yuri-ancarani\/","og_locale":"fr_FR","og_type":"article","og_title":"Il popolo delle donne. Mercoled\u00ec alle 18 al cinema Italia, presente il regista Yuri Ancarani - Bellunopress - Dolomiti","og_description":"Si arricchisce il programma\u00a0 &#8220;Al cinema con i protagonisti&#8221;, la nuova iniziativa organizzata dalla FICE &#8211; Federazione Italiana Cinema d\u2019Essai in collaborazione con il MIC \u2013 Direzione Generale Cinema e Audiovisivo, il cui principale obiettivo \u00e8 promuovere il cinema di qualit\u00e0 attraverso la presenza di autori ed attori per la presentazione dei loro film nelle [&hellip;]","og_url":"https:\/\/www.bellunopress.it\/fr\/2023\/12\/03\/il-popolo-delle-donne-mercoledi-alle-18-al-cinema-italia-presente-il-regista-yuri-ancarani\/","og_site_name":"Bellunopress - Dolomiti","article_publisher":"https:\/\/www.facebook.com\/profile.php?id=100008943462799","article_published_time":"2023-12-03T19:52:54+00:00","og_image":[{"width":1000,"height":750,"url":"https:\/\/www.bellunopress.it\/wp-content\/uploads\/2023\/05\/cinema-italia_edited.jpg","type":"image\/jpeg"}],"author":"redazione","twitter_card":"summary_large_image","twitter_creator":"@bellunopress","twitter_site":"@bellunopress","twitter_misc":{"\u00c9crit par":"redazione","Dur\u00e9e de lecture estim\u00e9e":"1 minute"},"schema":{"@context":"https:\/\/schema.org","@graph":[{"@type":"Article","@id":"https:\/\/www.bellunopress.it\/2023\/12\/03\/il-popolo-delle-donne-mercoledi-alle-18-al-cinema-italia-presente-il-regista-yuri-ancarani\/#article","isPartOf":{"@id":"https:\/\/www.bellunopress.it\/2023\/12\/03\/il-popolo-delle-donne-mercoledi-alle-18-al-cinema-italia-presente-il-regista-yuri-ancarani\/"},"author":{"name":"redazione","@id":"https:\/\/www.bellunopress.it\/#\/schema\/person\/79bb06722b37ece1c03d3e94beb30d73"},"headline":"Il popolo delle donne. Mercoled\u00ec alle 18 al cinema Italia, presente il regista Yuri Ancarani","datePublished":"2023-12-03T19:52:54+00:00","mainEntityOfPage":{"@id":"https:\/\/www.bellunopress.it\/2023\/12\/03\/il-popolo-delle-donne-mercoledi-alle-18-al-cinema-italia-presente-il-regista-yuri-ancarani\/"},"wordCount":276,"publisher":{"@id":"https:\/\/www.bellunopress.it\/#organization"},"image":{"@id":"https:\/\/www.bellunopress.it\/2023\/12\/03\/il-popolo-delle-donne-mercoledi-alle-18-al-cinema-italia-presente-il-regista-yuri-ancarani\/#primaryimage"},"thumbnailUrl":"https:\/\/www.bellunopress.it\/wp-content\/uploads\/2023\/05\/cinema-italia_edited.jpg","articleSection":["Appuntamenti, Eventi","Pausa Caff\u00e8"],"inLanguage":"fr-FR"},{"@type":"WebPage","@id":"https:\/\/www.bellunopress.it\/2023\/12\/03\/il-popolo-delle-donne-mercoledi-alle-18-al-cinema-italia-presente-il-regista-yuri-ancarani\/","url":"https:\/\/www.bellunopress.it\/2023\/12\/03\/il-popolo-delle-donne-mercoledi-alle-18-al-cinema-italia-presente-il-regista-yuri-ancarani\/","name":"Il popolo delle donne. Mercoled\u00ec alle 18 al cinema Italia, presente il regista Yuri Ancarani - Bellunopress - Dolomiti","isPartOf":{"@id":"https:\/\/www.bellunopress.it\/#website"},"primaryImageOfPage":{"@id":"https:\/\/www.bellunopress.it\/2023\/12\/03\/il-popolo-delle-donne-mercoledi-alle-18-al-cinema-italia-presente-il-regista-yuri-ancarani\/#primaryimage"},"image":{"@id":"https:\/\/www.bellunopress.it\/2023\/12\/03\/il-popolo-delle-donne-mercoledi-alle-18-al-cinema-italia-presente-il-regista-yuri-ancarani\/#primaryimage"},"thumbnailUrl":"https:\/\/www.bellunopress.it\/wp-content\/uploads\/2023\/05\/cinema-italia_edited.jpg","datePublished":"2023-12-03T19:52:54+00:00","breadcrumb":{"@id":"https:\/\/www.bellunopress.it\/2023\/12\/03\/il-popolo-delle-donne-mercoledi-alle-18-al-cinema-italia-presente-il-regista-yuri-ancarani\/#breadcrumb"},"inLanguage":"fr-FR","potentialAction":[{"@type":"ReadAction","target":["https:\/\/www.bellunopress.it\/2023\/12\/03\/il-popolo-delle-donne-mercoledi-alle-18-al-cinema-italia-presente-il-regista-yuri-ancarani\/"]}]},{"@type":"ImageObject","inLanguage":"fr-FR","@id":"https:\/\/www.bellunopress.it\/2023\/12\/03\/il-popolo-delle-donne-mercoledi-alle-18-al-cinema-italia-presente-il-regista-yuri-ancarani\/#primaryimage","url":"https:\/\/www.bellunopress.it\/wp-content\/uploads\/2023\/05\/cinema-italia_edited.jpg","contentUrl":"https:\/\/www.bellunopress.it\/wp-content\/uploads\/2023\/05\/cinema-italia_edited.jpg","width":1000,"height":750,"caption":"Cinema Italia - Belluno"},{"@type":"BreadcrumbList","@id":"https:\/\/www.bellunopress.it\/2023\/12\/03\/il-popolo-delle-donne-mercoledi-alle-18-al-cinema-italia-presente-il-regista-yuri-ancarani\/#breadcrumb","itemListElement":[{"@type":"ListItem","position":1,"name":"Home","item":"https:\/\/www.bellunopress.it\/"},{"@type":"ListItem","position":2,"name":"Il popolo delle donne. Mercoled\u00ec alle 18 al cinema Italia, presente il regista Yuri Ancarani"}]},{"@type":"WebSite","@id":"https:\/\/www.bellunopress.it\/#website","url":"https:\/\/www.bellunopress.it\/","name":"Bellunopress - Dolomiti","description":"e-mail: redazione@bellunopress.it","publisher":{"@id":"https:\/\/www.bellunopress.it\/#organization"},"potentialAction":[{"@type":"SearchAction","target":{"@type":"EntryPoint","urlTemplate":"https:\/\/www.bellunopress.it\/?s={search_term_string}"},"query-input":{"@type":"PropertyValueSpecification","valueRequired":true,"valueName":"search_term_string"}}],"inLanguage":"fr-FR"},{"@type":"Organization","@id":"https:\/\/www.bellunopress.it\/#organization","name":"Bellunopress","url":"https:\/\/www.bellunopress.it\/","logo":{"@type":"ImageObject","inLanguage":"fr-FR","@id":"https:\/\/www.bellunopress.it\/#\/schema\/logo\/image\/","url":"https:\/\/www.bellunopress.it\/wp-content\/uploads\/2011\/05\/cropped-logo-bellunopress-.jpg","contentUrl":"https:\/\/www.bellunopress.it\/wp-content\/uploads\/2011\/05\/cropped-logo-bellunopress-.jpg","width":512,"height":512,"caption":"Bellunopress"},"image":{"@id":"https:\/\/www.bellunopress.it\/#\/schema\/logo\/image\/"},"sameAs":["https:\/\/www.facebook.com\/profile.php?id=100008943462799","https:\/\/x.com\/bellunopress","https:\/\/www.linkedin.com\/hp\/?dnr=JBzUWaJfMUw8vbXJJ2tVW5-I3jZKvC4wsoxE&amp;amp;amp;amp;amp;amp;trk=nav_responsive_tab_home","https:\/\/www.youtube.com\/channel\/UCxL0wu1uN0_3_7hGG0306cw"]},{"@type":"Person","@id":"https:\/\/www.bellunopress.it\/#\/schema\/person\/79bb06722b37ece1c03d3e94beb30d73","name":"r\u00e9daction","image":{"@type":"ImageObject","inLanguage":"fr-FR","@id":"https:\/\/secure.gravatar.com\/avatar\/37d968a2e67a6fd04c169c4bdef102d0bc5d31b2546345219e348575eb80e9a0?s=96&d=mm&r=g","url":"https:\/\/secure.gravatar.com\/avatar\/37d968a2e67a6fd04c169c4bdef102d0bc5d31b2546345219e348575eb80e9a0?s=96&d=mm&r=g","contentUrl":"https:\/\/secure.gravatar.com\/avatar\/37d968a2e67a6fd04c169c4bdef102d0bc5d31b2546345219e348575eb80e9a0?s=96&d=mm&r=g","caption":"redazione"},"sameAs":["http:\/\/www.bellunopress.it","https:\/\/x.com\/bellunopress"],"url":"https:\/\/www.bellunopress.it\/fr\/author\/redazione\/"}]}},"_links":{"self":[{"href":"https:\/\/www.bellunopress.it\/fr\/wp-json\/wp\/v2\/posts\/146420","targetHints":{"allow":["GET"]}}],"collection":[{"href":"https:\/\/www.bellunopress.it\/fr\/wp-json\/wp\/v2\/posts"}],"about":[{"href":"https:\/\/www.bellunopress.it\/fr\/wp-json\/wp\/v2\/types\/post"}],"author":[{"embeddable":true,"href":"https:\/\/www.bellunopress.it\/fr\/wp-json\/wp\/v2\/users\/2"}],"replies":[{"embeddable":true,"href":"https:\/\/www.bellunopress.it\/fr\/wp-json\/wp\/v2\/comments?post=146420"}],"version-history":[{"count":1,"href":"https:\/\/www.bellunopress.it\/fr\/wp-json\/wp\/v2\/posts\/146420\/revisions"}],"predecessor-version":[{"id":146421,"href":"https:\/\/www.bellunopress.it\/fr\/wp-json\/wp\/v2\/posts\/146420\/revisions\/146421"}],"wp:featuredmedia":[{"embeddable":true,"href":"https:\/\/www.bellunopress.it\/fr\/wp-json\/wp\/v2\/media\/141261"}],"wp:attachment":[{"href":"https:\/\/www.bellunopress.it\/fr\/wp-json\/wp\/v2\/media?parent=146420"}],"wp:term":[{"taxonomy":"category","embeddable":true,"href":"https:\/\/www.bellunopress.it\/fr\/wp-json\/wp\/v2\/categories?post=146420"},{"taxonomy":"post_tag","embeddable":true,"href":"https:\/\/www.bellunopress.it\/fr\/wp-json\/wp\/v2\/tags?post=146420"}],"curies":[{"name":"wp","href":"https:\/\/api.w.org\/{rel}","templated":true}]}}