{"id":146416,"date":"2023-12-03T15:44:53","date_gmt":"2023-12-03T14:44:53","guid":{"rendered":"https:\/\/www.bellunopress.it\/?p=146416"},"modified":"2023-12-03T15:44:53","modified_gmt":"2023-12-03T14:44:53","slug":"il-ministro-degli-esteri-antonio-tajani-visita-lassociazione-bellunesi-nel-mondo-e-il-mim-belluno","status":"publish","type":"post","link":"https:\/\/www.bellunopress.it\/fr\/2023\/12\/03\/il-ministro-degli-esteri-antonio-tajani-visita-lassociazione-bellunesi-nel-mondo-e-il-mim-belluno\/","title":{"rendered":"Il ministro degli Esteri Antonio Tajani visita l\u2019Associazione Bellunesi nel Mondo e il MiM Belluno"},"content":{"rendered":"<p><img loading=\"lazy\" decoding=\"async\" class=\"alignleft size-full wp-image-146417\" src=\"https:\/\/www.bellunopress.it\/wp-content\/uploads\/2023\/12\/ministro-tajani_sede_abm_edited.jpg\" alt=\"\" width=\"1000\" height=\"580\" srcset=\"https:\/\/www.bellunopress.it\/wp-content\/uploads\/2023\/12\/ministro-tajani_sede_abm_edited.jpg 1000w, https:\/\/www.bellunopress.it\/wp-content\/uploads\/2023\/12\/ministro-tajani_sede_abm_edited-500x290.jpg 500w, https:\/\/www.bellunopress.it\/wp-content\/uploads\/2023\/12\/ministro-tajani_sede_abm_edited-696x404.jpg 696w\" sizes=\"auto, (max-width: 1000px) 100vw, 1000px\" \/>\u201cI bellunesi nel mondo rappresentano una grande risorsa per l\u2019Italia. Sono nostri ambasciatori del saper fare, che rendono onore alla nostra Patria. Li aspettiamo in Italia con il progetto del turismo delle radici\u201d.<\/p>\n<p>Questa la dedica che il ministro degli Esteri, onorevole Antonio Tajani, ha voluto scrivere nel libro delle presenze del MiM Belluno.<\/p>\n<p>La sua visita all\u2019Associazione Bellunesi nel Mondo di sabato 2 dicembre \u00e8 iniziata proprio dal Museo Interattivo delle Migrazioni, presente all\u2019interno della sede Abm in via Cavour, 3 a Belluno. A fare gli onori di casa il presidente Abm Oscar De Bona, affiancato dalla vice Patrizia Burigo e dal presidente onorario Maurizio Paniz. \u00abBenvenuto nella casa dei bellunesi nel mondo \u2013 le parole di De Bona \u2013 una realt\u00e0 associativa nata nel 1966 e che da oltre mezzo secolo opera per supportare i bellunesi, e non solo, presenti all\u2019estero e di chi decide di rientrare. Una realt\u00e0 associativa unica in Italia ad offrire un Museo interattivo dedicato alle migrazioni, di ieri e di oggi, e che ha una sede di propriet\u00e0 di 600 metri quadrati aperta al pubblico, che offre diversi servizi di supporto a chi emigra, ma anche a chi decide di studiare il fenomeno migratorio con una biblioteca, che ha un patrimonio librario di oltre 4000 volumi\u00bb.<\/p>\n<p><strong>Il turismo delle radici<\/strong><\/p>\n<p>Il Ministro Tajani ha voluto ringraziare il presidente De Bona per il gradito invito e per l\u2019accoglienza a lui riservata e nel suo intervento ha voluto mettere in evidenza le opportunit\u00e0 offerte dal PNRR \u201cTurismo delle radici\u201d, che vedr\u00e0 il suo sviluppo proprio nel 2024: \u00abSono a vostra completa disposizione per supportare ulteriori iniziative che abbiano come obiettivo far riscoprire ai discendenti italiani le bellezze del nostro Paese, e in particolar modo quei piccoli borghi, e il Bellunese ne ha molti, che hanno visto miglia di emigranti fare le valigie e andare all\u2019estero. Questi comuni potranno avere delle grandi opportunit\u00e0 dal punto di vista turistico in occasione appunto dell\u2019anno del \u201cTurismo delle radici\u201d. Complimenti all\u2019Associazione Bellunesi nel Mondo per quanto continua a fare nelle sue molteplici attivit\u00e0\u00bb.<\/p>\n<p><strong>Il sostegno alla lingua italiana<\/strong><\/p>\n<p>Dopo il MiM Belluno la visita del ministro Tajani \u00e8 continuata nella sala riunioni dell\u2019Associazione Bellunesi nel Mondo, dove ad accoglierlo erano presenti i dirigenti delle Famiglie Ex emigranti, il Direttivo e il Comitato esecutivo Abm, oltre al presidente onorario Gioachino Bratti. E lo stesso Bratti ha voluto lanciare un appello a Tajani: \u00abSono davvero onorato per la sua presenza e mi permetto di chiederle di sostenere all\u2019estero lo studio e la diffusione della lingua italiana. E\u2019 un patrimonio inestimabile e solo mantenendo viva la nostra bellissima lingua possiamo continuare a diffondere la millenaria cultura del nostro Paese. Noi, come Associazione Bellunesi nel Mondo, abbiamo preso a cuore questa \u201cbattaglia\u201d e mi auguro che ci sia sempre il sostegno del Ministero degli Esteri e del Ministero della Cultura\u00bb. Un sostegno confermato proprio da Tajani: \u00abNon posso che confermare il mio impegno per sostenere non solo gli Istituti italiani di cultura presenti all\u2019estero, ma anche le molteplici scuole che sono operative e le stesse borse di studio che offriamo a quanti vogliono apprendere la nostra lingua venendo a frequentare gli studi in Italia\u00bb.<\/p>\n<p><strong>L\u2019importanza del Museo e della storia dell\u2019emigrazione nelle scuole<\/strong><\/p>\n<p>A prendere la parola anche la vice presidente Patrizia Burigo, che ha voluto informare il Ministro delle numerose scuole che vengono in visita al Museo interattivo delle Migrazioni di Belluno e delle stesse lezioni che l\u2019Abm organizza direttamente negli Istituti scolastici del territorio.<\/p>\n<p>&nbsp;<\/p>\n<p><strong>I prodotti tipici del bellunese, tra formaggio Piave e gelato artigianale<\/strong><\/p>\n<p>Non \u00e8 mancato anche un momento dedicato ad alcuni prodotti tipici del territorio Bellunese, molto richiesti all\u2019estero. Tra questi il formaggio \u201cPiave\u201d e il gelato artigianale. Se per il primo prodotto lo stesso presidente De Bona ha voluto omaggiare il Ministro con una forma di \u201cPiave\u201d, per la seconda pietanza ci hanno pensato i dirigenti della Famiglia Bellunese del Nord-reno Westfalia consegnando all\u2019on. Tajani il libro dedicato ai quarant\u2019anni di attivit\u00e0 nelle gelaterie delle Germania. \u201cGrazie Ministro \u2013 le parole di Fausto Bortolot \u2013 per quanto ha fatto nella sua veste di Presidente del Coniglio Europeo, affinch\u00e9 il gelato artigianale fosse riconosciuto con una giornata europea\u201d.<\/p>\n<p><strong>Tajani \u00e8 stato il primo ministro italiano ad avere visitato l\u2019Abm<\/strong><\/p>\n<p>\u201cPer la prima volta in quasi sessant\u2019anni di storia \u2013 ha concluso De Bona &#8211; un ministro ha visitato l\u2019Associazione Bellunesi nel Mondo. \u00c8 successo oggi e sono convinto che questa visita rimarr\u00e0 nella storia della nostra realt\u00e0 associativa. Grazie all\u2019on. Tajani per la sua sensibilit\u00e0 e disponibilit\u00e0 e per avere accettato subito il mio invito. A ringraziarlo sono gli oltre quattrocentomila discendenti bellunesi residenti all\u2019estero e che hanno ancora un forte legame con la bellissima provincia di Belluno\u201d.<\/p>","protected":false},"excerpt":{"rendered":"<p>\u201cI bellunesi nel mondo rappresentano una grande risorsa per l\u2019Italia. Sono nostri ambasciatori del saper fare, che rendono onore alla nostra Patria. Li aspettiamo in Italia con il progetto del turismo delle radici\u201d. Questa la dedica che il ministro degli Esteri, onorevole Antonio Tajani, ha voluto scrivere nel libro delle presenze del MiM Belluno. La [&hellip;]<\/p>\n","protected":false},"author":2,"featured_media":146417,"comment_status":"closed","ping_status":"open","sticky":false,"template":"","format":"standard","meta":{"footnotes":""},"categories":[26,8],"tags":[],"class_list":["post-146416","post","type-post","status-publish","format-standard","has-post-thumbnail","category-prima-pagina","category-societa-istituzioni"],"yoast_head":"<!-- This site is optimized with the Yoast SEO plugin v28.4 - https:\/\/yoast.com\/product\/yoast-seo-wordpress\/ -->\n<title>Il ministro degli Esteri Antonio Tajani visita l\u2019Associazione Bellunesi nel Mondo e il MiM Belluno - Bellunopress - Dolomiti<\/title>\n<meta name=\"robots\" content=\"index, follow, max-snippet:-1, max-image-preview:large, max-video-preview:-1\" \/>\n<link rel=\"canonical\" href=\"https:\/\/www.bellunopress.it\/fr\/2023\/12\/03\/il-ministro-degli-esteri-antonio-tajani-visita-lassociazione-bellunesi-nel-mondo-e-il-mim-belluno\/\" \/>\n<meta property=\"og:locale\" content=\"fr_FR\" \/>\n<meta property=\"og:type\" content=\"article\" \/>\n<meta property=\"og:title\" content=\"Il ministro degli Esteri Antonio Tajani visita l\u2019Associazione Bellunesi nel Mondo e il MiM Belluno - Bellunopress - Dolomiti\" \/>\n<meta property=\"og:description\" content=\"\u201cI bellunesi nel mondo rappresentano una grande risorsa per l\u2019Italia. Sono nostri ambasciatori del saper fare, che rendono onore alla nostra Patria. Li aspettiamo in Italia con il progetto del turismo delle radici\u201d. Questa la dedica che il ministro degli Esteri, onorevole Antonio Tajani, ha voluto scrivere nel libro delle presenze del MiM Belluno. La [&hellip;]\" \/>\n<meta property=\"og:url\" content=\"https:\/\/www.bellunopress.it\/fr\/2023\/12\/03\/il-ministro-degli-esteri-antonio-tajani-visita-lassociazione-bellunesi-nel-mondo-e-il-mim-belluno\/\" \/>\n<meta property=\"og:site_name\" content=\"Bellunopress - Dolomiti\" \/>\n<meta property=\"article:publisher\" content=\"https:\/\/www.facebook.com\/profile.php?id=100008943462799\" \/>\n<meta property=\"article:published_time\" content=\"2023-12-03T14:44:53+00:00\" \/>\n<meta property=\"og:image\" content=\"https:\/\/www.bellunopress.it\/wp-content\/uploads\/2023\/12\/ministro-tajani_sede_abm_edited.jpg\" \/>\n\t<meta property=\"og:image:width\" content=\"1000\" \/>\n\t<meta property=\"og:image:height\" content=\"580\" \/>\n\t<meta property=\"og:image:type\" content=\"image\/jpeg\" \/>\n<meta name=\"author\" content=\"redazione\" \/>\n<meta name=\"twitter:card\" content=\"summary_large_image\" \/>\n<meta name=\"twitter:creator\" content=\"@bellunopress\" \/>\n<meta name=\"twitter:site\" content=\"@bellunopress\" \/>\n<meta name=\"twitter:label1\" content=\"\u00c9crit par\" \/>\n\t<meta name=\"twitter:data1\" content=\"redazione\" \/>\n\t<meta name=\"twitter:label2\" content=\"Dur\u00e9e de lecture estim\u00e9e\" \/>\n\t<meta name=\"twitter:data2\" content=\"4 minutes\" \/>\n<script type=\"application\/ld+json\" class=\"yoast-schema-graph\">{\"@context\":\"https:\\\/\\\/schema.org\",\"@graph\":[{\"@type\":\"Article\",\"@id\":\"https:\\\/\\\/www.bellunopress.it\\\/2023\\\/12\\\/03\\\/il-ministro-degli-esteri-antonio-tajani-visita-lassociazione-bellunesi-nel-mondo-e-il-mim-belluno\\\/#article\",\"isPartOf\":{\"@id\":\"https:\\\/\\\/www.bellunopress.it\\\/2023\\\/12\\\/03\\\/il-ministro-degli-esteri-antonio-tajani-visita-lassociazione-bellunesi-nel-mondo-e-il-mim-belluno\\\/\"},\"author\":{\"name\":\"redazione\",\"@id\":\"https:\\\/\\\/www.bellunopress.it\\\/#\\\/schema\\\/person\\\/79bb06722b37ece1c03d3e94beb30d73\"},\"headline\":\"Il ministro degli Esteri Antonio Tajani visita l\u2019Associazione Bellunesi nel Mondo e il MiM Belluno\",\"datePublished\":\"2023-12-03T14:44:53+00:00\",\"mainEntityOfPage\":{\"@id\":\"https:\\\/\\\/www.bellunopress.it\\\/2023\\\/12\\\/03\\\/il-ministro-degli-esteri-antonio-tajani-visita-lassociazione-bellunesi-nel-mondo-e-il-mim-belluno\\\/\"},\"wordCount\":813,\"publisher\":{\"@id\":\"https:\\\/\\\/www.bellunopress.it\\\/#organization\"},\"image\":{\"@id\":\"https:\\\/\\\/www.bellunopress.it\\\/2023\\\/12\\\/03\\\/il-ministro-degli-esteri-antonio-tajani-visita-lassociazione-bellunesi-nel-mondo-e-il-mim-belluno\\\/#primaryimage\"},\"thumbnailUrl\":\"https:\\\/\\\/www.bellunopress.it\\\/wp-content\\\/uploads\\\/2023\\\/12\\\/ministro-tajani_sede_abm_edited.jpg\",\"articleSection\":[\"Prima Pagina\",\"Societ\u00e0, Associazioni, Istituzioni\"],\"inLanguage\":\"fr-FR\"},{\"@type\":\"WebPage\",\"@id\":\"https:\\\/\\\/www.bellunopress.it\\\/2023\\\/12\\\/03\\\/il-ministro-degli-esteri-antonio-tajani-visita-lassociazione-bellunesi-nel-mondo-e-il-mim-belluno\\\/\",\"url\":\"https:\\\/\\\/www.bellunopress.it\\\/2023\\\/12\\\/03\\\/il-ministro-degli-esteri-antonio-tajani-visita-lassociazione-bellunesi-nel-mondo-e-il-mim-belluno\\\/\",\"name\":\"Il ministro degli Esteri Antonio Tajani visita l\u2019Associazione Bellunesi nel Mondo e il MiM Belluno - Bellunopress - Dolomiti\",\"isPartOf\":{\"@id\":\"https:\\\/\\\/www.bellunopress.it\\\/#website\"},\"primaryImageOfPage\":{\"@id\":\"https:\\\/\\\/www.bellunopress.it\\\/2023\\\/12\\\/03\\\/il-ministro-degli-esteri-antonio-tajani-visita-lassociazione-bellunesi-nel-mondo-e-il-mim-belluno\\\/#primaryimage\"},\"image\":{\"@id\":\"https:\\\/\\\/www.bellunopress.it\\\/2023\\\/12\\\/03\\\/il-ministro-degli-esteri-antonio-tajani-visita-lassociazione-bellunesi-nel-mondo-e-il-mim-belluno\\\/#primaryimage\"},\"thumbnailUrl\":\"https:\\\/\\\/www.bellunopress.it\\\/wp-content\\\/uploads\\\/2023\\\/12\\\/ministro-tajani_sede_abm_edited.jpg\",\"datePublished\":\"2023-12-03T14:44:53+00:00\",\"breadcrumb\":{\"@id\":\"https:\\\/\\\/www.bellunopress.it\\\/2023\\\/12\\\/03\\\/il-ministro-degli-esteri-antonio-tajani-visita-lassociazione-bellunesi-nel-mondo-e-il-mim-belluno\\\/#breadcrumb\"},\"inLanguage\":\"fr-FR\",\"potentialAction\":[{\"@type\":\"ReadAction\",\"target\":[\"https:\\\/\\\/www.bellunopress.it\\\/2023\\\/12\\\/03\\\/il-ministro-degli-esteri-antonio-tajani-visita-lassociazione-bellunesi-nel-mondo-e-il-mim-belluno\\\/\"]}]},{\"@type\":\"ImageObject\",\"inLanguage\":\"fr-FR\",\"@id\":\"https:\\\/\\\/www.bellunopress.it\\\/2023\\\/12\\\/03\\\/il-ministro-degli-esteri-antonio-tajani-visita-lassociazione-bellunesi-nel-mondo-e-il-mim-belluno\\\/#primaryimage\",\"url\":\"https:\\\/\\\/www.bellunopress.it\\\/wp-content\\\/uploads\\\/2023\\\/12\\\/ministro-tajani_sede_abm_edited.jpg\",\"contentUrl\":\"https:\\\/\\\/www.bellunopress.it\\\/wp-content\\\/uploads\\\/2023\\\/12\\\/ministro-tajani_sede_abm_edited.jpg\",\"width\":1000,\"height\":580},{\"@type\":\"BreadcrumbList\",\"@id\":\"https:\\\/\\\/www.bellunopress.it\\\/2023\\\/12\\\/03\\\/il-ministro-degli-esteri-antonio-tajani-visita-lassociazione-bellunesi-nel-mondo-e-il-mim-belluno\\\/#breadcrumb\",\"itemListElement\":[{\"@type\":\"ListItem\",\"position\":1,\"name\":\"Home\",\"item\":\"https:\\\/\\\/www.bellunopress.it\\\/\"},{\"@type\":\"ListItem\",\"position\":2,\"name\":\"Il ministro degli Esteri Antonio Tajani visita l\u2019Associazione Bellunesi nel Mondo e il MiM Belluno\"}]},{\"@type\":\"WebSite\",\"@id\":\"https:\\\/\\\/www.bellunopress.it\\\/#website\",\"url\":\"https:\\\/\\\/www.bellunopress.it\\\/\",\"name\":\"Bellunopress - Dolomiti\",\"description\":\"e-mail: redazione@bellunopress.it\",\"publisher\":{\"@id\":\"https:\\\/\\\/www.bellunopress.it\\\/#organization\"},\"potentialAction\":[{\"@type\":\"SearchAction\",\"target\":{\"@type\":\"EntryPoint\",\"urlTemplate\":\"https:\\\/\\\/www.bellunopress.it\\\/?s={search_term_string}\"},\"query-input\":{\"@type\":\"PropertyValueSpecification\",\"valueRequired\":true,\"valueName\":\"search_term_string\"}}],\"inLanguage\":\"fr-FR\"},{\"@type\":\"Organization\",\"@id\":\"https:\\\/\\\/www.bellunopress.it\\\/#organization\",\"name\":\"Bellunopress\",\"url\":\"https:\\\/\\\/www.bellunopress.it\\\/\",\"logo\":{\"@type\":\"ImageObject\",\"inLanguage\":\"fr-FR\",\"@id\":\"https:\\\/\\\/www.bellunopress.it\\\/#\\\/schema\\\/logo\\\/image\\\/\",\"url\":\"https:\\\/\\\/www.bellunopress.it\\\/wp-content\\\/uploads\\\/2011\\\/05\\\/cropped-logo-bellunopress-.jpg\",\"contentUrl\":\"https:\\\/\\\/www.bellunopress.it\\\/wp-content\\\/uploads\\\/2011\\\/05\\\/cropped-logo-bellunopress-.jpg\",\"width\":512,\"height\":512,\"caption\":\"Bellunopress\"},\"image\":{\"@id\":\"https:\\\/\\\/www.bellunopress.it\\\/#\\\/schema\\\/logo\\\/image\\\/\"},\"sameAs\":[\"https:\\\/\\\/www.facebook.com\\\/profile.php?id=100008943462799\",\"https:\\\/\\\/x.com\\\/bellunopress\",\"https:\\\/\\\/www.linkedin.com\\\/hp\\\/?dnr=JBzUWaJfMUw8vbXJJ2tVW5-I3jZKvC4wsoxE&amp;amp;amp;amp;amp;amp;trk=nav_responsive_tab_home\",\"https:\\\/\\\/www.youtube.com\\\/channel\\\/UCxL0wu1uN0_3_7hGG0306cw\"]},{\"@type\":\"Person\",\"@id\":\"https:\\\/\\\/www.bellunopress.it\\\/#\\\/schema\\\/person\\\/79bb06722b37ece1c03d3e94beb30d73\",\"name\":\"redazione\",\"image\":{\"@type\":\"ImageObject\",\"inLanguage\":\"fr-FR\",\"@id\":\"https:\\\/\\\/secure.gravatar.com\\\/avatar\\\/37d968a2e67a6fd04c169c4bdef102d0bc5d31b2546345219e348575eb80e9a0?s=96&d=mm&r=g\",\"url\":\"https:\\\/\\\/secure.gravatar.com\\\/avatar\\\/37d968a2e67a6fd04c169c4bdef102d0bc5d31b2546345219e348575eb80e9a0?s=96&d=mm&r=g\",\"contentUrl\":\"https:\\\/\\\/secure.gravatar.com\\\/avatar\\\/37d968a2e67a6fd04c169c4bdef102d0bc5d31b2546345219e348575eb80e9a0?s=96&d=mm&r=g\",\"caption\":\"redazione\"},\"sameAs\":[\"http:\\\/\\\/www.bellunopress.it\",\"https:\\\/\\\/x.com\\\/bellunopress\"],\"url\":\"https:\\\/\\\/www.bellunopress.it\\\/fr\\\/author\\\/redazione\\\/\"}]}<\/script>\n<!-- \/ Yoast SEO plugin. -->","yoast_head_json":{"title":"Il ministro degli Esteri Antonio Tajani visita l\u2019Associazione Bellunesi nel Mondo e il MiM Belluno - Bellunopress - Dolomiti","robots":{"index":"index","follow":"follow","max-snippet":"max-snippet:-1","max-image-preview":"max-image-preview:large","max-video-preview":"max-video-preview:-1"},"canonical":"https:\/\/www.bellunopress.it\/fr\/2023\/12\/03\/il-ministro-degli-esteri-antonio-tajani-visita-lassociazione-bellunesi-nel-mondo-e-il-mim-belluno\/","og_locale":"fr_FR","og_type":"article","og_title":"Il ministro degli Esteri Antonio Tajani visita l\u2019Associazione Bellunesi nel Mondo e il MiM Belluno - Bellunopress - Dolomiti","og_description":"\u201cI bellunesi nel mondo rappresentano una grande risorsa per l\u2019Italia. Sono nostri ambasciatori del saper fare, che rendono onore alla nostra Patria. Li aspettiamo in Italia con il progetto del turismo delle radici\u201d. Questa la dedica che il ministro degli Esteri, onorevole Antonio Tajani, ha voluto scrivere nel libro delle presenze del MiM Belluno. La [&hellip;]","og_url":"https:\/\/www.bellunopress.it\/fr\/2023\/12\/03\/il-ministro-degli-esteri-antonio-tajani-visita-lassociazione-bellunesi-nel-mondo-e-il-mim-belluno\/","og_site_name":"Bellunopress - Dolomiti","article_publisher":"https:\/\/www.facebook.com\/profile.php?id=100008943462799","article_published_time":"2023-12-03T14:44:53+00:00","og_image":[{"width":1000,"height":580,"url":"https:\/\/www.bellunopress.it\/wp-content\/uploads\/2023\/12\/ministro-tajani_sede_abm_edited.jpg","type":"image\/jpeg"}],"author":"redazione","twitter_card":"summary_large_image","twitter_creator":"@bellunopress","twitter_site":"@bellunopress","twitter_misc":{"\u00c9crit par":"redazione","Dur\u00e9e de lecture estim\u00e9e":"4 minutes"},"schema":{"@context":"https:\/\/schema.org","@graph":[{"@type":"Article","@id":"https:\/\/www.bellunopress.it\/2023\/12\/03\/il-ministro-degli-esteri-antonio-tajani-visita-lassociazione-bellunesi-nel-mondo-e-il-mim-belluno\/#article","isPartOf":{"@id":"https:\/\/www.bellunopress.it\/2023\/12\/03\/il-ministro-degli-esteri-antonio-tajani-visita-lassociazione-bellunesi-nel-mondo-e-il-mim-belluno\/"},"author":{"name":"redazione","@id":"https:\/\/www.bellunopress.it\/#\/schema\/person\/79bb06722b37ece1c03d3e94beb30d73"},"headline":"Il ministro degli Esteri Antonio Tajani visita l\u2019Associazione Bellunesi nel Mondo e il MiM Belluno","datePublished":"2023-12-03T14:44:53+00:00","mainEntityOfPage":{"@id":"https:\/\/www.bellunopress.it\/2023\/12\/03\/il-ministro-degli-esteri-antonio-tajani-visita-lassociazione-bellunesi-nel-mondo-e-il-mim-belluno\/"},"wordCount":813,"publisher":{"@id":"https:\/\/www.bellunopress.it\/#organization"},"image":{"@id":"https:\/\/www.bellunopress.it\/2023\/12\/03\/il-ministro-degli-esteri-antonio-tajani-visita-lassociazione-bellunesi-nel-mondo-e-il-mim-belluno\/#primaryimage"},"thumbnailUrl":"https:\/\/www.bellunopress.it\/wp-content\/uploads\/2023\/12\/ministro-tajani_sede_abm_edited.jpg","articleSection":["Prima Pagina","Societ\u00e0, Associazioni, Istituzioni"],"inLanguage":"fr-FR"},{"@type":"WebPage","@id":"https:\/\/www.bellunopress.it\/2023\/12\/03\/il-ministro-degli-esteri-antonio-tajani-visita-lassociazione-bellunesi-nel-mondo-e-il-mim-belluno\/","url":"https:\/\/www.bellunopress.it\/2023\/12\/03\/il-ministro-degli-esteri-antonio-tajani-visita-lassociazione-bellunesi-nel-mondo-e-il-mim-belluno\/","name":"Il ministro degli Esteri Antonio Tajani visita l\u2019Associazione Bellunesi nel Mondo e il MiM Belluno - Bellunopress - Dolomiti","isPartOf":{"@id":"https:\/\/www.bellunopress.it\/#website"},"primaryImageOfPage":{"@id":"https:\/\/www.bellunopress.it\/2023\/12\/03\/il-ministro-degli-esteri-antonio-tajani-visita-lassociazione-bellunesi-nel-mondo-e-il-mim-belluno\/#primaryimage"},"image":{"@id":"https:\/\/www.bellunopress.it\/2023\/12\/03\/il-ministro-degli-esteri-antonio-tajani-visita-lassociazione-bellunesi-nel-mondo-e-il-mim-belluno\/#primaryimage"},"thumbnailUrl":"https:\/\/www.bellunopress.it\/wp-content\/uploads\/2023\/12\/ministro-tajani_sede_abm_edited.jpg","datePublished":"2023-12-03T14:44:53+00:00","breadcrumb":{"@id":"https:\/\/www.bellunopress.it\/2023\/12\/03\/il-ministro-degli-esteri-antonio-tajani-visita-lassociazione-bellunesi-nel-mondo-e-il-mim-belluno\/#breadcrumb"},"inLanguage":"fr-FR","potentialAction":[{"@type":"ReadAction","target":["https:\/\/www.bellunopress.it\/2023\/12\/03\/il-ministro-degli-esteri-antonio-tajani-visita-lassociazione-bellunesi-nel-mondo-e-il-mim-belluno\/"]}]},{"@type":"ImageObject","inLanguage":"fr-FR","@id":"https:\/\/www.bellunopress.it\/2023\/12\/03\/il-ministro-degli-esteri-antonio-tajani-visita-lassociazione-bellunesi-nel-mondo-e-il-mim-belluno\/#primaryimage","url":"https:\/\/www.bellunopress.it\/wp-content\/uploads\/2023\/12\/ministro-tajani_sede_abm_edited.jpg","contentUrl":"https:\/\/www.bellunopress.it\/wp-content\/uploads\/2023\/12\/ministro-tajani_sede_abm_edited.jpg","width":1000,"height":580},{"@type":"BreadcrumbList","@id":"https:\/\/www.bellunopress.it\/2023\/12\/03\/il-ministro-degli-esteri-antonio-tajani-visita-lassociazione-bellunesi-nel-mondo-e-il-mim-belluno\/#breadcrumb","itemListElement":[{"@type":"ListItem","position":1,"name":"Home","item":"https:\/\/www.bellunopress.it\/"},{"@type":"ListItem","position":2,"name":"Il ministro degli Esteri Antonio Tajani visita l\u2019Associazione Bellunesi nel Mondo e il MiM Belluno"}]},{"@type":"WebSite","@id":"https:\/\/www.bellunopress.it\/#website","url":"https:\/\/www.bellunopress.it\/","name":"Bellunopress - Dolomiti","description":"e-mail: redazione@bellunopress.it","publisher":{"@id":"https:\/\/www.bellunopress.it\/#organization"},"potentialAction":[{"@type":"SearchAction","target":{"@type":"EntryPoint","urlTemplate":"https:\/\/www.bellunopress.it\/?s={search_term_string}"},"query-input":{"@type":"PropertyValueSpecification","valueRequired":true,"valueName":"search_term_string"}}],"inLanguage":"fr-FR"},{"@type":"Organization","@id":"https:\/\/www.bellunopress.it\/#organization","name":"Bellunopress","url":"https:\/\/www.bellunopress.it\/","logo":{"@type":"ImageObject","inLanguage":"fr-FR","@id":"https:\/\/www.bellunopress.it\/#\/schema\/logo\/image\/","url":"https:\/\/www.bellunopress.it\/wp-content\/uploads\/2011\/05\/cropped-logo-bellunopress-.jpg","contentUrl":"https:\/\/www.bellunopress.it\/wp-content\/uploads\/2011\/05\/cropped-logo-bellunopress-.jpg","width":512,"height":512,"caption":"Bellunopress"},"image":{"@id":"https:\/\/www.bellunopress.it\/#\/schema\/logo\/image\/"},"sameAs":["https:\/\/www.facebook.com\/profile.php?id=100008943462799","https:\/\/x.com\/bellunopress","https:\/\/www.linkedin.com\/hp\/?dnr=JBzUWaJfMUw8vbXJJ2tVW5-I3jZKvC4wsoxE&amp;amp;amp;amp;amp;amp;trk=nav_responsive_tab_home","https:\/\/www.youtube.com\/channel\/UCxL0wu1uN0_3_7hGG0306cw"]},{"@type":"Person","@id":"https:\/\/www.bellunopress.it\/#\/schema\/person\/79bb06722b37ece1c03d3e94beb30d73","name":"r\u00e9daction","image":{"@type":"ImageObject","inLanguage":"fr-FR","@id":"https:\/\/secure.gravatar.com\/avatar\/37d968a2e67a6fd04c169c4bdef102d0bc5d31b2546345219e348575eb80e9a0?s=96&d=mm&r=g","url":"https:\/\/secure.gravatar.com\/avatar\/37d968a2e67a6fd04c169c4bdef102d0bc5d31b2546345219e348575eb80e9a0?s=96&d=mm&r=g","contentUrl":"https:\/\/secure.gravatar.com\/avatar\/37d968a2e67a6fd04c169c4bdef102d0bc5d31b2546345219e348575eb80e9a0?s=96&d=mm&r=g","caption":"redazione"},"sameAs":["http:\/\/www.bellunopress.it","https:\/\/x.com\/bellunopress"],"url":"https:\/\/www.bellunopress.it\/fr\/author\/redazione\/"}]}},"_links":{"self":[{"href":"https:\/\/www.bellunopress.it\/fr\/wp-json\/wp\/v2\/posts\/146416","targetHints":{"allow":["GET"]}}],"collection":[{"href":"https:\/\/www.bellunopress.it\/fr\/wp-json\/wp\/v2\/posts"}],"about":[{"href":"https:\/\/www.bellunopress.it\/fr\/wp-json\/wp\/v2\/types\/post"}],"author":[{"embeddable":true,"href":"https:\/\/www.bellunopress.it\/fr\/wp-json\/wp\/v2\/users\/2"}],"replies":[{"embeddable":true,"href":"https:\/\/www.bellunopress.it\/fr\/wp-json\/wp\/v2\/comments?post=146416"}],"version-history":[{"count":1,"href":"https:\/\/www.bellunopress.it\/fr\/wp-json\/wp\/v2\/posts\/146416\/revisions"}],"predecessor-version":[{"id":146418,"href":"https:\/\/www.bellunopress.it\/fr\/wp-json\/wp\/v2\/posts\/146416\/revisions\/146418"}],"wp:featuredmedia":[{"embeddable":true,"href":"https:\/\/www.bellunopress.it\/fr\/wp-json\/wp\/v2\/media\/146417"}],"wp:attachment":[{"href":"https:\/\/www.bellunopress.it\/fr\/wp-json\/wp\/v2\/media?parent=146416"}],"wp:term":[{"taxonomy":"category","embeddable":true,"href":"https:\/\/www.bellunopress.it\/fr\/wp-json\/wp\/v2\/categories?post=146416"},{"taxonomy":"post_tag","embeddable":true,"href":"https:\/\/www.bellunopress.it\/fr\/wp-json\/wp\/v2\/tags?post=146416"}],"curies":[{"name":"wp","href":"https:\/\/api.w.org\/{rel}","templated":true}]}}