{"id":14641,"date":"2010-04-21T21:56:27","date_gmt":"2010-04-21T20:56:27","guid":{"rendered":"http:\/\/www.bellunopress.it\/?p=14641"},"modified":"2010-05-30T11:52:14","modified_gmt":"2010-05-30T10:52:14","slug":"alla-scoperta-del-friuli-sport-natura-e-cultura-nelle-terre-di-mezzo","status":"publish","type":"post","link":"https:\/\/www.bellunopress.it\/fr\/2010\/04\/21\/alla-scoperta-del-friuli-sport-natura-e-cultura-nelle-terre-di-mezzo\/","title":{"rendered":"Alla scoperta del Friuli: sport, natura e cultura nelle Terre di Mezzo"},"content":{"rendered":"<p>Dagli itinerari cicloturistici sul Tagliamento, ai giardini fioriti aperti al pubblico e le grandi mostre a Villa Manin di Passariano, proseguono gli appuntamenti in Friuli alla scoperta delle meraviglie naturali e artistiche offerte da questa terra ricca di storia e di cultura. La primavera \u00e8 una delle stagioni pi\u00f9 adatte per godere dei percorsi tra la natura lungo il Tagliamento, una delle zone di interesse naturalistico pi\u00f9 interessanti di tutto il Nordest. <strong>Dall\u201911 aprile i ciclotour del Varmo<\/strong> (l\u2019ultimo affluente del grande fiume parzialmente carsico) attendono gli appassionati della due ruote.<br \/>\n<strong><\/strong><strong>Il 30 maggio: Cantine aperte <\/strong>nella giornata dedicata alla visita delle cantine. Il tour<br \/>\nvi condurr\u00e0 nelle aziende vitivinicole della zona. Buffet presso la trattoria \u201cda Mario\u201d a<br \/>\nBelgrado.<br \/>\nE nella storica <strong>Villa Manin di Passariano<\/strong> (Codroipo) si susseguono gli appuntamenti con l\u2019arte e la cultura. In primo piano la <strong>mostra dei fratelli Basaldella<\/strong>, che proseguir\u00e0 <strong>fino al 29 agosto<\/strong>. I tre Basaldella, Dino, Mirko e Afro, vengono proposti tutti insieme in una grande retrospettiva a oltre vent\u2019anni di distanza dall\u2019esposizione che la Galleria d\u2019arte moderna di Udine dedic\u00f2 loro nell\u2019ormai lontano 1987. Il proposito \u00e8 di aggiornarla con quanto di nuovo si \u00e8 scoperto in questi vent\u2019 anni e oltre su di loro e anche con la presentazione di alcuni inediti di Afro.<br \/>\n<strong> Il 1 maggio<\/strong>, sempre in questa splendida cornice architettonica, si svolge anche il secondo appuntamento con <strong>\u201cCollezionismo in Villa\u201d<\/strong>, la mostra mercato dell\u2019antiquariato, che riserva agli occhi degli appassionati magiche atmosfere e pezzi unici e che <strong>replica anche il 2 giugno e il 26 settembre<\/strong>.<br \/>\nAnche l\u2019accoglienza si integra perfettamente con il clima primaverile. <strong>A Camino al Tagliamento <\/strong>infatti, a poca distanza dalla grande Villa, residenza dell&#8217;ultimo Doge di Venezia, ora sede di importanti mostre e numerosi eventi culturali, \u00e8 possibile trovare una perfetta ospitalit\u00e0 nel <strong>\u201cB&amp;B Villa Francesca\u201d<\/strong>.<br \/>\nLa struttura si trova all&#8217;interno della <strong>Villa Savorgnan Minciotti<\/strong>, risalente al XVI sec.\u00a0 La villa \u00e8 immersa nel verde di questo tranquillo borgo rurale nella zona della pianura friulana denominata proprio \u201cTerre di Mezzo\u201d.<br \/>\nLa sistemazione \u00e8 confortevole, in un ala appena ristrutturata del complesso, al centro del quale un giardino ombreggiato regala un completo relax. Il <strong>B&amp;B<\/strong> riserva 3 camere per un totale di 6 posti letto: una\u00a0 doppia con bagno privato, una matrimoniale e una doppia con bagno in comune.<br \/>\nIl\u00a0 borgo, posizionato vicino all&#8217;omonimo fiume, \u00e8 un ottimo punto di partenza per escursioni nella zona ed \u00e8 dotato inoltre di moderni <strong>campi da tennis<\/strong> e di un <strong>maneggio<\/strong>. Nella stessa zona sono presenti inoltre diverse <strong>aziende vinicole<\/strong>. Per gli amanti delle escursioni, nel <strong>B&amp;B<\/strong> \u00e8 possibile noleggiare le biciclette per percorrere i numerosi itinerari cicloturistici, comprese le grave del fiume Tagliamento che sono facilmente raggiungibili.<br \/>\nLa gestione del <strong>\u201cB&amp;B Villa Francesca\u201d <\/strong>\u00e8 inoltre in grado di organizzare <strong>soggiorni a Venezia<\/strong>, con adeguata sistemazione in un piccolo appartamento indipendente. <strong>Villa Francesca <\/strong>accoglie i suoi ospiti <strong>dal 23 aprile al 2 novembre.<\/strong> Info e prenotazioni allo\u00a0<strong>0432 919369\/339 1550310\/337 540185, e-mail:\u00a0delazzari@qnet.it. <\/strong><a href=\"http:\/\/www.bellunopress.it\/wp-content\/uploads\/2010\/04\/giardino-palme-e-casa.jpg\"><img loading=\"lazy\" decoding=\"async\" class=\"alignright size-medium wp-image-14643\" title=\"giardino-palme-e-casa\" src=\"http:\/\/www.bellunopress.it\/wp-content\/uploads\/2010\/04\/giardino-palme-e-casa.jpg\" alt=\"\" width=\"270\" height=\"203\" \/><\/a><br \/>\n<a href=\"http:\/\/www.bellunopress.it\/wp-content\/uploads\/2010\/04\/facciata-esterna-villa-minciotti.jpg\"><img loading=\"lazy\" decoding=\"async\" class=\"alignleft size-medium wp-image-14642\" title=\"facciata-esterna-villa-minciotti\" src=\"http:\/\/www.bellunopress.it\/wp-content\/uploads\/2010\/04\/facciata-esterna-villa-minciotti.jpg\" alt=\"\" width=\"210\" height=\"280\" \/><\/a><\/p>\n<p><a href=\"http:\/\/www.bellunopress.it\/wp-content\/uploads\/2010\/04\/tavolo-colazione.jpg\"><img loading=\"lazy\" decoding=\"async\" class=\"alignright size-medium wp-image-14644\" title=\"tavolo-colazione\" src=\"http:\/\/www.bellunopress.it\/wp-content\/uploads\/2010\/04\/tavolo-colazione.jpg\" alt=\"\" width=\"270\" height=\"203\" \/><\/a><\/p>\n<p><a href=\"http:\/\/www.bellunopress.it\/wp-content\/uploads\/2010\/04\/soggiorno-cucina.jpg\"><img loading=\"lazy\" decoding=\"async\" class=\"alignleft size-medium wp-image-14645\" title=\"soggiorno-cucina\" src=\"http:\/\/www.bellunopress.it\/wp-content\/uploads\/2010\/04\/soggiorno-cucina.jpg\" alt=\"\" width=\"210\" height=\"280\" \/><\/a><\/p>\n<p><a href=\"http:\/\/www.bellunopress.it\/wp-content\/uploads\/2010\/04\/stanza-letto-bagno-ingresso.jpg\"><img loading=\"lazy\" decoding=\"async\" class=\"alignright size-medium wp-image-14646\" title=\"stanza-letto-bagno-ingresso\" src=\"http:\/\/www.bellunopress.it\/wp-content\/uploads\/2010\/04\/stanza-letto-bagno-ingresso.jpg\" alt=\"\" width=\"270\" height=\"203\" \/><\/a><\/p>\n<p><a href=\"http:\/\/www.bellunopress.it\/wp-content\/uploads\/2010\/04\/stanza-letto.jpg\"><img loading=\"lazy\" decoding=\"async\" class=\"alignleft size-medium wp-image-14647\" title=\"stanza-letto\" src=\"http:\/\/www.bellunopress.it\/wp-content\/uploads\/2010\/04\/stanza-letto.jpg\" alt=\"\" width=\"270\" height=\"203\" \/><\/a><\/p>","protected":false},"excerpt":{"rendered":"<p>Dagli itinerari cicloturistici sul Tagliamento, ai giardini fioriti aperti al pubblico e le grandi mostre a Villa Manin di Passariano, proseguono gli appuntamenti in Friuli alla scoperta delle meraviglie naturali e artistiche offerte da questa terra ricca di storia e di cultura. La primavera \u00e8 una delle stagioni pi\u00f9 adatte per godere dei percorsi tra [&hellip;]<\/p>\n","protected":false},"author":2,"featured_media":0,"comment_status":"closed","ping_status":"open","sticky":false,"template":"","format":"standard","meta":{"footnotes":""},"categories":[50],"tags":[1319,1320],"class_list":["post-14641","post","type-post","status-publish","format-standard","category-pubbliredazionali","tag-bb","tag-camino-al-tagliamento"],"yoast_head":"<!-- This site is optimized with the Yoast SEO plugin v28.4 - https:\/\/yoast.com\/product\/yoast-seo-wordpress\/ -->\n<title>Alla scoperta del Friuli: sport, natura e cultura nelle Terre di Mezzo - Bellunopress - Dolomiti<\/title>\n<meta name=\"robots\" content=\"index, follow, max-snippet:-1, max-image-preview:large, max-video-preview:-1\" \/>\n<link rel=\"canonical\" href=\"https:\/\/www.bellunopress.it\/fr\/2010\/04\/21\/alla-scoperta-del-friuli-sport-natura-e-cultura-nelle-terre-di-mezzo\/\" \/>\n<meta property=\"og:locale\" content=\"fr_FR\" \/>\n<meta property=\"og:type\" content=\"article\" \/>\n<meta property=\"og:title\" content=\"Alla scoperta del Friuli: sport, natura e cultura nelle Terre di Mezzo - Bellunopress - Dolomiti\" \/>\n<meta property=\"og:description\" content=\"Dagli itinerari cicloturistici sul Tagliamento, ai giardini fioriti aperti al pubblico e le grandi mostre a Villa Manin di Passariano, proseguono gli appuntamenti in Friuli alla scoperta delle meraviglie naturali e artistiche offerte da questa terra ricca di storia e di cultura. La primavera \u00e8 una delle stagioni pi\u00f9 adatte per godere dei percorsi tra [&hellip;]\" \/>\n<meta property=\"og:url\" content=\"https:\/\/www.bellunopress.it\/fr\/2010\/04\/21\/alla-scoperta-del-friuli-sport-natura-e-cultura-nelle-terre-di-mezzo\/\" \/>\n<meta property=\"og:site_name\" content=\"Bellunopress - Dolomiti\" \/>\n<meta property=\"article:publisher\" content=\"https:\/\/www.facebook.com\/profile.php?id=100008943462799\" \/>\n<meta property=\"article:published_time\" content=\"2010-04-21T20:56:27+00:00\" \/>\n<meta property=\"article:modified_time\" content=\"2010-05-30T10:52:14+00:00\" \/>\n<meta property=\"og:image\" content=\"http:\/\/www.bellunopress.it\/wp-content\/uploads\/2010\/04\/giardino-palme-e-casa.jpg\" \/>\n<meta name=\"author\" content=\"redazione\" \/>\n<meta name=\"twitter:card\" content=\"summary_large_image\" \/>\n<meta name=\"twitter:creator\" content=\"@bellunopress\" \/>\n<meta name=\"twitter:site\" content=\"@bellunopress\" \/>\n<meta name=\"twitter:label1\" content=\"\u00c9crit par\" \/>\n\t<meta name=\"twitter:data1\" content=\"redazione\" \/>\n\t<meta name=\"twitter:label2\" content=\"Dur\u00e9e de lecture estim\u00e9e\" \/>\n\t<meta name=\"twitter:data2\" content=\"2 minutes\" \/>\n<script type=\"application\/ld+json\" class=\"yoast-schema-graph\">{\"@context\":\"https:\\\/\\\/schema.org\",\"@graph\":[{\"@type\":\"Article\",\"@id\":\"https:\\\/\\\/www.bellunopress.it\\\/2010\\\/04\\\/21\\\/alla-scoperta-del-friuli-sport-natura-e-cultura-nelle-terre-di-mezzo\\\/#article\",\"isPartOf\":{\"@id\":\"https:\\\/\\\/www.bellunopress.it\\\/2010\\\/04\\\/21\\\/alla-scoperta-del-friuli-sport-natura-e-cultura-nelle-terre-di-mezzo\\\/\"},\"author\":{\"name\":\"redazione\",\"@id\":\"https:\\\/\\\/www.bellunopress.it\\\/#\\\/schema\\\/person\\\/79bb06722b37ece1c03d3e94beb30d73\"},\"headline\":\"Alla scoperta del Friuli: sport, natura e cultura nelle Terre di Mezzo\",\"datePublished\":\"2010-04-21T20:56:27+00:00\",\"dateModified\":\"2010-05-30T10:52:14+00:00\",\"mainEntityOfPage\":{\"@id\":\"https:\\\/\\\/www.bellunopress.it\\\/2010\\\/04\\\/21\\\/alla-scoperta-del-friuli-sport-natura-e-cultura-nelle-terre-di-mezzo\\\/\"},\"wordCount\":506,\"publisher\":{\"@id\":\"https:\\\/\\\/www.bellunopress.it\\\/#organization\"},\"image\":{\"@id\":\"https:\\\/\\\/www.bellunopress.it\\\/2010\\\/04\\\/21\\\/alla-scoperta-del-friuli-sport-natura-e-cultura-nelle-terre-di-mezzo\\\/#primaryimage\"},\"thumbnailUrl\":\"http:\\\/\\\/www.bellunopress.it\\\/wp-content\\\/uploads\\\/2010\\\/04\\\/giardino-palme-e-casa.jpg\",\"keywords\":[\"B&amp;B\",\"Camino al Tagliamento\"],\"articleSection\":[\"Pubbliredazionali\"],\"inLanguage\":\"fr-FR\"},{\"@type\":\"WebPage\",\"@id\":\"https:\\\/\\\/www.bellunopress.it\\\/2010\\\/04\\\/21\\\/alla-scoperta-del-friuli-sport-natura-e-cultura-nelle-terre-di-mezzo\\\/\",\"url\":\"https:\\\/\\\/www.bellunopress.it\\\/2010\\\/04\\\/21\\\/alla-scoperta-del-friuli-sport-natura-e-cultura-nelle-terre-di-mezzo\\\/\",\"name\":\"Alla scoperta del Friuli: sport, natura e cultura nelle Terre di Mezzo - Bellunopress - Dolomiti\",\"isPartOf\":{\"@id\":\"https:\\\/\\\/www.bellunopress.it\\\/#website\"},\"primaryImageOfPage\":{\"@id\":\"https:\\\/\\\/www.bellunopress.it\\\/2010\\\/04\\\/21\\\/alla-scoperta-del-friuli-sport-natura-e-cultura-nelle-terre-di-mezzo\\\/#primaryimage\"},\"image\":{\"@id\":\"https:\\\/\\\/www.bellunopress.it\\\/2010\\\/04\\\/21\\\/alla-scoperta-del-friuli-sport-natura-e-cultura-nelle-terre-di-mezzo\\\/#primaryimage\"},\"thumbnailUrl\":\"http:\\\/\\\/www.bellunopress.it\\\/wp-content\\\/uploads\\\/2010\\\/04\\\/giardino-palme-e-casa.jpg\",\"datePublished\":\"2010-04-21T20:56:27+00:00\",\"dateModified\":\"2010-05-30T10:52:14+00:00\",\"breadcrumb\":{\"@id\":\"https:\\\/\\\/www.bellunopress.it\\\/2010\\\/04\\\/21\\\/alla-scoperta-del-friuli-sport-natura-e-cultura-nelle-terre-di-mezzo\\\/#breadcrumb\"},\"inLanguage\":\"fr-FR\",\"potentialAction\":[{\"@type\":\"ReadAction\",\"target\":[\"https:\\\/\\\/www.bellunopress.it\\\/2010\\\/04\\\/21\\\/alla-scoperta-del-friuli-sport-natura-e-cultura-nelle-terre-di-mezzo\\\/\"]}]},{\"@type\":\"ImageObject\",\"inLanguage\":\"fr-FR\",\"@id\":\"https:\\\/\\\/www.bellunopress.it\\\/2010\\\/04\\\/21\\\/alla-scoperta-del-friuli-sport-natura-e-cultura-nelle-terre-di-mezzo\\\/#primaryimage\",\"url\":\"http:\\\/\\\/www.bellunopress.it\\\/wp-content\\\/uploads\\\/2010\\\/04\\\/giardino-palme-e-casa.jpg\",\"contentUrl\":\"http:\\\/\\\/www.bellunopress.it\\\/wp-content\\\/uploads\\\/2010\\\/04\\\/giardino-palme-e-casa.jpg\"},{\"@type\":\"BreadcrumbList\",\"@id\":\"https:\\\/\\\/www.bellunopress.it\\\/2010\\\/04\\\/21\\\/alla-scoperta-del-friuli-sport-natura-e-cultura-nelle-terre-di-mezzo\\\/#breadcrumb\",\"itemListElement\":[{\"@type\":\"ListItem\",\"position\":1,\"name\":\"Home\",\"item\":\"https:\\\/\\\/www.bellunopress.it\\\/\"},{\"@type\":\"ListItem\",\"position\":2,\"name\":\"Alla scoperta del Friuli: sport, natura e cultura nelle Terre di Mezzo\"}]},{\"@type\":\"WebSite\",\"@id\":\"https:\\\/\\\/www.bellunopress.it\\\/#website\",\"url\":\"https:\\\/\\\/www.bellunopress.it\\\/\",\"name\":\"Bellunopress - Dolomiti\",\"description\":\"e-mail: redazione@bellunopress.it\",\"publisher\":{\"@id\":\"https:\\\/\\\/www.bellunopress.it\\\/#organization\"},\"potentialAction\":[{\"@type\":\"SearchAction\",\"target\":{\"@type\":\"EntryPoint\",\"urlTemplate\":\"https:\\\/\\\/www.bellunopress.it\\\/?s={search_term_string}\"},\"query-input\":{\"@type\":\"PropertyValueSpecification\",\"valueRequired\":true,\"valueName\":\"search_term_string\"}}],\"inLanguage\":\"fr-FR\"},{\"@type\":\"Organization\",\"@id\":\"https:\\\/\\\/www.bellunopress.it\\\/#organization\",\"name\":\"Bellunopress\",\"url\":\"https:\\\/\\\/www.bellunopress.it\\\/\",\"logo\":{\"@type\":\"ImageObject\",\"inLanguage\":\"fr-FR\",\"@id\":\"https:\\\/\\\/www.bellunopress.it\\\/#\\\/schema\\\/logo\\\/image\\\/\",\"url\":\"https:\\\/\\\/www.bellunopress.it\\\/wp-content\\\/uploads\\\/2011\\\/05\\\/cropped-logo-bellunopress-.jpg\",\"contentUrl\":\"https:\\\/\\\/www.bellunopress.it\\\/wp-content\\\/uploads\\\/2011\\\/05\\\/cropped-logo-bellunopress-.jpg\",\"width\":512,\"height\":512,\"caption\":\"Bellunopress\"},\"image\":{\"@id\":\"https:\\\/\\\/www.bellunopress.it\\\/#\\\/schema\\\/logo\\\/image\\\/\"},\"sameAs\":[\"https:\\\/\\\/www.facebook.com\\\/profile.php?id=100008943462799\",\"https:\\\/\\\/x.com\\\/bellunopress\",\"https:\\\/\\\/www.linkedin.com\\\/hp\\\/?dnr=JBzUWaJfMUw8vbXJJ2tVW5-I3jZKvC4wsoxE&amp;amp;amp;amp;amp;amp;trk=nav_responsive_tab_home\",\"https:\\\/\\\/www.youtube.com\\\/channel\\\/UCxL0wu1uN0_3_7hGG0306cw\"]},{\"@type\":\"Person\",\"@id\":\"https:\\\/\\\/www.bellunopress.it\\\/#\\\/schema\\\/person\\\/79bb06722b37ece1c03d3e94beb30d73\",\"name\":\"redazione\",\"image\":{\"@type\":\"ImageObject\",\"inLanguage\":\"fr-FR\",\"@id\":\"https:\\\/\\\/secure.gravatar.com\\\/avatar\\\/37d968a2e67a6fd04c169c4bdef102d0bc5d31b2546345219e348575eb80e9a0?s=96&d=mm&r=g\",\"url\":\"https:\\\/\\\/secure.gravatar.com\\\/avatar\\\/37d968a2e67a6fd04c169c4bdef102d0bc5d31b2546345219e348575eb80e9a0?s=96&d=mm&r=g\",\"contentUrl\":\"https:\\\/\\\/secure.gravatar.com\\\/avatar\\\/37d968a2e67a6fd04c169c4bdef102d0bc5d31b2546345219e348575eb80e9a0?s=96&d=mm&r=g\",\"caption\":\"redazione\"},\"sameAs\":[\"http:\\\/\\\/www.bellunopress.it\",\"https:\\\/\\\/x.com\\\/bellunopress\"],\"url\":\"https:\\\/\\\/www.bellunopress.it\\\/fr\\\/author\\\/redazione\\\/\"}]}<\/script>\n<!-- \/ Yoast SEO plugin. -->","yoast_head_json":{"title":"Alla scoperta del Friuli: sport, natura e cultura nelle Terre di Mezzo - Bellunopress - Dolomiti","robots":{"index":"index","follow":"follow","max-snippet":"max-snippet:-1","max-image-preview":"max-image-preview:large","max-video-preview":"max-video-preview:-1"},"canonical":"https:\/\/www.bellunopress.it\/fr\/2010\/04\/21\/alla-scoperta-del-friuli-sport-natura-e-cultura-nelle-terre-di-mezzo\/","og_locale":"fr_FR","og_type":"article","og_title":"Alla scoperta del Friuli: sport, natura e cultura nelle Terre di Mezzo - Bellunopress - Dolomiti","og_description":"Dagli itinerari cicloturistici sul Tagliamento, ai giardini fioriti aperti al pubblico e le grandi mostre a Villa Manin di Passariano, proseguono gli appuntamenti in Friuli alla scoperta delle meraviglie naturali e artistiche offerte da questa terra ricca di storia e di cultura. La primavera \u00e8 una delle stagioni pi\u00f9 adatte per godere dei percorsi tra [&hellip;]","og_url":"https:\/\/www.bellunopress.it\/fr\/2010\/04\/21\/alla-scoperta-del-friuli-sport-natura-e-cultura-nelle-terre-di-mezzo\/","og_site_name":"Bellunopress - Dolomiti","article_publisher":"https:\/\/www.facebook.com\/profile.php?id=100008943462799","article_published_time":"2010-04-21T20:56:27+00:00","article_modified_time":"2010-05-30T10:52:14+00:00","og_image":[{"url":"http:\/\/www.bellunopress.it\/wp-content\/uploads\/2010\/04\/giardino-palme-e-casa.jpg","type":"","width":"","height":""}],"author":"redazione","twitter_card":"summary_large_image","twitter_creator":"@bellunopress","twitter_site":"@bellunopress","twitter_misc":{"\u00c9crit par":"redazione","Dur\u00e9e de lecture estim\u00e9e":"2 minutes"},"schema":{"@context":"https:\/\/schema.org","@graph":[{"@type":"Article","@id":"https:\/\/www.bellunopress.it\/2010\/04\/21\/alla-scoperta-del-friuli-sport-natura-e-cultura-nelle-terre-di-mezzo\/#article","isPartOf":{"@id":"https:\/\/www.bellunopress.it\/2010\/04\/21\/alla-scoperta-del-friuli-sport-natura-e-cultura-nelle-terre-di-mezzo\/"},"author":{"name":"redazione","@id":"https:\/\/www.bellunopress.it\/#\/schema\/person\/79bb06722b37ece1c03d3e94beb30d73"},"headline":"Alla scoperta del Friuli: sport, natura e cultura nelle Terre di Mezzo","datePublished":"2010-04-21T20:56:27+00:00","dateModified":"2010-05-30T10:52:14+00:00","mainEntityOfPage":{"@id":"https:\/\/www.bellunopress.it\/2010\/04\/21\/alla-scoperta-del-friuli-sport-natura-e-cultura-nelle-terre-di-mezzo\/"},"wordCount":506,"publisher":{"@id":"https:\/\/www.bellunopress.it\/#organization"},"image":{"@id":"https:\/\/www.bellunopress.it\/2010\/04\/21\/alla-scoperta-del-friuli-sport-natura-e-cultura-nelle-terre-di-mezzo\/#primaryimage"},"thumbnailUrl":"http:\/\/www.bellunopress.it\/wp-content\/uploads\/2010\/04\/giardino-palme-e-casa.jpg","keywords":["B&amp;B","Camino al Tagliamento"],"articleSection":["Pubbliredazionali"],"inLanguage":"fr-FR"},{"@type":"WebPage","@id":"https:\/\/www.bellunopress.it\/2010\/04\/21\/alla-scoperta-del-friuli-sport-natura-e-cultura-nelle-terre-di-mezzo\/","url":"https:\/\/www.bellunopress.it\/2010\/04\/21\/alla-scoperta-del-friuli-sport-natura-e-cultura-nelle-terre-di-mezzo\/","name":"Alla scoperta del Friuli: sport, natura e cultura nelle Terre di Mezzo - Bellunopress - Dolomiti","isPartOf":{"@id":"https:\/\/www.bellunopress.it\/#website"},"primaryImageOfPage":{"@id":"https:\/\/www.bellunopress.it\/2010\/04\/21\/alla-scoperta-del-friuli-sport-natura-e-cultura-nelle-terre-di-mezzo\/#primaryimage"},"image":{"@id":"https:\/\/www.bellunopress.it\/2010\/04\/21\/alla-scoperta-del-friuli-sport-natura-e-cultura-nelle-terre-di-mezzo\/#primaryimage"},"thumbnailUrl":"http:\/\/www.bellunopress.it\/wp-content\/uploads\/2010\/04\/giardino-palme-e-casa.jpg","datePublished":"2010-04-21T20:56:27+00:00","dateModified":"2010-05-30T10:52:14+00:00","breadcrumb":{"@id":"https:\/\/www.bellunopress.it\/2010\/04\/21\/alla-scoperta-del-friuli-sport-natura-e-cultura-nelle-terre-di-mezzo\/#breadcrumb"},"inLanguage":"fr-FR","potentialAction":[{"@type":"ReadAction","target":["https:\/\/www.bellunopress.it\/2010\/04\/21\/alla-scoperta-del-friuli-sport-natura-e-cultura-nelle-terre-di-mezzo\/"]}]},{"@type":"ImageObject","inLanguage":"fr-FR","@id":"https:\/\/www.bellunopress.it\/2010\/04\/21\/alla-scoperta-del-friuli-sport-natura-e-cultura-nelle-terre-di-mezzo\/#primaryimage","url":"http:\/\/www.bellunopress.it\/wp-content\/uploads\/2010\/04\/giardino-palme-e-casa.jpg","contentUrl":"http:\/\/www.bellunopress.it\/wp-content\/uploads\/2010\/04\/giardino-palme-e-casa.jpg"},{"@type":"BreadcrumbList","@id":"https:\/\/www.bellunopress.it\/2010\/04\/21\/alla-scoperta-del-friuli-sport-natura-e-cultura-nelle-terre-di-mezzo\/#breadcrumb","itemListElement":[{"@type":"ListItem","position":1,"name":"Home","item":"https:\/\/www.bellunopress.it\/"},{"@type":"ListItem","position":2,"name":"Alla scoperta del Friuli: sport, natura e cultura nelle Terre di Mezzo"}]},{"@type":"WebSite","@id":"https:\/\/www.bellunopress.it\/#website","url":"https:\/\/www.bellunopress.it\/","name":"Bellunopress - Dolomiti","description":"e-mail: redazione@bellunopress.it","publisher":{"@id":"https:\/\/www.bellunopress.it\/#organization"},"potentialAction":[{"@type":"SearchAction","target":{"@type":"EntryPoint","urlTemplate":"https:\/\/www.bellunopress.it\/?s={search_term_string}"},"query-input":{"@type":"PropertyValueSpecification","valueRequired":true,"valueName":"search_term_string"}}],"inLanguage":"fr-FR"},{"@type":"Organization","@id":"https:\/\/www.bellunopress.it\/#organization","name":"Bellunopress","url":"https:\/\/www.bellunopress.it\/","logo":{"@type":"ImageObject","inLanguage":"fr-FR","@id":"https:\/\/www.bellunopress.it\/#\/schema\/logo\/image\/","url":"https:\/\/www.bellunopress.it\/wp-content\/uploads\/2011\/05\/cropped-logo-bellunopress-.jpg","contentUrl":"https:\/\/www.bellunopress.it\/wp-content\/uploads\/2011\/05\/cropped-logo-bellunopress-.jpg","width":512,"height":512,"caption":"Bellunopress"},"image":{"@id":"https:\/\/www.bellunopress.it\/#\/schema\/logo\/image\/"},"sameAs":["https:\/\/www.facebook.com\/profile.php?id=100008943462799","https:\/\/x.com\/bellunopress","https:\/\/www.linkedin.com\/hp\/?dnr=JBzUWaJfMUw8vbXJJ2tVW5-I3jZKvC4wsoxE&amp;amp;amp;amp;amp;amp;trk=nav_responsive_tab_home","https:\/\/www.youtube.com\/channel\/UCxL0wu1uN0_3_7hGG0306cw"]},{"@type":"Person","@id":"https:\/\/www.bellunopress.it\/#\/schema\/person\/79bb06722b37ece1c03d3e94beb30d73","name":"r\u00e9daction","image":{"@type":"ImageObject","inLanguage":"fr-FR","@id":"https:\/\/secure.gravatar.com\/avatar\/37d968a2e67a6fd04c169c4bdef102d0bc5d31b2546345219e348575eb80e9a0?s=96&d=mm&r=g","url":"https:\/\/secure.gravatar.com\/avatar\/37d968a2e67a6fd04c169c4bdef102d0bc5d31b2546345219e348575eb80e9a0?s=96&d=mm&r=g","contentUrl":"https:\/\/secure.gravatar.com\/avatar\/37d968a2e67a6fd04c169c4bdef102d0bc5d31b2546345219e348575eb80e9a0?s=96&d=mm&r=g","caption":"redazione"},"sameAs":["http:\/\/www.bellunopress.it","https:\/\/x.com\/bellunopress"],"url":"https:\/\/www.bellunopress.it\/fr\/author\/redazione\/"}]}},"_links":{"self":[{"href":"https:\/\/www.bellunopress.it\/fr\/wp-json\/wp\/v2\/posts\/14641","targetHints":{"allow":["GET"]}}],"collection":[{"href":"https:\/\/www.bellunopress.it\/fr\/wp-json\/wp\/v2\/posts"}],"about":[{"href":"https:\/\/www.bellunopress.it\/fr\/wp-json\/wp\/v2\/types\/post"}],"author":[{"embeddable":true,"href":"https:\/\/www.bellunopress.it\/fr\/wp-json\/wp\/v2\/users\/2"}],"replies":[{"embeddable":true,"href":"https:\/\/www.bellunopress.it\/fr\/wp-json\/wp\/v2\/comments?post=14641"}],"version-history":[{"count":3,"href":"https:\/\/www.bellunopress.it\/fr\/wp-json\/wp\/v2\/posts\/14641\/revisions"}],"predecessor-version":[{"id":15738,"href":"https:\/\/www.bellunopress.it\/fr\/wp-json\/wp\/v2\/posts\/14641\/revisions\/15738"}],"wp:attachment":[{"href":"https:\/\/www.bellunopress.it\/fr\/wp-json\/wp\/v2\/media?parent=14641"}],"wp:term":[{"taxonomy":"category","embeddable":true,"href":"https:\/\/www.bellunopress.it\/fr\/wp-json\/wp\/v2\/categories?post=14641"},{"taxonomy":"post_tag","embeddable":true,"href":"https:\/\/www.bellunopress.it\/fr\/wp-json\/wp\/v2\/tags?post=14641"}],"curies":[{"name":"wp","href":"https:\/\/api.w.org\/{rel}","templated":true}]}}