{"id":146408,"date":"2023-12-03T11:49:55","date_gmt":"2023-12-03T10:49:55","guid":{"rendered":"https:\/\/www.bellunopress.it\/?p=146408"},"modified":"2023-12-03T11:49:55","modified_gmt":"2023-12-03T10:49:55","slug":"ecofollie-e-antropocene","status":"publish","type":"post","link":"https:\/\/www.bellunopress.it\/fr\/2023\/12\/03\/ecofollie-e-antropocene\/","title":{"rendered":"Ecofollie e Antropocene"},"content":{"rendered":"<p><img loading=\"lazy\" decoding=\"async\" class=\"alignleft size-full wp-image-128801\" src=\"https:\/\/www.bellunopress.it\/wp-content\/uploads\/2021\/10\/lettera_edited.jpg\" alt=\"\" width=\"477\" height=\"224\" \/>Ieri sera a Belluno, in uno degli incontri periodici dell&#8217;Associazione Liberal, perfettamente organizzati da Rosalba Schenal, condotto da Raffaele Addamiano, sono stati portati molti ed interessanti esempi di follie, promosse e agitate nel mondo intero sullo sfondo delle problematiche ambientali.<br \/>\nNe hanno parlato Stefano Bruno Galli e Francesco Giubilei.<\/p>\n<p>Nel commentare l&#8217;incontro sulle \u201cecofollie\u201d mi sembra opportuno ricordare le parole di Jacques Monod nel 1970 \u201c..tutti questi sistemi radicati nell&#8217;animismo si pongono al di fuori della conoscenza oggettiva, al di fuori della verit\u00e0, estranei e in definitiva ostili alla scienza che vogliono utilizzare ma non rispettare e servire. La frattura \u00e8 cos\u00ec profonda, la menzogna tanto evidente, da tormentare e straziare la coscienza di chiunque sia provvisto di un po\u2019 di cultura, dotato di un po\u2019 di intelligenza e posseduto da quell\u2019ansia morale che \u00e8 fonte di ogni creazione. Vale a dire di tutti coloro, fra gli uomini, che sono e saranno responsabili della societ\u00e0 e della cultura nella loro evoluzione. Il male dell\u2019anima moderna \u00e8 questa menzogna che alligna alla radice dell\u2019essere morale e sociale. \u00c8 questo male, pi\u00f9 o meno confusamente diagnosticato, che provoca il senso di timore, se non di odio, comunque di alienazione, che tanti uomini contemporanei provano nei confronti della cultura scientifica\u00bb.<\/p>\n<p>Dobbiamo ammettere che, a distanza di 53 anni, nulla \u00e8 cambiato: la Scienza esiste ed \u00e8 molto vitale, sfruttata, comprata e ogni giorno essenziale per tutti noi. Ma la Politica nelle sue manifestazioni sociali, culturali e ambientali non ne vuole tenere conto, la ignora battendo strade talora originali o incongrue, ridicole o parziali, assurde o folli. La Politica \u00e8 estremamente impegnata solo nello \u201cSviluppo\u201d (che considera potenzialmente senza fine) molto meno nel \u201cProgresso\u201d che avrebbe invece un peso sociale e civile molto pi\u00f9 consistente e giusto.<br \/>\nSecondo una convenzione ormai approvata dalla Scienza il nostro mondo dal 1945 non \u00e8 pi\u00f9 nell&#8217;Olocene, iniziato circa 11.000 anni fa, ma siamo nell&#8217;Antropocene in cui l&#8217;uomo influenza in modo determinante la natura e le sue manifestazioni. Solo che lo fa nel modo peggiore, almeno negli ultimi 120 anni, sfruttando senza alcun limite le riserve del nostro ambiente come se fossero infinite.<\/p>\n<p>Di qui la crisi ambientale, di qui la necessit\u00e0 di porvi rimedio, di qui i mille diversi orientamenti pi\u00f9 o meno motivati, pi\u00f9 o meno folli che i Governi, e la Politica in senso lato, adottano senza ascoltare la voce della Scienza.<br \/>\nSono intervenuto per ricordare che esiste nel mondo il Gruppo Intergovernativo sul Cambiamento Climatico (IPCC) che conta sul lavoro praticamente gratuito di circa 1400 scienziati occupati a vagliare e classificare tutta la produzione scientifica mondiale sul tema ambiente, appartenenti a circa 200 Paesi, giovandosi di un budget annuo insignificante (circa 6.000.000, diconsi sei milioni di $)<br \/>\nIPCC ha prodotto il suo 6\u00b0 report dalla fondazione nel 1988, nel quale il terzo capitolo tratta esclusivamente della \u201cmitigazione\u201d e cio\u00e8 delle metodologie che si devono adottare per ridurre gli effetti nefasti dell&#8217;antropocene.<br \/>\nNon mi risulta che la Politica del mondo ne tenga conto anche perch\u00e9 su questo tema seguita a confrontarsi da sempre con gli ecologisti pi\u00f9 pasticcioni e ignoranti.<br \/>\nDopo la conferenza sulle Eco follie propongo a Rosalba Schenal e a Raffaele Addamiano di invitare sullo stesso argomento Roberto Battiston, trentino, fisico italiano, gi\u00e0 presidente dell\u2019Agenzia Spaziale Italiana, che ha scritto recentemente un bellissimo libro \u201cL\u2019alfabeto della Natura\u201d. In quella occasione, se dovesse felicemente realizzarsi, non so se a Raffaele baster\u00e0 una votazione in trentesimi per valutare il livello del relatore.<br \/>\nAvverto la necessit\u00e0 di una tale proposta perch\u00e9 dopo la mia breve precisazione alla fine della conferenza i relatori mi hanno guardato in silenzio e hanno dato la parola ad un altro.<\/p>\n<p>Filiberto Dal Molin<\/p>","protected":false},"excerpt":{"rendered":"<p>Ieri sera a Belluno, in uno degli incontri periodici dell&#8217;Associazione Liberal, perfettamente organizzati da Rosalba Schenal, condotto da Raffaele Addamiano, sono stati portati molti ed interessanti esempi di follie, promosse e agitate nel mondo intero sullo sfondo delle problematiche ambientali. Ne hanno parlato Stefano Bruno Galli e Francesco Giubilei. Nel commentare l&#8217;incontro sulle \u201cecofollie\u201d mi [&hellip;]<\/p>\n","protected":false},"author":2,"featured_media":128801,"comment_status":"closed","ping_status":"open","sticky":false,"template":"","format":"standard","meta":{"footnotes":""},"categories":[1,26],"tags":[],"class_list":["post-146408","post","type-post","status-publish","format-standard","has-post-thumbnail","category-leo","category-prima-pagina"],"yoast_head":"<!-- This site is optimized with the Yoast SEO plugin v28.4 - https:\/\/yoast.com\/product\/yoast-seo-wordpress\/ -->\n<title>Ecofollie e Antropocene - Bellunopress - Dolomiti<\/title>\n<meta name=\"robots\" content=\"index, follow, max-snippet:-1, max-image-preview:large, max-video-preview:-1\" \/>\n<link rel=\"canonical\" href=\"https:\/\/www.bellunopress.it\/fr\/2023\/12\/03\/ecofollie-e-antropocene\/\" \/>\n<meta property=\"og:locale\" content=\"fr_FR\" \/>\n<meta property=\"og:type\" content=\"article\" \/>\n<meta property=\"og:title\" content=\"Ecofollie e Antropocene - Bellunopress - Dolomiti\" \/>\n<meta property=\"og:description\" content=\"Ieri sera a Belluno, in uno degli incontri periodici dell&#8217;Associazione Liberal, perfettamente organizzati da Rosalba Schenal, condotto da Raffaele Addamiano, sono stati portati molti ed interessanti esempi di follie, promosse e agitate nel mondo intero sullo sfondo delle problematiche ambientali. Ne hanno parlato Stefano Bruno Galli e Francesco Giubilei. Nel commentare l&#8217;incontro sulle \u201cecofollie\u201d mi [&hellip;]\" \/>\n<meta property=\"og:url\" content=\"https:\/\/www.bellunopress.it\/fr\/2023\/12\/03\/ecofollie-e-antropocene\/\" \/>\n<meta property=\"og:site_name\" content=\"Bellunopress - Dolomiti\" \/>\n<meta property=\"article:publisher\" content=\"https:\/\/www.facebook.com\/profile.php?id=100008943462799\" \/>\n<meta property=\"article:published_time\" content=\"2023-12-03T10:49:55+00:00\" \/>\n<meta property=\"og:image\" content=\"https:\/\/www.bellunopress.it\/wp-content\/uploads\/2021\/10\/lettera_edited.jpg\" \/>\n\t<meta property=\"og:image:width\" content=\"477\" \/>\n\t<meta property=\"og:image:height\" content=\"224\" \/>\n\t<meta property=\"og:image:type\" content=\"image\/jpeg\" \/>\n<meta name=\"author\" content=\"redazione\" \/>\n<meta name=\"twitter:card\" content=\"summary_large_image\" \/>\n<meta name=\"twitter:creator\" content=\"@bellunopress\" \/>\n<meta name=\"twitter:site\" content=\"@bellunopress\" \/>\n<meta name=\"twitter:label1\" content=\"\u00c9crit par\" \/>\n\t<meta name=\"twitter:data1\" content=\"redazione\" \/>\n\t<meta name=\"twitter:label2\" content=\"Dur\u00e9e de lecture estim\u00e9e\" \/>\n\t<meta name=\"twitter:data2\" content=\"3 minutes\" \/>\n<script type=\"application\/ld+json\" class=\"yoast-schema-graph\">{\"@context\":\"https:\\\/\\\/schema.org\",\"@graph\":[{\"@type\":\"Article\",\"@id\":\"https:\\\/\\\/www.bellunopress.it\\\/2023\\\/12\\\/03\\\/ecofollie-e-antropocene\\\/#article\",\"isPartOf\":{\"@id\":\"https:\\\/\\\/www.bellunopress.it\\\/2023\\\/12\\\/03\\\/ecofollie-e-antropocene\\\/\"},\"author\":{\"name\":\"redazione\",\"@id\":\"https:\\\/\\\/www.bellunopress.it\\\/#\\\/schema\\\/person\\\/79bb06722b37ece1c03d3e94beb30d73\"},\"headline\":\"Ecofollie e Antropocene\",\"datePublished\":\"2023-12-03T10:49:55+00:00\",\"mainEntityOfPage\":{\"@id\":\"https:\\\/\\\/www.bellunopress.it\\\/2023\\\/12\\\/03\\\/ecofollie-e-antropocene\\\/\"},\"wordCount\":608,\"publisher\":{\"@id\":\"https:\\\/\\\/www.bellunopress.it\\\/#organization\"},\"image\":{\"@id\":\"https:\\\/\\\/www.bellunopress.it\\\/2023\\\/12\\\/03\\\/ecofollie-e-antropocene\\\/#primaryimage\"},\"thumbnailUrl\":\"https:\\\/\\\/www.bellunopress.it\\\/wp-content\\\/uploads\\\/2021\\\/10\\\/lettera_edited.jpg\",\"articleSection\":[\"Lettere Opinioni\",\"Prima Pagina\"],\"inLanguage\":\"fr-FR\"},{\"@type\":\"WebPage\",\"@id\":\"https:\\\/\\\/www.bellunopress.it\\\/2023\\\/12\\\/03\\\/ecofollie-e-antropocene\\\/\",\"url\":\"https:\\\/\\\/www.bellunopress.it\\\/2023\\\/12\\\/03\\\/ecofollie-e-antropocene\\\/\",\"name\":\"Ecofollie e Antropocene - Bellunopress - Dolomiti\",\"isPartOf\":{\"@id\":\"https:\\\/\\\/www.bellunopress.it\\\/#website\"},\"primaryImageOfPage\":{\"@id\":\"https:\\\/\\\/www.bellunopress.it\\\/2023\\\/12\\\/03\\\/ecofollie-e-antropocene\\\/#primaryimage\"},\"image\":{\"@id\":\"https:\\\/\\\/www.bellunopress.it\\\/2023\\\/12\\\/03\\\/ecofollie-e-antropocene\\\/#primaryimage\"},\"thumbnailUrl\":\"https:\\\/\\\/www.bellunopress.it\\\/wp-content\\\/uploads\\\/2021\\\/10\\\/lettera_edited.jpg\",\"datePublished\":\"2023-12-03T10:49:55+00:00\",\"breadcrumb\":{\"@id\":\"https:\\\/\\\/www.bellunopress.it\\\/2023\\\/12\\\/03\\\/ecofollie-e-antropocene\\\/#breadcrumb\"},\"inLanguage\":\"fr-FR\",\"potentialAction\":[{\"@type\":\"ReadAction\",\"target\":[\"https:\\\/\\\/www.bellunopress.it\\\/2023\\\/12\\\/03\\\/ecofollie-e-antropocene\\\/\"]}]},{\"@type\":\"ImageObject\",\"inLanguage\":\"fr-FR\",\"@id\":\"https:\\\/\\\/www.bellunopress.it\\\/2023\\\/12\\\/03\\\/ecofollie-e-antropocene\\\/#primaryimage\",\"url\":\"https:\\\/\\\/www.bellunopress.it\\\/wp-content\\\/uploads\\\/2021\\\/10\\\/lettera_edited.jpg\",\"contentUrl\":\"https:\\\/\\\/www.bellunopress.it\\\/wp-content\\\/uploads\\\/2021\\\/10\\\/lettera_edited.jpg\",\"width\":477,\"height\":224},{\"@type\":\"BreadcrumbList\",\"@id\":\"https:\\\/\\\/www.bellunopress.it\\\/2023\\\/12\\\/03\\\/ecofollie-e-antropocene\\\/#breadcrumb\",\"itemListElement\":[{\"@type\":\"ListItem\",\"position\":1,\"name\":\"Home\",\"item\":\"https:\\\/\\\/www.bellunopress.it\\\/\"},{\"@type\":\"ListItem\",\"position\":2,\"name\":\"Ecofollie e Antropocene\"}]},{\"@type\":\"WebSite\",\"@id\":\"https:\\\/\\\/www.bellunopress.it\\\/#website\",\"url\":\"https:\\\/\\\/www.bellunopress.it\\\/\",\"name\":\"Bellunopress - Dolomiti\",\"description\":\"e-mail: redazione@bellunopress.it\",\"publisher\":{\"@id\":\"https:\\\/\\\/www.bellunopress.it\\\/#organization\"},\"potentialAction\":[{\"@type\":\"SearchAction\",\"target\":{\"@type\":\"EntryPoint\",\"urlTemplate\":\"https:\\\/\\\/www.bellunopress.it\\\/?s={search_term_string}\"},\"query-input\":{\"@type\":\"PropertyValueSpecification\",\"valueRequired\":true,\"valueName\":\"search_term_string\"}}],\"inLanguage\":\"fr-FR\"},{\"@type\":\"Organization\",\"@id\":\"https:\\\/\\\/www.bellunopress.it\\\/#organization\",\"name\":\"Bellunopress\",\"url\":\"https:\\\/\\\/www.bellunopress.it\\\/\",\"logo\":{\"@type\":\"ImageObject\",\"inLanguage\":\"fr-FR\",\"@id\":\"https:\\\/\\\/www.bellunopress.it\\\/#\\\/schema\\\/logo\\\/image\\\/\",\"url\":\"https:\\\/\\\/www.bellunopress.it\\\/wp-content\\\/uploads\\\/2011\\\/05\\\/cropped-logo-bellunopress-.jpg\",\"contentUrl\":\"https:\\\/\\\/www.bellunopress.it\\\/wp-content\\\/uploads\\\/2011\\\/05\\\/cropped-logo-bellunopress-.jpg\",\"width\":512,\"height\":512,\"caption\":\"Bellunopress\"},\"image\":{\"@id\":\"https:\\\/\\\/www.bellunopress.it\\\/#\\\/schema\\\/logo\\\/image\\\/\"},\"sameAs\":[\"https:\\\/\\\/www.facebook.com\\\/profile.php?id=100008943462799\",\"https:\\\/\\\/x.com\\\/bellunopress\",\"https:\\\/\\\/www.linkedin.com\\\/hp\\\/?dnr=JBzUWaJfMUw8vbXJJ2tVW5-I3jZKvC4wsoxE&amp;amp;amp;amp;amp;amp;trk=nav_responsive_tab_home\",\"https:\\\/\\\/www.youtube.com\\\/channel\\\/UCxL0wu1uN0_3_7hGG0306cw\"]},{\"@type\":\"Person\",\"@id\":\"https:\\\/\\\/www.bellunopress.it\\\/#\\\/schema\\\/person\\\/79bb06722b37ece1c03d3e94beb30d73\",\"name\":\"redazione\",\"image\":{\"@type\":\"ImageObject\",\"inLanguage\":\"fr-FR\",\"@id\":\"https:\\\/\\\/secure.gravatar.com\\\/avatar\\\/37d968a2e67a6fd04c169c4bdef102d0bc5d31b2546345219e348575eb80e9a0?s=96&d=mm&r=g\",\"url\":\"https:\\\/\\\/secure.gravatar.com\\\/avatar\\\/37d968a2e67a6fd04c169c4bdef102d0bc5d31b2546345219e348575eb80e9a0?s=96&d=mm&r=g\",\"contentUrl\":\"https:\\\/\\\/secure.gravatar.com\\\/avatar\\\/37d968a2e67a6fd04c169c4bdef102d0bc5d31b2546345219e348575eb80e9a0?s=96&d=mm&r=g\",\"caption\":\"redazione\"},\"sameAs\":[\"http:\\\/\\\/www.bellunopress.it\",\"https:\\\/\\\/x.com\\\/bellunopress\"],\"url\":\"https:\\\/\\\/www.bellunopress.it\\\/fr\\\/author\\\/redazione\\\/\"}]}<\/script>\n<!-- \/ Yoast SEO plugin. -->","yoast_head_json":{"title":"Ecofollie e Antropocene - Bellunopress - Dolomiti","robots":{"index":"index","follow":"follow","max-snippet":"max-snippet:-1","max-image-preview":"max-image-preview:large","max-video-preview":"max-video-preview:-1"},"canonical":"https:\/\/www.bellunopress.it\/fr\/2023\/12\/03\/ecofollie-e-antropocene\/","og_locale":"fr_FR","og_type":"article","og_title":"Ecofollie e Antropocene - Bellunopress - Dolomiti","og_description":"Ieri sera a Belluno, in uno degli incontri periodici dell&#8217;Associazione Liberal, perfettamente organizzati da Rosalba Schenal, condotto da Raffaele Addamiano, sono stati portati molti ed interessanti esempi di follie, promosse e agitate nel mondo intero sullo sfondo delle problematiche ambientali. Ne hanno parlato Stefano Bruno Galli e Francesco Giubilei. Nel commentare l&#8217;incontro sulle \u201cecofollie\u201d mi [&hellip;]","og_url":"https:\/\/www.bellunopress.it\/fr\/2023\/12\/03\/ecofollie-e-antropocene\/","og_site_name":"Bellunopress - Dolomiti","article_publisher":"https:\/\/www.facebook.com\/profile.php?id=100008943462799","article_published_time":"2023-12-03T10:49:55+00:00","og_image":[{"width":477,"height":224,"url":"https:\/\/www.bellunopress.it\/wp-content\/uploads\/2021\/10\/lettera_edited.jpg","type":"image\/jpeg"}],"author":"redazione","twitter_card":"summary_large_image","twitter_creator":"@bellunopress","twitter_site":"@bellunopress","twitter_misc":{"\u00c9crit par":"redazione","Dur\u00e9e de lecture estim\u00e9e":"3 minutes"},"schema":{"@context":"https:\/\/schema.org","@graph":[{"@type":"Article","@id":"https:\/\/www.bellunopress.it\/2023\/12\/03\/ecofollie-e-antropocene\/#article","isPartOf":{"@id":"https:\/\/www.bellunopress.it\/2023\/12\/03\/ecofollie-e-antropocene\/"},"author":{"name":"redazione","@id":"https:\/\/www.bellunopress.it\/#\/schema\/person\/79bb06722b37ece1c03d3e94beb30d73"},"headline":"Ecofollie e Antropocene","datePublished":"2023-12-03T10:49:55+00:00","mainEntityOfPage":{"@id":"https:\/\/www.bellunopress.it\/2023\/12\/03\/ecofollie-e-antropocene\/"},"wordCount":608,"publisher":{"@id":"https:\/\/www.bellunopress.it\/#organization"},"image":{"@id":"https:\/\/www.bellunopress.it\/2023\/12\/03\/ecofollie-e-antropocene\/#primaryimage"},"thumbnailUrl":"https:\/\/www.bellunopress.it\/wp-content\/uploads\/2021\/10\/lettera_edited.jpg","articleSection":["Lettere Opinioni","Prima Pagina"],"inLanguage":"fr-FR"},{"@type":"WebPage","@id":"https:\/\/www.bellunopress.it\/2023\/12\/03\/ecofollie-e-antropocene\/","url":"https:\/\/www.bellunopress.it\/2023\/12\/03\/ecofollie-e-antropocene\/","name":"Ecofollie e Antropocene - Bellunopress - Dolomiti","isPartOf":{"@id":"https:\/\/www.bellunopress.it\/#website"},"primaryImageOfPage":{"@id":"https:\/\/www.bellunopress.it\/2023\/12\/03\/ecofollie-e-antropocene\/#primaryimage"},"image":{"@id":"https:\/\/www.bellunopress.it\/2023\/12\/03\/ecofollie-e-antropocene\/#primaryimage"},"thumbnailUrl":"https:\/\/www.bellunopress.it\/wp-content\/uploads\/2021\/10\/lettera_edited.jpg","datePublished":"2023-12-03T10:49:55+00:00","breadcrumb":{"@id":"https:\/\/www.bellunopress.it\/2023\/12\/03\/ecofollie-e-antropocene\/#breadcrumb"},"inLanguage":"fr-FR","potentialAction":[{"@type":"ReadAction","target":["https:\/\/www.bellunopress.it\/2023\/12\/03\/ecofollie-e-antropocene\/"]}]},{"@type":"ImageObject","inLanguage":"fr-FR","@id":"https:\/\/www.bellunopress.it\/2023\/12\/03\/ecofollie-e-antropocene\/#primaryimage","url":"https:\/\/www.bellunopress.it\/wp-content\/uploads\/2021\/10\/lettera_edited.jpg","contentUrl":"https:\/\/www.bellunopress.it\/wp-content\/uploads\/2021\/10\/lettera_edited.jpg","width":477,"height":224},{"@type":"BreadcrumbList","@id":"https:\/\/www.bellunopress.it\/2023\/12\/03\/ecofollie-e-antropocene\/#breadcrumb","itemListElement":[{"@type":"ListItem","position":1,"name":"Home","item":"https:\/\/www.bellunopress.it\/"},{"@type":"ListItem","position":2,"name":"Ecofollie e Antropocene"}]},{"@type":"WebSite","@id":"https:\/\/www.bellunopress.it\/#website","url":"https:\/\/www.bellunopress.it\/","name":"Bellunopress - Dolomiti","description":"e-mail: redazione@bellunopress.it","publisher":{"@id":"https:\/\/www.bellunopress.it\/#organization"},"potentialAction":[{"@type":"SearchAction","target":{"@type":"EntryPoint","urlTemplate":"https:\/\/www.bellunopress.it\/?s={search_term_string}"},"query-input":{"@type":"PropertyValueSpecification","valueRequired":true,"valueName":"search_term_string"}}],"inLanguage":"fr-FR"},{"@type":"Organization","@id":"https:\/\/www.bellunopress.it\/#organization","name":"Bellunopress","url":"https:\/\/www.bellunopress.it\/","logo":{"@type":"ImageObject","inLanguage":"fr-FR","@id":"https:\/\/www.bellunopress.it\/#\/schema\/logo\/image\/","url":"https:\/\/www.bellunopress.it\/wp-content\/uploads\/2011\/05\/cropped-logo-bellunopress-.jpg","contentUrl":"https:\/\/www.bellunopress.it\/wp-content\/uploads\/2011\/05\/cropped-logo-bellunopress-.jpg","width":512,"height":512,"caption":"Bellunopress"},"image":{"@id":"https:\/\/www.bellunopress.it\/#\/schema\/logo\/image\/"},"sameAs":["https:\/\/www.facebook.com\/profile.php?id=100008943462799","https:\/\/x.com\/bellunopress","https:\/\/www.linkedin.com\/hp\/?dnr=JBzUWaJfMUw8vbXJJ2tVW5-I3jZKvC4wsoxE&amp;amp;amp;amp;amp;amp;trk=nav_responsive_tab_home","https:\/\/www.youtube.com\/channel\/UCxL0wu1uN0_3_7hGG0306cw"]},{"@type":"Person","@id":"https:\/\/www.bellunopress.it\/#\/schema\/person\/79bb06722b37ece1c03d3e94beb30d73","name":"r\u00e9daction","image":{"@type":"ImageObject","inLanguage":"fr-FR","@id":"https:\/\/secure.gravatar.com\/avatar\/37d968a2e67a6fd04c169c4bdef102d0bc5d31b2546345219e348575eb80e9a0?s=96&d=mm&r=g","url":"https:\/\/secure.gravatar.com\/avatar\/37d968a2e67a6fd04c169c4bdef102d0bc5d31b2546345219e348575eb80e9a0?s=96&d=mm&r=g","contentUrl":"https:\/\/secure.gravatar.com\/avatar\/37d968a2e67a6fd04c169c4bdef102d0bc5d31b2546345219e348575eb80e9a0?s=96&d=mm&r=g","caption":"redazione"},"sameAs":["http:\/\/www.bellunopress.it","https:\/\/x.com\/bellunopress"],"url":"https:\/\/www.bellunopress.it\/fr\/author\/redazione\/"}]}},"_links":{"self":[{"href":"https:\/\/www.bellunopress.it\/fr\/wp-json\/wp\/v2\/posts\/146408","targetHints":{"allow":["GET"]}}],"collection":[{"href":"https:\/\/www.bellunopress.it\/fr\/wp-json\/wp\/v2\/posts"}],"about":[{"href":"https:\/\/www.bellunopress.it\/fr\/wp-json\/wp\/v2\/types\/post"}],"author":[{"embeddable":true,"href":"https:\/\/www.bellunopress.it\/fr\/wp-json\/wp\/v2\/users\/2"}],"replies":[{"embeddable":true,"href":"https:\/\/www.bellunopress.it\/fr\/wp-json\/wp\/v2\/comments?post=146408"}],"version-history":[{"count":1,"href":"https:\/\/www.bellunopress.it\/fr\/wp-json\/wp\/v2\/posts\/146408\/revisions"}],"predecessor-version":[{"id":146409,"href":"https:\/\/www.bellunopress.it\/fr\/wp-json\/wp\/v2\/posts\/146408\/revisions\/146409"}],"wp:featuredmedia":[{"embeddable":true,"href":"https:\/\/www.bellunopress.it\/fr\/wp-json\/wp\/v2\/media\/128801"}],"wp:attachment":[{"href":"https:\/\/www.bellunopress.it\/fr\/wp-json\/wp\/v2\/media?parent=146408"}],"wp:term":[{"taxonomy":"category","embeddable":true,"href":"https:\/\/www.bellunopress.it\/fr\/wp-json\/wp\/v2\/categories?post=146408"},{"taxonomy":"post_tag","embeddable":true,"href":"https:\/\/www.bellunopress.it\/fr\/wp-json\/wp\/v2\/tags?post=146408"}],"curies":[{"name":"wp","href":"https:\/\/api.w.org\/{rel}","templated":true}]}}