{"id":146405,"date":"2023-12-03T20:27:58","date_gmt":"2023-12-03T19:27:58","guid":{"rendered":"https:\/\/www.bellunopress.it\/?p=146405"},"modified":"2023-12-03T07:37:43","modified_gmt":"2023-12-03T06:37:43","slug":"veneto-seconda-regione-per-consumo-del-suolo-martedi-alle-2045-a-postioma-di-paese-lincontro-pubblico","status":"publish","type":"post","link":"https:\/\/www.bellunopress.it\/fr\/2023\/12\/03\/veneto-seconda-regione-per-consumo-del-suolo-martedi-alle-2045-a-postioma-di-paese-lincontro-pubblico\/","title":{"rendered":"Veneto, seconda regione per consumo del suolo. Marted\u00ec alle 20:45 a Postioma di Paese l&#8217;incontro pubblico"},"content":{"rendered":"<figure id=\"attachment_99292\" aria-describedby=\"caption-attachment-99292\" style=\"width: 213px\" class=\"wp-caption alignleft\"><img loading=\"lazy\" decoding=\"async\" class=\"size-full wp-image-99292\" src=\"https:\/\/www.bellunopress.it\/wp-content\/uploads\/2018\/11\/andrea-zanoni.jpg\" alt=\"\" width=\"213\" height=\"300\" \/><figcaption id=\"caption-attachment-99292\" class=\"wp-caption-text\">Andrea Zanoni, consigliere regionale<\/figcaption><\/figure>\n<p>Marted\u00ec 5 dicembre alle ore 20.45 al Centro Civico di Postioma in Via Chiesa n. 5 a Postioma di Paese (TV), organizzato dal Circolo PD di Paese, si terr\u00e0 l&#8217;incontro pubblico dal titolo: Paese: un territorio da difendere. Tra consumo di suolo, attivit\u00e0 di cava, traffico e ripercussioni della superstrada Pedemontana veneta.\u00a0 Interverranno il consigliere regionale PD Andrea Zanoni, presidente della Commissione Legalit\u00e0 in Consiglio Regionale, Anna Foffani, capogruppo di Paese Democratico \u2013 PD in Consiglio comunale, il sindaco di Preganziol Paolo Galeano e Dino Pietrobon, capogruppo di Ambiente Sostenibile.<\/p>\n<p>Anche quest\u2019anno il rapporto ISPRA ha confermato che il Veneto \u00e8 la seconda Regione d\u2019Italia per consumo di suolo. Paese, secondo l\u2019ISPRA, ha consumato il 27,7% di suolo e solo nell\u2019ultimo anno ha visto cementificati altri 46.500 mq. L\u2019attivit\u00e0 di cava continua a minacciare le nostre falde acquifere per il profitto dei cavatori, progetti sostenibili come la metropolitana di superficie sono stati abbandonati per finanziare grandi opere divoratrici di terreno fertile e biodiversit\u00e0. La Superstrada Pedemontana Veneta, per la quale i cittadini di Paese dovevano godere dell\u2019esenzione dei pedaggi, risulta un imperdonabile errore che, per via della sciagurata convenzione sottoscritta nel 2017 con la societ\u00e0 SIS, succhia risorse per sostenere gli ottimistici mancati introiti dei pedaggi da corrispondere a questa concessionaria, causando tagli a sanit\u00e0, trasporti, scuole, ecc. ma anche a tutti gli interventi per la messa in sicurezza stradale richiesti dai Comuni veneti, come quello della pista ciclabile di Via San Luca di Paese.<\/p>\n<p>&nbsp;<\/p>","protected":false},"excerpt":{"rendered":"<p>Marted\u00ec 5 dicembre alle ore 20.45 al Centro Civico di Postioma in Via Chiesa n. 5 a Postioma di Paese (TV), organizzato dal Circolo PD di Paese, si terr\u00e0 l&#8217;incontro pubblico dal titolo: Paese: un territorio da difendere. Tra consumo di suolo, attivit\u00e0 di cava, traffico e ripercussioni della superstrada Pedemontana veneta.\u00a0 Interverranno il consigliere [&hellip;]<\/p>\n","protected":false},"author":2,"featured_media":89853,"comment_status":"closed","ping_status":"open","sticky":false,"template":"","format":"standard","meta":{"footnotes":""},"categories":[5,25],"tags":[],"class_list":["post-146405","post","type-post","status-publish","format-standard","has-post-thumbnail","category-cronaca","category-pausa-caffe"],"yoast_head":"<!-- This site is optimized with the Yoast SEO plugin v28.4 - https:\/\/yoast.com\/product\/yoast-seo-wordpress\/ -->\n<title>Veneto, seconda regione per consumo del suolo. Marted\u00ec alle 20:45 a Postioma di Paese l&#039;incontro pubblico - Bellunopress - Dolomiti<\/title>\n<meta name=\"robots\" content=\"index, follow, max-snippet:-1, max-image-preview:large, max-video-preview:-1\" \/>\n<link rel=\"canonical\" href=\"https:\/\/www.bellunopress.it\/fr\/2023\/12\/03\/veneto-seconda-regione-per-consumo-del-suolo-martedi-alle-2045-a-postioma-di-paese-lincontro-pubblico\/\" \/>\n<meta property=\"og:locale\" content=\"fr_FR\" \/>\n<meta property=\"og:type\" content=\"article\" \/>\n<meta property=\"og:title\" content=\"Veneto, seconda regione per consumo del suolo. Marted\u00ec alle 20:45 a Postioma di Paese l&#039;incontro pubblico - Bellunopress - Dolomiti\" \/>\n<meta property=\"og:description\" content=\"Marted\u00ec 5 dicembre alle ore 20.45 al Centro Civico di Postioma in Via Chiesa n. 5 a Postioma di Paese (TV), organizzato dal Circolo PD di Paese, si terr\u00e0 l&#8217;incontro pubblico dal titolo: Paese: un territorio da difendere. Tra consumo di suolo, attivit\u00e0 di cava, traffico e ripercussioni della superstrada Pedemontana veneta.\u00a0 Interverranno il consigliere [&hellip;]\" \/>\n<meta property=\"og:url\" content=\"https:\/\/www.bellunopress.it\/fr\/2023\/12\/03\/veneto-seconda-regione-per-consumo-del-suolo-martedi-alle-2045-a-postioma-di-paese-lincontro-pubblico\/\" \/>\n<meta property=\"og:site_name\" content=\"Bellunopress - Dolomiti\" \/>\n<meta property=\"article:publisher\" content=\"https:\/\/www.facebook.com\/profile.php?id=100008943462799\" \/>\n<meta property=\"article:published_time\" content=\"2023-12-03T19:27:58+00:00\" \/>\n<meta property=\"og:image\" content=\"https:\/\/www.bellunopress.it\/wp-content\/uploads\/2017\/10\/Andrea-Zanoni.jpg\" \/>\n\t<meta property=\"og:image:width\" content=\"469\" \/>\n\t<meta property=\"og:image:height\" content=\"389\" \/>\n\t<meta property=\"og:image:type\" content=\"image\/jpeg\" \/>\n<meta name=\"author\" content=\"redazione\" \/>\n<meta name=\"twitter:card\" content=\"summary_large_image\" \/>\n<meta name=\"twitter:creator\" content=\"@bellunopress\" \/>\n<meta name=\"twitter:site\" content=\"@bellunopress\" \/>\n<meta name=\"twitter:label1\" content=\"\u00c9crit par\" \/>\n\t<meta name=\"twitter:data1\" content=\"redazione\" \/>\n\t<meta name=\"twitter:label2\" content=\"Dur\u00e9e de lecture estim\u00e9e\" \/>\n\t<meta name=\"twitter:data2\" content=\"1 minute\" \/>\n<script type=\"application\/ld+json\" class=\"yoast-schema-graph\">{\"@context\":\"https:\\\/\\\/schema.org\",\"@graph\":[{\"@type\":\"Article\",\"@id\":\"https:\\\/\\\/www.bellunopress.it\\\/2023\\\/12\\\/03\\\/veneto-seconda-regione-per-consumo-del-suolo-martedi-alle-2045-a-postioma-di-paese-lincontro-pubblico\\\/#article\",\"isPartOf\":{\"@id\":\"https:\\\/\\\/www.bellunopress.it\\\/2023\\\/12\\\/03\\\/veneto-seconda-regione-per-consumo-del-suolo-martedi-alle-2045-a-postioma-di-paese-lincontro-pubblico\\\/\"},\"author\":{\"name\":\"redazione\",\"@id\":\"https:\\\/\\\/www.bellunopress.it\\\/#\\\/schema\\\/person\\\/79bb06722b37ece1c03d3e94beb30d73\"},\"headline\":\"Veneto, seconda regione per consumo del suolo. Marted\u00ec alle 20:45 a Postioma di Paese l&#8217;incontro pubblico\",\"datePublished\":\"2023-12-03T19:27:58+00:00\",\"mainEntityOfPage\":{\"@id\":\"https:\\\/\\\/www.bellunopress.it\\\/2023\\\/12\\\/03\\\/veneto-seconda-regione-per-consumo-del-suolo-martedi-alle-2045-a-postioma-di-paese-lincontro-pubblico\\\/\"},\"wordCount\":272,\"publisher\":{\"@id\":\"https:\\\/\\\/www.bellunopress.it\\\/#organization\"},\"image\":{\"@id\":\"https:\\\/\\\/www.bellunopress.it\\\/2023\\\/12\\\/03\\\/veneto-seconda-regione-per-consumo-del-suolo-martedi-alle-2045-a-postioma-di-paese-lincontro-pubblico\\\/#primaryimage\"},\"thumbnailUrl\":\"https:\\\/\\\/www.bellunopress.it\\\/wp-content\\\/uploads\\\/2017\\\/10\\\/Andrea-Zanoni.jpg\",\"articleSection\":[\"Cronaca\\\/Politica\",\"Pausa Caff\u00e8\"],\"inLanguage\":\"fr-FR\"},{\"@type\":\"WebPage\",\"@id\":\"https:\\\/\\\/www.bellunopress.it\\\/2023\\\/12\\\/03\\\/veneto-seconda-regione-per-consumo-del-suolo-martedi-alle-2045-a-postioma-di-paese-lincontro-pubblico\\\/\",\"url\":\"https:\\\/\\\/www.bellunopress.it\\\/2023\\\/12\\\/03\\\/veneto-seconda-regione-per-consumo-del-suolo-martedi-alle-2045-a-postioma-di-paese-lincontro-pubblico\\\/\",\"name\":\"Veneto, seconda regione per consumo del suolo. Marted\u00ec alle 20:45 a Postioma di Paese l'incontro pubblico - Bellunopress - Dolomiti\",\"isPartOf\":{\"@id\":\"https:\\\/\\\/www.bellunopress.it\\\/#website\"},\"primaryImageOfPage\":{\"@id\":\"https:\\\/\\\/www.bellunopress.it\\\/2023\\\/12\\\/03\\\/veneto-seconda-regione-per-consumo-del-suolo-martedi-alle-2045-a-postioma-di-paese-lincontro-pubblico\\\/#primaryimage\"},\"image\":{\"@id\":\"https:\\\/\\\/www.bellunopress.it\\\/2023\\\/12\\\/03\\\/veneto-seconda-regione-per-consumo-del-suolo-martedi-alle-2045-a-postioma-di-paese-lincontro-pubblico\\\/#primaryimage\"},\"thumbnailUrl\":\"https:\\\/\\\/www.bellunopress.it\\\/wp-content\\\/uploads\\\/2017\\\/10\\\/Andrea-Zanoni.jpg\",\"datePublished\":\"2023-12-03T19:27:58+00:00\",\"breadcrumb\":{\"@id\":\"https:\\\/\\\/www.bellunopress.it\\\/2023\\\/12\\\/03\\\/veneto-seconda-regione-per-consumo-del-suolo-martedi-alle-2045-a-postioma-di-paese-lincontro-pubblico\\\/#breadcrumb\"},\"inLanguage\":\"fr-FR\",\"potentialAction\":[{\"@type\":\"ReadAction\",\"target\":[\"https:\\\/\\\/www.bellunopress.it\\\/2023\\\/12\\\/03\\\/veneto-seconda-regione-per-consumo-del-suolo-martedi-alle-2045-a-postioma-di-paese-lincontro-pubblico\\\/\"]}]},{\"@type\":\"ImageObject\",\"inLanguage\":\"fr-FR\",\"@id\":\"https:\\\/\\\/www.bellunopress.it\\\/2023\\\/12\\\/03\\\/veneto-seconda-regione-per-consumo-del-suolo-martedi-alle-2045-a-postioma-di-paese-lincontro-pubblico\\\/#primaryimage\",\"url\":\"https:\\\/\\\/www.bellunopress.it\\\/wp-content\\\/uploads\\\/2017\\\/10\\\/Andrea-Zanoni.jpg\",\"contentUrl\":\"https:\\\/\\\/www.bellunopress.it\\\/wp-content\\\/uploads\\\/2017\\\/10\\\/Andrea-Zanoni.jpg\",\"width\":469,\"height\":389,\"caption\":\"Andrea Zanoni - Coordinatore dell'Osservatorio Diritti Animali di Europa Verde\"},{\"@type\":\"BreadcrumbList\",\"@id\":\"https:\\\/\\\/www.bellunopress.it\\\/2023\\\/12\\\/03\\\/veneto-seconda-regione-per-consumo-del-suolo-martedi-alle-2045-a-postioma-di-paese-lincontro-pubblico\\\/#breadcrumb\",\"itemListElement\":[{\"@type\":\"ListItem\",\"position\":1,\"name\":\"Home\",\"item\":\"https:\\\/\\\/www.bellunopress.it\\\/\"},{\"@type\":\"ListItem\",\"position\":2,\"name\":\"Veneto, seconda regione per consumo del suolo. Marted\u00ec alle 20:45 a Postioma di Paese l&#8217;incontro pubblico\"}]},{\"@type\":\"WebSite\",\"@id\":\"https:\\\/\\\/www.bellunopress.it\\\/#website\",\"url\":\"https:\\\/\\\/www.bellunopress.it\\\/\",\"name\":\"Bellunopress - Dolomiti\",\"description\":\"e-mail: redazione@bellunopress.it\",\"publisher\":{\"@id\":\"https:\\\/\\\/www.bellunopress.it\\\/#organization\"},\"potentialAction\":[{\"@type\":\"SearchAction\",\"target\":{\"@type\":\"EntryPoint\",\"urlTemplate\":\"https:\\\/\\\/www.bellunopress.it\\\/?s={search_term_string}\"},\"query-input\":{\"@type\":\"PropertyValueSpecification\",\"valueRequired\":true,\"valueName\":\"search_term_string\"}}],\"inLanguage\":\"fr-FR\"},{\"@type\":\"Organization\",\"@id\":\"https:\\\/\\\/www.bellunopress.it\\\/#organization\",\"name\":\"Bellunopress\",\"url\":\"https:\\\/\\\/www.bellunopress.it\\\/\",\"logo\":{\"@type\":\"ImageObject\",\"inLanguage\":\"fr-FR\",\"@id\":\"https:\\\/\\\/www.bellunopress.it\\\/#\\\/schema\\\/logo\\\/image\\\/\",\"url\":\"https:\\\/\\\/www.bellunopress.it\\\/wp-content\\\/uploads\\\/2011\\\/05\\\/cropped-logo-bellunopress-.jpg\",\"contentUrl\":\"https:\\\/\\\/www.bellunopress.it\\\/wp-content\\\/uploads\\\/2011\\\/05\\\/cropped-logo-bellunopress-.jpg\",\"width\":512,\"height\":512,\"caption\":\"Bellunopress\"},\"image\":{\"@id\":\"https:\\\/\\\/www.bellunopress.it\\\/#\\\/schema\\\/logo\\\/image\\\/\"},\"sameAs\":[\"https:\\\/\\\/www.facebook.com\\\/profile.php?id=100008943462799\",\"https:\\\/\\\/x.com\\\/bellunopress\",\"https:\\\/\\\/www.linkedin.com\\\/hp\\\/?dnr=JBzUWaJfMUw8vbXJJ2tVW5-I3jZKvC4wsoxE&amp;amp;amp;amp;amp;amp;trk=nav_responsive_tab_home\",\"https:\\\/\\\/www.youtube.com\\\/channel\\\/UCxL0wu1uN0_3_7hGG0306cw\"]},{\"@type\":\"Person\",\"@id\":\"https:\\\/\\\/www.bellunopress.it\\\/#\\\/schema\\\/person\\\/79bb06722b37ece1c03d3e94beb30d73\",\"name\":\"redazione\",\"image\":{\"@type\":\"ImageObject\",\"inLanguage\":\"fr-FR\",\"@id\":\"https:\\\/\\\/secure.gravatar.com\\\/avatar\\\/37d968a2e67a6fd04c169c4bdef102d0bc5d31b2546345219e348575eb80e9a0?s=96&d=mm&r=g\",\"url\":\"https:\\\/\\\/secure.gravatar.com\\\/avatar\\\/37d968a2e67a6fd04c169c4bdef102d0bc5d31b2546345219e348575eb80e9a0?s=96&d=mm&r=g\",\"contentUrl\":\"https:\\\/\\\/secure.gravatar.com\\\/avatar\\\/37d968a2e67a6fd04c169c4bdef102d0bc5d31b2546345219e348575eb80e9a0?s=96&d=mm&r=g\",\"caption\":\"redazione\"},\"sameAs\":[\"http:\\\/\\\/www.bellunopress.it\",\"https:\\\/\\\/x.com\\\/bellunopress\"],\"url\":\"https:\\\/\\\/www.bellunopress.it\\\/fr\\\/author\\\/redazione\\\/\"}]}<\/script>\n<!-- \/ Yoast SEO plugin. -->","yoast_head_json":{"title":"Veneto, seconda regione per consumo del suolo. Marted\u00ec alle 20:45 a Postioma di Paese l'incontro pubblico - Bellunopress - Dolomiti","robots":{"index":"index","follow":"follow","max-snippet":"max-snippet:-1","max-image-preview":"max-image-preview:large","max-video-preview":"max-video-preview:-1"},"canonical":"https:\/\/www.bellunopress.it\/fr\/2023\/12\/03\/veneto-seconda-regione-per-consumo-del-suolo-martedi-alle-2045-a-postioma-di-paese-lincontro-pubblico\/","og_locale":"fr_FR","og_type":"article","og_title":"Veneto, seconda regione per consumo del suolo. Marted\u00ec alle 20:45 a Postioma di Paese l'incontro pubblico - Bellunopress - Dolomiti","og_description":"Marted\u00ec 5 dicembre alle ore 20.45 al Centro Civico di Postioma in Via Chiesa n. 5 a Postioma di Paese (TV), organizzato dal Circolo PD di Paese, si terr\u00e0 l&#8217;incontro pubblico dal titolo: Paese: un territorio da difendere. Tra consumo di suolo, attivit\u00e0 di cava, traffico e ripercussioni della superstrada Pedemontana veneta.\u00a0 Interverranno il consigliere [&hellip;]","og_url":"https:\/\/www.bellunopress.it\/fr\/2023\/12\/03\/veneto-seconda-regione-per-consumo-del-suolo-martedi-alle-2045-a-postioma-di-paese-lincontro-pubblico\/","og_site_name":"Bellunopress - Dolomiti","article_publisher":"https:\/\/www.facebook.com\/profile.php?id=100008943462799","article_published_time":"2023-12-03T19:27:58+00:00","og_image":[{"width":469,"height":389,"url":"https:\/\/www.bellunopress.it\/wp-content\/uploads\/2017\/10\/Andrea-Zanoni.jpg","type":"image\/jpeg"}],"author":"redazione","twitter_card":"summary_large_image","twitter_creator":"@bellunopress","twitter_site":"@bellunopress","twitter_misc":{"\u00c9crit par":"redazione","Dur\u00e9e de lecture estim\u00e9e":"1 minute"},"schema":{"@context":"https:\/\/schema.org","@graph":[{"@type":"Article","@id":"https:\/\/www.bellunopress.it\/2023\/12\/03\/veneto-seconda-regione-per-consumo-del-suolo-martedi-alle-2045-a-postioma-di-paese-lincontro-pubblico\/#article","isPartOf":{"@id":"https:\/\/www.bellunopress.it\/2023\/12\/03\/veneto-seconda-regione-per-consumo-del-suolo-martedi-alle-2045-a-postioma-di-paese-lincontro-pubblico\/"},"author":{"name":"redazione","@id":"https:\/\/www.bellunopress.it\/#\/schema\/person\/79bb06722b37ece1c03d3e94beb30d73"},"headline":"Veneto, seconda regione per consumo del suolo. Marted\u00ec alle 20:45 a Postioma di Paese l&#8217;incontro pubblico","datePublished":"2023-12-03T19:27:58+00:00","mainEntityOfPage":{"@id":"https:\/\/www.bellunopress.it\/2023\/12\/03\/veneto-seconda-regione-per-consumo-del-suolo-martedi-alle-2045-a-postioma-di-paese-lincontro-pubblico\/"},"wordCount":272,"publisher":{"@id":"https:\/\/www.bellunopress.it\/#organization"},"image":{"@id":"https:\/\/www.bellunopress.it\/2023\/12\/03\/veneto-seconda-regione-per-consumo-del-suolo-martedi-alle-2045-a-postioma-di-paese-lincontro-pubblico\/#primaryimage"},"thumbnailUrl":"https:\/\/www.bellunopress.it\/wp-content\/uploads\/2017\/10\/Andrea-Zanoni.jpg","articleSection":["Cronaca\/Politica","Pausa Caff\u00e8"],"inLanguage":"fr-FR"},{"@type":"WebPage","@id":"https:\/\/www.bellunopress.it\/2023\/12\/03\/veneto-seconda-regione-per-consumo-del-suolo-martedi-alle-2045-a-postioma-di-paese-lincontro-pubblico\/","url":"https:\/\/www.bellunopress.it\/2023\/12\/03\/veneto-seconda-regione-per-consumo-del-suolo-martedi-alle-2045-a-postioma-di-paese-lincontro-pubblico\/","name":"Veneto, seconda regione per consumo del suolo. Marted\u00ec alle 20:45 a Postioma di Paese l'incontro pubblico - Bellunopress - Dolomiti","isPartOf":{"@id":"https:\/\/www.bellunopress.it\/#website"},"primaryImageOfPage":{"@id":"https:\/\/www.bellunopress.it\/2023\/12\/03\/veneto-seconda-regione-per-consumo-del-suolo-martedi-alle-2045-a-postioma-di-paese-lincontro-pubblico\/#primaryimage"},"image":{"@id":"https:\/\/www.bellunopress.it\/2023\/12\/03\/veneto-seconda-regione-per-consumo-del-suolo-martedi-alle-2045-a-postioma-di-paese-lincontro-pubblico\/#primaryimage"},"thumbnailUrl":"https:\/\/www.bellunopress.it\/wp-content\/uploads\/2017\/10\/Andrea-Zanoni.jpg","datePublished":"2023-12-03T19:27:58+00:00","breadcrumb":{"@id":"https:\/\/www.bellunopress.it\/2023\/12\/03\/veneto-seconda-regione-per-consumo-del-suolo-martedi-alle-2045-a-postioma-di-paese-lincontro-pubblico\/#breadcrumb"},"inLanguage":"fr-FR","potentialAction":[{"@type":"ReadAction","target":["https:\/\/www.bellunopress.it\/2023\/12\/03\/veneto-seconda-regione-per-consumo-del-suolo-martedi-alle-2045-a-postioma-di-paese-lincontro-pubblico\/"]}]},{"@type":"ImageObject","inLanguage":"fr-FR","@id":"https:\/\/www.bellunopress.it\/2023\/12\/03\/veneto-seconda-regione-per-consumo-del-suolo-martedi-alle-2045-a-postioma-di-paese-lincontro-pubblico\/#primaryimage","url":"https:\/\/www.bellunopress.it\/wp-content\/uploads\/2017\/10\/Andrea-Zanoni.jpg","contentUrl":"https:\/\/www.bellunopress.it\/wp-content\/uploads\/2017\/10\/Andrea-Zanoni.jpg","width":469,"height":389,"caption":"Andrea Zanoni - Coordinatore dell'Osservatorio Diritti Animali di Europa Verde"},{"@type":"BreadcrumbList","@id":"https:\/\/www.bellunopress.it\/2023\/12\/03\/veneto-seconda-regione-per-consumo-del-suolo-martedi-alle-2045-a-postioma-di-paese-lincontro-pubblico\/#breadcrumb","itemListElement":[{"@type":"ListItem","position":1,"name":"Home","item":"https:\/\/www.bellunopress.it\/"},{"@type":"ListItem","position":2,"name":"Veneto, seconda regione per consumo del suolo. Marted\u00ec alle 20:45 a Postioma di Paese l&#8217;incontro pubblico"}]},{"@type":"WebSite","@id":"https:\/\/www.bellunopress.it\/#website","url":"https:\/\/www.bellunopress.it\/","name":"Bellunopress - Dolomiti","description":"e-mail: redazione@bellunopress.it","publisher":{"@id":"https:\/\/www.bellunopress.it\/#organization"},"potentialAction":[{"@type":"SearchAction","target":{"@type":"EntryPoint","urlTemplate":"https:\/\/www.bellunopress.it\/?s={search_term_string}"},"query-input":{"@type":"PropertyValueSpecification","valueRequired":true,"valueName":"search_term_string"}}],"inLanguage":"fr-FR"},{"@type":"Organization","@id":"https:\/\/www.bellunopress.it\/#organization","name":"Bellunopress","url":"https:\/\/www.bellunopress.it\/","logo":{"@type":"ImageObject","inLanguage":"fr-FR","@id":"https:\/\/www.bellunopress.it\/#\/schema\/logo\/image\/","url":"https:\/\/www.bellunopress.it\/wp-content\/uploads\/2011\/05\/cropped-logo-bellunopress-.jpg","contentUrl":"https:\/\/www.bellunopress.it\/wp-content\/uploads\/2011\/05\/cropped-logo-bellunopress-.jpg","width":512,"height":512,"caption":"Bellunopress"},"image":{"@id":"https:\/\/www.bellunopress.it\/#\/schema\/logo\/image\/"},"sameAs":["https:\/\/www.facebook.com\/profile.php?id=100008943462799","https:\/\/x.com\/bellunopress","https:\/\/www.linkedin.com\/hp\/?dnr=JBzUWaJfMUw8vbXJJ2tVW5-I3jZKvC4wsoxE&amp;amp;amp;amp;amp;amp;trk=nav_responsive_tab_home","https:\/\/www.youtube.com\/channel\/UCxL0wu1uN0_3_7hGG0306cw"]},{"@type":"Person","@id":"https:\/\/www.bellunopress.it\/#\/schema\/person\/79bb06722b37ece1c03d3e94beb30d73","name":"r\u00e9daction","image":{"@type":"ImageObject","inLanguage":"fr-FR","@id":"https:\/\/secure.gravatar.com\/avatar\/37d968a2e67a6fd04c169c4bdef102d0bc5d31b2546345219e348575eb80e9a0?s=96&d=mm&r=g","url":"https:\/\/secure.gravatar.com\/avatar\/37d968a2e67a6fd04c169c4bdef102d0bc5d31b2546345219e348575eb80e9a0?s=96&d=mm&r=g","contentUrl":"https:\/\/secure.gravatar.com\/avatar\/37d968a2e67a6fd04c169c4bdef102d0bc5d31b2546345219e348575eb80e9a0?s=96&d=mm&r=g","caption":"redazione"},"sameAs":["http:\/\/www.bellunopress.it","https:\/\/x.com\/bellunopress"],"url":"https:\/\/www.bellunopress.it\/fr\/author\/redazione\/"}]}},"_links":{"self":[{"href":"https:\/\/www.bellunopress.it\/fr\/wp-json\/wp\/v2\/posts\/146405","targetHints":{"allow":["GET"]}}],"collection":[{"href":"https:\/\/www.bellunopress.it\/fr\/wp-json\/wp\/v2\/posts"}],"about":[{"href":"https:\/\/www.bellunopress.it\/fr\/wp-json\/wp\/v2\/types\/post"}],"author":[{"embeddable":true,"href":"https:\/\/www.bellunopress.it\/fr\/wp-json\/wp\/v2\/users\/2"}],"replies":[{"embeddable":true,"href":"https:\/\/www.bellunopress.it\/fr\/wp-json\/wp\/v2\/comments?post=146405"}],"version-history":[{"count":1,"href":"https:\/\/www.bellunopress.it\/fr\/wp-json\/wp\/v2\/posts\/146405\/revisions"}],"predecessor-version":[{"id":146406,"href":"https:\/\/www.bellunopress.it\/fr\/wp-json\/wp\/v2\/posts\/146405\/revisions\/146406"}],"wp:featuredmedia":[{"embeddable":true,"href":"https:\/\/www.bellunopress.it\/fr\/wp-json\/wp\/v2\/media\/89853"}],"wp:attachment":[{"href":"https:\/\/www.bellunopress.it\/fr\/wp-json\/wp\/v2\/media?parent=146405"}],"wp:term":[{"taxonomy":"category","embeddable":true,"href":"https:\/\/www.bellunopress.it\/fr\/wp-json\/wp\/v2\/categories?post=146405"},{"taxonomy":"post_tag","embeddable":true,"href":"https:\/\/www.bellunopress.it\/fr\/wp-json\/wp\/v2\/tags?post=146405"}],"curies":[{"name":"wp","href":"https:\/\/api.w.org\/{rel}","templated":true}]}}