{"id":146402,"date":"2023-12-02T22:58:53","date_gmt":"2023-12-02T21:58:53","guid":{"rendered":"https:\/\/www.bellunopress.it\/?p=146402"},"modified":"2023-12-02T22:58:53","modified_gmt":"2023-12-02T21:58:53","slug":"sogni-di-gloria-nevegal365-se-ci-sei-batti-un-colpo","status":"publish","type":"post","link":"https:\/\/www.bellunopress.it\/fr\/2023\/12\/02\/sogni-di-gloria-nevegal365-se-ci-sei-batti-un-colpo\/","title":{"rendered":"Sogni di gloria. Nevegal365, se ci sei batti un colpo"},"content":{"rendered":"<figure id=\"attachment_146403\" aria-describedby=\"caption-attachment-146403\" style=\"width: 1000px\" class=\"wp-caption alignleft\"><img loading=\"lazy\" decoding=\"async\" class=\"size-full wp-image-146403\" src=\"https:\/\/www.bellunopress.it\/wp-content\/uploads\/2023\/12\/firma-progetto-Nevegal_edited.jpg\" alt=\"\" width=\"1000\" height=\"619\" srcset=\"https:\/\/www.bellunopress.it\/wp-content\/uploads\/2023\/12\/firma-progetto-Nevegal_edited.jpg 1000w, https:\/\/www.bellunopress.it\/wp-content\/uploads\/2023\/12\/firma-progetto-Nevegal_edited-500x310.jpg 500w, https:\/\/www.bellunopress.it\/wp-content\/uploads\/2023\/12\/firma-progetto-Nevegal_edited-696x431.jpg 696w\" sizes=\"auto, (max-width: 1000px) 100vw, 1000px\" \/><figcaption id=\"caption-attachment-146403\" class=\"wp-caption-text\">Il momento della firma del protocollo. Ivano Viel (socio Nevegal365), Kamel Layachi (amministratore Nevegal 365), Franco Roccon (assessore), Oscar De Pellegrin (sindaco di Belluno)<\/figcaption><\/figure>\n<p>Il maestoso progetto di rilancio del Nevegal, illustrato nella <a href=\"https:\/\/www.bellunopress.it\/fr\/2023\/08\/03\/nevegal-presentato-il-grande-progetto-di-rilancio-del-colle-un-piano-di-60-milioni-di-investimenti\/\">conferenza stampa fiume del 3 agosto 2023<\/a> a Palazzo rosso, con la partecipazione dei rappresentanti della societ\u00e0 Nevegal365 srl costituita appena il giorno prima con capitale versato di 10mila euro, ricorda per certi versi la vicenda delle Olimpiadi Milano-Cortina 2026.<\/p>\n<p>Pare, infatti, che delle Olimpiadi invernali 2026 a Cortina, siano rimaste in calendario solo otto gare, ossia quelle che pressappoco tutti gli anni venivano comunque organizzate nella Perla delle Dolomiti, indipendentemente dalle Olimpiadi.<\/p>\n<p>Per il Nevegal, dopo i proclami, le conferenze, i comunicati, dai quali emergeva la gradita notizia che la Nevegal365 srl avrebbe messo sul piatto 100 milioni per il rilancio del Colle con acquisizione e ristrutturazione degli alberghi e molto altro ancora, l\u2019unico dato certo al momento, \u00e8 che non vi \u00e8 stato alcun impegno finanziario; ci riferiamo, ad esempio, per l&#8217;acquisto dell\u2019Hotel Olivier, la cui asta \u00e8 andata deserta, sbugiardando cos\u00ec l\u2019annunciato interesse della Nevegal365 agli alberghi del Colle.<\/p>\n<p>E&#8217; vero che oggi qualcosa si sta muovendo nel Colle, c\u2019\u00e8 il recupero dell\u2019ex stazione di partenza della seggiovia Col di Gou-Monte Faverghera, che diventer\u00e0 un bar ristorante, c&#8217;\u00e8 l&#8217;appalto per la realizzazione del laghetto artificiale che garantir\u00e0 l&#8217;alimentazione ai cannoni per la neve artificiale. Ed \u00e8 certa l\u2019apertura di alcune piste per la stagione 2023\/2024. Ma va detto che, come per Cortina, \u00e8 ci\u00f2 che ci si aspettava ad ogni stagione turistica invernale. Degli annunciati investimenti da 100 milioni di euro non abbiamo pi\u00f9 avuto notizia e tutto tace. E l&#8217;asta deserta dell&#8217;Olivier non depone certo a favore della Nevegal365. Silenzio stampa anche su quel documento di dichiarazione di intenti sottoscritto tra amministrazione comunale e Nevegal365, immortalato da video e immagini fotografiche.<\/p>\n<p>La Nevegal365 srl ha forse cambiato idea? I gestori dei fondi internazionali di investimento che avrebbero dovuto finanziare con 100 milioni di euro il progetto hanno ritenuto l\u2019investimento annunciato non pi\u00f9 conveniente e realizzabile, sganciandosi cos\u00ec dall&#8217;operazione Nevegal? Sarebbe interessante saperlo. Oppure, se il progetto \u00e8 ancora valido potrebbe la Nevegal365 spiegare perch\u00e9 non ha acquistato all\u2019asta l\u2019albergo Olivier ad un prezzo di un quarto della perizia iniziale? E potrebbe precisare se effettivamente il protocollo firmato il 3 agosto \u00e8 ancora valido? Cos\u00ec almeno, chi ha sempre lavorato e continua a lavorare per il Nevegal potr\u00e0 meglio regolarsi sulle azioni future da intraprendere.<\/p>\n<p>E la Regione, la Provincia e l&#8217;amministrazione comunale, che avevano partecipato insieme a quella famosa conferenza stampa del 3 agosto 2023, non hanno nulla da dire su questo assordante silenzio della Nevegal365 srl?<\/p>\n<p>I bellunesi, a questo punto, avrebbero un forte desiderio di conoscere se quel sogno da 100 milioni di rilancio del Colle sia stato solo un sogno, una illusione ottica, oppure se c\u2019\u00e8 un qualcosa che faccia ancora sperare in tal senso.<\/p>\n<p>Roberto De Nart<\/p>","protected":false},"excerpt":{"rendered":"<p>Il maestoso progetto di rilancio del Nevegal, illustrato nella conferenza stampa fiume del 3 agosto 2023 a Palazzo rosso, con la partecipazione dei rappresentanti della societ\u00e0 Nevegal365 srl costituita appena il giorno prima con capitale versato di 10mila euro, ricorda per certi versi la vicenda delle Olimpiadi Milano-Cortina 2026. Pare, infatti, che delle Olimpiadi invernali [&hellip;]<\/p>\n","protected":false},"author":2,"featured_media":146403,"comment_status":"closed","ping_status":"open","sticky":false,"template":"","format":"standard","meta":{"footnotes":""},"categories":[5,3446,26],"tags":[],"class_list":["post-146402","post","type-post","status-publish","format-standard","has-post-thumbnail","category-cronaca","category-featured","category-prima-pagina"],"yoast_head":"<!-- This site is optimized with the Yoast SEO plugin v28.4 - https:\/\/yoast.com\/product\/yoast-seo-wordpress\/ -->\n<title>Sogni di gloria. Nevegal365, se ci sei batti un colpo - Bellunopress - Dolomiti<\/title>\n<meta name=\"robots\" content=\"index, follow, max-snippet:-1, max-image-preview:large, max-video-preview:-1\" \/>\n<link rel=\"canonical\" href=\"https:\/\/www.bellunopress.it\/fr\/2023\/12\/02\/sogni-di-gloria-nevegal365-se-ci-sei-batti-un-colpo\/\" \/>\n<meta property=\"og:locale\" content=\"fr_FR\" \/>\n<meta property=\"og:type\" content=\"article\" \/>\n<meta property=\"og:title\" content=\"Sogni di gloria. Nevegal365, se ci sei batti un colpo - Bellunopress - Dolomiti\" \/>\n<meta property=\"og:description\" content=\"Il maestoso progetto di rilancio del Nevegal, illustrato nella conferenza stampa fiume del 3 agosto 2023 a Palazzo rosso, con la partecipazione dei rappresentanti della societ\u00e0 Nevegal365 srl costituita appena il giorno prima con capitale versato di 10mila euro, ricorda per certi versi la vicenda delle Olimpiadi Milano-Cortina 2026. Pare, infatti, che delle Olimpiadi invernali [&hellip;]\" \/>\n<meta property=\"og:url\" content=\"https:\/\/www.bellunopress.it\/fr\/2023\/12\/02\/sogni-di-gloria-nevegal365-se-ci-sei-batti-un-colpo\/\" \/>\n<meta property=\"og:site_name\" content=\"Bellunopress - Dolomiti\" \/>\n<meta property=\"article:publisher\" content=\"https:\/\/www.facebook.com\/profile.php?id=100008943462799\" \/>\n<meta property=\"article:published_time\" content=\"2023-12-02T21:58:53+00:00\" \/>\n<meta property=\"og:image\" content=\"https:\/\/www.bellunopress.it\/wp-content\/uploads\/2023\/12\/firma-progetto-Nevegal_edited.jpg\" \/>\n\t<meta property=\"og:image:width\" content=\"1000\" \/>\n\t<meta property=\"og:image:height\" content=\"619\" \/>\n\t<meta property=\"og:image:type\" content=\"image\/jpeg\" \/>\n<meta name=\"author\" content=\"redazione\" \/>\n<meta name=\"twitter:card\" content=\"summary_large_image\" \/>\n<meta name=\"twitter:creator\" content=\"@bellunopress\" \/>\n<meta name=\"twitter:site\" content=\"@bellunopress\" \/>\n<meta name=\"twitter:label1\" content=\"Written by\" \/>\n\t<meta name=\"twitter:data1\" content=\"redazione\" \/>\n\t<meta name=\"twitter:label2\" content=\"Est. reading time\" \/>\n\t<meta name=\"twitter:data2\" content=\"2 minutes\" \/>\n<script type=\"application\/ld+json\" class=\"yoast-schema-graph\">{\"@context\":\"https:\\\/\\\/schema.org\",\"@graph\":[{\"@type\":\"Article\",\"@id\":\"https:\\\/\\\/www.bellunopress.it\\\/2023\\\/12\\\/02\\\/sogni-di-gloria-nevegal365-se-ci-sei-batti-un-colpo\\\/#article\",\"isPartOf\":{\"@id\":\"https:\\\/\\\/www.bellunopress.it\\\/2023\\\/12\\\/02\\\/sogni-di-gloria-nevegal365-se-ci-sei-batti-un-colpo\\\/\"},\"author\":{\"name\":\"redazione\",\"@id\":\"https:\\\/\\\/www.bellunopress.it\\\/#\\\/schema\\\/person\\\/79bb06722b37ece1c03d3e94beb30d73\"},\"headline\":\"Sogni di gloria. Nevegal365, se ci sei batti un colpo\",\"datePublished\":\"2023-12-02T21:58:53+00:00\",\"mainEntityOfPage\":{\"@id\":\"https:\\\/\\\/www.bellunopress.it\\\/2023\\\/12\\\/02\\\/sogni-di-gloria-nevegal365-se-ci-sei-batti-un-colpo\\\/\"},\"wordCount\":500,\"publisher\":{\"@id\":\"https:\\\/\\\/www.bellunopress.it\\\/#organization\"},\"image\":{\"@id\":\"https:\\\/\\\/www.bellunopress.it\\\/2023\\\/12\\\/02\\\/sogni-di-gloria-nevegal365-se-ci-sei-batti-un-colpo\\\/#primaryimage\"},\"thumbnailUrl\":\"https:\\\/\\\/www.bellunopress.it\\\/wp-content\\\/uploads\\\/2023\\\/12\\\/firma-progetto-Nevegal_edited.jpg\",\"articleSection\":[\"Cronaca\\\/Politica\",\"Featured\",\"Prima Pagina\"],\"inLanguage\":\"fr-FR\"},{\"@type\":\"WebPage\",\"@id\":\"https:\\\/\\\/www.bellunopress.it\\\/2023\\\/12\\\/02\\\/sogni-di-gloria-nevegal365-se-ci-sei-batti-un-colpo\\\/\",\"url\":\"https:\\\/\\\/www.bellunopress.it\\\/2023\\\/12\\\/02\\\/sogni-di-gloria-nevegal365-se-ci-sei-batti-un-colpo\\\/\",\"name\":\"Sogni di gloria. Nevegal365, se ci sei batti un colpo - Bellunopress - Dolomiti\",\"isPartOf\":{\"@id\":\"https:\\\/\\\/www.bellunopress.it\\\/#website\"},\"primaryImageOfPage\":{\"@id\":\"https:\\\/\\\/www.bellunopress.it\\\/2023\\\/12\\\/02\\\/sogni-di-gloria-nevegal365-se-ci-sei-batti-un-colpo\\\/#primaryimage\"},\"image\":{\"@id\":\"https:\\\/\\\/www.bellunopress.it\\\/2023\\\/12\\\/02\\\/sogni-di-gloria-nevegal365-se-ci-sei-batti-un-colpo\\\/#primaryimage\"},\"thumbnailUrl\":\"https:\\\/\\\/www.bellunopress.it\\\/wp-content\\\/uploads\\\/2023\\\/12\\\/firma-progetto-Nevegal_edited.jpg\",\"datePublished\":\"2023-12-02T21:58:53+00:00\",\"breadcrumb\":{\"@id\":\"https:\\\/\\\/www.bellunopress.it\\\/2023\\\/12\\\/02\\\/sogni-di-gloria-nevegal365-se-ci-sei-batti-un-colpo\\\/#breadcrumb\"},\"inLanguage\":\"fr-FR\",\"potentialAction\":[{\"@type\":\"ReadAction\",\"target\":[\"https:\\\/\\\/www.bellunopress.it\\\/2023\\\/12\\\/02\\\/sogni-di-gloria-nevegal365-se-ci-sei-batti-un-colpo\\\/\"]}]},{\"@type\":\"ImageObject\",\"inLanguage\":\"fr-FR\",\"@id\":\"https:\\\/\\\/www.bellunopress.it\\\/2023\\\/12\\\/02\\\/sogni-di-gloria-nevegal365-se-ci-sei-batti-un-colpo\\\/#primaryimage\",\"url\":\"https:\\\/\\\/www.bellunopress.it\\\/wp-content\\\/uploads\\\/2023\\\/12\\\/firma-progetto-Nevegal_edited.jpg\",\"contentUrl\":\"https:\\\/\\\/www.bellunopress.it\\\/wp-content\\\/uploads\\\/2023\\\/12\\\/firma-progetto-Nevegal_edited.jpg\",\"width\":1000,\"height\":619,\"caption\":\"Il momento della firma del protocollo di intenti. Ivano Viel (socio Nevegal365), Kamel Layachi (amministratore Nevegal 365), Franco Roccon (assessore), Oscar De Pellegrin (sindaco di Belluno)\"},{\"@type\":\"BreadcrumbList\",\"@id\":\"https:\\\/\\\/www.bellunopress.it\\\/2023\\\/12\\\/02\\\/sogni-di-gloria-nevegal365-se-ci-sei-batti-un-colpo\\\/#breadcrumb\",\"itemListElement\":[{\"@type\":\"ListItem\",\"position\":1,\"name\":\"Home\",\"item\":\"https:\\\/\\\/www.bellunopress.it\\\/\"},{\"@type\":\"ListItem\",\"position\":2,\"name\":\"Sogni di gloria. Nevegal365, se ci sei batti un colpo\"}]},{\"@type\":\"WebSite\",\"@id\":\"https:\\\/\\\/www.bellunopress.it\\\/#website\",\"url\":\"https:\\\/\\\/www.bellunopress.it\\\/\",\"name\":\"Bellunopress - Dolomiti\",\"description\":\"e-mail: redazione@bellunopress.it\",\"publisher\":{\"@id\":\"https:\\\/\\\/www.bellunopress.it\\\/#organization\"},\"potentialAction\":[{\"@type\":\"SearchAction\",\"target\":{\"@type\":\"EntryPoint\",\"urlTemplate\":\"https:\\\/\\\/www.bellunopress.it\\\/?s={search_term_string}\"},\"query-input\":{\"@type\":\"PropertyValueSpecification\",\"valueRequired\":true,\"valueName\":\"search_term_string\"}}],\"inLanguage\":\"fr-FR\"},{\"@type\":\"Organization\",\"@id\":\"https:\\\/\\\/www.bellunopress.it\\\/#organization\",\"name\":\"Bellunopress\",\"url\":\"https:\\\/\\\/www.bellunopress.it\\\/\",\"logo\":{\"@type\":\"ImageObject\",\"inLanguage\":\"fr-FR\",\"@id\":\"https:\\\/\\\/www.bellunopress.it\\\/#\\\/schema\\\/logo\\\/image\\\/\",\"url\":\"https:\\\/\\\/www.bellunopress.it\\\/wp-content\\\/uploads\\\/2011\\\/05\\\/cropped-logo-bellunopress-.jpg\",\"contentUrl\":\"https:\\\/\\\/www.bellunopress.it\\\/wp-content\\\/uploads\\\/2011\\\/05\\\/cropped-logo-bellunopress-.jpg\",\"width\":512,\"height\":512,\"caption\":\"Bellunopress\"},\"image\":{\"@id\":\"https:\\\/\\\/www.bellunopress.it\\\/#\\\/schema\\\/logo\\\/image\\\/\"},\"sameAs\":[\"https:\\\/\\\/www.facebook.com\\\/profile.php?id=100008943462799\",\"https:\\\/\\\/x.com\\\/bellunopress\",\"https:\\\/\\\/www.linkedin.com\\\/hp\\\/?dnr=JBzUWaJfMUw8vbXJJ2tVW5-I3jZKvC4wsoxE&amp;amp;amp;amp;amp;amp;trk=nav_responsive_tab_home\",\"https:\\\/\\\/www.youtube.com\\\/channel\\\/UCxL0wu1uN0_3_7hGG0306cw\"]},{\"@type\":\"Person\",\"@id\":\"https:\\\/\\\/www.bellunopress.it\\\/#\\\/schema\\\/person\\\/79bb06722b37ece1c03d3e94beb30d73\",\"name\":\"redazione\",\"image\":{\"@type\":\"ImageObject\",\"inLanguage\":\"fr-FR\",\"@id\":\"https:\\\/\\\/secure.gravatar.com\\\/avatar\\\/37d968a2e67a6fd04c169c4bdef102d0bc5d31b2546345219e348575eb80e9a0?s=96&d=mm&r=g\",\"url\":\"https:\\\/\\\/secure.gravatar.com\\\/avatar\\\/37d968a2e67a6fd04c169c4bdef102d0bc5d31b2546345219e348575eb80e9a0?s=96&d=mm&r=g\",\"contentUrl\":\"https:\\\/\\\/secure.gravatar.com\\\/avatar\\\/37d968a2e67a6fd04c169c4bdef102d0bc5d31b2546345219e348575eb80e9a0?s=96&d=mm&r=g\",\"caption\":\"redazione\"},\"sameAs\":[\"http:\\\/\\\/www.bellunopress.it\",\"https:\\\/\\\/x.com\\\/bellunopress\"],\"url\":\"https:\\\/\\\/www.bellunopress.it\\\/fr\\\/author\\\/redazione\\\/\"}]}<\/script>\n<!-- \/ Yoast SEO plugin. -->","yoast_head_json":{"title":"Sogni di gloria. Nevegal365, se ci sei batti un colpo - Bellunopress - Dolomiti","robots":{"index":"index","follow":"follow","max-snippet":"max-snippet:-1","max-image-preview":"max-image-preview:large","max-video-preview":"max-video-preview:-1"},"canonical":"https:\/\/www.bellunopress.it\/fr\/2023\/12\/02\/sogni-di-gloria-nevegal365-se-ci-sei-batti-un-colpo\/","og_locale":"fr_FR","og_type":"article","og_title":"Sogni di gloria. Nevegal365, se ci sei batti un colpo - Bellunopress - Dolomiti","og_description":"Il maestoso progetto di rilancio del Nevegal, illustrato nella conferenza stampa fiume del 3 agosto 2023 a Palazzo rosso, con la partecipazione dei rappresentanti della societ\u00e0 Nevegal365 srl costituita appena il giorno prima con capitale versato di 10mila euro, ricorda per certi versi la vicenda delle Olimpiadi Milano-Cortina 2026. Pare, infatti, che delle Olimpiadi invernali [&hellip;]","og_url":"https:\/\/www.bellunopress.it\/fr\/2023\/12\/02\/sogni-di-gloria-nevegal365-se-ci-sei-batti-un-colpo\/","og_site_name":"Bellunopress - Dolomiti","article_publisher":"https:\/\/www.facebook.com\/profile.php?id=100008943462799","article_published_time":"2023-12-02T21:58:53+00:00","og_image":[{"width":1000,"height":619,"url":"https:\/\/www.bellunopress.it\/wp-content\/uploads\/2023\/12\/firma-progetto-Nevegal_edited.jpg","type":"image\/jpeg"}],"author":"redazione","twitter_card":"summary_large_image","twitter_creator":"@bellunopress","twitter_site":"@bellunopress","twitter_misc":{"Written by":"redazione","Est. reading time":"2 minutes"},"schema":{"@context":"https:\/\/schema.org","@graph":[{"@type":"Article","@id":"https:\/\/www.bellunopress.it\/2023\/12\/02\/sogni-di-gloria-nevegal365-se-ci-sei-batti-un-colpo\/#article","isPartOf":{"@id":"https:\/\/www.bellunopress.it\/2023\/12\/02\/sogni-di-gloria-nevegal365-se-ci-sei-batti-un-colpo\/"},"author":{"name":"redazione","@id":"https:\/\/www.bellunopress.it\/#\/schema\/person\/79bb06722b37ece1c03d3e94beb30d73"},"headline":"Sogni di gloria. Nevegal365, se ci sei batti un colpo","datePublished":"2023-12-02T21:58:53+00:00","mainEntityOfPage":{"@id":"https:\/\/www.bellunopress.it\/2023\/12\/02\/sogni-di-gloria-nevegal365-se-ci-sei-batti-un-colpo\/"},"wordCount":500,"publisher":{"@id":"https:\/\/www.bellunopress.it\/#organization"},"image":{"@id":"https:\/\/www.bellunopress.it\/2023\/12\/02\/sogni-di-gloria-nevegal365-se-ci-sei-batti-un-colpo\/#primaryimage"},"thumbnailUrl":"https:\/\/www.bellunopress.it\/wp-content\/uploads\/2023\/12\/firma-progetto-Nevegal_edited.jpg","articleSection":["Cronaca\/Politica","Featured","Prima Pagina"],"inLanguage":"fr-FR"},{"@type":"WebPage","@id":"https:\/\/www.bellunopress.it\/2023\/12\/02\/sogni-di-gloria-nevegal365-se-ci-sei-batti-un-colpo\/","url":"https:\/\/www.bellunopress.it\/2023\/12\/02\/sogni-di-gloria-nevegal365-se-ci-sei-batti-un-colpo\/","name":"Sogni di gloria. Nevegal365, se ci sei batti un colpo - Bellunopress - Dolomiti","isPartOf":{"@id":"https:\/\/www.bellunopress.it\/#website"},"primaryImageOfPage":{"@id":"https:\/\/www.bellunopress.it\/2023\/12\/02\/sogni-di-gloria-nevegal365-se-ci-sei-batti-un-colpo\/#primaryimage"},"image":{"@id":"https:\/\/www.bellunopress.it\/2023\/12\/02\/sogni-di-gloria-nevegal365-se-ci-sei-batti-un-colpo\/#primaryimage"},"thumbnailUrl":"https:\/\/www.bellunopress.it\/wp-content\/uploads\/2023\/12\/firma-progetto-Nevegal_edited.jpg","datePublished":"2023-12-02T21:58:53+00:00","breadcrumb":{"@id":"https:\/\/www.bellunopress.it\/2023\/12\/02\/sogni-di-gloria-nevegal365-se-ci-sei-batti-un-colpo\/#breadcrumb"},"inLanguage":"fr-FR","potentialAction":[{"@type":"ReadAction","target":["https:\/\/www.bellunopress.it\/2023\/12\/02\/sogni-di-gloria-nevegal365-se-ci-sei-batti-un-colpo\/"]}]},{"@type":"ImageObject","inLanguage":"fr-FR","@id":"https:\/\/www.bellunopress.it\/2023\/12\/02\/sogni-di-gloria-nevegal365-se-ci-sei-batti-un-colpo\/#primaryimage","url":"https:\/\/www.bellunopress.it\/wp-content\/uploads\/2023\/12\/firma-progetto-Nevegal_edited.jpg","contentUrl":"https:\/\/www.bellunopress.it\/wp-content\/uploads\/2023\/12\/firma-progetto-Nevegal_edited.jpg","width":1000,"height":619,"caption":"Il momento della firma del protocollo di intenti. Ivano Viel (socio Nevegal365), Kamel Layachi (amministratore Nevegal 365), Franco Roccon (assessore), Oscar De Pellegrin (sindaco di Belluno)"},{"@type":"BreadcrumbList","@id":"https:\/\/www.bellunopress.it\/2023\/12\/02\/sogni-di-gloria-nevegal365-se-ci-sei-batti-un-colpo\/#breadcrumb","itemListElement":[{"@type":"ListItem","position":1,"name":"Home","item":"https:\/\/www.bellunopress.it\/"},{"@type":"ListItem","position":2,"name":"Sogni di gloria. Nevegal365, se ci sei batti un colpo"}]},{"@type":"WebSite","@id":"https:\/\/www.bellunopress.it\/#website","url":"https:\/\/www.bellunopress.it\/","name":"Bellunopress - Dolomiti","description":"e-mail: redazione@bellunopress.it","publisher":{"@id":"https:\/\/www.bellunopress.it\/#organization"},"potentialAction":[{"@type":"SearchAction","target":{"@type":"EntryPoint","urlTemplate":"https:\/\/www.bellunopress.it\/?s={search_term_string}"},"query-input":{"@type":"PropertyValueSpecification","valueRequired":true,"valueName":"search_term_string"}}],"inLanguage":"fr-FR"},{"@type":"Organization","@id":"https:\/\/www.bellunopress.it\/#organization","name":"Bellunopress","url":"https:\/\/www.bellunopress.it\/","logo":{"@type":"ImageObject","inLanguage":"fr-FR","@id":"https:\/\/www.bellunopress.it\/#\/schema\/logo\/image\/","url":"https:\/\/www.bellunopress.it\/wp-content\/uploads\/2011\/05\/cropped-logo-bellunopress-.jpg","contentUrl":"https:\/\/www.bellunopress.it\/wp-content\/uploads\/2011\/05\/cropped-logo-bellunopress-.jpg","width":512,"height":512,"caption":"Bellunopress"},"image":{"@id":"https:\/\/www.bellunopress.it\/#\/schema\/logo\/image\/"},"sameAs":["https:\/\/www.facebook.com\/profile.php?id=100008943462799","https:\/\/x.com\/bellunopress","https:\/\/www.linkedin.com\/hp\/?dnr=JBzUWaJfMUw8vbXJJ2tVW5-I3jZKvC4wsoxE&amp;amp;amp;amp;amp;amp;trk=nav_responsive_tab_home","https:\/\/www.youtube.com\/channel\/UCxL0wu1uN0_3_7hGG0306cw"]},{"@type":"Person","@id":"https:\/\/www.bellunopress.it\/#\/schema\/person\/79bb06722b37ece1c03d3e94beb30d73","name":"r\u00e9daction","image":{"@type":"ImageObject","inLanguage":"fr-FR","@id":"https:\/\/secure.gravatar.com\/avatar\/37d968a2e67a6fd04c169c4bdef102d0bc5d31b2546345219e348575eb80e9a0?s=96&d=mm&r=g","url":"https:\/\/secure.gravatar.com\/avatar\/37d968a2e67a6fd04c169c4bdef102d0bc5d31b2546345219e348575eb80e9a0?s=96&d=mm&r=g","contentUrl":"https:\/\/secure.gravatar.com\/avatar\/37d968a2e67a6fd04c169c4bdef102d0bc5d31b2546345219e348575eb80e9a0?s=96&d=mm&r=g","caption":"redazione"},"sameAs":["http:\/\/www.bellunopress.it","https:\/\/x.com\/bellunopress"],"url":"https:\/\/www.bellunopress.it\/fr\/author\/redazione\/"}]}},"_links":{"self":[{"href":"https:\/\/www.bellunopress.it\/fr\/wp-json\/wp\/v2\/posts\/146402","targetHints":{"allow":["GET"]}}],"collection":[{"href":"https:\/\/www.bellunopress.it\/fr\/wp-json\/wp\/v2\/posts"}],"about":[{"href":"https:\/\/www.bellunopress.it\/fr\/wp-json\/wp\/v2\/types\/post"}],"author":[{"embeddable":true,"href":"https:\/\/www.bellunopress.it\/fr\/wp-json\/wp\/v2\/users\/2"}],"replies":[{"embeddable":true,"href":"https:\/\/www.bellunopress.it\/fr\/wp-json\/wp\/v2\/comments?post=146402"}],"version-history":[{"count":1,"href":"https:\/\/www.bellunopress.it\/fr\/wp-json\/wp\/v2\/posts\/146402\/revisions"}],"predecessor-version":[{"id":146404,"href":"https:\/\/www.bellunopress.it\/fr\/wp-json\/wp\/v2\/posts\/146402\/revisions\/146404"}],"wp:featuredmedia":[{"embeddable":true,"href":"https:\/\/www.bellunopress.it\/fr\/wp-json\/wp\/v2\/media\/146403"}],"wp:attachment":[{"href":"https:\/\/www.bellunopress.it\/fr\/wp-json\/wp\/v2\/media?parent=146402"}],"wp:term":[{"taxonomy":"category","embeddable":true,"href":"https:\/\/www.bellunopress.it\/fr\/wp-json\/wp\/v2\/categories?post=146402"},{"taxonomy":"post_tag","embeddable":true,"href":"https:\/\/www.bellunopress.it\/fr\/wp-json\/wp\/v2\/tags?post=146402"}],"curies":[{"name":"wp","href":"https:\/\/api.w.org\/{rel}","templated":true}]}}