{"id":146391,"date":"2023-12-02T16:14:38","date_gmt":"2023-12-02T15:14:38","guid":{"rendered":"https:\/\/www.bellunopress.it\/?p=146391"},"modified":"2023-12-02T20:50:59","modified_gmt":"2023-12-02T19:50:59","slug":"congresso-provinciale-fratelli-ditalia-belluno-nuova-coordinatrice-silvia-calligaro","status":"publish","type":"post","link":"https:\/\/www.bellunopress.it\/fr\/2023\/12\/02\/congresso-provinciale-fratelli-ditalia-belluno-nuova-coordinatrice-silvia-calligaro\/","title":{"rendered":"Congresso provinciale Fratelli d&#8217;Italia Belluno, nuova coordinatrice Silvia Calligaro. Gli eletti"},"content":{"rendered":"<figure id=\"attachment_146392\" aria-describedby=\"caption-attachment-146392\" style=\"width: 980px\" class=\"wp-caption alignleft\"><img loading=\"lazy\" decoding=\"async\" class=\"size-full wp-image-146392\" src=\"https:\/\/www.bellunopress.it\/wp-content\/uploads\/2023\/12\/Silvia-Calligaro-coordinatrice-prov-Fratelli-dItalia.jpg\" alt=\"\" width=\"980\" height=\"1000\" srcset=\"https:\/\/www.bellunopress.it\/wp-content\/uploads\/2023\/12\/Silvia-Calligaro-coordinatrice-prov-Fratelli-dItalia.jpg 980w, https:\/\/www.bellunopress.it\/wp-content\/uploads\/2023\/12\/Silvia-Calligaro-coordinatrice-prov-Fratelli-dItalia-490x500.jpg 490w, https:\/\/www.bellunopress.it\/wp-content\/uploads\/2023\/12\/Silvia-Calligaro-coordinatrice-prov-Fratelli-dItalia-696x710.jpg 696w\" sizes=\"auto, (max-width: 980px) 100vw, 980px\" \/><figcaption id=\"caption-attachment-146392\" class=\"wp-caption-text\">Silvia Calligaro, coordinatrice provinciale Fratelli d&#8217;Italia<\/figcaption><\/figure>\n<p>Belluno, 2 dicembre 2023 &#8211; \u00c8 Silvia Calligaro il nuovo coordinatore della provincia di Belluno di Fratelli d&#8217;Italia; l&#8217;elezione \u2013 che ha visto Calligaro impegnata come candidata unitaria \u2013 nel pomeriggio di oggi, al termine dell&#8217;assemblea che si \u00e8 tenuta nella sala convegni dell&#8217;Hotel Carpenada nel capoluogo. Un&#8217;assemblea molto partecipata, che ha visto interventi dei rappresentanti delle categorie economiche, delle associazioni di categoria, delle istituzioni e dei partiti del territorio: tanti i temi messi sul tavolo, da quelli infrastrutturali a quelli ambientali, senza trascurare ovviamente quelli politici \u2013 dall&#8217;elettivit\u00e0 della Provincia all&#8217;unit\u00e0 del centrodestra. A tirare il bilancio dei lavori, il senatore e coordinatore veneto di Fratelli d&#8217;Italia, Luca De Carlo: &#8220;\u00c8 stato un grande momento di confronto,che ci ha permesso anche di disegnare il futuro. Noi non abbiamo paura del confronto, e questo la gente ce lo riconosce, cos\u00ec come apprezza la nostra coerenza. \u00c8 stato importante avere qui tante realt\u00e0 economiche e politiche, venute a parlare ma anche ad ascoltare le nostre idee e proposte; Fratelli d&#8217;Italia crede nella montagna, tanto che ha portato un sindaco di montagna come me prima alla Camera e poi al Senato, e ora vede un sindaco di montagna come Silvia Calligaro alla guida provinciale del partito&#8221;.<\/p>\n<p>Proprio sull&#8217;elezione di Calligaro De Carlo spendo un&#8217;ulteriore riflessione: &#8220;Va innanzitutto ringraziato Filippo Osnato per il lavoro svolto in tutti questi anni, un&#8217;opera che ha portato un bellunese su tre a votare per noi e che ha permesso al Bellunese di avere un parlamentare di destra. Il compito ora passa a Silvia, che con la stessa determinazione porter\u00e0 avanti le nostre idee e istanze&#8221;.<\/p>\n<p>Silvia Calligaro, 36 anni, avvocato, sindaco di Vigo di Cadore, si \u00e8 presentata all&#8217;assemblea come candidato unitario; chiare le priorit\u00e0 del suo mandato: &#8220;\u00c8 una giornata importantissima, non solo a livello personale ma per tutto il nostro partito: ci attendono grandi sfide, dalle elezioni europee alle amministrative, senza dimenticare il rinnovo del consiglio e della presidenza dell&#8217;ente Provincia dove \u2013 anche con un ente ancora di secondo livello \u2013 possiamo e dobbiamo fare la differenza&#8221; Calligaro succede a Filippo Osnato, che in questi anni ha partecipato alla crescita del partito: &#8220;Ricordo che agli inizi non eravamo nemmeno i classici &#8220;quattro amici al bar&#8221;, oggi siamo un partito che conta quasi 400 iscritti in provincia. C&#8217;era molta diffidenza e ironia nei nostri confronti, ma siamo riusciti a crescere dapprima lentamente, poi con sempre maggior velocit\u00e0 tanto che siamo la provincia con la percentuale di consensi pi\u00f9 alta d&#8217;Italia; in questi anni abbiamo fatto crescere un&#8217;importante classe dirigente che pu\u00f2 contare su un senatore \u2013 unico rappresentante del Bellunese in Parlamento -, tanti sindaci, assessori e consiglieri in tantissimi comuni, comprese Belluno e Feltre. Quarant&#8217;anni fa c&#8217;era una canzone che diceva &#8220;il domani appartiene a noi&#8221;: noi abbiamo impiegato quarant&#8217;anni per vedere realizzati i nostri obbiettivi, ai giovani dico che le tante sfide che si trovano davanti oggi possono essere affrontate e superate con l&#8217;impegno, il lavoro e la coerenza&#8221;. Nel corso dell&#8217;assemblea, presieduta dal senatore Raoul Russo, sono intervenuti i sindaci di Belluno e di Feltre, Oscar De Pellegrin e Viviana Fusaro; il presidente di ICE, Matteo Zoppas; la presidente di Confindustria Belluno Dolomiti, Lorraine Berton; il presidente di Appia CNA Belluno, Massimo Sposato; il presidente di Confcommercio Belluno, Paolo Doglioni; il presidente di FIAIP Belluno, Giuliano Dal Magro; il direttore di Confartigianato Imprese Belluno, Michele Basso; la presidente di Coldiretti Belluno, Chiara Bortolas; il presidente di Confagricoltura Belluno, Diego Donazzolo. Sul fronte politico, spazio ad Alessandro Del Bianco, segretario provinciale del Partito Democratico, all&#8217;omologo della Lega e sindaco di Rocca Pietore Andrea De Bernardin, il presidente provinciale di Azione Andrea De Bortoli e all&#8217;onorevole Martina Semenzato. Infine, gli interventi dei rappresentanti nazionali, regionali e comunali di Fratelli d&#8217;Italia: l&#8217;onorevole Marina Marchetto Aliprandi, il senatore Raffaele Speranzon, i consiglieri regionali Lucas Pavanetto e Joe Formaggio, i sindaci di Perarolo di Cadore e di Alano di Piave Pierluigi Svaluto Ferro e Serenella Bogana, il presidente del Circolo Fratelli d&#8217;Italia Feltre Andrea Stella, gli assessori del Comune di Belluno Monica Mazzoccoli \u2013 moderatrice dell&#8217;assemblea \u2013 e Raffaele Addamiano, il capogruppo in consiglio comunale a Palazzo Rosso Alessandro Farina, oltre ai consiglieri comunali di Belluno e di Feltre.<\/p>\n<p>&nbsp;<\/p>\n<p><strong>Risultati Congresso provinciale Fratelli d&#8217;Italia Belluno<\/strong><\/p>\n<p>L&#8217;affluenza finale \u00e8 stata di poco superiore al 48% (184 voti validi su 383 aventi diritto). I tesserati bellunesi di Fratelli d&#8217;Italia, oltre al nuovo coordinatore provinciale, hanno votato anche per il rinnovo del consiglio direttivo: sono stati cos\u00ec eletti Dario Bond, Valentina Dalla Cort, Valentino Frescura, Massimo Della Vecchia, Katty Bavaresco, Milena De Zanet, Luca Fanton, Oberdan Bona e Umberto Bozzao. A questi si aggiungeranno i cinque componenti che verranno nominati direttamente dal neo-coordinatore.<br \/>\n&#8220;Un risultato importante dal punto di vista dell&#8217;affluenza, &#8211; il commento ad urne chiuse del coordinatore regionale Luca De Carlo &#8211; difficilmente riscontrabile in occasione di congressi unitari come questo. \u00c8 il segno dell&#8217;affezione dei nostri tesserati al partito, dimostrato anche dai risultati elettorali che ci vedono sempre tra le prime province a livello nazionale&#8221;.<\/p>","protected":false},"excerpt":{"rendered":"<p>Belluno, 2 dicembre 2023 &#8211; \u00c8 Silvia Calligaro il nuovo coordinatore della provincia di Belluno di Fratelli d&#8217;Italia; l&#8217;elezione \u2013 che ha visto Calligaro impegnata come candidata unitaria \u2013 nel pomeriggio di oggi, al termine dell&#8217;assemblea che si \u00e8 tenuta nella sala convegni dell&#8217;Hotel Carpenada nel capoluogo. Un&#8217;assemblea molto partecipata, che ha visto interventi dei [&hellip;]<\/p>\n","protected":false},"author":2,"featured_media":146392,"comment_status":"closed","ping_status":"open","sticky":false,"template":"","format":"standard","meta":{"footnotes":""},"categories":[5,26],"tags":[],"class_list":["post-146391","post","type-post","status-publish","format-standard","has-post-thumbnail","category-cronaca","category-prima-pagina"],"yoast_head":"<!-- This site is optimized with the Yoast SEO plugin v28.4 - https:\/\/yoast.com\/product\/yoast-seo-wordpress\/ -->\n<title>Congresso provinciale Fratelli d&#039;Italia Belluno, nuova coordinatrice Silvia Calligaro. Gli eletti - Bellunopress - Dolomiti<\/title>\n<meta name=\"robots\" content=\"index, follow, max-snippet:-1, max-image-preview:large, max-video-preview:-1\" \/>\n<link rel=\"canonical\" href=\"https:\/\/www.bellunopress.it\/fr\/2023\/12\/02\/congresso-provinciale-fratelli-ditalia-belluno-nuova-coordinatrice-silvia-calligaro\/\" \/>\n<meta property=\"og:locale\" content=\"fr_FR\" \/>\n<meta property=\"og:type\" content=\"article\" \/>\n<meta property=\"og:title\" content=\"Congresso provinciale Fratelli d&#039;Italia Belluno, nuova coordinatrice Silvia Calligaro. Gli eletti - Bellunopress - Dolomiti\" \/>\n<meta property=\"og:description\" content=\"Belluno, 2 dicembre 2023 &#8211; \u00c8 Silvia Calligaro il nuovo coordinatore della provincia di Belluno di Fratelli d&#8217;Italia; l&#8217;elezione \u2013 che ha visto Calligaro impegnata come candidata unitaria \u2013 nel pomeriggio di oggi, al termine dell&#8217;assemblea che si \u00e8 tenuta nella sala convegni dell&#8217;Hotel Carpenada nel capoluogo. Un&#8217;assemblea molto partecipata, che ha visto interventi dei [&hellip;]\" \/>\n<meta property=\"og:url\" content=\"https:\/\/www.bellunopress.it\/fr\/2023\/12\/02\/congresso-provinciale-fratelli-ditalia-belluno-nuova-coordinatrice-silvia-calligaro\/\" \/>\n<meta property=\"og:site_name\" content=\"Bellunopress - Dolomiti\" \/>\n<meta property=\"article:publisher\" content=\"https:\/\/www.facebook.com\/profile.php?id=100008943462799\" \/>\n<meta property=\"article:published_time\" content=\"2023-12-02T15:14:38+00:00\" \/>\n<meta property=\"article:modified_time\" content=\"2023-12-02T19:50:59+00:00\" \/>\n<meta property=\"og:image\" content=\"https:\/\/www.bellunopress.it\/wp-content\/uploads\/2023\/12\/Silvia-Calligaro-coordinatrice-prov-Fratelli-dItalia.jpg\" \/>\n\t<meta property=\"og:image:width\" content=\"980\" \/>\n\t<meta property=\"og:image:height\" content=\"1000\" \/>\n\t<meta property=\"og:image:type\" content=\"image\/jpeg\" \/>\n<meta name=\"author\" content=\"redazione\" \/>\n<meta name=\"twitter:card\" content=\"summary_large_image\" \/>\n<meta name=\"twitter:creator\" content=\"@bellunopress\" \/>\n<meta name=\"twitter:site\" content=\"@bellunopress\" \/>\n<meta name=\"twitter:label1\" content=\"Written by\" \/>\n\t<meta name=\"twitter:data1\" content=\"redazione\" \/>\n\t<meta name=\"twitter:label2\" content=\"Est. reading time\" \/>\n\t<meta name=\"twitter:data2\" content=\"4 minutes\" \/>\n<script type=\"application\/ld+json\" class=\"yoast-schema-graph\">{\"@context\":\"https:\\\/\\\/schema.org\",\"@graph\":[{\"@type\":\"Article\",\"@id\":\"https:\\\/\\\/www.bellunopress.it\\\/2023\\\/12\\\/02\\\/congresso-provinciale-fratelli-ditalia-belluno-nuova-coordinatrice-silvia-calligaro\\\/#article\",\"isPartOf\":{\"@id\":\"https:\\\/\\\/www.bellunopress.it\\\/2023\\\/12\\\/02\\\/congresso-provinciale-fratelli-ditalia-belluno-nuova-coordinatrice-silvia-calligaro\\\/\"},\"author\":{\"name\":\"redazione\",\"@id\":\"https:\\\/\\\/www.bellunopress.it\\\/#\\\/schema\\\/person\\\/79bb06722b37ece1c03d3e94beb30d73\"},\"headline\":\"Congresso provinciale Fratelli d&#8217;Italia Belluno, nuova coordinatrice Silvia Calligaro. Gli eletti\",\"datePublished\":\"2023-12-02T15:14:38+00:00\",\"dateModified\":\"2023-12-02T19:50:59+00:00\",\"mainEntityOfPage\":{\"@id\":\"https:\\\/\\\/www.bellunopress.it\\\/2023\\\/12\\\/02\\\/congresso-provinciale-fratelli-ditalia-belluno-nuova-coordinatrice-silvia-calligaro\\\/\"},\"wordCount\":876,\"publisher\":{\"@id\":\"https:\\\/\\\/www.bellunopress.it\\\/#organization\"},\"image\":{\"@id\":\"https:\\\/\\\/www.bellunopress.it\\\/2023\\\/12\\\/02\\\/congresso-provinciale-fratelli-ditalia-belluno-nuova-coordinatrice-silvia-calligaro\\\/#primaryimage\"},\"thumbnailUrl\":\"https:\\\/\\\/www.bellunopress.it\\\/wp-content\\\/uploads\\\/2023\\\/12\\\/Silvia-Calligaro-coordinatrice-prov-Fratelli-dItalia.jpg\",\"articleSection\":[\"Cronaca\\\/Politica\",\"Prima Pagina\"],\"inLanguage\":\"fr-FR\"},{\"@type\":\"WebPage\",\"@id\":\"https:\\\/\\\/www.bellunopress.it\\\/2023\\\/12\\\/02\\\/congresso-provinciale-fratelli-ditalia-belluno-nuova-coordinatrice-silvia-calligaro\\\/\",\"url\":\"https:\\\/\\\/www.bellunopress.it\\\/2023\\\/12\\\/02\\\/congresso-provinciale-fratelli-ditalia-belluno-nuova-coordinatrice-silvia-calligaro\\\/\",\"name\":\"Congresso provinciale Fratelli d'Italia Belluno, nuova coordinatrice Silvia Calligaro. Gli eletti - Bellunopress - Dolomiti\",\"isPartOf\":{\"@id\":\"https:\\\/\\\/www.bellunopress.it\\\/#website\"},\"primaryImageOfPage\":{\"@id\":\"https:\\\/\\\/www.bellunopress.it\\\/2023\\\/12\\\/02\\\/congresso-provinciale-fratelli-ditalia-belluno-nuova-coordinatrice-silvia-calligaro\\\/#primaryimage\"},\"image\":{\"@id\":\"https:\\\/\\\/www.bellunopress.it\\\/2023\\\/12\\\/02\\\/congresso-provinciale-fratelli-ditalia-belluno-nuova-coordinatrice-silvia-calligaro\\\/#primaryimage\"},\"thumbnailUrl\":\"https:\\\/\\\/www.bellunopress.it\\\/wp-content\\\/uploads\\\/2023\\\/12\\\/Silvia-Calligaro-coordinatrice-prov-Fratelli-dItalia.jpg\",\"datePublished\":\"2023-12-02T15:14:38+00:00\",\"dateModified\":\"2023-12-02T19:50:59+00:00\",\"breadcrumb\":{\"@id\":\"https:\\\/\\\/www.bellunopress.it\\\/2023\\\/12\\\/02\\\/congresso-provinciale-fratelli-ditalia-belluno-nuova-coordinatrice-silvia-calligaro\\\/#breadcrumb\"},\"inLanguage\":\"fr-FR\",\"potentialAction\":[{\"@type\":\"ReadAction\",\"target\":[\"https:\\\/\\\/www.bellunopress.it\\\/2023\\\/12\\\/02\\\/congresso-provinciale-fratelli-ditalia-belluno-nuova-coordinatrice-silvia-calligaro\\\/\"]}]},{\"@type\":\"ImageObject\",\"inLanguage\":\"fr-FR\",\"@id\":\"https:\\\/\\\/www.bellunopress.it\\\/2023\\\/12\\\/02\\\/congresso-provinciale-fratelli-ditalia-belluno-nuova-coordinatrice-silvia-calligaro\\\/#primaryimage\",\"url\":\"https:\\\/\\\/www.bellunopress.it\\\/wp-content\\\/uploads\\\/2023\\\/12\\\/Silvia-Calligaro-coordinatrice-prov-Fratelli-dItalia.jpg\",\"contentUrl\":\"https:\\\/\\\/www.bellunopress.it\\\/wp-content\\\/uploads\\\/2023\\\/12\\\/Silvia-Calligaro-coordinatrice-prov-Fratelli-dItalia.jpg\",\"width\":980,\"height\":1000,\"caption\":\"Silvia Calligaro, consigliere regionale\"},{\"@type\":\"BreadcrumbList\",\"@id\":\"https:\\\/\\\/www.bellunopress.it\\\/2023\\\/12\\\/02\\\/congresso-provinciale-fratelli-ditalia-belluno-nuova-coordinatrice-silvia-calligaro\\\/#breadcrumb\",\"itemListElement\":[{\"@type\":\"ListItem\",\"position\":1,\"name\":\"Home\",\"item\":\"https:\\\/\\\/www.bellunopress.it\\\/\"},{\"@type\":\"ListItem\",\"position\":2,\"name\":\"Congresso provinciale Fratelli d&#8217;Italia Belluno, nuova coordinatrice Silvia Calligaro. Gli eletti\"}]},{\"@type\":\"WebSite\",\"@id\":\"https:\\\/\\\/www.bellunopress.it\\\/#website\",\"url\":\"https:\\\/\\\/www.bellunopress.it\\\/\",\"name\":\"Bellunopress - Dolomiti\",\"description\":\"e-mail: redazione@bellunopress.it\",\"publisher\":{\"@id\":\"https:\\\/\\\/www.bellunopress.it\\\/#organization\"},\"potentialAction\":[{\"@type\":\"SearchAction\",\"target\":{\"@type\":\"EntryPoint\",\"urlTemplate\":\"https:\\\/\\\/www.bellunopress.it\\\/?s={search_term_string}\"},\"query-input\":{\"@type\":\"PropertyValueSpecification\",\"valueRequired\":true,\"valueName\":\"search_term_string\"}}],\"inLanguage\":\"fr-FR\"},{\"@type\":\"Organization\",\"@id\":\"https:\\\/\\\/www.bellunopress.it\\\/#organization\",\"name\":\"Bellunopress\",\"url\":\"https:\\\/\\\/www.bellunopress.it\\\/\",\"logo\":{\"@type\":\"ImageObject\",\"inLanguage\":\"fr-FR\",\"@id\":\"https:\\\/\\\/www.bellunopress.it\\\/#\\\/schema\\\/logo\\\/image\\\/\",\"url\":\"https:\\\/\\\/www.bellunopress.it\\\/wp-content\\\/uploads\\\/2011\\\/05\\\/cropped-logo-bellunopress-.jpg\",\"contentUrl\":\"https:\\\/\\\/www.bellunopress.it\\\/wp-content\\\/uploads\\\/2011\\\/05\\\/cropped-logo-bellunopress-.jpg\",\"width\":512,\"height\":512,\"caption\":\"Bellunopress\"},\"image\":{\"@id\":\"https:\\\/\\\/www.bellunopress.it\\\/#\\\/schema\\\/logo\\\/image\\\/\"},\"sameAs\":[\"https:\\\/\\\/www.facebook.com\\\/profile.php?id=100008943462799\",\"https:\\\/\\\/x.com\\\/bellunopress\",\"https:\\\/\\\/www.linkedin.com\\\/hp\\\/?dnr=JBzUWaJfMUw8vbXJJ2tVW5-I3jZKvC4wsoxE&amp;amp;amp;amp;amp;amp;trk=nav_responsive_tab_home\",\"https:\\\/\\\/www.youtube.com\\\/channel\\\/UCxL0wu1uN0_3_7hGG0306cw\"]},{\"@type\":\"Person\",\"@id\":\"https:\\\/\\\/www.bellunopress.it\\\/#\\\/schema\\\/person\\\/79bb06722b37ece1c03d3e94beb30d73\",\"name\":\"redazione\",\"image\":{\"@type\":\"ImageObject\",\"inLanguage\":\"fr-FR\",\"@id\":\"https:\\\/\\\/secure.gravatar.com\\\/avatar\\\/37d968a2e67a6fd04c169c4bdef102d0bc5d31b2546345219e348575eb80e9a0?s=96&d=mm&r=g\",\"url\":\"https:\\\/\\\/secure.gravatar.com\\\/avatar\\\/37d968a2e67a6fd04c169c4bdef102d0bc5d31b2546345219e348575eb80e9a0?s=96&d=mm&r=g\",\"contentUrl\":\"https:\\\/\\\/secure.gravatar.com\\\/avatar\\\/37d968a2e67a6fd04c169c4bdef102d0bc5d31b2546345219e348575eb80e9a0?s=96&d=mm&r=g\",\"caption\":\"redazione\"},\"sameAs\":[\"http:\\\/\\\/www.bellunopress.it\",\"https:\\\/\\\/x.com\\\/bellunopress\"],\"url\":\"https:\\\/\\\/www.bellunopress.it\\\/fr\\\/author\\\/redazione\\\/\"}]}<\/script>\n<!-- \/ Yoast SEO plugin. -->","yoast_head_json":{"title":"Congresso provinciale Fratelli d'Italia Belluno, nuova coordinatrice Silvia Calligaro. Gli eletti - Bellunopress - Dolomiti","robots":{"index":"index","follow":"follow","max-snippet":"max-snippet:-1","max-image-preview":"max-image-preview:large","max-video-preview":"max-video-preview:-1"},"canonical":"https:\/\/www.bellunopress.it\/fr\/2023\/12\/02\/congresso-provinciale-fratelli-ditalia-belluno-nuova-coordinatrice-silvia-calligaro\/","og_locale":"fr_FR","og_type":"article","og_title":"Congresso provinciale Fratelli d'Italia Belluno, nuova coordinatrice Silvia Calligaro. Gli eletti - Bellunopress - Dolomiti","og_description":"Belluno, 2 dicembre 2023 &#8211; \u00c8 Silvia Calligaro il nuovo coordinatore della provincia di Belluno di Fratelli d&#8217;Italia; l&#8217;elezione \u2013 che ha visto Calligaro impegnata come candidata unitaria \u2013 nel pomeriggio di oggi, al termine dell&#8217;assemblea che si \u00e8 tenuta nella sala convegni dell&#8217;Hotel Carpenada nel capoluogo. Un&#8217;assemblea molto partecipata, che ha visto interventi dei [&hellip;]","og_url":"https:\/\/www.bellunopress.it\/fr\/2023\/12\/02\/congresso-provinciale-fratelli-ditalia-belluno-nuova-coordinatrice-silvia-calligaro\/","og_site_name":"Bellunopress - Dolomiti","article_publisher":"https:\/\/www.facebook.com\/profile.php?id=100008943462799","article_published_time":"2023-12-02T15:14:38+00:00","article_modified_time":"2023-12-02T19:50:59+00:00","og_image":[{"width":980,"height":1000,"url":"https:\/\/www.bellunopress.it\/wp-content\/uploads\/2023\/12\/Silvia-Calligaro-coordinatrice-prov-Fratelli-dItalia.jpg","type":"image\/jpeg"}],"author":"redazione","twitter_card":"summary_large_image","twitter_creator":"@bellunopress","twitter_site":"@bellunopress","twitter_misc":{"Written by":"redazione","Est. reading time":"4 minutes"},"schema":{"@context":"https:\/\/schema.org","@graph":[{"@type":"Article","@id":"https:\/\/www.bellunopress.it\/2023\/12\/02\/congresso-provinciale-fratelli-ditalia-belluno-nuova-coordinatrice-silvia-calligaro\/#article","isPartOf":{"@id":"https:\/\/www.bellunopress.it\/2023\/12\/02\/congresso-provinciale-fratelli-ditalia-belluno-nuova-coordinatrice-silvia-calligaro\/"},"author":{"name":"redazione","@id":"https:\/\/www.bellunopress.it\/#\/schema\/person\/79bb06722b37ece1c03d3e94beb30d73"},"headline":"Congresso provinciale Fratelli d&#8217;Italia Belluno, nuova coordinatrice Silvia Calligaro. Gli eletti","datePublished":"2023-12-02T15:14:38+00:00","dateModified":"2023-12-02T19:50:59+00:00","mainEntityOfPage":{"@id":"https:\/\/www.bellunopress.it\/2023\/12\/02\/congresso-provinciale-fratelli-ditalia-belluno-nuova-coordinatrice-silvia-calligaro\/"},"wordCount":876,"publisher":{"@id":"https:\/\/www.bellunopress.it\/#organization"},"image":{"@id":"https:\/\/www.bellunopress.it\/2023\/12\/02\/congresso-provinciale-fratelli-ditalia-belluno-nuova-coordinatrice-silvia-calligaro\/#primaryimage"},"thumbnailUrl":"https:\/\/www.bellunopress.it\/wp-content\/uploads\/2023\/12\/Silvia-Calligaro-coordinatrice-prov-Fratelli-dItalia.jpg","articleSection":["Cronaca\/Politica","Prima Pagina"],"inLanguage":"fr-FR"},{"@type":"WebPage","@id":"https:\/\/www.bellunopress.it\/2023\/12\/02\/congresso-provinciale-fratelli-ditalia-belluno-nuova-coordinatrice-silvia-calligaro\/","url":"https:\/\/www.bellunopress.it\/2023\/12\/02\/congresso-provinciale-fratelli-ditalia-belluno-nuova-coordinatrice-silvia-calligaro\/","name":"Congresso provinciale Fratelli d'Italia Belluno, nuova coordinatrice Silvia Calligaro. Gli eletti - Bellunopress - Dolomiti","isPartOf":{"@id":"https:\/\/www.bellunopress.it\/#website"},"primaryImageOfPage":{"@id":"https:\/\/www.bellunopress.it\/2023\/12\/02\/congresso-provinciale-fratelli-ditalia-belluno-nuova-coordinatrice-silvia-calligaro\/#primaryimage"},"image":{"@id":"https:\/\/www.bellunopress.it\/2023\/12\/02\/congresso-provinciale-fratelli-ditalia-belluno-nuova-coordinatrice-silvia-calligaro\/#primaryimage"},"thumbnailUrl":"https:\/\/www.bellunopress.it\/wp-content\/uploads\/2023\/12\/Silvia-Calligaro-coordinatrice-prov-Fratelli-dItalia.jpg","datePublished":"2023-12-02T15:14:38+00:00","dateModified":"2023-12-02T19:50:59+00:00","breadcrumb":{"@id":"https:\/\/www.bellunopress.it\/2023\/12\/02\/congresso-provinciale-fratelli-ditalia-belluno-nuova-coordinatrice-silvia-calligaro\/#breadcrumb"},"inLanguage":"fr-FR","potentialAction":[{"@type":"ReadAction","target":["https:\/\/www.bellunopress.it\/2023\/12\/02\/congresso-provinciale-fratelli-ditalia-belluno-nuova-coordinatrice-silvia-calligaro\/"]}]},{"@type":"ImageObject","inLanguage":"fr-FR","@id":"https:\/\/www.bellunopress.it\/2023\/12\/02\/congresso-provinciale-fratelli-ditalia-belluno-nuova-coordinatrice-silvia-calligaro\/#primaryimage","url":"https:\/\/www.bellunopress.it\/wp-content\/uploads\/2023\/12\/Silvia-Calligaro-coordinatrice-prov-Fratelli-dItalia.jpg","contentUrl":"https:\/\/www.bellunopress.it\/wp-content\/uploads\/2023\/12\/Silvia-Calligaro-coordinatrice-prov-Fratelli-dItalia.jpg","width":980,"height":1000,"caption":"Silvia Calligaro, consigliere regionale"},{"@type":"BreadcrumbList","@id":"https:\/\/www.bellunopress.it\/2023\/12\/02\/congresso-provinciale-fratelli-ditalia-belluno-nuova-coordinatrice-silvia-calligaro\/#breadcrumb","itemListElement":[{"@type":"ListItem","position":1,"name":"Home","item":"https:\/\/www.bellunopress.it\/"},{"@type":"ListItem","position":2,"name":"Congresso provinciale Fratelli d&#8217;Italia Belluno, nuova coordinatrice Silvia Calligaro. Gli eletti"}]},{"@type":"WebSite","@id":"https:\/\/www.bellunopress.it\/#website","url":"https:\/\/www.bellunopress.it\/","name":"Bellunopress - Dolomiti","description":"e-mail: redazione@bellunopress.it","publisher":{"@id":"https:\/\/www.bellunopress.it\/#organization"},"potentialAction":[{"@type":"SearchAction","target":{"@type":"EntryPoint","urlTemplate":"https:\/\/www.bellunopress.it\/?s={search_term_string}"},"query-input":{"@type":"PropertyValueSpecification","valueRequired":true,"valueName":"search_term_string"}}],"inLanguage":"fr-FR"},{"@type":"Organization","@id":"https:\/\/www.bellunopress.it\/#organization","name":"Bellunopress","url":"https:\/\/www.bellunopress.it\/","logo":{"@type":"ImageObject","inLanguage":"fr-FR","@id":"https:\/\/www.bellunopress.it\/#\/schema\/logo\/image\/","url":"https:\/\/www.bellunopress.it\/wp-content\/uploads\/2011\/05\/cropped-logo-bellunopress-.jpg","contentUrl":"https:\/\/www.bellunopress.it\/wp-content\/uploads\/2011\/05\/cropped-logo-bellunopress-.jpg","width":512,"height":512,"caption":"Bellunopress"},"image":{"@id":"https:\/\/www.bellunopress.it\/#\/schema\/logo\/image\/"},"sameAs":["https:\/\/www.facebook.com\/profile.php?id=100008943462799","https:\/\/x.com\/bellunopress","https:\/\/www.linkedin.com\/hp\/?dnr=JBzUWaJfMUw8vbXJJ2tVW5-I3jZKvC4wsoxE&amp;amp;amp;amp;amp;amp;trk=nav_responsive_tab_home","https:\/\/www.youtube.com\/channel\/UCxL0wu1uN0_3_7hGG0306cw"]},{"@type":"Person","@id":"https:\/\/www.bellunopress.it\/#\/schema\/person\/79bb06722b37ece1c03d3e94beb30d73","name":"r\u00e9daction","image":{"@type":"ImageObject","inLanguage":"fr-FR","@id":"https:\/\/secure.gravatar.com\/avatar\/37d968a2e67a6fd04c169c4bdef102d0bc5d31b2546345219e348575eb80e9a0?s=96&d=mm&r=g","url":"https:\/\/secure.gravatar.com\/avatar\/37d968a2e67a6fd04c169c4bdef102d0bc5d31b2546345219e348575eb80e9a0?s=96&d=mm&r=g","contentUrl":"https:\/\/secure.gravatar.com\/avatar\/37d968a2e67a6fd04c169c4bdef102d0bc5d31b2546345219e348575eb80e9a0?s=96&d=mm&r=g","caption":"redazione"},"sameAs":["http:\/\/www.bellunopress.it","https:\/\/x.com\/bellunopress"],"url":"https:\/\/www.bellunopress.it\/fr\/author\/redazione\/"}]}},"_links":{"self":[{"href":"https:\/\/www.bellunopress.it\/fr\/wp-json\/wp\/v2\/posts\/146391","targetHints":{"allow":["GET"]}}],"collection":[{"href":"https:\/\/www.bellunopress.it\/fr\/wp-json\/wp\/v2\/posts"}],"about":[{"href":"https:\/\/www.bellunopress.it\/fr\/wp-json\/wp\/v2\/types\/post"}],"author":[{"embeddable":true,"href":"https:\/\/www.bellunopress.it\/fr\/wp-json\/wp\/v2\/users\/2"}],"replies":[{"embeddable":true,"href":"https:\/\/www.bellunopress.it\/fr\/wp-json\/wp\/v2\/comments?post=146391"}],"version-history":[{"count":3,"href":"https:\/\/www.bellunopress.it\/fr\/wp-json\/wp\/v2\/posts\/146391\/revisions"}],"predecessor-version":[{"id":146399,"href":"https:\/\/www.bellunopress.it\/fr\/wp-json\/wp\/v2\/posts\/146391\/revisions\/146399"}],"wp:featuredmedia":[{"embeddable":true,"href":"https:\/\/www.bellunopress.it\/fr\/wp-json\/wp\/v2\/media\/146392"}],"wp:attachment":[{"href":"https:\/\/www.bellunopress.it\/fr\/wp-json\/wp\/v2\/media?parent=146391"}],"wp:term":[{"taxonomy":"category","embeddable":true,"href":"https:\/\/www.bellunopress.it\/fr\/wp-json\/wp\/v2\/categories?post=146391"},{"taxonomy":"post_tag","embeddable":true,"href":"https:\/\/www.bellunopress.it\/fr\/wp-json\/wp\/v2\/tags?post=146391"}],"curies":[{"name":"wp","href":"https:\/\/api.w.org\/{rel}","templated":true}]}}