{"id":14639,"date":"2010-04-21T21:13:21","date_gmt":"2010-04-21T20:13:21","guid":{"rendered":"http:\/\/www.bellunopress.it\/?p=14639"},"modified":"2010-04-21T21:13:21","modified_gmt":"2010-04-21T20:13:21","slug":"lettera-aperta-del-presidente-della-provincia-gianpaolo-bottacin","status":"publish","type":"post","link":"https:\/\/www.bellunopress.it\/fr\/2010\/04\/21\/lettera-aperta-del-presidente-della-provincia-gianpaolo-bottacin\/","title":{"rendered":"Lettera aperta del presidente della provincia Gianpaolo Bottacin"},"content":{"rendered":"<p><a href=\"http:\/\/www.bellunopress.it\/wp-content\/uploads\/2009\/06\/gianpaolo-bottacin-270x180.jpg\"><img loading=\"lazy\" decoding=\"async\" class=\"alignleft size-medium wp-image-5262\" title=\"gianpaolo-bottacin-270x180\" src=\"http:\/\/www.bellunopress.it\/wp-content\/uploads\/2009\/06\/gianpaolo-bottacin-270x180.jpg\" alt=\"\" width=\"270\" height=\"180\" \/><\/a>Anche il presidente della Provincia Gianpaolo Bottacin, \u00e8 in vena di esternazioni e precisazioni. E lo fa con una lettera aperta autoreferenziale che pubblichiamo di seguito. Che scivola via, per\u00f2, sull&#8217;ultima clamorosa d\u00e9b\u00e2cle che ha lasciato la nostra provincia senza un assessore regionale su 12 che siedono a Palazzo Balbi. &#8220;Chi conta e chi non sa contare (nemmeno i numeri).\u00a0Chi ritiene che io conti poco, evidentemente non sa proprio contare, nemmeno i numeri. Fino allo scorso giugno, la Provincia di Belluno era nota per la continua contrapposizione nei confronti della Regione Veneto: un continuum di schermaglie funzionale esclusivamente alle campagne mediatiche dell\u2019ex-presidente, un isolamento istituzionale inseguito dagli allora amministratori provinciali che non nascondevano un\u2019acredine tutta partitica nei confronti della maggioranza che guidava (e ancora guida) il Veneto. Questo atteggiamento ha portato ad una serie di sfide in cui la terra bellunese \u00e8 uscita irrimediabilmente e puntualmente sconfitta, cos\u00ec come poi \u00e8 risultato sconfitto il fronte che l\u2019ha guidata, proprio fino allo scorso anno. In circa sei mesi, invece, l\u2019attuale amministrazione ha portato a casa quanto per anni altri non sono riusciti ad ottenere proprio in virt\u00f9 di un atteggiamento ostruzionistico, basato sull\u2019odio, volto a tenere i Bellunesi lontani dalle loro possibilit\u00e0 di sviluppo. Come una mamma \u201ctroppo chioccia\u201d che impedisce ai suoi pulcini di volare, altrettanto \u00e8 stato fatto con la nostra terra, tenuta volutamente all\u2019oscuro della verit\u00e0 e delle opportunit\u00e0, a soli fini politici. Lo dimostra il fatto che mentre da Palazzo Piloni giungevano solo accuse, a Palazzo Ferro Fini (perdonatemi, c\u2019ero) io stesso ho lavorato per far avere a Belluno la legge del 3% sul canone dell\u2019acqua e lo sconto benzina per venti Comuni del Cadore. Usciti dall\u2019ombra, ora i Bellunesi possono finalmente contare sulla gestione delle loro acque, sulla delega in materia urbanistica, tutti risultati che l\u2019attuale amministrazione provinciale ha ottenuto e che non sarebbero mai arrivati senza gli uomini che oggi la guidano. Conquiste possibili grazie anche al personale rapporto con gli assessori regionali con cui ho avuto modo di lavorare fianco a fianco durante gli anni a Venezia. Ora si opera in sinergia con tutte le realt\u00e0, cercando collaborazioni e smettendo di piangersi addosso, percorrendo anche strade alternative che facciano recuperare il tempo ed il terreno perduti.\u00a0 Non mi fermo, infine, a rispondere agli attacchi personali, che &#8211; come \u00e8 noto &#8211; sono esclusivamente frutto dell\u2019invidia e della gelosia. Questa squadra sta producendo molto, forte delle esperienze e dei buoni rapporti intrecciati dagli elementi che la compongono: chi non lavora resta in panchina oppure trova il tempo di blaterare. I frutti del nostro impegno ci sono, anche se per l\u2019opposizione \u201cl\u2019uva \u00e8 ancora acerba\u201d.&#8221;\u00a0<\/p>\n<p>Gianpaolo Bottacin<\/p>\n<p>Presidente della Provincia di Belluno<\/p>","protected":false},"excerpt":{"rendered":"<p>Anche il presidente della Provincia Gianpaolo Bottacin, \u00e8 in vena di esternazioni e precisazioni. E lo fa con una lettera aperta autoreferenziale che pubblichiamo di seguito. Che scivola via, per\u00f2, sull&#8217;ultima clamorosa d\u00e9b\u00e2cle che ha lasciato la nostra provincia senza un assessore regionale su 12 che siedono a Palazzo Balbi. &#8220;Chi conta e chi non [&hellip;]<\/p>\n","protected":false},"author":2,"featured_media":0,"comment_status":"closed","ping_status":"open","sticky":false,"template":"","format":"standard","meta":{"footnotes":""},"categories":[5,26],"tags":[1318],"class_list":["post-14639","post","type-post","status-publish","format-standard","category-cronaca","category-prima-pagina","tag-lettera-aperta-del-presidente-della-provincia-gianpaolo-bottacin"],"yoast_head":"<!-- This site is optimized with the Yoast SEO plugin v28.4 - https:\/\/yoast.com\/product\/yoast-seo-wordpress\/ -->\n<title>Lettera aperta del presidente della provincia Gianpaolo Bottacin - Bellunopress - Dolomiti<\/title>\n<meta name=\"robots\" content=\"index, follow, max-snippet:-1, max-image-preview:large, max-video-preview:-1\" \/>\n<link rel=\"canonical\" href=\"https:\/\/www.bellunopress.it\/fr\/2010\/04\/21\/lettera-aperta-del-presidente-della-provincia-gianpaolo-bottacin\/\" \/>\n<meta property=\"og:locale\" content=\"fr_FR\" \/>\n<meta property=\"og:type\" content=\"article\" \/>\n<meta property=\"og:title\" content=\"Lettera aperta del presidente della provincia Gianpaolo Bottacin - Bellunopress - Dolomiti\" \/>\n<meta property=\"og:description\" content=\"Anche il presidente della Provincia Gianpaolo Bottacin, \u00e8 in vena di esternazioni e precisazioni. E lo fa con una lettera aperta autoreferenziale che pubblichiamo di seguito. Che scivola via, per\u00f2, sull&#8217;ultima clamorosa d\u00e9b\u00e2cle che ha lasciato la nostra provincia senza un assessore regionale su 12 che siedono a Palazzo Balbi. &#8220;Chi conta e chi non [&hellip;]\" \/>\n<meta property=\"og:url\" content=\"https:\/\/www.bellunopress.it\/fr\/2010\/04\/21\/lettera-aperta-del-presidente-della-provincia-gianpaolo-bottacin\/\" \/>\n<meta property=\"og:site_name\" content=\"Bellunopress - Dolomiti\" \/>\n<meta property=\"article:publisher\" content=\"https:\/\/www.facebook.com\/profile.php?id=100008943462799\" \/>\n<meta property=\"article:published_time\" content=\"2010-04-21T20:13:21+00:00\" \/>\n<meta property=\"og:image\" content=\"http:\/\/www.bellunopress.it\/wp-content\/uploads\/2009\/06\/gianpaolo-bottacin-270x180.jpg\" \/>\n<meta name=\"author\" content=\"redazione\" \/>\n<meta name=\"twitter:card\" content=\"summary_large_image\" \/>\n<meta name=\"twitter:creator\" content=\"@bellunopress\" \/>\n<meta name=\"twitter:site\" content=\"@bellunopress\" \/>\n<meta name=\"twitter:label1\" content=\"\u00c9crit par\" \/>\n\t<meta name=\"twitter:data1\" content=\"redazione\" \/>\n\t<meta name=\"twitter:label2\" content=\"Dur\u00e9e de lecture estim\u00e9e\" \/>\n\t<meta name=\"twitter:data2\" content=\"2 minutes\" \/>\n<script type=\"application\/ld+json\" class=\"yoast-schema-graph\">{\"@context\":\"https:\\\/\\\/schema.org\",\"@graph\":[{\"@type\":\"Article\",\"@id\":\"https:\\\/\\\/www.bellunopress.it\\\/2010\\\/04\\\/21\\\/lettera-aperta-del-presidente-della-provincia-gianpaolo-bottacin\\\/#article\",\"isPartOf\":{\"@id\":\"https:\\\/\\\/www.bellunopress.it\\\/2010\\\/04\\\/21\\\/lettera-aperta-del-presidente-della-provincia-gianpaolo-bottacin\\\/\"},\"author\":{\"name\":\"redazione\",\"@id\":\"https:\\\/\\\/www.bellunopress.it\\\/#\\\/schema\\\/person\\\/79bb06722b37ece1c03d3e94beb30d73\"},\"headline\":\"Lettera aperta del presidente della provincia Gianpaolo Bottacin\",\"datePublished\":\"2010-04-21T20:13:21+00:00\",\"mainEntityOfPage\":{\"@id\":\"https:\\\/\\\/www.bellunopress.it\\\/2010\\\/04\\\/21\\\/lettera-aperta-del-presidente-della-provincia-gianpaolo-bottacin\\\/\"},\"wordCount\":463,\"publisher\":{\"@id\":\"https:\\\/\\\/www.bellunopress.it\\\/#organization\"},\"image\":{\"@id\":\"https:\\\/\\\/www.bellunopress.it\\\/2010\\\/04\\\/21\\\/lettera-aperta-del-presidente-della-provincia-gianpaolo-bottacin\\\/#primaryimage\"},\"thumbnailUrl\":\"http:\\\/\\\/www.bellunopress.it\\\/wp-content\\\/uploads\\\/2009\\\/06\\\/gianpaolo-bottacin-270x180.jpg\",\"keywords\":[\"lettera aperta del presidente della provincia Gianpaolo Bottacin\"],\"articleSection\":[\"Cronaca\\\/Politica\",\"Prima Pagina\"],\"inLanguage\":\"fr-FR\"},{\"@type\":\"WebPage\",\"@id\":\"https:\\\/\\\/www.bellunopress.it\\\/2010\\\/04\\\/21\\\/lettera-aperta-del-presidente-della-provincia-gianpaolo-bottacin\\\/\",\"url\":\"https:\\\/\\\/www.bellunopress.it\\\/2010\\\/04\\\/21\\\/lettera-aperta-del-presidente-della-provincia-gianpaolo-bottacin\\\/\",\"name\":\"Lettera aperta del presidente della provincia Gianpaolo Bottacin - Bellunopress - Dolomiti\",\"isPartOf\":{\"@id\":\"https:\\\/\\\/www.bellunopress.it\\\/#website\"},\"primaryImageOfPage\":{\"@id\":\"https:\\\/\\\/www.bellunopress.it\\\/2010\\\/04\\\/21\\\/lettera-aperta-del-presidente-della-provincia-gianpaolo-bottacin\\\/#primaryimage\"},\"image\":{\"@id\":\"https:\\\/\\\/www.bellunopress.it\\\/2010\\\/04\\\/21\\\/lettera-aperta-del-presidente-della-provincia-gianpaolo-bottacin\\\/#primaryimage\"},\"thumbnailUrl\":\"http:\\\/\\\/www.bellunopress.it\\\/wp-content\\\/uploads\\\/2009\\\/06\\\/gianpaolo-bottacin-270x180.jpg\",\"datePublished\":\"2010-04-21T20:13:21+00:00\",\"breadcrumb\":{\"@id\":\"https:\\\/\\\/www.bellunopress.it\\\/2010\\\/04\\\/21\\\/lettera-aperta-del-presidente-della-provincia-gianpaolo-bottacin\\\/#breadcrumb\"},\"inLanguage\":\"fr-FR\",\"potentialAction\":[{\"@type\":\"ReadAction\",\"target\":[\"https:\\\/\\\/www.bellunopress.it\\\/2010\\\/04\\\/21\\\/lettera-aperta-del-presidente-della-provincia-gianpaolo-bottacin\\\/\"]}]},{\"@type\":\"ImageObject\",\"inLanguage\":\"fr-FR\",\"@id\":\"https:\\\/\\\/www.bellunopress.it\\\/2010\\\/04\\\/21\\\/lettera-aperta-del-presidente-della-provincia-gianpaolo-bottacin\\\/#primaryimage\",\"url\":\"http:\\\/\\\/www.bellunopress.it\\\/wp-content\\\/uploads\\\/2009\\\/06\\\/gianpaolo-bottacin-270x180.jpg\",\"contentUrl\":\"http:\\\/\\\/www.bellunopress.it\\\/wp-content\\\/uploads\\\/2009\\\/06\\\/gianpaolo-bottacin-270x180.jpg\"},{\"@type\":\"BreadcrumbList\",\"@id\":\"https:\\\/\\\/www.bellunopress.it\\\/2010\\\/04\\\/21\\\/lettera-aperta-del-presidente-della-provincia-gianpaolo-bottacin\\\/#breadcrumb\",\"itemListElement\":[{\"@type\":\"ListItem\",\"position\":1,\"name\":\"Home\",\"item\":\"https:\\\/\\\/www.bellunopress.it\\\/\"},{\"@type\":\"ListItem\",\"position\":2,\"name\":\"Lettera aperta del presidente della provincia Gianpaolo Bottacin\"}]},{\"@type\":\"WebSite\",\"@id\":\"https:\\\/\\\/www.bellunopress.it\\\/#website\",\"url\":\"https:\\\/\\\/www.bellunopress.it\\\/\",\"name\":\"Bellunopress - Dolomiti\",\"description\":\"e-mail: redazione@bellunopress.it\",\"publisher\":{\"@id\":\"https:\\\/\\\/www.bellunopress.it\\\/#organization\"},\"potentialAction\":[{\"@type\":\"SearchAction\",\"target\":{\"@type\":\"EntryPoint\",\"urlTemplate\":\"https:\\\/\\\/www.bellunopress.it\\\/?s={search_term_string}\"},\"query-input\":{\"@type\":\"PropertyValueSpecification\",\"valueRequired\":true,\"valueName\":\"search_term_string\"}}],\"inLanguage\":\"fr-FR\"},{\"@type\":\"Organization\",\"@id\":\"https:\\\/\\\/www.bellunopress.it\\\/#organization\",\"name\":\"Bellunopress\",\"url\":\"https:\\\/\\\/www.bellunopress.it\\\/\",\"logo\":{\"@type\":\"ImageObject\",\"inLanguage\":\"fr-FR\",\"@id\":\"https:\\\/\\\/www.bellunopress.it\\\/#\\\/schema\\\/logo\\\/image\\\/\",\"url\":\"https:\\\/\\\/www.bellunopress.it\\\/wp-content\\\/uploads\\\/2011\\\/05\\\/cropped-logo-bellunopress-.jpg\",\"contentUrl\":\"https:\\\/\\\/www.bellunopress.it\\\/wp-content\\\/uploads\\\/2011\\\/05\\\/cropped-logo-bellunopress-.jpg\",\"width\":512,\"height\":512,\"caption\":\"Bellunopress\"},\"image\":{\"@id\":\"https:\\\/\\\/www.bellunopress.it\\\/#\\\/schema\\\/logo\\\/image\\\/\"},\"sameAs\":[\"https:\\\/\\\/www.facebook.com\\\/profile.php?id=100008943462799\",\"https:\\\/\\\/x.com\\\/bellunopress\",\"https:\\\/\\\/www.linkedin.com\\\/hp\\\/?dnr=JBzUWaJfMUw8vbXJJ2tVW5-I3jZKvC4wsoxE&amp;amp;amp;amp;amp;amp;trk=nav_responsive_tab_home\",\"https:\\\/\\\/www.youtube.com\\\/channel\\\/UCxL0wu1uN0_3_7hGG0306cw\"]},{\"@type\":\"Person\",\"@id\":\"https:\\\/\\\/www.bellunopress.it\\\/#\\\/schema\\\/person\\\/79bb06722b37ece1c03d3e94beb30d73\",\"name\":\"redazione\",\"image\":{\"@type\":\"ImageObject\",\"inLanguage\":\"fr-FR\",\"@id\":\"https:\\\/\\\/secure.gravatar.com\\\/avatar\\\/37d968a2e67a6fd04c169c4bdef102d0bc5d31b2546345219e348575eb80e9a0?s=96&d=mm&r=g\",\"url\":\"https:\\\/\\\/secure.gravatar.com\\\/avatar\\\/37d968a2e67a6fd04c169c4bdef102d0bc5d31b2546345219e348575eb80e9a0?s=96&d=mm&r=g\",\"contentUrl\":\"https:\\\/\\\/secure.gravatar.com\\\/avatar\\\/37d968a2e67a6fd04c169c4bdef102d0bc5d31b2546345219e348575eb80e9a0?s=96&d=mm&r=g\",\"caption\":\"redazione\"},\"sameAs\":[\"http:\\\/\\\/www.bellunopress.it\",\"https:\\\/\\\/x.com\\\/bellunopress\"],\"url\":\"https:\\\/\\\/www.bellunopress.it\\\/fr\\\/author\\\/redazione\\\/\"}]}<\/script>\n<!-- \/ Yoast SEO plugin. -->","yoast_head_json":{"title":"Lettera aperta del presidente della provincia Gianpaolo Bottacin - Bellunopress - Dolomiti","robots":{"index":"index","follow":"follow","max-snippet":"max-snippet:-1","max-image-preview":"max-image-preview:large","max-video-preview":"max-video-preview:-1"},"canonical":"https:\/\/www.bellunopress.it\/fr\/2010\/04\/21\/lettera-aperta-del-presidente-della-provincia-gianpaolo-bottacin\/","og_locale":"fr_FR","og_type":"article","og_title":"Lettera aperta del presidente della provincia Gianpaolo Bottacin - Bellunopress - Dolomiti","og_description":"Anche il presidente della Provincia Gianpaolo Bottacin, \u00e8 in vena di esternazioni e precisazioni. E lo fa con una lettera aperta autoreferenziale che pubblichiamo di seguito. Che scivola via, per\u00f2, sull&#8217;ultima clamorosa d\u00e9b\u00e2cle che ha lasciato la nostra provincia senza un assessore regionale su 12 che siedono a Palazzo Balbi. &#8220;Chi conta e chi non [&hellip;]","og_url":"https:\/\/www.bellunopress.it\/fr\/2010\/04\/21\/lettera-aperta-del-presidente-della-provincia-gianpaolo-bottacin\/","og_site_name":"Bellunopress - Dolomiti","article_publisher":"https:\/\/www.facebook.com\/profile.php?id=100008943462799","article_published_time":"2010-04-21T20:13:21+00:00","og_image":[{"url":"http:\/\/www.bellunopress.it\/wp-content\/uploads\/2009\/06\/gianpaolo-bottacin-270x180.jpg","type":"","width":"","height":""}],"author":"redazione","twitter_card":"summary_large_image","twitter_creator":"@bellunopress","twitter_site":"@bellunopress","twitter_misc":{"\u00c9crit par":"redazione","Dur\u00e9e de lecture estim\u00e9e":"2 minutes"},"schema":{"@context":"https:\/\/schema.org","@graph":[{"@type":"Article","@id":"https:\/\/www.bellunopress.it\/2010\/04\/21\/lettera-aperta-del-presidente-della-provincia-gianpaolo-bottacin\/#article","isPartOf":{"@id":"https:\/\/www.bellunopress.it\/2010\/04\/21\/lettera-aperta-del-presidente-della-provincia-gianpaolo-bottacin\/"},"author":{"name":"redazione","@id":"https:\/\/www.bellunopress.it\/#\/schema\/person\/79bb06722b37ece1c03d3e94beb30d73"},"headline":"Lettera aperta del presidente della provincia Gianpaolo Bottacin","datePublished":"2010-04-21T20:13:21+00:00","mainEntityOfPage":{"@id":"https:\/\/www.bellunopress.it\/2010\/04\/21\/lettera-aperta-del-presidente-della-provincia-gianpaolo-bottacin\/"},"wordCount":463,"publisher":{"@id":"https:\/\/www.bellunopress.it\/#organization"},"image":{"@id":"https:\/\/www.bellunopress.it\/2010\/04\/21\/lettera-aperta-del-presidente-della-provincia-gianpaolo-bottacin\/#primaryimage"},"thumbnailUrl":"http:\/\/www.bellunopress.it\/wp-content\/uploads\/2009\/06\/gianpaolo-bottacin-270x180.jpg","keywords":["lettera aperta del presidente della provincia Gianpaolo Bottacin"],"articleSection":["Cronaca\/Politica","Prima Pagina"],"inLanguage":"fr-FR"},{"@type":"WebPage","@id":"https:\/\/www.bellunopress.it\/2010\/04\/21\/lettera-aperta-del-presidente-della-provincia-gianpaolo-bottacin\/","url":"https:\/\/www.bellunopress.it\/2010\/04\/21\/lettera-aperta-del-presidente-della-provincia-gianpaolo-bottacin\/","name":"Lettera aperta del presidente della provincia Gianpaolo Bottacin - Bellunopress - Dolomiti","isPartOf":{"@id":"https:\/\/www.bellunopress.it\/#website"},"primaryImageOfPage":{"@id":"https:\/\/www.bellunopress.it\/2010\/04\/21\/lettera-aperta-del-presidente-della-provincia-gianpaolo-bottacin\/#primaryimage"},"image":{"@id":"https:\/\/www.bellunopress.it\/2010\/04\/21\/lettera-aperta-del-presidente-della-provincia-gianpaolo-bottacin\/#primaryimage"},"thumbnailUrl":"http:\/\/www.bellunopress.it\/wp-content\/uploads\/2009\/06\/gianpaolo-bottacin-270x180.jpg","datePublished":"2010-04-21T20:13:21+00:00","breadcrumb":{"@id":"https:\/\/www.bellunopress.it\/2010\/04\/21\/lettera-aperta-del-presidente-della-provincia-gianpaolo-bottacin\/#breadcrumb"},"inLanguage":"fr-FR","potentialAction":[{"@type":"ReadAction","target":["https:\/\/www.bellunopress.it\/2010\/04\/21\/lettera-aperta-del-presidente-della-provincia-gianpaolo-bottacin\/"]}]},{"@type":"ImageObject","inLanguage":"fr-FR","@id":"https:\/\/www.bellunopress.it\/2010\/04\/21\/lettera-aperta-del-presidente-della-provincia-gianpaolo-bottacin\/#primaryimage","url":"http:\/\/www.bellunopress.it\/wp-content\/uploads\/2009\/06\/gianpaolo-bottacin-270x180.jpg","contentUrl":"http:\/\/www.bellunopress.it\/wp-content\/uploads\/2009\/06\/gianpaolo-bottacin-270x180.jpg"},{"@type":"BreadcrumbList","@id":"https:\/\/www.bellunopress.it\/2010\/04\/21\/lettera-aperta-del-presidente-della-provincia-gianpaolo-bottacin\/#breadcrumb","itemListElement":[{"@type":"ListItem","position":1,"name":"Home","item":"https:\/\/www.bellunopress.it\/"},{"@type":"ListItem","position":2,"name":"Lettera aperta del presidente della provincia Gianpaolo Bottacin"}]},{"@type":"WebSite","@id":"https:\/\/www.bellunopress.it\/#website","url":"https:\/\/www.bellunopress.it\/","name":"Bellunopress - Dolomiti","description":"e-mail: redazione@bellunopress.it","publisher":{"@id":"https:\/\/www.bellunopress.it\/#organization"},"potentialAction":[{"@type":"SearchAction","target":{"@type":"EntryPoint","urlTemplate":"https:\/\/www.bellunopress.it\/?s={search_term_string}"},"query-input":{"@type":"PropertyValueSpecification","valueRequired":true,"valueName":"search_term_string"}}],"inLanguage":"fr-FR"},{"@type":"Organization","@id":"https:\/\/www.bellunopress.it\/#organization","name":"Bellunopress","url":"https:\/\/www.bellunopress.it\/","logo":{"@type":"ImageObject","inLanguage":"fr-FR","@id":"https:\/\/www.bellunopress.it\/#\/schema\/logo\/image\/","url":"https:\/\/www.bellunopress.it\/wp-content\/uploads\/2011\/05\/cropped-logo-bellunopress-.jpg","contentUrl":"https:\/\/www.bellunopress.it\/wp-content\/uploads\/2011\/05\/cropped-logo-bellunopress-.jpg","width":512,"height":512,"caption":"Bellunopress"},"image":{"@id":"https:\/\/www.bellunopress.it\/#\/schema\/logo\/image\/"},"sameAs":["https:\/\/www.facebook.com\/profile.php?id=100008943462799","https:\/\/x.com\/bellunopress","https:\/\/www.linkedin.com\/hp\/?dnr=JBzUWaJfMUw8vbXJJ2tVW5-I3jZKvC4wsoxE&amp;amp;amp;amp;amp;amp;trk=nav_responsive_tab_home","https:\/\/www.youtube.com\/channel\/UCxL0wu1uN0_3_7hGG0306cw"]},{"@type":"Person","@id":"https:\/\/www.bellunopress.it\/#\/schema\/person\/79bb06722b37ece1c03d3e94beb30d73","name":"r\u00e9daction","image":{"@type":"ImageObject","inLanguage":"fr-FR","@id":"https:\/\/secure.gravatar.com\/avatar\/37d968a2e67a6fd04c169c4bdef102d0bc5d31b2546345219e348575eb80e9a0?s=96&d=mm&r=g","url":"https:\/\/secure.gravatar.com\/avatar\/37d968a2e67a6fd04c169c4bdef102d0bc5d31b2546345219e348575eb80e9a0?s=96&d=mm&r=g","contentUrl":"https:\/\/secure.gravatar.com\/avatar\/37d968a2e67a6fd04c169c4bdef102d0bc5d31b2546345219e348575eb80e9a0?s=96&d=mm&r=g","caption":"redazione"},"sameAs":["http:\/\/www.bellunopress.it","https:\/\/x.com\/bellunopress"],"url":"https:\/\/www.bellunopress.it\/fr\/author\/redazione\/"}]}},"_links":{"self":[{"href":"https:\/\/www.bellunopress.it\/fr\/wp-json\/wp\/v2\/posts\/14639","targetHints":{"allow":["GET"]}}],"collection":[{"href":"https:\/\/www.bellunopress.it\/fr\/wp-json\/wp\/v2\/posts"}],"about":[{"href":"https:\/\/www.bellunopress.it\/fr\/wp-json\/wp\/v2\/types\/post"}],"author":[{"embeddable":true,"href":"https:\/\/www.bellunopress.it\/fr\/wp-json\/wp\/v2\/users\/2"}],"replies":[{"embeddable":true,"href":"https:\/\/www.bellunopress.it\/fr\/wp-json\/wp\/v2\/comments?post=14639"}],"version-history":[{"count":1,"href":"https:\/\/www.bellunopress.it\/fr\/wp-json\/wp\/v2\/posts\/14639\/revisions"}],"predecessor-version":[{"id":14640,"href":"https:\/\/www.bellunopress.it\/fr\/wp-json\/wp\/v2\/posts\/14639\/revisions\/14640"}],"wp:attachment":[{"href":"https:\/\/www.bellunopress.it\/fr\/wp-json\/wp\/v2\/media?parent=14639"}],"wp:term":[{"taxonomy":"category","embeddable":true,"href":"https:\/\/www.bellunopress.it\/fr\/wp-json\/wp\/v2\/categories?post=14639"},{"taxonomy":"post_tag","embeddable":true,"href":"https:\/\/www.bellunopress.it\/fr\/wp-json\/wp\/v2\/tags?post=14639"}],"curies":[{"name":"wp","href":"https:\/\/api.w.org\/{rel}","templated":true}]}}