{"id":146378,"date":"2023-12-02T10:54:37","date_gmt":"2023-12-02T09:54:37","guid":{"rendered":"https:\/\/www.bellunopress.it\/?p=146378"},"modified":"2023-12-02T10:54:37","modified_gmt":"2023-12-02T09:54:37","slug":"non-solo-prosecco-ma-anche-oleoturismo-il-convegno-mercoledi-6-dicembre-a-treviso-alle-930-alla-camera-di-commercio","status":"publish","type":"post","link":"https:\/\/www.bellunopress.it\/fr\/2023\/12\/02\/non-solo-prosecco-ma-anche-oleoturismo-il-convegno-mercoledi-6-dicembre-a-treviso-alle-930-alla-camera-di-commercio\/","title":{"rendered":"Non solo prosecco, ma anche oleoturismo. Il convegno mercoled\u00ec 6 dicembre a Treviso alle 9:30 alla\u00a0 Camera di Commercio"},"content":{"rendered":"<figure id=\"attachment_145120\" aria-describedby=\"caption-attachment-145120\" style=\"width: 1000px\" class=\"wp-caption alignleft\"><img loading=\"lazy\" decoding=\"async\" class=\"size-full wp-image-145120\" src=\"https:\/\/www.bellunopress.it\/wp-content\/uploads\/2023\/10\/Mario-Pozza_edited.jpg\" alt=\"\" width=\"1000\" height=\"800\" srcset=\"https:\/\/www.bellunopress.it\/wp-content\/uploads\/2023\/10\/Mario-Pozza_edited.jpg 1000w, https:\/\/www.bellunopress.it\/wp-content\/uploads\/2023\/10\/Mario-Pozza_edited-500x400.jpg 500w, https:\/\/www.bellunopress.it\/wp-content\/uploads\/2023\/10\/Mario-Pozza_edited-696x557.jpg 696w\" sizes=\"auto, (max-width: 1000px) 100vw, 1000px\" \/><figcaption id=\"caption-attachment-145120\" class=\"wp-caption-text\">Mario Pozza &#8211; Presidente Camera di Commercio Treviso\/Belluno<\/figcaption><\/figure>\n<p class=\"v1MsoNormal\" style=\"text-align: left;\" align=\"center\"><em><strong>Pozza: non solo Prosecco ma anche Oleoturismo: una risorsa da esplorare. Mercoled\u00ec 6 dicembre evento gratuito in Camera di Commercio. Iscrizioni online<\/strong><\/em><\/p>\n<p class=\"v1MsoNormal\" style=\"text-align: left;\" align=\"center\"><em><strong>Ci piacciono le sfide, ma soprattutto crediamo nella bellezza del nostro territorio\u00a0<\/strong><\/em><\/p>\n<p>Treviso, 2 dicembre 2023.\u00a0 Grazie al contributo di alcune figure di spicco del panorama locale, nazionale e internazionale il\u00a0prossimo 6 dicembre dalle 9.30 alle 12:30\u00a0a Treviso presso la Camera di Commercio di Treviso-Belluno|Dolomiti, si parler\u00e0 delle interessanti prospettive dell&#8217;Oleoturismo nell&#8217;evento\u00a0Oleoturismo: ingredienti per lo sviluppo sostenibile del territorio e dei siti Unesco.<\/p>\n<p><a name=\"v1m_-1688368015462005763_m_-4772927726734860557_m_8423265979217733125_m_-139048532194429444__Hlk152253864\"><\/a>&#8220;Ci piacciono le sfide, ma soprattutto crediamo nella bellezza del nostro territorio\u00a0e nella capacit\u00e0 dei nostri imprenditori orientati sempre di pi\u00f9 alla sostenibilit\u00e0 di cui l&#8217;oleoturismo ne \u00e8 assoluta espressione \u2013\u00a0commenta\u00a0Mario Pozza\u00a0Presidente della Camera di Commercio di Treviso \u2013 Belluno|Dolomiti\u00a0-. Nel corso del convegno, in occasione di Mirabilia day, capiremo come \u00e8 possibile favorire il turismo della zona pedemontana attraverso le attivit\u00e0 legate all&#8217;olio d&#8217;oliva e come\u00a0 l&#8217;oleoturismo sar\u00e0 in grado di promuovere lo sviluppo sostenibile del territorio. Affronteremo anche il tema della salute e cos\u00ec i relatori ci illustreranno quali sono i benefici dell&#8217;olio d&#8217;oliva in quanto ingrediente chiave nella dieta mediterranea. E&#8217; necessario per\u00f2 pianificare strategie, creare rete in Italia con Mirabilia Network e all&#8217;estero, con le Camere di Commercio italiane all&#8217;estero, \u00a0e individuare nuove vie strutturate per l&#8217;accoglienza, la promozione in uno stile assolutamente sostenibile.&#8221;<\/p>\n<p>&#8220;Diffondere la cultura dell&#8217;olio extravergine di oliva fra turisti e consumatori e supportare la crescita continua della filiera dell&#8217;olio \u00e8 un&#8217;opportunit\u00e0 unica per i nostri territori\u00a0&#8211; commenta l&#8217;Assessore al Turismo e all&#8217;Agricoltura del Veneto,\u00a0Federico Caner.\u00a0 &#8211;\u00a0Sono anni che come Regione puntiamo a sostenere forme di turismo green&amp;slow, con un&#8217;attenzione particolare alla sostenibilit\u00e0, e sviluppare ulteriormente l&#8217;offerta del mondo dell&#8217;olio punta proprio in questa direzione.\u00a0Partendo dalla visita nell&#8217;azienda olivicolo-olearia o nel frantoio, si pu\u00f2 dipanare un emozionante ed originale percorso di scoperta del territorio dove nasce un olio di oliva, gratificando consumatori sempre pi\u00f9 curiosi e assetati di informazioni ed esperienze concrete.&#8221;<\/p>\n<p>&#8220;Siamo lieti di collaborare con la Camera di Commercio di Treviso-Belluno|Dolomiti e Venicepromex per l&#8217;evento &#8216;Oleoturismo&#8217;, una manifestazione che incarna perfettamente la nostra missione in Mirabilia Network \u2013\u00a0evidenzia il coordinatore nazionale di Mirabilia Network\u00a0\u00a0Vito Signati\u00a0-. Questa iniziativa non solo valorizza la ricchezza culturale e naturale della nostra regione, ma si allinea anche con l&#8217;impegno di Mirabilia verso lo sviluppo sostenibile. Attraverso l&#8217;esplorazione delle tradizioni legate all&#8217;olio d&#8217;oliva, miriamo a promuovere un turismo responsabile che celebri e preservi i nostri siti UNESCO, contribuendo al contempo allo sviluppo economico locale.&#8221;<\/p>\n<p>&#8220;Oleoturismo: ingredienti per lo sviluppo sostenibile del territorio e dei siti Unesco&#8221; \u00e8 un evento gratuito, nato dalla collaborazione con Mirabilia Network e Venicepromex, per conoscere e approfondire le opportunit\u00e0 offerte da questa nuova modalit\u00e0 di accoglienza che coniuga tradizione e paesaggio, sapori e salute, esperienza sensoriale e turismo sostenibile. Un modo diverso per avvicinare il consumatore ai luoghi di produzione, favorendo le microaziende e i territori al di fuori dei grandi circuiti turistici.<\/p>\n<p>L&#8217;Oleoturismo \u00e8, tra tutte le esperienze enogastronomiche, quella che presenta le maggiori prospettive di crescita trainata dal desiderio del turista di avere un rapporto privilegiato con il produttore e di vivere pi\u00f9 intensamente i territori visitati.<\/p>\n<p class=\"v1MsoNormal\">\n<p style=\"text-align: left;\" align=\"center\"><strong><em>Nell&#8217;ambito del\u00a0Mirabilia Day\u00a0la\u00a0Camera di Commercio di Treviso-Belluno|Dolomiti, in collaborazione con\u00a0Mirabilia Network\u00a0 e\u00a0Venicepromex,<\/em><\/strong><\/p>\n<p style=\"text-align: left;\" align=\"center\"><strong><em>organizza l&#8217;evento gratuito:<\/em><\/strong><\/p>\n<p style=\"text-align: left;\" align=\"center\"><strong><em>OLEOTURISMO: INGREDIENTI PER LO SVILUPPO SOSTENIBILE\u00a0DEL TERRITORIO E DEI SITI UNESCO<\/em><\/strong><\/p>\n<p style=\"text-align: left;\" align=\"center\"><strong><em>Mercoled\u00ec 6 dicembre 2023 ore 9:30 a Treviso<\/em><\/strong><\/p>\n<p style=\"text-align: left;\" align=\"center\"><strong><em>presso\u00a0 Camera di Commercio di Treviso-Belluno|Dolomiti<\/em><\/strong><\/p>\n<p style=\"text-align: left;\" align=\"center\"><em>L&#8217;evento \u00e8 gratuito e aperto al pubblico, fino ad esaurimento dei posti disponibili<\/em><\/p>\n<p align=\"center\"><a href=\"https:\/\/padova-promex.musvc1.net\/e\/tr?q=4%3dEYHZ7%26J%3dE%26E%3d9eEX%26u%3ddHXCg%269%3d9zR4J_xygq_9i_6rYx_Fg_xygq_8nrFiQ.uFuEz6.iM1_IW1d_SLD3IsQ_6rYx_Fgj_PetV_ZT6_xygq_8nEgGq4rR1rGYoKEZnNWTKffsRIMv-8QQIS6tEDQeedyaxp7bhkhjMNqOW_PetV_ZTMoCA7uP1%265%3dsS7MiY.26z%26G7%3dZFbI%26Ky%3dZNS9YES9hL2g9oR0YK%269%3djZpa8ZraDbNR9cIRBfJ6jcsakdsYC0p37BrUgatYAatXheNR0gM2EdMa7eM2ibq5&amp;mupckp=mupAtu4m8OiX0wt\" target=\"_blank\" rel=\"noopener noreferrer\"><strong>CLICCA QUI PER ISCRIVERTI!<\/strong><\/p>\n<p><\/a>Una mattinata dedicata alla tematica dell&#8217;oleoturismo\u00a0come risorsa per la valorizzazione del territorio pedemontano e dei siti UNESCO, con particolare accento sul tema della sostenibilit\u00e0 ambientale, grazie agli interventi di alcune figure di spicco nel panorama locale e nazionale.<\/p>\n<p>L&#8217;obiettivo dell&#8217;incontro \u00e8 presentare agli operatori del settore dell&#8217;oleoturismo \u2013 grazie al contributo di alcune figure di spicco nel panorama locale e nazionale \u2013 alcune possibili azioni da mettere in campo per favorire il turismo con particolare riferimento alla zona pedemontana.<\/p>\n<p>Gli esperti dialogheranno insieme sul tema dell&#8217;oleoturismo, sia come risorsa per la valorizzazione del territorio pedemontano e dei siti UNESCO, con un particolare accento sul tema della sostenibilit\u00e0 ambientale, sia come ingrediente chiave nella dieta mediterranea.<\/p>\n<p align=\"left\"><strong>Programma<\/strong><\/p>\n<p align=\"left\">9:30 \u2013 10:00\u00a0Registrazione partecipanti e ouverture musicale a cura del Conservatorio di Musica A. Steffani<\/p>\n<p align=\"left\"><strong>10:00 \u2013 10:30\u00a0Saluti istituzionali<\/strong><\/p>\n<ul type=\"disc\">\n<li>Mario Pozza, presidente CCIAA Treviso-Belluno e Venicepromex<\/li>\n<li>Federico Caner, assessore a Fondi UE \u2013 Turismo \u2013 Agricoltura \u2013 Commercio estero della Regione del Veneto<\/li>\n<li>Rosy Silvestrini, coordinatrice regionale per il Veneto Associazione Nazionale Citt\u00e0 dell&#8217;Olio<\/li>\n<li>Vito Signati, coordinatore Associazione Mirabilia Network<\/li>\n<\/ul>\n<p align=\"left\"><strong>10:30 \u2013 10:45\u00a0Inizio interventi<\/strong><\/p>\n<ul type=\"disc\">\n<li>Roberta Garibaldi, presidente Associazione Italiana Turismo Enogastronomico<\/li>\n<\/ul>\n<p align=\"left\"><strong>10:45 \u2013 11:00\u00a0Interviste registrate<\/strong><\/p>\n<ul type=\"disc\">\n<li><span lang=\"EN-GB\">Donato Romagnolo\u00a0e Ornella Selmin<\/span><span lang=\"EN-GB\">, professors School of Nutritional Sciences and Wellness \u2013 Program Director, Mediterranean Diet and Health Study Abroad Program \u2013 professors Arizona Cancer Center \u2013 Universit\u00e0 di Tuxon (USA)<\/span><\/li>\n<li>Daniele Nucci, nutrizionista e membro del Comitato Scientifico di Health Chef\u00ae<\/li>\n<li>Fabio Dartora, faunista ed esperto di biodiversit\u00e0<\/li>\n<\/ul>\n<p align=\"left\"><strong>11:00 \u2013 12:00 Tavola rotonda<\/strong><\/p>\n<ul type=\"disc\">\n<li>Giulia Casagrande, presidente Fondazione Marca Treviso<\/li>\n<li>Orio Mocellin, consigliere Associazione Nazionale Citt\u00e0 dell&#8217;Olio<\/li>\n<li>Claudio Crotti, UNPLI Veneto, Olio in Villa &amp; Oliveti Aperti<\/li>\n<li>Peppe Sirchia, direttore generale Destination Makers<\/li>\n<li>Luigi Caricato, giornalista esperto di olivocoltura, direttore Olio Officina Magazine<\/li>\n<li>Mariarosa Bortoluzzi, sommelier dell&#8217;olio<\/li>\n<\/ul>\n<p align=\"left\">12:00 \u2013 12:30\u00a0Conclusione e saluti<\/p>\n<p align=\"left\">Modera\u00a0Anna De Roberto, giornalista<\/p>","protected":false},"excerpt":{"rendered":"<p>Pozza: non solo Prosecco ma anche Oleoturismo: una risorsa da esplorare. Mercoled\u00ec 6 dicembre evento gratuito in Camera di Commercio. Iscrizioni online Ci piacciono le sfide, ma soprattutto crediamo nella bellezza del nostro territorio\u00a0 Treviso, 2 dicembre 2023.\u00a0 Grazie al contributo di alcune figure di spicco del panorama locale, nazionale e internazionale il\u00a0prossimo 6 dicembre [&hellip;]<\/p>\n","protected":false},"author":2,"featured_media":145120,"comment_status":"closed","ping_status":"open","sticky":false,"template":"","format":"standard","meta":{"footnotes":""},"categories":[36,26,8],"tags":[],"class_list":["post-146378","post","type-post","status-publish","format-standard","has-post-thumbnail","category-lavoro-economia","category-prima-pagina","category-societa-istituzioni"],"yoast_head":"<!-- This site is optimized with the Yoast SEO plugin v28.4 - https:\/\/yoast.com\/product\/yoast-seo-wordpress\/ -->\n<title>Non solo prosecco, ma anche oleoturismo. Il convegno mercoled\u00ec 6 dicembre a Treviso alle 9:30 alla\u00a0 Camera di Commercio - Bellunopress - Dolomiti<\/title>\n<meta name=\"robots\" content=\"index, follow, max-snippet:-1, max-image-preview:large, max-video-preview:-1\" \/>\n<link rel=\"canonical\" href=\"https:\/\/www.bellunopress.it\/fr\/2023\/12\/02\/non-solo-prosecco-ma-anche-oleoturismo-il-convegno-mercoledi-6-dicembre-a-treviso-alle-930-alla-camera-di-commercio\/\" \/>\n<meta property=\"og:locale\" content=\"fr_FR\" \/>\n<meta property=\"og:type\" content=\"article\" \/>\n<meta property=\"og:title\" content=\"Non solo prosecco, ma anche oleoturismo. Il convegno mercoled\u00ec 6 dicembre a Treviso alle 9:30 alla\u00a0 Camera di Commercio - Bellunopress - Dolomiti\" \/>\n<meta property=\"og:description\" content=\"Pozza: non solo Prosecco ma anche Oleoturismo: una risorsa da esplorare. Mercoled\u00ec 6 dicembre evento gratuito in Camera di Commercio. Iscrizioni online Ci piacciono le sfide, ma soprattutto crediamo nella bellezza del nostro territorio\u00a0 Treviso, 2 dicembre 2023.\u00a0 Grazie al contributo di alcune figure di spicco del panorama locale, nazionale e internazionale il\u00a0prossimo 6 dicembre [&hellip;]\" \/>\n<meta property=\"og:url\" content=\"https:\/\/www.bellunopress.it\/fr\/2023\/12\/02\/non-solo-prosecco-ma-anche-oleoturismo-il-convegno-mercoledi-6-dicembre-a-treviso-alle-930-alla-camera-di-commercio\/\" \/>\n<meta property=\"og:site_name\" content=\"Bellunopress - Dolomiti\" \/>\n<meta property=\"article:publisher\" content=\"https:\/\/www.facebook.com\/profile.php?id=100008943462799\" \/>\n<meta property=\"article:published_time\" content=\"2023-12-02T09:54:37+00:00\" \/>\n<meta property=\"og:image\" content=\"https:\/\/www.bellunopress.it\/wp-content\/uploads\/2023\/10\/Mario-Pozza_edited.jpg\" \/>\n\t<meta property=\"og:image:width\" content=\"1000\" \/>\n\t<meta property=\"og:image:height\" content=\"800\" \/>\n\t<meta property=\"og:image:type\" content=\"image\/jpeg\" \/>\n<meta name=\"author\" content=\"redazione\" \/>\n<meta name=\"twitter:card\" content=\"summary_large_image\" \/>\n<meta name=\"twitter:creator\" content=\"@bellunopress\" \/>\n<meta name=\"twitter:site\" content=\"@bellunopress\" \/>\n<meta name=\"twitter:label1\" content=\"\u00c9crit par\" \/>\n\t<meta name=\"twitter:data1\" content=\"redazione\" \/>\n\t<meta name=\"twitter:label2\" content=\"Dur\u00e9e de lecture estim\u00e9e\" \/>\n\t<meta name=\"twitter:data2\" content=\"4 minutes\" \/>\n<script type=\"application\/ld+json\" class=\"yoast-schema-graph\">{\"@context\":\"https:\\\/\\\/schema.org\",\"@graph\":[{\"@type\":\"Article\",\"@id\":\"https:\\\/\\\/www.bellunopress.it\\\/2023\\\/12\\\/02\\\/non-solo-prosecco-ma-anche-oleoturismo-il-convegno-mercoledi-6-dicembre-a-treviso-alle-930-alla-camera-di-commercio\\\/#article\",\"isPartOf\":{\"@id\":\"https:\\\/\\\/www.bellunopress.it\\\/2023\\\/12\\\/02\\\/non-solo-prosecco-ma-anche-oleoturismo-il-convegno-mercoledi-6-dicembre-a-treviso-alle-930-alla-camera-di-commercio\\\/\"},\"author\":{\"name\":\"redazione\",\"@id\":\"https:\\\/\\\/www.bellunopress.it\\\/#\\\/schema\\\/person\\\/79bb06722b37ece1c03d3e94beb30d73\"},\"headline\":\"Non solo prosecco, ma anche oleoturismo. Il convegno mercoled\u00ec 6 dicembre a Treviso alle 9:30 alla\u00a0 Camera di Commercio\",\"datePublished\":\"2023-12-02T09:54:37+00:00\",\"mainEntityOfPage\":{\"@id\":\"https:\\\/\\\/www.bellunopress.it\\\/2023\\\/12\\\/02\\\/non-solo-prosecco-ma-anche-oleoturismo-il-convegno-mercoledi-6-dicembre-a-treviso-alle-930-alla-camera-di-commercio\\\/\"},\"wordCount\":937,\"publisher\":{\"@id\":\"https:\\\/\\\/www.bellunopress.it\\\/#organization\"},\"image\":{\"@id\":\"https:\\\/\\\/www.bellunopress.it\\\/2023\\\/12\\\/02\\\/non-solo-prosecco-ma-anche-oleoturismo-il-convegno-mercoledi-6-dicembre-a-treviso-alle-930-alla-camera-di-commercio\\\/#primaryimage\"},\"thumbnailUrl\":\"https:\\\/\\\/www.bellunopress.it\\\/wp-content\\\/uploads\\\/2023\\\/10\\\/Mario-Pozza_edited.jpg\",\"articleSection\":[\"Lavoro, Economia, Turismo\",\"Prima Pagina\",\"Societ\u00e0, Associazioni, Istituzioni\"],\"inLanguage\":\"fr-FR\"},{\"@type\":\"WebPage\",\"@id\":\"https:\\\/\\\/www.bellunopress.it\\\/2023\\\/12\\\/02\\\/non-solo-prosecco-ma-anche-oleoturismo-il-convegno-mercoledi-6-dicembre-a-treviso-alle-930-alla-camera-di-commercio\\\/\",\"url\":\"https:\\\/\\\/www.bellunopress.it\\\/2023\\\/12\\\/02\\\/non-solo-prosecco-ma-anche-oleoturismo-il-convegno-mercoledi-6-dicembre-a-treviso-alle-930-alla-camera-di-commercio\\\/\",\"name\":\"Non solo prosecco, ma anche oleoturismo. Il convegno mercoled\u00ec 6 dicembre a Treviso alle 9:30 alla\u00a0 Camera di Commercio - Bellunopress - Dolomiti\",\"isPartOf\":{\"@id\":\"https:\\\/\\\/www.bellunopress.it\\\/#website\"},\"primaryImageOfPage\":{\"@id\":\"https:\\\/\\\/www.bellunopress.it\\\/2023\\\/12\\\/02\\\/non-solo-prosecco-ma-anche-oleoturismo-il-convegno-mercoledi-6-dicembre-a-treviso-alle-930-alla-camera-di-commercio\\\/#primaryimage\"},\"image\":{\"@id\":\"https:\\\/\\\/www.bellunopress.it\\\/2023\\\/12\\\/02\\\/non-solo-prosecco-ma-anche-oleoturismo-il-convegno-mercoledi-6-dicembre-a-treviso-alle-930-alla-camera-di-commercio\\\/#primaryimage\"},\"thumbnailUrl\":\"https:\\\/\\\/www.bellunopress.it\\\/wp-content\\\/uploads\\\/2023\\\/10\\\/Mario-Pozza_edited.jpg\",\"datePublished\":\"2023-12-02T09:54:37+00:00\",\"breadcrumb\":{\"@id\":\"https:\\\/\\\/www.bellunopress.it\\\/2023\\\/12\\\/02\\\/non-solo-prosecco-ma-anche-oleoturismo-il-convegno-mercoledi-6-dicembre-a-treviso-alle-930-alla-camera-di-commercio\\\/#breadcrumb\"},\"inLanguage\":\"fr-FR\",\"potentialAction\":[{\"@type\":\"ReadAction\",\"target\":[\"https:\\\/\\\/www.bellunopress.it\\\/2023\\\/12\\\/02\\\/non-solo-prosecco-ma-anche-oleoturismo-il-convegno-mercoledi-6-dicembre-a-treviso-alle-930-alla-camera-di-commercio\\\/\"]}]},{\"@type\":\"ImageObject\",\"inLanguage\":\"fr-FR\",\"@id\":\"https:\\\/\\\/www.bellunopress.it\\\/2023\\\/12\\\/02\\\/non-solo-prosecco-ma-anche-oleoturismo-il-convegno-mercoledi-6-dicembre-a-treviso-alle-930-alla-camera-di-commercio\\\/#primaryimage\",\"url\":\"https:\\\/\\\/www.bellunopress.it\\\/wp-content\\\/uploads\\\/2023\\\/10\\\/Mario-Pozza_edited.jpg\",\"contentUrl\":\"https:\\\/\\\/www.bellunopress.it\\\/wp-content\\\/uploads\\\/2023\\\/10\\\/Mario-Pozza_edited.jpg\",\"width\":1000,\"height\":800,\"caption\":\"Mario Pozza - Presidente Camera di Commercio Treviso\\\/Belluno\\\/Dolomiti\"},{\"@type\":\"BreadcrumbList\",\"@id\":\"https:\\\/\\\/www.bellunopress.it\\\/2023\\\/12\\\/02\\\/non-solo-prosecco-ma-anche-oleoturismo-il-convegno-mercoledi-6-dicembre-a-treviso-alle-930-alla-camera-di-commercio\\\/#breadcrumb\",\"itemListElement\":[{\"@type\":\"ListItem\",\"position\":1,\"name\":\"Home\",\"item\":\"https:\\\/\\\/www.bellunopress.it\\\/\"},{\"@type\":\"ListItem\",\"position\":2,\"name\":\"Non solo prosecco, ma anche oleoturismo. Il convegno mercoled\u00ec 6 dicembre a Treviso alle 9:30 alla\u00a0 Camera di Commercio\"}]},{\"@type\":\"WebSite\",\"@id\":\"https:\\\/\\\/www.bellunopress.it\\\/#website\",\"url\":\"https:\\\/\\\/www.bellunopress.it\\\/\",\"name\":\"Bellunopress - Dolomiti\",\"description\":\"e-mail: redazione@bellunopress.it\",\"publisher\":{\"@id\":\"https:\\\/\\\/www.bellunopress.it\\\/#organization\"},\"potentialAction\":[{\"@type\":\"SearchAction\",\"target\":{\"@type\":\"EntryPoint\",\"urlTemplate\":\"https:\\\/\\\/www.bellunopress.it\\\/?s={search_term_string}\"},\"query-input\":{\"@type\":\"PropertyValueSpecification\",\"valueRequired\":true,\"valueName\":\"search_term_string\"}}],\"inLanguage\":\"fr-FR\"},{\"@type\":\"Organization\",\"@id\":\"https:\\\/\\\/www.bellunopress.it\\\/#organization\",\"name\":\"Bellunopress\",\"url\":\"https:\\\/\\\/www.bellunopress.it\\\/\",\"logo\":{\"@type\":\"ImageObject\",\"inLanguage\":\"fr-FR\",\"@id\":\"https:\\\/\\\/www.bellunopress.it\\\/#\\\/schema\\\/logo\\\/image\\\/\",\"url\":\"https:\\\/\\\/www.bellunopress.it\\\/wp-content\\\/uploads\\\/2011\\\/05\\\/cropped-logo-bellunopress-.jpg\",\"contentUrl\":\"https:\\\/\\\/www.bellunopress.it\\\/wp-content\\\/uploads\\\/2011\\\/05\\\/cropped-logo-bellunopress-.jpg\",\"width\":512,\"height\":512,\"caption\":\"Bellunopress\"},\"image\":{\"@id\":\"https:\\\/\\\/www.bellunopress.it\\\/#\\\/schema\\\/logo\\\/image\\\/\"},\"sameAs\":[\"https:\\\/\\\/www.facebook.com\\\/profile.php?id=100008943462799\",\"https:\\\/\\\/x.com\\\/bellunopress\",\"https:\\\/\\\/www.linkedin.com\\\/hp\\\/?dnr=JBzUWaJfMUw8vbXJJ2tVW5-I3jZKvC4wsoxE&amp;amp;amp;amp;amp;amp;trk=nav_responsive_tab_home\",\"https:\\\/\\\/www.youtube.com\\\/channel\\\/UCxL0wu1uN0_3_7hGG0306cw\"]},{\"@type\":\"Person\",\"@id\":\"https:\\\/\\\/www.bellunopress.it\\\/#\\\/schema\\\/person\\\/79bb06722b37ece1c03d3e94beb30d73\",\"name\":\"redazione\",\"image\":{\"@type\":\"ImageObject\",\"inLanguage\":\"fr-FR\",\"@id\":\"https:\\\/\\\/secure.gravatar.com\\\/avatar\\\/37d968a2e67a6fd04c169c4bdef102d0bc5d31b2546345219e348575eb80e9a0?s=96&d=mm&r=g\",\"url\":\"https:\\\/\\\/secure.gravatar.com\\\/avatar\\\/37d968a2e67a6fd04c169c4bdef102d0bc5d31b2546345219e348575eb80e9a0?s=96&d=mm&r=g\",\"contentUrl\":\"https:\\\/\\\/secure.gravatar.com\\\/avatar\\\/37d968a2e67a6fd04c169c4bdef102d0bc5d31b2546345219e348575eb80e9a0?s=96&d=mm&r=g\",\"caption\":\"redazione\"},\"sameAs\":[\"http:\\\/\\\/www.bellunopress.it\",\"https:\\\/\\\/x.com\\\/bellunopress\"],\"url\":\"https:\\\/\\\/www.bellunopress.it\\\/fr\\\/author\\\/redazione\\\/\"}]}<\/script>\n<!-- \/ Yoast SEO plugin. -->","yoast_head_json":{"title":"Non solo prosecco, ma anche oleoturismo. Il convegno mercoled\u00ec 6 dicembre a Treviso alle 9:30 alla\u00a0 Camera di Commercio - Bellunopress - Dolomiti","robots":{"index":"index","follow":"follow","max-snippet":"max-snippet:-1","max-image-preview":"max-image-preview:large","max-video-preview":"max-video-preview:-1"},"canonical":"https:\/\/www.bellunopress.it\/fr\/2023\/12\/02\/non-solo-prosecco-ma-anche-oleoturismo-il-convegno-mercoledi-6-dicembre-a-treviso-alle-930-alla-camera-di-commercio\/","og_locale":"fr_FR","og_type":"article","og_title":"Non solo prosecco, ma anche oleoturismo. Il convegno mercoled\u00ec 6 dicembre a Treviso alle 9:30 alla\u00a0 Camera di Commercio - Bellunopress - Dolomiti","og_description":"Pozza: non solo Prosecco ma anche Oleoturismo: una risorsa da esplorare. Mercoled\u00ec 6 dicembre evento gratuito in Camera di Commercio. Iscrizioni online Ci piacciono le sfide, ma soprattutto crediamo nella bellezza del nostro territorio\u00a0 Treviso, 2 dicembre 2023.\u00a0 Grazie al contributo di alcune figure di spicco del panorama locale, nazionale e internazionale il\u00a0prossimo 6 dicembre [&hellip;]","og_url":"https:\/\/www.bellunopress.it\/fr\/2023\/12\/02\/non-solo-prosecco-ma-anche-oleoturismo-il-convegno-mercoledi-6-dicembre-a-treviso-alle-930-alla-camera-di-commercio\/","og_site_name":"Bellunopress - Dolomiti","article_publisher":"https:\/\/www.facebook.com\/profile.php?id=100008943462799","article_published_time":"2023-12-02T09:54:37+00:00","og_image":[{"width":1000,"height":800,"url":"https:\/\/www.bellunopress.it\/wp-content\/uploads\/2023\/10\/Mario-Pozza_edited.jpg","type":"image\/jpeg"}],"author":"redazione","twitter_card":"summary_large_image","twitter_creator":"@bellunopress","twitter_site":"@bellunopress","twitter_misc":{"\u00c9crit par":"redazione","Dur\u00e9e de lecture estim\u00e9e":"4 minutes"},"schema":{"@context":"https:\/\/schema.org","@graph":[{"@type":"Article","@id":"https:\/\/www.bellunopress.it\/2023\/12\/02\/non-solo-prosecco-ma-anche-oleoturismo-il-convegno-mercoledi-6-dicembre-a-treviso-alle-930-alla-camera-di-commercio\/#article","isPartOf":{"@id":"https:\/\/www.bellunopress.it\/2023\/12\/02\/non-solo-prosecco-ma-anche-oleoturismo-il-convegno-mercoledi-6-dicembre-a-treviso-alle-930-alla-camera-di-commercio\/"},"author":{"name":"redazione","@id":"https:\/\/www.bellunopress.it\/#\/schema\/person\/79bb06722b37ece1c03d3e94beb30d73"},"headline":"Non solo prosecco, ma anche oleoturismo. Il convegno mercoled\u00ec 6 dicembre a Treviso alle 9:30 alla\u00a0 Camera di Commercio","datePublished":"2023-12-02T09:54:37+00:00","mainEntityOfPage":{"@id":"https:\/\/www.bellunopress.it\/2023\/12\/02\/non-solo-prosecco-ma-anche-oleoturismo-il-convegno-mercoledi-6-dicembre-a-treviso-alle-930-alla-camera-di-commercio\/"},"wordCount":937,"publisher":{"@id":"https:\/\/www.bellunopress.it\/#organization"},"image":{"@id":"https:\/\/www.bellunopress.it\/2023\/12\/02\/non-solo-prosecco-ma-anche-oleoturismo-il-convegno-mercoledi-6-dicembre-a-treviso-alle-930-alla-camera-di-commercio\/#primaryimage"},"thumbnailUrl":"https:\/\/www.bellunopress.it\/wp-content\/uploads\/2023\/10\/Mario-Pozza_edited.jpg","articleSection":["Lavoro, Economia, Turismo","Prima Pagina","Societ\u00e0, Associazioni, Istituzioni"],"inLanguage":"fr-FR"},{"@type":"WebPage","@id":"https:\/\/www.bellunopress.it\/2023\/12\/02\/non-solo-prosecco-ma-anche-oleoturismo-il-convegno-mercoledi-6-dicembre-a-treviso-alle-930-alla-camera-di-commercio\/","url":"https:\/\/www.bellunopress.it\/2023\/12\/02\/non-solo-prosecco-ma-anche-oleoturismo-il-convegno-mercoledi-6-dicembre-a-treviso-alle-930-alla-camera-di-commercio\/","name":"Non solo prosecco, ma anche oleoturismo. Il convegno mercoled\u00ec 6 dicembre a Treviso alle 9:30 alla\u00a0 Camera di Commercio - Bellunopress - Dolomiti","isPartOf":{"@id":"https:\/\/www.bellunopress.it\/#website"},"primaryImageOfPage":{"@id":"https:\/\/www.bellunopress.it\/2023\/12\/02\/non-solo-prosecco-ma-anche-oleoturismo-il-convegno-mercoledi-6-dicembre-a-treviso-alle-930-alla-camera-di-commercio\/#primaryimage"},"image":{"@id":"https:\/\/www.bellunopress.it\/2023\/12\/02\/non-solo-prosecco-ma-anche-oleoturismo-il-convegno-mercoledi-6-dicembre-a-treviso-alle-930-alla-camera-di-commercio\/#primaryimage"},"thumbnailUrl":"https:\/\/www.bellunopress.it\/wp-content\/uploads\/2023\/10\/Mario-Pozza_edited.jpg","datePublished":"2023-12-02T09:54:37+00:00","breadcrumb":{"@id":"https:\/\/www.bellunopress.it\/2023\/12\/02\/non-solo-prosecco-ma-anche-oleoturismo-il-convegno-mercoledi-6-dicembre-a-treviso-alle-930-alla-camera-di-commercio\/#breadcrumb"},"inLanguage":"fr-FR","potentialAction":[{"@type":"ReadAction","target":["https:\/\/www.bellunopress.it\/2023\/12\/02\/non-solo-prosecco-ma-anche-oleoturismo-il-convegno-mercoledi-6-dicembre-a-treviso-alle-930-alla-camera-di-commercio\/"]}]},{"@type":"ImageObject","inLanguage":"fr-FR","@id":"https:\/\/www.bellunopress.it\/2023\/12\/02\/non-solo-prosecco-ma-anche-oleoturismo-il-convegno-mercoledi-6-dicembre-a-treviso-alle-930-alla-camera-di-commercio\/#primaryimage","url":"https:\/\/www.bellunopress.it\/wp-content\/uploads\/2023\/10\/Mario-Pozza_edited.jpg","contentUrl":"https:\/\/www.bellunopress.it\/wp-content\/uploads\/2023\/10\/Mario-Pozza_edited.jpg","width":1000,"height":800,"caption":"Mario Pozza - Presidente Camera di Commercio Treviso\/Belluno\/Dolomiti"},{"@type":"BreadcrumbList","@id":"https:\/\/www.bellunopress.it\/2023\/12\/02\/non-solo-prosecco-ma-anche-oleoturismo-il-convegno-mercoledi-6-dicembre-a-treviso-alle-930-alla-camera-di-commercio\/#breadcrumb","itemListElement":[{"@type":"ListItem","position":1,"name":"Home","item":"https:\/\/www.bellunopress.it\/"},{"@type":"ListItem","position":2,"name":"Non solo prosecco, ma anche oleoturismo. Il convegno mercoled\u00ec 6 dicembre a Treviso alle 9:30 alla\u00a0 Camera di Commercio"}]},{"@type":"WebSite","@id":"https:\/\/www.bellunopress.it\/#website","url":"https:\/\/www.bellunopress.it\/","name":"Bellunopress - Dolomiti","description":"e-mail: redazione@bellunopress.it","publisher":{"@id":"https:\/\/www.bellunopress.it\/#organization"},"potentialAction":[{"@type":"SearchAction","target":{"@type":"EntryPoint","urlTemplate":"https:\/\/www.bellunopress.it\/?s={search_term_string}"},"query-input":{"@type":"PropertyValueSpecification","valueRequired":true,"valueName":"search_term_string"}}],"inLanguage":"fr-FR"},{"@type":"Organization","@id":"https:\/\/www.bellunopress.it\/#organization","name":"Bellunopress","url":"https:\/\/www.bellunopress.it\/","logo":{"@type":"ImageObject","inLanguage":"fr-FR","@id":"https:\/\/www.bellunopress.it\/#\/schema\/logo\/image\/","url":"https:\/\/www.bellunopress.it\/wp-content\/uploads\/2011\/05\/cropped-logo-bellunopress-.jpg","contentUrl":"https:\/\/www.bellunopress.it\/wp-content\/uploads\/2011\/05\/cropped-logo-bellunopress-.jpg","width":512,"height":512,"caption":"Bellunopress"},"image":{"@id":"https:\/\/www.bellunopress.it\/#\/schema\/logo\/image\/"},"sameAs":["https:\/\/www.facebook.com\/profile.php?id=100008943462799","https:\/\/x.com\/bellunopress","https:\/\/www.linkedin.com\/hp\/?dnr=JBzUWaJfMUw8vbXJJ2tVW5-I3jZKvC4wsoxE&amp;amp;amp;amp;amp;amp;trk=nav_responsive_tab_home","https:\/\/www.youtube.com\/channel\/UCxL0wu1uN0_3_7hGG0306cw"]},{"@type":"Person","@id":"https:\/\/www.bellunopress.it\/#\/schema\/person\/79bb06722b37ece1c03d3e94beb30d73","name":"r\u00e9daction","image":{"@type":"ImageObject","inLanguage":"fr-FR","@id":"https:\/\/secure.gravatar.com\/avatar\/37d968a2e67a6fd04c169c4bdef102d0bc5d31b2546345219e348575eb80e9a0?s=96&d=mm&r=g","url":"https:\/\/secure.gravatar.com\/avatar\/37d968a2e67a6fd04c169c4bdef102d0bc5d31b2546345219e348575eb80e9a0?s=96&d=mm&r=g","contentUrl":"https:\/\/secure.gravatar.com\/avatar\/37d968a2e67a6fd04c169c4bdef102d0bc5d31b2546345219e348575eb80e9a0?s=96&d=mm&r=g","caption":"redazione"},"sameAs":["http:\/\/www.bellunopress.it","https:\/\/x.com\/bellunopress"],"url":"https:\/\/www.bellunopress.it\/fr\/author\/redazione\/"}]}},"_links":{"self":[{"href":"https:\/\/www.bellunopress.it\/fr\/wp-json\/wp\/v2\/posts\/146378","targetHints":{"allow":["GET"]}}],"collection":[{"href":"https:\/\/www.bellunopress.it\/fr\/wp-json\/wp\/v2\/posts"}],"about":[{"href":"https:\/\/www.bellunopress.it\/fr\/wp-json\/wp\/v2\/types\/post"}],"author":[{"embeddable":true,"href":"https:\/\/www.bellunopress.it\/fr\/wp-json\/wp\/v2\/users\/2"}],"replies":[{"embeddable":true,"href":"https:\/\/www.bellunopress.it\/fr\/wp-json\/wp\/v2\/comments?post=146378"}],"version-history":[{"count":1,"href":"https:\/\/www.bellunopress.it\/fr\/wp-json\/wp\/v2\/posts\/146378\/revisions"}],"predecessor-version":[{"id":146379,"href":"https:\/\/www.bellunopress.it\/fr\/wp-json\/wp\/v2\/posts\/146378\/revisions\/146379"}],"wp:featuredmedia":[{"embeddable":true,"href":"https:\/\/www.bellunopress.it\/fr\/wp-json\/wp\/v2\/media\/145120"}],"wp:attachment":[{"href":"https:\/\/www.bellunopress.it\/fr\/wp-json\/wp\/v2\/media?parent=146378"}],"wp:term":[{"taxonomy":"category","embeddable":true,"href":"https:\/\/www.bellunopress.it\/fr\/wp-json\/wp\/v2\/categories?post=146378"},{"taxonomy":"post_tag","embeddable":true,"href":"https:\/\/www.bellunopress.it\/fr\/wp-json\/wp\/v2\/tags?post=146378"}],"curies":[{"name":"wp","href":"https:\/\/api.w.org\/{rel}","templated":true}]}}