{"id":146376,"date":"2023-12-01T21:45:43","date_gmt":"2023-12-01T20:45:43","guid":{"rendered":"https:\/\/www.bellunopress.it\/?p=146376"},"modified":"2023-12-01T21:45:43","modified_gmt":"2023-12-01T20:45:43","slug":"ulss-dolomiti-assegnati-205-incarichi-da-maggio-presentati-i-21-capi-dipartimento","status":"publish","type":"post","link":"https:\/\/www.bellunopress.it\/fr\/2023\/12\/01\/ulss-dolomiti-assegnati-205-incarichi-da-maggio-presentati-i-21-capi-dipartimento\/","title":{"rendered":"Ulss Dolomiti. Assegnati 205 incarichi da maggio. Presentati i 21 capi dipartimento"},"content":{"rendered":"<p><img loading=\"lazy\" decoding=\"async\" class=\"alignleft size-full wp-image-122834\" src=\"https:\/\/www.bellunopress.it\/wp-content\/uploads\/2021\/03\/Ulss-Dolomiti_edited.jpg\" alt=\"\" width=\"900\" height=\"900\" srcset=\"https:\/\/www.bellunopress.it\/wp-content\/uploads\/2021\/03\/Ulss-Dolomiti_edited.jpg 900w, https:\/\/www.bellunopress.it\/wp-content\/uploads\/2021\/03\/Ulss-Dolomiti_edited-500x500.jpg 500w, https:\/\/www.bellunopress.it\/wp-content\/uploads\/2021\/03\/Ulss-Dolomiti_edited-300x300.jpg 300w, https:\/\/www.bellunopress.it\/wp-content\/uploads\/2021\/03\/Ulss-Dolomiti_edited-696x696.jpg 696w, https:\/\/www.bellunopress.it\/wp-content\/uploads\/2021\/03\/Ulss-Dolomiti_edited-420x420.jpg 420w\" sizes=\"auto, (max-width: 900px) 100vw, 900px\" \/>Belluno, 1\u00b0 dicembre 2023 &#8211; Oggi il Commissario Dal Ben ha presentato i 21 nuovi direttori di Dipartimento strutturali, funzionali e transmurali dell&#8217;Ulss Dolomiti.<\/p>\n<div>Da maggio, sono stati assegnati 205 incarichi, andando a completare l&#8217;organizzazione aziendale e valorizzando le professionalit\u00e0 che vi operano.<\/div>\n<div>I nuovi primari sono stati 9, 21 i responsabili di unit\u00e0 operativa semplice o semplice dipartimentale, 14 gli incarichi di alta o altissima specializzazione. \u00e9 inoltre\u00a0in corso l&#8217;assegnazione di 140 incarichi di funzione al personale del comparto.<\/div>\n<div>Oggi, l&#8217;Ulss si \u00e8 consolidata con la nomina dei direttori di dipartimento che avranno il compito di sviluppare una organizzazione trasversale dei servizi, per uniformare i percorsi e favorire la multidisciplinariet\u00e0.\u00a0 Sono state scelte professionalit\u00e0 provenienti da tutti e 5 gli ospedali dell&#8217;Ulss Dolomiti, confermando l&#8217;attenzione al territorio nella sua globalit\u00e0. Ai direttori sono stati affiancati i coordinatori infermieristici, con l&#8217;intento di valorizzare il lavoro di squadra. Ad ogni Dipartimento sono stati dati obiettivi specifici, tra cui quello di lavorare sulle liste di attesa e quello di attrarre nuovi professionisti.<\/div>\n<div><\/div>\n<div>\n<table class=\"v1gmail-MsoTableGrid\" border=\"1\" width=\"1238\" cellspacing=\"0\" cellpadding=\"0\" align=\"left\">\n<tbody>\n<tr>\n<td valign=\"top\" width=\"44\">\n<p class=\"v1MsoNormal\">1<\/p>\n<\/td>\n<td valign=\"top\" width=\"509\">\n<p class=\"v1MsoNormal\">Dipartimento area Chirurgica Belluno<\/p>\n<\/td>\n<td valign=\"top\" width=\"331\">\n<p class=\"v1MsoNormal\"><b>Fabio Ricagna<\/b><\/p>\n<p class=\"v1MsoNormal\"><i>Direttore Chirurgia BL<\/i><i><\/i><\/p>\n<\/td>\n<td valign=\"top\" width=\"354\">\n<p class=\"v1MsoNormal\"><b>Daniela Gobbato<\/b><\/p>\n<p class=\"v1MsoNormal\"><i>Coordinatore Chirurgia Belluno<\/i><i><\/i><\/p>\n<\/td>\n<\/tr>\n<tr>\n<td valign=\"top\" width=\"44\">\n<p class=\"v1MsoNormal\">2<\/p>\n<\/td>\n<td valign=\"top\" width=\"509\">\n<p class=\"v1MsoNormal\">Dipartimento Diagnostico e di interventistica Belluno<\/p>\n<\/td>\n<td valign=\"top\" width=\"331\">\n<p class=\"v1MsoNormal\"><b>Giovanni Balestriero<\/b><br \/>\n<i>Direttore Radiologia BL<\/i><\/p>\n<\/td>\n<td valign=\"top\" width=\"354\">\n<p class=\"v1MsoNormal\"><b>Matteo Costa<\/b><\/p>\n<p class=\"v1MsoNormal\"><i>Coordinatore Radiologia Belluno<\/i><b><\/b><\/p>\n<\/td>\n<\/tr>\n<tr>\n<td valign=\"top\" width=\"44\">\n<p class=\"v1MsoNormal\">3<\/p>\n<\/td>\n<td valign=\"top\" width=\"509\">\n<p class=\"v1MsoNormal\">Dipartimento area Critica Belluno<\/p>\n<\/td>\n<td valign=\"top\" width=\"331\">\n<p class=\"v1MsoNormal\"><b>Enzo Chemello<\/b><\/p>\n<p class=\"v1MsoNormal\"><i>Direttore PS Pieve<\/i><\/p>\n<\/td>\n<td valign=\"top\" width=\"354\">\n<p class=\"v1MsoNormal\"><b>Paolo Casarin<\/b><\/p>\n<p class=\"v1MsoNormal\"><i>Coordinatore SUEM e PS Pieve<\/i><b><\/b><\/p>\n<\/td>\n<\/tr>\n<tr>\n<td valign=\"top\" width=\"44\">\n<p class=\"v1MsoNormal\">4<\/p>\n<\/td>\n<td valign=\"top\" width=\"509\">\n<p class=\"v1MsoNormal\">Dipartimento area Specialistica Belluno<\/p>\n<p class=\"v1MsoNormal\">\n<\/td>\n<td valign=\"top\" width=\"331\">\n<p class=\"v1MsoNormal\"><b>Rodolfo Muzzolon<\/b><\/p>\n<p class=\"v1MsoNormal\"><i>Direttore Pneumo BL<\/i><\/p>\n<\/td>\n<td valign=\"top\" width=\"354\">\n<p class=\"v1MsoNormal\"><b>Ellen Losso<\/b><\/p>\n<p class=\"v1MsoNormal\"><i>Coordinatore Endoscopia Belluno<\/i><b><\/b><\/p>\n<\/td>\n<\/tr>\n<tr>\n<td valign=\"top\" width=\"44\">\n<p class=\"v1MsoNormal\">5<\/p>\n<\/td>\n<td valign=\"top\" width=\"509\">\n<p class=\"v1MsoNormal\">Dipartimento area Medica Belluno<\/p>\n<\/td>\n<td valign=\"top\" width=\"331\">\n<p class=\"v1MsoNormal\"><b>Francesco Minniti<\/b><\/p>\n<p class=\"v1MsoNormal\"><i>Direttore Medicina Agordo<\/i><\/p>\n<\/td>\n<td valign=\"top\" width=\"354\">\n<p class=\"v1MsoNormal\"><b>Paola Fullin<\/b><\/p>\n<p class=\"v1MsoNormal\"><i>Coordinatore Medicina Agordo<\/i><b><\/b><\/p>\n<\/td>\n<\/tr>\n<tr>\n<td valign=\"top\" width=\"44\">\n<p class=\"v1MsoNormal\">7<\/p>\n<\/td>\n<td valign=\"top\" width=\"509\">\n<p class=\"v1MsoNormal\">Dipartimento area Chirurgica Feltre<\/p>\n<\/td>\n<td valign=\"top\" width=\"331\">\n<p class=\"v1MsoNormal\"><b>Roberto Bertoldin<\/b><\/p>\n<p class=\"v1MsoNormal\"><i>Direttore Urologia FE<\/i><\/p>\n<\/td>\n<td valign=\"top\" width=\"354\">\n<p class=\"v1MsoNormal\"><b>Walter De Carli<\/b><\/p>\n<p class=\"v1MsoNormal\"><i>Coordinatore Gruppo Operatorio Feltre<\/i><b><\/b><\/p>\n<\/td>\n<\/tr>\n<tr>\n<td valign=\"top\" width=\"44\">\n<p class=\"v1MsoNormal\">8<\/p>\n<\/td>\n<td valign=\"top\" width=\"509\">\n<p class=\"v1MsoNormal\">Dipartimento area Medica Feltre<\/p>\n<p class=\"v1MsoNormal\">\n<\/td>\n<td valign=\"top\" width=\"331\">\n<p class=\"v1MsoNormal\"><b>Cinzia Omiciuolo<\/b><\/p>\n<p class=\"v1MsoNormal\"><i>Direttore Geriatria FE<\/i><\/p>\n<\/td>\n<td valign=\"top\" width=\"354\">\n<p class=\"v1MsoNormal\"><b>Manuela Puppi<\/b><\/p>\n<p class=\"v1MsoNormal\"><i>Coordinatore Geriatria Feltre<\/i><b><\/b><\/p>\n<\/td>\n<\/tr>\n<tr>\n<td valign=\"top\" width=\"44\">\n<p class=\"v1MsoNormal\">9<\/p>\n<\/td>\n<td valign=\"top\" width=\"509\">\n<p class=\"v1MsoNormal\">Dipartimento Diagnostico e dei servizi Feltre<\/p>\n<\/td>\n<td valign=\"top\" width=\"331\">\n<p class=\"v1MsoNormal\"><b>Riccardo Berletti<\/b><\/p>\n<p class=\"v1MsoNormal\"><i>Direttore Radiologia FE<\/i><\/p>\n<\/td>\n<td valign=\"top\" width=\"354\">\n<p class=\"v1MsoNormal\"><b>Laura Brandstetter<\/b><\/p>\n<p class=\"v1MsoNormal\"><i>Coordinatore Radiologia Feltre<\/i><b><\/b><\/p>\n<\/td>\n<\/tr>\n<\/tbody>\n<\/table>\n<p class=\"v1MsoNormal\"><b>\u00a0<\/b><\/p>\n<p class=\"v1MsoNormal\"><b>\u00a0<\/b><\/p>\n<p class=\"v1MsoNormal\"><b>DIPARTIMENTI FUNZIONALI<\/b><\/p>\n<p class=\"v1MsoNormal\">\n<table class=\"v1gmail-MsoTableGrid\" border=\"1\" width=\"1202\" cellspacing=\"0\" cellpadding=\"0\">\n<tbody>\n<tr>\n<td valign=\"top\" width=\"44\">\n<p class=\"v1MsoNormal\" align=\"center\"><b>\u00a0<\/b><\/p>\n<\/td>\n<td valign=\"top\" width=\"450\">\n<p class=\"v1MsoNormal\" align=\"center\"><b>Dipartimenti funzionali<\/b><\/p>\n<\/td>\n<td valign=\"top\" width=\"378\">\n<p class=\"v1MsoNormal\" align=\"center\"><b>Direttore\/coordinatore<\/b><\/p>\n<\/td>\n<td valign=\"top\" width=\"331\">\n<p class=\"v1MsoNormal\" align=\"center\"><b>Coordinatore<\/b><\/p>\n<\/td>\n<\/tr>\n<tr>\n<td valign=\"top\" width=\"44\">\n<p class=\"v1MsoNormal\">1<\/p>\n<\/td>\n<td valign=\"top\" width=\"450\">\n<p class=\"v1MsoNormal\">Dipartimento Cardiovascolare<\/p>\n<\/td>\n<td valign=\"top\" width=\"378\">\n<p class=\"v1MsoNormal\"><b>Alessandro De Leo<\/b><\/p>\n<p class=\"v1MsoNormal\"><i>Direttore Cardiologia BL<\/i><\/p>\n<\/td>\n<td valign=\"top\" width=\"331\">\n<p class=\"v1MsoNormal\"><b>Denis De Marchi<\/b><\/p>\n<p class=\"v1MsoNormal\"><i>Coordinatore Cardiologia Feltre<\/i><b><\/b><\/p>\n<\/td>\n<\/tr>\n<tr>\n<td valign=\"top\" width=\"44\">\n<p class=\"v1MsoNormal\">2<\/p>\n<\/td>\n<td valign=\"top\" width=\"450\">\n<p class=\"v1MsoNormal\">Dipartimento Malattie Infettive<\/p>\n<\/td>\n<td valign=\"top\" width=\"378\">\n<p class=\"v1MsoNormal\"><b>Renzo Scaggiante<\/b><\/p>\n<p class=\"v1MsoNormal\"><i>Direttore Malattie Infettive<\/i><\/p>\n<\/td>\n<td valign=\"top\" width=\"331\">\n<p class=\"v1MsoNormal\"><b>Marilisa Celato<\/b><\/p>\n<p class=\"v1MsoNormal\"><i>Coordinatore Pediatria Belluno<\/i><b><\/b><\/p>\n<\/td>\n<\/tr>\n<tr>\n<td valign=\"top\" width=\"44\">\n<p class=\"v1MsoNormal\">3<\/p>\n<\/td>\n<td valign=\"top\" width=\"450\">\n<p class=\"v1MsoNormal\">Dipartimento di Sanit\u00e0 pubblica, veterinaria, sicurezza alimentare<\/p>\n<p class=\"v1MsoNormal\">\n<\/td>\n<td valign=\"top\" width=\"378\">\n<p class=\"v1MsoNormal\"><b>Paolo Camerotto<\/b><\/p>\n<p class=\"v1MsoNormal\"><i>Direttore Servizio Veterinario di Igiene degli allevamenti e delle produzioni zootecniche<\/i><i><\/i><\/p>\n<\/td>\n<td valign=\"top\" width=\"331\">\n<p class=\"v1MsoNormal\"><b>Monica Tissi<\/b><\/p>\n<p class=\"v1MsoNormal\"><i>Coordinatore sicurezza alimentare<\/i><b><\/b><\/p>\n<\/td>\n<\/tr>\n<tr>\n<td valign=\"top\" width=\"44\">\n<p class=\"v1MsoNormal\">4<\/p>\n<\/td>\n<td valign=\"top\" width=\"450\">\n<p class=\"v1MsoNormal\">Dipartimento Chirurgia Oncologica gastroenterologica<\/p>\n<\/td>\n<td valign=\"top\" width=\"378\">\n<p class=\"v1MsoNormal\"><b>Andrea Buda<\/b><\/p>\n<p class=\"v1MsoNormal\"><i>Direttore Gastroenterologia FE<\/i><\/p>\n<\/td>\n<td valign=\"top\" width=\"331\">\n<p class=\"v1MsoNormal\"><b>Donatella Da Rui<\/b><\/p>\n<p class=\"v1MsoNormal\"><i>Coordinatore Chirurgia Feltre<\/i><b><\/b><\/p>\n<\/td>\n<\/tr>\n<tr>\n<td valign=\"top\" width=\"44\">\n<p class=\"v1MsoNormal\">5<\/p>\n<\/td>\n<td valign=\"top\" width=\"450\">\n<p class=\"v1MsoNormal\">Dipartimento Emergenza-Urgenza<\/p>\n<\/td>\n<td valign=\"top\" width=\"378\">\n<p class=\"v1MsoNormal\"><b>Edoardo Rossi<\/b><\/p>\n<p class=\"v1MsoNormal\"><i>Direttore PS FE<\/i><\/p>\n<\/td>\n<td valign=\"top\" width=\"331\">\n<p class=\"v1MsoNormal\"><b>Mauro Sonego<\/b><\/p>\n<p class=\"v1MsoNormal\"><i>Coordinatore PS Agordo<\/i><b><\/b><\/p>\n<\/td>\n<\/tr>\n<tr>\n<td valign=\"top\" width=\"44\">\n<p class=\"v1MsoNormal\">6<\/p>\n<\/td>\n<td valign=\"top\" width=\"450\">\n<p class=\"v1MsoNormal\">Dipartimento Materno &#8211; Infantile<\/p>\n<\/td>\n<td valign=\"top\" width=\"378\">\n<p class=\"v1MsoNormal\"><b>Stefano Marzini<\/b><\/p>\n<p class=\"v1MsoNormal\"><i>Direttore Pediatria BL<\/i><\/p>\n<\/td>\n<td valign=\"top\" width=\"331\">\n<p class=\"v1MsoNormal\"><b>Elda Cengia<\/b><\/p>\n<p class=\"v1MsoNormal\"><i>Coordinatore Ostetricia Feltre<\/i><b><\/b><\/p>\n<\/td>\n<\/tr>\n<tr>\n<td valign=\"top\" width=\"44\">\n<p class=\"v1MsoNormal\">7<\/p>\n<\/td>\n<td valign=\"top\" width=\"450\">\n<p class=\"v1MsoNormal\">Dipartimento Oncologia Clinica<\/p>\n<p class=\"v1MsoNormal\">\n<\/td>\n<td valign=\"top\" width=\"378\">\n<p class=\"v1MsoNormal\"><b>Fable Zustovich<\/b><\/p>\n<p class=\"v1MsoNormal\"><i>Direttore Oncologia BL<\/i><\/p>\n<\/td>\n<td valign=\"top\" width=\"331\">\n<p class=\"v1MsoNormal\"><b>Rosita Dalla Rosa<\/b><\/p>\n<p class=\"v1MsoNormal\"><i>Coordinatore Oncologia Feltre<\/i><b><\/b><\/p>\n<\/td>\n<\/tr>\n<tr>\n<td valign=\"top\" width=\"44\">\n<p class=\"v1MsoNormal\">8<\/p>\n<\/td>\n<td valign=\"top\" width=\"450\">\n<p class=\"v1MsoNormal\">Dipartimento Nefro &#8211; Urologico<\/p>\n<p class=\"v1MsoNormal\">\n<\/td>\n<td valign=\"top\" width=\"378\">\n<p class=\"v1MsoNormal\"><b>Andrea Bandera<\/b><\/p>\n<p class=\"v1MsoNormal\"><i>Direttore Nefrologia BL<\/i><\/p>\n<\/td>\n<td valign=\"top\" width=\"331\">\n<p class=\"v1MsoNormal\"><b>Irene Toigo<\/b><\/p>\n<p class=\"v1MsoNormal\"><i>Coordinatore Dialisi Feltre<\/i><b><\/b><\/p>\n<\/td>\n<\/tr>\n<tr>\n<td valign=\"top\" width=\"44\">\n<p class=\"v1MsoNormal\">9<\/p>\n<\/td>\n<td valign=\"top\" width=\"450\">\n<p class=\"v1MsoNormal\">Dipartimento del Farmaco<\/p>\n<\/td>\n<td valign=\"top\" width=\"378\">\n<p class=\"v1MsoNormal\"><b>Emanuela Salvatico<\/b><\/p>\n<p class=\"v1MsoNormal\"><i>Direttore Farmacia Ospedaliera BL<\/i><\/p>\n<\/td>\n<td valign=\"top\" width=\"331\">\n<p class=\"v1MsoNormal\"><b>Stefania Cesa<\/b><\/p>\n<p class=\"v1MsoNormal\"><i>Coordinatore Farmacia Feltre<\/i><b><\/b><\/p>\n<\/td>\n<\/tr>\n<\/tbody>\n<\/table>\n<p class=\"v1MsoNormal\"><b>\u00a0<\/b><\/p>\n<p class=\"v1MsoNormal\"><b>\u00a0<\/b><\/p>\n<p class=\"v1MsoNormal\"><b>\u00a0<\/b><\/p>\n<p class=\"v1MsoNormal\"><b>ALTRI DIPARTIMENTI<\/b><\/p>\n<table class=\"v1gmail-MsoTableGrid\" border=\"1\" cellspacing=\"0\" cellpadding=\"0\">\n<tbody>\n<tr>\n<td valign=\"top\" width=\"44\">\n<p class=\"v1MsoNormal\" align=\"center\"><b>\u00a0<\/b><\/p>\n<\/td>\n<td valign=\"top\" width=\"407\">\n<p class=\"v1MsoNormal\" align=\"center\"><b>Dipartimenti<\/b><\/p>\n<\/td>\n<td valign=\"top\" width=\"325\">\n<p class=\"v1MsoNormal\" align=\"center\"><b>Direttore\/coordinatore<\/b><\/p>\n<\/td>\n<td valign=\"top\" width=\"379\">\n<p class=\"v1MsoNormal\" align=\"center\"><b>Coordinatore<\/b><\/p>\n<\/td>\n<\/tr>\n<tr>\n<td valign=\"top\" width=\"44\">\n<p class=\"v1MsoNormal\">1<\/p>\n<\/td>\n<td valign=\"top\" width=\"407\">\n<p class=\"v1MsoNormal\">Dipartimento di Prevenzione<\/p>\n<\/td>\n<td valign=\"top\" width=\"325\">\n<p class=\"v1MsoNormal\"><b>Sandro Cinquetti<\/b><\/p>\n<p class=\"v1MsoNormal\"><i>Direttore SISP<\/i><\/p>\n<\/td>\n<td valign=\"top\" width=\"379\">\n<p class=\"v1MsoNormal\">Patrizia Curto<\/p>\n<p class=\"v1MsoNormal\"><i>Coordinatore SPISAL e Igiene Pubblica<\/i><i><\/i><\/p>\n<\/td>\n<\/tr>\n<tr>\n<td valign=\"top\" width=\"44\">\n<p class=\"v1MsoNormal\">2<\/p>\n<\/td>\n<td valign=\"top\" width=\"407\">\n<p class=\"v1MsoNormal\">Dipartimento di Riabilitazione Ospedale Territorio<\/p>\n<\/td>\n<td valign=\"top\" width=\"325\">\n<p class=\"v1MsoNormal\"><b>Massimo Ballotta<\/b><\/p>\n<p class=\"v1MsoNormal\"><b><i>Direttore RRF Feltre e Lamon<\/i><\/b><b><i><\/i><\/b><\/p>\n<\/td>\n<td valign=\"top\" width=\"379\">\n<p class=\"v1MsoNormal\" align=\"center\">\/<\/p>\n<\/td>\n<\/tr>\n<tr>\n<td valign=\"top\" width=\"44\">\n<p class=\"v1MsoNormal\">3<\/p>\n<\/td>\n<td valign=\"top\" width=\"407\">\n<p class=\"v1MsoNormal\">Dipartimento di Salute Mentale<\/p>\n<\/td>\n<td valign=\"top\" width=\"325\">\n<p class=\"v1MsoNormal\"><b>Aldo Gatto<\/b><\/p>\n<p class=\"v1MsoNormal\"><b><i>Direttore Psichiatria Belluno<\/i><\/b><b><i><\/i><\/b><\/p>\n<\/td>\n<td valign=\"top\" width=\"379\">\n<p class=\"v1MsoNormal\" align=\"center\">\/<\/p>\n<\/td>\n<\/tr>\n<tr>\n<td valign=\"top\" width=\"44\">\n<p class=\"v1MsoNormal\">4<\/p>\n<\/td>\n<td valign=\"top\" width=\"407\">\n<p class=\"v1MsoNormal\">Dipartimento delle Dipendenze<\/p>\n<\/td>\n<td valign=\"top\" width=\"325\">\n<p class=\"v1MsoNormal\"><b>Amalia Manzan<\/b><\/p>\n<p class=\"v1MsoNormal\"><b><i>Direttore Dipendenze<\/i><\/b><b><i><\/i><\/b><\/p>\n<\/td>\n<td valign=\"top\" width=\"379\">\n<p class=\"v1MsoNormal\" align=\"center\">\/<\/p>\n<\/td>\n<\/tr>\n<\/tbody>\n<\/table>\n<div><\/div>\n<p><span class=\"v1gmail_signature_prefix\">&#8212;<\/span><\/div>","protected":false},"excerpt":{"rendered":"<p>Belluno, 1\u00b0 dicembre 2023 &#8211; Oggi il Commissario Dal Ben ha presentato i 21 nuovi direttori di Dipartimento strutturali, funzionali e transmurali dell&#8217;Ulss Dolomiti. Da maggio, sono stati assegnati 205 incarichi, andando a completare l&#8217;organizzazione aziendale e valorizzando le professionalit\u00e0 che vi operano. I nuovi primari sono stati 9, 21 i responsabili di unit\u00e0 operativa [&hellip;]<\/p>\n","protected":false},"author":2,"featured_media":122834,"comment_status":"closed","ping_status":"open","sticky":false,"template":"","format":"standard","meta":{"footnotes":""},"categories":[26,17],"tags":[],"class_list":["post-146376","post","type-post","status-publish","format-standard","has-post-thumbnail","category-prima-pagina","category-sanita"],"yoast_head":"<!-- This site is optimized with the Yoast SEO plugin v28.4 - https:\/\/yoast.com\/product\/yoast-seo-wordpress\/ -->\n<title>Ulss Dolomiti. Assegnati 205 incarichi da maggio. Presentati i 21 capi dipartimento - Bellunopress - Dolomiti<\/title>\n<meta name=\"robots\" content=\"index, follow, max-snippet:-1, max-image-preview:large, max-video-preview:-1\" \/>\n<link rel=\"canonical\" href=\"https:\/\/www.bellunopress.it\/fr\/2023\/12\/01\/ulss-dolomiti-assegnati-205-incarichi-da-maggio-presentati-i-21-capi-dipartimento\/\" \/>\n<meta property=\"og:locale\" content=\"fr_FR\" \/>\n<meta property=\"og:type\" content=\"article\" \/>\n<meta property=\"og:title\" content=\"Ulss Dolomiti. Assegnati 205 incarichi da maggio. Presentati i 21 capi dipartimento - Bellunopress - Dolomiti\" \/>\n<meta property=\"og:description\" content=\"Belluno, 1\u00b0 dicembre 2023 &#8211; Oggi il Commissario Dal Ben ha presentato i 21 nuovi direttori di Dipartimento strutturali, funzionali e transmurali dell&#8217;Ulss Dolomiti. Da maggio, sono stati assegnati 205 incarichi, andando a completare l&#8217;organizzazione aziendale e valorizzando le professionalit\u00e0 che vi operano. I nuovi primari sono stati 9, 21 i responsabili di unit\u00e0 operativa [&hellip;]\" \/>\n<meta property=\"og:url\" content=\"https:\/\/www.bellunopress.it\/fr\/2023\/12\/01\/ulss-dolomiti-assegnati-205-incarichi-da-maggio-presentati-i-21-capi-dipartimento\/\" \/>\n<meta property=\"og:site_name\" content=\"Bellunopress - Dolomiti\" \/>\n<meta property=\"article:publisher\" content=\"https:\/\/www.facebook.com\/profile.php?id=100008943462799\" \/>\n<meta property=\"article:published_time\" content=\"2023-12-01T20:45:43+00:00\" \/>\n<meta property=\"og:image\" content=\"https:\/\/www.bellunopress.it\/wp-content\/uploads\/2021\/03\/Ulss-Dolomiti_edited.jpg\" \/>\n\t<meta property=\"og:image:width\" content=\"900\" \/>\n\t<meta property=\"og:image:height\" content=\"900\" \/>\n\t<meta property=\"og:image:type\" content=\"image\/jpeg\" \/>\n<meta name=\"author\" content=\"redazione\" \/>\n<meta name=\"twitter:card\" content=\"summary_large_image\" \/>\n<meta name=\"twitter:creator\" content=\"@bellunopress\" \/>\n<meta name=\"twitter:site\" content=\"@bellunopress\" \/>\n<meta name=\"twitter:label1\" content=\"\u00c9crit par\" \/>\n\t<meta name=\"twitter:data1\" content=\"redazione\" \/>\n\t<meta name=\"twitter:label2\" content=\"Dur\u00e9e de lecture estim\u00e9e\" \/>\n\t<meta name=\"twitter:data2\" content=\"2 minutes\" \/>\n<script type=\"application\/ld+json\" class=\"yoast-schema-graph\">{\"@context\":\"https:\\\/\\\/schema.org\",\"@graph\":[{\"@type\":\"Article\",\"@id\":\"https:\\\/\\\/www.bellunopress.it\\\/2023\\\/12\\\/01\\\/ulss-dolomiti-assegnati-205-incarichi-da-maggio-presentati-i-21-capi-dipartimento\\\/#article\",\"isPartOf\":{\"@id\":\"https:\\\/\\\/www.bellunopress.it\\\/2023\\\/12\\\/01\\\/ulss-dolomiti-assegnati-205-incarichi-da-maggio-presentati-i-21-capi-dipartimento\\\/\"},\"author\":{\"name\":\"redazione\",\"@id\":\"https:\\\/\\\/www.bellunopress.it\\\/#\\\/schema\\\/person\\\/79bb06722b37ece1c03d3e94beb30d73\"},\"headline\":\"Ulss Dolomiti. Assegnati 205 incarichi da maggio. Presentati i 21 capi dipartimento\",\"datePublished\":\"2023-12-01T20:45:43+00:00\",\"mainEntityOfPage\":{\"@id\":\"https:\\\/\\\/www.bellunopress.it\\\/2023\\\/12\\\/01\\\/ulss-dolomiti-assegnati-205-incarichi-da-maggio-presentati-i-21-capi-dipartimento\\\/\"},\"wordCount\":488,\"publisher\":{\"@id\":\"https:\\\/\\\/www.bellunopress.it\\\/#organization\"},\"image\":{\"@id\":\"https:\\\/\\\/www.bellunopress.it\\\/2023\\\/12\\\/01\\\/ulss-dolomiti-assegnati-205-incarichi-da-maggio-presentati-i-21-capi-dipartimento\\\/#primaryimage\"},\"thumbnailUrl\":\"https:\\\/\\\/www.bellunopress.it\\\/wp-content\\\/uploads\\\/2021\\\/03\\\/Ulss-Dolomiti_edited.jpg\",\"articleSection\":[\"Prima Pagina\",\"Sanit\u00e0 Medicina\"],\"inLanguage\":\"fr-FR\"},{\"@type\":\"WebPage\",\"@id\":\"https:\\\/\\\/www.bellunopress.it\\\/2023\\\/12\\\/01\\\/ulss-dolomiti-assegnati-205-incarichi-da-maggio-presentati-i-21-capi-dipartimento\\\/\",\"url\":\"https:\\\/\\\/www.bellunopress.it\\\/2023\\\/12\\\/01\\\/ulss-dolomiti-assegnati-205-incarichi-da-maggio-presentati-i-21-capi-dipartimento\\\/\",\"name\":\"Ulss Dolomiti. Assegnati 205 incarichi da maggio. Presentati i 21 capi dipartimento - Bellunopress - Dolomiti\",\"isPartOf\":{\"@id\":\"https:\\\/\\\/www.bellunopress.it\\\/#website\"},\"primaryImageOfPage\":{\"@id\":\"https:\\\/\\\/www.bellunopress.it\\\/2023\\\/12\\\/01\\\/ulss-dolomiti-assegnati-205-incarichi-da-maggio-presentati-i-21-capi-dipartimento\\\/#primaryimage\"},\"image\":{\"@id\":\"https:\\\/\\\/www.bellunopress.it\\\/2023\\\/12\\\/01\\\/ulss-dolomiti-assegnati-205-incarichi-da-maggio-presentati-i-21-capi-dipartimento\\\/#primaryimage\"},\"thumbnailUrl\":\"https:\\\/\\\/www.bellunopress.it\\\/wp-content\\\/uploads\\\/2021\\\/03\\\/Ulss-Dolomiti_edited.jpg\",\"datePublished\":\"2023-12-01T20:45:43+00:00\",\"breadcrumb\":{\"@id\":\"https:\\\/\\\/www.bellunopress.it\\\/2023\\\/12\\\/01\\\/ulss-dolomiti-assegnati-205-incarichi-da-maggio-presentati-i-21-capi-dipartimento\\\/#breadcrumb\"},\"inLanguage\":\"fr-FR\",\"potentialAction\":[{\"@type\":\"ReadAction\",\"target\":[\"https:\\\/\\\/www.bellunopress.it\\\/2023\\\/12\\\/01\\\/ulss-dolomiti-assegnati-205-incarichi-da-maggio-presentati-i-21-capi-dipartimento\\\/\"]}]},{\"@type\":\"ImageObject\",\"inLanguage\":\"fr-FR\",\"@id\":\"https:\\\/\\\/www.bellunopress.it\\\/2023\\\/12\\\/01\\\/ulss-dolomiti-assegnati-205-incarichi-da-maggio-presentati-i-21-capi-dipartimento\\\/#primaryimage\",\"url\":\"https:\\\/\\\/www.bellunopress.it\\\/wp-content\\\/uploads\\\/2021\\\/03\\\/Ulss-Dolomiti_edited.jpg\",\"contentUrl\":\"https:\\\/\\\/www.bellunopress.it\\\/wp-content\\\/uploads\\\/2021\\\/03\\\/Ulss-Dolomiti_edited.jpg\",\"width\":900,\"height\":900},{\"@type\":\"BreadcrumbList\",\"@id\":\"https:\\\/\\\/www.bellunopress.it\\\/2023\\\/12\\\/01\\\/ulss-dolomiti-assegnati-205-incarichi-da-maggio-presentati-i-21-capi-dipartimento\\\/#breadcrumb\",\"itemListElement\":[{\"@type\":\"ListItem\",\"position\":1,\"name\":\"Home\",\"item\":\"https:\\\/\\\/www.bellunopress.it\\\/\"},{\"@type\":\"ListItem\",\"position\":2,\"name\":\"Ulss Dolomiti. Assegnati 205 incarichi da maggio. Presentati i 21 capi dipartimento\"}]},{\"@type\":\"WebSite\",\"@id\":\"https:\\\/\\\/www.bellunopress.it\\\/#website\",\"url\":\"https:\\\/\\\/www.bellunopress.it\\\/\",\"name\":\"Bellunopress - Dolomiti\",\"description\":\"e-mail: redazione@bellunopress.it\",\"publisher\":{\"@id\":\"https:\\\/\\\/www.bellunopress.it\\\/#organization\"},\"potentialAction\":[{\"@type\":\"SearchAction\",\"target\":{\"@type\":\"EntryPoint\",\"urlTemplate\":\"https:\\\/\\\/www.bellunopress.it\\\/?s={search_term_string}\"},\"query-input\":{\"@type\":\"PropertyValueSpecification\",\"valueRequired\":true,\"valueName\":\"search_term_string\"}}],\"inLanguage\":\"fr-FR\"},{\"@type\":\"Organization\",\"@id\":\"https:\\\/\\\/www.bellunopress.it\\\/#organization\",\"name\":\"Bellunopress\",\"url\":\"https:\\\/\\\/www.bellunopress.it\\\/\",\"logo\":{\"@type\":\"ImageObject\",\"inLanguage\":\"fr-FR\",\"@id\":\"https:\\\/\\\/www.bellunopress.it\\\/#\\\/schema\\\/logo\\\/image\\\/\",\"url\":\"https:\\\/\\\/www.bellunopress.it\\\/wp-content\\\/uploads\\\/2011\\\/05\\\/cropped-logo-bellunopress-.jpg\",\"contentUrl\":\"https:\\\/\\\/www.bellunopress.it\\\/wp-content\\\/uploads\\\/2011\\\/05\\\/cropped-logo-bellunopress-.jpg\",\"width\":512,\"height\":512,\"caption\":\"Bellunopress\"},\"image\":{\"@id\":\"https:\\\/\\\/www.bellunopress.it\\\/#\\\/schema\\\/logo\\\/image\\\/\"},\"sameAs\":[\"https:\\\/\\\/www.facebook.com\\\/profile.php?id=100008943462799\",\"https:\\\/\\\/x.com\\\/bellunopress\",\"https:\\\/\\\/www.linkedin.com\\\/hp\\\/?dnr=JBzUWaJfMUw8vbXJJ2tVW5-I3jZKvC4wsoxE&amp;amp;amp;amp;amp;amp;trk=nav_responsive_tab_home\",\"https:\\\/\\\/www.youtube.com\\\/channel\\\/UCxL0wu1uN0_3_7hGG0306cw\"]},{\"@type\":\"Person\",\"@id\":\"https:\\\/\\\/www.bellunopress.it\\\/#\\\/schema\\\/person\\\/79bb06722b37ece1c03d3e94beb30d73\",\"name\":\"redazione\",\"image\":{\"@type\":\"ImageObject\",\"inLanguage\":\"fr-FR\",\"@id\":\"https:\\\/\\\/secure.gravatar.com\\\/avatar\\\/37d968a2e67a6fd04c169c4bdef102d0bc5d31b2546345219e348575eb80e9a0?s=96&d=mm&r=g\",\"url\":\"https:\\\/\\\/secure.gravatar.com\\\/avatar\\\/37d968a2e67a6fd04c169c4bdef102d0bc5d31b2546345219e348575eb80e9a0?s=96&d=mm&r=g\",\"contentUrl\":\"https:\\\/\\\/secure.gravatar.com\\\/avatar\\\/37d968a2e67a6fd04c169c4bdef102d0bc5d31b2546345219e348575eb80e9a0?s=96&d=mm&r=g\",\"caption\":\"redazione\"},\"sameAs\":[\"http:\\\/\\\/www.bellunopress.it\",\"https:\\\/\\\/x.com\\\/bellunopress\"],\"url\":\"https:\\\/\\\/www.bellunopress.it\\\/fr\\\/author\\\/redazione\\\/\"}]}<\/script>\n<!-- \/ Yoast SEO plugin. -->","yoast_head_json":{"title":"Ulss Dolomiti. Assegnati 205 incarichi da maggio. Presentati i 21 capi dipartimento - Bellunopress - Dolomiti","robots":{"index":"index","follow":"follow","max-snippet":"max-snippet:-1","max-image-preview":"max-image-preview:large","max-video-preview":"max-video-preview:-1"},"canonical":"https:\/\/www.bellunopress.it\/fr\/2023\/12\/01\/ulss-dolomiti-assegnati-205-incarichi-da-maggio-presentati-i-21-capi-dipartimento\/","og_locale":"fr_FR","og_type":"article","og_title":"Ulss Dolomiti. Assegnati 205 incarichi da maggio. Presentati i 21 capi dipartimento - Bellunopress - Dolomiti","og_description":"Belluno, 1\u00b0 dicembre 2023 &#8211; Oggi il Commissario Dal Ben ha presentato i 21 nuovi direttori di Dipartimento strutturali, funzionali e transmurali dell&#8217;Ulss Dolomiti. Da maggio, sono stati assegnati 205 incarichi, andando a completare l&#8217;organizzazione aziendale e valorizzando le professionalit\u00e0 che vi operano. I nuovi primari sono stati 9, 21 i responsabili di unit\u00e0 operativa [&hellip;]","og_url":"https:\/\/www.bellunopress.it\/fr\/2023\/12\/01\/ulss-dolomiti-assegnati-205-incarichi-da-maggio-presentati-i-21-capi-dipartimento\/","og_site_name":"Bellunopress - Dolomiti","article_publisher":"https:\/\/www.facebook.com\/profile.php?id=100008943462799","article_published_time":"2023-12-01T20:45:43+00:00","og_image":[{"width":900,"height":900,"url":"https:\/\/www.bellunopress.it\/wp-content\/uploads\/2021\/03\/Ulss-Dolomiti_edited.jpg","type":"image\/jpeg"}],"author":"redazione","twitter_card":"summary_large_image","twitter_creator":"@bellunopress","twitter_site":"@bellunopress","twitter_misc":{"\u00c9crit par":"redazione","Dur\u00e9e de lecture estim\u00e9e":"2 minutes"},"schema":{"@context":"https:\/\/schema.org","@graph":[{"@type":"Article","@id":"https:\/\/www.bellunopress.it\/2023\/12\/01\/ulss-dolomiti-assegnati-205-incarichi-da-maggio-presentati-i-21-capi-dipartimento\/#article","isPartOf":{"@id":"https:\/\/www.bellunopress.it\/2023\/12\/01\/ulss-dolomiti-assegnati-205-incarichi-da-maggio-presentati-i-21-capi-dipartimento\/"},"author":{"name":"redazione","@id":"https:\/\/www.bellunopress.it\/#\/schema\/person\/79bb06722b37ece1c03d3e94beb30d73"},"headline":"Ulss Dolomiti. Assegnati 205 incarichi da maggio. Presentati i 21 capi dipartimento","datePublished":"2023-12-01T20:45:43+00:00","mainEntityOfPage":{"@id":"https:\/\/www.bellunopress.it\/2023\/12\/01\/ulss-dolomiti-assegnati-205-incarichi-da-maggio-presentati-i-21-capi-dipartimento\/"},"wordCount":488,"publisher":{"@id":"https:\/\/www.bellunopress.it\/#organization"},"image":{"@id":"https:\/\/www.bellunopress.it\/2023\/12\/01\/ulss-dolomiti-assegnati-205-incarichi-da-maggio-presentati-i-21-capi-dipartimento\/#primaryimage"},"thumbnailUrl":"https:\/\/www.bellunopress.it\/wp-content\/uploads\/2021\/03\/Ulss-Dolomiti_edited.jpg","articleSection":["Prima Pagina","Sanit\u00e0 Medicina"],"inLanguage":"fr-FR"},{"@type":"WebPage","@id":"https:\/\/www.bellunopress.it\/2023\/12\/01\/ulss-dolomiti-assegnati-205-incarichi-da-maggio-presentati-i-21-capi-dipartimento\/","url":"https:\/\/www.bellunopress.it\/2023\/12\/01\/ulss-dolomiti-assegnati-205-incarichi-da-maggio-presentati-i-21-capi-dipartimento\/","name":"Ulss Dolomiti. Assegnati 205 incarichi da maggio. Presentati i 21 capi dipartimento - Bellunopress - Dolomiti","isPartOf":{"@id":"https:\/\/www.bellunopress.it\/#website"},"primaryImageOfPage":{"@id":"https:\/\/www.bellunopress.it\/2023\/12\/01\/ulss-dolomiti-assegnati-205-incarichi-da-maggio-presentati-i-21-capi-dipartimento\/#primaryimage"},"image":{"@id":"https:\/\/www.bellunopress.it\/2023\/12\/01\/ulss-dolomiti-assegnati-205-incarichi-da-maggio-presentati-i-21-capi-dipartimento\/#primaryimage"},"thumbnailUrl":"https:\/\/www.bellunopress.it\/wp-content\/uploads\/2021\/03\/Ulss-Dolomiti_edited.jpg","datePublished":"2023-12-01T20:45:43+00:00","breadcrumb":{"@id":"https:\/\/www.bellunopress.it\/2023\/12\/01\/ulss-dolomiti-assegnati-205-incarichi-da-maggio-presentati-i-21-capi-dipartimento\/#breadcrumb"},"inLanguage":"fr-FR","potentialAction":[{"@type":"ReadAction","target":["https:\/\/www.bellunopress.it\/2023\/12\/01\/ulss-dolomiti-assegnati-205-incarichi-da-maggio-presentati-i-21-capi-dipartimento\/"]}]},{"@type":"ImageObject","inLanguage":"fr-FR","@id":"https:\/\/www.bellunopress.it\/2023\/12\/01\/ulss-dolomiti-assegnati-205-incarichi-da-maggio-presentati-i-21-capi-dipartimento\/#primaryimage","url":"https:\/\/www.bellunopress.it\/wp-content\/uploads\/2021\/03\/Ulss-Dolomiti_edited.jpg","contentUrl":"https:\/\/www.bellunopress.it\/wp-content\/uploads\/2021\/03\/Ulss-Dolomiti_edited.jpg","width":900,"height":900},{"@type":"BreadcrumbList","@id":"https:\/\/www.bellunopress.it\/2023\/12\/01\/ulss-dolomiti-assegnati-205-incarichi-da-maggio-presentati-i-21-capi-dipartimento\/#breadcrumb","itemListElement":[{"@type":"ListItem","position":1,"name":"Home","item":"https:\/\/www.bellunopress.it\/"},{"@type":"ListItem","position":2,"name":"Ulss Dolomiti. Assegnati 205 incarichi da maggio. Presentati i 21 capi dipartimento"}]},{"@type":"WebSite","@id":"https:\/\/www.bellunopress.it\/#website","url":"https:\/\/www.bellunopress.it\/","name":"Bellunopress - Dolomiti","description":"e-mail: redazione@bellunopress.it","publisher":{"@id":"https:\/\/www.bellunopress.it\/#organization"},"potentialAction":[{"@type":"SearchAction","target":{"@type":"EntryPoint","urlTemplate":"https:\/\/www.bellunopress.it\/?s={search_term_string}"},"query-input":{"@type":"PropertyValueSpecification","valueRequired":true,"valueName":"search_term_string"}}],"inLanguage":"fr-FR"},{"@type":"Organization","@id":"https:\/\/www.bellunopress.it\/#organization","name":"Bellunopress","url":"https:\/\/www.bellunopress.it\/","logo":{"@type":"ImageObject","inLanguage":"fr-FR","@id":"https:\/\/www.bellunopress.it\/#\/schema\/logo\/image\/","url":"https:\/\/www.bellunopress.it\/wp-content\/uploads\/2011\/05\/cropped-logo-bellunopress-.jpg","contentUrl":"https:\/\/www.bellunopress.it\/wp-content\/uploads\/2011\/05\/cropped-logo-bellunopress-.jpg","width":512,"height":512,"caption":"Bellunopress"},"image":{"@id":"https:\/\/www.bellunopress.it\/#\/schema\/logo\/image\/"},"sameAs":["https:\/\/www.facebook.com\/profile.php?id=100008943462799","https:\/\/x.com\/bellunopress","https:\/\/www.linkedin.com\/hp\/?dnr=JBzUWaJfMUw8vbXJJ2tVW5-I3jZKvC4wsoxE&amp;amp;amp;amp;amp;amp;trk=nav_responsive_tab_home","https:\/\/www.youtube.com\/channel\/UCxL0wu1uN0_3_7hGG0306cw"]},{"@type":"Person","@id":"https:\/\/www.bellunopress.it\/#\/schema\/person\/79bb06722b37ece1c03d3e94beb30d73","name":"r\u00e9daction","image":{"@type":"ImageObject","inLanguage":"fr-FR","@id":"https:\/\/secure.gravatar.com\/avatar\/37d968a2e67a6fd04c169c4bdef102d0bc5d31b2546345219e348575eb80e9a0?s=96&d=mm&r=g","url":"https:\/\/secure.gravatar.com\/avatar\/37d968a2e67a6fd04c169c4bdef102d0bc5d31b2546345219e348575eb80e9a0?s=96&d=mm&r=g","contentUrl":"https:\/\/secure.gravatar.com\/avatar\/37d968a2e67a6fd04c169c4bdef102d0bc5d31b2546345219e348575eb80e9a0?s=96&d=mm&r=g","caption":"redazione"},"sameAs":["http:\/\/www.bellunopress.it","https:\/\/x.com\/bellunopress"],"url":"https:\/\/www.bellunopress.it\/fr\/author\/redazione\/"}]}},"_links":{"self":[{"href":"https:\/\/www.bellunopress.it\/fr\/wp-json\/wp\/v2\/posts\/146376","targetHints":{"allow":["GET"]}}],"collection":[{"href":"https:\/\/www.bellunopress.it\/fr\/wp-json\/wp\/v2\/posts"}],"about":[{"href":"https:\/\/www.bellunopress.it\/fr\/wp-json\/wp\/v2\/types\/post"}],"author":[{"embeddable":true,"href":"https:\/\/www.bellunopress.it\/fr\/wp-json\/wp\/v2\/users\/2"}],"replies":[{"embeddable":true,"href":"https:\/\/www.bellunopress.it\/fr\/wp-json\/wp\/v2\/comments?post=146376"}],"version-history":[{"count":1,"href":"https:\/\/www.bellunopress.it\/fr\/wp-json\/wp\/v2\/posts\/146376\/revisions"}],"predecessor-version":[{"id":146377,"href":"https:\/\/www.bellunopress.it\/fr\/wp-json\/wp\/v2\/posts\/146376\/revisions\/146377"}],"wp:featuredmedia":[{"embeddable":true,"href":"https:\/\/www.bellunopress.it\/fr\/wp-json\/wp\/v2\/media\/122834"}],"wp:attachment":[{"href":"https:\/\/www.bellunopress.it\/fr\/wp-json\/wp\/v2\/media?parent=146376"}],"wp:term":[{"taxonomy":"category","embeddable":true,"href":"https:\/\/www.bellunopress.it\/fr\/wp-json\/wp\/v2\/categories?post=146376"},{"taxonomy":"post_tag","embeddable":true,"href":"https:\/\/www.bellunopress.it\/fr\/wp-json\/wp\/v2\/tags?post=146376"}],"curies":[{"name":"wp","href":"https:\/\/api.w.org\/{rel}","templated":true}]}}