{"id":146373,"date":"2023-12-01T19:05:31","date_gmt":"2023-12-01T18:05:31","guid":{"rendered":"https:\/\/www.bellunopress.it\/?p=146373"},"modified":"2023-12-01T19:05:31","modified_gmt":"2023-12-01T18:05:31","slug":"sabato-2-dicembre-alle-ore-15-si-accende-il-natale-in-centro-belluno","status":"publish","type":"post","link":"https:\/\/www.bellunopress.it\/fr\/2023\/12\/01\/sabato-2-dicembre-alle-ore-15-si-accende-il-natale-in-centro-belluno\/","title":{"rendered":"Sabato 2 dicembre alle ore 15 si accende il Natale in centro Belluno"},"content":{"rendered":"<p><img loading=\"lazy\" decoding=\"async\" class=\"alignleft size-full wp-image-146374\" src=\"https:\/\/www.bellunopress.it\/wp-content\/uploads\/2023\/12\/Natale-a-Belluno_edited.jpg\" alt=\"\" width=\"463\" height=\"624\" srcset=\"https:\/\/www.bellunopress.it\/wp-content\/uploads\/2023\/12\/Natale-a-Belluno_edited.jpg 463w, https:\/\/www.bellunopress.it\/wp-content\/uploads\/2023\/12\/Natale-a-Belluno_edited-371x500.jpg 371w\" sizes=\"auto, (max-width: 463px) 100vw, 463px\" \/>Domani, sabato 2 dicembre, alle ore 15:00 in piazza dei Martiri a Belluno, saranno accese le luminarie, i due alberi di Natale, uno in piazza Duomo e l&#8217;altro in piazza Vittorio Emanuele II\u00b0, e avr\u00e0 luogo anche l&#8217;apertura del mercatino di Natale con le bancarelle. I palazzi del centro storico saranno animati con il photomapping. Tra i ruderi del vecchio castello vicino alle Poste saranno esposte le opere dello scultore Luciano De Barba. Babbo Natale prender\u00e0 casa in piazza dei Martiri. In piazza Duomo aprir\u00e0 la pista di pattinaggio su ghiaccio.<\/p>\n<p>Domenica 3 dicembre alle ore 18:45 sar\u00e0 accesa la stella cometa posizionata come di consueto sotto il ponte della Vittoria. Con l&#8217;intervento del Club subacqueo Belluno, l&#8217;Associazione nazionale alpini, la Squadra subacquea della protezione civile. In collaborazione con il Comune di Belluno e l&#8217;Associazione Borgo Piave ETC. Con la partecipazione dell&#8217;Associazione musicale &#8220;A.Miari&#8221;.<\/p>\n<p>Il 4 e 5 dicembre in piazza Duomo sar\u00e0 allestito il mercatino di San Nicol\u00f2. Marted\u00ec 5 dicembre alle ore 19:00 a Borgo Piave si terr\u00e0 un evento con San Nicol\u00f2.<\/p>\n<p>Sabato 9 dicembre in piazza dei Martiri appuntamento con le associazioni che operano sul territorio nell&#8217;ambito del volontariato. Alle ore 11:30 i canti natalizia con gli studenti del Renier a indirizzo musicale.<\/p>\n<p>Domenica 10 dicembre con partenza alle ore 10:00 in piazza dei Martiri la Winter run, tradizionale corsa dei babbi natale.<\/p>\n<p>Dal 16 dicembre al al 1\u00b0 aprile al Museo Fulcis, in mostra il dipinto restaurato &#8220;Una vaghissima Madonna in trono. Francesco Vecellio e la pala per la pieve di Sedico&#8221;.<\/p>\n<p>Il 16 dicembre alle ore 15:00 in piazza dei Martiri la fetta di panettone e lo scambio degli auguri con gli amministratori del Comune.<\/p>\n<p>Nei sabati di 2, 9, e 30 dicembre tra le casette del mercatino saranno presenti gli artisti di strada con truccabimbi e animazione.<\/p>\n<p>Il 6 gennaio 2023 alle ore 11:00 in piazza Martiri torna la tradizionale Befana del Vigile, evento benefico con tradizionale corteo di auto storiche. E anche la Befana per i bambini.<\/p>","protected":false},"excerpt":{"rendered":"<p>Domani, sabato 2 dicembre, alle ore 15:00 in piazza dei Martiri a Belluno, saranno accese le luminarie, i due alberi di Natale, uno in piazza Duomo e l&#8217;altro in piazza Vittorio Emanuele II\u00b0, e avr\u00e0 luogo anche l&#8217;apertura del mercatino di Natale con le bancarelle. I palazzi del centro storico saranno animati con il photomapping. [&hellip;]<\/p>\n","protected":false},"author":2,"featured_media":146374,"comment_status":"closed","ping_status":"open","sticky":false,"template":"","format":"standard","meta":{"footnotes":""},"categories":[27,3,3446,26,8,4],"tags":[],"class_list":["post-146373","post","type-post","status-publish","format-standard","has-post-thumbnail","category-appuntamenti","category-arte-cultura-spettacoli-scienza-archivi","category-featured","category-prima-pagina","category-societa-istituzioni","category-sport"],"yoast_head":"<!-- This site is optimized with the Yoast SEO plugin v28.4 - https:\/\/yoast.com\/product\/yoast-seo-wordpress\/ -->\n<title>Sabato 2 dicembre alle ore 15 si accende il Natale in centro Belluno - Bellunopress - Dolomiti<\/title>\n<meta name=\"robots\" content=\"index, follow, max-snippet:-1, max-image-preview:large, max-video-preview:-1\" \/>\n<link rel=\"canonical\" href=\"https:\/\/www.bellunopress.it\/fr\/2023\/12\/01\/sabato-2-dicembre-alle-ore-15-si-accende-il-natale-in-centro-belluno\/\" \/>\n<meta property=\"og:locale\" content=\"fr_FR\" \/>\n<meta property=\"og:type\" content=\"article\" \/>\n<meta property=\"og:title\" content=\"Sabato 2 dicembre alle ore 15 si accende il Natale in centro Belluno - Bellunopress - Dolomiti\" \/>\n<meta property=\"og:description\" content=\"Domani, sabato 2 dicembre, alle ore 15:00 in piazza dei Martiri a Belluno, saranno accese le luminarie, i due alberi di Natale, uno in piazza Duomo e l&#8217;altro in piazza Vittorio Emanuele II\u00b0, e avr\u00e0 luogo anche l&#8217;apertura del mercatino di Natale con le bancarelle. I palazzi del centro storico saranno animati con il photomapping. [&hellip;]\" \/>\n<meta property=\"og:url\" content=\"https:\/\/www.bellunopress.it\/fr\/2023\/12\/01\/sabato-2-dicembre-alle-ore-15-si-accende-il-natale-in-centro-belluno\/\" \/>\n<meta property=\"og:site_name\" content=\"Bellunopress - Dolomiti\" \/>\n<meta property=\"article:publisher\" content=\"https:\/\/www.facebook.com\/profile.php?id=100008943462799\" \/>\n<meta property=\"article:published_time\" content=\"2023-12-01T18:05:31+00:00\" \/>\n<meta property=\"og:image\" content=\"https:\/\/www.bellunopress.it\/wp-content\/uploads\/2023\/12\/Natale-a-Belluno_edited.jpg\" \/>\n\t<meta property=\"og:image:width\" content=\"463\" \/>\n\t<meta property=\"og:image:height\" content=\"624\" \/>\n\t<meta property=\"og:image:type\" content=\"image\/jpeg\" \/>\n<meta name=\"author\" content=\"redazione\" \/>\n<meta name=\"twitter:card\" content=\"summary_large_image\" \/>\n<meta name=\"twitter:creator\" content=\"@bellunopress\" \/>\n<meta name=\"twitter:site\" content=\"@bellunopress\" \/>\n<meta name=\"twitter:label1\" content=\"\u00c9crit par\" \/>\n\t<meta name=\"twitter:data1\" content=\"redazione\" \/>\n\t<meta name=\"twitter:label2\" content=\"Dur\u00e9e de lecture estim\u00e9e\" \/>\n\t<meta name=\"twitter:data2\" content=\"2 minutes\" \/>\n<script type=\"application\/ld+json\" class=\"yoast-schema-graph\">{\"@context\":\"https:\\\/\\\/schema.org\",\"@graph\":[{\"@type\":\"Article\",\"@id\":\"https:\\\/\\\/www.bellunopress.it\\\/2023\\\/12\\\/01\\\/sabato-2-dicembre-alle-ore-15-si-accende-il-natale-in-centro-belluno\\\/#article\",\"isPartOf\":{\"@id\":\"https:\\\/\\\/www.bellunopress.it\\\/2023\\\/12\\\/01\\\/sabato-2-dicembre-alle-ore-15-si-accende-il-natale-in-centro-belluno\\\/\"},\"author\":{\"name\":\"redazione\",\"@id\":\"https:\\\/\\\/www.bellunopress.it\\\/#\\\/schema\\\/person\\\/79bb06722b37ece1c03d3e94beb30d73\"},\"headline\":\"Sabato 2 dicembre alle ore 15 si accende il Natale in centro Belluno\",\"datePublished\":\"2023-12-01T18:05:31+00:00\",\"mainEntityOfPage\":{\"@id\":\"https:\\\/\\\/www.bellunopress.it\\\/2023\\\/12\\\/01\\\/sabato-2-dicembre-alle-ore-15-si-accende-il-natale-in-centro-belluno\\\/\"},\"wordCount\":332,\"publisher\":{\"@id\":\"https:\\\/\\\/www.bellunopress.it\\\/#organization\"},\"image\":{\"@id\":\"https:\\\/\\\/www.bellunopress.it\\\/2023\\\/12\\\/01\\\/sabato-2-dicembre-alle-ore-15-si-accende-il-natale-in-centro-belluno\\\/#primaryimage\"},\"thumbnailUrl\":\"https:\\\/\\\/www.bellunopress.it\\\/wp-content\\\/uploads\\\/2023\\\/12\\\/Natale-a-Belluno_edited.jpg\",\"articleSection\":[\"Appuntamenti, Eventi\",\"Arte, Cultura, Spettacoli, Scienza\",\"Featured\",\"Prima Pagina\",\"Societ\u00e0, Associazioni, Istituzioni\",\"Sport, tempo libero\"],\"inLanguage\":\"fr-FR\"},{\"@type\":\"WebPage\",\"@id\":\"https:\\\/\\\/www.bellunopress.it\\\/2023\\\/12\\\/01\\\/sabato-2-dicembre-alle-ore-15-si-accende-il-natale-in-centro-belluno\\\/\",\"url\":\"https:\\\/\\\/www.bellunopress.it\\\/2023\\\/12\\\/01\\\/sabato-2-dicembre-alle-ore-15-si-accende-il-natale-in-centro-belluno\\\/\",\"name\":\"Sabato 2 dicembre alle ore 15 si accende il Natale in centro Belluno - Bellunopress - Dolomiti\",\"isPartOf\":{\"@id\":\"https:\\\/\\\/www.bellunopress.it\\\/#website\"},\"primaryImageOfPage\":{\"@id\":\"https:\\\/\\\/www.bellunopress.it\\\/2023\\\/12\\\/01\\\/sabato-2-dicembre-alle-ore-15-si-accende-il-natale-in-centro-belluno\\\/#primaryimage\"},\"image\":{\"@id\":\"https:\\\/\\\/www.bellunopress.it\\\/2023\\\/12\\\/01\\\/sabato-2-dicembre-alle-ore-15-si-accende-il-natale-in-centro-belluno\\\/#primaryimage\"},\"thumbnailUrl\":\"https:\\\/\\\/www.bellunopress.it\\\/wp-content\\\/uploads\\\/2023\\\/12\\\/Natale-a-Belluno_edited.jpg\",\"datePublished\":\"2023-12-01T18:05:31+00:00\",\"breadcrumb\":{\"@id\":\"https:\\\/\\\/www.bellunopress.it\\\/2023\\\/12\\\/01\\\/sabato-2-dicembre-alle-ore-15-si-accende-il-natale-in-centro-belluno\\\/#breadcrumb\"},\"inLanguage\":\"fr-FR\",\"potentialAction\":[{\"@type\":\"ReadAction\",\"target\":[\"https:\\\/\\\/www.bellunopress.it\\\/2023\\\/12\\\/01\\\/sabato-2-dicembre-alle-ore-15-si-accende-il-natale-in-centro-belluno\\\/\"]}]},{\"@type\":\"ImageObject\",\"inLanguage\":\"fr-FR\",\"@id\":\"https:\\\/\\\/www.bellunopress.it\\\/2023\\\/12\\\/01\\\/sabato-2-dicembre-alle-ore-15-si-accende-il-natale-in-centro-belluno\\\/#primaryimage\",\"url\":\"https:\\\/\\\/www.bellunopress.it\\\/wp-content\\\/uploads\\\/2023\\\/12\\\/Natale-a-Belluno_edited.jpg\",\"contentUrl\":\"https:\\\/\\\/www.bellunopress.it\\\/wp-content\\\/uploads\\\/2023\\\/12\\\/Natale-a-Belluno_edited.jpg\",\"width\":463,\"height\":624},{\"@type\":\"BreadcrumbList\",\"@id\":\"https:\\\/\\\/www.bellunopress.it\\\/2023\\\/12\\\/01\\\/sabato-2-dicembre-alle-ore-15-si-accende-il-natale-in-centro-belluno\\\/#breadcrumb\",\"itemListElement\":[{\"@type\":\"ListItem\",\"position\":1,\"name\":\"Home\",\"item\":\"https:\\\/\\\/www.bellunopress.it\\\/\"},{\"@type\":\"ListItem\",\"position\":2,\"name\":\"Sabato 2 dicembre alle ore 15 si accende il Natale in centro Belluno\"}]},{\"@type\":\"WebSite\",\"@id\":\"https:\\\/\\\/www.bellunopress.it\\\/#website\",\"url\":\"https:\\\/\\\/www.bellunopress.it\\\/\",\"name\":\"Bellunopress - Dolomiti\",\"description\":\"e-mail: redazione@bellunopress.it\",\"publisher\":{\"@id\":\"https:\\\/\\\/www.bellunopress.it\\\/#organization\"},\"potentialAction\":[{\"@type\":\"SearchAction\",\"target\":{\"@type\":\"EntryPoint\",\"urlTemplate\":\"https:\\\/\\\/www.bellunopress.it\\\/?s={search_term_string}\"},\"query-input\":{\"@type\":\"PropertyValueSpecification\",\"valueRequired\":true,\"valueName\":\"search_term_string\"}}],\"inLanguage\":\"fr-FR\"},{\"@type\":\"Organization\",\"@id\":\"https:\\\/\\\/www.bellunopress.it\\\/#organization\",\"name\":\"Bellunopress\",\"url\":\"https:\\\/\\\/www.bellunopress.it\\\/\",\"logo\":{\"@type\":\"ImageObject\",\"inLanguage\":\"fr-FR\",\"@id\":\"https:\\\/\\\/www.bellunopress.it\\\/#\\\/schema\\\/logo\\\/image\\\/\",\"url\":\"https:\\\/\\\/www.bellunopress.it\\\/wp-content\\\/uploads\\\/2011\\\/05\\\/cropped-logo-bellunopress-.jpg\",\"contentUrl\":\"https:\\\/\\\/www.bellunopress.it\\\/wp-content\\\/uploads\\\/2011\\\/05\\\/cropped-logo-bellunopress-.jpg\",\"width\":512,\"height\":512,\"caption\":\"Bellunopress\"},\"image\":{\"@id\":\"https:\\\/\\\/www.bellunopress.it\\\/#\\\/schema\\\/logo\\\/image\\\/\"},\"sameAs\":[\"https:\\\/\\\/www.facebook.com\\\/profile.php?id=100008943462799\",\"https:\\\/\\\/x.com\\\/bellunopress\",\"https:\\\/\\\/www.linkedin.com\\\/hp\\\/?dnr=JBzUWaJfMUw8vbXJJ2tVW5-I3jZKvC4wsoxE&amp;amp;amp;amp;amp;amp;trk=nav_responsive_tab_home\",\"https:\\\/\\\/www.youtube.com\\\/channel\\\/UCxL0wu1uN0_3_7hGG0306cw\"]},{\"@type\":\"Person\",\"@id\":\"https:\\\/\\\/www.bellunopress.it\\\/#\\\/schema\\\/person\\\/79bb06722b37ece1c03d3e94beb30d73\",\"name\":\"redazione\",\"image\":{\"@type\":\"ImageObject\",\"inLanguage\":\"fr-FR\",\"@id\":\"https:\\\/\\\/secure.gravatar.com\\\/avatar\\\/37d968a2e67a6fd04c169c4bdef102d0bc5d31b2546345219e348575eb80e9a0?s=96&d=mm&r=g\",\"url\":\"https:\\\/\\\/secure.gravatar.com\\\/avatar\\\/37d968a2e67a6fd04c169c4bdef102d0bc5d31b2546345219e348575eb80e9a0?s=96&d=mm&r=g\",\"contentUrl\":\"https:\\\/\\\/secure.gravatar.com\\\/avatar\\\/37d968a2e67a6fd04c169c4bdef102d0bc5d31b2546345219e348575eb80e9a0?s=96&d=mm&r=g\",\"caption\":\"redazione\"},\"sameAs\":[\"http:\\\/\\\/www.bellunopress.it\",\"https:\\\/\\\/x.com\\\/bellunopress\"],\"url\":\"https:\\\/\\\/www.bellunopress.it\\\/fr\\\/author\\\/redazione\\\/\"}]}<\/script>\n<!-- \/ Yoast SEO plugin. -->","yoast_head_json":{"title":"Sabato 2 dicembre alle ore 15 si accende il Natale in centro Belluno - Bellunopress - Dolomiti","robots":{"index":"index","follow":"follow","max-snippet":"max-snippet:-1","max-image-preview":"max-image-preview:large","max-video-preview":"max-video-preview:-1"},"canonical":"https:\/\/www.bellunopress.it\/fr\/2023\/12\/01\/sabato-2-dicembre-alle-ore-15-si-accende-il-natale-in-centro-belluno\/","og_locale":"fr_FR","og_type":"article","og_title":"Sabato 2 dicembre alle ore 15 si accende il Natale in centro Belluno - Bellunopress - Dolomiti","og_description":"Domani, sabato 2 dicembre, alle ore 15:00 in piazza dei Martiri a Belluno, saranno accese le luminarie, i due alberi di Natale, uno in piazza Duomo e l&#8217;altro in piazza Vittorio Emanuele II\u00b0, e avr\u00e0 luogo anche l&#8217;apertura del mercatino di Natale con le bancarelle. I palazzi del centro storico saranno animati con il photomapping. [&hellip;]","og_url":"https:\/\/www.bellunopress.it\/fr\/2023\/12\/01\/sabato-2-dicembre-alle-ore-15-si-accende-il-natale-in-centro-belluno\/","og_site_name":"Bellunopress - Dolomiti","article_publisher":"https:\/\/www.facebook.com\/profile.php?id=100008943462799","article_published_time":"2023-12-01T18:05:31+00:00","og_image":[{"width":463,"height":624,"url":"https:\/\/www.bellunopress.it\/wp-content\/uploads\/2023\/12\/Natale-a-Belluno_edited.jpg","type":"image\/jpeg"}],"author":"redazione","twitter_card":"summary_large_image","twitter_creator":"@bellunopress","twitter_site":"@bellunopress","twitter_misc":{"\u00c9crit par":"redazione","Dur\u00e9e de lecture estim\u00e9e":"2 minutes"},"schema":{"@context":"https:\/\/schema.org","@graph":[{"@type":"Article","@id":"https:\/\/www.bellunopress.it\/2023\/12\/01\/sabato-2-dicembre-alle-ore-15-si-accende-il-natale-in-centro-belluno\/#article","isPartOf":{"@id":"https:\/\/www.bellunopress.it\/2023\/12\/01\/sabato-2-dicembre-alle-ore-15-si-accende-il-natale-in-centro-belluno\/"},"author":{"name":"redazione","@id":"https:\/\/www.bellunopress.it\/#\/schema\/person\/79bb06722b37ece1c03d3e94beb30d73"},"headline":"Sabato 2 dicembre alle ore 15 si accende il Natale in centro Belluno","datePublished":"2023-12-01T18:05:31+00:00","mainEntityOfPage":{"@id":"https:\/\/www.bellunopress.it\/2023\/12\/01\/sabato-2-dicembre-alle-ore-15-si-accende-il-natale-in-centro-belluno\/"},"wordCount":332,"publisher":{"@id":"https:\/\/www.bellunopress.it\/#organization"},"image":{"@id":"https:\/\/www.bellunopress.it\/2023\/12\/01\/sabato-2-dicembre-alle-ore-15-si-accende-il-natale-in-centro-belluno\/#primaryimage"},"thumbnailUrl":"https:\/\/www.bellunopress.it\/wp-content\/uploads\/2023\/12\/Natale-a-Belluno_edited.jpg","articleSection":["Appuntamenti, Eventi","Arte, Cultura, Spettacoli, Scienza","Featured","Prima Pagina","Societ\u00e0, Associazioni, Istituzioni","Sport, tempo libero"],"inLanguage":"fr-FR"},{"@type":"WebPage","@id":"https:\/\/www.bellunopress.it\/2023\/12\/01\/sabato-2-dicembre-alle-ore-15-si-accende-il-natale-in-centro-belluno\/","url":"https:\/\/www.bellunopress.it\/2023\/12\/01\/sabato-2-dicembre-alle-ore-15-si-accende-il-natale-in-centro-belluno\/","name":"Sabato 2 dicembre alle ore 15 si accende il Natale in centro Belluno - Bellunopress - Dolomiti","isPartOf":{"@id":"https:\/\/www.bellunopress.it\/#website"},"primaryImageOfPage":{"@id":"https:\/\/www.bellunopress.it\/2023\/12\/01\/sabato-2-dicembre-alle-ore-15-si-accende-il-natale-in-centro-belluno\/#primaryimage"},"image":{"@id":"https:\/\/www.bellunopress.it\/2023\/12\/01\/sabato-2-dicembre-alle-ore-15-si-accende-il-natale-in-centro-belluno\/#primaryimage"},"thumbnailUrl":"https:\/\/www.bellunopress.it\/wp-content\/uploads\/2023\/12\/Natale-a-Belluno_edited.jpg","datePublished":"2023-12-01T18:05:31+00:00","breadcrumb":{"@id":"https:\/\/www.bellunopress.it\/2023\/12\/01\/sabato-2-dicembre-alle-ore-15-si-accende-il-natale-in-centro-belluno\/#breadcrumb"},"inLanguage":"fr-FR","potentialAction":[{"@type":"ReadAction","target":["https:\/\/www.bellunopress.it\/2023\/12\/01\/sabato-2-dicembre-alle-ore-15-si-accende-il-natale-in-centro-belluno\/"]}]},{"@type":"ImageObject","inLanguage":"fr-FR","@id":"https:\/\/www.bellunopress.it\/2023\/12\/01\/sabato-2-dicembre-alle-ore-15-si-accende-il-natale-in-centro-belluno\/#primaryimage","url":"https:\/\/www.bellunopress.it\/wp-content\/uploads\/2023\/12\/Natale-a-Belluno_edited.jpg","contentUrl":"https:\/\/www.bellunopress.it\/wp-content\/uploads\/2023\/12\/Natale-a-Belluno_edited.jpg","width":463,"height":624},{"@type":"BreadcrumbList","@id":"https:\/\/www.bellunopress.it\/2023\/12\/01\/sabato-2-dicembre-alle-ore-15-si-accende-il-natale-in-centro-belluno\/#breadcrumb","itemListElement":[{"@type":"ListItem","position":1,"name":"Home","item":"https:\/\/www.bellunopress.it\/"},{"@type":"ListItem","position":2,"name":"Sabato 2 dicembre alle ore 15 si accende il Natale in centro Belluno"}]},{"@type":"WebSite","@id":"https:\/\/www.bellunopress.it\/#website","url":"https:\/\/www.bellunopress.it\/","name":"Bellunopress - Dolomiti","description":"e-mail: redazione@bellunopress.it","publisher":{"@id":"https:\/\/www.bellunopress.it\/#organization"},"potentialAction":[{"@type":"SearchAction","target":{"@type":"EntryPoint","urlTemplate":"https:\/\/www.bellunopress.it\/?s={search_term_string}"},"query-input":{"@type":"PropertyValueSpecification","valueRequired":true,"valueName":"search_term_string"}}],"inLanguage":"fr-FR"},{"@type":"Organization","@id":"https:\/\/www.bellunopress.it\/#organization","name":"Bellunopress","url":"https:\/\/www.bellunopress.it\/","logo":{"@type":"ImageObject","inLanguage":"fr-FR","@id":"https:\/\/www.bellunopress.it\/#\/schema\/logo\/image\/","url":"https:\/\/www.bellunopress.it\/wp-content\/uploads\/2011\/05\/cropped-logo-bellunopress-.jpg","contentUrl":"https:\/\/www.bellunopress.it\/wp-content\/uploads\/2011\/05\/cropped-logo-bellunopress-.jpg","width":512,"height":512,"caption":"Bellunopress"},"image":{"@id":"https:\/\/www.bellunopress.it\/#\/schema\/logo\/image\/"},"sameAs":["https:\/\/www.facebook.com\/profile.php?id=100008943462799","https:\/\/x.com\/bellunopress","https:\/\/www.linkedin.com\/hp\/?dnr=JBzUWaJfMUw8vbXJJ2tVW5-I3jZKvC4wsoxE&amp;amp;amp;amp;amp;amp;trk=nav_responsive_tab_home","https:\/\/www.youtube.com\/channel\/UCxL0wu1uN0_3_7hGG0306cw"]},{"@type":"Person","@id":"https:\/\/www.bellunopress.it\/#\/schema\/person\/79bb06722b37ece1c03d3e94beb30d73","name":"r\u00e9daction","image":{"@type":"ImageObject","inLanguage":"fr-FR","@id":"https:\/\/secure.gravatar.com\/avatar\/37d968a2e67a6fd04c169c4bdef102d0bc5d31b2546345219e348575eb80e9a0?s=96&d=mm&r=g","url":"https:\/\/secure.gravatar.com\/avatar\/37d968a2e67a6fd04c169c4bdef102d0bc5d31b2546345219e348575eb80e9a0?s=96&d=mm&r=g","contentUrl":"https:\/\/secure.gravatar.com\/avatar\/37d968a2e67a6fd04c169c4bdef102d0bc5d31b2546345219e348575eb80e9a0?s=96&d=mm&r=g","caption":"redazione"},"sameAs":["http:\/\/www.bellunopress.it","https:\/\/x.com\/bellunopress"],"url":"https:\/\/www.bellunopress.it\/fr\/author\/redazione\/"}]}},"_links":{"self":[{"href":"https:\/\/www.bellunopress.it\/fr\/wp-json\/wp\/v2\/posts\/146373","targetHints":{"allow":["GET"]}}],"collection":[{"href":"https:\/\/www.bellunopress.it\/fr\/wp-json\/wp\/v2\/posts"}],"about":[{"href":"https:\/\/www.bellunopress.it\/fr\/wp-json\/wp\/v2\/types\/post"}],"author":[{"embeddable":true,"href":"https:\/\/www.bellunopress.it\/fr\/wp-json\/wp\/v2\/users\/2"}],"replies":[{"embeddable":true,"href":"https:\/\/www.bellunopress.it\/fr\/wp-json\/wp\/v2\/comments?post=146373"}],"version-history":[{"count":1,"href":"https:\/\/www.bellunopress.it\/fr\/wp-json\/wp\/v2\/posts\/146373\/revisions"}],"predecessor-version":[{"id":146375,"href":"https:\/\/www.bellunopress.it\/fr\/wp-json\/wp\/v2\/posts\/146373\/revisions\/146375"}],"wp:featuredmedia":[{"embeddable":true,"href":"https:\/\/www.bellunopress.it\/fr\/wp-json\/wp\/v2\/media\/146374"}],"wp:attachment":[{"href":"https:\/\/www.bellunopress.it\/fr\/wp-json\/wp\/v2\/media?parent=146373"}],"wp:term":[{"taxonomy":"category","embeddable":true,"href":"https:\/\/www.bellunopress.it\/fr\/wp-json\/wp\/v2\/categories?post=146373"},{"taxonomy":"post_tag","embeddable":true,"href":"https:\/\/www.bellunopress.it\/fr\/wp-json\/wp\/v2\/tags?post=146373"}],"curies":[{"name":"wp","href":"https:\/\/api.w.org\/{rel}","templated":true}]}}