{"id":14637,"date":"2010-04-21T20:59:39","date_gmt":"2010-04-21T19:59:39","guid":{"rendered":"http:\/\/www.bellunopress.it\/?p=14637"},"modified":"2010-04-21T20:59:39","modified_gmt":"2010-04-21T19:59:39","slug":"la-sanita-bellunese-del-futuro-secondo-prade","status":"publish","type":"post","link":"https:\/\/www.bellunopress.it\/fr\/2010\/04\/21\/la-sanita-bellunese-del-futuro-secondo-prade\/","title":{"rendered":"La sanit\u00e0 bellunese del futuro secondo Prade"},"content":{"rendered":"<p><a href=\"http:\/\/www.bellunopress.it\/wp-content\/uploads\/2009\/08\/antonio-prade-270x180.jpg\"><img loading=\"lazy\" decoding=\"async\" class=\"alignleft size-medium wp-image-7303\" title=\"antonio-prade-270x180\" src=\"http:\/\/www.bellunopress.it\/wp-content\/uploads\/2009\/08\/antonio-prade-270x180.jpg\" alt=\"\" width=\"181\" height=\"270\" \/><\/a>Il sindaco di Belluno Antonio\u00a0Prade non ha gradito la stroncatura dell&#8217;alleato della Lega, il presidente della Provincia Bottacin che qualche giorno fa\u00a0ha dichiarato: \u00abChiudere gli ospedali di Pieve di Cadore o di Agordo, come tutti quelli periferici \u00e8 completamente fuori discussione\u00bb! E dunque \u00e8 intervenuto con una serie di dichiarazioni di ambiziosi e responsabili intenti di lungo termine e ampio respiro, che si possono tirare da una parte o dall&#8217;altra come un elastico. A seconda della circostanza. Eccole: &#8220;Il metodo \u00e8 sempre lo stesso &#8211; dice Prade &#8211;\u00a0invece di pulirla, si nasconde accuratamente la polvere sotto il tappeto. Invece di parlare dei problemi, li si evita. Meglio, li si nasconde. Questo \u00e8 successo in questi giorni a proposito della sanit\u00e0 provinciale, quando mi sono permesso, pubblicamente su di un giornale, di riflettere su tre temi, assolutamente importanti per la nostra provincia: un nuovo moderno ospedale, come dovranno sopravvivere gli ospedali \u201cperiferici\u201d e la questione di una ULSS unica per tutto il bellunese. Come Presidente della Conferenza dei Sindaci della ULSS 1 credo di avere sul punto diritto e dovere di intervenire, forse meglio di altri. Sia chiaro, temi cruciali per il nostro territorio che, io credo, vanno affrontati tenendo ben presenti soltanto due principi fondamentali: che dobbiamo salvaguardare e ampliare\u00a0 i diritti della nostra gente e che dobbiamo cominciare adesso a costruire le strutture sanitarie dei prossimi decenni. Il resto &#8211; tutto il resto &#8211; sono sovrastrutture, certo importantissime ma che non possono essere confuse con l&#8217;obiettivo centrale. Io, almeno, mi provo di non fare questo errore. Detto in altre parole: siamo certi che la attuale organizzazione sanitaria della nostra provincia andr\u00e0 bene anche nel 2030? Due ULSS sono per l&#8217;eternit\u00e0 o varranno soltanto nella misura in cui serviranno per una organizzazione sanitaria ancora pi\u00f9 efficiente? Possiamo discuterne? Io penso di si. Altrimenti il nostro immobilismo, complice l&#8217;andamento demografico, la rivoluzione delle tecniche di cura nonch\u00e9 il cambio del rapporto fra la domanda di cura e quella di prevenzione, porter\u00e0 ad un generale declassamento della nostre strutture sanitarie. Io ne vedo gi\u00e0 le avvisaglie. Ripeto, vogliamo discuterne? Detto questo, nessuno potr\u00e0 iscrivere il Sindaco di Belluno fra coloro che non hanno a cuore gli ospedali e la sanit\u00e0 dei paesi di montagna. O, peggio, fra coloro che la montagna non la conoscono. A tale proposito invito pubblicamente Antonia Ciotti non ad incatenarsi per protesta ma ad un pubblico dibattito per ragionare di proposte. Poi vorrei ricordare che nella mia veste di Presidente della Conferenza dei Sindaci della ULSS 1, qualche settimana, nel silenzio dei molti che oggi scrivono, ho assunto una precisa e pubblica posizione a favore dell&#8217;Ospedale di Cortina d&#8217;Ampezzo. Altro che storie, altro che chiudere gli ospedali! Qui occorre rimboccarsi le maniche e produrre idee per il nostro futuro. Ecco una buona occasione per avere l&#8217;autonomia quella vera, quella del pensiero&#8221;.<\/p>\n<p>Antonio Prade<\/p>","protected":false},"excerpt":{"rendered":"<p>Il sindaco di Belluno Antonio\u00a0Prade non ha gradito la stroncatura dell&#8217;alleato della Lega, il presidente della Provincia Bottacin che qualche giorno fa\u00a0ha dichiarato: \u00abChiudere gli ospedali di Pieve di Cadore o di Agordo, come tutti quelli periferici \u00e8 completamente fuori discussione\u00bb! E dunque \u00e8 intervenuto con una serie di dichiarazioni di ambiziosi e responsabili intenti [&hellip;]<\/p>\n","protected":false},"author":2,"featured_media":0,"comment_status":"closed","ping_status":"open","sticky":false,"template":"","format":"standard","meta":{"footnotes":""},"categories":[17],"tags":[1317],"class_list":["post-14637","post","type-post","status-publish","format-standard","category-sanita","tag-la-sanita-secondo-prade"],"yoast_head":"<!-- This site is optimized with the Yoast SEO plugin v28.4 - https:\/\/yoast.com\/product\/yoast-seo-wordpress\/ -->\n<title>La sanit\u00e0 bellunese del futuro secondo Prade - Bellunopress - Dolomiti<\/title>\n<meta name=\"robots\" content=\"index, follow, max-snippet:-1, max-image-preview:large, max-video-preview:-1\" \/>\n<link rel=\"canonical\" href=\"https:\/\/www.bellunopress.it\/fr\/2010\/04\/21\/la-sanita-bellunese-del-futuro-secondo-prade\/\" \/>\n<meta property=\"og:locale\" content=\"fr_FR\" \/>\n<meta property=\"og:type\" content=\"article\" \/>\n<meta property=\"og:title\" content=\"La sanit\u00e0 bellunese del futuro secondo Prade - Bellunopress - Dolomiti\" \/>\n<meta property=\"og:description\" content=\"Il sindaco di Belluno Antonio\u00a0Prade non ha gradito la stroncatura dell&#8217;alleato della Lega, il presidente della Provincia Bottacin che qualche giorno fa\u00a0ha dichiarato: \u00abChiudere gli ospedali di Pieve di Cadore o di Agordo, come tutti quelli periferici \u00e8 completamente fuori discussione\u00bb! E dunque \u00e8 intervenuto con una serie di dichiarazioni di ambiziosi e responsabili intenti [&hellip;]\" \/>\n<meta property=\"og:url\" content=\"https:\/\/www.bellunopress.it\/fr\/2010\/04\/21\/la-sanita-bellunese-del-futuro-secondo-prade\/\" \/>\n<meta property=\"og:site_name\" content=\"Bellunopress - Dolomiti\" \/>\n<meta property=\"article:publisher\" content=\"https:\/\/www.facebook.com\/profile.php?id=100008943462799\" \/>\n<meta property=\"article:published_time\" content=\"2010-04-21T19:59:39+00:00\" \/>\n<meta property=\"og:image\" content=\"http:\/\/www.bellunopress.it\/wp-content\/uploads\/2009\/08\/antonio-prade-270x180.jpg\" \/>\n<meta name=\"author\" content=\"redazione\" \/>\n<meta name=\"twitter:card\" content=\"summary_large_image\" \/>\n<meta name=\"twitter:creator\" content=\"@bellunopress\" \/>\n<meta name=\"twitter:site\" content=\"@bellunopress\" \/>\n<meta name=\"twitter:label1\" content=\"\u00c9crit par\" \/>\n\t<meta name=\"twitter:data1\" content=\"redazione\" \/>\n\t<meta name=\"twitter:label2\" content=\"Dur\u00e9e de lecture estim\u00e9e\" \/>\n\t<meta name=\"twitter:data2\" content=\"2 minutes\" \/>\n<script type=\"application\/ld+json\" class=\"yoast-schema-graph\">{\"@context\":\"https:\\\/\\\/schema.org\",\"@graph\":[{\"@type\":\"Article\",\"@id\":\"https:\\\/\\\/www.bellunopress.it\\\/2010\\\/04\\\/21\\\/la-sanita-bellunese-del-futuro-secondo-prade\\\/#article\",\"isPartOf\":{\"@id\":\"https:\\\/\\\/www.bellunopress.it\\\/2010\\\/04\\\/21\\\/la-sanita-bellunese-del-futuro-secondo-prade\\\/\"},\"author\":{\"name\":\"redazione\",\"@id\":\"https:\\\/\\\/www.bellunopress.it\\\/#\\\/schema\\\/person\\\/79bb06722b37ece1c03d3e94beb30d73\"},\"headline\":\"La sanit\u00e0 bellunese del futuro secondo Prade\",\"datePublished\":\"2010-04-21T19:59:39+00:00\",\"mainEntityOfPage\":{\"@id\":\"https:\\\/\\\/www.bellunopress.it\\\/2010\\\/04\\\/21\\\/la-sanita-bellunese-del-futuro-secondo-prade\\\/\"},\"wordCount\":486,\"publisher\":{\"@id\":\"https:\\\/\\\/www.bellunopress.it\\\/#organization\"},\"image\":{\"@id\":\"https:\\\/\\\/www.bellunopress.it\\\/2010\\\/04\\\/21\\\/la-sanita-bellunese-del-futuro-secondo-prade\\\/#primaryimage\"},\"thumbnailUrl\":\"http:\\\/\\\/www.bellunopress.it\\\/wp-content\\\/uploads\\\/2009\\\/08\\\/antonio-prade-270x180.jpg\",\"keywords\":[\"la sanit\u00e0 secondo Prade\"],\"articleSection\":[\"Sanit\u00e0 Medicina\"],\"inLanguage\":\"fr-FR\"},{\"@type\":\"WebPage\",\"@id\":\"https:\\\/\\\/www.bellunopress.it\\\/2010\\\/04\\\/21\\\/la-sanita-bellunese-del-futuro-secondo-prade\\\/\",\"url\":\"https:\\\/\\\/www.bellunopress.it\\\/2010\\\/04\\\/21\\\/la-sanita-bellunese-del-futuro-secondo-prade\\\/\",\"name\":\"La sanit\u00e0 bellunese del futuro secondo Prade - Bellunopress - Dolomiti\",\"isPartOf\":{\"@id\":\"https:\\\/\\\/www.bellunopress.it\\\/#website\"},\"primaryImageOfPage\":{\"@id\":\"https:\\\/\\\/www.bellunopress.it\\\/2010\\\/04\\\/21\\\/la-sanita-bellunese-del-futuro-secondo-prade\\\/#primaryimage\"},\"image\":{\"@id\":\"https:\\\/\\\/www.bellunopress.it\\\/2010\\\/04\\\/21\\\/la-sanita-bellunese-del-futuro-secondo-prade\\\/#primaryimage\"},\"thumbnailUrl\":\"http:\\\/\\\/www.bellunopress.it\\\/wp-content\\\/uploads\\\/2009\\\/08\\\/antonio-prade-270x180.jpg\",\"datePublished\":\"2010-04-21T19:59:39+00:00\",\"breadcrumb\":{\"@id\":\"https:\\\/\\\/www.bellunopress.it\\\/2010\\\/04\\\/21\\\/la-sanita-bellunese-del-futuro-secondo-prade\\\/#breadcrumb\"},\"inLanguage\":\"fr-FR\",\"potentialAction\":[{\"@type\":\"ReadAction\",\"target\":[\"https:\\\/\\\/www.bellunopress.it\\\/2010\\\/04\\\/21\\\/la-sanita-bellunese-del-futuro-secondo-prade\\\/\"]}]},{\"@type\":\"ImageObject\",\"inLanguage\":\"fr-FR\",\"@id\":\"https:\\\/\\\/www.bellunopress.it\\\/2010\\\/04\\\/21\\\/la-sanita-bellunese-del-futuro-secondo-prade\\\/#primaryimage\",\"url\":\"http:\\\/\\\/www.bellunopress.it\\\/wp-content\\\/uploads\\\/2009\\\/08\\\/antonio-prade-270x180.jpg\",\"contentUrl\":\"http:\\\/\\\/www.bellunopress.it\\\/wp-content\\\/uploads\\\/2009\\\/08\\\/antonio-prade-270x180.jpg\"},{\"@type\":\"BreadcrumbList\",\"@id\":\"https:\\\/\\\/www.bellunopress.it\\\/2010\\\/04\\\/21\\\/la-sanita-bellunese-del-futuro-secondo-prade\\\/#breadcrumb\",\"itemListElement\":[{\"@type\":\"ListItem\",\"position\":1,\"name\":\"Home\",\"item\":\"https:\\\/\\\/www.bellunopress.it\\\/\"},{\"@type\":\"ListItem\",\"position\":2,\"name\":\"La sanit\u00e0 bellunese del futuro secondo Prade\"}]},{\"@type\":\"WebSite\",\"@id\":\"https:\\\/\\\/www.bellunopress.it\\\/#website\",\"url\":\"https:\\\/\\\/www.bellunopress.it\\\/\",\"name\":\"Bellunopress - Dolomiti\",\"description\":\"e-mail: redazione@bellunopress.it\",\"publisher\":{\"@id\":\"https:\\\/\\\/www.bellunopress.it\\\/#organization\"},\"potentialAction\":[{\"@type\":\"SearchAction\",\"target\":{\"@type\":\"EntryPoint\",\"urlTemplate\":\"https:\\\/\\\/www.bellunopress.it\\\/?s={search_term_string}\"},\"query-input\":{\"@type\":\"PropertyValueSpecification\",\"valueRequired\":true,\"valueName\":\"search_term_string\"}}],\"inLanguage\":\"fr-FR\"},{\"@type\":\"Organization\",\"@id\":\"https:\\\/\\\/www.bellunopress.it\\\/#organization\",\"name\":\"Bellunopress\",\"url\":\"https:\\\/\\\/www.bellunopress.it\\\/\",\"logo\":{\"@type\":\"ImageObject\",\"inLanguage\":\"fr-FR\",\"@id\":\"https:\\\/\\\/www.bellunopress.it\\\/#\\\/schema\\\/logo\\\/image\\\/\",\"url\":\"https:\\\/\\\/www.bellunopress.it\\\/wp-content\\\/uploads\\\/2011\\\/05\\\/cropped-logo-bellunopress-.jpg\",\"contentUrl\":\"https:\\\/\\\/www.bellunopress.it\\\/wp-content\\\/uploads\\\/2011\\\/05\\\/cropped-logo-bellunopress-.jpg\",\"width\":512,\"height\":512,\"caption\":\"Bellunopress\"},\"image\":{\"@id\":\"https:\\\/\\\/www.bellunopress.it\\\/#\\\/schema\\\/logo\\\/image\\\/\"},\"sameAs\":[\"https:\\\/\\\/www.facebook.com\\\/profile.php?id=100008943462799\",\"https:\\\/\\\/x.com\\\/bellunopress\",\"https:\\\/\\\/www.linkedin.com\\\/hp\\\/?dnr=JBzUWaJfMUw8vbXJJ2tVW5-I3jZKvC4wsoxE&amp;amp;amp;amp;amp;amp;trk=nav_responsive_tab_home\",\"https:\\\/\\\/www.youtube.com\\\/channel\\\/UCxL0wu1uN0_3_7hGG0306cw\"]},{\"@type\":\"Person\",\"@id\":\"https:\\\/\\\/www.bellunopress.it\\\/#\\\/schema\\\/person\\\/79bb06722b37ece1c03d3e94beb30d73\",\"name\":\"redazione\",\"image\":{\"@type\":\"ImageObject\",\"inLanguage\":\"fr-FR\",\"@id\":\"https:\\\/\\\/secure.gravatar.com\\\/avatar\\\/37d968a2e67a6fd04c169c4bdef102d0bc5d31b2546345219e348575eb80e9a0?s=96&d=mm&r=g\",\"url\":\"https:\\\/\\\/secure.gravatar.com\\\/avatar\\\/37d968a2e67a6fd04c169c4bdef102d0bc5d31b2546345219e348575eb80e9a0?s=96&d=mm&r=g\",\"contentUrl\":\"https:\\\/\\\/secure.gravatar.com\\\/avatar\\\/37d968a2e67a6fd04c169c4bdef102d0bc5d31b2546345219e348575eb80e9a0?s=96&d=mm&r=g\",\"caption\":\"redazione\"},\"sameAs\":[\"http:\\\/\\\/www.bellunopress.it\",\"https:\\\/\\\/x.com\\\/bellunopress\"],\"url\":\"https:\\\/\\\/www.bellunopress.it\\\/fr\\\/author\\\/redazione\\\/\"}]}<\/script>\n<!-- \/ Yoast SEO plugin. -->","yoast_head_json":{"title":"La sanit\u00e0 bellunese del futuro secondo Prade - Bellunopress - Dolomiti","robots":{"index":"index","follow":"follow","max-snippet":"max-snippet:-1","max-image-preview":"max-image-preview:large","max-video-preview":"max-video-preview:-1"},"canonical":"https:\/\/www.bellunopress.it\/fr\/2010\/04\/21\/la-sanita-bellunese-del-futuro-secondo-prade\/","og_locale":"fr_FR","og_type":"article","og_title":"La sanit\u00e0 bellunese del futuro secondo Prade - Bellunopress - Dolomiti","og_description":"Il sindaco di Belluno Antonio\u00a0Prade non ha gradito la stroncatura dell&#8217;alleato della Lega, il presidente della Provincia Bottacin che qualche giorno fa\u00a0ha dichiarato: \u00abChiudere gli ospedali di Pieve di Cadore o di Agordo, come tutti quelli periferici \u00e8 completamente fuori discussione\u00bb! E dunque \u00e8 intervenuto con una serie di dichiarazioni di ambiziosi e responsabili intenti [&hellip;]","og_url":"https:\/\/www.bellunopress.it\/fr\/2010\/04\/21\/la-sanita-bellunese-del-futuro-secondo-prade\/","og_site_name":"Bellunopress - Dolomiti","article_publisher":"https:\/\/www.facebook.com\/profile.php?id=100008943462799","article_published_time":"2010-04-21T19:59:39+00:00","og_image":[{"url":"http:\/\/www.bellunopress.it\/wp-content\/uploads\/2009\/08\/antonio-prade-270x180.jpg","type":"","width":"","height":""}],"author":"redazione","twitter_card":"summary_large_image","twitter_creator":"@bellunopress","twitter_site":"@bellunopress","twitter_misc":{"\u00c9crit par":"redazione","Dur\u00e9e de lecture estim\u00e9e":"2 minutes"},"schema":{"@context":"https:\/\/schema.org","@graph":[{"@type":"Article","@id":"https:\/\/www.bellunopress.it\/2010\/04\/21\/la-sanita-bellunese-del-futuro-secondo-prade\/#article","isPartOf":{"@id":"https:\/\/www.bellunopress.it\/2010\/04\/21\/la-sanita-bellunese-del-futuro-secondo-prade\/"},"author":{"name":"redazione","@id":"https:\/\/www.bellunopress.it\/#\/schema\/person\/79bb06722b37ece1c03d3e94beb30d73"},"headline":"La sanit\u00e0 bellunese del futuro secondo Prade","datePublished":"2010-04-21T19:59:39+00:00","mainEntityOfPage":{"@id":"https:\/\/www.bellunopress.it\/2010\/04\/21\/la-sanita-bellunese-del-futuro-secondo-prade\/"},"wordCount":486,"publisher":{"@id":"https:\/\/www.bellunopress.it\/#organization"},"image":{"@id":"https:\/\/www.bellunopress.it\/2010\/04\/21\/la-sanita-bellunese-del-futuro-secondo-prade\/#primaryimage"},"thumbnailUrl":"http:\/\/www.bellunopress.it\/wp-content\/uploads\/2009\/08\/antonio-prade-270x180.jpg","keywords":["la sanit\u00e0 secondo Prade"],"articleSection":["Sanit\u00e0 Medicina"],"inLanguage":"fr-FR"},{"@type":"WebPage","@id":"https:\/\/www.bellunopress.it\/2010\/04\/21\/la-sanita-bellunese-del-futuro-secondo-prade\/","url":"https:\/\/www.bellunopress.it\/2010\/04\/21\/la-sanita-bellunese-del-futuro-secondo-prade\/","name":"La sanit\u00e0 bellunese del futuro secondo Prade - Bellunopress - Dolomiti","isPartOf":{"@id":"https:\/\/www.bellunopress.it\/#website"},"primaryImageOfPage":{"@id":"https:\/\/www.bellunopress.it\/2010\/04\/21\/la-sanita-bellunese-del-futuro-secondo-prade\/#primaryimage"},"image":{"@id":"https:\/\/www.bellunopress.it\/2010\/04\/21\/la-sanita-bellunese-del-futuro-secondo-prade\/#primaryimage"},"thumbnailUrl":"http:\/\/www.bellunopress.it\/wp-content\/uploads\/2009\/08\/antonio-prade-270x180.jpg","datePublished":"2010-04-21T19:59:39+00:00","breadcrumb":{"@id":"https:\/\/www.bellunopress.it\/2010\/04\/21\/la-sanita-bellunese-del-futuro-secondo-prade\/#breadcrumb"},"inLanguage":"fr-FR","potentialAction":[{"@type":"ReadAction","target":["https:\/\/www.bellunopress.it\/2010\/04\/21\/la-sanita-bellunese-del-futuro-secondo-prade\/"]}]},{"@type":"ImageObject","inLanguage":"fr-FR","@id":"https:\/\/www.bellunopress.it\/2010\/04\/21\/la-sanita-bellunese-del-futuro-secondo-prade\/#primaryimage","url":"http:\/\/www.bellunopress.it\/wp-content\/uploads\/2009\/08\/antonio-prade-270x180.jpg","contentUrl":"http:\/\/www.bellunopress.it\/wp-content\/uploads\/2009\/08\/antonio-prade-270x180.jpg"},{"@type":"BreadcrumbList","@id":"https:\/\/www.bellunopress.it\/2010\/04\/21\/la-sanita-bellunese-del-futuro-secondo-prade\/#breadcrumb","itemListElement":[{"@type":"ListItem","position":1,"name":"Home","item":"https:\/\/www.bellunopress.it\/"},{"@type":"ListItem","position":2,"name":"La sanit\u00e0 bellunese del futuro secondo Prade"}]},{"@type":"WebSite","@id":"https:\/\/www.bellunopress.it\/#website","url":"https:\/\/www.bellunopress.it\/","name":"Bellunopress - Dolomiti","description":"e-mail: redazione@bellunopress.it","publisher":{"@id":"https:\/\/www.bellunopress.it\/#organization"},"potentialAction":[{"@type":"SearchAction","target":{"@type":"EntryPoint","urlTemplate":"https:\/\/www.bellunopress.it\/?s={search_term_string}"},"query-input":{"@type":"PropertyValueSpecification","valueRequired":true,"valueName":"search_term_string"}}],"inLanguage":"fr-FR"},{"@type":"Organization","@id":"https:\/\/www.bellunopress.it\/#organization","name":"Bellunopress","url":"https:\/\/www.bellunopress.it\/","logo":{"@type":"ImageObject","inLanguage":"fr-FR","@id":"https:\/\/www.bellunopress.it\/#\/schema\/logo\/image\/","url":"https:\/\/www.bellunopress.it\/wp-content\/uploads\/2011\/05\/cropped-logo-bellunopress-.jpg","contentUrl":"https:\/\/www.bellunopress.it\/wp-content\/uploads\/2011\/05\/cropped-logo-bellunopress-.jpg","width":512,"height":512,"caption":"Bellunopress"},"image":{"@id":"https:\/\/www.bellunopress.it\/#\/schema\/logo\/image\/"},"sameAs":["https:\/\/www.facebook.com\/profile.php?id=100008943462799","https:\/\/x.com\/bellunopress","https:\/\/www.linkedin.com\/hp\/?dnr=JBzUWaJfMUw8vbXJJ2tVW5-I3jZKvC4wsoxE&amp;amp;amp;amp;amp;amp;trk=nav_responsive_tab_home","https:\/\/www.youtube.com\/channel\/UCxL0wu1uN0_3_7hGG0306cw"]},{"@type":"Person","@id":"https:\/\/www.bellunopress.it\/#\/schema\/person\/79bb06722b37ece1c03d3e94beb30d73","name":"r\u00e9daction","image":{"@type":"ImageObject","inLanguage":"fr-FR","@id":"https:\/\/secure.gravatar.com\/avatar\/37d968a2e67a6fd04c169c4bdef102d0bc5d31b2546345219e348575eb80e9a0?s=96&d=mm&r=g","url":"https:\/\/secure.gravatar.com\/avatar\/37d968a2e67a6fd04c169c4bdef102d0bc5d31b2546345219e348575eb80e9a0?s=96&d=mm&r=g","contentUrl":"https:\/\/secure.gravatar.com\/avatar\/37d968a2e67a6fd04c169c4bdef102d0bc5d31b2546345219e348575eb80e9a0?s=96&d=mm&r=g","caption":"redazione"},"sameAs":["http:\/\/www.bellunopress.it","https:\/\/x.com\/bellunopress"],"url":"https:\/\/www.bellunopress.it\/fr\/author\/redazione\/"}]}},"_links":{"self":[{"href":"https:\/\/www.bellunopress.it\/fr\/wp-json\/wp\/v2\/posts\/14637","targetHints":{"allow":["GET"]}}],"collection":[{"href":"https:\/\/www.bellunopress.it\/fr\/wp-json\/wp\/v2\/posts"}],"about":[{"href":"https:\/\/www.bellunopress.it\/fr\/wp-json\/wp\/v2\/types\/post"}],"author":[{"embeddable":true,"href":"https:\/\/www.bellunopress.it\/fr\/wp-json\/wp\/v2\/users\/2"}],"replies":[{"embeddable":true,"href":"https:\/\/www.bellunopress.it\/fr\/wp-json\/wp\/v2\/comments?post=14637"}],"version-history":[{"count":1,"href":"https:\/\/www.bellunopress.it\/fr\/wp-json\/wp\/v2\/posts\/14637\/revisions"}],"predecessor-version":[{"id":14638,"href":"https:\/\/www.bellunopress.it\/fr\/wp-json\/wp\/v2\/posts\/14637\/revisions\/14638"}],"wp:attachment":[{"href":"https:\/\/www.bellunopress.it\/fr\/wp-json\/wp\/v2\/media?parent=14637"}],"wp:term":[{"taxonomy":"category","embeddable":true,"href":"https:\/\/www.bellunopress.it\/fr\/wp-json\/wp\/v2\/categories?post=14637"},{"taxonomy":"post_tag","embeddable":true,"href":"https:\/\/www.bellunopress.it\/fr\/wp-json\/wp\/v2\/tags?post=14637"}],"curies":[{"name":"wp","href":"https:\/\/api.w.org\/{rel}","templated":true}]}}