{"id":146359,"date":"2023-12-01T12:35:49","date_gmt":"2023-12-01T11:35:49","guid":{"rendered":"https:\/\/www.bellunopress.it\/?p=146359"},"modified":"2023-12-01T12:35:49","modified_gmt":"2023-12-01T11:35:49","slug":"ponte-nelle-alpi-via-libera-allimplementazione-dellilluminazione-pubblica-e-della-video-sorveglianza","status":"publish","type":"post","link":"https:\/\/www.bellunopress.it\/fr\/2023\/12\/01\/ponte-nelle-alpi-via-libera-allimplementazione-dellilluminazione-pubblica-e-della-video-sorveglianza\/","title":{"rendered":"Ponte\u00a0 nelle Alpi: via libera all&#8217;implementazione dell&#8217;illuminazione pubblica e della video sorveglianza"},"content":{"rendered":"<figure id=\"attachment_146360\" aria-describedby=\"caption-attachment-146360\" style=\"width: 1000px\" class=\"wp-caption alignleft\"><img loading=\"lazy\" decoding=\"async\" class=\"size-full wp-image-146360\" src=\"https:\/\/www.bellunopress.it\/wp-content\/uploads\/2023\/12\/Casa-Rossa-Parco-Mares-Ponte-n-Alpi_edited.jpg\" alt=\"\" width=\"1000\" height=\"636\" srcset=\"https:\/\/www.bellunopress.it\/wp-content\/uploads\/2023\/12\/Casa-Rossa-Parco-Mares-Ponte-n-Alpi_edited.jpg 1000w, https:\/\/www.bellunopress.it\/wp-content\/uploads\/2023\/12\/Casa-Rossa-Parco-Mares-Ponte-n-Alpi_edited-500x318.jpg 500w, https:\/\/www.bellunopress.it\/wp-content\/uploads\/2023\/12\/Casa-Rossa-Parco-Mares-Ponte-n-Alpi_edited-696x443.jpg 696w\" sizes=\"auto, (max-width: 1000px) 100vw, 1000px\" \/><figcaption id=\"caption-attachment-146360\" class=\"wp-caption-text\">Casa Rossa, Parco Mares &#8211; Ponte nelle Alpi<\/figcaption><\/figure>\n<p>Il consiglio comunale di Ponte nelle Alpi ha varato alcuni importanti provvedimenti che riguardano interventi di manutenzioni nelle frazioni, l&#8217;efficientamento della pubblica illuminazione e la sicurezza urbana.<\/p>\n<p>Nell&#8217;ultimo periodo sono stati stanziati 300mila euro per la riqualificazione e sostituzione dei pali della luce, con nuove lampade a led che permettono migliore visibilit\u00e0 e un terzo di risparmio energetico. I lavori sono iniziati nei paesi dei Coi de Pera e si svilupperanno in tutto il territorio comunale. Per quanto riguarda il nuovo progetto, interessa la frazione di Lastreghe con sette punti di illuminazione, lungo la strada che porta all&#8217;incrocio per Piaia e verso la Vena d&#8217;Oro. L&#8217;opera ammonta a 30mila euro.<\/p>\n<p>Nella stessa seduta del consiglio, \u00e8 stato votato l&#8217;aumento del sistema di video sorveglianza in zona stazione e nell&#8217;area del parco &#8220;Alessandro Mares &#8211; Casa Rossa&#8221;. A tale proposito, la stazione ferroviaria \u00e8 interessata da interventi di miglioramento della viabilit\u00e0 e accessibilit\u00e0. E il nuovo parcheggio esterno per le corriere, cos\u00ec come la strada verso viale Dolomiti, vanno messi in sicurezza anche in vista dell&#8217;appuntamento con le Olimpiadi di Milano-Cortina 2026. Ponte nelle Alpi, infatti, sar\u00e0 snodo nevralgico per la mobilit\u00e0 gomma-rotaia della provincia di Belluno e un sistema efficace e puntuale di video sorveglianza diventa importante.<\/p>\n<p>Nel parco &#8220;Mares&#8221;, gi\u00e0 comunque servito da diverse telecamere di sicurezza, verr\u00e0 invece realizzato uno spazio ludico-ricreativo con nuove attrezzature e, di conseguenza, \u00e8 necessario uno specifico controllo. Si rafforza quindi il sistema in tutto il territorio, collegato con la centrale operativa dei vigili urbani in municipio. La manovra approvata dal consiglio prevede un investimento di 67mila euro, in cui rientrano pure alcuni interventi di manutenzione nelle frazioni.<\/p>","protected":false},"excerpt":{"rendered":"<p>Il consiglio comunale di Ponte nelle Alpi ha varato alcuni importanti provvedimenti che riguardano interventi di manutenzioni nelle frazioni, l&#8217;efficientamento della pubblica illuminazione e la sicurezza urbana. Nell&#8217;ultimo periodo sono stati stanziati 300mila euro per la riqualificazione e sostituzione dei pali della luce, con nuove lampade a led che permettono migliore visibilit\u00e0 e un terzo [&hellip;]<\/p>\n","protected":false},"author":2,"featured_media":146360,"comment_status":"closed","ping_status":"open","sticky":false,"template":"","format":"standard","meta":{"footnotes":""},"categories":[26,8],"tags":[],"class_list":["post-146359","post","type-post","status-publish","format-standard","has-post-thumbnail","category-prima-pagina","category-societa-istituzioni"],"yoast_head":"<!-- This site is optimized with the Yoast SEO plugin v28.4 - https:\/\/yoast.com\/product\/yoast-seo-wordpress\/ -->\n<title>Ponte\u00a0 nelle Alpi: via libera all&#039;implementazione dell&#039;illuminazione pubblica e della video sorveglianza - Bellunopress - Dolomiti<\/title>\n<meta name=\"robots\" content=\"index, follow, max-snippet:-1, max-image-preview:large, max-video-preview:-1\" \/>\n<link rel=\"canonical\" href=\"https:\/\/www.bellunopress.it\/fr\/2023\/12\/01\/ponte-nelle-alpi-via-libera-allimplementazione-dellilluminazione-pubblica-e-della-video-sorveglianza\/\" \/>\n<meta property=\"og:locale\" content=\"fr_FR\" \/>\n<meta property=\"og:type\" content=\"article\" \/>\n<meta property=\"og:title\" content=\"Ponte\u00a0 nelle Alpi: via libera all&#039;implementazione dell&#039;illuminazione pubblica e della video sorveglianza - Bellunopress - Dolomiti\" \/>\n<meta property=\"og:description\" content=\"Il consiglio comunale di Ponte nelle Alpi ha varato alcuni importanti provvedimenti che riguardano interventi di manutenzioni nelle frazioni, l&#8217;efficientamento della pubblica illuminazione e la sicurezza urbana. Nell&#8217;ultimo periodo sono stati stanziati 300mila euro per la riqualificazione e sostituzione dei pali della luce, con nuove lampade a led che permettono migliore visibilit\u00e0 e un terzo [&hellip;]\" \/>\n<meta property=\"og:url\" content=\"https:\/\/www.bellunopress.it\/fr\/2023\/12\/01\/ponte-nelle-alpi-via-libera-allimplementazione-dellilluminazione-pubblica-e-della-video-sorveglianza\/\" \/>\n<meta property=\"og:site_name\" content=\"Bellunopress - Dolomiti\" \/>\n<meta property=\"article:publisher\" content=\"https:\/\/www.facebook.com\/profile.php?id=100008943462799\" \/>\n<meta property=\"article:published_time\" content=\"2023-12-01T11:35:49+00:00\" \/>\n<meta property=\"og:image\" content=\"https:\/\/www.bellunopress.it\/wp-content\/uploads\/2023\/12\/Casa-Rossa-Parco-Mares-Ponte-n-Alpi_edited.jpg\" \/>\n\t<meta property=\"og:image:width\" content=\"1000\" \/>\n\t<meta property=\"og:image:height\" content=\"636\" \/>\n\t<meta property=\"og:image:type\" content=\"image\/jpeg\" \/>\n<meta name=\"author\" content=\"redazione\" \/>\n<meta name=\"twitter:card\" content=\"summary_large_image\" \/>\n<meta name=\"twitter:creator\" content=\"@bellunopress\" \/>\n<meta name=\"twitter:site\" content=\"@bellunopress\" \/>\n<meta name=\"twitter:label1\" content=\"\u00c9crit par\" \/>\n\t<meta name=\"twitter:data1\" content=\"redazione\" \/>\n\t<meta name=\"twitter:label2\" content=\"Dur\u00e9e de lecture estim\u00e9e\" \/>\n\t<meta name=\"twitter:data2\" content=\"1 minute\" \/>\n<script type=\"application\/ld+json\" class=\"yoast-schema-graph\">{\"@context\":\"https:\\\/\\\/schema.org\",\"@graph\":[{\"@type\":\"Article\",\"@id\":\"https:\\\/\\\/www.bellunopress.it\\\/2023\\\/12\\\/01\\\/ponte-nelle-alpi-via-libera-allimplementazione-dellilluminazione-pubblica-e-della-video-sorveglianza\\\/#article\",\"isPartOf\":{\"@id\":\"https:\\\/\\\/www.bellunopress.it\\\/2023\\\/12\\\/01\\\/ponte-nelle-alpi-via-libera-allimplementazione-dellilluminazione-pubblica-e-della-video-sorveglianza\\\/\"},\"author\":{\"name\":\"redazione\",\"@id\":\"https:\\\/\\\/www.bellunopress.it\\\/#\\\/schema\\\/person\\\/79bb06722b37ece1c03d3e94beb30d73\"},\"headline\":\"Ponte\u00a0 nelle Alpi: via libera all&#8217;implementazione dell&#8217;illuminazione pubblica e della video sorveglianza\",\"datePublished\":\"2023-12-01T11:35:49+00:00\",\"mainEntityOfPage\":{\"@id\":\"https:\\\/\\\/www.bellunopress.it\\\/2023\\\/12\\\/01\\\/ponte-nelle-alpi-via-libera-allimplementazione-dellilluminazione-pubblica-e-della-video-sorveglianza\\\/\"},\"wordCount\":308,\"publisher\":{\"@id\":\"https:\\\/\\\/www.bellunopress.it\\\/#organization\"},\"image\":{\"@id\":\"https:\\\/\\\/www.bellunopress.it\\\/2023\\\/12\\\/01\\\/ponte-nelle-alpi-via-libera-allimplementazione-dellilluminazione-pubblica-e-della-video-sorveglianza\\\/#primaryimage\"},\"thumbnailUrl\":\"https:\\\/\\\/www.bellunopress.it\\\/wp-content\\\/uploads\\\/2023\\\/12\\\/Casa-Rossa-Parco-Mares-Ponte-n-Alpi_edited.jpg\",\"articleSection\":[\"Prima Pagina\",\"Societ\u00e0, Associazioni, Istituzioni\"],\"inLanguage\":\"fr-FR\"},{\"@type\":\"WebPage\",\"@id\":\"https:\\\/\\\/www.bellunopress.it\\\/2023\\\/12\\\/01\\\/ponte-nelle-alpi-via-libera-allimplementazione-dellilluminazione-pubblica-e-della-video-sorveglianza\\\/\",\"url\":\"https:\\\/\\\/www.bellunopress.it\\\/2023\\\/12\\\/01\\\/ponte-nelle-alpi-via-libera-allimplementazione-dellilluminazione-pubblica-e-della-video-sorveglianza\\\/\",\"name\":\"Ponte\u00a0 nelle Alpi: via libera all'implementazione dell'illuminazione pubblica e della video sorveglianza - Bellunopress - Dolomiti\",\"isPartOf\":{\"@id\":\"https:\\\/\\\/www.bellunopress.it\\\/#website\"},\"primaryImageOfPage\":{\"@id\":\"https:\\\/\\\/www.bellunopress.it\\\/2023\\\/12\\\/01\\\/ponte-nelle-alpi-via-libera-allimplementazione-dellilluminazione-pubblica-e-della-video-sorveglianza\\\/#primaryimage\"},\"image\":{\"@id\":\"https:\\\/\\\/www.bellunopress.it\\\/2023\\\/12\\\/01\\\/ponte-nelle-alpi-via-libera-allimplementazione-dellilluminazione-pubblica-e-della-video-sorveglianza\\\/#primaryimage\"},\"thumbnailUrl\":\"https:\\\/\\\/www.bellunopress.it\\\/wp-content\\\/uploads\\\/2023\\\/12\\\/Casa-Rossa-Parco-Mares-Ponte-n-Alpi_edited.jpg\",\"datePublished\":\"2023-12-01T11:35:49+00:00\",\"breadcrumb\":{\"@id\":\"https:\\\/\\\/www.bellunopress.it\\\/2023\\\/12\\\/01\\\/ponte-nelle-alpi-via-libera-allimplementazione-dellilluminazione-pubblica-e-della-video-sorveglianza\\\/#breadcrumb\"},\"inLanguage\":\"fr-FR\",\"potentialAction\":[{\"@type\":\"ReadAction\",\"target\":[\"https:\\\/\\\/www.bellunopress.it\\\/2023\\\/12\\\/01\\\/ponte-nelle-alpi-via-libera-allimplementazione-dellilluminazione-pubblica-e-della-video-sorveglianza\\\/\"]}]},{\"@type\":\"ImageObject\",\"inLanguage\":\"fr-FR\",\"@id\":\"https:\\\/\\\/www.bellunopress.it\\\/2023\\\/12\\\/01\\\/ponte-nelle-alpi-via-libera-allimplementazione-dellilluminazione-pubblica-e-della-video-sorveglianza\\\/#primaryimage\",\"url\":\"https:\\\/\\\/www.bellunopress.it\\\/wp-content\\\/uploads\\\/2023\\\/12\\\/Casa-Rossa-Parco-Mares-Ponte-n-Alpi_edited.jpg\",\"contentUrl\":\"https:\\\/\\\/www.bellunopress.it\\\/wp-content\\\/uploads\\\/2023\\\/12\\\/Casa-Rossa-Parco-Mares-Ponte-n-Alpi_edited.jpg\",\"width\":1000,\"height\":636,\"caption\":\"Casa Rossa, Parco Mares - Ponte nelle Alpi\"},{\"@type\":\"BreadcrumbList\",\"@id\":\"https:\\\/\\\/www.bellunopress.it\\\/2023\\\/12\\\/01\\\/ponte-nelle-alpi-via-libera-allimplementazione-dellilluminazione-pubblica-e-della-video-sorveglianza\\\/#breadcrumb\",\"itemListElement\":[{\"@type\":\"ListItem\",\"position\":1,\"name\":\"Home\",\"item\":\"https:\\\/\\\/www.bellunopress.it\\\/\"},{\"@type\":\"ListItem\",\"position\":2,\"name\":\"Ponte\u00a0 nelle Alpi: via libera all&#8217;implementazione dell&#8217;illuminazione pubblica e della video sorveglianza\"}]},{\"@type\":\"WebSite\",\"@id\":\"https:\\\/\\\/www.bellunopress.it\\\/#website\",\"url\":\"https:\\\/\\\/www.bellunopress.it\\\/\",\"name\":\"Bellunopress - Dolomiti\",\"description\":\"e-mail: redazione@bellunopress.it\",\"publisher\":{\"@id\":\"https:\\\/\\\/www.bellunopress.it\\\/#organization\"},\"potentialAction\":[{\"@type\":\"SearchAction\",\"target\":{\"@type\":\"EntryPoint\",\"urlTemplate\":\"https:\\\/\\\/www.bellunopress.it\\\/?s={search_term_string}\"},\"query-input\":{\"@type\":\"PropertyValueSpecification\",\"valueRequired\":true,\"valueName\":\"search_term_string\"}}],\"inLanguage\":\"fr-FR\"},{\"@type\":\"Organization\",\"@id\":\"https:\\\/\\\/www.bellunopress.it\\\/#organization\",\"name\":\"Bellunopress\",\"url\":\"https:\\\/\\\/www.bellunopress.it\\\/\",\"logo\":{\"@type\":\"ImageObject\",\"inLanguage\":\"fr-FR\",\"@id\":\"https:\\\/\\\/www.bellunopress.it\\\/#\\\/schema\\\/logo\\\/image\\\/\",\"url\":\"https:\\\/\\\/www.bellunopress.it\\\/wp-content\\\/uploads\\\/2011\\\/05\\\/cropped-logo-bellunopress-.jpg\",\"contentUrl\":\"https:\\\/\\\/www.bellunopress.it\\\/wp-content\\\/uploads\\\/2011\\\/05\\\/cropped-logo-bellunopress-.jpg\",\"width\":512,\"height\":512,\"caption\":\"Bellunopress\"},\"image\":{\"@id\":\"https:\\\/\\\/www.bellunopress.it\\\/#\\\/schema\\\/logo\\\/image\\\/\"},\"sameAs\":[\"https:\\\/\\\/www.facebook.com\\\/profile.php?id=100008943462799\",\"https:\\\/\\\/x.com\\\/bellunopress\",\"https:\\\/\\\/www.linkedin.com\\\/hp\\\/?dnr=JBzUWaJfMUw8vbXJJ2tVW5-I3jZKvC4wsoxE&amp;amp;amp;amp;amp;amp;trk=nav_responsive_tab_home\",\"https:\\\/\\\/www.youtube.com\\\/channel\\\/UCxL0wu1uN0_3_7hGG0306cw\"]},{\"@type\":\"Person\",\"@id\":\"https:\\\/\\\/www.bellunopress.it\\\/#\\\/schema\\\/person\\\/79bb06722b37ece1c03d3e94beb30d73\",\"name\":\"redazione\",\"image\":{\"@type\":\"ImageObject\",\"inLanguage\":\"fr-FR\",\"@id\":\"https:\\\/\\\/secure.gravatar.com\\\/avatar\\\/37d968a2e67a6fd04c169c4bdef102d0bc5d31b2546345219e348575eb80e9a0?s=96&d=mm&r=g\",\"url\":\"https:\\\/\\\/secure.gravatar.com\\\/avatar\\\/37d968a2e67a6fd04c169c4bdef102d0bc5d31b2546345219e348575eb80e9a0?s=96&d=mm&r=g\",\"contentUrl\":\"https:\\\/\\\/secure.gravatar.com\\\/avatar\\\/37d968a2e67a6fd04c169c4bdef102d0bc5d31b2546345219e348575eb80e9a0?s=96&d=mm&r=g\",\"caption\":\"redazione\"},\"sameAs\":[\"http:\\\/\\\/www.bellunopress.it\",\"https:\\\/\\\/x.com\\\/bellunopress\"],\"url\":\"https:\\\/\\\/www.bellunopress.it\\\/fr\\\/author\\\/redazione\\\/\"}]}<\/script>\n<!-- \/ Yoast SEO plugin. -->","yoast_head_json":{"title":"Ponte\u00a0 nelle Alpi: via libera all'implementazione dell'illuminazione pubblica e della video sorveglianza - Bellunopress - Dolomiti","robots":{"index":"index","follow":"follow","max-snippet":"max-snippet:-1","max-image-preview":"max-image-preview:large","max-video-preview":"max-video-preview:-1"},"canonical":"https:\/\/www.bellunopress.it\/fr\/2023\/12\/01\/ponte-nelle-alpi-via-libera-allimplementazione-dellilluminazione-pubblica-e-della-video-sorveglianza\/","og_locale":"fr_FR","og_type":"article","og_title":"Ponte\u00a0 nelle Alpi: via libera all'implementazione dell'illuminazione pubblica e della video sorveglianza - Bellunopress - Dolomiti","og_description":"Il consiglio comunale di Ponte nelle Alpi ha varato alcuni importanti provvedimenti che riguardano interventi di manutenzioni nelle frazioni, l&#8217;efficientamento della pubblica illuminazione e la sicurezza urbana. Nell&#8217;ultimo periodo sono stati stanziati 300mila euro per la riqualificazione e sostituzione dei pali della luce, con nuove lampade a led che permettono migliore visibilit\u00e0 e un terzo [&hellip;]","og_url":"https:\/\/www.bellunopress.it\/fr\/2023\/12\/01\/ponte-nelle-alpi-via-libera-allimplementazione-dellilluminazione-pubblica-e-della-video-sorveglianza\/","og_site_name":"Bellunopress - Dolomiti","article_publisher":"https:\/\/www.facebook.com\/profile.php?id=100008943462799","article_published_time":"2023-12-01T11:35:49+00:00","og_image":[{"width":1000,"height":636,"url":"https:\/\/www.bellunopress.it\/wp-content\/uploads\/2023\/12\/Casa-Rossa-Parco-Mares-Ponte-n-Alpi_edited.jpg","type":"image\/jpeg"}],"author":"redazione","twitter_card":"summary_large_image","twitter_creator":"@bellunopress","twitter_site":"@bellunopress","twitter_misc":{"\u00c9crit par":"redazione","Dur\u00e9e de lecture estim\u00e9e":"1 minute"},"schema":{"@context":"https:\/\/schema.org","@graph":[{"@type":"Article","@id":"https:\/\/www.bellunopress.it\/2023\/12\/01\/ponte-nelle-alpi-via-libera-allimplementazione-dellilluminazione-pubblica-e-della-video-sorveglianza\/#article","isPartOf":{"@id":"https:\/\/www.bellunopress.it\/2023\/12\/01\/ponte-nelle-alpi-via-libera-allimplementazione-dellilluminazione-pubblica-e-della-video-sorveglianza\/"},"author":{"name":"redazione","@id":"https:\/\/www.bellunopress.it\/#\/schema\/person\/79bb06722b37ece1c03d3e94beb30d73"},"headline":"Ponte\u00a0 nelle Alpi: via libera all&#8217;implementazione dell&#8217;illuminazione pubblica e della video sorveglianza","datePublished":"2023-12-01T11:35:49+00:00","mainEntityOfPage":{"@id":"https:\/\/www.bellunopress.it\/2023\/12\/01\/ponte-nelle-alpi-via-libera-allimplementazione-dellilluminazione-pubblica-e-della-video-sorveglianza\/"},"wordCount":308,"publisher":{"@id":"https:\/\/www.bellunopress.it\/#organization"},"image":{"@id":"https:\/\/www.bellunopress.it\/2023\/12\/01\/ponte-nelle-alpi-via-libera-allimplementazione-dellilluminazione-pubblica-e-della-video-sorveglianza\/#primaryimage"},"thumbnailUrl":"https:\/\/www.bellunopress.it\/wp-content\/uploads\/2023\/12\/Casa-Rossa-Parco-Mares-Ponte-n-Alpi_edited.jpg","articleSection":["Prima Pagina","Societ\u00e0, Associazioni, Istituzioni"],"inLanguage":"fr-FR"},{"@type":"WebPage","@id":"https:\/\/www.bellunopress.it\/2023\/12\/01\/ponte-nelle-alpi-via-libera-allimplementazione-dellilluminazione-pubblica-e-della-video-sorveglianza\/","url":"https:\/\/www.bellunopress.it\/2023\/12\/01\/ponte-nelle-alpi-via-libera-allimplementazione-dellilluminazione-pubblica-e-della-video-sorveglianza\/","name":"Ponte\u00a0 nelle Alpi: via libera all'implementazione dell'illuminazione pubblica e della video sorveglianza - Bellunopress - Dolomiti","isPartOf":{"@id":"https:\/\/www.bellunopress.it\/#website"},"primaryImageOfPage":{"@id":"https:\/\/www.bellunopress.it\/2023\/12\/01\/ponte-nelle-alpi-via-libera-allimplementazione-dellilluminazione-pubblica-e-della-video-sorveglianza\/#primaryimage"},"image":{"@id":"https:\/\/www.bellunopress.it\/2023\/12\/01\/ponte-nelle-alpi-via-libera-allimplementazione-dellilluminazione-pubblica-e-della-video-sorveglianza\/#primaryimage"},"thumbnailUrl":"https:\/\/www.bellunopress.it\/wp-content\/uploads\/2023\/12\/Casa-Rossa-Parco-Mares-Ponte-n-Alpi_edited.jpg","datePublished":"2023-12-01T11:35:49+00:00","breadcrumb":{"@id":"https:\/\/www.bellunopress.it\/2023\/12\/01\/ponte-nelle-alpi-via-libera-allimplementazione-dellilluminazione-pubblica-e-della-video-sorveglianza\/#breadcrumb"},"inLanguage":"fr-FR","potentialAction":[{"@type":"ReadAction","target":["https:\/\/www.bellunopress.it\/2023\/12\/01\/ponte-nelle-alpi-via-libera-allimplementazione-dellilluminazione-pubblica-e-della-video-sorveglianza\/"]}]},{"@type":"ImageObject","inLanguage":"fr-FR","@id":"https:\/\/www.bellunopress.it\/2023\/12\/01\/ponte-nelle-alpi-via-libera-allimplementazione-dellilluminazione-pubblica-e-della-video-sorveglianza\/#primaryimage","url":"https:\/\/www.bellunopress.it\/wp-content\/uploads\/2023\/12\/Casa-Rossa-Parco-Mares-Ponte-n-Alpi_edited.jpg","contentUrl":"https:\/\/www.bellunopress.it\/wp-content\/uploads\/2023\/12\/Casa-Rossa-Parco-Mares-Ponte-n-Alpi_edited.jpg","width":1000,"height":636,"caption":"Casa Rossa, Parco Mares - Ponte nelle Alpi"},{"@type":"BreadcrumbList","@id":"https:\/\/www.bellunopress.it\/2023\/12\/01\/ponte-nelle-alpi-via-libera-allimplementazione-dellilluminazione-pubblica-e-della-video-sorveglianza\/#breadcrumb","itemListElement":[{"@type":"ListItem","position":1,"name":"Home","item":"https:\/\/www.bellunopress.it\/"},{"@type":"ListItem","position":2,"name":"Ponte\u00a0 nelle Alpi: via libera all&#8217;implementazione dell&#8217;illuminazione pubblica e della video sorveglianza"}]},{"@type":"WebSite","@id":"https:\/\/www.bellunopress.it\/#website","url":"https:\/\/www.bellunopress.it\/","name":"Bellunopress - Dolomiti","description":"e-mail: redazione@bellunopress.it","publisher":{"@id":"https:\/\/www.bellunopress.it\/#organization"},"potentialAction":[{"@type":"SearchAction","target":{"@type":"EntryPoint","urlTemplate":"https:\/\/www.bellunopress.it\/?s={search_term_string}"},"query-input":{"@type":"PropertyValueSpecification","valueRequired":true,"valueName":"search_term_string"}}],"inLanguage":"fr-FR"},{"@type":"Organization","@id":"https:\/\/www.bellunopress.it\/#organization","name":"Bellunopress","url":"https:\/\/www.bellunopress.it\/","logo":{"@type":"ImageObject","inLanguage":"fr-FR","@id":"https:\/\/www.bellunopress.it\/#\/schema\/logo\/image\/","url":"https:\/\/www.bellunopress.it\/wp-content\/uploads\/2011\/05\/cropped-logo-bellunopress-.jpg","contentUrl":"https:\/\/www.bellunopress.it\/wp-content\/uploads\/2011\/05\/cropped-logo-bellunopress-.jpg","width":512,"height":512,"caption":"Bellunopress"},"image":{"@id":"https:\/\/www.bellunopress.it\/#\/schema\/logo\/image\/"},"sameAs":["https:\/\/www.facebook.com\/profile.php?id=100008943462799","https:\/\/x.com\/bellunopress","https:\/\/www.linkedin.com\/hp\/?dnr=JBzUWaJfMUw8vbXJJ2tVW5-I3jZKvC4wsoxE&amp;amp;amp;amp;amp;amp;trk=nav_responsive_tab_home","https:\/\/www.youtube.com\/channel\/UCxL0wu1uN0_3_7hGG0306cw"]},{"@type":"Person","@id":"https:\/\/www.bellunopress.it\/#\/schema\/person\/79bb06722b37ece1c03d3e94beb30d73","name":"r\u00e9daction","image":{"@type":"ImageObject","inLanguage":"fr-FR","@id":"https:\/\/secure.gravatar.com\/avatar\/37d968a2e67a6fd04c169c4bdef102d0bc5d31b2546345219e348575eb80e9a0?s=96&d=mm&r=g","url":"https:\/\/secure.gravatar.com\/avatar\/37d968a2e67a6fd04c169c4bdef102d0bc5d31b2546345219e348575eb80e9a0?s=96&d=mm&r=g","contentUrl":"https:\/\/secure.gravatar.com\/avatar\/37d968a2e67a6fd04c169c4bdef102d0bc5d31b2546345219e348575eb80e9a0?s=96&d=mm&r=g","caption":"redazione"},"sameAs":["http:\/\/www.bellunopress.it","https:\/\/x.com\/bellunopress"],"url":"https:\/\/www.bellunopress.it\/fr\/author\/redazione\/"}]}},"_links":{"self":[{"href":"https:\/\/www.bellunopress.it\/fr\/wp-json\/wp\/v2\/posts\/146359","targetHints":{"allow":["GET"]}}],"collection":[{"href":"https:\/\/www.bellunopress.it\/fr\/wp-json\/wp\/v2\/posts"}],"about":[{"href":"https:\/\/www.bellunopress.it\/fr\/wp-json\/wp\/v2\/types\/post"}],"author":[{"embeddable":true,"href":"https:\/\/www.bellunopress.it\/fr\/wp-json\/wp\/v2\/users\/2"}],"replies":[{"embeddable":true,"href":"https:\/\/www.bellunopress.it\/fr\/wp-json\/wp\/v2\/comments?post=146359"}],"version-history":[{"count":1,"href":"https:\/\/www.bellunopress.it\/fr\/wp-json\/wp\/v2\/posts\/146359\/revisions"}],"predecessor-version":[{"id":146361,"href":"https:\/\/www.bellunopress.it\/fr\/wp-json\/wp\/v2\/posts\/146359\/revisions\/146361"}],"wp:featuredmedia":[{"embeddable":true,"href":"https:\/\/www.bellunopress.it\/fr\/wp-json\/wp\/v2\/media\/146360"}],"wp:attachment":[{"href":"https:\/\/www.bellunopress.it\/fr\/wp-json\/wp\/v2\/media?parent=146359"}],"wp:term":[{"taxonomy":"category","embeddable":true,"href":"https:\/\/www.bellunopress.it\/fr\/wp-json\/wp\/v2\/categories?post=146359"},{"taxonomy":"post_tag","embeddable":true,"href":"https:\/\/www.bellunopress.it\/fr\/wp-json\/wp\/v2\/tags?post=146359"}],"curies":[{"name":"wp","href":"https:\/\/api.w.org\/{rel}","templated":true}]}}