{"id":146351,"date":"2023-12-01T08:08:50","date_gmt":"2023-12-01T07:08:50","guid":{"rendered":"https:\/\/www.bellunopress.it\/?p=146351"},"modified":"2023-12-01T08:08:50","modified_gmt":"2023-12-01T07:08:50","slug":"cultura-e-creativita-sabato-la-tavola-rotonda-a-palazzo-bembo","status":"publish","type":"post","link":"https:\/\/www.bellunopress.it\/fr\/2023\/12\/01\/cultura-e-creativita-sabato-la-tavola-rotonda-a-palazzo-bembo\/","title":{"rendered":"Cultura e creativit\u00e0. Sabato la tavola rotonda a Palazzo Bembo"},"content":{"rendered":"<figure id=\"attachment_140555\" aria-describedby=\"caption-attachment-140555\" style=\"width: 1000px\" class=\"wp-caption alignleft\"><img loading=\"lazy\" decoding=\"async\" class=\"size-full wp-image-140555\" src=\"https:\/\/www.bellunopress.it\/wp-content\/uploads\/2023\/03\/giardino-Palazzo-Bembo_edited.jpg\" alt=\"\" width=\"1000\" height=\"750\" srcset=\"https:\/\/www.bellunopress.it\/wp-content\/uploads\/2023\/03\/giardino-Palazzo-Bembo_edited.jpg 1000w, https:\/\/www.bellunopress.it\/wp-content\/uploads\/2023\/03\/giardino-Palazzo-Bembo_edited-500x375.jpg 500w, https:\/\/www.bellunopress.it\/wp-content\/uploads\/2023\/03\/giardino-Palazzo-Bembo_edited-696x522.jpg 696w, https:\/\/www.bellunopress.it\/wp-content\/uploads\/2023\/03\/giardino-Palazzo-Bembo_edited-560x420.jpg 560w, https:\/\/www.bellunopress.it\/wp-content\/uploads\/2023\/03\/giardino-Palazzo-Bembo_edited-80x60.jpg 80w, https:\/\/www.bellunopress.it\/wp-content\/uploads\/2023\/03\/giardino-Palazzo-Bembo_edited-265x198.jpg 265w\" sizes=\"auto, (max-width: 1000px) 100vw, 1000px\" \/><figcaption id=\"caption-attachment-140555\" class=\"wp-caption-text\">Palazzo Bembo di Belluno, giardino interno<\/figcaption><\/figure>\n<p>Cultura e Creativita\u0300: Motori dello Sviluppo Economico Locale &#8211; Uno Sguardo alle Best Practice e Confronto.<br \/>\nSabato 2 dicembre, dalle 17:00 alle 18:30, presso il suggestivo Palazzo Bembo, in via Loreto, 32 a Belluno, si terra\u0300 la tavola rotonda dedicata al ruolo cruciale di cultura e creativita\u0300 nello sviluppo dell&#8217;economia locale. L&#8217;evento, esclusivo e su invito, promette di offrire un momento di riflessione e condivisione di esperienze di successo.<\/p>\n<p><strong>Programma dell&#8217;evento:<\/strong><br \/>\nRegistrazione: I partecipanti potranno effettuare la registrazione a partire dalle 16:30<br \/>\nModeratore: A guidare la tavola rotonda sara\u0300 Massimo Ferigutti, Presidente della<br \/>\nFondazione Teatri delle Dolomiti.<br \/>\nRelatori e Argomenti Affrontati:<br \/>\n1. Fabrizio Panozzo (Centro AIKU \u2013 Arte, Impresa, Cultura, Venice School of<br \/>\nManagement):<br \/>\nTema: &#8220;Management del teatro e teatro del management&#8221;<br \/>\n2. Giampiero Beltotto (Presidente Fondazione Teatro Stabile del Veneto):<br \/>\nTema: &#8220;Dal teatro del Campanile alla Fondazione del teatro Local-Nazionale&#8221;<br \/>\n3. Alberto Ferraro (Regista, pedagogo, artigiano, pm Rete Doc \u2013 Doc Educational):<br \/>\nTema: &#8220;Pedagogia artistica come strumento di contrasto alla poverta\u0300 culturale&#8221;<br \/>\nDibattito aperto: L&#8217;evento prevede uno spazio dedicato alle domande dei partecipanti,<br \/>\ndando vita a un confronto diretto e arricchente.<br \/>\nInaugurazione della Nuova Sede della Fondazione Teatri delle Dolomiti: A conclusione della<br \/>\ntavola rotonda, ci sara\u0300 l&#8217;inaugurazione della nuova sede della Fondazione Teatri delle<br \/>\nDolomiti, con la partecipazione di illustri ospiti:<br \/>\n\u25cf Oscar De Pellegrin: Sindaco del Comune di Belluno<br \/>\n\u25cf Roberto Padrin: Presidente della Provincia di Belluno<\/p>","protected":false},"excerpt":{"rendered":"<p>Cultura e Creativita\u0300: Motori dello Sviluppo Economico Locale &#8211; Uno Sguardo alle Best Practice e Confronto. Sabato 2 dicembre, dalle 17:00 alle 18:30, presso il suggestivo Palazzo Bembo, in via Loreto, 32 a Belluno, si terra\u0300 la tavola rotonda dedicata al ruolo cruciale di cultura e creativita\u0300 nello sviluppo dell&#8217;economia locale. L&#8217;evento, esclusivo e su [&hellip;]<\/p>\n","protected":false},"author":2,"featured_media":140968,"comment_status":"closed","ping_status":"open","sticky":false,"template":"","format":"standard","meta":{"footnotes":""},"categories":[27,25],"tags":[],"class_list":["post-146351","post","type-post","status-publish","format-standard","has-post-thumbnail","category-appuntamenti","category-pausa-caffe"],"yoast_head":"<!-- This site is optimized with the Yoast SEO plugin v28.4 - https:\/\/yoast.com\/product\/yoast-seo-wordpress\/ -->\n<title>Cultura e creativit\u00e0. Sabato la tavola rotonda a Palazzo Bembo - Bellunopress - Dolomiti<\/title>\n<meta name=\"robots\" content=\"index, follow, max-snippet:-1, max-image-preview:large, max-video-preview:-1\" \/>\n<link rel=\"canonical\" href=\"https:\/\/www.bellunopress.it\/fr\/2023\/12\/01\/cultura-e-creativita-sabato-la-tavola-rotonda-a-palazzo-bembo\/\" \/>\n<meta property=\"og:locale\" content=\"fr_FR\" \/>\n<meta property=\"og:type\" content=\"article\" \/>\n<meta property=\"og:title\" content=\"Cultura e creativit\u00e0. Sabato la tavola rotonda a Palazzo Bembo - Bellunopress - Dolomiti\" \/>\n<meta property=\"og:description\" content=\"Cultura e Creativita\u0300: Motori dello Sviluppo Economico Locale &#8211; Uno Sguardo alle Best Practice e Confronto. Sabato 2 dicembre, dalle 17:00 alle 18:30, presso il suggestivo Palazzo Bembo, in via Loreto, 32 a Belluno, si terra\u0300 la tavola rotonda dedicata al ruolo cruciale di cultura e creativita\u0300 nello sviluppo dell&#8217;economia locale. L&#8217;evento, esclusivo e su [&hellip;]\" \/>\n<meta property=\"og:url\" content=\"https:\/\/www.bellunopress.it\/fr\/2023\/12\/01\/cultura-e-creativita-sabato-la-tavola-rotonda-a-palazzo-bembo\/\" \/>\n<meta property=\"og:site_name\" content=\"Bellunopress - Dolomiti\" \/>\n<meta property=\"article:publisher\" content=\"https:\/\/www.facebook.com\/profile.php?id=100008943462799\" \/>\n<meta property=\"article:published_time\" content=\"2023-12-01T07:08:50+00:00\" \/>\n<meta property=\"og:image\" content=\"https:\/\/www.bellunopress.it\/wp-content\/uploads\/2023\/04\/Belluno-donna-processo-per-stupro-palazzo-Bembo.jpg\" \/>\n\t<meta property=\"og:image:width\" content=\"1000\" \/>\n\t<meta property=\"og:image:height\" content=\"750\" \/>\n\t<meta property=\"og:image:type\" content=\"image\/jpeg\" \/>\n<meta name=\"author\" content=\"redazione\" \/>\n<meta name=\"twitter:card\" content=\"summary_large_image\" \/>\n<meta name=\"twitter:creator\" content=\"@bellunopress\" \/>\n<meta name=\"twitter:site\" content=\"@bellunopress\" \/>\n<meta name=\"twitter:label1\" content=\"\u00c9crit par\" \/>\n\t<meta name=\"twitter:data1\" content=\"redazione\" \/>\n\t<meta name=\"twitter:label2\" content=\"Dur\u00e9e de lecture estim\u00e9e\" \/>\n\t<meta name=\"twitter:data2\" content=\"1 minute\" \/>\n<script type=\"application\/ld+json\" class=\"yoast-schema-graph\">{\"@context\":\"https:\\\/\\\/schema.org\",\"@graph\":[{\"@type\":\"Article\",\"@id\":\"https:\\\/\\\/www.bellunopress.it\\\/2023\\\/12\\\/01\\\/cultura-e-creativita-sabato-la-tavola-rotonda-a-palazzo-bembo\\\/#article\",\"isPartOf\":{\"@id\":\"https:\\\/\\\/www.bellunopress.it\\\/2023\\\/12\\\/01\\\/cultura-e-creativita-sabato-la-tavola-rotonda-a-palazzo-bembo\\\/\"},\"author\":{\"name\":\"redazione\",\"@id\":\"https:\\\/\\\/www.bellunopress.it\\\/#\\\/schema\\\/person\\\/79bb06722b37ece1c03d3e94beb30d73\"},\"headline\":\"Cultura e creativit\u00e0. Sabato la tavola rotonda a Palazzo Bembo\",\"datePublished\":\"2023-12-01T07:08:50+00:00\",\"mainEntityOfPage\":{\"@id\":\"https:\\\/\\\/www.bellunopress.it\\\/2023\\\/12\\\/01\\\/cultura-e-creativita-sabato-la-tavola-rotonda-a-palazzo-bembo\\\/\"},\"wordCount\":246,\"publisher\":{\"@id\":\"https:\\\/\\\/www.bellunopress.it\\\/#organization\"},\"image\":{\"@id\":\"https:\\\/\\\/www.bellunopress.it\\\/2023\\\/12\\\/01\\\/cultura-e-creativita-sabato-la-tavola-rotonda-a-palazzo-bembo\\\/#primaryimage\"},\"thumbnailUrl\":\"https:\\\/\\\/www.bellunopress.it\\\/wp-content\\\/uploads\\\/2023\\\/04\\\/Belluno-donna-processo-per-stupro-palazzo-Bembo.jpg\",\"articleSection\":[\"Appuntamenti, Eventi\",\"Pausa Caff\u00e8\"],\"inLanguage\":\"fr-FR\"},{\"@type\":\"WebPage\",\"@id\":\"https:\\\/\\\/www.bellunopress.it\\\/2023\\\/12\\\/01\\\/cultura-e-creativita-sabato-la-tavola-rotonda-a-palazzo-bembo\\\/\",\"url\":\"https:\\\/\\\/www.bellunopress.it\\\/2023\\\/12\\\/01\\\/cultura-e-creativita-sabato-la-tavola-rotonda-a-palazzo-bembo\\\/\",\"name\":\"Cultura e creativit\u00e0. Sabato la tavola rotonda a Palazzo Bembo - Bellunopress - Dolomiti\",\"isPartOf\":{\"@id\":\"https:\\\/\\\/www.bellunopress.it\\\/#website\"},\"primaryImageOfPage\":{\"@id\":\"https:\\\/\\\/www.bellunopress.it\\\/2023\\\/12\\\/01\\\/cultura-e-creativita-sabato-la-tavola-rotonda-a-palazzo-bembo\\\/#primaryimage\"},\"image\":{\"@id\":\"https:\\\/\\\/www.bellunopress.it\\\/2023\\\/12\\\/01\\\/cultura-e-creativita-sabato-la-tavola-rotonda-a-palazzo-bembo\\\/#primaryimage\"},\"thumbnailUrl\":\"https:\\\/\\\/www.bellunopress.it\\\/wp-content\\\/uploads\\\/2023\\\/04\\\/Belluno-donna-processo-per-stupro-palazzo-Bembo.jpg\",\"datePublished\":\"2023-12-01T07:08:50+00:00\",\"breadcrumb\":{\"@id\":\"https:\\\/\\\/www.bellunopress.it\\\/2023\\\/12\\\/01\\\/cultura-e-creativita-sabato-la-tavola-rotonda-a-palazzo-bembo\\\/#breadcrumb\"},\"inLanguage\":\"fr-FR\",\"potentialAction\":[{\"@type\":\"ReadAction\",\"target\":[\"https:\\\/\\\/www.bellunopress.it\\\/2023\\\/12\\\/01\\\/cultura-e-creativita-sabato-la-tavola-rotonda-a-palazzo-bembo\\\/\"]}]},{\"@type\":\"ImageObject\",\"inLanguage\":\"fr-FR\",\"@id\":\"https:\\\/\\\/www.bellunopress.it\\\/2023\\\/12\\\/01\\\/cultura-e-creativita-sabato-la-tavola-rotonda-a-palazzo-bembo\\\/#primaryimage\",\"url\":\"https:\\\/\\\/www.bellunopress.it\\\/wp-content\\\/uploads\\\/2023\\\/04\\\/Belluno-donna-processo-per-stupro-palazzo-Bembo.jpg\",\"contentUrl\":\"https:\\\/\\\/www.bellunopress.it\\\/wp-content\\\/uploads\\\/2023\\\/04\\\/Belluno-donna-processo-per-stupro-palazzo-Bembo.jpg\",\"width\":1000,\"height\":750},{\"@type\":\"BreadcrumbList\",\"@id\":\"https:\\\/\\\/www.bellunopress.it\\\/2023\\\/12\\\/01\\\/cultura-e-creativita-sabato-la-tavola-rotonda-a-palazzo-bembo\\\/#breadcrumb\",\"itemListElement\":[{\"@type\":\"ListItem\",\"position\":1,\"name\":\"Home\",\"item\":\"https:\\\/\\\/www.bellunopress.it\\\/\"},{\"@type\":\"ListItem\",\"position\":2,\"name\":\"Cultura e creativit\u00e0. Sabato la tavola rotonda a Palazzo Bembo\"}]},{\"@type\":\"WebSite\",\"@id\":\"https:\\\/\\\/www.bellunopress.it\\\/#website\",\"url\":\"https:\\\/\\\/www.bellunopress.it\\\/\",\"name\":\"Bellunopress - Dolomiti\",\"description\":\"e-mail: redazione@bellunopress.it\",\"publisher\":{\"@id\":\"https:\\\/\\\/www.bellunopress.it\\\/#organization\"},\"potentialAction\":[{\"@type\":\"SearchAction\",\"target\":{\"@type\":\"EntryPoint\",\"urlTemplate\":\"https:\\\/\\\/www.bellunopress.it\\\/?s={search_term_string}\"},\"query-input\":{\"@type\":\"PropertyValueSpecification\",\"valueRequired\":true,\"valueName\":\"search_term_string\"}}],\"inLanguage\":\"fr-FR\"},{\"@type\":\"Organization\",\"@id\":\"https:\\\/\\\/www.bellunopress.it\\\/#organization\",\"name\":\"Bellunopress\",\"url\":\"https:\\\/\\\/www.bellunopress.it\\\/\",\"logo\":{\"@type\":\"ImageObject\",\"inLanguage\":\"fr-FR\",\"@id\":\"https:\\\/\\\/www.bellunopress.it\\\/#\\\/schema\\\/logo\\\/image\\\/\",\"url\":\"https:\\\/\\\/www.bellunopress.it\\\/wp-content\\\/uploads\\\/2011\\\/05\\\/cropped-logo-bellunopress-.jpg\",\"contentUrl\":\"https:\\\/\\\/www.bellunopress.it\\\/wp-content\\\/uploads\\\/2011\\\/05\\\/cropped-logo-bellunopress-.jpg\",\"width\":512,\"height\":512,\"caption\":\"Bellunopress\"},\"image\":{\"@id\":\"https:\\\/\\\/www.bellunopress.it\\\/#\\\/schema\\\/logo\\\/image\\\/\"},\"sameAs\":[\"https:\\\/\\\/www.facebook.com\\\/profile.php?id=100008943462799\",\"https:\\\/\\\/x.com\\\/bellunopress\",\"https:\\\/\\\/www.linkedin.com\\\/hp\\\/?dnr=JBzUWaJfMUw8vbXJJ2tVW5-I3jZKvC4wsoxE&amp;amp;amp;amp;amp;amp;trk=nav_responsive_tab_home\",\"https:\\\/\\\/www.youtube.com\\\/channel\\\/UCxL0wu1uN0_3_7hGG0306cw\"]},{\"@type\":\"Person\",\"@id\":\"https:\\\/\\\/www.bellunopress.it\\\/#\\\/schema\\\/person\\\/79bb06722b37ece1c03d3e94beb30d73\",\"name\":\"redazione\",\"image\":{\"@type\":\"ImageObject\",\"inLanguage\":\"fr-FR\",\"@id\":\"https:\\\/\\\/secure.gravatar.com\\\/avatar\\\/37d968a2e67a6fd04c169c4bdef102d0bc5d31b2546345219e348575eb80e9a0?s=96&d=mm&r=g\",\"url\":\"https:\\\/\\\/secure.gravatar.com\\\/avatar\\\/37d968a2e67a6fd04c169c4bdef102d0bc5d31b2546345219e348575eb80e9a0?s=96&d=mm&r=g\",\"contentUrl\":\"https:\\\/\\\/secure.gravatar.com\\\/avatar\\\/37d968a2e67a6fd04c169c4bdef102d0bc5d31b2546345219e348575eb80e9a0?s=96&d=mm&r=g\",\"caption\":\"redazione\"},\"sameAs\":[\"http:\\\/\\\/www.bellunopress.it\",\"https:\\\/\\\/x.com\\\/bellunopress\"],\"url\":\"https:\\\/\\\/www.bellunopress.it\\\/fr\\\/author\\\/redazione\\\/\"}]}<\/script>\n<!-- \/ Yoast SEO plugin. -->","yoast_head_json":{"title":"Cultura e creativit\u00e0. Sabato la tavola rotonda a Palazzo Bembo - Bellunopress - Dolomiti","robots":{"index":"index","follow":"follow","max-snippet":"max-snippet:-1","max-image-preview":"max-image-preview:large","max-video-preview":"max-video-preview:-1"},"canonical":"https:\/\/www.bellunopress.it\/fr\/2023\/12\/01\/cultura-e-creativita-sabato-la-tavola-rotonda-a-palazzo-bembo\/","og_locale":"fr_FR","og_type":"article","og_title":"Cultura e creativit\u00e0. Sabato la tavola rotonda a Palazzo Bembo - Bellunopress - Dolomiti","og_description":"Cultura e Creativita\u0300: Motori dello Sviluppo Economico Locale &#8211; Uno Sguardo alle Best Practice e Confronto. Sabato 2 dicembre, dalle 17:00 alle 18:30, presso il suggestivo Palazzo Bembo, in via Loreto, 32 a Belluno, si terra\u0300 la tavola rotonda dedicata al ruolo cruciale di cultura e creativita\u0300 nello sviluppo dell&#8217;economia locale. L&#8217;evento, esclusivo e su [&hellip;]","og_url":"https:\/\/www.bellunopress.it\/fr\/2023\/12\/01\/cultura-e-creativita-sabato-la-tavola-rotonda-a-palazzo-bembo\/","og_site_name":"Bellunopress - Dolomiti","article_publisher":"https:\/\/www.facebook.com\/profile.php?id=100008943462799","article_published_time":"2023-12-01T07:08:50+00:00","og_image":[{"width":1000,"height":750,"url":"https:\/\/www.bellunopress.it\/wp-content\/uploads\/2023\/04\/Belluno-donna-processo-per-stupro-palazzo-Bembo.jpg","type":"image\/jpeg"}],"author":"redazione","twitter_card":"summary_large_image","twitter_creator":"@bellunopress","twitter_site":"@bellunopress","twitter_misc":{"\u00c9crit par":"redazione","Dur\u00e9e de lecture estim\u00e9e":"1 minute"},"schema":{"@context":"https:\/\/schema.org","@graph":[{"@type":"Article","@id":"https:\/\/www.bellunopress.it\/2023\/12\/01\/cultura-e-creativita-sabato-la-tavola-rotonda-a-palazzo-bembo\/#article","isPartOf":{"@id":"https:\/\/www.bellunopress.it\/2023\/12\/01\/cultura-e-creativita-sabato-la-tavola-rotonda-a-palazzo-bembo\/"},"author":{"name":"redazione","@id":"https:\/\/www.bellunopress.it\/#\/schema\/person\/79bb06722b37ece1c03d3e94beb30d73"},"headline":"Cultura e creativit\u00e0. Sabato la tavola rotonda a Palazzo Bembo","datePublished":"2023-12-01T07:08:50+00:00","mainEntityOfPage":{"@id":"https:\/\/www.bellunopress.it\/2023\/12\/01\/cultura-e-creativita-sabato-la-tavola-rotonda-a-palazzo-bembo\/"},"wordCount":246,"publisher":{"@id":"https:\/\/www.bellunopress.it\/#organization"},"image":{"@id":"https:\/\/www.bellunopress.it\/2023\/12\/01\/cultura-e-creativita-sabato-la-tavola-rotonda-a-palazzo-bembo\/#primaryimage"},"thumbnailUrl":"https:\/\/www.bellunopress.it\/wp-content\/uploads\/2023\/04\/Belluno-donna-processo-per-stupro-palazzo-Bembo.jpg","articleSection":["Appuntamenti, Eventi","Pausa Caff\u00e8"],"inLanguage":"fr-FR"},{"@type":"WebPage","@id":"https:\/\/www.bellunopress.it\/2023\/12\/01\/cultura-e-creativita-sabato-la-tavola-rotonda-a-palazzo-bembo\/","url":"https:\/\/www.bellunopress.it\/2023\/12\/01\/cultura-e-creativita-sabato-la-tavola-rotonda-a-palazzo-bembo\/","name":"Cultura e creativit\u00e0. Sabato la tavola rotonda a Palazzo Bembo - Bellunopress - Dolomiti","isPartOf":{"@id":"https:\/\/www.bellunopress.it\/#website"},"primaryImageOfPage":{"@id":"https:\/\/www.bellunopress.it\/2023\/12\/01\/cultura-e-creativita-sabato-la-tavola-rotonda-a-palazzo-bembo\/#primaryimage"},"image":{"@id":"https:\/\/www.bellunopress.it\/2023\/12\/01\/cultura-e-creativita-sabato-la-tavola-rotonda-a-palazzo-bembo\/#primaryimage"},"thumbnailUrl":"https:\/\/www.bellunopress.it\/wp-content\/uploads\/2023\/04\/Belluno-donna-processo-per-stupro-palazzo-Bembo.jpg","datePublished":"2023-12-01T07:08:50+00:00","breadcrumb":{"@id":"https:\/\/www.bellunopress.it\/2023\/12\/01\/cultura-e-creativita-sabato-la-tavola-rotonda-a-palazzo-bembo\/#breadcrumb"},"inLanguage":"fr-FR","potentialAction":[{"@type":"ReadAction","target":["https:\/\/www.bellunopress.it\/2023\/12\/01\/cultura-e-creativita-sabato-la-tavola-rotonda-a-palazzo-bembo\/"]}]},{"@type":"ImageObject","inLanguage":"fr-FR","@id":"https:\/\/www.bellunopress.it\/2023\/12\/01\/cultura-e-creativita-sabato-la-tavola-rotonda-a-palazzo-bembo\/#primaryimage","url":"https:\/\/www.bellunopress.it\/wp-content\/uploads\/2023\/04\/Belluno-donna-processo-per-stupro-palazzo-Bembo.jpg","contentUrl":"https:\/\/www.bellunopress.it\/wp-content\/uploads\/2023\/04\/Belluno-donna-processo-per-stupro-palazzo-Bembo.jpg","width":1000,"height":750},{"@type":"BreadcrumbList","@id":"https:\/\/www.bellunopress.it\/2023\/12\/01\/cultura-e-creativita-sabato-la-tavola-rotonda-a-palazzo-bembo\/#breadcrumb","itemListElement":[{"@type":"ListItem","position":1,"name":"Home","item":"https:\/\/www.bellunopress.it\/"},{"@type":"ListItem","position":2,"name":"Cultura e creativit\u00e0. Sabato la tavola rotonda a Palazzo Bembo"}]},{"@type":"WebSite","@id":"https:\/\/www.bellunopress.it\/#website","url":"https:\/\/www.bellunopress.it\/","name":"Bellunopress - Dolomiti","description":"e-mail: redazione@bellunopress.it","publisher":{"@id":"https:\/\/www.bellunopress.it\/#organization"},"potentialAction":[{"@type":"SearchAction","target":{"@type":"EntryPoint","urlTemplate":"https:\/\/www.bellunopress.it\/?s={search_term_string}"},"query-input":{"@type":"PropertyValueSpecification","valueRequired":true,"valueName":"search_term_string"}}],"inLanguage":"fr-FR"},{"@type":"Organization","@id":"https:\/\/www.bellunopress.it\/#organization","name":"Bellunopress","url":"https:\/\/www.bellunopress.it\/","logo":{"@type":"ImageObject","inLanguage":"fr-FR","@id":"https:\/\/www.bellunopress.it\/#\/schema\/logo\/image\/","url":"https:\/\/www.bellunopress.it\/wp-content\/uploads\/2011\/05\/cropped-logo-bellunopress-.jpg","contentUrl":"https:\/\/www.bellunopress.it\/wp-content\/uploads\/2011\/05\/cropped-logo-bellunopress-.jpg","width":512,"height":512,"caption":"Bellunopress"},"image":{"@id":"https:\/\/www.bellunopress.it\/#\/schema\/logo\/image\/"},"sameAs":["https:\/\/www.facebook.com\/profile.php?id=100008943462799","https:\/\/x.com\/bellunopress","https:\/\/www.linkedin.com\/hp\/?dnr=JBzUWaJfMUw8vbXJJ2tVW5-I3jZKvC4wsoxE&amp;amp;amp;amp;amp;amp;trk=nav_responsive_tab_home","https:\/\/www.youtube.com\/channel\/UCxL0wu1uN0_3_7hGG0306cw"]},{"@type":"Person","@id":"https:\/\/www.bellunopress.it\/#\/schema\/person\/79bb06722b37ece1c03d3e94beb30d73","name":"r\u00e9daction","image":{"@type":"ImageObject","inLanguage":"fr-FR","@id":"https:\/\/secure.gravatar.com\/avatar\/37d968a2e67a6fd04c169c4bdef102d0bc5d31b2546345219e348575eb80e9a0?s=96&d=mm&r=g","url":"https:\/\/secure.gravatar.com\/avatar\/37d968a2e67a6fd04c169c4bdef102d0bc5d31b2546345219e348575eb80e9a0?s=96&d=mm&r=g","contentUrl":"https:\/\/secure.gravatar.com\/avatar\/37d968a2e67a6fd04c169c4bdef102d0bc5d31b2546345219e348575eb80e9a0?s=96&d=mm&r=g","caption":"redazione"},"sameAs":["http:\/\/www.bellunopress.it","https:\/\/x.com\/bellunopress"],"url":"https:\/\/www.bellunopress.it\/fr\/author\/redazione\/"}]}},"_links":{"self":[{"href":"https:\/\/www.bellunopress.it\/fr\/wp-json\/wp\/v2\/posts\/146351","targetHints":{"allow":["GET"]}}],"collection":[{"href":"https:\/\/www.bellunopress.it\/fr\/wp-json\/wp\/v2\/posts"}],"about":[{"href":"https:\/\/www.bellunopress.it\/fr\/wp-json\/wp\/v2\/types\/post"}],"author":[{"embeddable":true,"href":"https:\/\/www.bellunopress.it\/fr\/wp-json\/wp\/v2\/users\/2"}],"replies":[{"embeddable":true,"href":"https:\/\/www.bellunopress.it\/fr\/wp-json\/wp\/v2\/comments?post=146351"}],"version-history":[{"count":1,"href":"https:\/\/www.bellunopress.it\/fr\/wp-json\/wp\/v2\/posts\/146351\/revisions"}],"predecessor-version":[{"id":146352,"href":"https:\/\/www.bellunopress.it\/fr\/wp-json\/wp\/v2\/posts\/146351\/revisions\/146352"}],"wp:featuredmedia":[{"embeddable":true,"href":"https:\/\/www.bellunopress.it\/fr\/wp-json\/wp\/v2\/media\/140968"}],"wp:attachment":[{"href":"https:\/\/www.bellunopress.it\/fr\/wp-json\/wp\/v2\/media?parent=146351"}],"wp:term":[{"taxonomy":"category","embeddable":true,"href":"https:\/\/www.bellunopress.it\/fr\/wp-json\/wp\/v2\/categories?post=146351"},{"taxonomy":"post_tag","embeddable":true,"href":"https:\/\/www.bellunopress.it\/fr\/wp-json\/wp\/v2\/tags?post=146351"}],"curies":[{"name":"wp","href":"https:\/\/api.w.org\/{rel}","templated":true}]}}