{"id":146347,"date":"2023-12-01T06:16:17","date_gmt":"2023-12-01T05:16:17","guid":{"rendered":"https:\/\/www.bellunopress.it\/?p=146347"},"modified":"2023-12-01T06:16:17","modified_gmt":"2023-12-01T05:16:17","slug":"predisposto-il-piano-neve-i-mezzi-interverranno-al-raggiungimento-di-5-cm-sulle-strade-urbane","status":"publish","type":"post","link":"https:\/\/www.bellunopress.it\/fr\/2023\/12\/01\/predisposto-il-piano-neve-i-mezzi-interverranno-al-raggiungimento-di-5-cm-sulle-strade-urbane\/","title":{"rendered":"Predisposto il piano neve. I mezzi interverranno al raggiungimento di 5 cm sulle strade urbane"},"content":{"rendered":"<p><img loading=\"lazy\" decoding=\"async\" class=\"alignleft size-full wp-image-120441\" src=\"https:\/\/www.bellunopress.it\/wp-content\/uploads\/2020\/12\/belluno-neve_edited.jpg\" alt=\"neve\" width=\"800\" height=\"600\" srcset=\"https:\/\/www.bellunopress.it\/wp-content\/uploads\/2020\/12\/belluno-neve_edited.jpg 800w, https:\/\/www.bellunopress.it\/wp-content\/uploads\/2020\/12\/belluno-neve_edited-500x375.jpg 500w, https:\/\/www.bellunopress.it\/wp-content\/uploads\/2020\/12\/belluno-neve_edited-696x522.jpg 696w, https:\/\/www.bellunopress.it\/wp-content\/uploads\/2020\/12\/belluno-neve_edited-560x420.jpg 560w, https:\/\/www.bellunopress.it\/wp-content\/uploads\/2020\/12\/belluno-neve_edited-80x60.jpg 80w, https:\/\/www.bellunopress.it\/wp-content\/uploads\/2020\/12\/belluno-neve_edited-265x198.jpg 265w\" sizes=\"auto, (max-width: 800px) 100vw, 800px\" \/>Belluno, 1\u00b0 dicembre 2023 \u2013 L\u2019amministrazione comunale ha predisposto il piano neve che, come nella precedente stagione invernale, prevede la mappatura del territorio comunale. Lo ha illustrato alla stampa l\u2019assessore ai lavori pubblici Franco Roccon.<br \/>\n\u201cUn piano neve da 400mila euro diviso in due aree ben distinte, destra e sinistra Piave, con 23 zone e 16 ditte che operano all\u2019interno di esse. Ogni impresa far\u00e0 riferimento ad una sola specifica zona e lavorer\u00e0 in coordinamento con chi spazzer\u00e0 i marciapiedi e il centro storico. Come in passato ogni mezzo sar\u00e0 dotato di gps ed entrer\u00e0 in azione solo al raggiungimento delle quote minime di neve al suolo, ossia 5 centimetri nelle strade urbane e 3 centimetri sui ponti. Daremo particolare attenzione al centro storico, intervenendo per liberare strade, vie e parcheggi. Auspichiamo la collaborazione di tutti, volontariato, cittadini, e delle imprese che per questi due anni hanno aderito al bando, per operare al meglio nella nostra citt\u00e0\u201d.<\/p>","protected":false},"excerpt":{"rendered":"<p>Belluno, 1\u00b0 dicembre 2023 \u2013 L\u2019amministrazione comunale ha predisposto il piano neve che, come nella precedente stagione invernale, prevede la mappatura del territorio comunale. Lo ha illustrato alla stampa l\u2019assessore ai lavori pubblici Franco Roccon. \u201cUn piano neve da 400mila euro diviso in due aree ben distinte, destra e sinistra Piave, con 23 zone e [&hellip;]<\/p>\n","protected":false},"author":2,"featured_media":120441,"comment_status":"closed","ping_status":"open","sticky":false,"template":"","format":"standard","meta":{"footnotes":""},"categories":[5,26],"tags":[],"class_list":["post-146347","post","type-post","status-publish","format-standard","has-post-thumbnail","category-cronaca","category-prima-pagina"],"yoast_head":"<!-- This site is optimized with the Yoast SEO plugin v28.4 - https:\/\/yoast.com\/product\/yoast-seo-wordpress\/ -->\n<title>Predisposto il piano neve. I mezzi interverranno al raggiungimento di 5 cm sulle strade urbane - Bellunopress - Dolomiti<\/title>\n<meta name=\"robots\" content=\"index, follow, max-snippet:-1, max-image-preview:large, max-video-preview:-1\" \/>\n<link rel=\"canonical\" href=\"https:\/\/www.bellunopress.it\/fr\/2023\/12\/01\/predisposto-il-piano-neve-i-mezzi-interverranno-al-raggiungimento-di-5-cm-sulle-strade-urbane\/\" \/>\n<meta property=\"og:locale\" content=\"fr_FR\" \/>\n<meta property=\"og:type\" content=\"article\" \/>\n<meta property=\"og:title\" content=\"Predisposto il piano neve. I mezzi interverranno al raggiungimento di 5 cm sulle strade urbane - Bellunopress - Dolomiti\" \/>\n<meta property=\"og:description\" content=\"Belluno, 1\u00b0 dicembre 2023 \u2013 L\u2019amministrazione comunale ha predisposto il piano neve che, come nella precedente stagione invernale, prevede la mappatura del territorio comunale. Lo ha illustrato alla stampa l\u2019assessore ai lavori pubblici Franco Roccon. \u201cUn piano neve da 400mila euro diviso in due aree ben distinte, destra e sinistra Piave, con 23 zone e [&hellip;]\" \/>\n<meta property=\"og:url\" content=\"https:\/\/www.bellunopress.it\/fr\/2023\/12\/01\/predisposto-il-piano-neve-i-mezzi-interverranno-al-raggiungimento-di-5-cm-sulle-strade-urbane\/\" \/>\n<meta property=\"og:site_name\" content=\"Bellunopress - Dolomiti\" \/>\n<meta property=\"article:publisher\" content=\"https:\/\/www.facebook.com\/profile.php?id=100008943462799\" \/>\n<meta property=\"article:published_time\" content=\"2023-12-01T05:16:17+00:00\" \/>\n<meta property=\"og:image\" content=\"https:\/\/www.bellunopress.it\/wp-content\/uploads\/2020\/12\/belluno-neve_edited.jpg\" \/>\n\t<meta property=\"og:image:width\" content=\"800\" \/>\n\t<meta property=\"og:image:height\" content=\"600\" \/>\n\t<meta property=\"og:image:type\" content=\"image\/jpeg\" \/>\n<meta name=\"author\" content=\"redazione\" \/>\n<meta name=\"twitter:card\" content=\"summary_large_image\" \/>\n<meta name=\"twitter:creator\" content=\"@bellunopress\" \/>\n<meta name=\"twitter:site\" content=\"@bellunopress\" \/>\n<meta name=\"twitter:label1\" content=\"Written by\" \/>\n\t<meta name=\"twitter:data1\" content=\"redazione\" \/>\n\t<meta name=\"twitter:label2\" content=\"Est. reading time\" \/>\n\t<meta name=\"twitter:data2\" content=\"1 minute\" \/>\n<script type=\"application\/ld+json\" class=\"yoast-schema-graph\">{\"@context\":\"https:\\\/\\\/schema.org\",\"@graph\":[{\"@type\":\"Article\",\"@id\":\"https:\\\/\\\/www.bellunopress.it\\\/2023\\\/12\\\/01\\\/predisposto-il-piano-neve-i-mezzi-interverranno-al-raggiungimento-di-5-cm-sulle-strade-urbane\\\/#article\",\"isPartOf\":{\"@id\":\"https:\\\/\\\/www.bellunopress.it\\\/2023\\\/12\\\/01\\\/predisposto-il-piano-neve-i-mezzi-interverranno-al-raggiungimento-di-5-cm-sulle-strade-urbane\\\/\"},\"author\":{\"name\":\"redazione\",\"@id\":\"https:\\\/\\\/www.bellunopress.it\\\/#\\\/schema\\\/person\\\/79bb06722b37ece1c03d3e94beb30d73\"},\"headline\":\"Predisposto il piano neve. I mezzi interverranno al raggiungimento di 5 cm sulle strade urbane\",\"datePublished\":\"2023-12-01T05:16:17+00:00\",\"mainEntityOfPage\":{\"@id\":\"https:\\\/\\\/www.bellunopress.it\\\/2023\\\/12\\\/01\\\/predisposto-il-piano-neve-i-mezzi-interverranno-al-raggiungimento-di-5-cm-sulle-strade-urbane\\\/\"},\"wordCount\":167,\"publisher\":{\"@id\":\"https:\\\/\\\/www.bellunopress.it\\\/#organization\"},\"image\":{\"@id\":\"https:\\\/\\\/www.bellunopress.it\\\/2023\\\/12\\\/01\\\/predisposto-il-piano-neve-i-mezzi-interverranno-al-raggiungimento-di-5-cm-sulle-strade-urbane\\\/#primaryimage\"},\"thumbnailUrl\":\"https:\\\/\\\/www.bellunopress.it\\\/wp-content\\\/uploads\\\/2020\\\/12\\\/belluno-neve_edited.jpg\",\"articleSection\":[\"Cronaca\\\/Politica\",\"Prima Pagina\"],\"inLanguage\":\"fr-FR\"},{\"@type\":\"WebPage\",\"@id\":\"https:\\\/\\\/www.bellunopress.it\\\/2023\\\/12\\\/01\\\/predisposto-il-piano-neve-i-mezzi-interverranno-al-raggiungimento-di-5-cm-sulle-strade-urbane\\\/\",\"url\":\"https:\\\/\\\/www.bellunopress.it\\\/2023\\\/12\\\/01\\\/predisposto-il-piano-neve-i-mezzi-interverranno-al-raggiungimento-di-5-cm-sulle-strade-urbane\\\/\",\"name\":\"Predisposto il piano neve. I mezzi interverranno al raggiungimento di 5 cm sulle strade urbane - Bellunopress - Dolomiti\",\"isPartOf\":{\"@id\":\"https:\\\/\\\/www.bellunopress.it\\\/#website\"},\"primaryImageOfPage\":{\"@id\":\"https:\\\/\\\/www.bellunopress.it\\\/2023\\\/12\\\/01\\\/predisposto-il-piano-neve-i-mezzi-interverranno-al-raggiungimento-di-5-cm-sulle-strade-urbane\\\/#primaryimage\"},\"image\":{\"@id\":\"https:\\\/\\\/www.bellunopress.it\\\/2023\\\/12\\\/01\\\/predisposto-il-piano-neve-i-mezzi-interverranno-al-raggiungimento-di-5-cm-sulle-strade-urbane\\\/#primaryimage\"},\"thumbnailUrl\":\"https:\\\/\\\/www.bellunopress.it\\\/wp-content\\\/uploads\\\/2020\\\/12\\\/belluno-neve_edited.jpg\",\"datePublished\":\"2023-12-01T05:16:17+00:00\",\"breadcrumb\":{\"@id\":\"https:\\\/\\\/www.bellunopress.it\\\/2023\\\/12\\\/01\\\/predisposto-il-piano-neve-i-mezzi-interverranno-al-raggiungimento-di-5-cm-sulle-strade-urbane\\\/#breadcrumb\"},\"inLanguage\":\"fr-FR\",\"potentialAction\":[{\"@type\":\"ReadAction\",\"target\":[\"https:\\\/\\\/www.bellunopress.it\\\/2023\\\/12\\\/01\\\/predisposto-il-piano-neve-i-mezzi-interverranno-al-raggiungimento-di-5-cm-sulle-strade-urbane\\\/\"]}]},{\"@type\":\"ImageObject\",\"inLanguage\":\"fr-FR\",\"@id\":\"https:\\\/\\\/www.bellunopress.it\\\/2023\\\/12\\\/01\\\/predisposto-il-piano-neve-i-mezzi-interverranno-al-raggiungimento-di-5-cm-sulle-strade-urbane\\\/#primaryimage\",\"url\":\"https:\\\/\\\/www.bellunopress.it\\\/wp-content\\\/uploads\\\/2020\\\/12\\\/belluno-neve_edited.jpg\",\"contentUrl\":\"https:\\\/\\\/www.bellunopress.it\\\/wp-content\\\/uploads\\\/2020\\\/12\\\/belluno-neve_edited.jpg\",\"width\":800,\"height\":600,\"caption\":\"neve\"},{\"@type\":\"BreadcrumbList\",\"@id\":\"https:\\\/\\\/www.bellunopress.it\\\/2023\\\/12\\\/01\\\/predisposto-il-piano-neve-i-mezzi-interverranno-al-raggiungimento-di-5-cm-sulle-strade-urbane\\\/#breadcrumb\",\"itemListElement\":[{\"@type\":\"ListItem\",\"position\":1,\"name\":\"Home\",\"item\":\"https:\\\/\\\/www.bellunopress.it\\\/\"},{\"@type\":\"ListItem\",\"position\":2,\"name\":\"Predisposto il piano neve. I mezzi interverranno al raggiungimento di 5 cm sulle strade urbane\"}]},{\"@type\":\"WebSite\",\"@id\":\"https:\\\/\\\/www.bellunopress.it\\\/#website\",\"url\":\"https:\\\/\\\/www.bellunopress.it\\\/\",\"name\":\"Bellunopress - Dolomiti\",\"description\":\"e-mail: redazione@bellunopress.it\",\"publisher\":{\"@id\":\"https:\\\/\\\/www.bellunopress.it\\\/#organization\"},\"potentialAction\":[{\"@type\":\"SearchAction\",\"target\":{\"@type\":\"EntryPoint\",\"urlTemplate\":\"https:\\\/\\\/www.bellunopress.it\\\/?s={search_term_string}\"},\"query-input\":{\"@type\":\"PropertyValueSpecification\",\"valueRequired\":true,\"valueName\":\"search_term_string\"}}],\"inLanguage\":\"fr-FR\"},{\"@type\":\"Organization\",\"@id\":\"https:\\\/\\\/www.bellunopress.it\\\/#organization\",\"name\":\"Bellunopress\",\"url\":\"https:\\\/\\\/www.bellunopress.it\\\/\",\"logo\":{\"@type\":\"ImageObject\",\"inLanguage\":\"fr-FR\",\"@id\":\"https:\\\/\\\/www.bellunopress.it\\\/#\\\/schema\\\/logo\\\/image\\\/\",\"url\":\"https:\\\/\\\/www.bellunopress.it\\\/wp-content\\\/uploads\\\/2011\\\/05\\\/cropped-logo-bellunopress-.jpg\",\"contentUrl\":\"https:\\\/\\\/www.bellunopress.it\\\/wp-content\\\/uploads\\\/2011\\\/05\\\/cropped-logo-bellunopress-.jpg\",\"width\":512,\"height\":512,\"caption\":\"Bellunopress\"},\"image\":{\"@id\":\"https:\\\/\\\/www.bellunopress.it\\\/#\\\/schema\\\/logo\\\/image\\\/\"},\"sameAs\":[\"https:\\\/\\\/www.facebook.com\\\/profile.php?id=100008943462799\",\"https:\\\/\\\/x.com\\\/bellunopress\",\"https:\\\/\\\/www.linkedin.com\\\/hp\\\/?dnr=JBzUWaJfMUw8vbXJJ2tVW5-I3jZKvC4wsoxE&amp;amp;amp;amp;amp;amp;trk=nav_responsive_tab_home\",\"https:\\\/\\\/www.youtube.com\\\/channel\\\/UCxL0wu1uN0_3_7hGG0306cw\"]},{\"@type\":\"Person\",\"@id\":\"https:\\\/\\\/www.bellunopress.it\\\/#\\\/schema\\\/person\\\/79bb06722b37ece1c03d3e94beb30d73\",\"name\":\"redazione\",\"image\":{\"@type\":\"ImageObject\",\"inLanguage\":\"fr-FR\",\"@id\":\"https:\\\/\\\/secure.gravatar.com\\\/avatar\\\/37d968a2e67a6fd04c169c4bdef102d0bc5d31b2546345219e348575eb80e9a0?s=96&d=mm&r=g\",\"url\":\"https:\\\/\\\/secure.gravatar.com\\\/avatar\\\/37d968a2e67a6fd04c169c4bdef102d0bc5d31b2546345219e348575eb80e9a0?s=96&d=mm&r=g\",\"contentUrl\":\"https:\\\/\\\/secure.gravatar.com\\\/avatar\\\/37d968a2e67a6fd04c169c4bdef102d0bc5d31b2546345219e348575eb80e9a0?s=96&d=mm&r=g\",\"caption\":\"redazione\"},\"sameAs\":[\"http:\\\/\\\/www.bellunopress.it\",\"https:\\\/\\\/x.com\\\/bellunopress\"],\"url\":\"https:\\\/\\\/www.bellunopress.it\\\/fr\\\/author\\\/redazione\\\/\"}]}<\/script>\n<!-- \/ Yoast SEO plugin. -->","yoast_head_json":{"title":"Predisposto il piano neve. I mezzi interverranno al raggiungimento di 5 cm sulle strade urbane - Bellunopress - Dolomiti","robots":{"index":"index","follow":"follow","max-snippet":"max-snippet:-1","max-image-preview":"max-image-preview:large","max-video-preview":"max-video-preview:-1"},"canonical":"https:\/\/www.bellunopress.it\/fr\/2023\/12\/01\/predisposto-il-piano-neve-i-mezzi-interverranno-al-raggiungimento-di-5-cm-sulle-strade-urbane\/","og_locale":"fr_FR","og_type":"article","og_title":"Predisposto il piano neve. I mezzi interverranno al raggiungimento di 5 cm sulle strade urbane - Bellunopress - Dolomiti","og_description":"Belluno, 1\u00b0 dicembre 2023 \u2013 L\u2019amministrazione comunale ha predisposto il piano neve che, come nella precedente stagione invernale, prevede la mappatura del territorio comunale. Lo ha illustrato alla stampa l\u2019assessore ai lavori pubblici Franco Roccon. \u201cUn piano neve da 400mila euro diviso in due aree ben distinte, destra e sinistra Piave, con 23 zone e [&hellip;]","og_url":"https:\/\/www.bellunopress.it\/fr\/2023\/12\/01\/predisposto-il-piano-neve-i-mezzi-interverranno-al-raggiungimento-di-5-cm-sulle-strade-urbane\/","og_site_name":"Bellunopress - Dolomiti","article_publisher":"https:\/\/www.facebook.com\/profile.php?id=100008943462799","article_published_time":"2023-12-01T05:16:17+00:00","og_image":[{"width":800,"height":600,"url":"https:\/\/www.bellunopress.it\/wp-content\/uploads\/2020\/12\/belluno-neve_edited.jpg","type":"image\/jpeg"}],"author":"redazione","twitter_card":"summary_large_image","twitter_creator":"@bellunopress","twitter_site":"@bellunopress","twitter_misc":{"Written by":"redazione","Est. reading time":"1 minute"},"schema":{"@context":"https:\/\/schema.org","@graph":[{"@type":"Article","@id":"https:\/\/www.bellunopress.it\/2023\/12\/01\/predisposto-il-piano-neve-i-mezzi-interverranno-al-raggiungimento-di-5-cm-sulle-strade-urbane\/#article","isPartOf":{"@id":"https:\/\/www.bellunopress.it\/2023\/12\/01\/predisposto-il-piano-neve-i-mezzi-interverranno-al-raggiungimento-di-5-cm-sulle-strade-urbane\/"},"author":{"name":"redazione","@id":"https:\/\/www.bellunopress.it\/#\/schema\/person\/79bb06722b37ece1c03d3e94beb30d73"},"headline":"Predisposto il piano neve. I mezzi interverranno al raggiungimento di 5 cm sulle strade urbane","datePublished":"2023-12-01T05:16:17+00:00","mainEntityOfPage":{"@id":"https:\/\/www.bellunopress.it\/2023\/12\/01\/predisposto-il-piano-neve-i-mezzi-interverranno-al-raggiungimento-di-5-cm-sulle-strade-urbane\/"},"wordCount":167,"publisher":{"@id":"https:\/\/www.bellunopress.it\/#organization"},"image":{"@id":"https:\/\/www.bellunopress.it\/2023\/12\/01\/predisposto-il-piano-neve-i-mezzi-interverranno-al-raggiungimento-di-5-cm-sulle-strade-urbane\/#primaryimage"},"thumbnailUrl":"https:\/\/www.bellunopress.it\/wp-content\/uploads\/2020\/12\/belluno-neve_edited.jpg","articleSection":["Cronaca\/Politica","Prima Pagina"],"inLanguage":"fr-FR"},{"@type":"WebPage","@id":"https:\/\/www.bellunopress.it\/2023\/12\/01\/predisposto-il-piano-neve-i-mezzi-interverranno-al-raggiungimento-di-5-cm-sulle-strade-urbane\/","url":"https:\/\/www.bellunopress.it\/2023\/12\/01\/predisposto-il-piano-neve-i-mezzi-interverranno-al-raggiungimento-di-5-cm-sulle-strade-urbane\/","name":"Predisposto il piano neve. I mezzi interverranno al raggiungimento di 5 cm sulle strade urbane - Bellunopress - Dolomiti","isPartOf":{"@id":"https:\/\/www.bellunopress.it\/#website"},"primaryImageOfPage":{"@id":"https:\/\/www.bellunopress.it\/2023\/12\/01\/predisposto-il-piano-neve-i-mezzi-interverranno-al-raggiungimento-di-5-cm-sulle-strade-urbane\/#primaryimage"},"image":{"@id":"https:\/\/www.bellunopress.it\/2023\/12\/01\/predisposto-il-piano-neve-i-mezzi-interverranno-al-raggiungimento-di-5-cm-sulle-strade-urbane\/#primaryimage"},"thumbnailUrl":"https:\/\/www.bellunopress.it\/wp-content\/uploads\/2020\/12\/belluno-neve_edited.jpg","datePublished":"2023-12-01T05:16:17+00:00","breadcrumb":{"@id":"https:\/\/www.bellunopress.it\/2023\/12\/01\/predisposto-il-piano-neve-i-mezzi-interverranno-al-raggiungimento-di-5-cm-sulle-strade-urbane\/#breadcrumb"},"inLanguage":"fr-FR","potentialAction":[{"@type":"ReadAction","target":["https:\/\/www.bellunopress.it\/2023\/12\/01\/predisposto-il-piano-neve-i-mezzi-interverranno-al-raggiungimento-di-5-cm-sulle-strade-urbane\/"]}]},{"@type":"ImageObject","inLanguage":"fr-FR","@id":"https:\/\/www.bellunopress.it\/2023\/12\/01\/predisposto-il-piano-neve-i-mezzi-interverranno-al-raggiungimento-di-5-cm-sulle-strade-urbane\/#primaryimage","url":"https:\/\/www.bellunopress.it\/wp-content\/uploads\/2020\/12\/belluno-neve_edited.jpg","contentUrl":"https:\/\/www.bellunopress.it\/wp-content\/uploads\/2020\/12\/belluno-neve_edited.jpg","width":800,"height":600,"caption":"neve"},{"@type":"BreadcrumbList","@id":"https:\/\/www.bellunopress.it\/2023\/12\/01\/predisposto-il-piano-neve-i-mezzi-interverranno-al-raggiungimento-di-5-cm-sulle-strade-urbane\/#breadcrumb","itemListElement":[{"@type":"ListItem","position":1,"name":"Home","item":"https:\/\/www.bellunopress.it\/"},{"@type":"ListItem","position":2,"name":"Predisposto il piano neve. I mezzi interverranno al raggiungimento di 5 cm sulle strade urbane"}]},{"@type":"WebSite","@id":"https:\/\/www.bellunopress.it\/#website","url":"https:\/\/www.bellunopress.it\/","name":"Bellunopress - Dolomiti","description":"e-mail: redazione@bellunopress.it","publisher":{"@id":"https:\/\/www.bellunopress.it\/#organization"},"potentialAction":[{"@type":"SearchAction","target":{"@type":"EntryPoint","urlTemplate":"https:\/\/www.bellunopress.it\/?s={search_term_string}"},"query-input":{"@type":"PropertyValueSpecification","valueRequired":true,"valueName":"search_term_string"}}],"inLanguage":"fr-FR"},{"@type":"Organization","@id":"https:\/\/www.bellunopress.it\/#organization","name":"Bellunopress","url":"https:\/\/www.bellunopress.it\/","logo":{"@type":"ImageObject","inLanguage":"fr-FR","@id":"https:\/\/www.bellunopress.it\/#\/schema\/logo\/image\/","url":"https:\/\/www.bellunopress.it\/wp-content\/uploads\/2011\/05\/cropped-logo-bellunopress-.jpg","contentUrl":"https:\/\/www.bellunopress.it\/wp-content\/uploads\/2011\/05\/cropped-logo-bellunopress-.jpg","width":512,"height":512,"caption":"Bellunopress"},"image":{"@id":"https:\/\/www.bellunopress.it\/#\/schema\/logo\/image\/"},"sameAs":["https:\/\/www.facebook.com\/profile.php?id=100008943462799","https:\/\/x.com\/bellunopress","https:\/\/www.linkedin.com\/hp\/?dnr=JBzUWaJfMUw8vbXJJ2tVW5-I3jZKvC4wsoxE&amp;amp;amp;amp;amp;amp;trk=nav_responsive_tab_home","https:\/\/www.youtube.com\/channel\/UCxL0wu1uN0_3_7hGG0306cw"]},{"@type":"Person","@id":"https:\/\/www.bellunopress.it\/#\/schema\/person\/79bb06722b37ece1c03d3e94beb30d73","name":"r\u00e9daction","image":{"@type":"ImageObject","inLanguage":"fr-FR","@id":"https:\/\/secure.gravatar.com\/avatar\/37d968a2e67a6fd04c169c4bdef102d0bc5d31b2546345219e348575eb80e9a0?s=96&d=mm&r=g","url":"https:\/\/secure.gravatar.com\/avatar\/37d968a2e67a6fd04c169c4bdef102d0bc5d31b2546345219e348575eb80e9a0?s=96&d=mm&r=g","contentUrl":"https:\/\/secure.gravatar.com\/avatar\/37d968a2e67a6fd04c169c4bdef102d0bc5d31b2546345219e348575eb80e9a0?s=96&d=mm&r=g","caption":"redazione"},"sameAs":["http:\/\/www.bellunopress.it","https:\/\/x.com\/bellunopress"],"url":"https:\/\/www.bellunopress.it\/fr\/author\/redazione\/"}]}},"_links":{"self":[{"href":"https:\/\/www.bellunopress.it\/fr\/wp-json\/wp\/v2\/posts\/146347","targetHints":{"allow":["GET"]}}],"collection":[{"href":"https:\/\/www.bellunopress.it\/fr\/wp-json\/wp\/v2\/posts"}],"about":[{"href":"https:\/\/www.bellunopress.it\/fr\/wp-json\/wp\/v2\/types\/post"}],"author":[{"embeddable":true,"href":"https:\/\/www.bellunopress.it\/fr\/wp-json\/wp\/v2\/users\/2"}],"replies":[{"embeddable":true,"href":"https:\/\/www.bellunopress.it\/fr\/wp-json\/wp\/v2\/comments?post=146347"}],"version-history":[{"count":1,"href":"https:\/\/www.bellunopress.it\/fr\/wp-json\/wp\/v2\/posts\/146347\/revisions"}],"predecessor-version":[{"id":146348,"href":"https:\/\/www.bellunopress.it\/fr\/wp-json\/wp\/v2\/posts\/146347\/revisions\/146348"}],"wp:featuredmedia":[{"embeddable":true,"href":"https:\/\/www.bellunopress.it\/fr\/wp-json\/wp\/v2\/media\/120441"}],"wp:attachment":[{"href":"https:\/\/www.bellunopress.it\/fr\/wp-json\/wp\/v2\/media?parent=146347"}],"wp:term":[{"taxonomy":"category","embeddable":true,"href":"https:\/\/www.bellunopress.it\/fr\/wp-json\/wp\/v2\/categories?post=146347"},{"taxonomy":"post_tag","embeddable":true,"href":"https:\/\/www.bellunopress.it\/fr\/wp-json\/wp\/v2\/tags?post=146347"}],"curies":[{"name":"wp","href":"https:\/\/api.w.org\/{rel}","templated":true}]}}