{"id":146343,"date":"2023-12-03T11:21:43","date_gmt":"2023-12-03T10:21:43","guid":{"rendered":"https:\/\/www.bellunopress.it\/?p=146343"},"modified":"2023-11-30T20:33:40","modified_gmt":"2023-11-30T19:33:40","slug":"giovedi-alla-casa-dei-beni-comuni-serata-di-solidarieta-ai-produttori-palestinesi","status":"publish","type":"post","link":"https:\/\/www.bellunopress.it\/fr\/2023\/12\/03\/giovedi-alla-casa-dei-beni-comuni-serata-di-solidarieta-ai-produttori-palestinesi\/","title":{"rendered":"Gioved\u00ec alle 19:00 alla Casa dei Beni comuni serata di solidariet\u00e0 ai produttori palestinesi"},"content":{"rendered":"<figure id=\"attachment_135264\" aria-describedby=\"caption-attachment-135264\" style=\"width: 1000px\" class=\"wp-caption alignleft\"><img loading=\"lazy\" decoding=\"async\" class=\"size-full wp-image-135264\" src=\"https:\/\/www.bellunopress.it\/wp-content\/uploads\/2022\/07\/casa-beni-comuni-1_edited.jpg\" alt=\"\" width=\"1000\" height=\"667\" srcset=\"https:\/\/www.bellunopress.it\/wp-content\/uploads\/2022\/07\/casa-beni-comuni-1_edited.jpg 1000w, https:\/\/www.bellunopress.it\/wp-content\/uploads\/2022\/07\/casa-beni-comuni-1_edited-500x334.jpg 500w, https:\/\/www.bellunopress.it\/wp-content\/uploads\/2022\/07\/casa-beni-comuni-1_edited-696x464.jpg 696w, https:\/\/www.bellunopress.it\/wp-content\/uploads\/2022\/07\/casa-beni-comuni-1_edited-630x420.jpg 630w\" sizes=\"auto, (max-width: 1000px) 100vw, 1000px\" \/><figcaption id=\"caption-attachment-135264\" class=\"wp-caption-text\">Casa Beni Comuni &#8211; Belluno via Tiziano Vecellio<\/figcaption><\/figure>\n<p>Samarcanda scs, cooperativa del commercio equo e solidale, e il Coordinamento provinciale Pace e Disarmo di Belluno gioved\u00ec 7 dicembre propongono una serata per una raccolta fondi a favore di PARC, Ong che sostiene i produttori palestinesi del commercio equo e solidale.<\/p>\n<p>L\u2019incontro si svolger\u00e0 alla Casa dei Beni comuni, Spazio Ex, in via Tiziano Vecellio a Belluno, dalle ore 19.00.<\/p>\n<p>L\u2019iniziativa \u00e8 voluta per esprimere solidariet\u00e0 alle popolazioni della striscia di Gaza, vittime dell\u2019irragionevole scontro in atto; per richiamare l\u2019attenzione della cittadinanza tutta sull\u2019immane tragedia che si abbatte sulle vite di civili (donne e uomini, anziani e bambini) che sono, da molto tempo a questa parte, le persone che maggiormente subiscono le dure conseguenze delle guerre; per chiedere ai governi di Italia e Unione europea un impegno pi\u00f9 fermo e deciso al fine di favorire la conclusione dello scontro e avviare soluzioni<br \/>\ndiplomatiche e politiche per tavoli di trattativa e di pace nella regione.<\/p>\n<p>Le due realt\u00e0 bellunesi aderiscono alla Campagna di raccolta fondi PARC \u2013 Palestina promossa da Altromercato, dall\u2019Associazione culturale dei lavoratori di Altromercato e da Equo Garantito &#8211; l\u2019assemblea generale italiana del commercio equo e solidale &#8211; con il supporto tecnico e amministrativo della Fondazione Altromercato.<br \/>\nL\u2019obiettivo della raccolta fondi \u00e8 duplice: sostenere i produttori di grano e le produttrici di cous cous e altri generi alimentari (datteri medjoul, mandorle e olio di oliva) comprando i loro prodotti a condizioni eque e solidali, continuando a supportare i programmi di agricoltura biologica e il lavoro nella cooperativa di donne.<br \/>\nAccanto a questo ci si propone di aiutare direttamente la popolazione di Gaza a cui i prodotti saranno donati non appena sar\u00e0 possibile varcare i confini per portare generi di prima necessit\u00e0.<br \/>\nIl progetto mira quindi sia a dare risposta ad un\u2019emergenza, sia a costruire una prospettiva di sostenibilit\u00e0 sul lungo periodo, secondo una logica di commercio equo e solidale. La distribuzione degli aiuti (cibo, acqua e altri beni di prima necessit\u00e0 come medicine, forniture sanitarie, prodotti per la pulizia e igiene,..) sar\u00e0 fatta in cooperazione con le sedi di PARC nella Striscia di Gaza e le istituzioni della societ\u00e0 civile.<br \/>\nDurante la serata si potranno acquistare e degustare alcuni prodotti di PARC (Palestinian Agricultural Relief Committee), conoscere la storia e l\u2019impegno del partner palestinese, particolarmente sensibile verso l\u2019agricoltura biologica e il rafforzamento del ruolo delle donne, ed effettuare una donazione alla \u201cFondazione Altromercato\u201d via bonifico o versamento in conto corrente postale, specificando nella causale \u201cErogazione<br \/>\nliberale per PARC &#8211; Palestina\u201d, Conto bancario IBAN: IT 26 B 08081 11610 000306006582, Conto Corrente postale n\u00b0 1058137025, Intestati a Fondazione Altromercato, Via Roma 61, Bolzano. (Ricordiamo che per avere la deducibilit\u00e0 in sede di dichiarazione dei redditi saranno da esibire la contabile del bonifico o la ricevuta del versamento postale).<br \/>\nCoordinamento provinciale Pace &amp; Disarmo Pagina Facebook: Pace e Disarmo<\/p>\n<p>Coordinamento Provinciale Belluno<br \/>\nIndirizzo mail: pacedisarmobelluno@gmail.com<br \/>\nSamarcanda scs onlus<br \/>\nPagina Facebook: Samarcanda Commercio Equo e Solidale scs Onlus<br \/>\nIndirizzo mail: info@samarcandascs.it<\/p>","protected":false},"excerpt":{"rendered":"<p>Samarcanda scs, cooperativa del commercio equo e solidale, e il Coordinamento provinciale Pace e Disarmo di Belluno gioved\u00ec 7 dicembre propongono una serata per una raccolta fondi a favore di PARC, Ong che sostiene i produttori palestinesi del commercio equo e solidale. L\u2019incontro si svolger\u00e0 alla Casa dei Beni comuni, Spazio Ex, in via Tiziano [&hellip;]<\/p>\n","protected":false},"author":2,"featured_media":135264,"comment_status":"closed","ping_status":"open","sticky":false,"template":"","format":"standard","meta":{"footnotes":""},"categories":[25,8],"tags":[],"class_list":["post-146343","post","type-post","status-publish","format-standard","has-post-thumbnail","category-pausa-caffe","category-societa-istituzioni"],"yoast_head":"<!-- This site is optimized with the Yoast SEO plugin v28.4 - https:\/\/yoast.com\/product\/yoast-seo-wordpress\/ -->\n<title>Gioved\u00ec alle 19:00 alla Casa dei Beni comuni serata di solidariet\u00e0 ai produttori palestinesi - Bellunopress - Dolomiti<\/title>\n<meta name=\"robots\" content=\"index, follow, max-snippet:-1, max-image-preview:large, max-video-preview:-1\" \/>\n<link rel=\"canonical\" href=\"https:\/\/www.bellunopress.it\/fr\/2023\/12\/03\/giovedi-alla-casa-dei-beni-comuni-serata-di-solidarieta-ai-produttori-palestinesi\/\" \/>\n<meta property=\"og:locale\" content=\"fr_FR\" \/>\n<meta property=\"og:type\" content=\"article\" \/>\n<meta property=\"og:title\" content=\"Gioved\u00ec alle 19:00 alla Casa dei Beni comuni serata di solidariet\u00e0 ai produttori palestinesi - Bellunopress - Dolomiti\" \/>\n<meta property=\"og:description\" content=\"Samarcanda scs, cooperativa del commercio equo e solidale, e il Coordinamento provinciale Pace e Disarmo di Belluno gioved\u00ec 7 dicembre propongono una serata per una raccolta fondi a favore di PARC, Ong che sostiene i produttori palestinesi del commercio equo e solidale. L\u2019incontro si svolger\u00e0 alla Casa dei Beni comuni, Spazio Ex, in via Tiziano [&hellip;]\" \/>\n<meta property=\"og:url\" content=\"https:\/\/www.bellunopress.it\/fr\/2023\/12\/03\/giovedi-alla-casa-dei-beni-comuni-serata-di-solidarieta-ai-produttori-palestinesi\/\" \/>\n<meta property=\"og:site_name\" content=\"Bellunopress - Dolomiti\" \/>\n<meta property=\"article:publisher\" content=\"https:\/\/www.facebook.com\/profile.php?id=100008943462799\" \/>\n<meta property=\"article:published_time\" content=\"2023-12-03T10:21:43+00:00\" \/>\n<meta property=\"og:image\" content=\"https:\/\/www.bellunopress.it\/wp-content\/uploads\/2022\/07\/casa-beni-comuni-1_edited.jpg\" \/>\n\t<meta property=\"og:image:width\" content=\"1000\" \/>\n\t<meta property=\"og:image:height\" content=\"667\" \/>\n\t<meta property=\"og:image:type\" content=\"image\/jpeg\" \/>\n<meta name=\"author\" content=\"redazione\" \/>\n<meta name=\"twitter:card\" content=\"summary_large_image\" \/>\n<meta name=\"twitter:creator\" content=\"@bellunopress\" \/>\n<meta name=\"twitter:site\" content=\"@bellunopress\" \/>\n<meta name=\"twitter:label1\" content=\"\u00c9crit par\" \/>\n\t<meta name=\"twitter:data1\" content=\"redazione\" \/>\n\t<meta name=\"twitter:label2\" content=\"Dur\u00e9e de lecture estim\u00e9e\" \/>\n\t<meta name=\"twitter:data2\" content=\"3 minutes\" \/>\n<script type=\"application\/ld+json\" class=\"yoast-schema-graph\">{\"@context\":\"https:\\\/\\\/schema.org\",\"@graph\":[{\"@type\":\"Article\",\"@id\":\"https:\\\/\\\/www.bellunopress.it\\\/2023\\\/12\\\/03\\\/giovedi-alla-casa-dei-beni-comuni-serata-di-solidarieta-ai-produttori-palestinesi\\\/#article\",\"isPartOf\":{\"@id\":\"https:\\\/\\\/www.bellunopress.it\\\/2023\\\/12\\\/03\\\/giovedi-alla-casa-dei-beni-comuni-serata-di-solidarieta-ai-produttori-palestinesi\\\/\"},\"author\":{\"name\":\"redazione\",\"@id\":\"https:\\\/\\\/www.bellunopress.it\\\/#\\\/schema\\\/person\\\/79bb06722b37ece1c03d3e94beb30d73\"},\"headline\":\"Gioved\u00ec alle 19:00 alla Casa dei Beni comuni serata di solidariet\u00e0 ai produttori palestinesi\",\"datePublished\":\"2023-12-03T10:21:43+00:00\",\"mainEntityOfPage\":{\"@id\":\"https:\\\/\\\/www.bellunopress.it\\\/2023\\\/12\\\/03\\\/giovedi-alla-casa-dei-beni-comuni-serata-di-solidarieta-ai-produttori-palestinesi\\\/\"},\"wordCount\":523,\"publisher\":{\"@id\":\"https:\\\/\\\/www.bellunopress.it\\\/#organization\"},\"image\":{\"@id\":\"https:\\\/\\\/www.bellunopress.it\\\/2023\\\/12\\\/03\\\/giovedi-alla-casa-dei-beni-comuni-serata-di-solidarieta-ai-produttori-palestinesi\\\/#primaryimage\"},\"thumbnailUrl\":\"https:\\\/\\\/www.bellunopress.it\\\/wp-content\\\/uploads\\\/2022\\\/07\\\/casa-beni-comuni-1_edited.jpg\",\"articleSection\":[\"Pausa Caff\u00e8\",\"Societ\u00e0, Associazioni, Istituzioni\"],\"inLanguage\":\"fr-FR\"},{\"@type\":\"WebPage\",\"@id\":\"https:\\\/\\\/www.bellunopress.it\\\/2023\\\/12\\\/03\\\/giovedi-alla-casa-dei-beni-comuni-serata-di-solidarieta-ai-produttori-palestinesi\\\/\",\"url\":\"https:\\\/\\\/www.bellunopress.it\\\/2023\\\/12\\\/03\\\/giovedi-alla-casa-dei-beni-comuni-serata-di-solidarieta-ai-produttori-palestinesi\\\/\",\"name\":\"Gioved\u00ec alle 19:00 alla Casa dei Beni comuni serata di solidariet\u00e0 ai produttori palestinesi - Bellunopress - Dolomiti\",\"isPartOf\":{\"@id\":\"https:\\\/\\\/www.bellunopress.it\\\/#website\"},\"primaryImageOfPage\":{\"@id\":\"https:\\\/\\\/www.bellunopress.it\\\/2023\\\/12\\\/03\\\/giovedi-alla-casa-dei-beni-comuni-serata-di-solidarieta-ai-produttori-palestinesi\\\/#primaryimage\"},\"image\":{\"@id\":\"https:\\\/\\\/www.bellunopress.it\\\/2023\\\/12\\\/03\\\/giovedi-alla-casa-dei-beni-comuni-serata-di-solidarieta-ai-produttori-palestinesi\\\/#primaryimage\"},\"thumbnailUrl\":\"https:\\\/\\\/www.bellunopress.it\\\/wp-content\\\/uploads\\\/2022\\\/07\\\/casa-beni-comuni-1_edited.jpg\",\"datePublished\":\"2023-12-03T10:21:43+00:00\",\"breadcrumb\":{\"@id\":\"https:\\\/\\\/www.bellunopress.it\\\/2023\\\/12\\\/03\\\/giovedi-alla-casa-dei-beni-comuni-serata-di-solidarieta-ai-produttori-palestinesi\\\/#breadcrumb\"},\"inLanguage\":\"fr-FR\",\"potentialAction\":[{\"@type\":\"ReadAction\",\"target\":[\"https:\\\/\\\/www.bellunopress.it\\\/2023\\\/12\\\/03\\\/giovedi-alla-casa-dei-beni-comuni-serata-di-solidarieta-ai-produttori-palestinesi\\\/\"]}]},{\"@type\":\"ImageObject\",\"inLanguage\":\"fr-FR\",\"@id\":\"https:\\\/\\\/www.bellunopress.it\\\/2023\\\/12\\\/03\\\/giovedi-alla-casa-dei-beni-comuni-serata-di-solidarieta-ai-produttori-palestinesi\\\/#primaryimage\",\"url\":\"https:\\\/\\\/www.bellunopress.it\\\/wp-content\\\/uploads\\\/2022\\\/07\\\/casa-beni-comuni-1_edited.jpg\",\"contentUrl\":\"https:\\\/\\\/www.bellunopress.it\\\/wp-content\\\/uploads\\\/2022\\\/07\\\/casa-beni-comuni-1_edited.jpg\",\"width\":1000,\"height\":667,\"caption\":\"Casa Beni Comuni - Belluno via Tiziano Vecellio\"},{\"@type\":\"BreadcrumbList\",\"@id\":\"https:\\\/\\\/www.bellunopress.it\\\/2023\\\/12\\\/03\\\/giovedi-alla-casa-dei-beni-comuni-serata-di-solidarieta-ai-produttori-palestinesi\\\/#breadcrumb\",\"itemListElement\":[{\"@type\":\"ListItem\",\"position\":1,\"name\":\"Home\",\"item\":\"https:\\\/\\\/www.bellunopress.it\\\/\"},{\"@type\":\"ListItem\",\"position\":2,\"name\":\"Gioved\u00ec alle 19:00 alla Casa dei Beni comuni serata di solidariet\u00e0 ai produttori palestinesi\"}]},{\"@type\":\"WebSite\",\"@id\":\"https:\\\/\\\/www.bellunopress.it\\\/#website\",\"url\":\"https:\\\/\\\/www.bellunopress.it\\\/\",\"name\":\"Bellunopress - Dolomiti\",\"description\":\"e-mail: redazione@bellunopress.it\",\"publisher\":{\"@id\":\"https:\\\/\\\/www.bellunopress.it\\\/#organization\"},\"potentialAction\":[{\"@type\":\"SearchAction\",\"target\":{\"@type\":\"EntryPoint\",\"urlTemplate\":\"https:\\\/\\\/www.bellunopress.it\\\/?s={search_term_string}\"},\"query-input\":{\"@type\":\"PropertyValueSpecification\",\"valueRequired\":true,\"valueName\":\"search_term_string\"}}],\"inLanguage\":\"fr-FR\"},{\"@type\":\"Organization\",\"@id\":\"https:\\\/\\\/www.bellunopress.it\\\/#organization\",\"name\":\"Bellunopress\",\"url\":\"https:\\\/\\\/www.bellunopress.it\\\/\",\"logo\":{\"@type\":\"ImageObject\",\"inLanguage\":\"fr-FR\",\"@id\":\"https:\\\/\\\/www.bellunopress.it\\\/#\\\/schema\\\/logo\\\/image\\\/\",\"url\":\"https:\\\/\\\/www.bellunopress.it\\\/wp-content\\\/uploads\\\/2011\\\/05\\\/cropped-logo-bellunopress-.jpg\",\"contentUrl\":\"https:\\\/\\\/www.bellunopress.it\\\/wp-content\\\/uploads\\\/2011\\\/05\\\/cropped-logo-bellunopress-.jpg\",\"width\":512,\"height\":512,\"caption\":\"Bellunopress\"},\"image\":{\"@id\":\"https:\\\/\\\/www.bellunopress.it\\\/#\\\/schema\\\/logo\\\/image\\\/\"},\"sameAs\":[\"https:\\\/\\\/www.facebook.com\\\/profile.php?id=100008943462799\",\"https:\\\/\\\/x.com\\\/bellunopress\",\"https:\\\/\\\/www.linkedin.com\\\/hp\\\/?dnr=JBzUWaJfMUw8vbXJJ2tVW5-I3jZKvC4wsoxE&amp;amp;amp;amp;amp;amp;trk=nav_responsive_tab_home\",\"https:\\\/\\\/www.youtube.com\\\/channel\\\/UCxL0wu1uN0_3_7hGG0306cw\"]},{\"@type\":\"Person\",\"@id\":\"https:\\\/\\\/www.bellunopress.it\\\/#\\\/schema\\\/person\\\/79bb06722b37ece1c03d3e94beb30d73\",\"name\":\"redazione\",\"image\":{\"@type\":\"ImageObject\",\"inLanguage\":\"fr-FR\",\"@id\":\"https:\\\/\\\/secure.gravatar.com\\\/avatar\\\/37d968a2e67a6fd04c169c4bdef102d0bc5d31b2546345219e348575eb80e9a0?s=96&d=mm&r=g\",\"url\":\"https:\\\/\\\/secure.gravatar.com\\\/avatar\\\/37d968a2e67a6fd04c169c4bdef102d0bc5d31b2546345219e348575eb80e9a0?s=96&d=mm&r=g\",\"contentUrl\":\"https:\\\/\\\/secure.gravatar.com\\\/avatar\\\/37d968a2e67a6fd04c169c4bdef102d0bc5d31b2546345219e348575eb80e9a0?s=96&d=mm&r=g\",\"caption\":\"redazione\"},\"sameAs\":[\"http:\\\/\\\/www.bellunopress.it\",\"https:\\\/\\\/x.com\\\/bellunopress\"],\"url\":\"https:\\\/\\\/www.bellunopress.it\\\/fr\\\/author\\\/redazione\\\/\"}]}<\/script>\n<!-- \/ Yoast SEO plugin. -->","yoast_head_json":{"title":"Gioved\u00ec alle 19:00 alla Casa dei Beni comuni serata di solidariet\u00e0 ai produttori palestinesi - Bellunopress - Dolomiti","robots":{"index":"index","follow":"follow","max-snippet":"max-snippet:-1","max-image-preview":"max-image-preview:large","max-video-preview":"max-video-preview:-1"},"canonical":"https:\/\/www.bellunopress.it\/fr\/2023\/12\/03\/giovedi-alla-casa-dei-beni-comuni-serata-di-solidarieta-ai-produttori-palestinesi\/","og_locale":"fr_FR","og_type":"article","og_title":"Gioved\u00ec alle 19:00 alla Casa dei Beni comuni serata di solidariet\u00e0 ai produttori palestinesi - Bellunopress - Dolomiti","og_description":"Samarcanda scs, cooperativa del commercio equo e solidale, e il Coordinamento provinciale Pace e Disarmo di Belluno gioved\u00ec 7 dicembre propongono una serata per una raccolta fondi a favore di PARC, Ong che sostiene i produttori palestinesi del commercio equo e solidale. L\u2019incontro si svolger\u00e0 alla Casa dei Beni comuni, Spazio Ex, in via Tiziano [&hellip;]","og_url":"https:\/\/www.bellunopress.it\/fr\/2023\/12\/03\/giovedi-alla-casa-dei-beni-comuni-serata-di-solidarieta-ai-produttori-palestinesi\/","og_site_name":"Bellunopress - Dolomiti","article_publisher":"https:\/\/www.facebook.com\/profile.php?id=100008943462799","article_published_time":"2023-12-03T10:21:43+00:00","og_image":[{"width":1000,"height":667,"url":"https:\/\/www.bellunopress.it\/wp-content\/uploads\/2022\/07\/casa-beni-comuni-1_edited.jpg","type":"image\/jpeg"}],"author":"redazione","twitter_card":"summary_large_image","twitter_creator":"@bellunopress","twitter_site":"@bellunopress","twitter_misc":{"\u00c9crit par":"redazione","Dur\u00e9e de lecture estim\u00e9e":"3 minutes"},"schema":{"@context":"https:\/\/schema.org","@graph":[{"@type":"Article","@id":"https:\/\/www.bellunopress.it\/2023\/12\/03\/giovedi-alla-casa-dei-beni-comuni-serata-di-solidarieta-ai-produttori-palestinesi\/#article","isPartOf":{"@id":"https:\/\/www.bellunopress.it\/2023\/12\/03\/giovedi-alla-casa-dei-beni-comuni-serata-di-solidarieta-ai-produttori-palestinesi\/"},"author":{"name":"redazione","@id":"https:\/\/www.bellunopress.it\/#\/schema\/person\/79bb06722b37ece1c03d3e94beb30d73"},"headline":"Gioved\u00ec alle 19:00 alla Casa dei Beni comuni serata di solidariet\u00e0 ai produttori palestinesi","datePublished":"2023-12-03T10:21:43+00:00","mainEntityOfPage":{"@id":"https:\/\/www.bellunopress.it\/2023\/12\/03\/giovedi-alla-casa-dei-beni-comuni-serata-di-solidarieta-ai-produttori-palestinesi\/"},"wordCount":523,"publisher":{"@id":"https:\/\/www.bellunopress.it\/#organization"},"image":{"@id":"https:\/\/www.bellunopress.it\/2023\/12\/03\/giovedi-alla-casa-dei-beni-comuni-serata-di-solidarieta-ai-produttori-palestinesi\/#primaryimage"},"thumbnailUrl":"https:\/\/www.bellunopress.it\/wp-content\/uploads\/2022\/07\/casa-beni-comuni-1_edited.jpg","articleSection":["Pausa Caff\u00e8","Societ\u00e0, Associazioni, Istituzioni"],"inLanguage":"fr-FR"},{"@type":"WebPage","@id":"https:\/\/www.bellunopress.it\/2023\/12\/03\/giovedi-alla-casa-dei-beni-comuni-serata-di-solidarieta-ai-produttori-palestinesi\/","url":"https:\/\/www.bellunopress.it\/2023\/12\/03\/giovedi-alla-casa-dei-beni-comuni-serata-di-solidarieta-ai-produttori-palestinesi\/","name":"Gioved\u00ec alle 19:00 alla Casa dei Beni comuni serata di solidariet\u00e0 ai produttori palestinesi - Bellunopress - Dolomiti","isPartOf":{"@id":"https:\/\/www.bellunopress.it\/#website"},"primaryImageOfPage":{"@id":"https:\/\/www.bellunopress.it\/2023\/12\/03\/giovedi-alla-casa-dei-beni-comuni-serata-di-solidarieta-ai-produttori-palestinesi\/#primaryimage"},"image":{"@id":"https:\/\/www.bellunopress.it\/2023\/12\/03\/giovedi-alla-casa-dei-beni-comuni-serata-di-solidarieta-ai-produttori-palestinesi\/#primaryimage"},"thumbnailUrl":"https:\/\/www.bellunopress.it\/wp-content\/uploads\/2022\/07\/casa-beni-comuni-1_edited.jpg","datePublished":"2023-12-03T10:21:43+00:00","breadcrumb":{"@id":"https:\/\/www.bellunopress.it\/2023\/12\/03\/giovedi-alla-casa-dei-beni-comuni-serata-di-solidarieta-ai-produttori-palestinesi\/#breadcrumb"},"inLanguage":"fr-FR","potentialAction":[{"@type":"ReadAction","target":["https:\/\/www.bellunopress.it\/2023\/12\/03\/giovedi-alla-casa-dei-beni-comuni-serata-di-solidarieta-ai-produttori-palestinesi\/"]}]},{"@type":"ImageObject","inLanguage":"fr-FR","@id":"https:\/\/www.bellunopress.it\/2023\/12\/03\/giovedi-alla-casa-dei-beni-comuni-serata-di-solidarieta-ai-produttori-palestinesi\/#primaryimage","url":"https:\/\/www.bellunopress.it\/wp-content\/uploads\/2022\/07\/casa-beni-comuni-1_edited.jpg","contentUrl":"https:\/\/www.bellunopress.it\/wp-content\/uploads\/2022\/07\/casa-beni-comuni-1_edited.jpg","width":1000,"height":667,"caption":"Casa Beni Comuni - Belluno via Tiziano Vecellio"},{"@type":"BreadcrumbList","@id":"https:\/\/www.bellunopress.it\/2023\/12\/03\/giovedi-alla-casa-dei-beni-comuni-serata-di-solidarieta-ai-produttori-palestinesi\/#breadcrumb","itemListElement":[{"@type":"ListItem","position":1,"name":"Home","item":"https:\/\/www.bellunopress.it\/"},{"@type":"ListItem","position":2,"name":"Gioved\u00ec alle 19:00 alla Casa dei Beni comuni serata di solidariet\u00e0 ai produttori palestinesi"}]},{"@type":"WebSite","@id":"https:\/\/www.bellunopress.it\/#website","url":"https:\/\/www.bellunopress.it\/","name":"Bellunopress - Dolomiti","description":"e-mail: redazione@bellunopress.it","publisher":{"@id":"https:\/\/www.bellunopress.it\/#organization"},"potentialAction":[{"@type":"SearchAction","target":{"@type":"EntryPoint","urlTemplate":"https:\/\/www.bellunopress.it\/?s={search_term_string}"},"query-input":{"@type":"PropertyValueSpecification","valueRequired":true,"valueName":"search_term_string"}}],"inLanguage":"fr-FR"},{"@type":"Organization","@id":"https:\/\/www.bellunopress.it\/#organization","name":"Bellunopress","url":"https:\/\/www.bellunopress.it\/","logo":{"@type":"ImageObject","inLanguage":"fr-FR","@id":"https:\/\/www.bellunopress.it\/#\/schema\/logo\/image\/","url":"https:\/\/www.bellunopress.it\/wp-content\/uploads\/2011\/05\/cropped-logo-bellunopress-.jpg","contentUrl":"https:\/\/www.bellunopress.it\/wp-content\/uploads\/2011\/05\/cropped-logo-bellunopress-.jpg","width":512,"height":512,"caption":"Bellunopress"},"image":{"@id":"https:\/\/www.bellunopress.it\/#\/schema\/logo\/image\/"},"sameAs":["https:\/\/www.facebook.com\/profile.php?id=100008943462799","https:\/\/x.com\/bellunopress","https:\/\/www.linkedin.com\/hp\/?dnr=JBzUWaJfMUw8vbXJJ2tVW5-I3jZKvC4wsoxE&amp;amp;amp;amp;amp;amp;trk=nav_responsive_tab_home","https:\/\/www.youtube.com\/channel\/UCxL0wu1uN0_3_7hGG0306cw"]},{"@type":"Person","@id":"https:\/\/www.bellunopress.it\/#\/schema\/person\/79bb06722b37ece1c03d3e94beb30d73","name":"r\u00e9daction","image":{"@type":"ImageObject","inLanguage":"fr-FR","@id":"https:\/\/secure.gravatar.com\/avatar\/37d968a2e67a6fd04c169c4bdef102d0bc5d31b2546345219e348575eb80e9a0?s=96&d=mm&r=g","url":"https:\/\/secure.gravatar.com\/avatar\/37d968a2e67a6fd04c169c4bdef102d0bc5d31b2546345219e348575eb80e9a0?s=96&d=mm&r=g","contentUrl":"https:\/\/secure.gravatar.com\/avatar\/37d968a2e67a6fd04c169c4bdef102d0bc5d31b2546345219e348575eb80e9a0?s=96&d=mm&r=g","caption":"redazione"},"sameAs":["http:\/\/www.bellunopress.it","https:\/\/x.com\/bellunopress"],"url":"https:\/\/www.bellunopress.it\/fr\/author\/redazione\/"}]}},"_links":{"self":[{"href":"https:\/\/www.bellunopress.it\/fr\/wp-json\/wp\/v2\/posts\/146343","targetHints":{"allow":["GET"]}}],"collection":[{"href":"https:\/\/www.bellunopress.it\/fr\/wp-json\/wp\/v2\/posts"}],"about":[{"href":"https:\/\/www.bellunopress.it\/fr\/wp-json\/wp\/v2\/types\/post"}],"author":[{"embeddable":true,"href":"https:\/\/www.bellunopress.it\/fr\/wp-json\/wp\/v2\/users\/2"}],"replies":[{"embeddable":true,"href":"https:\/\/www.bellunopress.it\/fr\/wp-json\/wp\/v2\/comments?post=146343"}],"version-history":[{"count":3,"href":"https:\/\/www.bellunopress.it\/fr\/wp-json\/wp\/v2\/posts\/146343\/revisions"}],"predecessor-version":[{"id":146346,"href":"https:\/\/www.bellunopress.it\/fr\/wp-json\/wp\/v2\/posts\/146343\/revisions\/146346"}],"wp:featuredmedia":[{"embeddable":true,"href":"https:\/\/www.bellunopress.it\/fr\/wp-json\/wp\/v2\/media\/135264"}],"wp:attachment":[{"href":"https:\/\/www.bellunopress.it\/fr\/wp-json\/wp\/v2\/media?parent=146343"}],"wp:term":[{"taxonomy":"category","embeddable":true,"href":"https:\/\/www.bellunopress.it\/fr\/wp-json\/wp\/v2\/categories?post=146343"},{"taxonomy":"post_tag","embeddable":true,"href":"https:\/\/www.bellunopress.it\/fr\/wp-json\/wp\/v2\/tags?post=146343"}],"curies":[{"name":"wp","href":"https:\/\/api.w.org\/{rel}","templated":true}]}}