{"id":146335,"date":"2023-11-30T19:44:59","date_gmt":"2023-11-30T18:44:59","guid":{"rendered":"https:\/\/www.bellunopress.it\/?p=146335"},"modified":"2023-11-30T19:44:59","modified_gmt":"2023-11-30T18:44:59","slug":"consiglio-comunale-di-belluno-la-critica-del-pd-alla-maggioranza","status":"publish","type":"post","link":"https:\/\/www.bellunopress.it\/fr\/2023\/11\/30\/consiglio-comunale-di-belluno-la-critica-del-pd-alla-maggioranza\/","title":{"rendered":"Consiglio comunale di Belluno. La critica del Pd alla maggioranza"},"content":{"rendered":"<p><img loading=\"lazy\" decoding=\"async\" class=\"alignleft size-full wp-image-134965\" src=\"https:\/\/www.bellunopress.it\/wp-content\/uploads\/2022\/07\/consiglio-comunale-belluno_edited.jpg\" alt=\"\" width=\"712\" height=\"401\" srcset=\"https:\/\/www.bellunopress.it\/wp-content\/uploads\/2022\/07\/consiglio-comunale-belluno_edited.jpg 712w, https:\/\/www.bellunopress.it\/wp-content\/uploads\/2022\/07\/consiglio-comunale-belluno_edited-500x282.jpg 500w, https:\/\/www.bellunopress.it\/wp-content\/uploads\/2022\/07\/consiglio-comunale-belluno_edited-696x392.jpg 696w\" sizes=\"auto, (max-width: 712px) 100vw, 712px\" \/>Ci sarebbero davvero tante cose da dire su quello che \u00e8 successo in 12 ore di Consiglio Comunale, ma ci limitiamo a evidenziare tre episodi.<\/p>\n<p>Lo evidenziano Claudia Bettiol &#8211; Capogrupppo\u00a0 Pd in Consiglio Comunale, Maria Teresa Cassol &#8211; Consigliere Comunale Pd, Davide Noro &#8211; Segretario PD Citt\u00e0 di Belluno.<\/p>\n<p>Il PD Citt\u00e0 di Belluno ha presentato un ordine del giorno per esprimere la massima contrariet\u00e0 ai tagli lineari che il Governo Meloni intende imporre agli Enti Locali (contrariet\u00e0 espressa anche dallo stesso Sindaco per mezzo stampa). Nell\u2019odg, abbiamo chiesto l\u2019intervento del Senatore De Carlo &#8211; Sindaco di Calalzo di Cadore e unico parlamentare bellunese eletto tra le forze di maggioranza &#8211; affinch\u00e9 si faccia carico di intraprendere un\u2019azione parlamentare volta a tutelare gli Enti Locali dai tagli proposti dal Governo,<br \/>\ncon particolare riferimento ai territori montani.<br \/>\nLa maggioranza ha deciso di non discutere nemmeno questo odg, bocciandone l\u2019ammissibilit\u00e0.<br \/>\nC\u2019\u00e8 davvero questa paura di andare contro al Governo nazionale, solo perch\u00e9 dello stesso colore politico? Alla faccia del civismo.<\/p>\n<p>Destino simile \u00e8 toccato all\u2019ordine del giorno promosso dal PD Citt\u00e0 di Belluno per sostenere il Centro Antiviolenza gestito dall\u2019Associazione Belluno Donna. In un momento come questo, a soli pochi giorni dall\u2019omicidio di Giulia Cecchettin, sentir dire da alcuni consiglieri della maggioranza che \u201cquesta non \u00e8 una priorit\u00e0\u201d oppure \u201cci sono anche gli infanticidi\u201d ci lascia increduli. Seppur ci siano stati voti favorevoli all\u2019odg anche da qualche membro della maggioranza, i troppi distinguo che abbiamo sentito ieri sera ci fanno pensare che la strada per contrastare il fenomeno della violenza\u00a0maschile contro le donne sia ancora molto, molto lunga.<\/p>\n<p>Il PD Citt\u00e0 di Belluno rivendica inoltre il voto contrario al nuovo regolamento della Polizia Locale che introduce la sperimentazione del taser. Al di l\u00e0 delle questioni di merito sulla pericolosit\u00e0 dello strumento stesso, ci spaventano particolarmente le parole dell\u2019Assessore Addamiano che, con evidente fastidio, ha bollato i consiglieri contrari a questo emendamento come \u201cpacifisti\u201d, come fosse un insulto. Nella speranza che chi ci governa non sia guerrafondaio, ricordiamo all\u2019Assessore che il concetto di sicurezza non si fa<br \/>\ncon le armi o con la repressione, ma con politiche educative e di prevenzione di cui purtroppo, nel bilancio previsionale, non vediamo traccia. Un\u2019altra dimostrazione della sostanziale inutilit\u00e0 del suo operato, sia alla cultura, sia alla sicurezza.<\/p>","protected":false},"excerpt":{"rendered":"<p>Ci sarebbero davvero tante cose da dire su quello che \u00e8 successo in 12 ore di Consiglio Comunale, ma ci limitiamo a evidenziare tre episodi. Lo evidenziano Claudia Bettiol &#8211; Capogrupppo\u00a0 Pd in Consiglio Comunale, Maria Teresa Cassol &#8211; Consigliere Comunale Pd, Davide Noro &#8211; Segretario PD Citt\u00e0 di Belluno. Il PD Citt\u00e0 di Belluno [&hellip;]<\/p>\n","protected":false},"author":2,"featured_media":113617,"comment_status":"closed","ping_status":"open","sticky":false,"template":"","format":"standard","meta":{"footnotes":""},"categories":[5,26],"tags":[],"class_list":["post-146335","post","type-post","status-publish","format-standard","has-post-thumbnail","category-cronaca","category-prima-pagina"],"yoast_head":"<!-- This site is optimized with the Yoast SEO plugin v28.4 - https:\/\/yoast.com\/product\/yoast-seo-wordpress\/ -->\n<title>Consiglio comunale di Belluno. La critica del Pd alla maggioranza - Bellunopress - Dolomiti<\/title>\n<meta name=\"robots\" content=\"index, follow, max-snippet:-1, max-image-preview:large, max-video-preview:-1\" \/>\n<link rel=\"canonical\" href=\"https:\/\/www.bellunopress.it\/fr\/2023\/11\/30\/consiglio-comunale-di-belluno-la-critica-del-pd-alla-maggioranza\/\" \/>\n<meta property=\"og:locale\" content=\"fr_FR\" \/>\n<meta property=\"og:type\" content=\"article\" \/>\n<meta property=\"og:title\" content=\"Consiglio comunale di Belluno. La critica del Pd alla maggioranza - Bellunopress - Dolomiti\" \/>\n<meta property=\"og:description\" content=\"Ci sarebbero davvero tante cose da dire su quello che \u00e8 successo in 12 ore di Consiglio Comunale, ma ci limitiamo a evidenziare tre episodi. Lo evidenziano Claudia Bettiol &#8211; Capogrupppo\u00a0 Pd in Consiglio Comunale, Maria Teresa Cassol &#8211; Consigliere Comunale Pd, Davide Noro &#8211; Segretario PD Citt\u00e0 di Belluno. Il PD Citt\u00e0 di Belluno [&hellip;]\" \/>\n<meta property=\"og:url\" content=\"https:\/\/www.bellunopress.it\/fr\/2023\/11\/30\/consiglio-comunale-di-belluno-la-critica-del-pd-alla-maggioranza\/\" \/>\n<meta property=\"og:site_name\" content=\"Bellunopress - Dolomiti\" \/>\n<meta property=\"article:publisher\" content=\"https:\/\/www.facebook.com\/profile.php?id=100008943462799\" \/>\n<meta property=\"article:published_time\" content=\"2023-11-30T18:44:59+00:00\" \/>\n<meta property=\"og:image\" content=\"https:\/\/www.bellunopress.it\/wp-content\/uploads\/2020\/04\/palazzo-rosso_edited.jpg\" \/>\n\t<meta property=\"og:image:width\" content=\"800\" \/>\n\t<meta property=\"og:image:height\" content=\"563\" \/>\n\t<meta property=\"og:image:type\" content=\"image\/jpeg\" \/>\n<meta name=\"author\" content=\"redazione\" \/>\n<meta name=\"twitter:card\" content=\"summary_large_image\" \/>\n<meta name=\"twitter:creator\" content=\"@bellunopress\" \/>\n<meta name=\"twitter:site\" content=\"@bellunopress\" \/>\n<meta name=\"twitter:label1\" content=\"Written by\" \/>\n\t<meta name=\"twitter:data1\" content=\"redazione\" \/>\n\t<meta name=\"twitter:label2\" content=\"Est. reading time\" \/>\n\t<meta name=\"twitter:data2\" content=\"2 minutes\" \/>\n<script type=\"application\/ld+json\" class=\"yoast-schema-graph\">{\"@context\":\"https:\\\/\\\/schema.org\",\"@graph\":[{\"@type\":\"Article\",\"@id\":\"https:\\\/\\\/www.bellunopress.it\\\/2023\\\/11\\\/30\\\/consiglio-comunale-di-belluno-la-critica-del-pd-alla-maggioranza\\\/#article\",\"isPartOf\":{\"@id\":\"https:\\\/\\\/www.bellunopress.it\\\/2023\\\/11\\\/30\\\/consiglio-comunale-di-belluno-la-critica-del-pd-alla-maggioranza\\\/\"},\"author\":{\"name\":\"redazione\",\"@id\":\"https:\\\/\\\/www.bellunopress.it\\\/#\\\/schema\\\/person\\\/79bb06722b37ece1c03d3e94beb30d73\"},\"headline\":\"Consiglio comunale di Belluno. La critica del Pd alla maggioranza\",\"datePublished\":\"2023-11-30T18:44:59+00:00\",\"mainEntityOfPage\":{\"@id\":\"https:\\\/\\\/www.bellunopress.it\\\/2023\\\/11\\\/30\\\/consiglio-comunale-di-belluno-la-critica-del-pd-alla-maggioranza\\\/\"},\"wordCount\":400,\"publisher\":{\"@id\":\"https:\\\/\\\/www.bellunopress.it\\\/#organization\"},\"image\":{\"@id\":\"https:\\\/\\\/www.bellunopress.it\\\/2023\\\/11\\\/30\\\/consiglio-comunale-di-belluno-la-critica-del-pd-alla-maggioranza\\\/#primaryimage\"},\"thumbnailUrl\":\"https:\\\/\\\/www.bellunopress.it\\\/wp-content\\\/uploads\\\/2020\\\/04\\\/palazzo-rosso_edited.jpg\",\"articleSection\":[\"Cronaca\\\/Politica\",\"Prima Pagina\"],\"inLanguage\":\"fr-FR\"},{\"@type\":\"WebPage\",\"@id\":\"https:\\\/\\\/www.bellunopress.it\\\/2023\\\/11\\\/30\\\/consiglio-comunale-di-belluno-la-critica-del-pd-alla-maggioranza\\\/\",\"url\":\"https:\\\/\\\/www.bellunopress.it\\\/2023\\\/11\\\/30\\\/consiglio-comunale-di-belluno-la-critica-del-pd-alla-maggioranza\\\/\",\"name\":\"Consiglio comunale di Belluno. La critica del Pd alla maggioranza - Bellunopress - Dolomiti\",\"isPartOf\":{\"@id\":\"https:\\\/\\\/www.bellunopress.it\\\/#website\"},\"primaryImageOfPage\":{\"@id\":\"https:\\\/\\\/www.bellunopress.it\\\/2023\\\/11\\\/30\\\/consiglio-comunale-di-belluno-la-critica-del-pd-alla-maggioranza\\\/#primaryimage\"},\"image\":{\"@id\":\"https:\\\/\\\/www.bellunopress.it\\\/2023\\\/11\\\/30\\\/consiglio-comunale-di-belluno-la-critica-del-pd-alla-maggioranza\\\/#primaryimage\"},\"thumbnailUrl\":\"https:\\\/\\\/www.bellunopress.it\\\/wp-content\\\/uploads\\\/2020\\\/04\\\/palazzo-rosso_edited.jpg\",\"datePublished\":\"2023-11-30T18:44:59+00:00\",\"breadcrumb\":{\"@id\":\"https:\\\/\\\/www.bellunopress.it\\\/2023\\\/11\\\/30\\\/consiglio-comunale-di-belluno-la-critica-del-pd-alla-maggioranza\\\/#breadcrumb\"},\"inLanguage\":\"fr-FR\",\"potentialAction\":[{\"@type\":\"ReadAction\",\"target\":[\"https:\\\/\\\/www.bellunopress.it\\\/2023\\\/11\\\/30\\\/consiglio-comunale-di-belluno-la-critica-del-pd-alla-maggioranza\\\/\"]}]},{\"@type\":\"ImageObject\",\"inLanguage\":\"fr-FR\",\"@id\":\"https:\\\/\\\/www.bellunopress.it\\\/2023\\\/11\\\/30\\\/consiglio-comunale-di-belluno-la-critica-del-pd-alla-maggioranza\\\/#primaryimage\",\"url\":\"https:\\\/\\\/www.bellunopress.it\\\/wp-content\\\/uploads\\\/2020\\\/04\\\/palazzo-rosso_edited.jpg\",\"contentUrl\":\"https:\\\/\\\/www.bellunopress.it\\\/wp-content\\\/uploads\\\/2020\\\/04\\\/palazzo-rosso_edited.jpg\",\"width\":800,\"height\":563,\"caption\":\"Palazzo Rosso, sede dell'amministrazione comunale di Belluno\"},{\"@type\":\"BreadcrumbList\",\"@id\":\"https:\\\/\\\/www.bellunopress.it\\\/2023\\\/11\\\/30\\\/consiglio-comunale-di-belluno-la-critica-del-pd-alla-maggioranza\\\/#breadcrumb\",\"itemListElement\":[{\"@type\":\"ListItem\",\"position\":1,\"name\":\"Home\",\"item\":\"https:\\\/\\\/www.bellunopress.it\\\/\"},{\"@type\":\"ListItem\",\"position\":2,\"name\":\"Consiglio comunale di Belluno. La critica del Pd alla maggioranza\"}]},{\"@type\":\"WebSite\",\"@id\":\"https:\\\/\\\/www.bellunopress.it\\\/#website\",\"url\":\"https:\\\/\\\/www.bellunopress.it\\\/\",\"name\":\"Bellunopress - Dolomiti\",\"description\":\"e-mail: redazione@bellunopress.it\",\"publisher\":{\"@id\":\"https:\\\/\\\/www.bellunopress.it\\\/#organization\"},\"potentialAction\":[{\"@type\":\"SearchAction\",\"target\":{\"@type\":\"EntryPoint\",\"urlTemplate\":\"https:\\\/\\\/www.bellunopress.it\\\/?s={search_term_string}\"},\"query-input\":{\"@type\":\"PropertyValueSpecification\",\"valueRequired\":true,\"valueName\":\"search_term_string\"}}],\"inLanguage\":\"fr-FR\"},{\"@type\":\"Organization\",\"@id\":\"https:\\\/\\\/www.bellunopress.it\\\/#organization\",\"name\":\"Bellunopress\",\"url\":\"https:\\\/\\\/www.bellunopress.it\\\/\",\"logo\":{\"@type\":\"ImageObject\",\"inLanguage\":\"fr-FR\",\"@id\":\"https:\\\/\\\/www.bellunopress.it\\\/#\\\/schema\\\/logo\\\/image\\\/\",\"url\":\"https:\\\/\\\/www.bellunopress.it\\\/wp-content\\\/uploads\\\/2011\\\/05\\\/cropped-logo-bellunopress-.jpg\",\"contentUrl\":\"https:\\\/\\\/www.bellunopress.it\\\/wp-content\\\/uploads\\\/2011\\\/05\\\/cropped-logo-bellunopress-.jpg\",\"width\":512,\"height\":512,\"caption\":\"Bellunopress\"},\"image\":{\"@id\":\"https:\\\/\\\/www.bellunopress.it\\\/#\\\/schema\\\/logo\\\/image\\\/\"},\"sameAs\":[\"https:\\\/\\\/www.facebook.com\\\/profile.php?id=100008943462799\",\"https:\\\/\\\/x.com\\\/bellunopress\",\"https:\\\/\\\/www.linkedin.com\\\/hp\\\/?dnr=JBzUWaJfMUw8vbXJJ2tVW5-I3jZKvC4wsoxE&amp;amp;amp;amp;amp;amp;trk=nav_responsive_tab_home\",\"https:\\\/\\\/www.youtube.com\\\/channel\\\/UCxL0wu1uN0_3_7hGG0306cw\"]},{\"@type\":\"Person\",\"@id\":\"https:\\\/\\\/www.bellunopress.it\\\/#\\\/schema\\\/person\\\/79bb06722b37ece1c03d3e94beb30d73\",\"name\":\"redazione\",\"image\":{\"@type\":\"ImageObject\",\"inLanguage\":\"fr-FR\",\"@id\":\"https:\\\/\\\/secure.gravatar.com\\\/avatar\\\/37d968a2e67a6fd04c169c4bdef102d0bc5d31b2546345219e348575eb80e9a0?s=96&d=mm&r=g\",\"url\":\"https:\\\/\\\/secure.gravatar.com\\\/avatar\\\/37d968a2e67a6fd04c169c4bdef102d0bc5d31b2546345219e348575eb80e9a0?s=96&d=mm&r=g\",\"contentUrl\":\"https:\\\/\\\/secure.gravatar.com\\\/avatar\\\/37d968a2e67a6fd04c169c4bdef102d0bc5d31b2546345219e348575eb80e9a0?s=96&d=mm&r=g\",\"caption\":\"redazione\"},\"sameAs\":[\"http:\\\/\\\/www.bellunopress.it\",\"https:\\\/\\\/x.com\\\/bellunopress\"],\"url\":\"https:\\\/\\\/www.bellunopress.it\\\/fr\\\/author\\\/redazione\\\/\"}]}<\/script>\n<!-- \/ Yoast SEO plugin. -->","yoast_head_json":{"title":"Consiglio comunale di Belluno. La critica del Pd alla maggioranza - Bellunopress - Dolomiti","robots":{"index":"index","follow":"follow","max-snippet":"max-snippet:-1","max-image-preview":"max-image-preview:large","max-video-preview":"max-video-preview:-1"},"canonical":"https:\/\/www.bellunopress.it\/fr\/2023\/11\/30\/consiglio-comunale-di-belluno-la-critica-del-pd-alla-maggioranza\/","og_locale":"fr_FR","og_type":"article","og_title":"Consiglio comunale di Belluno. La critica del Pd alla maggioranza - Bellunopress - Dolomiti","og_description":"Ci sarebbero davvero tante cose da dire su quello che \u00e8 successo in 12 ore di Consiglio Comunale, ma ci limitiamo a evidenziare tre episodi. Lo evidenziano Claudia Bettiol &#8211; Capogrupppo\u00a0 Pd in Consiglio Comunale, Maria Teresa Cassol &#8211; Consigliere Comunale Pd, Davide Noro &#8211; Segretario PD Citt\u00e0 di Belluno. Il PD Citt\u00e0 di Belluno [&hellip;]","og_url":"https:\/\/www.bellunopress.it\/fr\/2023\/11\/30\/consiglio-comunale-di-belluno-la-critica-del-pd-alla-maggioranza\/","og_site_name":"Bellunopress - Dolomiti","article_publisher":"https:\/\/www.facebook.com\/profile.php?id=100008943462799","article_published_time":"2023-11-30T18:44:59+00:00","og_image":[{"width":800,"height":563,"url":"https:\/\/www.bellunopress.it\/wp-content\/uploads\/2020\/04\/palazzo-rosso_edited.jpg","type":"image\/jpeg"}],"author":"redazione","twitter_card":"summary_large_image","twitter_creator":"@bellunopress","twitter_site":"@bellunopress","twitter_misc":{"Written by":"redazione","Est. reading time":"2 minutes"},"schema":{"@context":"https:\/\/schema.org","@graph":[{"@type":"Article","@id":"https:\/\/www.bellunopress.it\/2023\/11\/30\/consiglio-comunale-di-belluno-la-critica-del-pd-alla-maggioranza\/#article","isPartOf":{"@id":"https:\/\/www.bellunopress.it\/2023\/11\/30\/consiglio-comunale-di-belluno-la-critica-del-pd-alla-maggioranza\/"},"author":{"name":"redazione","@id":"https:\/\/www.bellunopress.it\/#\/schema\/person\/79bb06722b37ece1c03d3e94beb30d73"},"headline":"Consiglio comunale di Belluno. La critica del Pd alla maggioranza","datePublished":"2023-11-30T18:44:59+00:00","mainEntityOfPage":{"@id":"https:\/\/www.bellunopress.it\/2023\/11\/30\/consiglio-comunale-di-belluno-la-critica-del-pd-alla-maggioranza\/"},"wordCount":400,"publisher":{"@id":"https:\/\/www.bellunopress.it\/#organization"},"image":{"@id":"https:\/\/www.bellunopress.it\/2023\/11\/30\/consiglio-comunale-di-belluno-la-critica-del-pd-alla-maggioranza\/#primaryimage"},"thumbnailUrl":"https:\/\/www.bellunopress.it\/wp-content\/uploads\/2020\/04\/palazzo-rosso_edited.jpg","articleSection":["Cronaca\/Politica","Prima Pagina"],"inLanguage":"fr-FR"},{"@type":"WebPage","@id":"https:\/\/www.bellunopress.it\/2023\/11\/30\/consiglio-comunale-di-belluno-la-critica-del-pd-alla-maggioranza\/","url":"https:\/\/www.bellunopress.it\/2023\/11\/30\/consiglio-comunale-di-belluno-la-critica-del-pd-alla-maggioranza\/","name":"Consiglio comunale di Belluno. La critica del Pd alla maggioranza - Bellunopress - Dolomiti","isPartOf":{"@id":"https:\/\/www.bellunopress.it\/#website"},"primaryImageOfPage":{"@id":"https:\/\/www.bellunopress.it\/2023\/11\/30\/consiglio-comunale-di-belluno-la-critica-del-pd-alla-maggioranza\/#primaryimage"},"image":{"@id":"https:\/\/www.bellunopress.it\/2023\/11\/30\/consiglio-comunale-di-belluno-la-critica-del-pd-alla-maggioranza\/#primaryimage"},"thumbnailUrl":"https:\/\/www.bellunopress.it\/wp-content\/uploads\/2020\/04\/palazzo-rosso_edited.jpg","datePublished":"2023-11-30T18:44:59+00:00","breadcrumb":{"@id":"https:\/\/www.bellunopress.it\/2023\/11\/30\/consiglio-comunale-di-belluno-la-critica-del-pd-alla-maggioranza\/#breadcrumb"},"inLanguage":"fr-FR","potentialAction":[{"@type":"ReadAction","target":["https:\/\/www.bellunopress.it\/2023\/11\/30\/consiglio-comunale-di-belluno-la-critica-del-pd-alla-maggioranza\/"]}]},{"@type":"ImageObject","inLanguage":"fr-FR","@id":"https:\/\/www.bellunopress.it\/2023\/11\/30\/consiglio-comunale-di-belluno-la-critica-del-pd-alla-maggioranza\/#primaryimage","url":"https:\/\/www.bellunopress.it\/wp-content\/uploads\/2020\/04\/palazzo-rosso_edited.jpg","contentUrl":"https:\/\/www.bellunopress.it\/wp-content\/uploads\/2020\/04\/palazzo-rosso_edited.jpg","width":800,"height":563,"caption":"Palazzo Rosso, sede dell'amministrazione comunale di Belluno"},{"@type":"BreadcrumbList","@id":"https:\/\/www.bellunopress.it\/2023\/11\/30\/consiglio-comunale-di-belluno-la-critica-del-pd-alla-maggioranza\/#breadcrumb","itemListElement":[{"@type":"ListItem","position":1,"name":"Home","item":"https:\/\/www.bellunopress.it\/"},{"@type":"ListItem","position":2,"name":"Consiglio comunale di Belluno. La critica del Pd alla maggioranza"}]},{"@type":"WebSite","@id":"https:\/\/www.bellunopress.it\/#website","url":"https:\/\/www.bellunopress.it\/","name":"Bellunopress - Dolomiti","description":"e-mail: redazione@bellunopress.it","publisher":{"@id":"https:\/\/www.bellunopress.it\/#organization"},"potentialAction":[{"@type":"SearchAction","target":{"@type":"EntryPoint","urlTemplate":"https:\/\/www.bellunopress.it\/?s={search_term_string}"},"query-input":{"@type":"PropertyValueSpecification","valueRequired":true,"valueName":"search_term_string"}}],"inLanguage":"fr-FR"},{"@type":"Organization","@id":"https:\/\/www.bellunopress.it\/#organization","name":"Bellunopress","url":"https:\/\/www.bellunopress.it\/","logo":{"@type":"ImageObject","inLanguage":"fr-FR","@id":"https:\/\/www.bellunopress.it\/#\/schema\/logo\/image\/","url":"https:\/\/www.bellunopress.it\/wp-content\/uploads\/2011\/05\/cropped-logo-bellunopress-.jpg","contentUrl":"https:\/\/www.bellunopress.it\/wp-content\/uploads\/2011\/05\/cropped-logo-bellunopress-.jpg","width":512,"height":512,"caption":"Bellunopress"},"image":{"@id":"https:\/\/www.bellunopress.it\/#\/schema\/logo\/image\/"},"sameAs":["https:\/\/www.facebook.com\/profile.php?id=100008943462799","https:\/\/x.com\/bellunopress","https:\/\/www.linkedin.com\/hp\/?dnr=JBzUWaJfMUw8vbXJJ2tVW5-I3jZKvC4wsoxE&amp;amp;amp;amp;amp;amp;trk=nav_responsive_tab_home","https:\/\/www.youtube.com\/channel\/UCxL0wu1uN0_3_7hGG0306cw"]},{"@type":"Person","@id":"https:\/\/www.bellunopress.it\/#\/schema\/person\/79bb06722b37ece1c03d3e94beb30d73","name":"r\u00e9daction","image":{"@type":"ImageObject","inLanguage":"fr-FR","@id":"https:\/\/secure.gravatar.com\/avatar\/37d968a2e67a6fd04c169c4bdef102d0bc5d31b2546345219e348575eb80e9a0?s=96&d=mm&r=g","url":"https:\/\/secure.gravatar.com\/avatar\/37d968a2e67a6fd04c169c4bdef102d0bc5d31b2546345219e348575eb80e9a0?s=96&d=mm&r=g","contentUrl":"https:\/\/secure.gravatar.com\/avatar\/37d968a2e67a6fd04c169c4bdef102d0bc5d31b2546345219e348575eb80e9a0?s=96&d=mm&r=g","caption":"redazione"},"sameAs":["http:\/\/www.bellunopress.it","https:\/\/x.com\/bellunopress"],"url":"https:\/\/www.bellunopress.it\/fr\/author\/redazione\/"}]}},"_links":{"self":[{"href":"https:\/\/www.bellunopress.it\/fr\/wp-json\/wp\/v2\/posts\/146335","targetHints":{"allow":["GET"]}}],"collection":[{"href":"https:\/\/www.bellunopress.it\/fr\/wp-json\/wp\/v2\/posts"}],"about":[{"href":"https:\/\/www.bellunopress.it\/fr\/wp-json\/wp\/v2\/types\/post"}],"author":[{"embeddable":true,"href":"https:\/\/www.bellunopress.it\/fr\/wp-json\/wp\/v2\/users\/2"}],"replies":[{"embeddable":true,"href":"https:\/\/www.bellunopress.it\/fr\/wp-json\/wp\/v2\/comments?post=146335"}],"version-history":[{"count":1,"href":"https:\/\/www.bellunopress.it\/fr\/wp-json\/wp\/v2\/posts\/146335\/revisions"}],"predecessor-version":[{"id":146342,"href":"https:\/\/www.bellunopress.it\/fr\/wp-json\/wp\/v2\/posts\/146335\/revisions\/146342"}],"wp:featuredmedia":[{"embeddable":true,"href":"https:\/\/www.bellunopress.it\/fr\/wp-json\/wp\/v2\/media\/113617"}],"wp:attachment":[{"href":"https:\/\/www.bellunopress.it\/fr\/wp-json\/wp\/v2\/media?parent=146335"}],"wp:term":[{"taxonomy":"category","embeddable":true,"href":"https:\/\/www.bellunopress.it\/fr\/wp-json\/wp\/v2\/categories?post=146335"},{"taxonomy":"post_tag","embeddable":true,"href":"https:\/\/www.bellunopress.it\/fr\/wp-json\/wp\/v2\/tags?post=146335"}],"curies":[{"name":"wp","href":"https:\/\/api.w.org\/{rel}","templated":true}]}}