{"id":146328,"date":"2023-11-30T16:18:57","date_gmt":"2023-11-30T15:18:57","guid":{"rendered":"https:\/\/www.bellunopress.it\/?p=146328"},"modified":"2023-11-30T16:18:57","modified_gmt":"2023-11-30T15:18:57","slug":"confindustria-dona-un-nuovo-mezzo-allassociazione-misericordia-di-longarone","status":"publish","type":"post","link":"https:\/\/www.bellunopress.it\/fr\/2023\/11\/30\/confindustria-dona-un-nuovo-mezzo-allassociazione-misericordia-di-longarone\/","title":{"rendered":"Confindustria dona un nuovo mezzo all&#8217;Associazione Misericordia di Longarone"},"content":{"rendered":"<p><img loading=\"lazy\" decoding=\"async\" class=\"alignleft size-full wp-image-146329\" src=\"https:\/\/www.bellunopress.it\/wp-content\/uploads\/2023\/11\/confindustria-donazione-mezzo-all-Ass-Misericordia-Longarone_edited.jpg\" alt=\"\" width=\"1000\" height=\"697\" srcset=\"https:\/\/www.bellunopress.it\/wp-content\/uploads\/2023\/11\/confindustria-donazione-mezzo-all-Ass-Misericordia-Longarone_edited.jpg 1000w, https:\/\/www.bellunopress.it\/wp-content\/uploads\/2023\/11\/confindustria-donazione-mezzo-all-Ass-Misericordia-Longarone_edited-500x349.jpg 500w, https:\/\/www.bellunopress.it\/wp-content\/uploads\/2023\/11\/confindustria-donazione-mezzo-all-Ass-Misericordia-Longarone_edited-696x485.jpg 696w\" sizes=\"auto, (max-width: 1000px) 100vw, 1000px\" \/>Belluno, 30 novembre 2023 &#8211; Dal cuore delle imprese a quello del volontariato: \u00e8 stato presentato oggi \u2013 nel cortile di villa Doglioni Dalmas \u2013 il nuovo pullmino per il trasporto solidale che Confindustria Belluno Dolomiti ha donato alla Misericordia di Longarone, associazione che da oltre cinquant&#8217;anni assiste le fasce pi\u00f9 deboli della popolazione.<\/p>\n<p>La consegna del mezzo \u00e8 avvenuta alla presenza di Lorraine Berton, presidente di Confindustria Belluno Dolomiti e di Giuseppe Da Ronch, governatore della storica associazione longaronese, guidata fino a giugno scorso dal compianto Claudio Sacchet, un vero simbolo del volontariato bellunese.<\/p>\n<p>Il nuovo mezzo attrezzato per il trasporto di soggetti con problemi di mobilit\u00e0 \u00e8 stato acquistato con una parte della raccolta fondi avviata da Confindustria Belluno Dolomiti nei mesi duri della pandemia e che tra il 2020 e il 2021 aveva permesso la donazione di alcune postazioni di terapia intensiva, di mezzi a supporto dell&#8217;Ulss 1 e di defibrillatori per gli ospedali del Bellunese.<\/p>\n<p>&#8220;Un territorio pu\u00f2 continuare a crescere solo se c&#8217;\u00e8 un vero dialogo tra le sue forze vive, quella di oggi \u00e8 una giornata importante: \u00e8 il nostro modo di dire grazie \u2013 con i fatti e non con le parole \u2013 a chi ogni giorno si occupa delle persone pi\u00f9 fragili, garantendo loro servizi indispensabili e anche sorrisi e calore umano&#8221;.<br \/>\n&#8220;Mondo dell&#8217;economia e terzo settore sono alleati e navigano nella stessa direzione, quella verso un territorio sempre pi\u00f9 inclusivo, che non lascia indietro nessuno&#8221;, rimarca Berton.<br \/>\nLa Fraternita di Misericordia opera a Longarone dal 1972 e da allora eroga servizi alle fasce pi\u00f9 deboli della popolazione, collaborando con la casa di riposo e il mondo dell&#8217;assistenza sociale.<br \/>\nIl nuovo mezzo servir\u00e0 a rispondere alle tante richieste provenienti dal territorio.<\/p>","protected":false},"excerpt":{"rendered":"<p>Belluno, 30 novembre 2023 &#8211; Dal cuore delle imprese a quello del volontariato: \u00e8 stato presentato oggi \u2013 nel cortile di villa Doglioni Dalmas \u2013 il nuovo pullmino per il trasporto solidale che Confindustria Belluno Dolomiti ha donato alla Misericordia di Longarone, associazione che da oltre cinquant&#8217;anni assiste le fasce pi\u00f9 deboli della popolazione. La [&hellip;]<\/p>\n","protected":false},"author":2,"featured_media":146329,"comment_status":"closed","ping_status":"open","sticky":false,"template":"","format":"standard","meta":{"footnotes":""},"categories":[8],"tags":[],"class_list":["post-146328","post","type-post","status-publish","format-standard","has-post-thumbnail","category-societa-istituzioni"],"yoast_head":"<!-- This site is optimized with the Yoast SEO plugin v28.4 - https:\/\/yoast.com\/product\/yoast-seo-wordpress\/ -->\n<title>Confindustria dona un nuovo mezzo all&#039;Associazione Misericordia di Longarone - Bellunopress - Dolomiti<\/title>\n<meta name=\"robots\" content=\"index, follow, max-snippet:-1, max-image-preview:large, max-video-preview:-1\" \/>\n<link rel=\"canonical\" href=\"https:\/\/www.bellunopress.it\/fr\/2023\/11\/30\/confindustria-dona-un-nuovo-mezzo-allassociazione-misericordia-di-longarone\/\" \/>\n<meta property=\"og:locale\" content=\"fr_FR\" \/>\n<meta property=\"og:type\" content=\"article\" \/>\n<meta property=\"og:title\" content=\"Confindustria dona un nuovo mezzo all&#039;Associazione Misericordia di Longarone - Bellunopress - Dolomiti\" \/>\n<meta property=\"og:description\" content=\"Belluno, 30 novembre 2023 &#8211; Dal cuore delle imprese a quello del volontariato: \u00e8 stato presentato oggi \u2013 nel cortile di villa Doglioni Dalmas \u2013 il nuovo pullmino per il trasporto solidale che Confindustria Belluno Dolomiti ha donato alla Misericordia di Longarone, associazione che da oltre cinquant&#8217;anni assiste le fasce pi\u00f9 deboli della popolazione. La [&hellip;]\" \/>\n<meta property=\"og:url\" content=\"https:\/\/www.bellunopress.it\/fr\/2023\/11\/30\/confindustria-dona-un-nuovo-mezzo-allassociazione-misericordia-di-longarone\/\" \/>\n<meta property=\"og:site_name\" content=\"Bellunopress - Dolomiti\" \/>\n<meta property=\"article:publisher\" content=\"https:\/\/www.facebook.com\/profile.php?id=100008943462799\" \/>\n<meta property=\"article:published_time\" content=\"2023-11-30T15:18:57+00:00\" \/>\n<meta property=\"og:image\" content=\"https:\/\/www.bellunopress.it\/wp-content\/uploads\/2023\/11\/confindustria-donazione-mezzo-all-Ass-Misericordia-Longarone_edited.jpg\" \/>\n\t<meta property=\"og:image:width\" content=\"1000\" \/>\n\t<meta property=\"og:image:height\" content=\"697\" \/>\n\t<meta property=\"og:image:type\" content=\"image\/jpeg\" \/>\n<meta name=\"author\" content=\"redazione\" \/>\n<meta name=\"twitter:card\" content=\"summary_large_image\" \/>\n<meta name=\"twitter:creator\" content=\"@bellunopress\" \/>\n<meta name=\"twitter:site\" content=\"@bellunopress\" \/>\n<meta name=\"twitter:label1\" content=\"Written by\" \/>\n\t<meta name=\"twitter:data1\" content=\"redazione\" \/>\n\t<meta name=\"twitter:label2\" content=\"Est. reading time\" \/>\n\t<meta name=\"twitter:data2\" content=\"1 minute\" \/>\n<script type=\"application\/ld+json\" class=\"yoast-schema-graph\">{\"@context\":\"https:\\\/\\\/schema.org\",\"@graph\":[{\"@type\":\"Article\",\"@id\":\"https:\\\/\\\/www.bellunopress.it\\\/2023\\\/11\\\/30\\\/confindustria-dona-un-nuovo-mezzo-allassociazione-misericordia-di-longarone\\\/#article\",\"isPartOf\":{\"@id\":\"https:\\\/\\\/www.bellunopress.it\\\/2023\\\/11\\\/30\\\/confindustria-dona-un-nuovo-mezzo-allassociazione-misericordia-di-longarone\\\/\"},\"author\":{\"name\":\"redazione\",\"@id\":\"https:\\\/\\\/www.bellunopress.it\\\/#\\\/schema\\\/person\\\/79bb06722b37ece1c03d3e94beb30d73\"},\"headline\":\"Confindustria dona un nuovo mezzo all&#8217;Associazione Misericordia di Longarone\",\"datePublished\":\"2023-11-30T15:18:57+00:00\",\"mainEntityOfPage\":{\"@id\":\"https:\\\/\\\/www.bellunopress.it\\\/2023\\\/11\\\/30\\\/confindustria-dona-un-nuovo-mezzo-allassociazione-misericordia-di-longarone\\\/\"},\"wordCount\":288,\"publisher\":{\"@id\":\"https:\\\/\\\/www.bellunopress.it\\\/#organization\"},\"image\":{\"@id\":\"https:\\\/\\\/www.bellunopress.it\\\/2023\\\/11\\\/30\\\/confindustria-dona-un-nuovo-mezzo-allassociazione-misericordia-di-longarone\\\/#primaryimage\"},\"thumbnailUrl\":\"https:\\\/\\\/www.bellunopress.it\\\/wp-content\\\/uploads\\\/2023\\\/11\\\/confindustria-donazione-mezzo-all-Ass-Misericordia-Longarone_edited.jpg\",\"articleSection\":[\"Societ\u00e0, Associazioni, Istituzioni\"],\"inLanguage\":\"fr-FR\"},{\"@type\":\"WebPage\",\"@id\":\"https:\\\/\\\/www.bellunopress.it\\\/2023\\\/11\\\/30\\\/confindustria-dona-un-nuovo-mezzo-allassociazione-misericordia-di-longarone\\\/\",\"url\":\"https:\\\/\\\/www.bellunopress.it\\\/2023\\\/11\\\/30\\\/confindustria-dona-un-nuovo-mezzo-allassociazione-misericordia-di-longarone\\\/\",\"name\":\"Confindustria dona un nuovo mezzo all'Associazione Misericordia di Longarone - Bellunopress - Dolomiti\",\"isPartOf\":{\"@id\":\"https:\\\/\\\/www.bellunopress.it\\\/#website\"},\"primaryImageOfPage\":{\"@id\":\"https:\\\/\\\/www.bellunopress.it\\\/2023\\\/11\\\/30\\\/confindustria-dona-un-nuovo-mezzo-allassociazione-misericordia-di-longarone\\\/#primaryimage\"},\"image\":{\"@id\":\"https:\\\/\\\/www.bellunopress.it\\\/2023\\\/11\\\/30\\\/confindustria-dona-un-nuovo-mezzo-allassociazione-misericordia-di-longarone\\\/#primaryimage\"},\"thumbnailUrl\":\"https:\\\/\\\/www.bellunopress.it\\\/wp-content\\\/uploads\\\/2023\\\/11\\\/confindustria-donazione-mezzo-all-Ass-Misericordia-Longarone_edited.jpg\",\"datePublished\":\"2023-11-30T15:18:57+00:00\",\"breadcrumb\":{\"@id\":\"https:\\\/\\\/www.bellunopress.it\\\/2023\\\/11\\\/30\\\/confindustria-dona-un-nuovo-mezzo-allassociazione-misericordia-di-longarone\\\/#breadcrumb\"},\"inLanguage\":\"fr-FR\",\"potentialAction\":[{\"@type\":\"ReadAction\",\"target\":[\"https:\\\/\\\/www.bellunopress.it\\\/2023\\\/11\\\/30\\\/confindustria-dona-un-nuovo-mezzo-allassociazione-misericordia-di-longarone\\\/\"]}]},{\"@type\":\"ImageObject\",\"inLanguage\":\"fr-FR\",\"@id\":\"https:\\\/\\\/www.bellunopress.it\\\/2023\\\/11\\\/30\\\/confindustria-dona-un-nuovo-mezzo-allassociazione-misericordia-di-longarone\\\/#primaryimage\",\"url\":\"https:\\\/\\\/www.bellunopress.it\\\/wp-content\\\/uploads\\\/2023\\\/11\\\/confindustria-donazione-mezzo-all-Ass-Misericordia-Longarone_edited.jpg\",\"contentUrl\":\"https:\\\/\\\/www.bellunopress.it\\\/wp-content\\\/uploads\\\/2023\\\/11\\\/confindustria-donazione-mezzo-all-Ass-Misericordia-Longarone_edited.jpg\",\"width\":1000,\"height\":697},{\"@type\":\"BreadcrumbList\",\"@id\":\"https:\\\/\\\/www.bellunopress.it\\\/2023\\\/11\\\/30\\\/confindustria-dona-un-nuovo-mezzo-allassociazione-misericordia-di-longarone\\\/#breadcrumb\",\"itemListElement\":[{\"@type\":\"ListItem\",\"position\":1,\"name\":\"Home\",\"item\":\"https:\\\/\\\/www.bellunopress.it\\\/\"},{\"@type\":\"ListItem\",\"position\":2,\"name\":\"Confindustria dona un nuovo mezzo all&#8217;Associazione Misericordia di Longarone\"}]},{\"@type\":\"WebSite\",\"@id\":\"https:\\\/\\\/www.bellunopress.it\\\/#website\",\"url\":\"https:\\\/\\\/www.bellunopress.it\\\/\",\"name\":\"Bellunopress - Dolomiti\",\"description\":\"e-mail: redazione@bellunopress.it\",\"publisher\":{\"@id\":\"https:\\\/\\\/www.bellunopress.it\\\/#organization\"},\"potentialAction\":[{\"@type\":\"SearchAction\",\"target\":{\"@type\":\"EntryPoint\",\"urlTemplate\":\"https:\\\/\\\/www.bellunopress.it\\\/?s={search_term_string}\"},\"query-input\":{\"@type\":\"PropertyValueSpecification\",\"valueRequired\":true,\"valueName\":\"search_term_string\"}}],\"inLanguage\":\"fr-FR\"},{\"@type\":\"Organization\",\"@id\":\"https:\\\/\\\/www.bellunopress.it\\\/#organization\",\"name\":\"Bellunopress\",\"url\":\"https:\\\/\\\/www.bellunopress.it\\\/\",\"logo\":{\"@type\":\"ImageObject\",\"inLanguage\":\"fr-FR\",\"@id\":\"https:\\\/\\\/www.bellunopress.it\\\/#\\\/schema\\\/logo\\\/image\\\/\",\"url\":\"https:\\\/\\\/www.bellunopress.it\\\/wp-content\\\/uploads\\\/2011\\\/05\\\/cropped-logo-bellunopress-.jpg\",\"contentUrl\":\"https:\\\/\\\/www.bellunopress.it\\\/wp-content\\\/uploads\\\/2011\\\/05\\\/cropped-logo-bellunopress-.jpg\",\"width\":512,\"height\":512,\"caption\":\"Bellunopress\"},\"image\":{\"@id\":\"https:\\\/\\\/www.bellunopress.it\\\/#\\\/schema\\\/logo\\\/image\\\/\"},\"sameAs\":[\"https:\\\/\\\/www.facebook.com\\\/profile.php?id=100008943462799\",\"https:\\\/\\\/x.com\\\/bellunopress\",\"https:\\\/\\\/www.linkedin.com\\\/hp\\\/?dnr=JBzUWaJfMUw8vbXJJ2tVW5-I3jZKvC4wsoxE&amp;amp;amp;amp;amp;amp;trk=nav_responsive_tab_home\",\"https:\\\/\\\/www.youtube.com\\\/channel\\\/UCxL0wu1uN0_3_7hGG0306cw\"]},{\"@type\":\"Person\",\"@id\":\"https:\\\/\\\/www.bellunopress.it\\\/#\\\/schema\\\/person\\\/79bb06722b37ece1c03d3e94beb30d73\",\"name\":\"redazione\",\"image\":{\"@type\":\"ImageObject\",\"inLanguage\":\"fr-FR\",\"@id\":\"https:\\\/\\\/secure.gravatar.com\\\/avatar\\\/37d968a2e67a6fd04c169c4bdef102d0bc5d31b2546345219e348575eb80e9a0?s=96&d=mm&r=g\",\"url\":\"https:\\\/\\\/secure.gravatar.com\\\/avatar\\\/37d968a2e67a6fd04c169c4bdef102d0bc5d31b2546345219e348575eb80e9a0?s=96&d=mm&r=g\",\"contentUrl\":\"https:\\\/\\\/secure.gravatar.com\\\/avatar\\\/37d968a2e67a6fd04c169c4bdef102d0bc5d31b2546345219e348575eb80e9a0?s=96&d=mm&r=g\",\"caption\":\"redazione\"},\"sameAs\":[\"http:\\\/\\\/www.bellunopress.it\",\"https:\\\/\\\/x.com\\\/bellunopress\"],\"url\":\"https:\\\/\\\/www.bellunopress.it\\\/fr\\\/author\\\/redazione\\\/\"}]}<\/script>\n<!-- \/ Yoast SEO plugin. -->","yoast_head_json":{"title":"Confindustria dona un nuovo mezzo all'Associazione Misericordia di Longarone - Bellunopress - Dolomiti","robots":{"index":"index","follow":"follow","max-snippet":"max-snippet:-1","max-image-preview":"max-image-preview:large","max-video-preview":"max-video-preview:-1"},"canonical":"https:\/\/www.bellunopress.it\/fr\/2023\/11\/30\/confindustria-dona-un-nuovo-mezzo-allassociazione-misericordia-di-longarone\/","og_locale":"fr_FR","og_type":"article","og_title":"Confindustria dona un nuovo mezzo all'Associazione Misericordia di Longarone - Bellunopress - Dolomiti","og_description":"Belluno, 30 novembre 2023 &#8211; Dal cuore delle imprese a quello del volontariato: \u00e8 stato presentato oggi \u2013 nel cortile di villa Doglioni Dalmas \u2013 il nuovo pullmino per il trasporto solidale che Confindustria Belluno Dolomiti ha donato alla Misericordia di Longarone, associazione che da oltre cinquant&#8217;anni assiste le fasce pi\u00f9 deboli della popolazione. La [&hellip;]","og_url":"https:\/\/www.bellunopress.it\/fr\/2023\/11\/30\/confindustria-dona-un-nuovo-mezzo-allassociazione-misericordia-di-longarone\/","og_site_name":"Bellunopress - Dolomiti","article_publisher":"https:\/\/www.facebook.com\/profile.php?id=100008943462799","article_published_time":"2023-11-30T15:18:57+00:00","og_image":[{"width":1000,"height":697,"url":"https:\/\/www.bellunopress.it\/wp-content\/uploads\/2023\/11\/confindustria-donazione-mezzo-all-Ass-Misericordia-Longarone_edited.jpg","type":"image\/jpeg"}],"author":"redazione","twitter_card":"summary_large_image","twitter_creator":"@bellunopress","twitter_site":"@bellunopress","twitter_misc":{"Written by":"redazione","Est. reading time":"1 minute"},"schema":{"@context":"https:\/\/schema.org","@graph":[{"@type":"Article","@id":"https:\/\/www.bellunopress.it\/2023\/11\/30\/confindustria-dona-un-nuovo-mezzo-allassociazione-misericordia-di-longarone\/#article","isPartOf":{"@id":"https:\/\/www.bellunopress.it\/2023\/11\/30\/confindustria-dona-un-nuovo-mezzo-allassociazione-misericordia-di-longarone\/"},"author":{"name":"redazione","@id":"https:\/\/www.bellunopress.it\/#\/schema\/person\/79bb06722b37ece1c03d3e94beb30d73"},"headline":"Confindustria dona un nuovo mezzo all&#8217;Associazione Misericordia di Longarone","datePublished":"2023-11-30T15:18:57+00:00","mainEntityOfPage":{"@id":"https:\/\/www.bellunopress.it\/2023\/11\/30\/confindustria-dona-un-nuovo-mezzo-allassociazione-misericordia-di-longarone\/"},"wordCount":288,"publisher":{"@id":"https:\/\/www.bellunopress.it\/#organization"},"image":{"@id":"https:\/\/www.bellunopress.it\/2023\/11\/30\/confindustria-dona-un-nuovo-mezzo-allassociazione-misericordia-di-longarone\/#primaryimage"},"thumbnailUrl":"https:\/\/www.bellunopress.it\/wp-content\/uploads\/2023\/11\/confindustria-donazione-mezzo-all-Ass-Misericordia-Longarone_edited.jpg","articleSection":["Societ\u00e0, Associazioni, Istituzioni"],"inLanguage":"fr-FR"},{"@type":"WebPage","@id":"https:\/\/www.bellunopress.it\/2023\/11\/30\/confindustria-dona-un-nuovo-mezzo-allassociazione-misericordia-di-longarone\/","url":"https:\/\/www.bellunopress.it\/2023\/11\/30\/confindustria-dona-un-nuovo-mezzo-allassociazione-misericordia-di-longarone\/","name":"Confindustria dona un nuovo mezzo all'Associazione Misericordia di Longarone - Bellunopress - Dolomiti","isPartOf":{"@id":"https:\/\/www.bellunopress.it\/#website"},"primaryImageOfPage":{"@id":"https:\/\/www.bellunopress.it\/2023\/11\/30\/confindustria-dona-un-nuovo-mezzo-allassociazione-misericordia-di-longarone\/#primaryimage"},"image":{"@id":"https:\/\/www.bellunopress.it\/2023\/11\/30\/confindustria-dona-un-nuovo-mezzo-allassociazione-misericordia-di-longarone\/#primaryimage"},"thumbnailUrl":"https:\/\/www.bellunopress.it\/wp-content\/uploads\/2023\/11\/confindustria-donazione-mezzo-all-Ass-Misericordia-Longarone_edited.jpg","datePublished":"2023-11-30T15:18:57+00:00","breadcrumb":{"@id":"https:\/\/www.bellunopress.it\/2023\/11\/30\/confindustria-dona-un-nuovo-mezzo-allassociazione-misericordia-di-longarone\/#breadcrumb"},"inLanguage":"fr-FR","potentialAction":[{"@type":"ReadAction","target":["https:\/\/www.bellunopress.it\/2023\/11\/30\/confindustria-dona-un-nuovo-mezzo-allassociazione-misericordia-di-longarone\/"]}]},{"@type":"ImageObject","inLanguage":"fr-FR","@id":"https:\/\/www.bellunopress.it\/2023\/11\/30\/confindustria-dona-un-nuovo-mezzo-allassociazione-misericordia-di-longarone\/#primaryimage","url":"https:\/\/www.bellunopress.it\/wp-content\/uploads\/2023\/11\/confindustria-donazione-mezzo-all-Ass-Misericordia-Longarone_edited.jpg","contentUrl":"https:\/\/www.bellunopress.it\/wp-content\/uploads\/2023\/11\/confindustria-donazione-mezzo-all-Ass-Misericordia-Longarone_edited.jpg","width":1000,"height":697},{"@type":"BreadcrumbList","@id":"https:\/\/www.bellunopress.it\/2023\/11\/30\/confindustria-dona-un-nuovo-mezzo-allassociazione-misericordia-di-longarone\/#breadcrumb","itemListElement":[{"@type":"ListItem","position":1,"name":"Home","item":"https:\/\/www.bellunopress.it\/"},{"@type":"ListItem","position":2,"name":"Confindustria dona un nuovo mezzo all&#8217;Associazione Misericordia di Longarone"}]},{"@type":"WebSite","@id":"https:\/\/www.bellunopress.it\/#website","url":"https:\/\/www.bellunopress.it\/","name":"Bellunopress - Dolomiti","description":"e-mail: redazione@bellunopress.it","publisher":{"@id":"https:\/\/www.bellunopress.it\/#organization"},"potentialAction":[{"@type":"SearchAction","target":{"@type":"EntryPoint","urlTemplate":"https:\/\/www.bellunopress.it\/?s={search_term_string}"},"query-input":{"@type":"PropertyValueSpecification","valueRequired":true,"valueName":"search_term_string"}}],"inLanguage":"fr-FR"},{"@type":"Organization","@id":"https:\/\/www.bellunopress.it\/#organization","name":"Bellunopress","url":"https:\/\/www.bellunopress.it\/","logo":{"@type":"ImageObject","inLanguage":"fr-FR","@id":"https:\/\/www.bellunopress.it\/#\/schema\/logo\/image\/","url":"https:\/\/www.bellunopress.it\/wp-content\/uploads\/2011\/05\/cropped-logo-bellunopress-.jpg","contentUrl":"https:\/\/www.bellunopress.it\/wp-content\/uploads\/2011\/05\/cropped-logo-bellunopress-.jpg","width":512,"height":512,"caption":"Bellunopress"},"image":{"@id":"https:\/\/www.bellunopress.it\/#\/schema\/logo\/image\/"},"sameAs":["https:\/\/www.facebook.com\/profile.php?id=100008943462799","https:\/\/x.com\/bellunopress","https:\/\/www.linkedin.com\/hp\/?dnr=JBzUWaJfMUw8vbXJJ2tVW5-I3jZKvC4wsoxE&amp;amp;amp;amp;amp;amp;trk=nav_responsive_tab_home","https:\/\/www.youtube.com\/channel\/UCxL0wu1uN0_3_7hGG0306cw"]},{"@type":"Person","@id":"https:\/\/www.bellunopress.it\/#\/schema\/person\/79bb06722b37ece1c03d3e94beb30d73","name":"r\u00e9daction","image":{"@type":"ImageObject","inLanguage":"fr-FR","@id":"https:\/\/secure.gravatar.com\/avatar\/37d968a2e67a6fd04c169c4bdef102d0bc5d31b2546345219e348575eb80e9a0?s=96&d=mm&r=g","url":"https:\/\/secure.gravatar.com\/avatar\/37d968a2e67a6fd04c169c4bdef102d0bc5d31b2546345219e348575eb80e9a0?s=96&d=mm&r=g","contentUrl":"https:\/\/secure.gravatar.com\/avatar\/37d968a2e67a6fd04c169c4bdef102d0bc5d31b2546345219e348575eb80e9a0?s=96&d=mm&r=g","caption":"redazione"},"sameAs":["http:\/\/www.bellunopress.it","https:\/\/x.com\/bellunopress"],"url":"https:\/\/www.bellunopress.it\/fr\/author\/redazione\/"}]}},"_links":{"self":[{"href":"https:\/\/www.bellunopress.it\/fr\/wp-json\/wp\/v2\/posts\/146328","targetHints":{"allow":["GET"]}}],"collection":[{"href":"https:\/\/www.bellunopress.it\/fr\/wp-json\/wp\/v2\/posts"}],"about":[{"href":"https:\/\/www.bellunopress.it\/fr\/wp-json\/wp\/v2\/types\/post"}],"author":[{"embeddable":true,"href":"https:\/\/www.bellunopress.it\/fr\/wp-json\/wp\/v2\/users\/2"}],"replies":[{"embeddable":true,"href":"https:\/\/www.bellunopress.it\/fr\/wp-json\/wp\/v2\/comments?post=146328"}],"version-history":[{"count":1,"href":"https:\/\/www.bellunopress.it\/fr\/wp-json\/wp\/v2\/posts\/146328\/revisions"}],"predecessor-version":[{"id":146330,"href":"https:\/\/www.bellunopress.it\/fr\/wp-json\/wp\/v2\/posts\/146328\/revisions\/146330"}],"wp:featuredmedia":[{"embeddable":true,"href":"https:\/\/www.bellunopress.it\/fr\/wp-json\/wp\/v2\/media\/146329"}],"wp:attachment":[{"href":"https:\/\/www.bellunopress.it\/fr\/wp-json\/wp\/v2\/media?parent=146328"}],"wp:term":[{"taxonomy":"category","embeddable":true,"href":"https:\/\/www.bellunopress.it\/fr\/wp-json\/wp\/v2\/categories?post=146328"},{"taxonomy":"post_tag","embeddable":true,"href":"https:\/\/www.bellunopress.it\/fr\/wp-json\/wp\/v2\/tags?post=146328"}],"curies":[{"name":"wp","href":"https:\/\/api.w.org\/{rel}","templated":true}]}}