{"id":146326,"date":"2023-11-30T16:10:59","date_gmt":"2023-11-30T15:10:59","guid":{"rendered":"https:\/\/www.bellunopress.it\/?p=146326"},"modified":"2023-11-30T16:10:59","modified_gmt":"2023-11-30T15:10:59","slug":"luxottica-firmato-il-contratto-integrativo-aziendale","status":"publish","type":"post","link":"https:\/\/www.bellunopress.it\/fr\/2023\/11\/30\/luxottica-firmato-il-contratto-integrativo-aziendale\/","title":{"rendered":"Luxottica: firmato il contratto integrativo aziendale"},"content":{"rendered":"<p><em><strong><img loading=\"lazy\" decoding=\"async\" class=\"alignleft size-full wp-image-113555\" src=\"https:\/\/www.bellunopress.it\/wp-content\/uploads\/2020\/04\/Luxottica-2.jpg\" alt=\"\" width=\"778\" height=\"390\" srcset=\"https:\/\/www.bellunopress.it\/wp-content\/uploads\/2020\/04\/Luxottica-2.jpg 778w, https:\/\/www.bellunopress.it\/wp-content\/uploads\/2020\/04\/Luxottica-2-500x251.jpg 500w, https:\/\/www.bellunopress.it\/wp-content\/uploads\/2020\/04\/Luxottica-2-696x349.jpg 696w\" sizes=\"auto, (max-width: 778px) 100vw, 778px\" \/>Conciliazione vita-lavoro: 20 settimane a 4 giorni, aumentati i permessi, stabilizzati 1.550 lavoratori somministrati<\/strong><\/em><\/p>\n<p>In un contesto di grandi cambiamenti dei mercati, delle filiere produttive e delle tecnologie, \u00e8 stato siglato oggi ad Agordo dai sindacati di categoria Filctem Cgil, Femca Cisl e Uiltec Uil e dalle Rsu il nuovo contratto integrativo aziendale di Luxottica, che riguarda tutti i lavoratori degli stabilimenti di Agordo, Sedico, Cencenighe Agordino, Lauriano, Pederobba e Rovereto.<\/p>\n<p>Temi portanti dell&#8217;accordo, la conciliazione tra tempi di vita e di lavoro e il benessere lavorativo, con al centro la sperimentazione del nuovo modello di orario che introduce 20 settimane lavorative a 4 giorni e 30 a 5 giorni. Nella settimana corta si lavorer\u00e0 dal luned\u00ec al gioved\u00ec, rimanendo a casa il venerd\u00ec, a parit\u00e0 di salario. La sperimentazione sar\u00e0 avviata inizialmente su base volontaria in alcuni reparti di ogni stabilimento Luxottica e costantemente monitorata. 5 dei 20 venerd\u00ec liberi saranno scalati dai permessi retribuiti, mentre gli altri 15 saranno in carico all&#8217;azienda. Attenzione ai giovani e stop al lavoro precario: come nel 2019, il nuovo accordo prevede la stabilizzazione a tempo indeterminato di 1.550 lavoratori in somministrazione e rilancia la staffetta generazionale. Ai lavoratori in uscita verr\u00e0 concesso il part time per tre anni con contributi pieni. La novit\u00e0 sta nel fatto che i giovani che prenderanno il posto dei pensionandi non saranno pi\u00f9 assunti a tempo parziale, ma da subito a tempo pieno.<\/p>\n<p>Sempre in tema di conciliazione, l&#8217;accordo prevede l&#8217;estensione dei permessi aggiuntivi per l&#8217;inserimento dei bambini a scuola: se il precedente integrativo prevedeva 5 giorni in pi\u00f9 rispetto a quanto previsto dalla legge, solo per l&#8217;inserimento al nido, il nuovo accordo li prevede anche per l&#8217;inserimento alla scuola materna. Allo stesso tempo, il permesso per paternit\u00e0 sar\u00e0 svincolato dallo smaltimento dei permessi individuali. Facilitata in generale la procedura di gestione dei permessi individuali, con il preavviso per le richieste urgenti ridotto da 48 a 24 ore e la previsione di risposta a tutte le altre richieste da parte aziendale in una settimana.<\/p>\n<p>Il nuovo accordo pone poi le basi per la costituzione del fondo sociale welfare per la conciliazione, un fondo ad hoc per il finanziamento di nuove misure di welfare a sostegno della conciliazione: un milione di euro per dare a lavoratori e lavoratrici risposte nuove e diverse per armonizzare la vita lavorativa con quella privata.<br \/>\nL&#8217;accordo sostiene poi il diritto allo studio dei lavoratori-studenti, estendendo il diritto dei tre giorni di permesso non solo per esami universitari ma anche per master, Its, istituti ottici e secondari digitali tecnologici e prevedendo ulteriori 24 ore su base annuale per favorire la gestione dello studente.<\/p>\n<p>Aumentata anche la percentuale giornaliera (20% netto) del numero di lavoratori e lavoratrici che possono essere assenti dal posto di lavoro, escludendo da tale percentuale le assenze per maternit\u00e0 e quelle legate alla legge 104 superiori a tre mesi.<br \/>\nEstesa la banca ore solidale, che passa da 80 a 120 ore su base annua per assistenza grave per familiari e per se stessi. L&#8217;accordo prevede anche la costituzione di una commissione ad hoc con RSU-Azienda per facilitare, a chi ne facesse richiesta, i trasferimenti fra gli stabilimenti di Agordo, Sedico e Pederobba.<\/p>\n<p>Dal punto di vista economico, va sottolineato l&#8217;aumento del valore complessivo del premio di risultato (la cui soglia minima \u00e8 stata elevata da 800 a 1000 euro), la riduzione della penalizzazione per assenze per malattia e il riconoscimento del premio al 100% anche per i lavoratori somministrati.<\/p>\n<p><img loading=\"lazy\" decoding=\"async\" class=\"alignleft size-full wp-image-137445\" src=\"https:\/\/www.bellunopress.it\/wp-content\/uploads\/2022\/11\/Milena-Cesca-cisl_edited.jpg\" alt=\"\" width=\"1000\" height=\"773\" srcset=\"https:\/\/www.bellunopress.it\/wp-content\/uploads\/2022\/11\/Milena-Cesca-cisl_edited.jpg 1000w, https:\/\/www.bellunopress.it\/wp-content\/uploads\/2022\/11\/Milena-Cesca-cisl_edited-500x387.jpg 500w, https:\/\/www.bellunopress.it\/wp-content\/uploads\/2022\/11\/Milena-Cesca-cisl_edited-696x538.jpg 696w, https:\/\/www.bellunopress.it\/wp-content\/uploads\/2022\/11\/Milena-Cesca-cisl_edited-543x420.jpg 543w\" sizes=\"auto, (max-width: 1000px) 100vw, 1000px\" \/>&#8220;Partendo dall&#8217;integrativo del 2019, che gi\u00e0 rappresentava uno dei migliori accordi siglati a livello nazionale &#8211; commenta Milena Cesca della Femca Cisl Belluno Treviso &#8211; la grande sfida quest&#8217;anno \u00e8 stata quella di introdurre un orario di lavoro che sperimenta la settimana corta per liberare tempo: i lavoratori e le lavoratrici oggi alle aziende chiedono soprattutto tempo di vita e la vera sfida \u00e8 di dimostrare che si pu\u00f2 essere efficienti e produttivi lavorando meno ore. Il mondo del lavoro sta attraversando una fase di profonda trasformazione: i giovani sono molto pi\u00f9 dinamici, non sono pi\u00f9 attaccati al posto fisso come un tempo, cambiano lavoro pi\u00f9 spesso e vanno dove c&#8217;\u00e8 pi\u00f9 welfare e pi\u00f9 flessibilit\u00e0. Le aziende del territorio bellunese, per rimanere attrattive e fungere da baluardo contro lo spopolamento devono necessariamente affrontare le nuove sfide legate alla riorganizzazione del lavoro e mettere in campo sempre pi\u00f9 azioni volte a migliorare le condizioni di lavoro e il benessere dei propri dipendenti&#8221;.<\/p>\n<p>&nbsp;<\/p>","protected":false},"excerpt":{"rendered":"<p>Conciliazione vita-lavoro: 20 settimane a 4 giorni, aumentati i permessi, stabilizzati 1.550 lavoratori somministrati In un contesto di grandi cambiamenti dei mercati, delle filiere produttive e delle tecnologie, \u00e8 stato siglato oggi ad Agordo dai sindacati di categoria Filctem Cgil, Femca Cisl e Uiltec Uil e dalle Rsu il nuovo contratto integrativo aziendale di Luxottica, [&hellip;]<\/p>\n","protected":false},"author":2,"featured_media":113555,"comment_status":"closed","ping_status":"open","sticky":false,"template":"","format":"standard","meta":{"footnotes":""},"categories":[36,26],"tags":[],"class_list":["post-146326","post","type-post","status-publish","format-standard","has-post-thumbnail","category-lavoro-economia","category-prima-pagina"],"yoast_head":"<!-- This site is optimized with the Yoast SEO plugin v28.4 - https:\/\/yoast.com\/product\/yoast-seo-wordpress\/ -->\n<title>Luxottica: firmato il contratto integrativo aziendale - Bellunopress - Dolomiti<\/title>\n<meta name=\"robots\" content=\"index, follow, max-snippet:-1, max-image-preview:large, max-video-preview:-1\" \/>\n<link rel=\"canonical\" href=\"https:\/\/www.bellunopress.it\/fr\/2023\/11\/30\/luxottica-firmato-il-contratto-integrativo-aziendale\/\" \/>\n<meta property=\"og:locale\" content=\"fr_FR\" \/>\n<meta property=\"og:type\" content=\"article\" \/>\n<meta property=\"og:title\" content=\"Luxottica: firmato il contratto integrativo aziendale - Bellunopress - Dolomiti\" \/>\n<meta property=\"og:description\" content=\"Conciliazione vita-lavoro: 20 settimane a 4 giorni, aumentati i permessi, stabilizzati 1.550 lavoratori somministrati In un contesto di grandi cambiamenti dei mercati, delle filiere produttive e delle tecnologie, \u00e8 stato siglato oggi ad Agordo dai sindacati di categoria Filctem Cgil, Femca Cisl e Uiltec Uil e dalle Rsu il nuovo contratto integrativo aziendale di Luxottica, [&hellip;]\" \/>\n<meta property=\"og:url\" content=\"https:\/\/www.bellunopress.it\/fr\/2023\/11\/30\/luxottica-firmato-il-contratto-integrativo-aziendale\/\" \/>\n<meta property=\"og:site_name\" content=\"Bellunopress - Dolomiti\" \/>\n<meta property=\"article:publisher\" content=\"https:\/\/www.facebook.com\/profile.php?id=100008943462799\" \/>\n<meta property=\"article:published_time\" content=\"2023-11-30T15:10:59+00:00\" \/>\n<meta property=\"og:image\" content=\"https:\/\/www.bellunopress.it\/wp-content\/uploads\/2020\/04\/Luxottica-2.jpg\" \/>\n\t<meta property=\"og:image:width\" content=\"778\" \/>\n\t<meta property=\"og:image:height\" content=\"390\" \/>\n\t<meta property=\"og:image:type\" content=\"image\/jpeg\" \/>\n<meta name=\"author\" content=\"redazione\" \/>\n<meta name=\"twitter:card\" content=\"summary_large_image\" \/>\n<meta name=\"twitter:creator\" content=\"@bellunopress\" \/>\n<meta name=\"twitter:site\" content=\"@bellunopress\" \/>\n<meta name=\"twitter:label1\" content=\"Written by\" \/>\n\t<meta name=\"twitter:data1\" content=\"redazione\" \/>\n\t<meta name=\"twitter:label2\" content=\"Est. reading time\" \/>\n\t<meta name=\"twitter:data2\" content=\"4 minutes\" \/>\n<script type=\"application\/ld+json\" class=\"yoast-schema-graph\">{\"@context\":\"https:\\\/\\\/schema.org\",\"@graph\":[{\"@type\":\"Article\",\"@id\":\"https:\\\/\\\/www.bellunopress.it\\\/2023\\\/11\\\/30\\\/luxottica-firmato-il-contratto-integrativo-aziendale\\\/#article\",\"isPartOf\":{\"@id\":\"https:\\\/\\\/www.bellunopress.it\\\/2023\\\/11\\\/30\\\/luxottica-firmato-il-contratto-integrativo-aziendale\\\/\"},\"author\":{\"name\":\"redazione\",\"@id\":\"https:\\\/\\\/www.bellunopress.it\\\/#\\\/schema\\\/person\\\/79bb06722b37ece1c03d3e94beb30d73\"},\"headline\":\"Luxottica: firmato il contratto integrativo aziendale\",\"datePublished\":\"2023-11-30T15:10:59+00:00\",\"mainEntityOfPage\":{\"@id\":\"https:\\\/\\\/www.bellunopress.it\\\/2023\\\/11\\\/30\\\/luxottica-firmato-il-contratto-integrativo-aziendale\\\/\"},\"wordCount\":731,\"publisher\":{\"@id\":\"https:\\\/\\\/www.bellunopress.it\\\/#organization\"},\"image\":{\"@id\":\"https:\\\/\\\/www.bellunopress.it\\\/2023\\\/11\\\/30\\\/luxottica-firmato-il-contratto-integrativo-aziendale\\\/#primaryimage\"},\"thumbnailUrl\":\"https:\\\/\\\/www.bellunopress.it\\\/wp-content\\\/uploads\\\/2020\\\/04\\\/Luxottica-2.jpg\",\"articleSection\":[\"Lavoro, Economia, Turismo\",\"Prima Pagina\"],\"inLanguage\":\"fr-FR\"},{\"@type\":\"WebPage\",\"@id\":\"https:\\\/\\\/www.bellunopress.it\\\/2023\\\/11\\\/30\\\/luxottica-firmato-il-contratto-integrativo-aziendale\\\/\",\"url\":\"https:\\\/\\\/www.bellunopress.it\\\/2023\\\/11\\\/30\\\/luxottica-firmato-il-contratto-integrativo-aziendale\\\/\",\"name\":\"Luxottica: firmato il contratto integrativo aziendale - Bellunopress - Dolomiti\",\"isPartOf\":{\"@id\":\"https:\\\/\\\/www.bellunopress.it\\\/#website\"},\"primaryImageOfPage\":{\"@id\":\"https:\\\/\\\/www.bellunopress.it\\\/2023\\\/11\\\/30\\\/luxottica-firmato-il-contratto-integrativo-aziendale\\\/#primaryimage\"},\"image\":{\"@id\":\"https:\\\/\\\/www.bellunopress.it\\\/2023\\\/11\\\/30\\\/luxottica-firmato-il-contratto-integrativo-aziendale\\\/#primaryimage\"},\"thumbnailUrl\":\"https:\\\/\\\/www.bellunopress.it\\\/wp-content\\\/uploads\\\/2020\\\/04\\\/Luxottica-2.jpg\",\"datePublished\":\"2023-11-30T15:10:59+00:00\",\"breadcrumb\":{\"@id\":\"https:\\\/\\\/www.bellunopress.it\\\/2023\\\/11\\\/30\\\/luxottica-firmato-il-contratto-integrativo-aziendale\\\/#breadcrumb\"},\"inLanguage\":\"fr-FR\",\"potentialAction\":[{\"@type\":\"ReadAction\",\"target\":[\"https:\\\/\\\/www.bellunopress.it\\\/2023\\\/11\\\/30\\\/luxottica-firmato-il-contratto-integrativo-aziendale\\\/\"]}]},{\"@type\":\"ImageObject\",\"inLanguage\":\"fr-FR\",\"@id\":\"https:\\\/\\\/www.bellunopress.it\\\/2023\\\/11\\\/30\\\/luxottica-firmato-il-contratto-integrativo-aziendale\\\/#primaryimage\",\"url\":\"https:\\\/\\\/www.bellunopress.it\\\/wp-content\\\/uploads\\\/2020\\\/04\\\/Luxottica-2.jpg\",\"contentUrl\":\"https:\\\/\\\/www.bellunopress.it\\\/wp-content\\\/uploads\\\/2020\\\/04\\\/Luxottica-2.jpg\",\"width\":778,\"height\":390},{\"@type\":\"BreadcrumbList\",\"@id\":\"https:\\\/\\\/www.bellunopress.it\\\/2023\\\/11\\\/30\\\/luxottica-firmato-il-contratto-integrativo-aziendale\\\/#breadcrumb\",\"itemListElement\":[{\"@type\":\"ListItem\",\"position\":1,\"name\":\"Home\",\"item\":\"https:\\\/\\\/www.bellunopress.it\\\/\"},{\"@type\":\"ListItem\",\"position\":2,\"name\":\"Luxottica: firmato il contratto integrativo aziendale\"}]},{\"@type\":\"WebSite\",\"@id\":\"https:\\\/\\\/www.bellunopress.it\\\/#website\",\"url\":\"https:\\\/\\\/www.bellunopress.it\\\/\",\"name\":\"Bellunopress - Dolomiti\",\"description\":\"e-mail: redazione@bellunopress.it\",\"publisher\":{\"@id\":\"https:\\\/\\\/www.bellunopress.it\\\/#organization\"},\"potentialAction\":[{\"@type\":\"SearchAction\",\"target\":{\"@type\":\"EntryPoint\",\"urlTemplate\":\"https:\\\/\\\/www.bellunopress.it\\\/?s={search_term_string}\"},\"query-input\":{\"@type\":\"PropertyValueSpecification\",\"valueRequired\":true,\"valueName\":\"search_term_string\"}}],\"inLanguage\":\"fr-FR\"},{\"@type\":\"Organization\",\"@id\":\"https:\\\/\\\/www.bellunopress.it\\\/#organization\",\"name\":\"Bellunopress\",\"url\":\"https:\\\/\\\/www.bellunopress.it\\\/\",\"logo\":{\"@type\":\"ImageObject\",\"inLanguage\":\"fr-FR\",\"@id\":\"https:\\\/\\\/www.bellunopress.it\\\/#\\\/schema\\\/logo\\\/image\\\/\",\"url\":\"https:\\\/\\\/www.bellunopress.it\\\/wp-content\\\/uploads\\\/2011\\\/05\\\/cropped-logo-bellunopress-.jpg\",\"contentUrl\":\"https:\\\/\\\/www.bellunopress.it\\\/wp-content\\\/uploads\\\/2011\\\/05\\\/cropped-logo-bellunopress-.jpg\",\"width\":512,\"height\":512,\"caption\":\"Bellunopress\"},\"image\":{\"@id\":\"https:\\\/\\\/www.bellunopress.it\\\/#\\\/schema\\\/logo\\\/image\\\/\"},\"sameAs\":[\"https:\\\/\\\/www.facebook.com\\\/profile.php?id=100008943462799\",\"https:\\\/\\\/x.com\\\/bellunopress\",\"https:\\\/\\\/www.linkedin.com\\\/hp\\\/?dnr=JBzUWaJfMUw8vbXJJ2tVW5-I3jZKvC4wsoxE&amp;amp;amp;amp;amp;amp;trk=nav_responsive_tab_home\",\"https:\\\/\\\/www.youtube.com\\\/channel\\\/UCxL0wu1uN0_3_7hGG0306cw\"]},{\"@type\":\"Person\",\"@id\":\"https:\\\/\\\/www.bellunopress.it\\\/#\\\/schema\\\/person\\\/79bb06722b37ece1c03d3e94beb30d73\",\"name\":\"redazione\",\"image\":{\"@type\":\"ImageObject\",\"inLanguage\":\"fr-FR\",\"@id\":\"https:\\\/\\\/secure.gravatar.com\\\/avatar\\\/37d968a2e67a6fd04c169c4bdef102d0bc5d31b2546345219e348575eb80e9a0?s=96&d=mm&r=g\",\"url\":\"https:\\\/\\\/secure.gravatar.com\\\/avatar\\\/37d968a2e67a6fd04c169c4bdef102d0bc5d31b2546345219e348575eb80e9a0?s=96&d=mm&r=g\",\"contentUrl\":\"https:\\\/\\\/secure.gravatar.com\\\/avatar\\\/37d968a2e67a6fd04c169c4bdef102d0bc5d31b2546345219e348575eb80e9a0?s=96&d=mm&r=g\",\"caption\":\"redazione\"},\"sameAs\":[\"http:\\\/\\\/www.bellunopress.it\",\"https:\\\/\\\/x.com\\\/bellunopress\"],\"url\":\"https:\\\/\\\/www.bellunopress.it\\\/fr\\\/author\\\/redazione\\\/\"}]}<\/script>\n<!-- \/ Yoast SEO plugin. -->","yoast_head_json":{"title":"Luxottica: firmato il contratto integrativo aziendale - Bellunopress - Dolomiti","robots":{"index":"index","follow":"follow","max-snippet":"max-snippet:-1","max-image-preview":"max-image-preview:large","max-video-preview":"max-video-preview:-1"},"canonical":"https:\/\/www.bellunopress.it\/fr\/2023\/11\/30\/luxottica-firmato-il-contratto-integrativo-aziendale\/","og_locale":"fr_FR","og_type":"article","og_title":"Luxottica: firmato il contratto integrativo aziendale - Bellunopress - Dolomiti","og_description":"Conciliazione vita-lavoro: 20 settimane a 4 giorni, aumentati i permessi, stabilizzati 1.550 lavoratori somministrati In un contesto di grandi cambiamenti dei mercati, delle filiere produttive e delle tecnologie, \u00e8 stato siglato oggi ad Agordo dai sindacati di categoria Filctem Cgil, Femca Cisl e Uiltec Uil e dalle Rsu il nuovo contratto integrativo aziendale di Luxottica, [&hellip;]","og_url":"https:\/\/www.bellunopress.it\/fr\/2023\/11\/30\/luxottica-firmato-il-contratto-integrativo-aziendale\/","og_site_name":"Bellunopress - Dolomiti","article_publisher":"https:\/\/www.facebook.com\/profile.php?id=100008943462799","article_published_time":"2023-11-30T15:10:59+00:00","og_image":[{"width":778,"height":390,"url":"https:\/\/www.bellunopress.it\/wp-content\/uploads\/2020\/04\/Luxottica-2.jpg","type":"image\/jpeg"}],"author":"redazione","twitter_card":"summary_large_image","twitter_creator":"@bellunopress","twitter_site":"@bellunopress","twitter_misc":{"Written by":"redazione","Est. reading time":"4 minutes"},"schema":{"@context":"https:\/\/schema.org","@graph":[{"@type":"Article","@id":"https:\/\/www.bellunopress.it\/2023\/11\/30\/luxottica-firmato-il-contratto-integrativo-aziendale\/#article","isPartOf":{"@id":"https:\/\/www.bellunopress.it\/2023\/11\/30\/luxottica-firmato-il-contratto-integrativo-aziendale\/"},"author":{"name":"redazione","@id":"https:\/\/www.bellunopress.it\/#\/schema\/person\/79bb06722b37ece1c03d3e94beb30d73"},"headline":"Luxottica: firmato il contratto integrativo aziendale","datePublished":"2023-11-30T15:10:59+00:00","mainEntityOfPage":{"@id":"https:\/\/www.bellunopress.it\/2023\/11\/30\/luxottica-firmato-il-contratto-integrativo-aziendale\/"},"wordCount":731,"publisher":{"@id":"https:\/\/www.bellunopress.it\/#organization"},"image":{"@id":"https:\/\/www.bellunopress.it\/2023\/11\/30\/luxottica-firmato-il-contratto-integrativo-aziendale\/#primaryimage"},"thumbnailUrl":"https:\/\/www.bellunopress.it\/wp-content\/uploads\/2020\/04\/Luxottica-2.jpg","articleSection":["Lavoro, Economia, Turismo","Prima Pagina"],"inLanguage":"fr-FR"},{"@type":"WebPage","@id":"https:\/\/www.bellunopress.it\/2023\/11\/30\/luxottica-firmato-il-contratto-integrativo-aziendale\/","url":"https:\/\/www.bellunopress.it\/2023\/11\/30\/luxottica-firmato-il-contratto-integrativo-aziendale\/","name":"Luxottica: firmato il contratto integrativo aziendale - Bellunopress - Dolomiti","isPartOf":{"@id":"https:\/\/www.bellunopress.it\/#website"},"primaryImageOfPage":{"@id":"https:\/\/www.bellunopress.it\/2023\/11\/30\/luxottica-firmato-il-contratto-integrativo-aziendale\/#primaryimage"},"image":{"@id":"https:\/\/www.bellunopress.it\/2023\/11\/30\/luxottica-firmato-il-contratto-integrativo-aziendale\/#primaryimage"},"thumbnailUrl":"https:\/\/www.bellunopress.it\/wp-content\/uploads\/2020\/04\/Luxottica-2.jpg","datePublished":"2023-11-30T15:10:59+00:00","breadcrumb":{"@id":"https:\/\/www.bellunopress.it\/2023\/11\/30\/luxottica-firmato-il-contratto-integrativo-aziendale\/#breadcrumb"},"inLanguage":"fr-FR","potentialAction":[{"@type":"ReadAction","target":["https:\/\/www.bellunopress.it\/2023\/11\/30\/luxottica-firmato-il-contratto-integrativo-aziendale\/"]}]},{"@type":"ImageObject","inLanguage":"fr-FR","@id":"https:\/\/www.bellunopress.it\/2023\/11\/30\/luxottica-firmato-il-contratto-integrativo-aziendale\/#primaryimage","url":"https:\/\/www.bellunopress.it\/wp-content\/uploads\/2020\/04\/Luxottica-2.jpg","contentUrl":"https:\/\/www.bellunopress.it\/wp-content\/uploads\/2020\/04\/Luxottica-2.jpg","width":778,"height":390},{"@type":"BreadcrumbList","@id":"https:\/\/www.bellunopress.it\/2023\/11\/30\/luxottica-firmato-il-contratto-integrativo-aziendale\/#breadcrumb","itemListElement":[{"@type":"ListItem","position":1,"name":"Home","item":"https:\/\/www.bellunopress.it\/"},{"@type":"ListItem","position":2,"name":"Luxottica: firmato il contratto integrativo aziendale"}]},{"@type":"WebSite","@id":"https:\/\/www.bellunopress.it\/#website","url":"https:\/\/www.bellunopress.it\/","name":"Bellunopress - Dolomiti","description":"e-mail: redazione@bellunopress.it","publisher":{"@id":"https:\/\/www.bellunopress.it\/#organization"},"potentialAction":[{"@type":"SearchAction","target":{"@type":"EntryPoint","urlTemplate":"https:\/\/www.bellunopress.it\/?s={search_term_string}"},"query-input":{"@type":"PropertyValueSpecification","valueRequired":true,"valueName":"search_term_string"}}],"inLanguage":"fr-FR"},{"@type":"Organization","@id":"https:\/\/www.bellunopress.it\/#organization","name":"Bellunopress","url":"https:\/\/www.bellunopress.it\/","logo":{"@type":"ImageObject","inLanguage":"fr-FR","@id":"https:\/\/www.bellunopress.it\/#\/schema\/logo\/image\/","url":"https:\/\/www.bellunopress.it\/wp-content\/uploads\/2011\/05\/cropped-logo-bellunopress-.jpg","contentUrl":"https:\/\/www.bellunopress.it\/wp-content\/uploads\/2011\/05\/cropped-logo-bellunopress-.jpg","width":512,"height":512,"caption":"Bellunopress"},"image":{"@id":"https:\/\/www.bellunopress.it\/#\/schema\/logo\/image\/"},"sameAs":["https:\/\/www.facebook.com\/profile.php?id=100008943462799","https:\/\/x.com\/bellunopress","https:\/\/www.linkedin.com\/hp\/?dnr=JBzUWaJfMUw8vbXJJ2tVW5-I3jZKvC4wsoxE&amp;amp;amp;amp;amp;amp;trk=nav_responsive_tab_home","https:\/\/www.youtube.com\/channel\/UCxL0wu1uN0_3_7hGG0306cw"]},{"@type":"Person","@id":"https:\/\/www.bellunopress.it\/#\/schema\/person\/79bb06722b37ece1c03d3e94beb30d73","name":"r\u00e9daction","image":{"@type":"ImageObject","inLanguage":"fr-FR","@id":"https:\/\/secure.gravatar.com\/avatar\/37d968a2e67a6fd04c169c4bdef102d0bc5d31b2546345219e348575eb80e9a0?s=96&d=mm&r=g","url":"https:\/\/secure.gravatar.com\/avatar\/37d968a2e67a6fd04c169c4bdef102d0bc5d31b2546345219e348575eb80e9a0?s=96&d=mm&r=g","contentUrl":"https:\/\/secure.gravatar.com\/avatar\/37d968a2e67a6fd04c169c4bdef102d0bc5d31b2546345219e348575eb80e9a0?s=96&d=mm&r=g","caption":"redazione"},"sameAs":["http:\/\/www.bellunopress.it","https:\/\/x.com\/bellunopress"],"url":"https:\/\/www.bellunopress.it\/fr\/author\/redazione\/"}]}},"_links":{"self":[{"href":"https:\/\/www.bellunopress.it\/fr\/wp-json\/wp\/v2\/posts\/146326","targetHints":{"allow":["GET"]}}],"collection":[{"href":"https:\/\/www.bellunopress.it\/fr\/wp-json\/wp\/v2\/posts"}],"about":[{"href":"https:\/\/www.bellunopress.it\/fr\/wp-json\/wp\/v2\/types\/post"}],"author":[{"embeddable":true,"href":"https:\/\/www.bellunopress.it\/fr\/wp-json\/wp\/v2\/users\/2"}],"replies":[{"embeddable":true,"href":"https:\/\/www.bellunopress.it\/fr\/wp-json\/wp\/v2\/comments?post=146326"}],"version-history":[{"count":1,"href":"https:\/\/www.bellunopress.it\/fr\/wp-json\/wp\/v2\/posts\/146326\/revisions"}],"predecessor-version":[{"id":146327,"href":"https:\/\/www.bellunopress.it\/fr\/wp-json\/wp\/v2\/posts\/146326\/revisions\/146327"}],"wp:featuredmedia":[{"embeddable":true,"href":"https:\/\/www.bellunopress.it\/fr\/wp-json\/wp\/v2\/media\/113555"}],"wp:attachment":[{"href":"https:\/\/www.bellunopress.it\/fr\/wp-json\/wp\/v2\/media?parent=146326"}],"wp:term":[{"taxonomy":"category","embeddable":true,"href":"https:\/\/www.bellunopress.it\/fr\/wp-json\/wp\/v2\/categories?post=146326"},{"taxonomy":"post_tag","embeddable":true,"href":"https:\/\/www.bellunopress.it\/fr\/wp-json\/wp\/v2\/tags?post=146326"}],"curies":[{"name":"wp","href":"https:\/\/api.w.org\/{rel}","templated":true}]}}