{"id":146318,"date":"2023-11-30T11:32:41","date_gmt":"2023-11-30T10:32:41","guid":{"rendered":"https:\/\/www.bellunopress.it\/?p=146318"},"modified":"2023-11-30T11:32:41","modified_gmt":"2023-11-30T10:32:41","slug":"danza-e-musica-a-sostegno-delloncologia-pediatrica-mercoledi-al-comunale-con-la-fondazione-veronesi","status":"publish","type":"post","link":"https:\/\/www.bellunopress.it\/fr\/2023\/11\/30\/danza-e-musica-a-sostegno-delloncologia-pediatrica-mercoledi-al-comunale-con-la-fondazione-veronesi\/","title":{"rendered":"Danza e musica a sostegno dell\u2019oncologia pediatrica. Mercoled\u00ec al Comunale con la Fondazione Veronesi"},"content":{"rendered":"<figure id=\"attachment_132354\" aria-describedby=\"caption-attachment-132354\" style=\"width: 1000px\" class=\"wp-caption alignleft\"><img loading=\"lazy\" decoding=\"async\" class=\"size-full wp-image-132354\" src=\"https:\/\/www.bellunopress.it\/wp-content\/uploads\/2022\/03\/teatro-comunale-interni_edited.jpg\" alt=\"\" width=\"1000\" height=\"667\" srcset=\"https:\/\/www.bellunopress.it\/wp-content\/uploads\/2022\/03\/teatro-comunale-interni_edited.jpg 1000w, https:\/\/www.bellunopress.it\/wp-content\/uploads\/2022\/03\/teatro-comunale-interni_edited-500x334.jpg 500w, https:\/\/www.bellunopress.it\/wp-content\/uploads\/2022\/03\/teatro-comunale-interni_edited-696x464.jpg 696w, https:\/\/www.bellunopress.it\/wp-content\/uploads\/2022\/03\/teatro-comunale-interni_edited-630x420.jpg 630w\" sizes=\"auto, (max-width: 1000px) 100vw, 1000px\" \/><figcaption id=\"caption-attachment-132354\" class=\"wp-caption-text\">Teatro Comunale di Belluno<\/figcaption><\/figure>\n<p>La responsabile della delegazione di Belluno di Fondazione Veronesi, Angela De Min, rinnova ancora una volta il suo impegno nei confronti della ricerca scientifica organizzando uno spettacolo di danza e musica a sostegno dell\u2019oncologia pediatrica, che avr\u00e0 luogo mercoled\u00ec 6 dicembre alle ore 20.00 presso il Teatro Comunale di Belluno.<\/p>\n<p>I fondi raccolti contribuiranno al finanziamento di Palm Research Project\u00ae, un\u2019innovativa piattaforma di ricerca e sviluppo di terapie innovative per la leucemia mieloide acuta, un tumore del sangue molto aggressivo dell\u2019et\u00e0 pediatrica.<\/p>\n<p>Allo spettacolo, presentato dalla giornalista Marcella Corr\u00e0, prenderanno parte gli allievi della Scuola di Danza \u201cDanzaoltre\u201d con la partecipazione del Coro &#8220;Mani Bianche&#8221; Belluno e del Coro &#8220;Belluno Young Voices&#8221; di \u201cArte Nuova\u201d.<\/p>\n<p>\u201cSono felice che ancora una volta sia stato possibile realizzare questa serata molto speciale, in avvicinamento anche alle festivit\u00e0 natalizie, per sostenere concretamente la ricerca d\u2019eccellenza su un tumore che colpisce i bambini. Vorrei ringraziare gli enti che supporteranno l\u2019evento e gli artisti che metteranno a disposizione il proprio talento per una causa cos\u00ec importante.\u201d \u2013 afferma Angela De Min, Responsabile della delegazione di Belluno di Fondazione Veronesi.<\/p>\n<p>Si ringrazia il Comune di Belluno, Fondazione Teatri delle Dolomiti, l\u2019Associazione Nazionale Carabinieri- sezione di Belluno, la scuola di danza \u201cDanzaoltre\u201d di Belluno, Coro &#8220;Mani Bianche&#8221; di Belluno e il coro &#8220;Belluno Young Voices&#8221;.<\/p>\n<p>&nbsp;<\/p>\n<p><strong>Fondazione Umberto Veronesi ETS<\/strong><\/p>\n<p>Fondazione Umberto Veronesi nasce nel 2003 allo scopo di sostenere la ricerca scientifica, attraverso il finanziamento di borse di ricerca a medici e ricercatori e il sostegno a progetti di altissimo profilo. Ne sono promotori scienziati, tra i quali ben 11 premi Nobel che ne costituiscono anche il Comitato d\u2019Onore, il cui operato \u00e8 riconosciuto a livello internazionale. Al contempo Fondazione \u00e8 attiva nell\u2019ambito della divulgazione scientifica, affinch\u00e9 i risultati e le scoperte della scienza diventino patrimonio di tutti, attraverso grandi conferenze con relatori internazionali, progetti per le scuole, campagne di sensibilizzazione e pubblicazioni.<\/p>\n<p>&nbsp;<\/p>\n<p>&nbsp;<\/p>","protected":false},"excerpt":{"rendered":"<p>La responsabile della delegazione di Belluno di Fondazione Veronesi, Angela De Min, rinnova ancora una volta il suo impegno nei confronti della ricerca scientifica organizzando uno spettacolo di danza e musica a sostegno dell\u2019oncologia pediatrica, che avr\u00e0 luogo mercoled\u00ec 6 dicembre alle ore 20.00 presso il Teatro Comunale di Belluno. I fondi raccolti contribuiranno al [&hellip;]<\/p>\n","protected":false},"author":2,"featured_media":132354,"comment_status":"closed","ping_status":"open","sticky":false,"template":"","format":"standard","meta":{"footnotes":""},"categories":[27,3,25,8],"tags":[],"class_list":["post-146318","post","type-post","status-publish","format-standard","has-post-thumbnail","category-appuntamenti","category-arte-cultura-spettacoli-scienza-archivi","category-pausa-caffe","category-societa-istituzioni"],"yoast_head":"<!-- This site is optimized with the Yoast SEO plugin v28.4 - https:\/\/yoast.com\/product\/yoast-seo-wordpress\/ -->\n<title>Danza e musica a sostegno dell\u2019oncologia pediatrica. Mercoled\u00ec al Comunale con la Fondazione Veronesi - Bellunopress - Dolomiti<\/title>\n<meta name=\"robots\" content=\"index, follow, max-snippet:-1, max-image-preview:large, max-video-preview:-1\" \/>\n<link rel=\"canonical\" href=\"https:\/\/www.bellunopress.it\/fr\/2023\/11\/30\/danza-e-musica-a-sostegno-delloncologia-pediatrica-mercoledi-al-comunale-con-la-fondazione-veronesi\/\" \/>\n<meta property=\"og:locale\" content=\"fr_FR\" \/>\n<meta property=\"og:type\" content=\"article\" \/>\n<meta property=\"og:title\" content=\"Danza e musica a sostegno dell\u2019oncologia pediatrica. Mercoled\u00ec al Comunale con la Fondazione Veronesi - Bellunopress - Dolomiti\" \/>\n<meta property=\"og:description\" content=\"La responsabile della delegazione di Belluno di Fondazione Veronesi, Angela De Min, rinnova ancora una volta il suo impegno nei confronti della ricerca scientifica organizzando uno spettacolo di danza e musica a sostegno dell\u2019oncologia pediatrica, che avr\u00e0 luogo mercoled\u00ec 6 dicembre alle ore 20.00 presso il Teatro Comunale di Belluno. I fondi raccolti contribuiranno al [&hellip;]\" \/>\n<meta property=\"og:url\" content=\"https:\/\/www.bellunopress.it\/fr\/2023\/11\/30\/danza-e-musica-a-sostegno-delloncologia-pediatrica-mercoledi-al-comunale-con-la-fondazione-veronesi\/\" \/>\n<meta property=\"og:site_name\" content=\"Bellunopress - Dolomiti\" \/>\n<meta property=\"article:publisher\" content=\"https:\/\/www.facebook.com\/profile.php?id=100008943462799\" \/>\n<meta property=\"article:published_time\" content=\"2023-11-30T10:32:41+00:00\" \/>\n<meta property=\"og:image\" content=\"https:\/\/www.bellunopress.it\/wp-content\/uploads\/2022\/03\/teatro-comunale-interni_edited.jpg\" \/>\n\t<meta property=\"og:image:width\" content=\"1000\" \/>\n\t<meta property=\"og:image:height\" content=\"667\" \/>\n\t<meta property=\"og:image:type\" content=\"image\/jpeg\" \/>\n<meta name=\"author\" content=\"redazione\" \/>\n<meta name=\"twitter:card\" content=\"summary_large_image\" \/>\n<meta name=\"twitter:creator\" content=\"@bellunopress\" \/>\n<meta name=\"twitter:site\" content=\"@bellunopress\" \/>\n<meta name=\"twitter:label1\" content=\"\u00c9crit par\" \/>\n\t<meta name=\"twitter:data1\" content=\"redazione\" \/>\n\t<meta name=\"twitter:label2\" content=\"Dur\u00e9e de lecture estim\u00e9e\" \/>\n\t<meta name=\"twitter:data2\" content=\"2 minutes\" \/>\n<script type=\"application\/ld+json\" class=\"yoast-schema-graph\">{\"@context\":\"https:\\\/\\\/schema.org\",\"@graph\":[{\"@type\":\"Article\",\"@id\":\"https:\\\/\\\/www.bellunopress.it\\\/2023\\\/11\\\/30\\\/danza-e-musica-a-sostegno-delloncologia-pediatrica-mercoledi-al-comunale-con-la-fondazione-veronesi\\\/#article\",\"isPartOf\":{\"@id\":\"https:\\\/\\\/www.bellunopress.it\\\/2023\\\/11\\\/30\\\/danza-e-musica-a-sostegno-delloncologia-pediatrica-mercoledi-al-comunale-con-la-fondazione-veronesi\\\/\"},\"author\":{\"name\":\"redazione\",\"@id\":\"https:\\\/\\\/www.bellunopress.it\\\/#\\\/schema\\\/person\\\/79bb06722b37ece1c03d3e94beb30d73\"},\"headline\":\"Danza e musica a sostegno dell\u2019oncologia pediatrica. Mercoled\u00ec al Comunale con la Fondazione Veronesi\",\"datePublished\":\"2023-11-30T10:32:41+00:00\",\"mainEntityOfPage\":{\"@id\":\"https:\\\/\\\/www.bellunopress.it\\\/2023\\\/11\\\/30\\\/danza-e-musica-a-sostegno-delloncologia-pediatrica-mercoledi-al-comunale-con-la-fondazione-veronesi\\\/\"},\"wordCount\":345,\"publisher\":{\"@id\":\"https:\\\/\\\/www.bellunopress.it\\\/#organization\"},\"image\":{\"@id\":\"https:\\\/\\\/www.bellunopress.it\\\/2023\\\/11\\\/30\\\/danza-e-musica-a-sostegno-delloncologia-pediatrica-mercoledi-al-comunale-con-la-fondazione-veronesi\\\/#primaryimage\"},\"thumbnailUrl\":\"https:\\\/\\\/www.bellunopress.it\\\/wp-content\\\/uploads\\\/2022\\\/03\\\/teatro-comunale-interni_edited.jpg\",\"articleSection\":[\"Appuntamenti, Eventi\",\"Arte, Cultura, Spettacoli, Scienza\",\"Pausa Caff\u00e8\",\"Societ\u00e0, Associazioni, Istituzioni\"],\"inLanguage\":\"fr-FR\"},{\"@type\":\"WebPage\",\"@id\":\"https:\\\/\\\/www.bellunopress.it\\\/2023\\\/11\\\/30\\\/danza-e-musica-a-sostegno-delloncologia-pediatrica-mercoledi-al-comunale-con-la-fondazione-veronesi\\\/\",\"url\":\"https:\\\/\\\/www.bellunopress.it\\\/2023\\\/11\\\/30\\\/danza-e-musica-a-sostegno-delloncologia-pediatrica-mercoledi-al-comunale-con-la-fondazione-veronesi\\\/\",\"name\":\"Danza e musica a sostegno dell\u2019oncologia pediatrica. Mercoled\u00ec al Comunale con la Fondazione Veronesi - Bellunopress - Dolomiti\",\"isPartOf\":{\"@id\":\"https:\\\/\\\/www.bellunopress.it\\\/#website\"},\"primaryImageOfPage\":{\"@id\":\"https:\\\/\\\/www.bellunopress.it\\\/2023\\\/11\\\/30\\\/danza-e-musica-a-sostegno-delloncologia-pediatrica-mercoledi-al-comunale-con-la-fondazione-veronesi\\\/#primaryimage\"},\"image\":{\"@id\":\"https:\\\/\\\/www.bellunopress.it\\\/2023\\\/11\\\/30\\\/danza-e-musica-a-sostegno-delloncologia-pediatrica-mercoledi-al-comunale-con-la-fondazione-veronesi\\\/#primaryimage\"},\"thumbnailUrl\":\"https:\\\/\\\/www.bellunopress.it\\\/wp-content\\\/uploads\\\/2022\\\/03\\\/teatro-comunale-interni_edited.jpg\",\"datePublished\":\"2023-11-30T10:32:41+00:00\",\"breadcrumb\":{\"@id\":\"https:\\\/\\\/www.bellunopress.it\\\/2023\\\/11\\\/30\\\/danza-e-musica-a-sostegno-delloncologia-pediatrica-mercoledi-al-comunale-con-la-fondazione-veronesi\\\/#breadcrumb\"},\"inLanguage\":\"fr-FR\",\"potentialAction\":[{\"@type\":\"ReadAction\",\"target\":[\"https:\\\/\\\/www.bellunopress.it\\\/2023\\\/11\\\/30\\\/danza-e-musica-a-sostegno-delloncologia-pediatrica-mercoledi-al-comunale-con-la-fondazione-veronesi\\\/\"]}]},{\"@type\":\"ImageObject\",\"inLanguage\":\"fr-FR\",\"@id\":\"https:\\\/\\\/www.bellunopress.it\\\/2023\\\/11\\\/30\\\/danza-e-musica-a-sostegno-delloncologia-pediatrica-mercoledi-al-comunale-con-la-fondazione-veronesi\\\/#primaryimage\",\"url\":\"https:\\\/\\\/www.bellunopress.it\\\/wp-content\\\/uploads\\\/2022\\\/03\\\/teatro-comunale-interni_edited.jpg\",\"contentUrl\":\"https:\\\/\\\/www.bellunopress.it\\\/wp-content\\\/uploads\\\/2022\\\/03\\\/teatro-comunale-interni_edited.jpg\",\"width\":1000,\"height\":667,\"caption\":\"Teatro Comunale di Belluno\"},{\"@type\":\"BreadcrumbList\",\"@id\":\"https:\\\/\\\/www.bellunopress.it\\\/2023\\\/11\\\/30\\\/danza-e-musica-a-sostegno-delloncologia-pediatrica-mercoledi-al-comunale-con-la-fondazione-veronesi\\\/#breadcrumb\",\"itemListElement\":[{\"@type\":\"ListItem\",\"position\":1,\"name\":\"Home\",\"item\":\"https:\\\/\\\/www.bellunopress.it\\\/\"},{\"@type\":\"ListItem\",\"position\":2,\"name\":\"Danza e musica a sostegno dell\u2019oncologia pediatrica. Mercoled\u00ec al Comunale con la Fondazione Veronesi\"}]},{\"@type\":\"WebSite\",\"@id\":\"https:\\\/\\\/www.bellunopress.it\\\/#website\",\"url\":\"https:\\\/\\\/www.bellunopress.it\\\/\",\"name\":\"Bellunopress - Dolomiti\",\"description\":\"e-mail: redazione@bellunopress.it\",\"publisher\":{\"@id\":\"https:\\\/\\\/www.bellunopress.it\\\/#organization\"},\"potentialAction\":[{\"@type\":\"SearchAction\",\"target\":{\"@type\":\"EntryPoint\",\"urlTemplate\":\"https:\\\/\\\/www.bellunopress.it\\\/?s={search_term_string}\"},\"query-input\":{\"@type\":\"PropertyValueSpecification\",\"valueRequired\":true,\"valueName\":\"search_term_string\"}}],\"inLanguage\":\"fr-FR\"},{\"@type\":\"Organization\",\"@id\":\"https:\\\/\\\/www.bellunopress.it\\\/#organization\",\"name\":\"Bellunopress\",\"url\":\"https:\\\/\\\/www.bellunopress.it\\\/\",\"logo\":{\"@type\":\"ImageObject\",\"inLanguage\":\"fr-FR\",\"@id\":\"https:\\\/\\\/www.bellunopress.it\\\/#\\\/schema\\\/logo\\\/image\\\/\",\"url\":\"https:\\\/\\\/www.bellunopress.it\\\/wp-content\\\/uploads\\\/2011\\\/05\\\/cropped-logo-bellunopress-.jpg\",\"contentUrl\":\"https:\\\/\\\/www.bellunopress.it\\\/wp-content\\\/uploads\\\/2011\\\/05\\\/cropped-logo-bellunopress-.jpg\",\"width\":512,\"height\":512,\"caption\":\"Bellunopress\"},\"image\":{\"@id\":\"https:\\\/\\\/www.bellunopress.it\\\/#\\\/schema\\\/logo\\\/image\\\/\"},\"sameAs\":[\"https:\\\/\\\/www.facebook.com\\\/profile.php?id=100008943462799\",\"https:\\\/\\\/x.com\\\/bellunopress\",\"https:\\\/\\\/www.linkedin.com\\\/hp\\\/?dnr=JBzUWaJfMUw8vbXJJ2tVW5-I3jZKvC4wsoxE&amp;amp;amp;amp;amp;amp;trk=nav_responsive_tab_home\",\"https:\\\/\\\/www.youtube.com\\\/channel\\\/UCxL0wu1uN0_3_7hGG0306cw\"]},{\"@type\":\"Person\",\"@id\":\"https:\\\/\\\/www.bellunopress.it\\\/#\\\/schema\\\/person\\\/79bb06722b37ece1c03d3e94beb30d73\",\"name\":\"redazione\",\"image\":{\"@type\":\"ImageObject\",\"inLanguage\":\"fr-FR\",\"@id\":\"https:\\\/\\\/secure.gravatar.com\\\/avatar\\\/37d968a2e67a6fd04c169c4bdef102d0bc5d31b2546345219e348575eb80e9a0?s=96&d=mm&r=g\",\"url\":\"https:\\\/\\\/secure.gravatar.com\\\/avatar\\\/37d968a2e67a6fd04c169c4bdef102d0bc5d31b2546345219e348575eb80e9a0?s=96&d=mm&r=g\",\"contentUrl\":\"https:\\\/\\\/secure.gravatar.com\\\/avatar\\\/37d968a2e67a6fd04c169c4bdef102d0bc5d31b2546345219e348575eb80e9a0?s=96&d=mm&r=g\",\"caption\":\"redazione\"},\"sameAs\":[\"http:\\\/\\\/www.bellunopress.it\",\"https:\\\/\\\/x.com\\\/bellunopress\"],\"url\":\"https:\\\/\\\/www.bellunopress.it\\\/fr\\\/author\\\/redazione\\\/\"}]}<\/script>\n<!-- \/ Yoast SEO plugin. -->","yoast_head_json":{"title":"Danza e musica a sostegno dell\u2019oncologia pediatrica. Mercoled\u00ec al Comunale con la Fondazione Veronesi - Bellunopress - Dolomiti","robots":{"index":"index","follow":"follow","max-snippet":"max-snippet:-1","max-image-preview":"max-image-preview:large","max-video-preview":"max-video-preview:-1"},"canonical":"https:\/\/www.bellunopress.it\/fr\/2023\/11\/30\/danza-e-musica-a-sostegno-delloncologia-pediatrica-mercoledi-al-comunale-con-la-fondazione-veronesi\/","og_locale":"fr_FR","og_type":"article","og_title":"Danza e musica a sostegno dell\u2019oncologia pediatrica. Mercoled\u00ec al Comunale con la Fondazione Veronesi - Bellunopress - Dolomiti","og_description":"La responsabile della delegazione di Belluno di Fondazione Veronesi, Angela De Min, rinnova ancora una volta il suo impegno nei confronti della ricerca scientifica organizzando uno spettacolo di danza e musica a sostegno dell\u2019oncologia pediatrica, che avr\u00e0 luogo mercoled\u00ec 6 dicembre alle ore 20.00 presso il Teatro Comunale di Belluno. I fondi raccolti contribuiranno al [&hellip;]","og_url":"https:\/\/www.bellunopress.it\/fr\/2023\/11\/30\/danza-e-musica-a-sostegno-delloncologia-pediatrica-mercoledi-al-comunale-con-la-fondazione-veronesi\/","og_site_name":"Bellunopress - Dolomiti","article_publisher":"https:\/\/www.facebook.com\/profile.php?id=100008943462799","article_published_time":"2023-11-30T10:32:41+00:00","og_image":[{"width":1000,"height":667,"url":"https:\/\/www.bellunopress.it\/wp-content\/uploads\/2022\/03\/teatro-comunale-interni_edited.jpg","type":"image\/jpeg"}],"author":"redazione","twitter_card":"summary_large_image","twitter_creator":"@bellunopress","twitter_site":"@bellunopress","twitter_misc":{"\u00c9crit par":"redazione","Dur\u00e9e de lecture estim\u00e9e":"2 minutes"},"schema":{"@context":"https:\/\/schema.org","@graph":[{"@type":"Article","@id":"https:\/\/www.bellunopress.it\/2023\/11\/30\/danza-e-musica-a-sostegno-delloncologia-pediatrica-mercoledi-al-comunale-con-la-fondazione-veronesi\/#article","isPartOf":{"@id":"https:\/\/www.bellunopress.it\/2023\/11\/30\/danza-e-musica-a-sostegno-delloncologia-pediatrica-mercoledi-al-comunale-con-la-fondazione-veronesi\/"},"author":{"name":"redazione","@id":"https:\/\/www.bellunopress.it\/#\/schema\/person\/79bb06722b37ece1c03d3e94beb30d73"},"headline":"Danza e musica a sostegno dell\u2019oncologia pediatrica. Mercoled\u00ec al Comunale con la Fondazione Veronesi","datePublished":"2023-11-30T10:32:41+00:00","mainEntityOfPage":{"@id":"https:\/\/www.bellunopress.it\/2023\/11\/30\/danza-e-musica-a-sostegno-delloncologia-pediatrica-mercoledi-al-comunale-con-la-fondazione-veronesi\/"},"wordCount":345,"publisher":{"@id":"https:\/\/www.bellunopress.it\/#organization"},"image":{"@id":"https:\/\/www.bellunopress.it\/2023\/11\/30\/danza-e-musica-a-sostegno-delloncologia-pediatrica-mercoledi-al-comunale-con-la-fondazione-veronesi\/#primaryimage"},"thumbnailUrl":"https:\/\/www.bellunopress.it\/wp-content\/uploads\/2022\/03\/teatro-comunale-interni_edited.jpg","articleSection":["Appuntamenti, Eventi","Arte, Cultura, Spettacoli, Scienza","Pausa Caff\u00e8","Societ\u00e0, Associazioni, Istituzioni"],"inLanguage":"fr-FR"},{"@type":"WebPage","@id":"https:\/\/www.bellunopress.it\/2023\/11\/30\/danza-e-musica-a-sostegno-delloncologia-pediatrica-mercoledi-al-comunale-con-la-fondazione-veronesi\/","url":"https:\/\/www.bellunopress.it\/2023\/11\/30\/danza-e-musica-a-sostegno-delloncologia-pediatrica-mercoledi-al-comunale-con-la-fondazione-veronesi\/","name":"Danza e musica a sostegno dell\u2019oncologia pediatrica. Mercoled\u00ec al Comunale con la Fondazione Veronesi - Bellunopress - Dolomiti","isPartOf":{"@id":"https:\/\/www.bellunopress.it\/#website"},"primaryImageOfPage":{"@id":"https:\/\/www.bellunopress.it\/2023\/11\/30\/danza-e-musica-a-sostegno-delloncologia-pediatrica-mercoledi-al-comunale-con-la-fondazione-veronesi\/#primaryimage"},"image":{"@id":"https:\/\/www.bellunopress.it\/2023\/11\/30\/danza-e-musica-a-sostegno-delloncologia-pediatrica-mercoledi-al-comunale-con-la-fondazione-veronesi\/#primaryimage"},"thumbnailUrl":"https:\/\/www.bellunopress.it\/wp-content\/uploads\/2022\/03\/teatro-comunale-interni_edited.jpg","datePublished":"2023-11-30T10:32:41+00:00","breadcrumb":{"@id":"https:\/\/www.bellunopress.it\/2023\/11\/30\/danza-e-musica-a-sostegno-delloncologia-pediatrica-mercoledi-al-comunale-con-la-fondazione-veronesi\/#breadcrumb"},"inLanguage":"fr-FR","potentialAction":[{"@type":"ReadAction","target":["https:\/\/www.bellunopress.it\/2023\/11\/30\/danza-e-musica-a-sostegno-delloncologia-pediatrica-mercoledi-al-comunale-con-la-fondazione-veronesi\/"]}]},{"@type":"ImageObject","inLanguage":"fr-FR","@id":"https:\/\/www.bellunopress.it\/2023\/11\/30\/danza-e-musica-a-sostegno-delloncologia-pediatrica-mercoledi-al-comunale-con-la-fondazione-veronesi\/#primaryimage","url":"https:\/\/www.bellunopress.it\/wp-content\/uploads\/2022\/03\/teatro-comunale-interni_edited.jpg","contentUrl":"https:\/\/www.bellunopress.it\/wp-content\/uploads\/2022\/03\/teatro-comunale-interni_edited.jpg","width":1000,"height":667,"caption":"Teatro Comunale di Belluno"},{"@type":"BreadcrumbList","@id":"https:\/\/www.bellunopress.it\/2023\/11\/30\/danza-e-musica-a-sostegno-delloncologia-pediatrica-mercoledi-al-comunale-con-la-fondazione-veronesi\/#breadcrumb","itemListElement":[{"@type":"ListItem","position":1,"name":"Home","item":"https:\/\/www.bellunopress.it\/"},{"@type":"ListItem","position":2,"name":"Danza e musica a sostegno dell\u2019oncologia pediatrica. Mercoled\u00ec al Comunale con la Fondazione Veronesi"}]},{"@type":"WebSite","@id":"https:\/\/www.bellunopress.it\/#website","url":"https:\/\/www.bellunopress.it\/","name":"Bellunopress - Dolomiti","description":"e-mail: redazione@bellunopress.it","publisher":{"@id":"https:\/\/www.bellunopress.it\/#organization"},"potentialAction":[{"@type":"SearchAction","target":{"@type":"EntryPoint","urlTemplate":"https:\/\/www.bellunopress.it\/?s={search_term_string}"},"query-input":{"@type":"PropertyValueSpecification","valueRequired":true,"valueName":"search_term_string"}}],"inLanguage":"fr-FR"},{"@type":"Organization","@id":"https:\/\/www.bellunopress.it\/#organization","name":"Bellunopress","url":"https:\/\/www.bellunopress.it\/","logo":{"@type":"ImageObject","inLanguage":"fr-FR","@id":"https:\/\/www.bellunopress.it\/#\/schema\/logo\/image\/","url":"https:\/\/www.bellunopress.it\/wp-content\/uploads\/2011\/05\/cropped-logo-bellunopress-.jpg","contentUrl":"https:\/\/www.bellunopress.it\/wp-content\/uploads\/2011\/05\/cropped-logo-bellunopress-.jpg","width":512,"height":512,"caption":"Bellunopress"},"image":{"@id":"https:\/\/www.bellunopress.it\/#\/schema\/logo\/image\/"},"sameAs":["https:\/\/www.facebook.com\/profile.php?id=100008943462799","https:\/\/x.com\/bellunopress","https:\/\/www.linkedin.com\/hp\/?dnr=JBzUWaJfMUw8vbXJJ2tVW5-I3jZKvC4wsoxE&amp;amp;amp;amp;amp;amp;trk=nav_responsive_tab_home","https:\/\/www.youtube.com\/channel\/UCxL0wu1uN0_3_7hGG0306cw"]},{"@type":"Person","@id":"https:\/\/www.bellunopress.it\/#\/schema\/person\/79bb06722b37ece1c03d3e94beb30d73","name":"r\u00e9daction","image":{"@type":"ImageObject","inLanguage":"fr-FR","@id":"https:\/\/secure.gravatar.com\/avatar\/37d968a2e67a6fd04c169c4bdef102d0bc5d31b2546345219e348575eb80e9a0?s=96&d=mm&r=g","url":"https:\/\/secure.gravatar.com\/avatar\/37d968a2e67a6fd04c169c4bdef102d0bc5d31b2546345219e348575eb80e9a0?s=96&d=mm&r=g","contentUrl":"https:\/\/secure.gravatar.com\/avatar\/37d968a2e67a6fd04c169c4bdef102d0bc5d31b2546345219e348575eb80e9a0?s=96&d=mm&r=g","caption":"redazione"},"sameAs":["http:\/\/www.bellunopress.it","https:\/\/x.com\/bellunopress"],"url":"https:\/\/www.bellunopress.it\/fr\/author\/redazione\/"}]}},"_links":{"self":[{"href":"https:\/\/www.bellunopress.it\/fr\/wp-json\/wp\/v2\/posts\/146318","targetHints":{"allow":["GET"]}}],"collection":[{"href":"https:\/\/www.bellunopress.it\/fr\/wp-json\/wp\/v2\/posts"}],"about":[{"href":"https:\/\/www.bellunopress.it\/fr\/wp-json\/wp\/v2\/types\/post"}],"author":[{"embeddable":true,"href":"https:\/\/www.bellunopress.it\/fr\/wp-json\/wp\/v2\/users\/2"}],"replies":[{"embeddable":true,"href":"https:\/\/www.bellunopress.it\/fr\/wp-json\/wp\/v2\/comments?post=146318"}],"version-history":[{"count":1,"href":"https:\/\/www.bellunopress.it\/fr\/wp-json\/wp\/v2\/posts\/146318\/revisions"}],"predecessor-version":[{"id":146319,"href":"https:\/\/www.bellunopress.it\/fr\/wp-json\/wp\/v2\/posts\/146318\/revisions\/146319"}],"wp:featuredmedia":[{"embeddable":true,"href":"https:\/\/www.bellunopress.it\/fr\/wp-json\/wp\/v2\/media\/132354"}],"wp:attachment":[{"href":"https:\/\/www.bellunopress.it\/fr\/wp-json\/wp\/v2\/media?parent=146318"}],"wp:term":[{"taxonomy":"category","embeddable":true,"href":"https:\/\/www.bellunopress.it\/fr\/wp-json\/wp\/v2\/categories?post=146318"},{"taxonomy":"post_tag","embeddable":true,"href":"https:\/\/www.bellunopress.it\/fr\/wp-json\/wp\/v2\/tags?post=146318"}],"curies":[{"name":"wp","href":"https:\/\/api.w.org\/{rel}","templated":true}]}}