{"id":146286,"date":"2023-11-29T06:38:02","date_gmt":"2023-11-29T05:38:02","guid":{"rendered":"https:\/\/www.bellunopress.it\/?p=146286"},"modified":"2023-11-29T06:38:02","modified_gmt":"2023-11-29T05:38:02","slug":"la-regione-affida-a-veneto-strade-lo-studio-per-la-via-del-mare","status":"publish","type":"post","link":"https:\/\/www.bellunopress.it\/fr\/2023\/11\/29\/la-regione-affida-a-veneto-strade-lo-studio-per-la-via-del-mare\/","title":{"rendered":"La Regione affida a Veneto strade lo studio per la Via del mare"},"content":{"rendered":"<p>Dopo la realizzazione dell\u2019inutile Pedemontana veneta, la strada pi\u00f9 costosa d\u2019Europa, come ebbe a definirla Laura Puppato, gi\u00e0 senatrice Pd e consigliera regionale, un&#8217;opera che produce ulteriore debito a carico dei cittadini veneti, la Regione si accorge &#8211; meglio tardi che mai &#8211; dell\u2019opportunit\u00e0 di avere una superstrada, ovviamente a pagamento, lungo la Treviso mare. Cos\u00ec affida lo studio dei flussi di traffico a Veneto strade per la realizzazione della Via del mare che si collegher\u00e0 con l\u2019autostrada A4 per servire le spiagge del litorale di Jesolo.<\/p>\n<figure id=\"attachment_85746\" aria-describedby=\"caption-attachment-85746\" style=\"width: 232px\" class=\"wp-caption alignleft\"><img loading=\"lazy\" decoding=\"async\" class=\"size-full wp-image-85746\" src=\"https:\/\/www.bellunopress.it\/wp-content\/uploads\/2017\/04\/De-Berti-assessore.jpg\" alt=\"\" width=\"232\" height=\"300\" \/><figcaption id=\"caption-attachment-85746\" class=\"wp-caption-text\">Elisa De Berti &#8211; Vicepresidente della Regione e assessore<\/figcaption><\/figure>\n<p>\u201cLa nuova superstrada a pedaggio si sovrapporr\u00e0 per alcuni tratti, al tracciato esistente della SR 89 oltre ad interconnettersi con la SS 14 \u201cTriestina\u201d e con altre vie provinciali e comunali della zona. Essendo il Veneto la prima regione italiana per la presenza di turisti, resta prioritario il potenziamento della viabilit\u00e0 di accesso alle aree a vocazione turistica che saranno interessate dalla nuova opera, quali il litorale veneziano, i Comuni di Jesolo e Cavallino Treporti\u201d. Lo fa sapere la vicepresidente della Regione del Veneto e assessore alle Infrastrutture e trasporti, Elisa De Berti, a seguito del provvedimento con il quale la giunta veneta ha approvato lo schema di accordo di programma tra la Regione e la societ\u00e0 in house Veneto strade per la redazione di uno Studio sulle percorrenze attuali del traffico lungo la Strada Regionale 89 \u201cTreviso Mare\u201d e la viabilit\u00e0 interconnessa in vista della realizzazione della Via del Mare, tra il nuovo casello di Meolo, lungo la A4, e il Comune di Jesolo, fino alla rotatoria \u201cFrova\u201d.<br \/>\n\u201cSecondo quanto previsto dall\u2019accordo \u2013 ha precisato la vicepresidente \u2013, Veneto Strade eseguir\u00e0 una campagna di indagini e rilievo di traffico lungo la SR 89 e la viabilit\u00e0 di accesso al litorale jesolano redigendo una relazione delle attivit\u00e0 realizzate corredata dalla relativa documentazione tecnica (cartografie, supporti digitali, &#8230;) a fronte di un finanziamento da parte della Regione di 63 mila euro. Lo studio consentir\u00e0 di evidenzier\u00e0 le criticit\u00e0 eventuali e future che potrebbero derivare dal nuovo assetto viabilistico sia in termini di aumento del traffico, dove sar\u00e0 realizzata la nuova infrastruttura, sia come decremento dello stesso, dal momento che le strade interconnesse non avrebbero pi\u00f9 un ingresso diretto all\u2019arteria stradale\u201d.<\/p>","protected":false},"excerpt":{"rendered":"<p>Dopo la realizzazione dell\u2019inutile Pedemontana veneta, la strada pi\u00f9 costosa d\u2019Europa, come ebbe a definirla Laura Puppato, gi\u00e0 senatrice Pd e consigliera regionale, un&#8217;opera che produce ulteriore debito a carico dei cittadini veneti, la Regione si accorge &#8211; meglio tardi che mai &#8211; dell\u2019opportunit\u00e0 di avere una superstrada, ovviamente a pagamento, lungo la Treviso mare. [&hellip;]<\/p>\n","protected":false},"author":2,"featured_media":85746,"comment_status":"closed","ping_status":"open","sticky":false,"template":"","format":"standard","meta":{"footnotes":""},"categories":[5,26],"tags":[],"class_list":["post-146286","post","type-post","status-publish","format-standard","has-post-thumbnail","category-cronaca","category-prima-pagina"],"yoast_head":"<!-- This site is optimized with the Yoast SEO plugin v28.4 - https:\/\/yoast.com\/product\/yoast-seo-wordpress\/ -->\n<title>La Regione affida a Veneto strade lo studio per la Via del mare - Bellunopress - Dolomiti<\/title>\n<meta name=\"robots\" content=\"index, follow, max-snippet:-1, max-image-preview:large, max-video-preview:-1\" \/>\n<link rel=\"canonical\" href=\"https:\/\/www.bellunopress.it\/fr\/2023\/11\/29\/la-regione-affida-a-veneto-strade-lo-studio-per-la-via-del-mare\/\" \/>\n<meta property=\"og:locale\" content=\"fr_FR\" \/>\n<meta property=\"og:type\" content=\"article\" \/>\n<meta property=\"og:title\" content=\"La Regione affida a Veneto strade lo studio per la Via del mare - Bellunopress - Dolomiti\" \/>\n<meta property=\"og:description\" content=\"Dopo la realizzazione dell\u2019inutile Pedemontana veneta, la strada pi\u00f9 costosa d\u2019Europa, come ebbe a definirla Laura Puppato, gi\u00e0 senatrice Pd e consigliera regionale, un&#8217;opera che produce ulteriore debito a carico dei cittadini veneti, la Regione si accorge &#8211; meglio tardi che mai &#8211; dell\u2019opportunit\u00e0 di avere una superstrada, ovviamente a pagamento, lungo la Treviso mare. [&hellip;]\" \/>\n<meta property=\"og:url\" content=\"https:\/\/www.bellunopress.it\/fr\/2023\/11\/29\/la-regione-affida-a-veneto-strade-lo-studio-per-la-via-del-mare\/\" \/>\n<meta property=\"og:site_name\" content=\"Bellunopress - Dolomiti\" \/>\n<meta property=\"article:publisher\" content=\"https:\/\/www.facebook.com\/profile.php?id=100008943462799\" \/>\n<meta property=\"article:published_time\" content=\"2023-11-29T05:38:02+00:00\" \/>\n<meta property=\"og:image\" content=\"https:\/\/www.bellunopress.it\/wp-content\/uploads\/2017\/04\/De-Berti-assessore.jpg\" \/>\n\t<meta property=\"og:image:width\" content=\"232\" \/>\n\t<meta property=\"og:image:height\" content=\"300\" \/>\n\t<meta property=\"og:image:type\" content=\"image\/jpeg\" \/>\n<meta name=\"author\" content=\"redazione\" \/>\n<meta name=\"twitter:card\" content=\"summary_large_image\" \/>\n<meta name=\"twitter:creator\" content=\"@bellunopress\" \/>\n<meta name=\"twitter:site\" content=\"@bellunopress\" \/>\n<meta name=\"twitter:label1\" content=\"\u00c9crit par\" \/>\n\t<meta name=\"twitter:data1\" content=\"redazione\" \/>\n\t<meta name=\"twitter:label2\" content=\"Dur\u00e9e de lecture estim\u00e9e\" \/>\n\t<meta name=\"twitter:data2\" content=\"2 minutes\" \/>\n<script type=\"application\/ld+json\" class=\"yoast-schema-graph\">{\"@context\":\"https:\\\/\\\/schema.org\",\"@graph\":[{\"@type\":\"Article\",\"@id\":\"https:\\\/\\\/www.bellunopress.it\\\/2023\\\/11\\\/29\\\/la-regione-affida-a-veneto-strade-lo-studio-per-la-via-del-mare\\\/#article\",\"isPartOf\":{\"@id\":\"https:\\\/\\\/www.bellunopress.it\\\/2023\\\/11\\\/29\\\/la-regione-affida-a-veneto-strade-lo-studio-per-la-via-del-mare\\\/\"},\"author\":{\"name\":\"redazione\",\"@id\":\"https:\\\/\\\/www.bellunopress.it\\\/#\\\/schema\\\/person\\\/79bb06722b37ece1c03d3e94beb30d73\"},\"headline\":\"La Regione affida a Veneto strade lo studio per la Via del mare\",\"datePublished\":\"2023-11-29T05:38:02+00:00\",\"mainEntityOfPage\":{\"@id\":\"https:\\\/\\\/www.bellunopress.it\\\/2023\\\/11\\\/29\\\/la-regione-affida-a-veneto-strade-lo-studio-per-la-via-del-mare\\\/\"},\"wordCount\":394,\"publisher\":{\"@id\":\"https:\\\/\\\/www.bellunopress.it\\\/#organization\"},\"image\":{\"@id\":\"https:\\\/\\\/www.bellunopress.it\\\/2023\\\/11\\\/29\\\/la-regione-affida-a-veneto-strade-lo-studio-per-la-via-del-mare\\\/#primaryimage\"},\"thumbnailUrl\":\"https:\\\/\\\/www.bellunopress.it\\\/wp-content\\\/uploads\\\/2017\\\/04\\\/De-Berti-assessore.jpg\",\"articleSection\":[\"Cronaca\\\/Politica\",\"Prima Pagina\"],\"inLanguage\":\"fr-FR\"},{\"@type\":\"WebPage\",\"@id\":\"https:\\\/\\\/www.bellunopress.it\\\/2023\\\/11\\\/29\\\/la-regione-affida-a-veneto-strade-lo-studio-per-la-via-del-mare\\\/\",\"url\":\"https:\\\/\\\/www.bellunopress.it\\\/2023\\\/11\\\/29\\\/la-regione-affida-a-veneto-strade-lo-studio-per-la-via-del-mare\\\/\",\"name\":\"La Regione affida a Veneto strade lo studio per la Via del mare - Bellunopress - Dolomiti\",\"isPartOf\":{\"@id\":\"https:\\\/\\\/www.bellunopress.it\\\/#website\"},\"primaryImageOfPage\":{\"@id\":\"https:\\\/\\\/www.bellunopress.it\\\/2023\\\/11\\\/29\\\/la-regione-affida-a-veneto-strade-lo-studio-per-la-via-del-mare\\\/#primaryimage\"},\"image\":{\"@id\":\"https:\\\/\\\/www.bellunopress.it\\\/2023\\\/11\\\/29\\\/la-regione-affida-a-veneto-strade-lo-studio-per-la-via-del-mare\\\/#primaryimage\"},\"thumbnailUrl\":\"https:\\\/\\\/www.bellunopress.it\\\/wp-content\\\/uploads\\\/2017\\\/04\\\/De-Berti-assessore.jpg\",\"datePublished\":\"2023-11-29T05:38:02+00:00\",\"breadcrumb\":{\"@id\":\"https:\\\/\\\/www.bellunopress.it\\\/2023\\\/11\\\/29\\\/la-regione-affida-a-veneto-strade-lo-studio-per-la-via-del-mare\\\/#breadcrumb\"},\"inLanguage\":\"fr-FR\",\"potentialAction\":[{\"@type\":\"ReadAction\",\"target\":[\"https:\\\/\\\/www.bellunopress.it\\\/2023\\\/11\\\/29\\\/la-regione-affida-a-veneto-strade-lo-studio-per-la-via-del-mare\\\/\"]}]},{\"@type\":\"ImageObject\",\"inLanguage\":\"fr-FR\",\"@id\":\"https:\\\/\\\/www.bellunopress.it\\\/2023\\\/11\\\/29\\\/la-regione-affida-a-veneto-strade-lo-studio-per-la-via-del-mare\\\/#primaryimage\",\"url\":\"https:\\\/\\\/www.bellunopress.it\\\/wp-content\\\/uploads\\\/2017\\\/04\\\/De-Berti-assessore.jpg\",\"contentUrl\":\"https:\\\/\\\/www.bellunopress.it\\\/wp-content\\\/uploads\\\/2017\\\/04\\\/De-Berti-assessore.jpg\",\"width\":232,\"height\":300,\"caption\":\"Elisa De Berti - Vicepresidente della Regione e assessore\"},{\"@type\":\"BreadcrumbList\",\"@id\":\"https:\\\/\\\/www.bellunopress.it\\\/2023\\\/11\\\/29\\\/la-regione-affida-a-veneto-strade-lo-studio-per-la-via-del-mare\\\/#breadcrumb\",\"itemListElement\":[{\"@type\":\"ListItem\",\"position\":1,\"name\":\"Home\",\"item\":\"https:\\\/\\\/www.bellunopress.it\\\/\"},{\"@type\":\"ListItem\",\"position\":2,\"name\":\"La Regione affida a Veneto strade lo studio per la Via del mare\"}]},{\"@type\":\"WebSite\",\"@id\":\"https:\\\/\\\/www.bellunopress.it\\\/#website\",\"url\":\"https:\\\/\\\/www.bellunopress.it\\\/\",\"name\":\"Bellunopress - Dolomiti\",\"description\":\"e-mail: redazione@bellunopress.it\",\"publisher\":{\"@id\":\"https:\\\/\\\/www.bellunopress.it\\\/#organization\"},\"potentialAction\":[{\"@type\":\"SearchAction\",\"target\":{\"@type\":\"EntryPoint\",\"urlTemplate\":\"https:\\\/\\\/www.bellunopress.it\\\/?s={search_term_string}\"},\"query-input\":{\"@type\":\"PropertyValueSpecification\",\"valueRequired\":true,\"valueName\":\"search_term_string\"}}],\"inLanguage\":\"fr-FR\"},{\"@type\":\"Organization\",\"@id\":\"https:\\\/\\\/www.bellunopress.it\\\/#organization\",\"name\":\"Bellunopress\",\"url\":\"https:\\\/\\\/www.bellunopress.it\\\/\",\"logo\":{\"@type\":\"ImageObject\",\"inLanguage\":\"fr-FR\",\"@id\":\"https:\\\/\\\/www.bellunopress.it\\\/#\\\/schema\\\/logo\\\/image\\\/\",\"url\":\"https:\\\/\\\/www.bellunopress.it\\\/wp-content\\\/uploads\\\/2011\\\/05\\\/cropped-logo-bellunopress-.jpg\",\"contentUrl\":\"https:\\\/\\\/www.bellunopress.it\\\/wp-content\\\/uploads\\\/2011\\\/05\\\/cropped-logo-bellunopress-.jpg\",\"width\":512,\"height\":512,\"caption\":\"Bellunopress\"},\"image\":{\"@id\":\"https:\\\/\\\/www.bellunopress.it\\\/#\\\/schema\\\/logo\\\/image\\\/\"},\"sameAs\":[\"https:\\\/\\\/www.facebook.com\\\/profile.php?id=100008943462799\",\"https:\\\/\\\/x.com\\\/bellunopress\",\"https:\\\/\\\/www.linkedin.com\\\/hp\\\/?dnr=JBzUWaJfMUw8vbXJJ2tVW5-I3jZKvC4wsoxE&amp;amp;amp;amp;amp;amp;trk=nav_responsive_tab_home\",\"https:\\\/\\\/www.youtube.com\\\/channel\\\/UCxL0wu1uN0_3_7hGG0306cw\"]},{\"@type\":\"Person\",\"@id\":\"https:\\\/\\\/www.bellunopress.it\\\/#\\\/schema\\\/person\\\/79bb06722b37ece1c03d3e94beb30d73\",\"name\":\"redazione\",\"image\":{\"@type\":\"ImageObject\",\"inLanguage\":\"fr-FR\",\"@id\":\"https:\\\/\\\/secure.gravatar.com\\\/avatar\\\/37d968a2e67a6fd04c169c4bdef102d0bc5d31b2546345219e348575eb80e9a0?s=96&d=mm&r=g\",\"url\":\"https:\\\/\\\/secure.gravatar.com\\\/avatar\\\/37d968a2e67a6fd04c169c4bdef102d0bc5d31b2546345219e348575eb80e9a0?s=96&d=mm&r=g\",\"contentUrl\":\"https:\\\/\\\/secure.gravatar.com\\\/avatar\\\/37d968a2e67a6fd04c169c4bdef102d0bc5d31b2546345219e348575eb80e9a0?s=96&d=mm&r=g\",\"caption\":\"redazione\"},\"sameAs\":[\"http:\\\/\\\/www.bellunopress.it\",\"https:\\\/\\\/x.com\\\/bellunopress\"],\"url\":\"https:\\\/\\\/www.bellunopress.it\\\/fr\\\/author\\\/redazione\\\/\"}]}<\/script>\n<!-- \/ Yoast SEO plugin. -->","yoast_head_json":{"title":"La Regione affida a Veneto strade lo studio per la Via del mare - Bellunopress - Dolomiti","robots":{"index":"index","follow":"follow","max-snippet":"max-snippet:-1","max-image-preview":"max-image-preview:large","max-video-preview":"max-video-preview:-1"},"canonical":"https:\/\/www.bellunopress.it\/fr\/2023\/11\/29\/la-regione-affida-a-veneto-strade-lo-studio-per-la-via-del-mare\/","og_locale":"fr_FR","og_type":"article","og_title":"La Regione affida a Veneto strade lo studio per la Via del mare - Bellunopress - Dolomiti","og_description":"Dopo la realizzazione dell\u2019inutile Pedemontana veneta, la strada pi\u00f9 costosa d\u2019Europa, come ebbe a definirla Laura Puppato, gi\u00e0 senatrice Pd e consigliera regionale, un&#8217;opera che produce ulteriore debito a carico dei cittadini veneti, la Regione si accorge &#8211; meglio tardi che mai &#8211; dell\u2019opportunit\u00e0 di avere una superstrada, ovviamente a pagamento, lungo la Treviso mare. [&hellip;]","og_url":"https:\/\/www.bellunopress.it\/fr\/2023\/11\/29\/la-regione-affida-a-veneto-strade-lo-studio-per-la-via-del-mare\/","og_site_name":"Bellunopress - Dolomiti","article_publisher":"https:\/\/www.facebook.com\/profile.php?id=100008943462799","article_published_time":"2023-11-29T05:38:02+00:00","og_image":[{"width":232,"height":300,"url":"https:\/\/www.bellunopress.it\/wp-content\/uploads\/2017\/04\/De-Berti-assessore.jpg","type":"image\/jpeg"}],"author":"redazione","twitter_card":"summary_large_image","twitter_creator":"@bellunopress","twitter_site":"@bellunopress","twitter_misc":{"\u00c9crit par":"redazione","Dur\u00e9e de lecture estim\u00e9e":"2 minutes"},"schema":{"@context":"https:\/\/schema.org","@graph":[{"@type":"Article","@id":"https:\/\/www.bellunopress.it\/2023\/11\/29\/la-regione-affida-a-veneto-strade-lo-studio-per-la-via-del-mare\/#article","isPartOf":{"@id":"https:\/\/www.bellunopress.it\/2023\/11\/29\/la-regione-affida-a-veneto-strade-lo-studio-per-la-via-del-mare\/"},"author":{"name":"redazione","@id":"https:\/\/www.bellunopress.it\/#\/schema\/person\/79bb06722b37ece1c03d3e94beb30d73"},"headline":"La Regione affida a Veneto strade lo studio per la Via del mare","datePublished":"2023-11-29T05:38:02+00:00","mainEntityOfPage":{"@id":"https:\/\/www.bellunopress.it\/2023\/11\/29\/la-regione-affida-a-veneto-strade-lo-studio-per-la-via-del-mare\/"},"wordCount":394,"publisher":{"@id":"https:\/\/www.bellunopress.it\/#organization"},"image":{"@id":"https:\/\/www.bellunopress.it\/2023\/11\/29\/la-regione-affida-a-veneto-strade-lo-studio-per-la-via-del-mare\/#primaryimage"},"thumbnailUrl":"https:\/\/www.bellunopress.it\/wp-content\/uploads\/2017\/04\/De-Berti-assessore.jpg","articleSection":["Cronaca\/Politica","Prima Pagina"],"inLanguage":"fr-FR"},{"@type":"WebPage","@id":"https:\/\/www.bellunopress.it\/2023\/11\/29\/la-regione-affida-a-veneto-strade-lo-studio-per-la-via-del-mare\/","url":"https:\/\/www.bellunopress.it\/2023\/11\/29\/la-regione-affida-a-veneto-strade-lo-studio-per-la-via-del-mare\/","name":"La Regione affida a Veneto strade lo studio per la Via del mare - Bellunopress - Dolomiti","isPartOf":{"@id":"https:\/\/www.bellunopress.it\/#website"},"primaryImageOfPage":{"@id":"https:\/\/www.bellunopress.it\/2023\/11\/29\/la-regione-affida-a-veneto-strade-lo-studio-per-la-via-del-mare\/#primaryimage"},"image":{"@id":"https:\/\/www.bellunopress.it\/2023\/11\/29\/la-regione-affida-a-veneto-strade-lo-studio-per-la-via-del-mare\/#primaryimage"},"thumbnailUrl":"https:\/\/www.bellunopress.it\/wp-content\/uploads\/2017\/04\/De-Berti-assessore.jpg","datePublished":"2023-11-29T05:38:02+00:00","breadcrumb":{"@id":"https:\/\/www.bellunopress.it\/2023\/11\/29\/la-regione-affida-a-veneto-strade-lo-studio-per-la-via-del-mare\/#breadcrumb"},"inLanguage":"fr-FR","potentialAction":[{"@type":"ReadAction","target":["https:\/\/www.bellunopress.it\/2023\/11\/29\/la-regione-affida-a-veneto-strade-lo-studio-per-la-via-del-mare\/"]}]},{"@type":"ImageObject","inLanguage":"fr-FR","@id":"https:\/\/www.bellunopress.it\/2023\/11\/29\/la-regione-affida-a-veneto-strade-lo-studio-per-la-via-del-mare\/#primaryimage","url":"https:\/\/www.bellunopress.it\/wp-content\/uploads\/2017\/04\/De-Berti-assessore.jpg","contentUrl":"https:\/\/www.bellunopress.it\/wp-content\/uploads\/2017\/04\/De-Berti-assessore.jpg","width":232,"height":300,"caption":"Elisa De Berti - Vicepresidente della Regione e assessore"},{"@type":"BreadcrumbList","@id":"https:\/\/www.bellunopress.it\/2023\/11\/29\/la-regione-affida-a-veneto-strade-lo-studio-per-la-via-del-mare\/#breadcrumb","itemListElement":[{"@type":"ListItem","position":1,"name":"Home","item":"https:\/\/www.bellunopress.it\/"},{"@type":"ListItem","position":2,"name":"La Regione affida a Veneto strade lo studio per la Via del mare"}]},{"@type":"WebSite","@id":"https:\/\/www.bellunopress.it\/#website","url":"https:\/\/www.bellunopress.it\/","name":"Bellunopress - Dolomiti","description":"e-mail: redazione@bellunopress.it","publisher":{"@id":"https:\/\/www.bellunopress.it\/#organization"},"potentialAction":[{"@type":"SearchAction","target":{"@type":"EntryPoint","urlTemplate":"https:\/\/www.bellunopress.it\/?s={search_term_string}"},"query-input":{"@type":"PropertyValueSpecification","valueRequired":true,"valueName":"search_term_string"}}],"inLanguage":"fr-FR"},{"@type":"Organization","@id":"https:\/\/www.bellunopress.it\/#organization","name":"Bellunopress","url":"https:\/\/www.bellunopress.it\/","logo":{"@type":"ImageObject","inLanguage":"fr-FR","@id":"https:\/\/www.bellunopress.it\/#\/schema\/logo\/image\/","url":"https:\/\/www.bellunopress.it\/wp-content\/uploads\/2011\/05\/cropped-logo-bellunopress-.jpg","contentUrl":"https:\/\/www.bellunopress.it\/wp-content\/uploads\/2011\/05\/cropped-logo-bellunopress-.jpg","width":512,"height":512,"caption":"Bellunopress"},"image":{"@id":"https:\/\/www.bellunopress.it\/#\/schema\/logo\/image\/"},"sameAs":["https:\/\/www.facebook.com\/profile.php?id=100008943462799","https:\/\/x.com\/bellunopress","https:\/\/www.linkedin.com\/hp\/?dnr=JBzUWaJfMUw8vbXJJ2tVW5-I3jZKvC4wsoxE&amp;amp;amp;amp;amp;amp;trk=nav_responsive_tab_home","https:\/\/www.youtube.com\/channel\/UCxL0wu1uN0_3_7hGG0306cw"]},{"@type":"Person","@id":"https:\/\/www.bellunopress.it\/#\/schema\/person\/79bb06722b37ece1c03d3e94beb30d73","name":"r\u00e9daction","image":{"@type":"ImageObject","inLanguage":"fr-FR","@id":"https:\/\/secure.gravatar.com\/avatar\/37d968a2e67a6fd04c169c4bdef102d0bc5d31b2546345219e348575eb80e9a0?s=96&d=mm&r=g","url":"https:\/\/secure.gravatar.com\/avatar\/37d968a2e67a6fd04c169c4bdef102d0bc5d31b2546345219e348575eb80e9a0?s=96&d=mm&r=g","contentUrl":"https:\/\/secure.gravatar.com\/avatar\/37d968a2e67a6fd04c169c4bdef102d0bc5d31b2546345219e348575eb80e9a0?s=96&d=mm&r=g","caption":"redazione"},"sameAs":["http:\/\/www.bellunopress.it","https:\/\/x.com\/bellunopress"],"url":"https:\/\/www.bellunopress.it\/fr\/author\/redazione\/"}]}},"_links":{"self":[{"href":"https:\/\/www.bellunopress.it\/fr\/wp-json\/wp\/v2\/posts\/146286","targetHints":{"allow":["GET"]}}],"collection":[{"href":"https:\/\/www.bellunopress.it\/fr\/wp-json\/wp\/v2\/posts"}],"about":[{"href":"https:\/\/www.bellunopress.it\/fr\/wp-json\/wp\/v2\/types\/post"}],"author":[{"embeddable":true,"href":"https:\/\/www.bellunopress.it\/fr\/wp-json\/wp\/v2\/users\/2"}],"replies":[{"embeddable":true,"href":"https:\/\/www.bellunopress.it\/fr\/wp-json\/wp\/v2\/comments?post=146286"}],"version-history":[{"count":1,"href":"https:\/\/www.bellunopress.it\/fr\/wp-json\/wp\/v2\/posts\/146286\/revisions"}],"predecessor-version":[{"id":146287,"href":"https:\/\/www.bellunopress.it\/fr\/wp-json\/wp\/v2\/posts\/146286\/revisions\/146287"}],"wp:featuredmedia":[{"embeddable":true,"href":"https:\/\/www.bellunopress.it\/fr\/wp-json\/wp\/v2\/media\/85746"}],"wp:attachment":[{"href":"https:\/\/www.bellunopress.it\/fr\/wp-json\/wp\/v2\/media?parent=146286"}],"wp:term":[{"taxonomy":"category","embeddable":true,"href":"https:\/\/www.bellunopress.it\/fr\/wp-json\/wp\/v2\/categories?post=146286"},{"taxonomy":"post_tag","embeddable":true,"href":"https:\/\/www.bellunopress.it\/fr\/wp-json\/wp\/v2\/tags?post=146286"}],"curies":[{"name":"wp","href":"https:\/\/api.w.org\/{rel}","templated":true}]}}