{"id":146283,"date":"2023-11-28T12:11:22","date_gmt":"2023-11-28T11:11:22","guid":{"rendered":"https:\/\/www.bellunopress.it\/?p=146283"},"modified":"2023-11-28T19:49:30","modified_gmt":"2023-11-28T18:49:30","slug":"sei-nuovi-dottori-con-unidolomiti","status":"publish","type":"post","link":"https:\/\/www.bellunopress.it\/fr\/2023\/11\/28\/sei-nuovi-dottori-con-unidolomiti\/","title":{"rendered":"Sei nuovi dottori con Unidolomiti"},"content":{"rendered":"<p><img loading=\"lazy\" decoding=\"async\" class=\"alignleft size-full wp-image-146284\" src=\"https:\/\/www.bellunopress.it\/wp-content\/uploads\/2023\/11\/Unidolomiti_edited.jpg\" alt=\"\" width=\"1000\" height=\"773\" srcset=\"https:\/\/www.bellunopress.it\/wp-content\/uploads\/2023\/11\/Unidolomiti_edited.jpg 1000w, https:\/\/www.bellunopress.it\/wp-content\/uploads\/2023\/11\/Unidolomiti_edited-500x387.jpg 500w, https:\/\/www.bellunopress.it\/wp-content\/uploads\/2023\/11\/Unidolomiti_edited-696x538.jpg 696w\" sizes=\"auto, (max-width: 1000px) 100vw, 1000px\" \/>Fiocchi rossi per &#8220;Unidolomiti&#8221;, il Polo territoriale della SSML\/Istituto ad Ordinamento universitario &#8220;San Domenico&#8221; di Roma e settore dell&#8217;Universit\u00e0 e dell&#8217;Alta formazione del Centro Consorzi di Belluno.<\/p>\n<p>Si sono svolte, nella giornata di marted\u00ec 21 novembre 2023, le lauree di sei studenti che risiedono in Provincia di Belluno e che hanno ottenuto ottimi risultati: Marta Ben, Dounia Decet, Melania Menegol, Carolina Mezzacasa, Fabio Vesentini e Vanessa Zambon. Due 110 e lode, due 110, un 106 ed un 103. Soddisfazione espressa dai vertici del Polo, prof.ssa Francesca Ferrazza (Coordinatrice didattica e Referente), prof. Daniele Trabucco (Vice\/Referente), dott. Michele Talo (Presidente), e dalle autorit\u00e0 dell&#8217;Istituto di grado universitario &#8220;san Domenico&#8221;. Un grande successo non solo per i risultati conseguiti, ma anche per i risvolti in termini occupazionali dei neo\/laureati a conferma sia della crescita del Polo, sia delle sue proposte formative che stanno ottenendo consenso in tutto il territorio nazionale. In particolare, va sottolineato il lavoro di ricerca della dott.ssa Melania Menegol dal titolo &#8220;Dolomiti, patrimonio UNESCO e sostenibilit\u00e0 ambientale: un&#8217;analisi dell&#8217;impatto umano sull&#8217;ecosistema fragile attraverso diverse prospettive e un confronto con El Parque de Los Picos de Europa&#8221;, che ha analizzato l&#8217;impatto delle Dolomiti bellunesi da un punto di vista del richiamo turistico e paesaggistico.<\/p>\n<p>&#8220;Unidolomiti&#8221; non si ferma qui &#8211; ha dichiarato il presidente Michele Talo &#8211; in quanto nel prossimo futuro \u00e8 prevista l&#8217;attivazione di nuovi corsi di laurea in sinergia con Atenei italiani e stranieri e, per quanto concerne il percorso di Mediazione Linguistica (classe di laurea L\/12), l&#8217;introduzione di nuovi indirizzi, in aggiunta a quelli esistenti (criminologia, politologia\/diplomazia, marketing e sviluppo locale), concernenti il turismo&#8221;.<\/p>","protected":false},"excerpt":{"rendered":"<p>Fiocchi rossi per &#8220;Unidolomiti&#8221;, il Polo territoriale della SSML\/Istituto ad Ordinamento universitario &#8220;San Domenico&#8221; di Roma e settore dell&#8217;Universit\u00e0 e dell&#8217;Alta formazione del Centro Consorzi di Belluno. Si sono svolte, nella giornata di marted\u00ec 21 novembre 2023, le lauree di sei studenti che risiedono in Provincia di Belluno e che hanno ottenuto ottimi risultati: Marta [&hellip;]<\/p>\n","protected":false},"author":2,"featured_media":146284,"comment_status":"closed","ping_status":"open","sticky":false,"template":"","format":"standard","meta":{"footnotes":""},"categories":[15],"tags":[],"class_list":["post-146283","post","type-post","status-publish","format-standard","has-post-thumbnail","category-scuola"],"yoast_head":"<!-- This site is optimized with the Yoast SEO plugin v28.4 - https:\/\/yoast.com\/product\/yoast-seo-wordpress\/ -->\n<title>Sei nuovi dottori con Unidolomiti - Bellunopress - Dolomiti<\/title>\n<meta name=\"robots\" content=\"index, follow, max-snippet:-1, max-image-preview:large, max-video-preview:-1\" \/>\n<link rel=\"canonical\" href=\"https:\/\/www.bellunopress.it\/fr\/2023\/11\/28\/sei-nuovi-dottori-con-unidolomiti\/\" \/>\n<meta property=\"og:locale\" content=\"fr_FR\" \/>\n<meta property=\"og:type\" content=\"article\" \/>\n<meta property=\"og:title\" content=\"Sei nuovi dottori con Unidolomiti - Bellunopress - Dolomiti\" \/>\n<meta property=\"og:description\" content=\"Fiocchi rossi per &#8220;Unidolomiti&#8221;, il Polo territoriale della SSML\/Istituto ad Ordinamento universitario &#8220;San Domenico&#8221; di Roma e settore dell&#8217;Universit\u00e0 e dell&#8217;Alta formazione del Centro Consorzi di Belluno. Si sono svolte, nella giornata di marted\u00ec 21 novembre 2023, le lauree di sei studenti che risiedono in Provincia di Belluno e che hanno ottenuto ottimi risultati: Marta [&hellip;]\" \/>\n<meta property=\"og:url\" content=\"https:\/\/www.bellunopress.it\/fr\/2023\/11\/28\/sei-nuovi-dottori-con-unidolomiti\/\" \/>\n<meta property=\"og:site_name\" content=\"Bellunopress - Dolomiti\" \/>\n<meta property=\"article:publisher\" content=\"https:\/\/www.facebook.com\/profile.php?id=100008943462799\" \/>\n<meta property=\"article:published_time\" content=\"2023-11-28T11:11:22+00:00\" \/>\n<meta property=\"article:modified_time\" content=\"2023-11-28T18:49:30+00:00\" \/>\n<meta property=\"og:image\" content=\"https:\/\/www.bellunopress.it\/wp-content\/uploads\/2023\/11\/Unidolomiti_edited.jpg\" \/>\n\t<meta property=\"og:image:width\" content=\"1000\" \/>\n\t<meta property=\"og:image:height\" content=\"773\" \/>\n\t<meta property=\"og:image:type\" content=\"image\/jpeg\" \/>\n<meta name=\"author\" content=\"redazione\" \/>\n<meta name=\"twitter:card\" content=\"summary_large_image\" \/>\n<meta name=\"twitter:creator\" content=\"@bellunopress\" \/>\n<meta name=\"twitter:site\" content=\"@bellunopress\" \/>\n<meta name=\"twitter:label1\" content=\"\u00c9crit par\" \/>\n\t<meta name=\"twitter:data1\" content=\"redazione\" \/>\n\t<meta name=\"twitter:label2\" content=\"Dur\u00e9e de lecture estim\u00e9e\" \/>\n\t<meta name=\"twitter:data2\" content=\"1 minute\" \/>\n<script type=\"application\/ld+json\" class=\"yoast-schema-graph\">{\"@context\":\"https:\\\/\\\/schema.org\",\"@graph\":[{\"@type\":\"Article\",\"@id\":\"https:\\\/\\\/www.bellunopress.it\\\/2023\\\/11\\\/28\\\/sei-nuovi-dottori-con-unidolomiti\\\/#article\",\"isPartOf\":{\"@id\":\"https:\\\/\\\/www.bellunopress.it\\\/2023\\\/11\\\/28\\\/sei-nuovi-dottori-con-unidolomiti\\\/\"},\"author\":{\"name\":\"redazione\",\"@id\":\"https:\\\/\\\/www.bellunopress.it\\\/#\\\/schema\\\/person\\\/79bb06722b37ece1c03d3e94beb30d73\"},\"headline\":\"Sei nuovi dottori con Unidolomiti\",\"datePublished\":\"2023-11-28T11:11:22+00:00\",\"dateModified\":\"2023-11-28T18:49:30+00:00\",\"mainEntityOfPage\":{\"@id\":\"https:\\\/\\\/www.bellunopress.it\\\/2023\\\/11\\\/28\\\/sei-nuovi-dottori-con-unidolomiti\\\/\"},\"wordCount\":281,\"publisher\":{\"@id\":\"https:\\\/\\\/www.bellunopress.it\\\/#organization\"},\"image\":{\"@id\":\"https:\\\/\\\/www.bellunopress.it\\\/2023\\\/11\\\/28\\\/sei-nuovi-dottori-con-unidolomiti\\\/#primaryimage\"},\"thumbnailUrl\":\"https:\\\/\\\/www.bellunopress.it\\\/wp-content\\\/uploads\\\/2023\\\/11\\\/Unidolomiti_edited.jpg\",\"articleSection\":[\"Scuola\"],\"inLanguage\":\"fr-FR\"},{\"@type\":\"WebPage\",\"@id\":\"https:\\\/\\\/www.bellunopress.it\\\/2023\\\/11\\\/28\\\/sei-nuovi-dottori-con-unidolomiti\\\/\",\"url\":\"https:\\\/\\\/www.bellunopress.it\\\/2023\\\/11\\\/28\\\/sei-nuovi-dottori-con-unidolomiti\\\/\",\"name\":\"Sei nuovi dottori con Unidolomiti - Bellunopress - Dolomiti\",\"isPartOf\":{\"@id\":\"https:\\\/\\\/www.bellunopress.it\\\/#website\"},\"primaryImageOfPage\":{\"@id\":\"https:\\\/\\\/www.bellunopress.it\\\/2023\\\/11\\\/28\\\/sei-nuovi-dottori-con-unidolomiti\\\/#primaryimage\"},\"image\":{\"@id\":\"https:\\\/\\\/www.bellunopress.it\\\/2023\\\/11\\\/28\\\/sei-nuovi-dottori-con-unidolomiti\\\/#primaryimage\"},\"thumbnailUrl\":\"https:\\\/\\\/www.bellunopress.it\\\/wp-content\\\/uploads\\\/2023\\\/11\\\/Unidolomiti_edited.jpg\",\"datePublished\":\"2023-11-28T11:11:22+00:00\",\"dateModified\":\"2023-11-28T18:49:30+00:00\",\"breadcrumb\":{\"@id\":\"https:\\\/\\\/www.bellunopress.it\\\/2023\\\/11\\\/28\\\/sei-nuovi-dottori-con-unidolomiti\\\/#breadcrumb\"},\"inLanguage\":\"fr-FR\",\"potentialAction\":[{\"@type\":\"ReadAction\",\"target\":[\"https:\\\/\\\/www.bellunopress.it\\\/2023\\\/11\\\/28\\\/sei-nuovi-dottori-con-unidolomiti\\\/\"]}]},{\"@type\":\"ImageObject\",\"inLanguage\":\"fr-FR\",\"@id\":\"https:\\\/\\\/www.bellunopress.it\\\/2023\\\/11\\\/28\\\/sei-nuovi-dottori-con-unidolomiti\\\/#primaryimage\",\"url\":\"https:\\\/\\\/www.bellunopress.it\\\/wp-content\\\/uploads\\\/2023\\\/11\\\/Unidolomiti_edited.jpg\",\"contentUrl\":\"https:\\\/\\\/www.bellunopress.it\\\/wp-content\\\/uploads\\\/2023\\\/11\\\/Unidolomiti_edited.jpg\",\"width\":1000,\"height\":773},{\"@type\":\"BreadcrumbList\",\"@id\":\"https:\\\/\\\/www.bellunopress.it\\\/2023\\\/11\\\/28\\\/sei-nuovi-dottori-con-unidolomiti\\\/#breadcrumb\",\"itemListElement\":[{\"@type\":\"ListItem\",\"position\":1,\"name\":\"Home\",\"item\":\"https:\\\/\\\/www.bellunopress.it\\\/\"},{\"@type\":\"ListItem\",\"position\":2,\"name\":\"Sei nuovi dottori con Unidolomiti\"}]},{\"@type\":\"WebSite\",\"@id\":\"https:\\\/\\\/www.bellunopress.it\\\/#website\",\"url\":\"https:\\\/\\\/www.bellunopress.it\\\/\",\"name\":\"Bellunopress - Dolomiti\",\"description\":\"e-mail: redazione@bellunopress.it\",\"publisher\":{\"@id\":\"https:\\\/\\\/www.bellunopress.it\\\/#organization\"},\"potentialAction\":[{\"@type\":\"SearchAction\",\"target\":{\"@type\":\"EntryPoint\",\"urlTemplate\":\"https:\\\/\\\/www.bellunopress.it\\\/?s={search_term_string}\"},\"query-input\":{\"@type\":\"PropertyValueSpecification\",\"valueRequired\":true,\"valueName\":\"search_term_string\"}}],\"inLanguage\":\"fr-FR\"},{\"@type\":\"Organization\",\"@id\":\"https:\\\/\\\/www.bellunopress.it\\\/#organization\",\"name\":\"Bellunopress\",\"url\":\"https:\\\/\\\/www.bellunopress.it\\\/\",\"logo\":{\"@type\":\"ImageObject\",\"inLanguage\":\"fr-FR\",\"@id\":\"https:\\\/\\\/www.bellunopress.it\\\/#\\\/schema\\\/logo\\\/image\\\/\",\"url\":\"https:\\\/\\\/www.bellunopress.it\\\/wp-content\\\/uploads\\\/2011\\\/05\\\/cropped-logo-bellunopress-.jpg\",\"contentUrl\":\"https:\\\/\\\/www.bellunopress.it\\\/wp-content\\\/uploads\\\/2011\\\/05\\\/cropped-logo-bellunopress-.jpg\",\"width\":512,\"height\":512,\"caption\":\"Bellunopress\"},\"image\":{\"@id\":\"https:\\\/\\\/www.bellunopress.it\\\/#\\\/schema\\\/logo\\\/image\\\/\"},\"sameAs\":[\"https:\\\/\\\/www.facebook.com\\\/profile.php?id=100008943462799\",\"https:\\\/\\\/x.com\\\/bellunopress\",\"https:\\\/\\\/www.linkedin.com\\\/hp\\\/?dnr=JBzUWaJfMUw8vbXJJ2tVW5-I3jZKvC4wsoxE&amp;amp;amp;amp;amp;amp;trk=nav_responsive_tab_home\",\"https:\\\/\\\/www.youtube.com\\\/channel\\\/UCxL0wu1uN0_3_7hGG0306cw\"]},{\"@type\":\"Person\",\"@id\":\"https:\\\/\\\/www.bellunopress.it\\\/#\\\/schema\\\/person\\\/79bb06722b37ece1c03d3e94beb30d73\",\"name\":\"redazione\",\"image\":{\"@type\":\"ImageObject\",\"inLanguage\":\"fr-FR\",\"@id\":\"https:\\\/\\\/secure.gravatar.com\\\/avatar\\\/37d968a2e67a6fd04c169c4bdef102d0bc5d31b2546345219e348575eb80e9a0?s=96&d=mm&r=g\",\"url\":\"https:\\\/\\\/secure.gravatar.com\\\/avatar\\\/37d968a2e67a6fd04c169c4bdef102d0bc5d31b2546345219e348575eb80e9a0?s=96&d=mm&r=g\",\"contentUrl\":\"https:\\\/\\\/secure.gravatar.com\\\/avatar\\\/37d968a2e67a6fd04c169c4bdef102d0bc5d31b2546345219e348575eb80e9a0?s=96&d=mm&r=g\",\"caption\":\"redazione\"},\"sameAs\":[\"http:\\\/\\\/www.bellunopress.it\",\"https:\\\/\\\/x.com\\\/bellunopress\"],\"url\":\"https:\\\/\\\/www.bellunopress.it\\\/fr\\\/author\\\/redazione\\\/\"}]}<\/script>\n<!-- \/ Yoast SEO plugin. -->","yoast_head_json":{"title":"Sei nuovi dottori con Unidolomiti - Bellunopress - Dolomiti","robots":{"index":"index","follow":"follow","max-snippet":"max-snippet:-1","max-image-preview":"max-image-preview:large","max-video-preview":"max-video-preview:-1"},"canonical":"https:\/\/www.bellunopress.it\/fr\/2023\/11\/28\/sei-nuovi-dottori-con-unidolomiti\/","og_locale":"fr_FR","og_type":"article","og_title":"Sei nuovi dottori con Unidolomiti - Bellunopress - Dolomiti","og_description":"Fiocchi rossi per &#8220;Unidolomiti&#8221;, il Polo territoriale della SSML\/Istituto ad Ordinamento universitario &#8220;San Domenico&#8221; di Roma e settore dell&#8217;Universit\u00e0 e dell&#8217;Alta formazione del Centro Consorzi di Belluno. Si sono svolte, nella giornata di marted\u00ec 21 novembre 2023, le lauree di sei studenti che risiedono in Provincia di Belluno e che hanno ottenuto ottimi risultati: Marta [&hellip;]","og_url":"https:\/\/www.bellunopress.it\/fr\/2023\/11\/28\/sei-nuovi-dottori-con-unidolomiti\/","og_site_name":"Bellunopress - Dolomiti","article_publisher":"https:\/\/www.facebook.com\/profile.php?id=100008943462799","article_published_time":"2023-11-28T11:11:22+00:00","article_modified_time":"2023-11-28T18:49:30+00:00","og_image":[{"width":1000,"height":773,"url":"https:\/\/www.bellunopress.it\/wp-content\/uploads\/2023\/11\/Unidolomiti_edited.jpg","type":"image\/jpeg"}],"author":"redazione","twitter_card":"summary_large_image","twitter_creator":"@bellunopress","twitter_site":"@bellunopress","twitter_misc":{"\u00c9crit par":"redazione","Dur\u00e9e de lecture estim\u00e9e":"1 minute"},"schema":{"@context":"https:\/\/schema.org","@graph":[{"@type":"Article","@id":"https:\/\/www.bellunopress.it\/2023\/11\/28\/sei-nuovi-dottori-con-unidolomiti\/#article","isPartOf":{"@id":"https:\/\/www.bellunopress.it\/2023\/11\/28\/sei-nuovi-dottori-con-unidolomiti\/"},"author":{"name":"redazione","@id":"https:\/\/www.bellunopress.it\/#\/schema\/person\/79bb06722b37ece1c03d3e94beb30d73"},"headline":"Sei nuovi dottori con Unidolomiti","datePublished":"2023-11-28T11:11:22+00:00","dateModified":"2023-11-28T18:49:30+00:00","mainEntityOfPage":{"@id":"https:\/\/www.bellunopress.it\/2023\/11\/28\/sei-nuovi-dottori-con-unidolomiti\/"},"wordCount":281,"publisher":{"@id":"https:\/\/www.bellunopress.it\/#organization"},"image":{"@id":"https:\/\/www.bellunopress.it\/2023\/11\/28\/sei-nuovi-dottori-con-unidolomiti\/#primaryimage"},"thumbnailUrl":"https:\/\/www.bellunopress.it\/wp-content\/uploads\/2023\/11\/Unidolomiti_edited.jpg","articleSection":["Scuola"],"inLanguage":"fr-FR"},{"@type":"WebPage","@id":"https:\/\/www.bellunopress.it\/2023\/11\/28\/sei-nuovi-dottori-con-unidolomiti\/","url":"https:\/\/www.bellunopress.it\/2023\/11\/28\/sei-nuovi-dottori-con-unidolomiti\/","name":"Sei nuovi dottori con Unidolomiti - Bellunopress - Dolomiti","isPartOf":{"@id":"https:\/\/www.bellunopress.it\/#website"},"primaryImageOfPage":{"@id":"https:\/\/www.bellunopress.it\/2023\/11\/28\/sei-nuovi-dottori-con-unidolomiti\/#primaryimage"},"image":{"@id":"https:\/\/www.bellunopress.it\/2023\/11\/28\/sei-nuovi-dottori-con-unidolomiti\/#primaryimage"},"thumbnailUrl":"https:\/\/www.bellunopress.it\/wp-content\/uploads\/2023\/11\/Unidolomiti_edited.jpg","datePublished":"2023-11-28T11:11:22+00:00","dateModified":"2023-11-28T18:49:30+00:00","breadcrumb":{"@id":"https:\/\/www.bellunopress.it\/2023\/11\/28\/sei-nuovi-dottori-con-unidolomiti\/#breadcrumb"},"inLanguage":"fr-FR","potentialAction":[{"@type":"ReadAction","target":["https:\/\/www.bellunopress.it\/2023\/11\/28\/sei-nuovi-dottori-con-unidolomiti\/"]}]},{"@type":"ImageObject","inLanguage":"fr-FR","@id":"https:\/\/www.bellunopress.it\/2023\/11\/28\/sei-nuovi-dottori-con-unidolomiti\/#primaryimage","url":"https:\/\/www.bellunopress.it\/wp-content\/uploads\/2023\/11\/Unidolomiti_edited.jpg","contentUrl":"https:\/\/www.bellunopress.it\/wp-content\/uploads\/2023\/11\/Unidolomiti_edited.jpg","width":1000,"height":773},{"@type":"BreadcrumbList","@id":"https:\/\/www.bellunopress.it\/2023\/11\/28\/sei-nuovi-dottori-con-unidolomiti\/#breadcrumb","itemListElement":[{"@type":"ListItem","position":1,"name":"Home","item":"https:\/\/www.bellunopress.it\/"},{"@type":"ListItem","position":2,"name":"Sei nuovi dottori con Unidolomiti"}]},{"@type":"WebSite","@id":"https:\/\/www.bellunopress.it\/#website","url":"https:\/\/www.bellunopress.it\/","name":"Bellunopress - Dolomiti","description":"e-mail: redazione@bellunopress.it","publisher":{"@id":"https:\/\/www.bellunopress.it\/#organization"},"potentialAction":[{"@type":"SearchAction","target":{"@type":"EntryPoint","urlTemplate":"https:\/\/www.bellunopress.it\/?s={search_term_string}"},"query-input":{"@type":"PropertyValueSpecification","valueRequired":true,"valueName":"search_term_string"}}],"inLanguage":"fr-FR"},{"@type":"Organization","@id":"https:\/\/www.bellunopress.it\/#organization","name":"Bellunopress","url":"https:\/\/www.bellunopress.it\/","logo":{"@type":"ImageObject","inLanguage":"fr-FR","@id":"https:\/\/www.bellunopress.it\/#\/schema\/logo\/image\/","url":"https:\/\/www.bellunopress.it\/wp-content\/uploads\/2011\/05\/cropped-logo-bellunopress-.jpg","contentUrl":"https:\/\/www.bellunopress.it\/wp-content\/uploads\/2011\/05\/cropped-logo-bellunopress-.jpg","width":512,"height":512,"caption":"Bellunopress"},"image":{"@id":"https:\/\/www.bellunopress.it\/#\/schema\/logo\/image\/"},"sameAs":["https:\/\/www.facebook.com\/profile.php?id=100008943462799","https:\/\/x.com\/bellunopress","https:\/\/www.linkedin.com\/hp\/?dnr=JBzUWaJfMUw8vbXJJ2tVW5-I3jZKvC4wsoxE&amp;amp;amp;amp;amp;amp;trk=nav_responsive_tab_home","https:\/\/www.youtube.com\/channel\/UCxL0wu1uN0_3_7hGG0306cw"]},{"@type":"Person","@id":"https:\/\/www.bellunopress.it\/#\/schema\/person\/79bb06722b37ece1c03d3e94beb30d73","name":"r\u00e9daction","image":{"@type":"ImageObject","inLanguage":"fr-FR","@id":"https:\/\/secure.gravatar.com\/avatar\/37d968a2e67a6fd04c169c4bdef102d0bc5d31b2546345219e348575eb80e9a0?s=96&d=mm&r=g","url":"https:\/\/secure.gravatar.com\/avatar\/37d968a2e67a6fd04c169c4bdef102d0bc5d31b2546345219e348575eb80e9a0?s=96&d=mm&r=g","contentUrl":"https:\/\/secure.gravatar.com\/avatar\/37d968a2e67a6fd04c169c4bdef102d0bc5d31b2546345219e348575eb80e9a0?s=96&d=mm&r=g","caption":"redazione"},"sameAs":["http:\/\/www.bellunopress.it","https:\/\/x.com\/bellunopress"],"url":"https:\/\/www.bellunopress.it\/fr\/author\/redazione\/"}]}},"_links":{"self":[{"href":"https:\/\/www.bellunopress.it\/fr\/wp-json\/wp\/v2\/posts\/146283","targetHints":{"allow":["GET"]}}],"collection":[{"href":"https:\/\/www.bellunopress.it\/fr\/wp-json\/wp\/v2\/posts"}],"about":[{"href":"https:\/\/www.bellunopress.it\/fr\/wp-json\/wp\/v2\/types\/post"}],"author":[{"embeddable":true,"href":"https:\/\/www.bellunopress.it\/fr\/wp-json\/wp\/v2\/users\/2"}],"replies":[{"embeddable":true,"href":"https:\/\/www.bellunopress.it\/fr\/wp-json\/wp\/v2\/comments?post=146283"}],"version-history":[{"count":1,"href":"https:\/\/www.bellunopress.it\/fr\/wp-json\/wp\/v2\/posts\/146283\/revisions"}],"predecessor-version":[{"id":146285,"href":"https:\/\/www.bellunopress.it\/fr\/wp-json\/wp\/v2\/posts\/146283\/revisions\/146285"}],"wp:featuredmedia":[{"embeddable":true,"href":"https:\/\/www.bellunopress.it\/fr\/wp-json\/wp\/v2\/media\/146284"}],"wp:attachment":[{"href":"https:\/\/www.bellunopress.it\/fr\/wp-json\/wp\/v2\/media?parent=146283"}],"wp:term":[{"taxonomy":"category","embeddable":true,"href":"https:\/\/www.bellunopress.it\/fr\/wp-json\/wp\/v2\/categories?post=146283"},{"taxonomy":"post_tag","embeddable":true,"href":"https:\/\/www.bellunopress.it\/fr\/wp-json\/wp\/v2\/tags?post=146283"}],"curies":[{"name":"wp","href":"https:\/\/api.w.org\/{rel}","templated":true}]}}