{"id":146276,"date":"2023-11-28T13:34:21","date_gmt":"2023-11-28T12:34:21","guid":{"rendered":"https:\/\/www.bellunopress.it\/?p=146276"},"modified":"2023-11-28T13:34:21","modified_gmt":"2023-11-28T12:34:21","slug":"laghetto-artificiale-del-nevegal-aggiudicata-la-gara-per-la-realizzazione-del-bacino","status":"publish","type":"post","link":"https:\/\/www.bellunopress.it\/fr\/2023\/11\/28\/laghetto-artificiale-del-nevegal-aggiudicata-la-gara-per-la-realizzazione-del-bacino\/","title":{"rendered":"Laghetto artificiale del Nevegal: aggiudicata la gara per la realizzazione del bacino"},"content":{"rendered":"<figure id=\"attachment_137997\" aria-describedby=\"caption-attachment-137997\" style=\"width: 1000px\" class=\"wp-caption alignleft\"><img loading=\"lazy\" decoding=\"async\" class=\"size-full wp-image-137997\" src=\"https:\/\/www.bellunopress.it\/wp-content\/uploads\/2022\/11\/Oscar-De-Pellegrin_edited.jpg\" alt=\"\" width=\"1000\" height=\"727\" srcset=\"https:\/\/www.bellunopress.it\/wp-content\/uploads\/2022\/11\/Oscar-De-Pellegrin_edited.jpg 1000w, https:\/\/www.bellunopress.it\/wp-content\/uploads\/2022\/11\/Oscar-De-Pellegrin_edited-500x364.jpg 500w, https:\/\/www.bellunopress.it\/wp-content\/uploads\/2022\/11\/Oscar-De-Pellegrin_edited-696x506.jpg 696w, https:\/\/www.bellunopress.it\/wp-content\/uploads\/2022\/11\/Oscar-De-Pellegrin_edited-578x420.jpg 578w, https:\/\/www.bellunopress.it\/wp-content\/uploads\/2022\/11\/Oscar-De-Pellegrin_edited-324x235.jpg 324w\" sizes=\"auto, (max-width: 1000px) 100vw, 1000px\" \/><figcaption id=\"caption-attachment-137997\" class=\"wp-caption-text\">Oscar De Pellegrin, sindaco di Belluno<\/figcaption><\/figure>\n<p><em><strong>Sindaco Oscar De Pellegrin: \u201cOpera attesa da tutti\u201d<\/strong><\/em><\/p>\n<p>Aggiudicata la gara per la realizzazione del laghetto del Nevegal. Con un ribasso di base d\u2019asta del 4%, i lavori sono stati aggiudicati dal raggruppamento temporaneo di concorrenti formato da una ditta locale e una trentina, la \u201cCunaccia Bruno srl (mandataria) \u2013 Impresa Costruzioni Tollot srl (mandante)\u201d, per un importo contrattuale di 1 milione 216,975 su base d\u2019asta di 1 milione 270.417. Il cantiere prender\u00e0 il via a primavera e si stima che la durata complessiva sar\u00e0 di circa 6 mesi.<\/p>\n<p>\u201cUn altro progetto finanziato dai fondi PNRR portato a casa \u2013 commenta il sindaco Oscar De Pellegrin -, per il Nevegal si tratta del secondo dopo quello di riqualificazione del piazzale i cui lavori sono gi\u00e0 partiti. Stiamo portando avanti opere per 34 milioni 351 mila euro solo per quanto riguarda la partita del PNRR. Una partita enorme, nella quale i nostri uffici stanno lavorando tutti i giorni ininterrottamente, praticamente dedicandosi quasi solo a questo, da quando ci siamo insediati. Siamo nella fase cruciale per molti progetti, da qui qualche anno il volto della nostra citt\u00e0 cambier\u00e0\u201d.<br \/>\n\u201cAbbiamo avuto 13 offerte per questo cantiere \u2013 rivela l\u2019assessore ai lavori pubblici, Franco Roccon -, un dato evidentemente molto positivo. Parliamo di un intervento fortemente atteso dagli operatori del Colle e non solo, un progetto partito con la precedente amministrazione, che noi abbiamo preso in mano e concretizzato riuscendo a sbrogliare non poche matasse, tra le quali il parere inizialmente negativo di Genio civile e Soprintendenza. Oggi \u00e8 una grande giornata, abbiamo compiuto un altro passo in avanti lungo la strada della riqualificazione del nostro amato Nevegal\u201d.<\/p>\n<p>Il nuovo bacino di accumulo verra\u0300 realizzato in localita\u0300 La Grava, in prossimita\u0300 della pista da sci denominata \u201cRaccordo Col dei Pez\u201d nei pressi del rifugio \u201cLa Grava\u201d, alla quota di circa 1.200m s.l.m. su un\u2019area di moderata pendenza che e\u0300 stata oggetto di esbosco dopo gli effetti causati dal vento generato dalla nota \u201ctempesta Vaia\u201d del 2018. Avr\u00e0 lo scopo di approvvigionamento idrico in caso di incendi e di innevamento. L\u2019area convolta risulta facilmente accessibile da Piazzale Nevegal e dista circa 500 metri da \u201cCol dei Pez\u201d dove sono presenti le infrastrutture della rete acquedottistica e l\u2019arrivo dell\u2019approvvigionamento idrico. Sulla stessa area sono presenti anche la stazione di monte della seggiovia \u201cNevegal \u2013 Col dei Pez\u201d e la relativa fornitura elettrica.<br \/>\nLa capacit\u00e0 di invaso del bacino sar\u00e0 pari a circa 28.640m3 e la vasca sar\u00e0 dotata di opere accessorie necessarie come il tunnel ispezionabile e annesso locale tecnico, lo sfioratore di superficie, canaletta di guardia, vasca di dissipazione e raccolta delle acque da smaltire, opera di dissipazione e restituzione in alveo e recinzione perimetrale. Sar\u00e0 realizzata anche una viabilit\u00e0 di servizio per l\u2019accesso al coronamento del bacino, per l\u2019accesso al locale tecnico e al tunnel ispezionabile. Il progetto prevede anche la necessita\u0300 di eseguire complessivamente circa 19.273m3 di scavo ed altrettanti di riporto interessando una superficie pari a circa 13.425m2.<\/p>\n<p>&nbsp;<\/p>\n<p>&nbsp;<\/p>\n<p>&nbsp;<\/p>\n<p>&nbsp;<\/p>","protected":false},"excerpt":{"rendered":"<p>Sindaco Oscar De Pellegrin: \u201cOpera attesa da tutti\u201d Aggiudicata la gara per la realizzazione del laghetto del Nevegal. Con un ribasso di base d\u2019asta del 4%, i lavori sono stati aggiudicati dal raggruppamento temporaneo di concorrenti formato da una ditta locale e una trentina, la \u201cCunaccia Bruno srl (mandataria) \u2013 Impresa Costruzioni Tollot srl (mandante)\u201d, [&hellip;]<\/p>\n","protected":false},"author":2,"featured_media":137997,"comment_status":"closed","ping_status":"open","sticky":false,"template":"","format":"standard","meta":{"footnotes":""},"categories":[5,26],"tags":[],"class_list":["post-146276","post","type-post","status-publish","format-standard","has-post-thumbnail","category-cronaca","category-prima-pagina"],"yoast_head":"<!-- This site is optimized with the Yoast SEO plugin v28.4 - https:\/\/yoast.com\/product\/yoast-seo-wordpress\/ -->\n<title>Laghetto artificiale del Nevegal: aggiudicata la gara per la realizzazione del bacino - Bellunopress - Dolomiti<\/title>\n<meta name=\"robots\" content=\"index, follow, max-snippet:-1, max-image-preview:large, max-video-preview:-1\" \/>\n<link rel=\"canonical\" href=\"https:\/\/www.bellunopress.it\/fr\/2023\/11\/28\/laghetto-artificiale-del-nevegal-aggiudicata-la-gara-per-la-realizzazione-del-bacino\/\" \/>\n<meta property=\"og:locale\" content=\"fr_FR\" \/>\n<meta property=\"og:type\" content=\"article\" \/>\n<meta property=\"og:title\" content=\"Laghetto artificiale del Nevegal: aggiudicata la gara per la realizzazione del bacino - Bellunopress - Dolomiti\" \/>\n<meta property=\"og:description\" content=\"Sindaco Oscar De Pellegrin: \u201cOpera attesa da tutti\u201d Aggiudicata la gara per la realizzazione del laghetto del Nevegal. Con un ribasso di base d\u2019asta del 4%, i lavori sono stati aggiudicati dal raggruppamento temporaneo di concorrenti formato da una ditta locale e una trentina, la \u201cCunaccia Bruno srl (mandataria) \u2013 Impresa Costruzioni Tollot srl (mandante)\u201d, [&hellip;]\" \/>\n<meta property=\"og:url\" content=\"https:\/\/www.bellunopress.it\/fr\/2023\/11\/28\/laghetto-artificiale-del-nevegal-aggiudicata-la-gara-per-la-realizzazione-del-bacino\/\" \/>\n<meta property=\"og:site_name\" content=\"Bellunopress - Dolomiti\" \/>\n<meta property=\"article:publisher\" content=\"https:\/\/www.facebook.com\/profile.php?id=100008943462799\" \/>\n<meta property=\"article:published_time\" content=\"2023-11-28T12:34:21+00:00\" \/>\n<meta property=\"og:image\" content=\"https:\/\/www.bellunopress.it\/wp-content\/uploads\/2022\/11\/Oscar-De-Pellegrin_edited.jpg\" \/>\n\t<meta property=\"og:image:width\" content=\"1000\" \/>\n\t<meta property=\"og:image:height\" content=\"727\" \/>\n\t<meta property=\"og:image:type\" content=\"image\/jpeg\" \/>\n<meta name=\"author\" content=\"redazione\" \/>\n<meta name=\"twitter:card\" content=\"summary_large_image\" \/>\n<meta name=\"twitter:creator\" content=\"@bellunopress\" \/>\n<meta name=\"twitter:site\" content=\"@bellunopress\" \/>\n<meta name=\"twitter:label1\" content=\"Written by\" \/>\n\t<meta name=\"twitter:data1\" content=\"redazione\" \/>\n\t<meta name=\"twitter:label2\" content=\"Est. reading time\" \/>\n\t<meta name=\"twitter:data2\" content=\"3 minutes\" \/>\n<script type=\"application\/ld+json\" class=\"yoast-schema-graph\">{\"@context\":\"https:\\\/\\\/schema.org\",\"@graph\":[{\"@type\":\"Article\",\"@id\":\"https:\\\/\\\/www.bellunopress.it\\\/2023\\\/11\\\/28\\\/laghetto-artificiale-del-nevegal-aggiudicata-la-gara-per-la-realizzazione-del-bacino\\\/#article\",\"isPartOf\":{\"@id\":\"https:\\\/\\\/www.bellunopress.it\\\/2023\\\/11\\\/28\\\/laghetto-artificiale-del-nevegal-aggiudicata-la-gara-per-la-realizzazione-del-bacino\\\/\"},\"author\":{\"name\":\"redazione\",\"@id\":\"https:\\\/\\\/www.bellunopress.it\\\/#\\\/schema\\\/person\\\/79bb06722b37ece1c03d3e94beb30d73\"},\"headline\":\"Laghetto artificiale del Nevegal: aggiudicata la gara per la realizzazione del bacino\",\"datePublished\":\"2023-11-28T12:34:21+00:00\",\"mainEntityOfPage\":{\"@id\":\"https:\\\/\\\/www.bellunopress.it\\\/2023\\\/11\\\/28\\\/laghetto-artificiale-del-nevegal-aggiudicata-la-gara-per-la-realizzazione-del-bacino\\\/\"},\"wordCount\":520,\"publisher\":{\"@id\":\"https:\\\/\\\/www.bellunopress.it\\\/#organization\"},\"image\":{\"@id\":\"https:\\\/\\\/www.bellunopress.it\\\/2023\\\/11\\\/28\\\/laghetto-artificiale-del-nevegal-aggiudicata-la-gara-per-la-realizzazione-del-bacino\\\/#primaryimage\"},\"thumbnailUrl\":\"https:\\\/\\\/www.bellunopress.it\\\/wp-content\\\/uploads\\\/2022\\\/11\\\/Oscar-De-Pellegrin_edited.jpg\",\"articleSection\":[\"Cronaca\\\/Politica\",\"Prima Pagina\"],\"inLanguage\":\"fr-FR\"},{\"@type\":\"WebPage\",\"@id\":\"https:\\\/\\\/www.bellunopress.it\\\/2023\\\/11\\\/28\\\/laghetto-artificiale-del-nevegal-aggiudicata-la-gara-per-la-realizzazione-del-bacino\\\/\",\"url\":\"https:\\\/\\\/www.bellunopress.it\\\/2023\\\/11\\\/28\\\/laghetto-artificiale-del-nevegal-aggiudicata-la-gara-per-la-realizzazione-del-bacino\\\/\",\"name\":\"Laghetto artificiale del Nevegal: aggiudicata la gara per la realizzazione del bacino - Bellunopress - Dolomiti\",\"isPartOf\":{\"@id\":\"https:\\\/\\\/www.bellunopress.it\\\/#website\"},\"primaryImageOfPage\":{\"@id\":\"https:\\\/\\\/www.bellunopress.it\\\/2023\\\/11\\\/28\\\/laghetto-artificiale-del-nevegal-aggiudicata-la-gara-per-la-realizzazione-del-bacino\\\/#primaryimage\"},\"image\":{\"@id\":\"https:\\\/\\\/www.bellunopress.it\\\/2023\\\/11\\\/28\\\/laghetto-artificiale-del-nevegal-aggiudicata-la-gara-per-la-realizzazione-del-bacino\\\/#primaryimage\"},\"thumbnailUrl\":\"https:\\\/\\\/www.bellunopress.it\\\/wp-content\\\/uploads\\\/2022\\\/11\\\/Oscar-De-Pellegrin_edited.jpg\",\"datePublished\":\"2023-11-28T12:34:21+00:00\",\"breadcrumb\":{\"@id\":\"https:\\\/\\\/www.bellunopress.it\\\/2023\\\/11\\\/28\\\/laghetto-artificiale-del-nevegal-aggiudicata-la-gara-per-la-realizzazione-del-bacino\\\/#breadcrumb\"},\"inLanguage\":\"fr-FR\",\"potentialAction\":[{\"@type\":\"ReadAction\",\"target\":[\"https:\\\/\\\/www.bellunopress.it\\\/2023\\\/11\\\/28\\\/laghetto-artificiale-del-nevegal-aggiudicata-la-gara-per-la-realizzazione-del-bacino\\\/\"]}]},{\"@type\":\"ImageObject\",\"inLanguage\":\"fr-FR\",\"@id\":\"https:\\\/\\\/www.bellunopress.it\\\/2023\\\/11\\\/28\\\/laghetto-artificiale-del-nevegal-aggiudicata-la-gara-per-la-realizzazione-del-bacino\\\/#primaryimage\",\"url\":\"https:\\\/\\\/www.bellunopress.it\\\/wp-content\\\/uploads\\\/2022\\\/11\\\/Oscar-De-Pellegrin_edited.jpg\",\"contentUrl\":\"https:\\\/\\\/www.bellunopress.it\\\/wp-content\\\/uploads\\\/2022\\\/11\\\/Oscar-De-Pellegrin_edited.jpg\",\"width\":1000,\"height\":727,\"caption\":\"Oscar De Pellegrin, sindaco di Belluno\"},{\"@type\":\"BreadcrumbList\",\"@id\":\"https:\\\/\\\/www.bellunopress.it\\\/2023\\\/11\\\/28\\\/laghetto-artificiale-del-nevegal-aggiudicata-la-gara-per-la-realizzazione-del-bacino\\\/#breadcrumb\",\"itemListElement\":[{\"@type\":\"ListItem\",\"position\":1,\"name\":\"Home\",\"item\":\"https:\\\/\\\/www.bellunopress.it\\\/\"},{\"@type\":\"ListItem\",\"position\":2,\"name\":\"Laghetto artificiale del Nevegal: aggiudicata la gara per la realizzazione del bacino\"}]},{\"@type\":\"WebSite\",\"@id\":\"https:\\\/\\\/www.bellunopress.it\\\/#website\",\"url\":\"https:\\\/\\\/www.bellunopress.it\\\/\",\"name\":\"Bellunopress - Dolomiti\",\"description\":\"e-mail: redazione@bellunopress.it\",\"publisher\":{\"@id\":\"https:\\\/\\\/www.bellunopress.it\\\/#organization\"},\"potentialAction\":[{\"@type\":\"SearchAction\",\"target\":{\"@type\":\"EntryPoint\",\"urlTemplate\":\"https:\\\/\\\/www.bellunopress.it\\\/?s={search_term_string}\"},\"query-input\":{\"@type\":\"PropertyValueSpecification\",\"valueRequired\":true,\"valueName\":\"search_term_string\"}}],\"inLanguage\":\"fr-FR\"},{\"@type\":\"Organization\",\"@id\":\"https:\\\/\\\/www.bellunopress.it\\\/#organization\",\"name\":\"Bellunopress\",\"url\":\"https:\\\/\\\/www.bellunopress.it\\\/\",\"logo\":{\"@type\":\"ImageObject\",\"inLanguage\":\"fr-FR\",\"@id\":\"https:\\\/\\\/www.bellunopress.it\\\/#\\\/schema\\\/logo\\\/image\\\/\",\"url\":\"https:\\\/\\\/www.bellunopress.it\\\/wp-content\\\/uploads\\\/2011\\\/05\\\/cropped-logo-bellunopress-.jpg\",\"contentUrl\":\"https:\\\/\\\/www.bellunopress.it\\\/wp-content\\\/uploads\\\/2011\\\/05\\\/cropped-logo-bellunopress-.jpg\",\"width\":512,\"height\":512,\"caption\":\"Bellunopress\"},\"image\":{\"@id\":\"https:\\\/\\\/www.bellunopress.it\\\/#\\\/schema\\\/logo\\\/image\\\/\"},\"sameAs\":[\"https:\\\/\\\/www.facebook.com\\\/profile.php?id=100008943462799\",\"https:\\\/\\\/x.com\\\/bellunopress\",\"https:\\\/\\\/www.linkedin.com\\\/hp\\\/?dnr=JBzUWaJfMUw8vbXJJ2tVW5-I3jZKvC4wsoxE&amp;amp;amp;amp;amp;amp;trk=nav_responsive_tab_home\",\"https:\\\/\\\/www.youtube.com\\\/channel\\\/UCxL0wu1uN0_3_7hGG0306cw\"]},{\"@type\":\"Person\",\"@id\":\"https:\\\/\\\/www.bellunopress.it\\\/#\\\/schema\\\/person\\\/79bb06722b37ece1c03d3e94beb30d73\",\"name\":\"redazione\",\"image\":{\"@type\":\"ImageObject\",\"inLanguage\":\"fr-FR\",\"@id\":\"https:\\\/\\\/secure.gravatar.com\\\/avatar\\\/37d968a2e67a6fd04c169c4bdef102d0bc5d31b2546345219e348575eb80e9a0?s=96&d=mm&r=g\",\"url\":\"https:\\\/\\\/secure.gravatar.com\\\/avatar\\\/37d968a2e67a6fd04c169c4bdef102d0bc5d31b2546345219e348575eb80e9a0?s=96&d=mm&r=g\",\"contentUrl\":\"https:\\\/\\\/secure.gravatar.com\\\/avatar\\\/37d968a2e67a6fd04c169c4bdef102d0bc5d31b2546345219e348575eb80e9a0?s=96&d=mm&r=g\",\"caption\":\"redazione\"},\"sameAs\":[\"http:\\\/\\\/www.bellunopress.it\",\"https:\\\/\\\/x.com\\\/bellunopress\"],\"url\":\"https:\\\/\\\/www.bellunopress.it\\\/fr\\\/author\\\/redazione\\\/\"}]}<\/script>\n<!-- \/ Yoast SEO plugin. -->","yoast_head_json":{"title":"Laghetto artificiale del Nevegal: aggiudicata la gara per la realizzazione del bacino - Bellunopress - Dolomiti","robots":{"index":"index","follow":"follow","max-snippet":"max-snippet:-1","max-image-preview":"max-image-preview:large","max-video-preview":"max-video-preview:-1"},"canonical":"https:\/\/www.bellunopress.it\/fr\/2023\/11\/28\/laghetto-artificiale-del-nevegal-aggiudicata-la-gara-per-la-realizzazione-del-bacino\/","og_locale":"fr_FR","og_type":"article","og_title":"Laghetto artificiale del Nevegal: aggiudicata la gara per la realizzazione del bacino - Bellunopress - Dolomiti","og_description":"Sindaco Oscar De Pellegrin: \u201cOpera attesa da tutti\u201d Aggiudicata la gara per la realizzazione del laghetto del Nevegal. Con un ribasso di base d\u2019asta del 4%, i lavori sono stati aggiudicati dal raggruppamento temporaneo di concorrenti formato da una ditta locale e una trentina, la \u201cCunaccia Bruno srl (mandataria) \u2013 Impresa Costruzioni Tollot srl (mandante)\u201d, [&hellip;]","og_url":"https:\/\/www.bellunopress.it\/fr\/2023\/11\/28\/laghetto-artificiale-del-nevegal-aggiudicata-la-gara-per-la-realizzazione-del-bacino\/","og_site_name":"Bellunopress - Dolomiti","article_publisher":"https:\/\/www.facebook.com\/profile.php?id=100008943462799","article_published_time":"2023-11-28T12:34:21+00:00","og_image":[{"width":1000,"height":727,"url":"https:\/\/www.bellunopress.it\/wp-content\/uploads\/2022\/11\/Oscar-De-Pellegrin_edited.jpg","type":"image\/jpeg"}],"author":"redazione","twitter_card":"summary_large_image","twitter_creator":"@bellunopress","twitter_site":"@bellunopress","twitter_misc":{"Written by":"redazione","Est. reading time":"3 minutes"},"schema":{"@context":"https:\/\/schema.org","@graph":[{"@type":"Article","@id":"https:\/\/www.bellunopress.it\/2023\/11\/28\/laghetto-artificiale-del-nevegal-aggiudicata-la-gara-per-la-realizzazione-del-bacino\/#article","isPartOf":{"@id":"https:\/\/www.bellunopress.it\/2023\/11\/28\/laghetto-artificiale-del-nevegal-aggiudicata-la-gara-per-la-realizzazione-del-bacino\/"},"author":{"name":"redazione","@id":"https:\/\/www.bellunopress.it\/#\/schema\/person\/79bb06722b37ece1c03d3e94beb30d73"},"headline":"Laghetto artificiale del Nevegal: aggiudicata la gara per la realizzazione del bacino","datePublished":"2023-11-28T12:34:21+00:00","mainEntityOfPage":{"@id":"https:\/\/www.bellunopress.it\/2023\/11\/28\/laghetto-artificiale-del-nevegal-aggiudicata-la-gara-per-la-realizzazione-del-bacino\/"},"wordCount":520,"publisher":{"@id":"https:\/\/www.bellunopress.it\/#organization"},"image":{"@id":"https:\/\/www.bellunopress.it\/2023\/11\/28\/laghetto-artificiale-del-nevegal-aggiudicata-la-gara-per-la-realizzazione-del-bacino\/#primaryimage"},"thumbnailUrl":"https:\/\/www.bellunopress.it\/wp-content\/uploads\/2022\/11\/Oscar-De-Pellegrin_edited.jpg","articleSection":["Cronaca\/Politica","Prima Pagina"],"inLanguage":"fr-FR"},{"@type":"WebPage","@id":"https:\/\/www.bellunopress.it\/2023\/11\/28\/laghetto-artificiale-del-nevegal-aggiudicata-la-gara-per-la-realizzazione-del-bacino\/","url":"https:\/\/www.bellunopress.it\/2023\/11\/28\/laghetto-artificiale-del-nevegal-aggiudicata-la-gara-per-la-realizzazione-del-bacino\/","name":"Laghetto artificiale del Nevegal: aggiudicata la gara per la realizzazione del bacino - Bellunopress - Dolomiti","isPartOf":{"@id":"https:\/\/www.bellunopress.it\/#website"},"primaryImageOfPage":{"@id":"https:\/\/www.bellunopress.it\/2023\/11\/28\/laghetto-artificiale-del-nevegal-aggiudicata-la-gara-per-la-realizzazione-del-bacino\/#primaryimage"},"image":{"@id":"https:\/\/www.bellunopress.it\/2023\/11\/28\/laghetto-artificiale-del-nevegal-aggiudicata-la-gara-per-la-realizzazione-del-bacino\/#primaryimage"},"thumbnailUrl":"https:\/\/www.bellunopress.it\/wp-content\/uploads\/2022\/11\/Oscar-De-Pellegrin_edited.jpg","datePublished":"2023-11-28T12:34:21+00:00","breadcrumb":{"@id":"https:\/\/www.bellunopress.it\/2023\/11\/28\/laghetto-artificiale-del-nevegal-aggiudicata-la-gara-per-la-realizzazione-del-bacino\/#breadcrumb"},"inLanguage":"fr-FR","potentialAction":[{"@type":"ReadAction","target":["https:\/\/www.bellunopress.it\/2023\/11\/28\/laghetto-artificiale-del-nevegal-aggiudicata-la-gara-per-la-realizzazione-del-bacino\/"]}]},{"@type":"ImageObject","inLanguage":"fr-FR","@id":"https:\/\/www.bellunopress.it\/2023\/11\/28\/laghetto-artificiale-del-nevegal-aggiudicata-la-gara-per-la-realizzazione-del-bacino\/#primaryimage","url":"https:\/\/www.bellunopress.it\/wp-content\/uploads\/2022\/11\/Oscar-De-Pellegrin_edited.jpg","contentUrl":"https:\/\/www.bellunopress.it\/wp-content\/uploads\/2022\/11\/Oscar-De-Pellegrin_edited.jpg","width":1000,"height":727,"caption":"Oscar De Pellegrin, sindaco di Belluno"},{"@type":"BreadcrumbList","@id":"https:\/\/www.bellunopress.it\/2023\/11\/28\/laghetto-artificiale-del-nevegal-aggiudicata-la-gara-per-la-realizzazione-del-bacino\/#breadcrumb","itemListElement":[{"@type":"ListItem","position":1,"name":"Home","item":"https:\/\/www.bellunopress.it\/"},{"@type":"ListItem","position":2,"name":"Laghetto artificiale del Nevegal: aggiudicata la gara per la realizzazione del bacino"}]},{"@type":"WebSite","@id":"https:\/\/www.bellunopress.it\/#website","url":"https:\/\/www.bellunopress.it\/","name":"Bellunopress - Dolomiti","description":"e-mail: redazione@bellunopress.it","publisher":{"@id":"https:\/\/www.bellunopress.it\/#organization"},"potentialAction":[{"@type":"SearchAction","target":{"@type":"EntryPoint","urlTemplate":"https:\/\/www.bellunopress.it\/?s={search_term_string}"},"query-input":{"@type":"PropertyValueSpecification","valueRequired":true,"valueName":"search_term_string"}}],"inLanguage":"fr-FR"},{"@type":"Organization","@id":"https:\/\/www.bellunopress.it\/#organization","name":"Bellunopress","url":"https:\/\/www.bellunopress.it\/","logo":{"@type":"ImageObject","inLanguage":"fr-FR","@id":"https:\/\/www.bellunopress.it\/#\/schema\/logo\/image\/","url":"https:\/\/www.bellunopress.it\/wp-content\/uploads\/2011\/05\/cropped-logo-bellunopress-.jpg","contentUrl":"https:\/\/www.bellunopress.it\/wp-content\/uploads\/2011\/05\/cropped-logo-bellunopress-.jpg","width":512,"height":512,"caption":"Bellunopress"},"image":{"@id":"https:\/\/www.bellunopress.it\/#\/schema\/logo\/image\/"},"sameAs":["https:\/\/www.facebook.com\/profile.php?id=100008943462799","https:\/\/x.com\/bellunopress","https:\/\/www.linkedin.com\/hp\/?dnr=JBzUWaJfMUw8vbXJJ2tVW5-I3jZKvC4wsoxE&amp;amp;amp;amp;amp;amp;trk=nav_responsive_tab_home","https:\/\/www.youtube.com\/channel\/UCxL0wu1uN0_3_7hGG0306cw"]},{"@type":"Person","@id":"https:\/\/www.bellunopress.it\/#\/schema\/person\/79bb06722b37ece1c03d3e94beb30d73","name":"r\u00e9daction","image":{"@type":"ImageObject","inLanguage":"fr-FR","@id":"https:\/\/secure.gravatar.com\/avatar\/37d968a2e67a6fd04c169c4bdef102d0bc5d31b2546345219e348575eb80e9a0?s=96&d=mm&r=g","url":"https:\/\/secure.gravatar.com\/avatar\/37d968a2e67a6fd04c169c4bdef102d0bc5d31b2546345219e348575eb80e9a0?s=96&d=mm&r=g","contentUrl":"https:\/\/secure.gravatar.com\/avatar\/37d968a2e67a6fd04c169c4bdef102d0bc5d31b2546345219e348575eb80e9a0?s=96&d=mm&r=g","caption":"redazione"},"sameAs":["http:\/\/www.bellunopress.it","https:\/\/x.com\/bellunopress"],"url":"https:\/\/www.bellunopress.it\/fr\/author\/redazione\/"}]}},"_links":{"self":[{"href":"https:\/\/www.bellunopress.it\/fr\/wp-json\/wp\/v2\/posts\/146276","targetHints":{"allow":["GET"]}}],"collection":[{"href":"https:\/\/www.bellunopress.it\/fr\/wp-json\/wp\/v2\/posts"}],"about":[{"href":"https:\/\/www.bellunopress.it\/fr\/wp-json\/wp\/v2\/types\/post"}],"author":[{"embeddable":true,"href":"https:\/\/www.bellunopress.it\/fr\/wp-json\/wp\/v2\/users\/2"}],"replies":[{"embeddable":true,"href":"https:\/\/www.bellunopress.it\/fr\/wp-json\/wp\/v2\/comments?post=146276"}],"version-history":[{"count":1,"href":"https:\/\/www.bellunopress.it\/fr\/wp-json\/wp\/v2\/posts\/146276\/revisions"}],"predecessor-version":[{"id":146277,"href":"https:\/\/www.bellunopress.it\/fr\/wp-json\/wp\/v2\/posts\/146276\/revisions\/146277"}],"wp:featuredmedia":[{"embeddable":true,"href":"https:\/\/www.bellunopress.it\/fr\/wp-json\/wp\/v2\/media\/137997"}],"wp:attachment":[{"href":"https:\/\/www.bellunopress.it\/fr\/wp-json\/wp\/v2\/media?parent=146276"}],"wp:term":[{"taxonomy":"category","embeddable":true,"href":"https:\/\/www.bellunopress.it\/fr\/wp-json\/wp\/v2\/categories?post=146276"},{"taxonomy":"post_tag","embeddable":true,"href":"https:\/\/www.bellunopress.it\/fr\/wp-json\/wp\/v2\/tags?post=146276"}],"curies":[{"name":"wp","href":"https:\/\/api.w.org\/{rel}","templated":true}]}}