{"id":14626,"date":"2010-04-21T18:54:30","date_gmt":"2010-04-21T17:54:30","guid":{"rendered":"http:\/\/www.bellunopress.it\/?p=14626"},"modified":"2010-04-21T18:58:23","modified_gmt":"2010-04-21T17:58:23","slug":"malattia-di-parkinson-a-belluno-la-presentazione-di-un-nuovo-farmaco","status":"publish","type":"post","link":"https:\/\/www.bellunopress.it\/fr\/2010\/04\/21\/malattia-di-parkinson-a-belluno-la-presentazione-di-un-nuovo-farmaco\/","title":{"rendered":"Malattia di Parkinson, a Belluno la presentazione di un nuovo farmaco"},"content":{"rendered":"<p>L\u2019occasione \u00e8 data dal convegno medico che si terr\u00e0 il 23 e 24 aprile nella Sala Riunioni del Park Hotel Villa Carpenada. Saranno presenti diversi specialisti italiani e stranieri. Sar\u00e0 presentato in anteprima a Belluno un nuovo farmaco per il trattamento della malattia di Parkinson. L\u2019occasione \u00e8 data dal convegno medico che si terr\u00e0 il 23 e 24 aprile nella Sala Riunioni del Park Hotel Villa Carpenada. Organizzato dalla Accademia Nazionale di Medicina con il patrocinio dell\u2019Ulss 1 e di importanti societ\u00e0 scientifiche nazionali, l\u2019incontro si propone di fare il punto sulle pi\u00f9 recenti acquisizioni in termini di conoscenze sulla patologia parkinsoniana e il suo trattamento, grazie all\u2019intervento di numerosi scienziati e specialisti nazionali ed esteri. Ma il convegno sar\u00e0 anche l\u2019occasione per la presentazione di un nuovo farmaco.<br \/>\nIl titolo \u201cLa malattia di Parkinson: il crescendo di una sfida, confronto fra il gruppo alpino ed esperti nazionali\u201d evoca l\u2019ambizioso progetto &#8211; portato avanti dalla Unit\u00e0 Operative di Neurologia del San Martino di Belluno diretta dal dott. Corrado Marchini e dalla Unit\u00e0 Operativa di Neurologia di Bolzano diretta\u00a0 dal dott. Rudolf Schoenhuber &#8211; di mettere a disposizione degli abitanti delle rispettive aree quanto di pi\u00f9 recente e attuale \u00e8 disponibile al mondo circa il trattamento del Parkinson, una malattia sempre pi\u00f9 in rapida espansione a causa dell\u2019allungamento della vita e causa di notevoli problematiche socio-assistenziali.<br \/>\nIn particolare, all\u2019Ospedale San Martino \u00e8 attivo un ambulatorio dedicato, gestito dai dottori Sandro Zambito Marsala e Franco Ferracci. Qui sono attuate anche le terapie pi\u00f9 moderne, incluse quelle chirurgiche che sono rese possibili grazie alla collaborazione con l\u2019Unit\u00e0 Operativa di Neurochirurgia. Tale attivit\u00e0, disponibile in pochi centri, fa affluire all\u2019ospedale del capoluogo pazienti provenienti anche da altre aziende sanitarie e da altre regioni. Che Belluno sia all\u2019avanguardia sulle tematiche del Parkinson \u00e8 confermato anche da un progetto sperimentale finalizzato a migliorare la capacit\u00e0 motoria dei soggetti affetti dalla malattia attraverso l\u2019azione congiunta di un corso di ginnastica specifico e di un corso di ballo.<br \/>\nTale iniziativa, strutturatasi in maniera assolutamente volontaria, vede coinvolti diversi soggetti: l\u2019Associazione Bellunese Parkinson (ABP); i neurologi dell\u2019Ospedale di Belluno: i fisioterapisti della Palestra Sporting di Belluno per i corsi di ginnastica; i competitori FIDS per le Danze Standard della Scuola di ballo \u201cAzzurra Danze\u201d di Udine per il corso di ballo. A distanza di un mese i risultati raggiunti sono cos\u00ec soddisfacenti da aver indotto anche altri Centri di Fisioterapia ad interessarsi.<\/p>","protected":false},"excerpt":{"rendered":"<p>L\u2019occasione \u00e8 data dal convegno medico che si terr\u00e0 il 23 e 24 aprile nella Sala Riunioni del Park Hotel Villa Carpenada. Saranno presenti diversi specialisti italiani e stranieri. Sar\u00e0 presentato in anteprima a Belluno un nuovo farmaco per il trattamento della malattia di Parkinson. L\u2019occasione \u00e8 data dal convegno medico che si terr\u00e0 il [&hellip;]<\/p>\n","protected":false},"author":2,"featured_media":0,"comment_status":"closed","ping_status":"open","sticky":false,"template":"","format":"standard","meta":{"footnotes":""},"categories":[26,17],"tags":[139],"class_list":["post-14626","post","type-post","status-publish","format-standard","category-prima-pagina","category-sanita","tag-belluno"],"yoast_head":"<!-- This site is optimized with the Yoast SEO plugin v28.4 - https:\/\/yoast.com\/product\/yoast-seo-wordpress\/ -->\n<title>Malattia di Parkinson, a Belluno la presentazione di un nuovo farmaco - Bellunopress - Dolomiti<\/title>\n<meta name=\"robots\" content=\"index, follow, max-snippet:-1, max-image-preview:large, max-video-preview:-1\" \/>\n<link rel=\"canonical\" href=\"https:\/\/www.bellunopress.it\/fr\/2010\/04\/21\/malattia-di-parkinson-a-belluno-la-presentazione-di-un-nuovo-farmaco\/\" \/>\n<meta property=\"og:locale\" content=\"fr_FR\" \/>\n<meta property=\"og:type\" content=\"article\" \/>\n<meta property=\"og:title\" content=\"Malattia di Parkinson, a Belluno la presentazione di un nuovo farmaco - Bellunopress - Dolomiti\" \/>\n<meta property=\"og:description\" content=\"L\u2019occasione \u00e8 data dal convegno medico che si terr\u00e0 il 23 e 24 aprile nella Sala Riunioni del Park Hotel Villa Carpenada. Saranno presenti diversi specialisti italiani e stranieri. Sar\u00e0 presentato in anteprima a Belluno un nuovo farmaco per il trattamento della malattia di Parkinson. L\u2019occasione \u00e8 data dal convegno medico che si terr\u00e0 il [&hellip;]\" \/>\n<meta property=\"og:url\" content=\"https:\/\/www.bellunopress.it\/fr\/2010\/04\/21\/malattia-di-parkinson-a-belluno-la-presentazione-di-un-nuovo-farmaco\/\" \/>\n<meta property=\"og:site_name\" content=\"Bellunopress - Dolomiti\" \/>\n<meta property=\"article:publisher\" content=\"https:\/\/www.facebook.com\/profile.php?id=100008943462799\" \/>\n<meta property=\"article:published_time\" content=\"2010-04-21T17:54:30+00:00\" \/>\n<meta property=\"article:modified_time\" content=\"2010-04-21T17:58:23+00:00\" \/>\n<meta property=\"og:image\" content=\"http:\/\/www.bellunopress.it\/wp-content\/uploads\/2012\/07\/logo-bellunopress-250x250-2012.jpg\" \/>\n<meta name=\"author\" content=\"redazione\" \/>\n<meta name=\"twitter:card\" content=\"summary_large_image\" \/>\n<meta name=\"twitter:creator\" content=\"@bellunopress\" \/>\n<meta name=\"twitter:site\" content=\"@bellunopress\" \/>\n<meta name=\"twitter:label1\" content=\"\u00c9crit par\" \/>\n\t<meta name=\"twitter:data1\" content=\"redazione\" \/>\n\t<meta name=\"twitter:label2\" content=\"Dur\u00e9e de lecture estim\u00e9e\" \/>\n\t<meta name=\"twitter:data2\" content=\"2 minutes\" \/>\n<script type=\"application\/ld+json\" class=\"yoast-schema-graph\">{\"@context\":\"https:\\\/\\\/schema.org\",\"@graph\":[{\"@type\":\"Article\",\"@id\":\"https:\\\/\\\/www.bellunopress.it\\\/2010\\\/04\\\/21\\\/malattia-di-parkinson-a-belluno-la-presentazione-di-un-nuovo-farmaco\\\/#article\",\"isPartOf\":{\"@id\":\"https:\\\/\\\/www.bellunopress.it\\\/2010\\\/04\\\/21\\\/malattia-di-parkinson-a-belluno-la-presentazione-di-un-nuovo-farmaco\\\/\"},\"author\":{\"name\":\"redazione\",\"@id\":\"https:\\\/\\\/www.bellunopress.it\\\/#\\\/schema\\\/person\\\/79bb06722b37ece1c03d3e94beb30d73\"},\"headline\":\"Malattia di Parkinson, a Belluno la presentazione di un nuovo farmaco\",\"datePublished\":\"2010-04-21T17:54:30+00:00\",\"dateModified\":\"2010-04-21T17:58:23+00:00\",\"mainEntityOfPage\":{\"@id\":\"https:\\\/\\\/www.bellunopress.it\\\/2010\\\/04\\\/21\\\/malattia-di-parkinson-a-belluno-la-presentazione-di-un-nuovo-farmaco\\\/\"},\"wordCount\":419,\"publisher\":{\"@id\":\"https:\\\/\\\/www.bellunopress.it\\\/#organization\"},\"keywords\":[\"Belluno\"],\"articleSection\":[\"Prima Pagina\",\"Sanit\u00e0 Medicina\"],\"inLanguage\":\"fr-FR\"},{\"@type\":\"WebPage\",\"@id\":\"https:\\\/\\\/www.bellunopress.it\\\/2010\\\/04\\\/21\\\/malattia-di-parkinson-a-belluno-la-presentazione-di-un-nuovo-farmaco\\\/\",\"url\":\"https:\\\/\\\/www.bellunopress.it\\\/2010\\\/04\\\/21\\\/malattia-di-parkinson-a-belluno-la-presentazione-di-un-nuovo-farmaco\\\/\",\"name\":\"Malattia di Parkinson, a Belluno la presentazione di un nuovo farmaco - Bellunopress - Dolomiti\",\"isPartOf\":{\"@id\":\"https:\\\/\\\/www.bellunopress.it\\\/#website\"},\"datePublished\":\"2010-04-21T17:54:30+00:00\",\"dateModified\":\"2010-04-21T17:58:23+00:00\",\"breadcrumb\":{\"@id\":\"https:\\\/\\\/www.bellunopress.it\\\/2010\\\/04\\\/21\\\/malattia-di-parkinson-a-belluno-la-presentazione-di-un-nuovo-farmaco\\\/#breadcrumb\"},\"inLanguage\":\"fr-FR\",\"potentialAction\":[{\"@type\":\"ReadAction\",\"target\":[\"https:\\\/\\\/www.bellunopress.it\\\/2010\\\/04\\\/21\\\/malattia-di-parkinson-a-belluno-la-presentazione-di-un-nuovo-farmaco\\\/\"]}]},{\"@type\":\"BreadcrumbList\",\"@id\":\"https:\\\/\\\/www.bellunopress.it\\\/2010\\\/04\\\/21\\\/malattia-di-parkinson-a-belluno-la-presentazione-di-un-nuovo-farmaco\\\/#breadcrumb\",\"itemListElement\":[{\"@type\":\"ListItem\",\"position\":1,\"name\":\"Home\",\"item\":\"https:\\\/\\\/www.bellunopress.it\\\/\"},{\"@type\":\"ListItem\",\"position\":2,\"name\":\"Malattia di Parkinson, a Belluno la presentazione di un nuovo farmaco\"}]},{\"@type\":\"WebSite\",\"@id\":\"https:\\\/\\\/www.bellunopress.it\\\/#website\",\"url\":\"https:\\\/\\\/www.bellunopress.it\\\/\",\"name\":\"Bellunopress - Dolomiti\",\"description\":\"e-mail: redazione@bellunopress.it\",\"publisher\":{\"@id\":\"https:\\\/\\\/www.bellunopress.it\\\/#organization\"},\"potentialAction\":[{\"@type\":\"SearchAction\",\"target\":{\"@type\":\"EntryPoint\",\"urlTemplate\":\"https:\\\/\\\/www.bellunopress.it\\\/?s={search_term_string}\"},\"query-input\":{\"@type\":\"PropertyValueSpecification\",\"valueRequired\":true,\"valueName\":\"search_term_string\"}}],\"inLanguage\":\"fr-FR\"},{\"@type\":\"Organization\",\"@id\":\"https:\\\/\\\/www.bellunopress.it\\\/#organization\",\"name\":\"Bellunopress\",\"url\":\"https:\\\/\\\/www.bellunopress.it\\\/\",\"logo\":{\"@type\":\"ImageObject\",\"inLanguage\":\"fr-FR\",\"@id\":\"https:\\\/\\\/www.bellunopress.it\\\/#\\\/schema\\\/logo\\\/image\\\/\",\"url\":\"https:\\\/\\\/www.bellunopress.it\\\/wp-content\\\/uploads\\\/2011\\\/05\\\/cropped-logo-bellunopress-.jpg\",\"contentUrl\":\"https:\\\/\\\/www.bellunopress.it\\\/wp-content\\\/uploads\\\/2011\\\/05\\\/cropped-logo-bellunopress-.jpg\",\"width\":512,\"height\":512,\"caption\":\"Bellunopress\"},\"image\":{\"@id\":\"https:\\\/\\\/www.bellunopress.it\\\/#\\\/schema\\\/logo\\\/image\\\/\"},\"sameAs\":[\"https:\\\/\\\/www.facebook.com\\\/profile.php?id=100008943462799\",\"https:\\\/\\\/x.com\\\/bellunopress\",\"https:\\\/\\\/www.linkedin.com\\\/hp\\\/?dnr=JBzUWaJfMUw8vbXJJ2tVW5-I3jZKvC4wsoxE&amp;amp;amp;amp;amp;amp;trk=nav_responsive_tab_home\",\"https:\\\/\\\/www.youtube.com\\\/channel\\\/UCxL0wu1uN0_3_7hGG0306cw\"]},{\"@type\":\"Person\",\"@id\":\"https:\\\/\\\/www.bellunopress.it\\\/#\\\/schema\\\/person\\\/79bb06722b37ece1c03d3e94beb30d73\",\"name\":\"redazione\",\"image\":{\"@type\":\"ImageObject\",\"inLanguage\":\"fr-FR\",\"@id\":\"https:\\\/\\\/secure.gravatar.com\\\/avatar\\\/37d968a2e67a6fd04c169c4bdef102d0bc5d31b2546345219e348575eb80e9a0?s=96&d=mm&r=g\",\"url\":\"https:\\\/\\\/secure.gravatar.com\\\/avatar\\\/37d968a2e67a6fd04c169c4bdef102d0bc5d31b2546345219e348575eb80e9a0?s=96&d=mm&r=g\",\"contentUrl\":\"https:\\\/\\\/secure.gravatar.com\\\/avatar\\\/37d968a2e67a6fd04c169c4bdef102d0bc5d31b2546345219e348575eb80e9a0?s=96&d=mm&r=g\",\"caption\":\"redazione\"},\"sameAs\":[\"http:\\\/\\\/www.bellunopress.it\",\"https:\\\/\\\/x.com\\\/bellunopress\"],\"url\":\"https:\\\/\\\/www.bellunopress.it\\\/fr\\\/author\\\/redazione\\\/\"}]}<\/script>\n<!-- \/ Yoast SEO plugin. -->","yoast_head_json":{"title":"Malattia di Parkinson, a Belluno la presentazione di un nuovo farmaco - Bellunopress - Dolomiti","robots":{"index":"index","follow":"follow","max-snippet":"max-snippet:-1","max-image-preview":"max-image-preview:large","max-video-preview":"max-video-preview:-1"},"canonical":"https:\/\/www.bellunopress.it\/fr\/2010\/04\/21\/malattia-di-parkinson-a-belluno-la-presentazione-di-un-nuovo-farmaco\/","og_locale":"fr_FR","og_type":"article","og_title":"Malattia di Parkinson, a Belluno la presentazione di un nuovo farmaco - Bellunopress - Dolomiti","og_description":"L\u2019occasione \u00e8 data dal convegno medico che si terr\u00e0 il 23 e 24 aprile nella Sala Riunioni del Park Hotel Villa Carpenada. Saranno presenti diversi specialisti italiani e stranieri. Sar\u00e0 presentato in anteprima a Belluno un nuovo farmaco per il trattamento della malattia di Parkinson. L\u2019occasione \u00e8 data dal convegno medico che si terr\u00e0 il [&hellip;]","og_url":"https:\/\/www.bellunopress.it\/fr\/2010\/04\/21\/malattia-di-parkinson-a-belluno-la-presentazione-di-un-nuovo-farmaco\/","og_site_name":"Bellunopress - Dolomiti","article_publisher":"https:\/\/www.facebook.com\/profile.php?id=100008943462799","article_published_time":"2010-04-21T17:54:30+00:00","article_modified_time":"2010-04-21T17:58:23+00:00","og_image":[{"url":"http:\/\/www.bellunopress.it\/wp-content\/uploads\/2012\/07\/logo-bellunopress-250x250-2012.jpg","type":"","width":"","height":""}],"author":"redazione","twitter_card":"summary_large_image","twitter_creator":"@bellunopress","twitter_site":"@bellunopress","twitter_misc":{"\u00c9crit par":"redazione","Dur\u00e9e de lecture estim\u00e9e":"2 minutes"},"schema":{"@context":"https:\/\/schema.org","@graph":[{"@type":"Article","@id":"https:\/\/www.bellunopress.it\/2010\/04\/21\/malattia-di-parkinson-a-belluno-la-presentazione-di-un-nuovo-farmaco\/#article","isPartOf":{"@id":"https:\/\/www.bellunopress.it\/2010\/04\/21\/malattia-di-parkinson-a-belluno-la-presentazione-di-un-nuovo-farmaco\/"},"author":{"name":"redazione","@id":"https:\/\/www.bellunopress.it\/#\/schema\/person\/79bb06722b37ece1c03d3e94beb30d73"},"headline":"Malattia di Parkinson, a Belluno la presentazione di un nuovo farmaco","datePublished":"2010-04-21T17:54:30+00:00","dateModified":"2010-04-21T17:58:23+00:00","mainEntityOfPage":{"@id":"https:\/\/www.bellunopress.it\/2010\/04\/21\/malattia-di-parkinson-a-belluno-la-presentazione-di-un-nuovo-farmaco\/"},"wordCount":419,"publisher":{"@id":"https:\/\/www.bellunopress.it\/#organization"},"keywords":["Belluno"],"articleSection":["Prima Pagina","Sanit\u00e0 Medicina"],"inLanguage":"fr-FR"},{"@type":"WebPage","@id":"https:\/\/www.bellunopress.it\/2010\/04\/21\/malattia-di-parkinson-a-belluno-la-presentazione-di-un-nuovo-farmaco\/","url":"https:\/\/www.bellunopress.it\/2010\/04\/21\/malattia-di-parkinson-a-belluno-la-presentazione-di-un-nuovo-farmaco\/","name":"Malattia di Parkinson, a Belluno la presentazione di un nuovo farmaco - Bellunopress - Dolomiti","isPartOf":{"@id":"https:\/\/www.bellunopress.it\/#website"},"datePublished":"2010-04-21T17:54:30+00:00","dateModified":"2010-04-21T17:58:23+00:00","breadcrumb":{"@id":"https:\/\/www.bellunopress.it\/2010\/04\/21\/malattia-di-parkinson-a-belluno-la-presentazione-di-un-nuovo-farmaco\/#breadcrumb"},"inLanguage":"fr-FR","potentialAction":[{"@type":"ReadAction","target":["https:\/\/www.bellunopress.it\/2010\/04\/21\/malattia-di-parkinson-a-belluno-la-presentazione-di-un-nuovo-farmaco\/"]}]},{"@type":"BreadcrumbList","@id":"https:\/\/www.bellunopress.it\/2010\/04\/21\/malattia-di-parkinson-a-belluno-la-presentazione-di-un-nuovo-farmaco\/#breadcrumb","itemListElement":[{"@type":"ListItem","position":1,"name":"Home","item":"https:\/\/www.bellunopress.it\/"},{"@type":"ListItem","position":2,"name":"Malattia di Parkinson, a Belluno la presentazione di un nuovo farmaco"}]},{"@type":"WebSite","@id":"https:\/\/www.bellunopress.it\/#website","url":"https:\/\/www.bellunopress.it\/","name":"Bellunopress - Dolomiti","description":"e-mail: redazione@bellunopress.it","publisher":{"@id":"https:\/\/www.bellunopress.it\/#organization"},"potentialAction":[{"@type":"SearchAction","target":{"@type":"EntryPoint","urlTemplate":"https:\/\/www.bellunopress.it\/?s={search_term_string}"},"query-input":{"@type":"PropertyValueSpecification","valueRequired":true,"valueName":"search_term_string"}}],"inLanguage":"fr-FR"},{"@type":"Organization","@id":"https:\/\/www.bellunopress.it\/#organization","name":"Bellunopress","url":"https:\/\/www.bellunopress.it\/","logo":{"@type":"ImageObject","inLanguage":"fr-FR","@id":"https:\/\/www.bellunopress.it\/#\/schema\/logo\/image\/","url":"https:\/\/www.bellunopress.it\/wp-content\/uploads\/2011\/05\/cropped-logo-bellunopress-.jpg","contentUrl":"https:\/\/www.bellunopress.it\/wp-content\/uploads\/2011\/05\/cropped-logo-bellunopress-.jpg","width":512,"height":512,"caption":"Bellunopress"},"image":{"@id":"https:\/\/www.bellunopress.it\/#\/schema\/logo\/image\/"},"sameAs":["https:\/\/www.facebook.com\/profile.php?id=100008943462799","https:\/\/x.com\/bellunopress","https:\/\/www.linkedin.com\/hp\/?dnr=JBzUWaJfMUw8vbXJJ2tVW5-I3jZKvC4wsoxE&amp;amp;amp;amp;amp;amp;trk=nav_responsive_tab_home","https:\/\/www.youtube.com\/channel\/UCxL0wu1uN0_3_7hGG0306cw"]},{"@type":"Person","@id":"https:\/\/www.bellunopress.it\/#\/schema\/person\/79bb06722b37ece1c03d3e94beb30d73","name":"r\u00e9daction","image":{"@type":"ImageObject","inLanguage":"fr-FR","@id":"https:\/\/secure.gravatar.com\/avatar\/37d968a2e67a6fd04c169c4bdef102d0bc5d31b2546345219e348575eb80e9a0?s=96&d=mm&r=g","url":"https:\/\/secure.gravatar.com\/avatar\/37d968a2e67a6fd04c169c4bdef102d0bc5d31b2546345219e348575eb80e9a0?s=96&d=mm&r=g","contentUrl":"https:\/\/secure.gravatar.com\/avatar\/37d968a2e67a6fd04c169c4bdef102d0bc5d31b2546345219e348575eb80e9a0?s=96&d=mm&r=g","caption":"redazione"},"sameAs":["http:\/\/www.bellunopress.it","https:\/\/x.com\/bellunopress"],"url":"https:\/\/www.bellunopress.it\/fr\/author\/redazione\/"}]}},"_links":{"self":[{"href":"https:\/\/www.bellunopress.it\/fr\/wp-json\/wp\/v2\/posts\/14626","targetHints":{"allow":["GET"]}}],"collection":[{"href":"https:\/\/www.bellunopress.it\/fr\/wp-json\/wp\/v2\/posts"}],"about":[{"href":"https:\/\/www.bellunopress.it\/fr\/wp-json\/wp\/v2\/types\/post"}],"author":[{"embeddable":true,"href":"https:\/\/www.bellunopress.it\/fr\/wp-json\/wp\/v2\/users\/2"}],"replies":[{"embeddable":true,"href":"https:\/\/www.bellunopress.it\/fr\/wp-json\/wp\/v2\/comments?post=14626"}],"version-history":[{"count":2,"href":"https:\/\/www.bellunopress.it\/fr\/wp-json\/wp\/v2\/posts\/14626\/revisions"}],"predecessor-version":[{"id":14629,"href":"https:\/\/www.bellunopress.it\/fr\/wp-json\/wp\/v2\/posts\/14626\/revisions\/14629"}],"wp:attachment":[{"href":"https:\/\/www.bellunopress.it\/fr\/wp-json\/wp\/v2\/media?parent=14626"}],"wp:term":[{"taxonomy":"category","embeddable":true,"href":"https:\/\/www.bellunopress.it\/fr\/wp-json\/wp\/v2\/categories?post=14626"},{"taxonomy":"post_tag","embeddable":true,"href":"https:\/\/www.bellunopress.it\/fr\/wp-json\/wp\/v2\/tags?post=14626"}],"curies":[{"name":"wp","href":"https:\/\/api.w.org\/{rel}","templated":true}]}}