{"id":146250,"date":"2023-11-27T16:19:43","date_gmt":"2023-11-27T15:19:43","guid":{"rendered":"https:\/\/www.bellunopress.it\/?p=146250"},"modified":"2023-11-27T18:24:14","modified_gmt":"2023-11-27T17:24:14","slug":"come-ottimizzare-gli-spazi-in-cucina","status":"publish","type":"post","link":"https:\/\/www.bellunopress.it\/fr\/2023\/11\/27\/come-ottimizzare-gli-spazi-in-cucina\/","title":{"rendered":"Come ottimizzare gli spazi in cucina"},"content":{"rendered":"<p><img loading=\"lazy\" decoding=\"async\" class=\"alignleft size-full wp-image-146251\" src=\"https:\/\/www.bellunopress.it\/wp-content\/uploads\/2023\/11\/cucina_edited.jpg\" alt=\"\" width=\"951\" height=\"628\" srcset=\"https:\/\/www.bellunopress.it\/wp-content\/uploads\/2023\/11\/cucina_edited.jpg 951w, https:\/\/www.bellunopress.it\/wp-content\/uploads\/2023\/11\/cucina_edited-500x330.jpg 500w, https:\/\/www.bellunopress.it\/wp-content\/uploads\/2023\/11\/cucina_edited-696x460.jpg 696w\" sizes=\"auto, (max-width: 951px) 100vw, 951px\" \/>L&#8217;arredamento della cucina \u00e8 un aspetto fondamentale nell&#8217;organizzazione di un&#8217;abitazione, essendo uno degli spazi pi\u00f9 utilizzati e funzionali della casa. \u00c8 qui che si preparano i pasti, si condividono momenti in famiglia e, spesso, si svolgono altre attivit\u00e0 quotidiane. Pertanto, \u00e8 cruciale sfruttare ogni centimetro disponibile, soprattutto in cucine di dimensioni ridotte. In questo contesto, esploreremo vari modi per massimizzare lo spazio e l&#8217;efficienza in cucina, offrendo suggerimenti pratici e soluzioni ingegnose per una maggiore funzionalit\u00e0, senza trascurare l&#8217;estetica.<\/p>\n<p>&nbsp;<\/p>\n<p><strong>L&#8217;importanza dei pensili da cucina<\/strong><\/p>\n<p>I <a href=\"https:\/\/www.vidaxl.it\/g\/6934\/pensili-da-cucina\">pensili da cucina<\/a> rappresentano una soluzione ottimale per sfruttare lo spazio verticale in maniera efficace. Scegliere pensili che si estendono fino al soffitto, ad esempio, pu\u00f2 aumentare significativamente la capacit\u00e0 di stoccaggio della cucina. Ci\u00f2 rende disponibile spazio aggiuntivo per conservare utensili, stoviglie e altri oggetti necessari, liberando le superfici orizzontali da ingombri. Per le cucine con soffitti particolarmente alti, l&#8217;aggiunta di una scaletta o di un sistema di accesso facilitato ai ripiani superiori pu\u00f2 essere una soluzione intelligente. Inoltre, l&#8217;adozione di pensili con ante in vetro o finiture riflettenti pu\u00f2 contribuire a rendere la cucina pi\u00f9 luminosa e spaziosa, offrendo al contempo un tocco di eleganza.<\/p>\n<p>&nbsp;<\/p>\n<p><strong>Soluzioni intelligenti per gli armadi<\/strong><\/p>\n<p>Quando si parla di armadi da cucina, la scelta pu\u00f2 incidere notevolmente sull&#8217;ottimizzazione dello spazio. \u00c8 <a href=\"https:\/\/www.vidaxl.it\/g\/2948\/armadi-da-cucina\">possibile optare per armadi da cucina<\/a> che offrono soluzioni ingegnose e multifunzionali. Ad esempio, gli armadi angolari dotati di sistemi di estrazione sfruttano efficacemente gli spazi spesso trascurati, mentre i cassetti profondi offrono ampio spazio per pentole, padelle e altri utensili ingombranti. L&#8217;installazione di divisori interni pu\u00f2 aiutare a mantenere l&#8217;ordine e a massimizzare l&#8217;uso dello spazio disponibile. Per cucine di dimensioni pi\u00f9 contenute, gli armadi con ante scorrevoli rappresentano una soluzione pratica, riducendo l&#8217;ingombro quando sono aperti e facilitando il movimento all&#8217;interno della cucina.<\/p>\n<p>&nbsp;<\/p>\n<p><strong>L&#8217;efficienza degli elettrodomestici integrati<\/strong><\/p>\n<p>Nell&#8217;ottimizzazione dello spazio in cucina, un ruolo chiave \u00e8 svolto dalla scelta degli elettrodomestici. Gli elettrodomestici integrati, come forni, frigoriferi e lavastoviglie, possono essere armoniosamente inseriti all&#8217;interno degli armadi, contribuendo a un design uniforme e minimalista. Questa soluzione non solo migliora l&#8217;estetica generale della cucina, ma libera anche spazio prezioso sul piano di lavoro. Gli elettrodomestici integrati, oltre a offrire una soluzione esteticamente gradevole, possono anche contribuire a una maggiore efficienza energetica e a una riduzione del rumore, migliorando ulteriormente l&#8217;esperienza di utilizzo della cucina.<\/p>\n<p>&nbsp;<\/p>\n<p><strong>Il ruolo del piano di lavoro e dell&#8217;isola<\/strong><\/p>\n<p>Il piano di lavoro \u00e8 un elemento essenziale in ogni cucina. La scelta di materiali resistenti e di facile manutenzione, come il granito o l&#8217;acciaio inossidabile, \u00e8 fondamentale per assicurare una lunga durata e facilitare le operazioni di pulizia. Un&#8217;isola centrale, se lo spazio lo consente, pu\u00f2 fungere sia da ulteriore superficie di lavoro sia da tavolo da pranzo, offrendo una soluzione versatile per diverse necessit\u00e0. Per le cucine pi\u00f9 ristrette, le alternative possono includere tavoli estraibili o ripiegabili, che offrono superfici di lavoro aggiuntive solo quando necessarie, mantenendo lo spazio aperto e fruibile.<\/p>\n<p>&nbsp;<\/p>\n<p><strong>Illuminazione e colore: elementi chiave nella percezione dello spazio<\/strong><\/p>\n<p>La scelta dell&#8217;illuminazione e dei colori \u00e8 fondamentale nella creazione di un&#8217;atmosfera accogliente e nella percezione dello spazio. Una cucina ben illuminata, sia attraverso fonti naturali sia tramite sistemi di illuminazione artificiale, appare pi\u00f9 grande e invitante. L&#8217;utilizzo di colori chiari per pareti e armadi pu\u00f2 contribuire a far sembrare lo spazio pi\u00f9 ampio e arioso. Allo stesso tempo, dettagli colorati attraverso accessori, piastrelle decorative o piccoli elettrodomestici possono aggiungere personalit\u00e0 e vivacit\u00e0 senza sovraccaricare l&#8217;ambiente.<\/p>\n<p>&nbsp;<\/p>\n<p><strong>Rendere la cucina un ambiente vivibile e funzionale<\/strong><\/p>\n<p>Infine, \u00e8 essenziale considerare la cucina non solo come un luogo dedicato alla preparazione dei pasti, ma come un vero e proprio spazio di vita. Integrare elementi come piante, opere d&#8217;arte o un piccolo angolo lettura, qualora lo spazio lo permetta, contribuisce a creare un ambiente pi\u00f9 personale e accogliente. \u00c8 anche importante progettare la cucina in modo da favorire le interazioni sociali, con una disposizione degli spazi che inviti alla conversazione e alla condivisione. In un contesto in cui le abitazioni tendono a essere sempre pi\u00f9 compatte, ottimizzare gli spazi in cucina diventa cruciale. Attraverso scelte consapevoli e soluzioni creative, \u00e8 possibile trasformare anche la cucina pi\u00f9 piccola in un ambiente funzionale, elegante e confortevole, migliorando significativamente la qualit\u00e0 della vita quotidiana.<\/p>","protected":false},"excerpt":{"rendered":"<p>L&#8217;arredamento della cucina \u00e8 un aspetto fondamentale nell&#8217;organizzazione di un&#8217;abitazione, essendo uno degli spazi pi\u00f9 utilizzati e funzionali della casa. \u00c8 qui che si preparano i pasti, si condividono momenti in famiglia e, spesso, si svolgono altre attivit\u00e0 quotidiane. Pertanto, \u00e8 cruciale sfruttare ogni centimetro disponibile, soprattutto in cucine di dimensioni ridotte. In questo contesto, [&hellip;]<\/p>\n","protected":false},"author":2,"featured_media":146251,"comment_status":"closed","ping_status":"open","sticky":false,"template":"","format":"standard","meta":{"footnotes":""},"categories":[4],"tags":[],"class_list":["post-146250","post","type-post","status-publish","format-standard","has-post-thumbnail","category-sport"],"yoast_head":"<!-- This site is optimized with the Yoast SEO plugin v28.4 - https:\/\/yoast.com\/product\/yoast-seo-wordpress\/ -->\n<title>Come ottimizzare gli spazi in cucina - Bellunopress - Dolomiti<\/title>\n<meta name=\"robots\" content=\"index, follow, max-snippet:-1, max-image-preview:large, max-video-preview:-1\" \/>\n<link rel=\"canonical\" href=\"https:\/\/www.bellunopress.it\/fr\/2023\/11\/27\/come-ottimizzare-gli-spazi-in-cucina\/\" \/>\n<meta property=\"og:locale\" content=\"fr_FR\" \/>\n<meta property=\"og:type\" content=\"article\" \/>\n<meta property=\"og:title\" content=\"Come ottimizzare gli spazi in cucina - Bellunopress - Dolomiti\" \/>\n<meta property=\"og:description\" content=\"L&#8217;arredamento della cucina \u00e8 un aspetto fondamentale nell&#8217;organizzazione di un&#8217;abitazione, essendo uno degli spazi pi\u00f9 utilizzati e funzionali della casa. \u00c8 qui che si preparano i pasti, si condividono momenti in famiglia e, spesso, si svolgono altre attivit\u00e0 quotidiane. Pertanto, \u00e8 cruciale sfruttare ogni centimetro disponibile, soprattutto in cucine di dimensioni ridotte. In questo contesto, [&hellip;]\" \/>\n<meta property=\"og:url\" content=\"https:\/\/www.bellunopress.it\/fr\/2023\/11\/27\/come-ottimizzare-gli-spazi-in-cucina\/\" \/>\n<meta property=\"og:site_name\" content=\"Bellunopress - Dolomiti\" \/>\n<meta property=\"article:publisher\" content=\"https:\/\/www.facebook.com\/profile.php?id=100008943462799\" \/>\n<meta property=\"article:published_time\" content=\"2023-11-27T15:19:43+00:00\" \/>\n<meta property=\"article:modified_time\" content=\"2023-11-27T17:24:14+00:00\" \/>\n<meta property=\"og:image\" content=\"https:\/\/www.bellunopress.it\/wp-content\/uploads\/2023\/11\/cucina_edited.jpg\" \/>\n\t<meta property=\"og:image:width\" content=\"951\" \/>\n\t<meta property=\"og:image:height\" content=\"628\" \/>\n\t<meta property=\"og:image:type\" content=\"image\/jpeg\" \/>\n<meta name=\"author\" content=\"redazione\" \/>\n<meta name=\"twitter:card\" content=\"summary_large_image\" \/>\n<meta name=\"twitter:creator\" content=\"@bellunopress\" \/>\n<meta name=\"twitter:site\" content=\"@bellunopress\" \/>\n<meta name=\"twitter:label1\" content=\"\u00c9crit par\" \/>\n\t<meta name=\"twitter:data1\" content=\"redazione\" \/>\n\t<meta name=\"twitter:label2\" content=\"Dur\u00e9e de lecture estim\u00e9e\" \/>\n\t<meta name=\"twitter:data2\" content=\"4 minutes\" \/>\n<script type=\"application\/ld+json\" class=\"yoast-schema-graph\">{\"@context\":\"https:\\\/\\\/schema.org\",\"@graph\":[{\"@type\":\"Article\",\"@id\":\"https:\\\/\\\/www.bellunopress.it\\\/2023\\\/11\\\/27\\\/come-ottimizzare-gli-spazi-in-cucina\\\/#article\",\"isPartOf\":{\"@id\":\"https:\\\/\\\/www.bellunopress.it\\\/2023\\\/11\\\/27\\\/come-ottimizzare-gli-spazi-in-cucina\\\/\"},\"author\":{\"name\":\"redazione\",\"@id\":\"https:\\\/\\\/www.bellunopress.it\\\/#\\\/schema\\\/person\\\/79bb06722b37ece1c03d3e94beb30d73\"},\"headline\":\"Come ottimizzare gli spazi in cucina\",\"datePublished\":\"2023-11-27T15:19:43+00:00\",\"dateModified\":\"2023-11-27T17:24:14+00:00\",\"mainEntityOfPage\":{\"@id\":\"https:\\\/\\\/www.bellunopress.it\\\/2023\\\/11\\\/27\\\/come-ottimizzare-gli-spazi-in-cucina\\\/\"},\"wordCount\":733,\"publisher\":{\"@id\":\"https:\\\/\\\/www.bellunopress.it\\\/#organization\"},\"image\":{\"@id\":\"https:\\\/\\\/www.bellunopress.it\\\/2023\\\/11\\\/27\\\/come-ottimizzare-gli-spazi-in-cucina\\\/#primaryimage\"},\"thumbnailUrl\":\"https:\\\/\\\/www.bellunopress.it\\\/wp-content\\\/uploads\\\/2023\\\/11\\\/cucina_edited.jpg\",\"articleSection\":[\"Sport, tempo libero\"],\"inLanguage\":\"fr-FR\"},{\"@type\":\"WebPage\",\"@id\":\"https:\\\/\\\/www.bellunopress.it\\\/2023\\\/11\\\/27\\\/come-ottimizzare-gli-spazi-in-cucina\\\/\",\"url\":\"https:\\\/\\\/www.bellunopress.it\\\/2023\\\/11\\\/27\\\/come-ottimizzare-gli-spazi-in-cucina\\\/\",\"name\":\"Come ottimizzare gli spazi in cucina - Bellunopress - Dolomiti\",\"isPartOf\":{\"@id\":\"https:\\\/\\\/www.bellunopress.it\\\/#website\"},\"primaryImageOfPage\":{\"@id\":\"https:\\\/\\\/www.bellunopress.it\\\/2023\\\/11\\\/27\\\/come-ottimizzare-gli-spazi-in-cucina\\\/#primaryimage\"},\"image\":{\"@id\":\"https:\\\/\\\/www.bellunopress.it\\\/2023\\\/11\\\/27\\\/come-ottimizzare-gli-spazi-in-cucina\\\/#primaryimage\"},\"thumbnailUrl\":\"https:\\\/\\\/www.bellunopress.it\\\/wp-content\\\/uploads\\\/2023\\\/11\\\/cucina_edited.jpg\",\"datePublished\":\"2023-11-27T15:19:43+00:00\",\"dateModified\":\"2023-11-27T17:24:14+00:00\",\"breadcrumb\":{\"@id\":\"https:\\\/\\\/www.bellunopress.it\\\/2023\\\/11\\\/27\\\/come-ottimizzare-gli-spazi-in-cucina\\\/#breadcrumb\"},\"inLanguage\":\"fr-FR\",\"potentialAction\":[{\"@type\":\"ReadAction\",\"target\":[\"https:\\\/\\\/www.bellunopress.it\\\/2023\\\/11\\\/27\\\/come-ottimizzare-gli-spazi-in-cucina\\\/\"]}]},{\"@type\":\"ImageObject\",\"inLanguage\":\"fr-FR\",\"@id\":\"https:\\\/\\\/www.bellunopress.it\\\/2023\\\/11\\\/27\\\/come-ottimizzare-gli-spazi-in-cucina\\\/#primaryimage\",\"url\":\"https:\\\/\\\/www.bellunopress.it\\\/wp-content\\\/uploads\\\/2023\\\/11\\\/cucina_edited.jpg\",\"contentUrl\":\"https:\\\/\\\/www.bellunopress.it\\\/wp-content\\\/uploads\\\/2023\\\/11\\\/cucina_edited.jpg\",\"width\":951,\"height\":628},{\"@type\":\"BreadcrumbList\",\"@id\":\"https:\\\/\\\/www.bellunopress.it\\\/2023\\\/11\\\/27\\\/come-ottimizzare-gli-spazi-in-cucina\\\/#breadcrumb\",\"itemListElement\":[{\"@type\":\"ListItem\",\"position\":1,\"name\":\"Home\",\"item\":\"https:\\\/\\\/www.bellunopress.it\\\/\"},{\"@type\":\"ListItem\",\"position\":2,\"name\":\"Come ottimizzare gli spazi in cucina\"}]},{\"@type\":\"WebSite\",\"@id\":\"https:\\\/\\\/www.bellunopress.it\\\/#website\",\"url\":\"https:\\\/\\\/www.bellunopress.it\\\/\",\"name\":\"Bellunopress - Dolomiti\",\"description\":\"e-mail: redazione@bellunopress.it\",\"publisher\":{\"@id\":\"https:\\\/\\\/www.bellunopress.it\\\/#organization\"},\"potentialAction\":[{\"@type\":\"SearchAction\",\"target\":{\"@type\":\"EntryPoint\",\"urlTemplate\":\"https:\\\/\\\/www.bellunopress.it\\\/?s={search_term_string}\"},\"query-input\":{\"@type\":\"PropertyValueSpecification\",\"valueRequired\":true,\"valueName\":\"search_term_string\"}}],\"inLanguage\":\"fr-FR\"},{\"@type\":\"Organization\",\"@id\":\"https:\\\/\\\/www.bellunopress.it\\\/#organization\",\"name\":\"Bellunopress\",\"url\":\"https:\\\/\\\/www.bellunopress.it\\\/\",\"logo\":{\"@type\":\"ImageObject\",\"inLanguage\":\"fr-FR\",\"@id\":\"https:\\\/\\\/www.bellunopress.it\\\/#\\\/schema\\\/logo\\\/image\\\/\",\"url\":\"https:\\\/\\\/www.bellunopress.it\\\/wp-content\\\/uploads\\\/2011\\\/05\\\/cropped-logo-bellunopress-.jpg\",\"contentUrl\":\"https:\\\/\\\/www.bellunopress.it\\\/wp-content\\\/uploads\\\/2011\\\/05\\\/cropped-logo-bellunopress-.jpg\",\"width\":512,\"height\":512,\"caption\":\"Bellunopress\"},\"image\":{\"@id\":\"https:\\\/\\\/www.bellunopress.it\\\/#\\\/schema\\\/logo\\\/image\\\/\"},\"sameAs\":[\"https:\\\/\\\/www.facebook.com\\\/profile.php?id=100008943462799\",\"https:\\\/\\\/x.com\\\/bellunopress\",\"https:\\\/\\\/www.linkedin.com\\\/hp\\\/?dnr=JBzUWaJfMUw8vbXJJ2tVW5-I3jZKvC4wsoxE&amp;amp;amp;amp;amp;amp;trk=nav_responsive_tab_home\",\"https:\\\/\\\/www.youtube.com\\\/channel\\\/UCxL0wu1uN0_3_7hGG0306cw\"]},{\"@type\":\"Person\",\"@id\":\"https:\\\/\\\/www.bellunopress.it\\\/#\\\/schema\\\/person\\\/79bb06722b37ece1c03d3e94beb30d73\",\"name\":\"redazione\",\"image\":{\"@type\":\"ImageObject\",\"inLanguage\":\"fr-FR\",\"@id\":\"https:\\\/\\\/secure.gravatar.com\\\/avatar\\\/37d968a2e67a6fd04c169c4bdef102d0bc5d31b2546345219e348575eb80e9a0?s=96&d=mm&r=g\",\"url\":\"https:\\\/\\\/secure.gravatar.com\\\/avatar\\\/37d968a2e67a6fd04c169c4bdef102d0bc5d31b2546345219e348575eb80e9a0?s=96&d=mm&r=g\",\"contentUrl\":\"https:\\\/\\\/secure.gravatar.com\\\/avatar\\\/37d968a2e67a6fd04c169c4bdef102d0bc5d31b2546345219e348575eb80e9a0?s=96&d=mm&r=g\",\"caption\":\"redazione\"},\"sameAs\":[\"http:\\\/\\\/www.bellunopress.it\",\"https:\\\/\\\/x.com\\\/bellunopress\"],\"url\":\"https:\\\/\\\/www.bellunopress.it\\\/fr\\\/author\\\/redazione\\\/\"}]}<\/script>\n<!-- \/ Yoast SEO plugin. -->","yoast_head_json":{"title":"Come ottimizzare gli spazi in cucina - Bellunopress - Dolomiti","robots":{"index":"index","follow":"follow","max-snippet":"max-snippet:-1","max-image-preview":"max-image-preview:large","max-video-preview":"max-video-preview:-1"},"canonical":"https:\/\/www.bellunopress.it\/fr\/2023\/11\/27\/come-ottimizzare-gli-spazi-in-cucina\/","og_locale":"fr_FR","og_type":"article","og_title":"Come ottimizzare gli spazi in cucina - Bellunopress - Dolomiti","og_description":"L&#8217;arredamento della cucina \u00e8 un aspetto fondamentale nell&#8217;organizzazione di un&#8217;abitazione, essendo uno degli spazi pi\u00f9 utilizzati e funzionali della casa. \u00c8 qui che si preparano i pasti, si condividono momenti in famiglia e, spesso, si svolgono altre attivit\u00e0 quotidiane. Pertanto, \u00e8 cruciale sfruttare ogni centimetro disponibile, soprattutto in cucine di dimensioni ridotte. In questo contesto, [&hellip;]","og_url":"https:\/\/www.bellunopress.it\/fr\/2023\/11\/27\/come-ottimizzare-gli-spazi-in-cucina\/","og_site_name":"Bellunopress - Dolomiti","article_publisher":"https:\/\/www.facebook.com\/profile.php?id=100008943462799","article_published_time":"2023-11-27T15:19:43+00:00","article_modified_time":"2023-11-27T17:24:14+00:00","og_image":[{"width":951,"height":628,"url":"https:\/\/www.bellunopress.it\/wp-content\/uploads\/2023\/11\/cucina_edited.jpg","type":"image\/jpeg"}],"author":"redazione","twitter_card":"summary_large_image","twitter_creator":"@bellunopress","twitter_site":"@bellunopress","twitter_misc":{"\u00c9crit par":"redazione","Dur\u00e9e de lecture estim\u00e9e":"4 minutes"},"schema":{"@context":"https:\/\/schema.org","@graph":[{"@type":"Article","@id":"https:\/\/www.bellunopress.it\/2023\/11\/27\/come-ottimizzare-gli-spazi-in-cucina\/#article","isPartOf":{"@id":"https:\/\/www.bellunopress.it\/2023\/11\/27\/come-ottimizzare-gli-spazi-in-cucina\/"},"author":{"name":"redazione","@id":"https:\/\/www.bellunopress.it\/#\/schema\/person\/79bb06722b37ece1c03d3e94beb30d73"},"headline":"Come ottimizzare gli spazi in cucina","datePublished":"2023-11-27T15:19:43+00:00","dateModified":"2023-11-27T17:24:14+00:00","mainEntityOfPage":{"@id":"https:\/\/www.bellunopress.it\/2023\/11\/27\/come-ottimizzare-gli-spazi-in-cucina\/"},"wordCount":733,"publisher":{"@id":"https:\/\/www.bellunopress.it\/#organization"},"image":{"@id":"https:\/\/www.bellunopress.it\/2023\/11\/27\/come-ottimizzare-gli-spazi-in-cucina\/#primaryimage"},"thumbnailUrl":"https:\/\/www.bellunopress.it\/wp-content\/uploads\/2023\/11\/cucina_edited.jpg","articleSection":["Sport, tempo libero"],"inLanguage":"fr-FR"},{"@type":"WebPage","@id":"https:\/\/www.bellunopress.it\/2023\/11\/27\/come-ottimizzare-gli-spazi-in-cucina\/","url":"https:\/\/www.bellunopress.it\/2023\/11\/27\/come-ottimizzare-gli-spazi-in-cucina\/","name":"Come ottimizzare gli spazi in cucina - Bellunopress - Dolomiti","isPartOf":{"@id":"https:\/\/www.bellunopress.it\/#website"},"primaryImageOfPage":{"@id":"https:\/\/www.bellunopress.it\/2023\/11\/27\/come-ottimizzare-gli-spazi-in-cucina\/#primaryimage"},"image":{"@id":"https:\/\/www.bellunopress.it\/2023\/11\/27\/come-ottimizzare-gli-spazi-in-cucina\/#primaryimage"},"thumbnailUrl":"https:\/\/www.bellunopress.it\/wp-content\/uploads\/2023\/11\/cucina_edited.jpg","datePublished":"2023-11-27T15:19:43+00:00","dateModified":"2023-11-27T17:24:14+00:00","breadcrumb":{"@id":"https:\/\/www.bellunopress.it\/2023\/11\/27\/come-ottimizzare-gli-spazi-in-cucina\/#breadcrumb"},"inLanguage":"fr-FR","potentialAction":[{"@type":"ReadAction","target":["https:\/\/www.bellunopress.it\/2023\/11\/27\/come-ottimizzare-gli-spazi-in-cucina\/"]}]},{"@type":"ImageObject","inLanguage":"fr-FR","@id":"https:\/\/www.bellunopress.it\/2023\/11\/27\/come-ottimizzare-gli-spazi-in-cucina\/#primaryimage","url":"https:\/\/www.bellunopress.it\/wp-content\/uploads\/2023\/11\/cucina_edited.jpg","contentUrl":"https:\/\/www.bellunopress.it\/wp-content\/uploads\/2023\/11\/cucina_edited.jpg","width":951,"height":628},{"@type":"BreadcrumbList","@id":"https:\/\/www.bellunopress.it\/2023\/11\/27\/come-ottimizzare-gli-spazi-in-cucina\/#breadcrumb","itemListElement":[{"@type":"ListItem","position":1,"name":"Home","item":"https:\/\/www.bellunopress.it\/"},{"@type":"ListItem","position":2,"name":"Come ottimizzare gli spazi in cucina"}]},{"@type":"WebSite","@id":"https:\/\/www.bellunopress.it\/#website","url":"https:\/\/www.bellunopress.it\/","name":"Bellunopress - Dolomiti","description":"e-mail: redazione@bellunopress.it","publisher":{"@id":"https:\/\/www.bellunopress.it\/#organization"},"potentialAction":[{"@type":"SearchAction","target":{"@type":"EntryPoint","urlTemplate":"https:\/\/www.bellunopress.it\/?s={search_term_string}"},"query-input":{"@type":"PropertyValueSpecification","valueRequired":true,"valueName":"search_term_string"}}],"inLanguage":"fr-FR"},{"@type":"Organization","@id":"https:\/\/www.bellunopress.it\/#organization","name":"Bellunopress","url":"https:\/\/www.bellunopress.it\/","logo":{"@type":"ImageObject","inLanguage":"fr-FR","@id":"https:\/\/www.bellunopress.it\/#\/schema\/logo\/image\/","url":"https:\/\/www.bellunopress.it\/wp-content\/uploads\/2011\/05\/cropped-logo-bellunopress-.jpg","contentUrl":"https:\/\/www.bellunopress.it\/wp-content\/uploads\/2011\/05\/cropped-logo-bellunopress-.jpg","width":512,"height":512,"caption":"Bellunopress"},"image":{"@id":"https:\/\/www.bellunopress.it\/#\/schema\/logo\/image\/"},"sameAs":["https:\/\/www.facebook.com\/profile.php?id=100008943462799","https:\/\/x.com\/bellunopress","https:\/\/www.linkedin.com\/hp\/?dnr=JBzUWaJfMUw8vbXJJ2tVW5-I3jZKvC4wsoxE&amp;amp;amp;amp;amp;amp;trk=nav_responsive_tab_home","https:\/\/www.youtube.com\/channel\/UCxL0wu1uN0_3_7hGG0306cw"]},{"@type":"Person","@id":"https:\/\/www.bellunopress.it\/#\/schema\/person\/79bb06722b37ece1c03d3e94beb30d73","name":"r\u00e9daction","image":{"@type":"ImageObject","inLanguage":"fr-FR","@id":"https:\/\/secure.gravatar.com\/avatar\/37d968a2e67a6fd04c169c4bdef102d0bc5d31b2546345219e348575eb80e9a0?s=96&d=mm&r=g","url":"https:\/\/secure.gravatar.com\/avatar\/37d968a2e67a6fd04c169c4bdef102d0bc5d31b2546345219e348575eb80e9a0?s=96&d=mm&r=g","contentUrl":"https:\/\/secure.gravatar.com\/avatar\/37d968a2e67a6fd04c169c4bdef102d0bc5d31b2546345219e348575eb80e9a0?s=96&d=mm&r=g","caption":"redazione"},"sameAs":["http:\/\/www.bellunopress.it","https:\/\/x.com\/bellunopress"],"url":"https:\/\/www.bellunopress.it\/fr\/author\/redazione\/"}]}},"_links":{"self":[{"href":"https:\/\/www.bellunopress.it\/fr\/wp-json\/wp\/v2\/posts\/146250","targetHints":{"allow":["GET"]}}],"collection":[{"href":"https:\/\/www.bellunopress.it\/fr\/wp-json\/wp\/v2\/posts"}],"about":[{"href":"https:\/\/www.bellunopress.it\/fr\/wp-json\/wp\/v2\/types\/post"}],"author":[{"embeddable":true,"href":"https:\/\/www.bellunopress.it\/fr\/wp-json\/wp\/v2\/users\/2"}],"replies":[{"embeddable":true,"href":"https:\/\/www.bellunopress.it\/fr\/wp-json\/wp\/v2\/comments?post=146250"}],"version-history":[{"count":1,"href":"https:\/\/www.bellunopress.it\/fr\/wp-json\/wp\/v2\/posts\/146250\/revisions"}],"predecessor-version":[{"id":146252,"href":"https:\/\/www.bellunopress.it\/fr\/wp-json\/wp\/v2\/posts\/146250\/revisions\/146252"}],"wp:featuredmedia":[{"embeddable":true,"href":"https:\/\/www.bellunopress.it\/fr\/wp-json\/wp\/v2\/media\/146251"}],"wp:attachment":[{"href":"https:\/\/www.bellunopress.it\/fr\/wp-json\/wp\/v2\/media?parent=146250"}],"wp:term":[{"taxonomy":"category","embeddable":true,"href":"https:\/\/www.bellunopress.it\/fr\/wp-json\/wp\/v2\/categories?post=146250"},{"taxonomy":"post_tag","embeddable":true,"href":"https:\/\/www.bellunopress.it\/fr\/wp-json\/wp\/v2\/tags?post=146250"}],"curies":[{"name":"wp","href":"https:\/\/api.w.org\/{rel}","templated":true}]}}