{"id":146248,"date":"2023-11-27T17:29:00","date_gmt":"2023-11-27T16:29:00","guid":{"rendered":"https:\/\/www.bellunopress.it\/?p=146248"},"modified":"2023-11-27T17:29:00","modified_gmt":"2023-11-27T16:29:00","slug":"variante-di-cortina-zaia-le-olimpiadi-2026-portano-la-soluzione-al-traffico-del-centro","status":"publish","type":"post","link":"https:\/\/www.bellunopress.it\/fr\/2023\/11\/27\/variante-di-cortina-zaia-le-olimpiadi-2026-portano-la-soluzione-al-traffico-del-centro\/","title":{"rendered":"Variante di Cortina. Zaia: &#8220;Le Olimpiadi 2026 portano la soluzione al traffico del centro&#8221;"},"content":{"rendered":"<p><img loading=\"lazy\" decoding=\"async\" class=\"alignleft size-full wp-image-118596\" src=\"https:\/\/www.bellunopress.it\/wp-content\/uploads\/2020\/10\/Luca-Zaia_edited.jpg\" alt=\"\" width=\"800\" height=\"800\" srcset=\"https:\/\/www.bellunopress.it\/wp-content\/uploads\/2020\/10\/Luca-Zaia_edited.jpg 800w, https:\/\/www.bellunopress.it\/wp-content\/uploads\/2020\/10\/Luca-Zaia_edited-500x500.jpg 500w, https:\/\/www.bellunopress.it\/wp-content\/uploads\/2020\/10\/Luca-Zaia_edited-300x300.jpg 300w, https:\/\/www.bellunopress.it\/wp-content\/uploads\/2020\/10\/Luca-Zaia_edited-696x696.jpg 696w, https:\/\/www.bellunopress.it\/wp-content\/uploads\/2020\/10\/Luca-Zaia_edited-420x420.jpg 420w\" sizes=\"auto, (max-width: 800px) 100vw, 800px\" \/>Venezia, 27 novembre 2023\u00a0 &#8211;\u00a0\u00a0\u201cLa Variante di Cortina, attesa da tanti anni, sar\u00e0 realt\u00e0 grazie alle Olimpiadi invernali del 2026. Con il via libera di oggi della Conferenza di Servizi, siamo pronti a portare in Ampezzo l\u2019opera viaria principale di questi Giochi. Una variante che riconsegna ai cittadini ampie parti del centro abitato e toglier\u00e0 di mezzo tutto il traffico pesante dal centro storico di Cortina d\u2019Ampezzo: sar\u00e0 cos\u00ec garantita pi\u00f9 sicurezza, pi\u00f9 rispetto dell\u2019ambiente, pi\u00f9 spazio alle attivit\u00e0 economiche e commerciali. La variante di Cortina \u00e8 di fatto il nucleo principale dell\u2019aspetto infrastrutturale legato alle Olimpiadi del 2026.<\/p>\n<p>Da oggi inizia a diventare realt\u00e0, con l\u2019aggiunta di una notizia non da poco: sar\u00e0 ampliata, secondo il progetto, anche l\u2019area pedonale con la sistemazione del corpo stradale di Lungo Boite e la riqualificazione di via Casere Battisti. Sono interventi attesi da anni: \u00e8 grazie ai Giochi Olimpici di Milano-Cortina che arriveranno i primi 30 milioni di euro per il primo lotto della variante, il by pass del centro storico, cui seguiranno ulteriori due lotti, per completare il resto del progetto, per altre decine di migliaia di euro di opere\u201d.<\/p>\n<p>Esprime cos\u00ec la sua soddisfazione il Presidente della Regione Veneto Luca Zaia, rispetto alle decisioni assunte oggi dalla la Conferenza di servizi decisoria per l\u2019esame del progetto esecutivo del Lotto 0 dell\u2019opera \u201cVariante di Cortina\u201d.<\/p>\n<p>\u201cLa realizzazione di questo progetto \u2013 aggiunge Zaia \u2013 \u00e8 attesa da anni dalla comunit\u00e0 ampezzana e da un intero territorio, perch\u00e9 il transito dei mezzi pesanti nel cuore della localit\u00e0 ampezzana aveva un impatto negativo pesante sulla qualit\u00e0 di vita di residenti e turisti e sulla salubrit\u00e0 dell\u2019ambiente\u201d.<\/p>\n<p>\u201cOltre agli aspetti pi\u00f9 prettamente sportivi, le cui decisioni sono ancora in corso per quanto riguarda le sedi di Gara di Cortina \u2013 conclude il Governatore del Veneto \u2013 avremo a breve la possibilit\u00e0 di toccare con mano l\u2019impatto positivo su Cortina e a un vasto territorio la candidatura olimpica, con infrastrutture che, senza Milano-Cortina 2026 probabilmente non sarebbe stato possibile realizzare. Ringrazio tutti coloro che sono impegnati in questi progetti, a partire dai Ministri Abodi, Giorgetti e il vicepremier Salvini, oltre ai vertici della societ\u00e0 Simico, riferimento operativo per le opere infrastrutturali\u201d.<\/p>\n<p>&nbsp;<\/p>","protected":false},"excerpt":{"rendered":"<p>Venezia, 27 novembre 2023\u00a0 &#8211;\u00a0\u00a0\u201cLa Variante di Cortina, attesa da tanti anni, sar\u00e0 realt\u00e0 grazie alle Olimpiadi invernali del 2026. Con il via libera di oggi della Conferenza di Servizi, siamo pronti a portare in Ampezzo l\u2019opera viaria principale di questi Giochi. Una variante che riconsegna ai cittadini ampie parti del centro abitato e toglier\u00e0 [&hellip;]<\/p>\n","protected":false},"author":2,"featured_media":118596,"comment_status":"closed","ping_status":"open","sticky":false,"template":"","format":"standard","meta":{"footnotes":""},"categories":[5,26,8],"tags":[],"class_list":["post-146248","post","type-post","status-publish","format-standard","has-post-thumbnail","category-cronaca","category-prima-pagina","category-societa-istituzioni"],"yoast_head":"<!-- This site is optimized with the Yoast SEO plugin v28.4 - https:\/\/yoast.com\/product\/yoast-seo-wordpress\/ -->\n<title>Variante di Cortina. Zaia: &quot;Le Olimpiadi 2026 portano la soluzione al traffico del centro&quot; - Bellunopress - Dolomiti<\/title>\n<meta name=\"robots\" content=\"index, follow, max-snippet:-1, max-image-preview:large, max-video-preview:-1\" \/>\n<link rel=\"canonical\" href=\"https:\/\/www.bellunopress.it\/fr\/2023\/11\/27\/variante-di-cortina-zaia-le-olimpiadi-2026-portano-la-soluzione-al-traffico-del-centro\/\" \/>\n<meta property=\"og:locale\" content=\"fr_FR\" \/>\n<meta property=\"og:type\" content=\"article\" \/>\n<meta property=\"og:title\" content=\"Variante di Cortina. Zaia: &quot;Le Olimpiadi 2026 portano la soluzione al traffico del centro&quot; - Bellunopress - Dolomiti\" \/>\n<meta property=\"og:description\" content=\"Venezia, 27 novembre 2023\u00a0 &#8211;\u00a0\u00a0\u201cLa Variante di Cortina, attesa da tanti anni, sar\u00e0 realt\u00e0 grazie alle Olimpiadi invernali del 2026. Con il via libera di oggi della Conferenza di Servizi, siamo pronti a portare in Ampezzo l\u2019opera viaria principale di questi Giochi. Una variante che riconsegna ai cittadini ampie parti del centro abitato e toglier\u00e0 [&hellip;]\" \/>\n<meta property=\"og:url\" content=\"https:\/\/www.bellunopress.it\/fr\/2023\/11\/27\/variante-di-cortina-zaia-le-olimpiadi-2026-portano-la-soluzione-al-traffico-del-centro\/\" \/>\n<meta property=\"og:site_name\" content=\"Bellunopress - Dolomiti\" \/>\n<meta property=\"article:publisher\" content=\"https:\/\/www.facebook.com\/profile.php?id=100008943462799\" \/>\n<meta property=\"article:published_time\" content=\"2023-11-27T16:29:00+00:00\" \/>\n<meta property=\"og:image\" content=\"https:\/\/www.bellunopress.it\/wp-content\/uploads\/2020\/10\/Luca-Zaia_edited.jpg\" \/>\n\t<meta property=\"og:image:width\" content=\"800\" \/>\n\t<meta property=\"og:image:height\" content=\"800\" \/>\n\t<meta property=\"og:image:type\" content=\"image\/jpeg\" \/>\n<meta name=\"author\" content=\"redazione\" \/>\n<meta name=\"twitter:card\" content=\"summary_large_image\" \/>\n<meta name=\"twitter:creator\" content=\"@bellunopress\" \/>\n<meta name=\"twitter:site\" content=\"@bellunopress\" \/>\n<meta name=\"twitter:label1\" content=\"Written by\" \/>\n\t<meta name=\"twitter:data1\" content=\"redazione\" \/>\n\t<meta name=\"twitter:label2\" content=\"Est. reading time\" \/>\n\t<meta name=\"twitter:data2\" content=\"2 minutes\" \/>\n<script type=\"application\/ld+json\" class=\"yoast-schema-graph\">{\"@context\":\"https:\\\/\\\/schema.org\",\"@graph\":[{\"@type\":\"Article\",\"@id\":\"https:\\\/\\\/www.bellunopress.it\\\/2023\\\/11\\\/27\\\/variante-di-cortina-zaia-le-olimpiadi-2026-portano-la-soluzione-al-traffico-del-centro\\\/#article\",\"isPartOf\":{\"@id\":\"https:\\\/\\\/www.bellunopress.it\\\/2023\\\/11\\\/27\\\/variante-di-cortina-zaia-le-olimpiadi-2026-portano-la-soluzione-al-traffico-del-centro\\\/\"},\"author\":{\"name\":\"redazione\",\"@id\":\"https:\\\/\\\/www.bellunopress.it\\\/#\\\/schema\\\/person\\\/79bb06722b37ece1c03d3e94beb30d73\"},\"headline\":\"Variante di Cortina. Zaia: &#8220;Le Olimpiadi 2026 portano la soluzione al traffico del centro&#8221;\",\"datePublished\":\"2023-11-27T16:29:00+00:00\",\"mainEntityOfPage\":{\"@id\":\"https:\\\/\\\/www.bellunopress.it\\\/2023\\\/11\\\/27\\\/variante-di-cortina-zaia-le-olimpiadi-2026-portano-la-soluzione-al-traffico-del-centro\\\/\"},\"wordCount\":377,\"publisher\":{\"@id\":\"https:\\\/\\\/www.bellunopress.it\\\/#organization\"},\"image\":{\"@id\":\"https:\\\/\\\/www.bellunopress.it\\\/2023\\\/11\\\/27\\\/variante-di-cortina-zaia-le-olimpiadi-2026-portano-la-soluzione-al-traffico-del-centro\\\/#primaryimage\"},\"thumbnailUrl\":\"https:\\\/\\\/www.bellunopress.it\\\/wp-content\\\/uploads\\\/2020\\\/10\\\/Luca-Zaia_edited.jpg\",\"articleSection\":[\"Cronaca\\\/Politica\",\"Prima Pagina\",\"Societ\u00e0, Associazioni, Istituzioni\"],\"inLanguage\":\"fr-FR\"},{\"@type\":\"WebPage\",\"@id\":\"https:\\\/\\\/www.bellunopress.it\\\/2023\\\/11\\\/27\\\/variante-di-cortina-zaia-le-olimpiadi-2026-portano-la-soluzione-al-traffico-del-centro\\\/\",\"url\":\"https:\\\/\\\/www.bellunopress.it\\\/2023\\\/11\\\/27\\\/variante-di-cortina-zaia-le-olimpiadi-2026-portano-la-soluzione-al-traffico-del-centro\\\/\",\"name\":\"Variante di Cortina. Zaia: \\\"Le Olimpiadi 2026 portano la soluzione al traffico del centro\\\" - Bellunopress - Dolomiti\",\"isPartOf\":{\"@id\":\"https:\\\/\\\/www.bellunopress.it\\\/#website\"},\"primaryImageOfPage\":{\"@id\":\"https:\\\/\\\/www.bellunopress.it\\\/2023\\\/11\\\/27\\\/variante-di-cortina-zaia-le-olimpiadi-2026-portano-la-soluzione-al-traffico-del-centro\\\/#primaryimage\"},\"image\":{\"@id\":\"https:\\\/\\\/www.bellunopress.it\\\/2023\\\/11\\\/27\\\/variante-di-cortina-zaia-le-olimpiadi-2026-portano-la-soluzione-al-traffico-del-centro\\\/#primaryimage\"},\"thumbnailUrl\":\"https:\\\/\\\/www.bellunopress.it\\\/wp-content\\\/uploads\\\/2020\\\/10\\\/Luca-Zaia_edited.jpg\",\"datePublished\":\"2023-11-27T16:29:00+00:00\",\"breadcrumb\":{\"@id\":\"https:\\\/\\\/www.bellunopress.it\\\/2023\\\/11\\\/27\\\/variante-di-cortina-zaia-le-olimpiadi-2026-portano-la-soluzione-al-traffico-del-centro\\\/#breadcrumb\"},\"inLanguage\":\"fr-FR\",\"potentialAction\":[{\"@type\":\"ReadAction\",\"target\":[\"https:\\\/\\\/www.bellunopress.it\\\/2023\\\/11\\\/27\\\/variante-di-cortina-zaia-le-olimpiadi-2026-portano-la-soluzione-al-traffico-del-centro\\\/\"]}]},{\"@type\":\"ImageObject\",\"inLanguage\":\"fr-FR\",\"@id\":\"https:\\\/\\\/www.bellunopress.it\\\/2023\\\/11\\\/27\\\/variante-di-cortina-zaia-le-olimpiadi-2026-portano-la-soluzione-al-traffico-del-centro\\\/#primaryimage\",\"url\":\"https:\\\/\\\/www.bellunopress.it\\\/wp-content\\\/uploads\\\/2020\\\/10\\\/Luca-Zaia_edited.jpg\",\"contentUrl\":\"https:\\\/\\\/www.bellunopress.it\\\/wp-content\\\/uploads\\\/2020\\\/10\\\/Luca-Zaia_edited.jpg\",\"width\":800,\"height\":800,\"caption\":\"Luca Zaia, presidente della Regione del Veneto\"},{\"@type\":\"BreadcrumbList\",\"@id\":\"https:\\\/\\\/www.bellunopress.it\\\/2023\\\/11\\\/27\\\/variante-di-cortina-zaia-le-olimpiadi-2026-portano-la-soluzione-al-traffico-del-centro\\\/#breadcrumb\",\"itemListElement\":[{\"@type\":\"ListItem\",\"position\":1,\"name\":\"Home\",\"item\":\"https:\\\/\\\/www.bellunopress.it\\\/\"},{\"@type\":\"ListItem\",\"position\":2,\"name\":\"Variante di Cortina. Zaia: &#8220;Le Olimpiadi 2026 portano la soluzione al traffico del centro&#8221;\"}]},{\"@type\":\"WebSite\",\"@id\":\"https:\\\/\\\/www.bellunopress.it\\\/#website\",\"url\":\"https:\\\/\\\/www.bellunopress.it\\\/\",\"name\":\"Bellunopress - Dolomiti\",\"description\":\"e-mail: redazione@bellunopress.it\",\"publisher\":{\"@id\":\"https:\\\/\\\/www.bellunopress.it\\\/#organization\"},\"potentialAction\":[{\"@type\":\"SearchAction\",\"target\":{\"@type\":\"EntryPoint\",\"urlTemplate\":\"https:\\\/\\\/www.bellunopress.it\\\/?s={search_term_string}\"},\"query-input\":{\"@type\":\"PropertyValueSpecification\",\"valueRequired\":true,\"valueName\":\"search_term_string\"}}],\"inLanguage\":\"fr-FR\"},{\"@type\":\"Organization\",\"@id\":\"https:\\\/\\\/www.bellunopress.it\\\/#organization\",\"name\":\"Bellunopress\",\"url\":\"https:\\\/\\\/www.bellunopress.it\\\/\",\"logo\":{\"@type\":\"ImageObject\",\"inLanguage\":\"fr-FR\",\"@id\":\"https:\\\/\\\/www.bellunopress.it\\\/#\\\/schema\\\/logo\\\/image\\\/\",\"url\":\"https:\\\/\\\/www.bellunopress.it\\\/wp-content\\\/uploads\\\/2011\\\/05\\\/cropped-logo-bellunopress-.jpg\",\"contentUrl\":\"https:\\\/\\\/www.bellunopress.it\\\/wp-content\\\/uploads\\\/2011\\\/05\\\/cropped-logo-bellunopress-.jpg\",\"width\":512,\"height\":512,\"caption\":\"Bellunopress\"},\"image\":{\"@id\":\"https:\\\/\\\/www.bellunopress.it\\\/#\\\/schema\\\/logo\\\/image\\\/\"},\"sameAs\":[\"https:\\\/\\\/www.facebook.com\\\/profile.php?id=100008943462799\",\"https:\\\/\\\/x.com\\\/bellunopress\",\"https:\\\/\\\/www.linkedin.com\\\/hp\\\/?dnr=JBzUWaJfMUw8vbXJJ2tVW5-I3jZKvC4wsoxE&amp;amp;amp;amp;amp;amp;trk=nav_responsive_tab_home\",\"https:\\\/\\\/www.youtube.com\\\/channel\\\/UCxL0wu1uN0_3_7hGG0306cw\"]},{\"@type\":\"Person\",\"@id\":\"https:\\\/\\\/www.bellunopress.it\\\/#\\\/schema\\\/person\\\/79bb06722b37ece1c03d3e94beb30d73\",\"name\":\"redazione\",\"image\":{\"@type\":\"ImageObject\",\"inLanguage\":\"fr-FR\",\"@id\":\"https:\\\/\\\/secure.gravatar.com\\\/avatar\\\/37d968a2e67a6fd04c169c4bdef102d0bc5d31b2546345219e348575eb80e9a0?s=96&d=mm&r=g\",\"url\":\"https:\\\/\\\/secure.gravatar.com\\\/avatar\\\/37d968a2e67a6fd04c169c4bdef102d0bc5d31b2546345219e348575eb80e9a0?s=96&d=mm&r=g\",\"contentUrl\":\"https:\\\/\\\/secure.gravatar.com\\\/avatar\\\/37d968a2e67a6fd04c169c4bdef102d0bc5d31b2546345219e348575eb80e9a0?s=96&d=mm&r=g\",\"caption\":\"redazione\"},\"sameAs\":[\"http:\\\/\\\/www.bellunopress.it\",\"https:\\\/\\\/x.com\\\/bellunopress\"],\"url\":\"https:\\\/\\\/www.bellunopress.it\\\/fr\\\/author\\\/redazione\\\/\"}]}<\/script>\n<!-- \/ Yoast SEO plugin. -->","yoast_head_json":{"title":"Variante di Cortina. Zaia: \"Le Olimpiadi 2026 portano la soluzione al traffico del centro\" - Bellunopress - Dolomiti","robots":{"index":"index","follow":"follow","max-snippet":"max-snippet:-1","max-image-preview":"max-image-preview:large","max-video-preview":"max-video-preview:-1"},"canonical":"https:\/\/www.bellunopress.it\/fr\/2023\/11\/27\/variante-di-cortina-zaia-le-olimpiadi-2026-portano-la-soluzione-al-traffico-del-centro\/","og_locale":"fr_FR","og_type":"article","og_title":"Variante di Cortina. Zaia: \"Le Olimpiadi 2026 portano la soluzione al traffico del centro\" - Bellunopress - Dolomiti","og_description":"Venezia, 27 novembre 2023\u00a0 &#8211;\u00a0\u00a0\u201cLa Variante di Cortina, attesa da tanti anni, sar\u00e0 realt\u00e0 grazie alle Olimpiadi invernali del 2026. Con il via libera di oggi della Conferenza di Servizi, siamo pronti a portare in Ampezzo l\u2019opera viaria principale di questi Giochi. Una variante che riconsegna ai cittadini ampie parti del centro abitato e toglier\u00e0 [&hellip;]","og_url":"https:\/\/www.bellunopress.it\/fr\/2023\/11\/27\/variante-di-cortina-zaia-le-olimpiadi-2026-portano-la-soluzione-al-traffico-del-centro\/","og_site_name":"Bellunopress - Dolomiti","article_publisher":"https:\/\/www.facebook.com\/profile.php?id=100008943462799","article_published_time":"2023-11-27T16:29:00+00:00","og_image":[{"width":800,"height":800,"url":"https:\/\/www.bellunopress.it\/wp-content\/uploads\/2020\/10\/Luca-Zaia_edited.jpg","type":"image\/jpeg"}],"author":"redazione","twitter_card":"summary_large_image","twitter_creator":"@bellunopress","twitter_site":"@bellunopress","twitter_misc":{"Written by":"redazione","Est. reading time":"2 minutes"},"schema":{"@context":"https:\/\/schema.org","@graph":[{"@type":"Article","@id":"https:\/\/www.bellunopress.it\/2023\/11\/27\/variante-di-cortina-zaia-le-olimpiadi-2026-portano-la-soluzione-al-traffico-del-centro\/#article","isPartOf":{"@id":"https:\/\/www.bellunopress.it\/2023\/11\/27\/variante-di-cortina-zaia-le-olimpiadi-2026-portano-la-soluzione-al-traffico-del-centro\/"},"author":{"name":"redazione","@id":"https:\/\/www.bellunopress.it\/#\/schema\/person\/79bb06722b37ece1c03d3e94beb30d73"},"headline":"Variante di Cortina. Zaia: &#8220;Le Olimpiadi 2026 portano la soluzione al traffico del centro&#8221;","datePublished":"2023-11-27T16:29:00+00:00","mainEntityOfPage":{"@id":"https:\/\/www.bellunopress.it\/2023\/11\/27\/variante-di-cortina-zaia-le-olimpiadi-2026-portano-la-soluzione-al-traffico-del-centro\/"},"wordCount":377,"publisher":{"@id":"https:\/\/www.bellunopress.it\/#organization"},"image":{"@id":"https:\/\/www.bellunopress.it\/2023\/11\/27\/variante-di-cortina-zaia-le-olimpiadi-2026-portano-la-soluzione-al-traffico-del-centro\/#primaryimage"},"thumbnailUrl":"https:\/\/www.bellunopress.it\/wp-content\/uploads\/2020\/10\/Luca-Zaia_edited.jpg","articleSection":["Cronaca\/Politica","Prima Pagina","Societ\u00e0, Associazioni, Istituzioni"],"inLanguage":"fr-FR"},{"@type":"WebPage","@id":"https:\/\/www.bellunopress.it\/2023\/11\/27\/variante-di-cortina-zaia-le-olimpiadi-2026-portano-la-soluzione-al-traffico-del-centro\/","url":"https:\/\/www.bellunopress.it\/2023\/11\/27\/variante-di-cortina-zaia-le-olimpiadi-2026-portano-la-soluzione-al-traffico-del-centro\/","name":"Variante di Cortina. Zaia: \"Le Olimpiadi 2026 portano la soluzione al traffico del centro\" - Bellunopress - Dolomiti","isPartOf":{"@id":"https:\/\/www.bellunopress.it\/#website"},"primaryImageOfPage":{"@id":"https:\/\/www.bellunopress.it\/2023\/11\/27\/variante-di-cortina-zaia-le-olimpiadi-2026-portano-la-soluzione-al-traffico-del-centro\/#primaryimage"},"image":{"@id":"https:\/\/www.bellunopress.it\/2023\/11\/27\/variante-di-cortina-zaia-le-olimpiadi-2026-portano-la-soluzione-al-traffico-del-centro\/#primaryimage"},"thumbnailUrl":"https:\/\/www.bellunopress.it\/wp-content\/uploads\/2020\/10\/Luca-Zaia_edited.jpg","datePublished":"2023-11-27T16:29:00+00:00","breadcrumb":{"@id":"https:\/\/www.bellunopress.it\/2023\/11\/27\/variante-di-cortina-zaia-le-olimpiadi-2026-portano-la-soluzione-al-traffico-del-centro\/#breadcrumb"},"inLanguage":"fr-FR","potentialAction":[{"@type":"ReadAction","target":["https:\/\/www.bellunopress.it\/2023\/11\/27\/variante-di-cortina-zaia-le-olimpiadi-2026-portano-la-soluzione-al-traffico-del-centro\/"]}]},{"@type":"ImageObject","inLanguage":"fr-FR","@id":"https:\/\/www.bellunopress.it\/2023\/11\/27\/variante-di-cortina-zaia-le-olimpiadi-2026-portano-la-soluzione-al-traffico-del-centro\/#primaryimage","url":"https:\/\/www.bellunopress.it\/wp-content\/uploads\/2020\/10\/Luca-Zaia_edited.jpg","contentUrl":"https:\/\/www.bellunopress.it\/wp-content\/uploads\/2020\/10\/Luca-Zaia_edited.jpg","width":800,"height":800,"caption":"Luca Zaia, presidente della Regione del Veneto"},{"@type":"BreadcrumbList","@id":"https:\/\/www.bellunopress.it\/2023\/11\/27\/variante-di-cortina-zaia-le-olimpiadi-2026-portano-la-soluzione-al-traffico-del-centro\/#breadcrumb","itemListElement":[{"@type":"ListItem","position":1,"name":"Home","item":"https:\/\/www.bellunopress.it\/"},{"@type":"ListItem","position":2,"name":"Variante di Cortina. Zaia: &#8220;Le Olimpiadi 2026 portano la soluzione al traffico del centro&#8221;"}]},{"@type":"WebSite","@id":"https:\/\/www.bellunopress.it\/#website","url":"https:\/\/www.bellunopress.it\/","name":"Bellunopress - Dolomiti","description":"e-mail: redazione@bellunopress.it","publisher":{"@id":"https:\/\/www.bellunopress.it\/#organization"},"potentialAction":[{"@type":"SearchAction","target":{"@type":"EntryPoint","urlTemplate":"https:\/\/www.bellunopress.it\/?s={search_term_string}"},"query-input":{"@type":"PropertyValueSpecification","valueRequired":true,"valueName":"search_term_string"}}],"inLanguage":"fr-FR"},{"@type":"Organization","@id":"https:\/\/www.bellunopress.it\/#organization","name":"Bellunopress","url":"https:\/\/www.bellunopress.it\/","logo":{"@type":"ImageObject","inLanguage":"fr-FR","@id":"https:\/\/www.bellunopress.it\/#\/schema\/logo\/image\/","url":"https:\/\/www.bellunopress.it\/wp-content\/uploads\/2011\/05\/cropped-logo-bellunopress-.jpg","contentUrl":"https:\/\/www.bellunopress.it\/wp-content\/uploads\/2011\/05\/cropped-logo-bellunopress-.jpg","width":512,"height":512,"caption":"Bellunopress"},"image":{"@id":"https:\/\/www.bellunopress.it\/#\/schema\/logo\/image\/"},"sameAs":["https:\/\/www.facebook.com\/profile.php?id=100008943462799","https:\/\/x.com\/bellunopress","https:\/\/www.linkedin.com\/hp\/?dnr=JBzUWaJfMUw8vbXJJ2tVW5-I3jZKvC4wsoxE&amp;amp;amp;amp;amp;amp;trk=nav_responsive_tab_home","https:\/\/www.youtube.com\/channel\/UCxL0wu1uN0_3_7hGG0306cw"]},{"@type":"Person","@id":"https:\/\/www.bellunopress.it\/#\/schema\/person\/79bb06722b37ece1c03d3e94beb30d73","name":"r\u00e9daction","image":{"@type":"ImageObject","inLanguage":"fr-FR","@id":"https:\/\/secure.gravatar.com\/avatar\/37d968a2e67a6fd04c169c4bdef102d0bc5d31b2546345219e348575eb80e9a0?s=96&d=mm&r=g","url":"https:\/\/secure.gravatar.com\/avatar\/37d968a2e67a6fd04c169c4bdef102d0bc5d31b2546345219e348575eb80e9a0?s=96&d=mm&r=g","contentUrl":"https:\/\/secure.gravatar.com\/avatar\/37d968a2e67a6fd04c169c4bdef102d0bc5d31b2546345219e348575eb80e9a0?s=96&d=mm&r=g","caption":"redazione"},"sameAs":["http:\/\/www.bellunopress.it","https:\/\/x.com\/bellunopress"],"url":"https:\/\/www.bellunopress.it\/fr\/author\/redazione\/"}]}},"_links":{"self":[{"href":"https:\/\/www.bellunopress.it\/fr\/wp-json\/wp\/v2\/posts\/146248","targetHints":{"allow":["GET"]}}],"collection":[{"href":"https:\/\/www.bellunopress.it\/fr\/wp-json\/wp\/v2\/posts"}],"about":[{"href":"https:\/\/www.bellunopress.it\/fr\/wp-json\/wp\/v2\/types\/post"}],"author":[{"embeddable":true,"href":"https:\/\/www.bellunopress.it\/fr\/wp-json\/wp\/v2\/users\/2"}],"replies":[{"embeddable":true,"href":"https:\/\/www.bellunopress.it\/fr\/wp-json\/wp\/v2\/comments?post=146248"}],"version-history":[{"count":1,"href":"https:\/\/www.bellunopress.it\/fr\/wp-json\/wp\/v2\/posts\/146248\/revisions"}],"predecessor-version":[{"id":146249,"href":"https:\/\/www.bellunopress.it\/fr\/wp-json\/wp\/v2\/posts\/146248\/revisions\/146249"}],"wp:featuredmedia":[{"embeddable":true,"href":"https:\/\/www.bellunopress.it\/fr\/wp-json\/wp\/v2\/media\/118596"}],"wp:attachment":[{"href":"https:\/\/www.bellunopress.it\/fr\/wp-json\/wp\/v2\/media?parent=146248"}],"wp:term":[{"taxonomy":"category","embeddable":true,"href":"https:\/\/www.bellunopress.it\/fr\/wp-json\/wp\/v2\/categories?post=146248"},{"taxonomy":"post_tag","embeddable":true,"href":"https:\/\/www.bellunopress.it\/fr\/wp-json\/wp\/v2\/tags?post=146248"}],"curies":[{"name":"wp","href":"https:\/\/api.w.org\/{rel}","templated":true}]}}