{"id":146246,"date":"2023-11-27T17:21:41","date_gmt":"2023-11-27T16:21:41","guid":{"rendered":"https:\/\/www.bellunopress.it\/?p=146246"},"modified":"2023-11-27T17:21:41","modified_gmt":"2023-11-27T16:21:41","slug":"contrasto-alla-violenza-sulle-donne-mercoledi-al-cinema-petite-lumiere-liniziativa-di-confindustria-belluno-dolomiti","status":"publish","type":"post","link":"https:\/\/www.bellunopress.it\/fr\/2023\/11\/27\/contrasto-alla-violenza-sulle-donne-mercoledi-al-cinema-petite-lumiere-liniziativa-di-confindustria-belluno-dolomiti\/","title":{"rendered":"Contrasto alla violenza sulle donne. Mercoled\u00ec al cinema Petite Lumiere, l&#8217;iniziativa di Confindustria Belluno Dolomiti"},"content":{"rendered":"<p><img loading=\"lazy\" decoding=\"async\" class=\"alignleft size-full wp-image-101564\" src=\"https:\/\/www.bellunopress.it\/wp-content\/uploads\/2019\/01\/confindustria.jpg\" alt=\"\" width=\"300\" height=\"243\" \/>Belluno, 27 novembre 2023 &#8211; Un invito speciale al cinema per riflettere sulla piaga della violenza contro le donne: \u00e8 quello che Confindustria Belluno Dolomiti fa a tutta la popolazione bellunese. Mercoled\u00ec 29 novembre, alle 17, si terr\u00e0 infatti al cinema Petite Lumiere la proiezione di &#8220;Un altro domani&#8221;, docufilm di Silvio Soldini e Cristiana Mainardi, un&#8217;indagine sulla violenza nelle relazioni affettive.<\/p>\n<p>&#8220;Il film fa parte del ciclo di iniziative promosse all&#8217;interno del Progetto per il Sociale che l&#8217;Associazione sta portando avanti per favorire l&#8217;inclusione a tutti i livelli e una uguaglianza sostanziale sia in fabbrica che nelle nostre comunit\u00e0&#8221;, rimarca Flavio Mares, consigliere con delega al Sociale.<\/p>\n<p>La scorsa settimana in sala Bianchi Confindustria Belluno Dolomiti aveva chiamato a raccolta i maggiori esperti in materia di relazioni e violenza di genere, dagli specialisti dell&#8217;Ulss 1 al sostituto procuratore Roberta Gallego.<\/p>\n<p>&#8220;\u00c8 stato un evento di grande spessore, ora continuiamo su questa strada&#8221;, afferma, dal canto suo, la presidente di Confindustria Belluno Dolomiti Lorraine Berton, che si rivolge, in particolare, alla fascia maschile della popolazione: &#8220;Spero di vedere alla proiezione tanti giovani uomini. Sarebbe un segnale che l&#8217;obiettivo \u00e8 davvero comune&#8221;.<\/p>\n<p>L&#8217;appuntamento \u00e8 quindi per le 17 al Petite Lumiere mercoled\u00ec 29 novembre. L&#8217;ingresso \u00e8 gratuito ma l&#8217;iscrizione \u00e8 obbligatoria, fino a esaurimento posti (100). Per info e iscrizioni inviare una mail a vlira@confindustria.bl.it<\/p>","protected":false},"excerpt":{"rendered":"<p>Belluno, 27 novembre 2023 &#8211; Un invito speciale al cinema per riflettere sulla piaga della violenza contro le donne: \u00e8 quello che Confindustria Belluno Dolomiti fa a tutta la popolazione bellunese. Mercoled\u00ec 29 novembre, alle 17, si terr\u00e0 infatti al cinema Petite Lumiere la proiezione di &#8220;Un altro domani&#8221;, docufilm di Silvio Soldini e Cristiana [&hellip;]<\/p>\n","protected":false},"author":2,"featured_media":101564,"comment_status":"closed","ping_status":"open","sticky":false,"template":"","format":"standard","meta":{"footnotes":""},"categories":[3394,8],"tags":[],"class_list":["post-146246","post","type-post","status-publish","format-standard","has-post-thumbnail","category-cultura-e-spettacoli-fuori-provincia","category-societa-istituzioni"],"yoast_head":"<!-- This site is optimized with the Yoast SEO plugin v28.4 - https:\/\/yoast.com\/product\/yoast-seo-wordpress\/ -->\n<title>Contrasto alla violenza sulle donne. Mercoled\u00ec al cinema Petite Lumiere, l&#039;iniziativa di Confindustria Belluno Dolomiti - Bellunopress - Dolomiti<\/title>\n<meta name=\"robots\" content=\"index, follow, max-snippet:-1, max-image-preview:large, max-video-preview:-1\" \/>\n<link rel=\"canonical\" href=\"https:\/\/www.bellunopress.it\/fr\/2023\/11\/27\/contrasto-alla-violenza-sulle-donne-mercoledi-al-cinema-petite-lumiere-liniziativa-di-confindustria-belluno-dolomiti\/\" \/>\n<meta property=\"og:locale\" content=\"fr_FR\" \/>\n<meta property=\"og:type\" content=\"article\" \/>\n<meta property=\"og:title\" content=\"Contrasto alla violenza sulle donne. Mercoled\u00ec al cinema Petite Lumiere, l&#039;iniziativa di Confindustria Belluno Dolomiti - Bellunopress - Dolomiti\" \/>\n<meta property=\"og:description\" content=\"Belluno, 27 novembre 2023 &#8211; Un invito speciale al cinema per riflettere sulla piaga della violenza contro le donne: \u00e8 quello che Confindustria Belluno Dolomiti fa a tutta la popolazione bellunese. Mercoled\u00ec 29 novembre, alle 17, si terr\u00e0 infatti al cinema Petite Lumiere la proiezione di &#8220;Un altro domani&#8221;, docufilm di Silvio Soldini e Cristiana [&hellip;]\" \/>\n<meta property=\"og:url\" content=\"https:\/\/www.bellunopress.it\/fr\/2023\/11\/27\/contrasto-alla-violenza-sulle-donne-mercoledi-al-cinema-petite-lumiere-liniziativa-di-confindustria-belluno-dolomiti\/\" \/>\n<meta property=\"og:site_name\" content=\"Bellunopress - Dolomiti\" \/>\n<meta property=\"article:publisher\" content=\"https:\/\/www.facebook.com\/profile.php?id=100008943462799\" \/>\n<meta property=\"article:published_time\" content=\"2023-11-27T16:21:41+00:00\" \/>\n<meta property=\"og:image\" content=\"https:\/\/www.bellunopress.it\/wp-content\/uploads\/2019\/01\/confindustria.jpg\" \/>\n\t<meta property=\"og:image:width\" content=\"300\" \/>\n\t<meta property=\"og:image:height\" content=\"243\" \/>\n\t<meta property=\"og:image:type\" content=\"image\/jpeg\" \/>\n<meta name=\"author\" content=\"redazione\" \/>\n<meta name=\"twitter:card\" content=\"summary_large_image\" \/>\n<meta name=\"twitter:creator\" content=\"@bellunopress\" \/>\n<meta name=\"twitter:site\" content=\"@bellunopress\" \/>\n<meta name=\"twitter:label1\" content=\"Written by\" \/>\n\t<meta name=\"twitter:data1\" content=\"redazione\" \/>\n\t<meta name=\"twitter:label2\" content=\"Est. reading time\" \/>\n\t<meta name=\"twitter:data2\" content=\"1 minute\" \/>\n<script type=\"application\/ld+json\" class=\"yoast-schema-graph\">{\"@context\":\"https:\\\/\\\/schema.org\",\"@graph\":[{\"@type\":\"Article\",\"@id\":\"https:\\\/\\\/www.bellunopress.it\\\/2023\\\/11\\\/27\\\/contrasto-alla-violenza-sulle-donne-mercoledi-al-cinema-petite-lumiere-liniziativa-di-confindustria-belluno-dolomiti\\\/#article\",\"isPartOf\":{\"@id\":\"https:\\\/\\\/www.bellunopress.it\\\/2023\\\/11\\\/27\\\/contrasto-alla-violenza-sulle-donne-mercoledi-al-cinema-petite-lumiere-liniziativa-di-confindustria-belluno-dolomiti\\\/\"},\"author\":{\"name\":\"redazione\",\"@id\":\"https:\\\/\\\/www.bellunopress.it\\\/#\\\/schema\\\/person\\\/79bb06722b37ece1c03d3e94beb30d73\"},\"headline\":\"Contrasto alla violenza sulle donne. Mercoled\u00ec al cinema Petite Lumiere, l&#8217;iniziativa di Confindustria Belluno Dolomiti\",\"datePublished\":\"2023-11-27T16:21:41+00:00\",\"mainEntityOfPage\":{\"@id\":\"https:\\\/\\\/www.bellunopress.it\\\/2023\\\/11\\\/27\\\/contrasto-alla-violenza-sulle-donne-mercoledi-al-cinema-petite-lumiere-liniziativa-di-confindustria-belluno-dolomiti\\\/\"},\"wordCount\":238,\"publisher\":{\"@id\":\"https:\\\/\\\/www.bellunopress.it\\\/#organization\"},\"image\":{\"@id\":\"https:\\\/\\\/www.bellunopress.it\\\/2023\\\/11\\\/27\\\/contrasto-alla-violenza-sulle-donne-mercoledi-al-cinema-petite-lumiere-liniziativa-di-confindustria-belluno-dolomiti\\\/#primaryimage\"},\"thumbnailUrl\":\"https:\\\/\\\/www.bellunopress.it\\\/wp-content\\\/uploads\\\/2019\\\/01\\\/confindustria.jpg\",\"articleSection\":[\"Cultura e spettacoli, tempo libero, benessere, fuori provincia\",\"Societ\u00e0, Associazioni, Istituzioni\"],\"inLanguage\":\"fr-FR\"},{\"@type\":\"WebPage\",\"@id\":\"https:\\\/\\\/www.bellunopress.it\\\/2023\\\/11\\\/27\\\/contrasto-alla-violenza-sulle-donne-mercoledi-al-cinema-petite-lumiere-liniziativa-di-confindustria-belluno-dolomiti\\\/\",\"url\":\"https:\\\/\\\/www.bellunopress.it\\\/2023\\\/11\\\/27\\\/contrasto-alla-violenza-sulle-donne-mercoledi-al-cinema-petite-lumiere-liniziativa-di-confindustria-belluno-dolomiti\\\/\",\"name\":\"Contrasto alla violenza sulle donne. Mercoled\u00ec al cinema Petite Lumiere, l'iniziativa di Confindustria Belluno Dolomiti - Bellunopress - Dolomiti\",\"isPartOf\":{\"@id\":\"https:\\\/\\\/www.bellunopress.it\\\/#website\"},\"primaryImageOfPage\":{\"@id\":\"https:\\\/\\\/www.bellunopress.it\\\/2023\\\/11\\\/27\\\/contrasto-alla-violenza-sulle-donne-mercoledi-al-cinema-petite-lumiere-liniziativa-di-confindustria-belluno-dolomiti\\\/#primaryimage\"},\"image\":{\"@id\":\"https:\\\/\\\/www.bellunopress.it\\\/2023\\\/11\\\/27\\\/contrasto-alla-violenza-sulle-donne-mercoledi-al-cinema-petite-lumiere-liniziativa-di-confindustria-belluno-dolomiti\\\/#primaryimage\"},\"thumbnailUrl\":\"https:\\\/\\\/www.bellunopress.it\\\/wp-content\\\/uploads\\\/2019\\\/01\\\/confindustria.jpg\",\"datePublished\":\"2023-11-27T16:21:41+00:00\",\"breadcrumb\":{\"@id\":\"https:\\\/\\\/www.bellunopress.it\\\/2023\\\/11\\\/27\\\/contrasto-alla-violenza-sulle-donne-mercoledi-al-cinema-petite-lumiere-liniziativa-di-confindustria-belluno-dolomiti\\\/#breadcrumb\"},\"inLanguage\":\"fr-FR\",\"potentialAction\":[{\"@type\":\"ReadAction\",\"target\":[\"https:\\\/\\\/www.bellunopress.it\\\/2023\\\/11\\\/27\\\/contrasto-alla-violenza-sulle-donne-mercoledi-al-cinema-petite-lumiere-liniziativa-di-confindustria-belluno-dolomiti\\\/\"]}]},{\"@type\":\"ImageObject\",\"inLanguage\":\"fr-FR\",\"@id\":\"https:\\\/\\\/www.bellunopress.it\\\/2023\\\/11\\\/27\\\/contrasto-alla-violenza-sulle-donne-mercoledi-al-cinema-petite-lumiere-liniziativa-di-confindustria-belluno-dolomiti\\\/#primaryimage\",\"url\":\"https:\\\/\\\/www.bellunopress.it\\\/wp-content\\\/uploads\\\/2019\\\/01\\\/confindustria.jpg\",\"contentUrl\":\"https:\\\/\\\/www.bellunopress.it\\\/wp-content\\\/uploads\\\/2019\\\/01\\\/confindustria.jpg\",\"width\":300,\"height\":243},{\"@type\":\"BreadcrumbList\",\"@id\":\"https:\\\/\\\/www.bellunopress.it\\\/2023\\\/11\\\/27\\\/contrasto-alla-violenza-sulle-donne-mercoledi-al-cinema-petite-lumiere-liniziativa-di-confindustria-belluno-dolomiti\\\/#breadcrumb\",\"itemListElement\":[{\"@type\":\"ListItem\",\"position\":1,\"name\":\"Home\",\"item\":\"https:\\\/\\\/www.bellunopress.it\\\/\"},{\"@type\":\"ListItem\",\"position\":2,\"name\":\"Contrasto alla violenza sulle donne. Mercoled\u00ec al cinema Petite Lumiere, l&#8217;iniziativa di Confindustria Belluno Dolomiti\"}]},{\"@type\":\"WebSite\",\"@id\":\"https:\\\/\\\/www.bellunopress.it\\\/#website\",\"url\":\"https:\\\/\\\/www.bellunopress.it\\\/\",\"name\":\"Bellunopress - Dolomiti\",\"description\":\"e-mail: redazione@bellunopress.it\",\"publisher\":{\"@id\":\"https:\\\/\\\/www.bellunopress.it\\\/#organization\"},\"potentialAction\":[{\"@type\":\"SearchAction\",\"target\":{\"@type\":\"EntryPoint\",\"urlTemplate\":\"https:\\\/\\\/www.bellunopress.it\\\/?s={search_term_string}\"},\"query-input\":{\"@type\":\"PropertyValueSpecification\",\"valueRequired\":true,\"valueName\":\"search_term_string\"}}],\"inLanguage\":\"fr-FR\"},{\"@type\":\"Organization\",\"@id\":\"https:\\\/\\\/www.bellunopress.it\\\/#organization\",\"name\":\"Bellunopress\",\"url\":\"https:\\\/\\\/www.bellunopress.it\\\/\",\"logo\":{\"@type\":\"ImageObject\",\"inLanguage\":\"fr-FR\",\"@id\":\"https:\\\/\\\/www.bellunopress.it\\\/#\\\/schema\\\/logo\\\/image\\\/\",\"url\":\"https:\\\/\\\/www.bellunopress.it\\\/wp-content\\\/uploads\\\/2011\\\/05\\\/cropped-logo-bellunopress-.jpg\",\"contentUrl\":\"https:\\\/\\\/www.bellunopress.it\\\/wp-content\\\/uploads\\\/2011\\\/05\\\/cropped-logo-bellunopress-.jpg\",\"width\":512,\"height\":512,\"caption\":\"Bellunopress\"},\"image\":{\"@id\":\"https:\\\/\\\/www.bellunopress.it\\\/#\\\/schema\\\/logo\\\/image\\\/\"},\"sameAs\":[\"https:\\\/\\\/www.facebook.com\\\/profile.php?id=100008943462799\",\"https:\\\/\\\/x.com\\\/bellunopress\",\"https:\\\/\\\/www.linkedin.com\\\/hp\\\/?dnr=JBzUWaJfMUw8vbXJJ2tVW5-I3jZKvC4wsoxE&amp;amp;amp;amp;amp;amp;trk=nav_responsive_tab_home\",\"https:\\\/\\\/www.youtube.com\\\/channel\\\/UCxL0wu1uN0_3_7hGG0306cw\"]},{\"@type\":\"Person\",\"@id\":\"https:\\\/\\\/www.bellunopress.it\\\/#\\\/schema\\\/person\\\/79bb06722b37ece1c03d3e94beb30d73\",\"name\":\"redazione\",\"image\":{\"@type\":\"ImageObject\",\"inLanguage\":\"fr-FR\",\"@id\":\"https:\\\/\\\/secure.gravatar.com\\\/avatar\\\/37d968a2e67a6fd04c169c4bdef102d0bc5d31b2546345219e348575eb80e9a0?s=96&d=mm&r=g\",\"url\":\"https:\\\/\\\/secure.gravatar.com\\\/avatar\\\/37d968a2e67a6fd04c169c4bdef102d0bc5d31b2546345219e348575eb80e9a0?s=96&d=mm&r=g\",\"contentUrl\":\"https:\\\/\\\/secure.gravatar.com\\\/avatar\\\/37d968a2e67a6fd04c169c4bdef102d0bc5d31b2546345219e348575eb80e9a0?s=96&d=mm&r=g\",\"caption\":\"redazione\"},\"sameAs\":[\"http:\\\/\\\/www.bellunopress.it\",\"https:\\\/\\\/x.com\\\/bellunopress\"],\"url\":\"https:\\\/\\\/www.bellunopress.it\\\/fr\\\/author\\\/redazione\\\/\"}]}<\/script>\n<!-- \/ Yoast SEO plugin. -->","yoast_head_json":{"title":"Contrasto alla violenza sulle donne. Mercoled\u00ec al cinema Petite Lumiere, l'iniziativa di Confindustria Belluno Dolomiti - Bellunopress - Dolomiti","robots":{"index":"index","follow":"follow","max-snippet":"max-snippet:-1","max-image-preview":"max-image-preview:large","max-video-preview":"max-video-preview:-1"},"canonical":"https:\/\/www.bellunopress.it\/fr\/2023\/11\/27\/contrasto-alla-violenza-sulle-donne-mercoledi-al-cinema-petite-lumiere-liniziativa-di-confindustria-belluno-dolomiti\/","og_locale":"fr_FR","og_type":"article","og_title":"Contrasto alla violenza sulle donne. Mercoled\u00ec al cinema Petite Lumiere, l'iniziativa di Confindustria Belluno Dolomiti - Bellunopress - Dolomiti","og_description":"Belluno, 27 novembre 2023 &#8211; Un invito speciale al cinema per riflettere sulla piaga della violenza contro le donne: \u00e8 quello che Confindustria Belluno Dolomiti fa a tutta la popolazione bellunese. Mercoled\u00ec 29 novembre, alle 17, si terr\u00e0 infatti al cinema Petite Lumiere la proiezione di &#8220;Un altro domani&#8221;, docufilm di Silvio Soldini e Cristiana [&hellip;]","og_url":"https:\/\/www.bellunopress.it\/fr\/2023\/11\/27\/contrasto-alla-violenza-sulle-donne-mercoledi-al-cinema-petite-lumiere-liniziativa-di-confindustria-belluno-dolomiti\/","og_site_name":"Bellunopress - Dolomiti","article_publisher":"https:\/\/www.facebook.com\/profile.php?id=100008943462799","article_published_time":"2023-11-27T16:21:41+00:00","og_image":[{"width":300,"height":243,"url":"https:\/\/www.bellunopress.it\/wp-content\/uploads\/2019\/01\/confindustria.jpg","type":"image\/jpeg"}],"author":"redazione","twitter_card":"summary_large_image","twitter_creator":"@bellunopress","twitter_site":"@bellunopress","twitter_misc":{"Written by":"redazione","Est. reading time":"1 minute"},"schema":{"@context":"https:\/\/schema.org","@graph":[{"@type":"Article","@id":"https:\/\/www.bellunopress.it\/2023\/11\/27\/contrasto-alla-violenza-sulle-donne-mercoledi-al-cinema-petite-lumiere-liniziativa-di-confindustria-belluno-dolomiti\/#article","isPartOf":{"@id":"https:\/\/www.bellunopress.it\/2023\/11\/27\/contrasto-alla-violenza-sulle-donne-mercoledi-al-cinema-petite-lumiere-liniziativa-di-confindustria-belluno-dolomiti\/"},"author":{"name":"redazione","@id":"https:\/\/www.bellunopress.it\/#\/schema\/person\/79bb06722b37ece1c03d3e94beb30d73"},"headline":"Contrasto alla violenza sulle donne. Mercoled\u00ec al cinema Petite Lumiere, l&#8217;iniziativa di Confindustria Belluno Dolomiti","datePublished":"2023-11-27T16:21:41+00:00","mainEntityOfPage":{"@id":"https:\/\/www.bellunopress.it\/2023\/11\/27\/contrasto-alla-violenza-sulle-donne-mercoledi-al-cinema-petite-lumiere-liniziativa-di-confindustria-belluno-dolomiti\/"},"wordCount":238,"publisher":{"@id":"https:\/\/www.bellunopress.it\/#organization"},"image":{"@id":"https:\/\/www.bellunopress.it\/2023\/11\/27\/contrasto-alla-violenza-sulle-donne-mercoledi-al-cinema-petite-lumiere-liniziativa-di-confindustria-belluno-dolomiti\/#primaryimage"},"thumbnailUrl":"https:\/\/www.bellunopress.it\/wp-content\/uploads\/2019\/01\/confindustria.jpg","articleSection":["Cultura e spettacoli, tempo libero, benessere, fuori provincia","Societ\u00e0, Associazioni, Istituzioni"],"inLanguage":"fr-FR"},{"@type":"WebPage","@id":"https:\/\/www.bellunopress.it\/2023\/11\/27\/contrasto-alla-violenza-sulle-donne-mercoledi-al-cinema-petite-lumiere-liniziativa-di-confindustria-belluno-dolomiti\/","url":"https:\/\/www.bellunopress.it\/2023\/11\/27\/contrasto-alla-violenza-sulle-donne-mercoledi-al-cinema-petite-lumiere-liniziativa-di-confindustria-belluno-dolomiti\/","name":"Contrasto alla violenza sulle donne. Mercoled\u00ec al cinema Petite Lumiere, l'iniziativa di Confindustria Belluno Dolomiti - Bellunopress - Dolomiti","isPartOf":{"@id":"https:\/\/www.bellunopress.it\/#website"},"primaryImageOfPage":{"@id":"https:\/\/www.bellunopress.it\/2023\/11\/27\/contrasto-alla-violenza-sulle-donne-mercoledi-al-cinema-petite-lumiere-liniziativa-di-confindustria-belluno-dolomiti\/#primaryimage"},"image":{"@id":"https:\/\/www.bellunopress.it\/2023\/11\/27\/contrasto-alla-violenza-sulle-donne-mercoledi-al-cinema-petite-lumiere-liniziativa-di-confindustria-belluno-dolomiti\/#primaryimage"},"thumbnailUrl":"https:\/\/www.bellunopress.it\/wp-content\/uploads\/2019\/01\/confindustria.jpg","datePublished":"2023-11-27T16:21:41+00:00","breadcrumb":{"@id":"https:\/\/www.bellunopress.it\/2023\/11\/27\/contrasto-alla-violenza-sulle-donne-mercoledi-al-cinema-petite-lumiere-liniziativa-di-confindustria-belluno-dolomiti\/#breadcrumb"},"inLanguage":"fr-FR","potentialAction":[{"@type":"ReadAction","target":["https:\/\/www.bellunopress.it\/2023\/11\/27\/contrasto-alla-violenza-sulle-donne-mercoledi-al-cinema-petite-lumiere-liniziativa-di-confindustria-belluno-dolomiti\/"]}]},{"@type":"ImageObject","inLanguage":"fr-FR","@id":"https:\/\/www.bellunopress.it\/2023\/11\/27\/contrasto-alla-violenza-sulle-donne-mercoledi-al-cinema-petite-lumiere-liniziativa-di-confindustria-belluno-dolomiti\/#primaryimage","url":"https:\/\/www.bellunopress.it\/wp-content\/uploads\/2019\/01\/confindustria.jpg","contentUrl":"https:\/\/www.bellunopress.it\/wp-content\/uploads\/2019\/01\/confindustria.jpg","width":300,"height":243},{"@type":"BreadcrumbList","@id":"https:\/\/www.bellunopress.it\/2023\/11\/27\/contrasto-alla-violenza-sulle-donne-mercoledi-al-cinema-petite-lumiere-liniziativa-di-confindustria-belluno-dolomiti\/#breadcrumb","itemListElement":[{"@type":"ListItem","position":1,"name":"Home","item":"https:\/\/www.bellunopress.it\/"},{"@type":"ListItem","position":2,"name":"Contrasto alla violenza sulle donne. Mercoled\u00ec al cinema Petite Lumiere, l&#8217;iniziativa di Confindustria Belluno Dolomiti"}]},{"@type":"WebSite","@id":"https:\/\/www.bellunopress.it\/#website","url":"https:\/\/www.bellunopress.it\/","name":"Bellunopress - Dolomiti","description":"e-mail: redazione@bellunopress.it","publisher":{"@id":"https:\/\/www.bellunopress.it\/#organization"},"potentialAction":[{"@type":"SearchAction","target":{"@type":"EntryPoint","urlTemplate":"https:\/\/www.bellunopress.it\/?s={search_term_string}"},"query-input":{"@type":"PropertyValueSpecification","valueRequired":true,"valueName":"search_term_string"}}],"inLanguage":"fr-FR"},{"@type":"Organization","@id":"https:\/\/www.bellunopress.it\/#organization","name":"Bellunopress","url":"https:\/\/www.bellunopress.it\/","logo":{"@type":"ImageObject","inLanguage":"fr-FR","@id":"https:\/\/www.bellunopress.it\/#\/schema\/logo\/image\/","url":"https:\/\/www.bellunopress.it\/wp-content\/uploads\/2011\/05\/cropped-logo-bellunopress-.jpg","contentUrl":"https:\/\/www.bellunopress.it\/wp-content\/uploads\/2011\/05\/cropped-logo-bellunopress-.jpg","width":512,"height":512,"caption":"Bellunopress"},"image":{"@id":"https:\/\/www.bellunopress.it\/#\/schema\/logo\/image\/"},"sameAs":["https:\/\/www.facebook.com\/profile.php?id=100008943462799","https:\/\/x.com\/bellunopress","https:\/\/www.linkedin.com\/hp\/?dnr=JBzUWaJfMUw8vbXJJ2tVW5-I3jZKvC4wsoxE&amp;amp;amp;amp;amp;amp;trk=nav_responsive_tab_home","https:\/\/www.youtube.com\/channel\/UCxL0wu1uN0_3_7hGG0306cw"]},{"@type":"Person","@id":"https:\/\/www.bellunopress.it\/#\/schema\/person\/79bb06722b37ece1c03d3e94beb30d73","name":"r\u00e9daction","image":{"@type":"ImageObject","inLanguage":"fr-FR","@id":"https:\/\/secure.gravatar.com\/avatar\/37d968a2e67a6fd04c169c4bdef102d0bc5d31b2546345219e348575eb80e9a0?s=96&d=mm&r=g","url":"https:\/\/secure.gravatar.com\/avatar\/37d968a2e67a6fd04c169c4bdef102d0bc5d31b2546345219e348575eb80e9a0?s=96&d=mm&r=g","contentUrl":"https:\/\/secure.gravatar.com\/avatar\/37d968a2e67a6fd04c169c4bdef102d0bc5d31b2546345219e348575eb80e9a0?s=96&d=mm&r=g","caption":"redazione"},"sameAs":["http:\/\/www.bellunopress.it","https:\/\/x.com\/bellunopress"],"url":"https:\/\/www.bellunopress.it\/fr\/author\/redazione\/"}]}},"_links":{"self":[{"href":"https:\/\/www.bellunopress.it\/fr\/wp-json\/wp\/v2\/posts\/146246","targetHints":{"allow":["GET"]}}],"collection":[{"href":"https:\/\/www.bellunopress.it\/fr\/wp-json\/wp\/v2\/posts"}],"about":[{"href":"https:\/\/www.bellunopress.it\/fr\/wp-json\/wp\/v2\/types\/post"}],"author":[{"embeddable":true,"href":"https:\/\/www.bellunopress.it\/fr\/wp-json\/wp\/v2\/users\/2"}],"replies":[{"embeddable":true,"href":"https:\/\/www.bellunopress.it\/fr\/wp-json\/wp\/v2\/comments?post=146246"}],"version-history":[{"count":1,"href":"https:\/\/www.bellunopress.it\/fr\/wp-json\/wp\/v2\/posts\/146246\/revisions"}],"predecessor-version":[{"id":146247,"href":"https:\/\/www.bellunopress.it\/fr\/wp-json\/wp\/v2\/posts\/146246\/revisions\/146247"}],"wp:featuredmedia":[{"embeddable":true,"href":"https:\/\/www.bellunopress.it\/fr\/wp-json\/wp\/v2\/media\/101564"}],"wp:attachment":[{"href":"https:\/\/www.bellunopress.it\/fr\/wp-json\/wp\/v2\/media?parent=146246"}],"wp:term":[{"taxonomy":"category","embeddable":true,"href":"https:\/\/www.bellunopress.it\/fr\/wp-json\/wp\/v2\/categories?post=146246"},{"taxonomy":"post_tag","embeddable":true,"href":"https:\/\/www.bellunopress.it\/fr\/wp-json\/wp\/v2\/tags?post=146246"}],"curies":[{"name":"wp","href":"https:\/\/api.w.org\/{rel}","templated":true}]}}