{"id":146240,"date":"2023-11-27T17:05:44","date_gmt":"2023-11-27T16:05:44","guid":{"rendered":"https:\/\/www.bellunopress.it\/?p=146240"},"modified":"2023-11-27T17:05:44","modified_gmt":"2023-11-27T16:05:44","slug":"lamore-di-tutti-i-ragazzi-il-comune-di-ponte-nelle-alpi-e-capofila-di-un-progetto-sulleducazione-allaffettivita","status":"publish","type":"post","link":"https:\/\/www.bellunopress.it\/fr\/2023\/11\/27\/lamore-di-tutti-i-ragazzi-il-comune-di-ponte-nelle-alpi-e-capofila-di-un-progetto-sulleducazione-allaffettivita\/","title":{"rendered":"&#8220;L&#8217;amore di tutti i ragazzi&#8221;: il Comune di Ponte nelle Alpi \u00e8 capofila di un progetto sull&#8217;educazione all&#8217;affettivit\u00e0"},"content":{"rendered":"<p><img loading=\"lazy\" decoding=\"async\" class=\"alignleft size-full wp-image-146241\" src=\"https:\/\/www.bellunopress.it\/wp-content\/uploads\/2023\/11\/teatro-comunale-Buzzati_edited.jpg\" alt=\"\" width=\"1000\" height=\"753\" srcset=\"https:\/\/www.bellunopress.it\/wp-content\/uploads\/2023\/11\/teatro-comunale-Buzzati_edited.jpg 1000w, https:\/\/www.bellunopress.it\/wp-content\/uploads\/2023\/11\/teatro-comunale-Buzzati_edited-500x377.jpg 500w, https:\/\/www.bellunopress.it\/wp-content\/uploads\/2023\/11\/teatro-comunale-Buzzati_edited-696x524.jpg 696w\" sizes=\"auto, (max-width: 1000px) 100vw, 1000px\" \/>&#8220;L&#8217;amore di tutti i ragazzi&#8221; \u00e8 il progetto di educazione all&#8217;affettivit\u00e0, previsto nel Piano delle Politiche giovanili, che vede capofila il Comune di Ponte nelle Alpi e coinvolge altre 13 amministrazioni comunali del distretto. Il percorso prevede quattro incontri: i primi si sono svolti a Pieve di Cadore e Agordo. Oggi, invece, \u00e8 toccato al Teatro comunale &#8220;Buzzati&#8221; di Belluno, dove erano presenti 250 studentesse e studenti del quarto anno delle scuole superiori del territorio. E il 7 dicembre l&#8217;ultima tappa sar\u00e0 ancora ad Agordo.<\/p>\n<p>La vice sindaca di Ponte nelle Alpi, Lucia Da Rold, ha spiegato che \u00abl&#8217;educazione all&#8217;affettivit\u00e0 ha l&#8217;obiettivo di sviluppare l&#8217;intelligenza emotiva a partire dalla consapevolezza delle proprie sensazioni, delle proprie emozioni, dei propri sentimenti e di accrescere le abilit\u00e0 affettive con l&#8217;obiettivo di favorire una buona relazione interpersonale. Le principali abilit\u00e0 affettive sono la consapevolezza e la distinzione tra percepire, sentire e agire, il controllo degli impulsi emotivi e la coscienza delle conseguenze delle proprie azioni, la capacit\u00e0 di condividere i propri sentimenti e di comprendere quelli altrui\u00bb.<\/p>\n<p>L&#8217;educazione all&#8217;affettivit\u00e0 pu\u00f2 essere una forma di prevenzione della violenza di genere: \u00abIn questo senso, \u00e8 importante che 14 Comuni del distretto abbiano aderito all&#8217;iniziativa. Grazie al dirigente Levis Veniero, capo settore dei servizi sociali del Comune di Ponte nelle Alpi, e alla dottoressa De Valerio, che con la cooperativa Blhyster ha promosso e organizzato gli incontri\u00bb.<\/p>\n<p>A teatro sono intervenute la psicologa Anna Dal Pan e la virologa Daniela Piacentini. Molte le domande dei giovani: \u00abCome faccio a prevenire le malattie trasmesse sessualmente?\u00bb; \u00abcome faccio a far capire al mio fidanzato che ci sono dei tempi in un rapporto di coppia?\u00bb; \u00abcome posso comprendere se una relazione \u00e8 pericolosa?\u00bb.<\/p>\n<p>Alla luce dei risultati, gli organizzatori promuoveranno un&#8217;altra serie di iniziative e attivit\u00e0 di coinvolgimento dei giovani, delle famiglie e delle istituzioni.<\/p>","protected":false},"excerpt":{"rendered":"<p>&#8220;L&#8217;amore di tutti i ragazzi&#8221; \u00e8 il progetto di educazione all&#8217;affettivit\u00e0, previsto nel Piano delle Politiche giovanili, che vede capofila il Comune di Ponte nelle Alpi e coinvolge altre 13 amministrazioni comunali del distretto. Il percorso prevede quattro incontri: i primi si sono svolti a Pieve di Cadore e Agordo. Oggi, invece, \u00e8 toccato al [&hellip;]<\/p>\n","protected":false},"author":2,"featured_media":146241,"comment_status":"closed","ping_status":"open","sticky":false,"template":"","format":"standard","meta":{"footnotes":""},"categories":[26,15,8],"tags":[],"class_list":["post-146240","post","type-post","status-publish","format-standard","has-post-thumbnail","category-prima-pagina","category-scuola","category-societa-istituzioni"],"yoast_head":"<!-- This site is optimized with the Yoast SEO plugin v28.4 - https:\/\/yoast.com\/product\/yoast-seo-wordpress\/ -->\n<title>&quot;L&#039;amore di tutti i ragazzi&quot;: il Comune di Ponte nelle Alpi \u00e8 capofila di un progetto sull&#039;educazione all&#039;affettivit\u00e0 - Bellunopress - Dolomiti<\/title>\n<meta name=\"robots\" content=\"index, follow, max-snippet:-1, max-image-preview:large, max-video-preview:-1\" \/>\n<link rel=\"canonical\" href=\"https:\/\/www.bellunopress.it\/fr\/2023\/11\/27\/lamore-di-tutti-i-ragazzi-il-comune-di-ponte-nelle-alpi-e-capofila-di-un-progetto-sulleducazione-allaffettivita\/\" \/>\n<meta property=\"og:locale\" content=\"fr_FR\" \/>\n<meta property=\"og:type\" content=\"article\" \/>\n<meta property=\"og:title\" content=\"&quot;L&#039;amore di tutti i ragazzi&quot;: il Comune di Ponte nelle Alpi \u00e8 capofila di un progetto sull&#039;educazione all&#039;affettivit\u00e0 - Bellunopress - Dolomiti\" \/>\n<meta property=\"og:description\" content=\"&#8220;L&#8217;amore di tutti i ragazzi&#8221; \u00e8 il progetto di educazione all&#8217;affettivit\u00e0, previsto nel Piano delle Politiche giovanili, che vede capofila il Comune di Ponte nelle Alpi e coinvolge altre 13 amministrazioni comunali del distretto. Il percorso prevede quattro incontri: i primi si sono svolti a Pieve di Cadore e Agordo. Oggi, invece, \u00e8 toccato al [&hellip;]\" \/>\n<meta property=\"og:url\" content=\"https:\/\/www.bellunopress.it\/fr\/2023\/11\/27\/lamore-di-tutti-i-ragazzi-il-comune-di-ponte-nelle-alpi-e-capofila-di-un-progetto-sulleducazione-allaffettivita\/\" \/>\n<meta property=\"og:site_name\" content=\"Bellunopress - Dolomiti\" \/>\n<meta property=\"article:publisher\" content=\"https:\/\/www.facebook.com\/profile.php?id=100008943462799\" \/>\n<meta property=\"article:published_time\" content=\"2023-11-27T16:05:44+00:00\" \/>\n<meta property=\"og:image\" content=\"https:\/\/www.bellunopress.it\/wp-content\/uploads\/2023\/11\/teatro-comunale-Buzzati_edited.jpg\" \/>\n\t<meta property=\"og:image:width\" content=\"1000\" \/>\n\t<meta property=\"og:image:height\" content=\"753\" \/>\n\t<meta property=\"og:image:type\" content=\"image\/jpeg\" \/>\n<meta name=\"author\" content=\"redazione\" \/>\n<meta name=\"twitter:card\" content=\"summary_large_image\" \/>\n<meta name=\"twitter:creator\" content=\"@bellunopress\" \/>\n<meta name=\"twitter:site\" content=\"@bellunopress\" \/>\n<meta name=\"twitter:label1\" content=\"\u00c9crit par\" \/>\n\t<meta name=\"twitter:data1\" content=\"redazione\" \/>\n\t<meta name=\"twitter:label2\" content=\"Dur\u00e9e de lecture estim\u00e9e\" \/>\n\t<meta name=\"twitter:data2\" content=\"1 minute\" \/>\n<script type=\"application\/ld+json\" class=\"yoast-schema-graph\">{\"@context\":\"https:\\\/\\\/schema.org\",\"@graph\":[{\"@type\":\"Article\",\"@id\":\"https:\\\/\\\/www.bellunopress.it\\\/2023\\\/11\\\/27\\\/lamore-di-tutti-i-ragazzi-il-comune-di-ponte-nelle-alpi-e-capofila-di-un-progetto-sulleducazione-allaffettivita\\\/#article\",\"isPartOf\":{\"@id\":\"https:\\\/\\\/www.bellunopress.it\\\/2023\\\/11\\\/27\\\/lamore-di-tutti-i-ragazzi-il-comune-di-ponte-nelle-alpi-e-capofila-di-un-progetto-sulleducazione-allaffettivita\\\/\"},\"author\":{\"name\":\"redazione\",\"@id\":\"https:\\\/\\\/www.bellunopress.it\\\/#\\\/schema\\\/person\\\/79bb06722b37ece1c03d3e94beb30d73\"},\"headline\":\"&#8220;L&#8217;amore di tutti i ragazzi&#8221;: il Comune di Ponte nelle Alpi \u00e8 capofila di un progetto sull&#8217;educazione all&#8217;affettivit\u00e0\",\"datePublished\":\"2023-11-27T16:05:44+00:00\",\"mainEntityOfPage\":{\"@id\":\"https:\\\/\\\/www.bellunopress.it\\\/2023\\\/11\\\/27\\\/lamore-di-tutti-i-ragazzi-il-comune-di-ponte-nelle-alpi-e-capofila-di-un-progetto-sulleducazione-allaffettivita\\\/\"},\"wordCount\":329,\"publisher\":{\"@id\":\"https:\\\/\\\/www.bellunopress.it\\\/#organization\"},\"image\":{\"@id\":\"https:\\\/\\\/www.bellunopress.it\\\/2023\\\/11\\\/27\\\/lamore-di-tutti-i-ragazzi-il-comune-di-ponte-nelle-alpi-e-capofila-di-un-progetto-sulleducazione-allaffettivita\\\/#primaryimage\"},\"thumbnailUrl\":\"https:\\\/\\\/www.bellunopress.it\\\/wp-content\\\/uploads\\\/2023\\\/11\\\/teatro-comunale-Buzzati_edited.jpg\",\"articleSection\":[\"Prima Pagina\",\"Scuola\",\"Societ\u00e0, Associazioni, Istituzioni\"],\"inLanguage\":\"fr-FR\"},{\"@type\":\"WebPage\",\"@id\":\"https:\\\/\\\/www.bellunopress.it\\\/2023\\\/11\\\/27\\\/lamore-di-tutti-i-ragazzi-il-comune-di-ponte-nelle-alpi-e-capofila-di-un-progetto-sulleducazione-allaffettivita\\\/\",\"url\":\"https:\\\/\\\/www.bellunopress.it\\\/2023\\\/11\\\/27\\\/lamore-di-tutti-i-ragazzi-il-comune-di-ponte-nelle-alpi-e-capofila-di-un-progetto-sulleducazione-allaffettivita\\\/\",\"name\":\"\\\"L'amore di tutti i ragazzi\\\": il Comune di Ponte nelle Alpi \u00e8 capofila di un progetto sull'educazione all'affettivit\u00e0 - Bellunopress - Dolomiti\",\"isPartOf\":{\"@id\":\"https:\\\/\\\/www.bellunopress.it\\\/#website\"},\"primaryImageOfPage\":{\"@id\":\"https:\\\/\\\/www.bellunopress.it\\\/2023\\\/11\\\/27\\\/lamore-di-tutti-i-ragazzi-il-comune-di-ponte-nelle-alpi-e-capofila-di-un-progetto-sulleducazione-allaffettivita\\\/#primaryimage\"},\"image\":{\"@id\":\"https:\\\/\\\/www.bellunopress.it\\\/2023\\\/11\\\/27\\\/lamore-di-tutti-i-ragazzi-il-comune-di-ponte-nelle-alpi-e-capofila-di-un-progetto-sulleducazione-allaffettivita\\\/#primaryimage\"},\"thumbnailUrl\":\"https:\\\/\\\/www.bellunopress.it\\\/wp-content\\\/uploads\\\/2023\\\/11\\\/teatro-comunale-Buzzati_edited.jpg\",\"datePublished\":\"2023-11-27T16:05:44+00:00\",\"breadcrumb\":{\"@id\":\"https:\\\/\\\/www.bellunopress.it\\\/2023\\\/11\\\/27\\\/lamore-di-tutti-i-ragazzi-il-comune-di-ponte-nelle-alpi-e-capofila-di-un-progetto-sulleducazione-allaffettivita\\\/#breadcrumb\"},\"inLanguage\":\"fr-FR\",\"potentialAction\":[{\"@type\":\"ReadAction\",\"target\":[\"https:\\\/\\\/www.bellunopress.it\\\/2023\\\/11\\\/27\\\/lamore-di-tutti-i-ragazzi-il-comune-di-ponte-nelle-alpi-e-capofila-di-un-progetto-sulleducazione-allaffettivita\\\/\"]}]},{\"@type\":\"ImageObject\",\"inLanguage\":\"fr-FR\",\"@id\":\"https:\\\/\\\/www.bellunopress.it\\\/2023\\\/11\\\/27\\\/lamore-di-tutti-i-ragazzi-il-comune-di-ponte-nelle-alpi-e-capofila-di-un-progetto-sulleducazione-allaffettivita\\\/#primaryimage\",\"url\":\"https:\\\/\\\/www.bellunopress.it\\\/wp-content\\\/uploads\\\/2023\\\/11\\\/teatro-comunale-Buzzati_edited.jpg\",\"contentUrl\":\"https:\\\/\\\/www.bellunopress.it\\\/wp-content\\\/uploads\\\/2023\\\/11\\\/teatro-comunale-Buzzati_edited.jpg\",\"width\":1000,\"height\":753},{\"@type\":\"BreadcrumbList\",\"@id\":\"https:\\\/\\\/www.bellunopress.it\\\/2023\\\/11\\\/27\\\/lamore-di-tutti-i-ragazzi-il-comune-di-ponte-nelle-alpi-e-capofila-di-un-progetto-sulleducazione-allaffettivita\\\/#breadcrumb\",\"itemListElement\":[{\"@type\":\"ListItem\",\"position\":1,\"name\":\"Home\",\"item\":\"https:\\\/\\\/www.bellunopress.it\\\/\"},{\"@type\":\"ListItem\",\"position\":2,\"name\":\"&#8220;L&#8217;amore di tutti i ragazzi&#8221;: il Comune di Ponte nelle Alpi \u00e8 capofila di un progetto sull&#8217;educazione all&#8217;affettivit\u00e0\"}]},{\"@type\":\"WebSite\",\"@id\":\"https:\\\/\\\/www.bellunopress.it\\\/#website\",\"url\":\"https:\\\/\\\/www.bellunopress.it\\\/\",\"name\":\"Bellunopress - Dolomiti\",\"description\":\"e-mail: redazione@bellunopress.it\",\"publisher\":{\"@id\":\"https:\\\/\\\/www.bellunopress.it\\\/#organization\"},\"potentialAction\":[{\"@type\":\"SearchAction\",\"target\":{\"@type\":\"EntryPoint\",\"urlTemplate\":\"https:\\\/\\\/www.bellunopress.it\\\/?s={search_term_string}\"},\"query-input\":{\"@type\":\"PropertyValueSpecification\",\"valueRequired\":true,\"valueName\":\"search_term_string\"}}],\"inLanguage\":\"fr-FR\"},{\"@type\":\"Organization\",\"@id\":\"https:\\\/\\\/www.bellunopress.it\\\/#organization\",\"name\":\"Bellunopress\",\"url\":\"https:\\\/\\\/www.bellunopress.it\\\/\",\"logo\":{\"@type\":\"ImageObject\",\"inLanguage\":\"fr-FR\",\"@id\":\"https:\\\/\\\/www.bellunopress.it\\\/#\\\/schema\\\/logo\\\/image\\\/\",\"url\":\"https:\\\/\\\/www.bellunopress.it\\\/wp-content\\\/uploads\\\/2011\\\/05\\\/cropped-logo-bellunopress-.jpg\",\"contentUrl\":\"https:\\\/\\\/www.bellunopress.it\\\/wp-content\\\/uploads\\\/2011\\\/05\\\/cropped-logo-bellunopress-.jpg\",\"width\":512,\"height\":512,\"caption\":\"Bellunopress\"},\"image\":{\"@id\":\"https:\\\/\\\/www.bellunopress.it\\\/#\\\/schema\\\/logo\\\/image\\\/\"},\"sameAs\":[\"https:\\\/\\\/www.facebook.com\\\/profile.php?id=100008943462799\",\"https:\\\/\\\/x.com\\\/bellunopress\",\"https:\\\/\\\/www.linkedin.com\\\/hp\\\/?dnr=JBzUWaJfMUw8vbXJJ2tVW5-I3jZKvC4wsoxE&amp;amp;amp;amp;amp;amp;trk=nav_responsive_tab_home\",\"https:\\\/\\\/www.youtube.com\\\/channel\\\/UCxL0wu1uN0_3_7hGG0306cw\"]},{\"@type\":\"Person\",\"@id\":\"https:\\\/\\\/www.bellunopress.it\\\/#\\\/schema\\\/person\\\/79bb06722b37ece1c03d3e94beb30d73\",\"name\":\"redazione\",\"image\":{\"@type\":\"ImageObject\",\"inLanguage\":\"fr-FR\",\"@id\":\"https:\\\/\\\/secure.gravatar.com\\\/avatar\\\/37d968a2e67a6fd04c169c4bdef102d0bc5d31b2546345219e348575eb80e9a0?s=96&d=mm&r=g\",\"url\":\"https:\\\/\\\/secure.gravatar.com\\\/avatar\\\/37d968a2e67a6fd04c169c4bdef102d0bc5d31b2546345219e348575eb80e9a0?s=96&d=mm&r=g\",\"contentUrl\":\"https:\\\/\\\/secure.gravatar.com\\\/avatar\\\/37d968a2e67a6fd04c169c4bdef102d0bc5d31b2546345219e348575eb80e9a0?s=96&d=mm&r=g\",\"caption\":\"redazione\"},\"sameAs\":[\"http:\\\/\\\/www.bellunopress.it\",\"https:\\\/\\\/x.com\\\/bellunopress\"],\"url\":\"https:\\\/\\\/www.bellunopress.it\\\/fr\\\/author\\\/redazione\\\/\"}]}<\/script>\n<!-- \/ Yoast SEO plugin. -->","yoast_head_json":{"title":"\"L'amore di tutti i ragazzi\": il Comune di Ponte nelle Alpi \u00e8 capofila di un progetto sull'educazione all'affettivit\u00e0 - Bellunopress - Dolomiti","robots":{"index":"index","follow":"follow","max-snippet":"max-snippet:-1","max-image-preview":"max-image-preview:large","max-video-preview":"max-video-preview:-1"},"canonical":"https:\/\/www.bellunopress.it\/fr\/2023\/11\/27\/lamore-di-tutti-i-ragazzi-il-comune-di-ponte-nelle-alpi-e-capofila-di-un-progetto-sulleducazione-allaffettivita\/","og_locale":"fr_FR","og_type":"article","og_title":"\"L'amore di tutti i ragazzi\": il Comune di Ponte nelle Alpi \u00e8 capofila di un progetto sull'educazione all'affettivit\u00e0 - Bellunopress - Dolomiti","og_description":"&#8220;L&#8217;amore di tutti i ragazzi&#8221; \u00e8 il progetto di educazione all&#8217;affettivit\u00e0, previsto nel Piano delle Politiche giovanili, che vede capofila il Comune di Ponte nelle Alpi e coinvolge altre 13 amministrazioni comunali del distretto. Il percorso prevede quattro incontri: i primi si sono svolti a Pieve di Cadore e Agordo. Oggi, invece, \u00e8 toccato al [&hellip;]","og_url":"https:\/\/www.bellunopress.it\/fr\/2023\/11\/27\/lamore-di-tutti-i-ragazzi-il-comune-di-ponte-nelle-alpi-e-capofila-di-un-progetto-sulleducazione-allaffettivita\/","og_site_name":"Bellunopress - Dolomiti","article_publisher":"https:\/\/www.facebook.com\/profile.php?id=100008943462799","article_published_time":"2023-11-27T16:05:44+00:00","og_image":[{"width":1000,"height":753,"url":"https:\/\/www.bellunopress.it\/wp-content\/uploads\/2023\/11\/teatro-comunale-Buzzati_edited.jpg","type":"image\/jpeg"}],"author":"redazione","twitter_card":"summary_large_image","twitter_creator":"@bellunopress","twitter_site":"@bellunopress","twitter_misc":{"\u00c9crit par":"redazione","Dur\u00e9e de lecture estim\u00e9e":"1 minute"},"schema":{"@context":"https:\/\/schema.org","@graph":[{"@type":"Article","@id":"https:\/\/www.bellunopress.it\/2023\/11\/27\/lamore-di-tutti-i-ragazzi-il-comune-di-ponte-nelle-alpi-e-capofila-di-un-progetto-sulleducazione-allaffettivita\/#article","isPartOf":{"@id":"https:\/\/www.bellunopress.it\/2023\/11\/27\/lamore-di-tutti-i-ragazzi-il-comune-di-ponte-nelle-alpi-e-capofila-di-un-progetto-sulleducazione-allaffettivita\/"},"author":{"name":"redazione","@id":"https:\/\/www.bellunopress.it\/#\/schema\/person\/79bb06722b37ece1c03d3e94beb30d73"},"headline":"&#8220;L&#8217;amore di tutti i ragazzi&#8221;: il Comune di Ponte nelle Alpi \u00e8 capofila di un progetto sull&#8217;educazione all&#8217;affettivit\u00e0","datePublished":"2023-11-27T16:05:44+00:00","mainEntityOfPage":{"@id":"https:\/\/www.bellunopress.it\/2023\/11\/27\/lamore-di-tutti-i-ragazzi-il-comune-di-ponte-nelle-alpi-e-capofila-di-un-progetto-sulleducazione-allaffettivita\/"},"wordCount":329,"publisher":{"@id":"https:\/\/www.bellunopress.it\/#organization"},"image":{"@id":"https:\/\/www.bellunopress.it\/2023\/11\/27\/lamore-di-tutti-i-ragazzi-il-comune-di-ponte-nelle-alpi-e-capofila-di-un-progetto-sulleducazione-allaffettivita\/#primaryimage"},"thumbnailUrl":"https:\/\/www.bellunopress.it\/wp-content\/uploads\/2023\/11\/teatro-comunale-Buzzati_edited.jpg","articleSection":["Prima Pagina","Scuola","Societ\u00e0, Associazioni, Istituzioni"],"inLanguage":"fr-FR"},{"@type":"WebPage","@id":"https:\/\/www.bellunopress.it\/2023\/11\/27\/lamore-di-tutti-i-ragazzi-il-comune-di-ponte-nelle-alpi-e-capofila-di-un-progetto-sulleducazione-allaffettivita\/","url":"https:\/\/www.bellunopress.it\/2023\/11\/27\/lamore-di-tutti-i-ragazzi-il-comune-di-ponte-nelle-alpi-e-capofila-di-un-progetto-sulleducazione-allaffettivita\/","name":"\"L'amore di tutti i ragazzi\": il Comune di Ponte nelle Alpi \u00e8 capofila di un progetto sull'educazione all'affettivit\u00e0 - Bellunopress - Dolomiti","isPartOf":{"@id":"https:\/\/www.bellunopress.it\/#website"},"primaryImageOfPage":{"@id":"https:\/\/www.bellunopress.it\/2023\/11\/27\/lamore-di-tutti-i-ragazzi-il-comune-di-ponte-nelle-alpi-e-capofila-di-un-progetto-sulleducazione-allaffettivita\/#primaryimage"},"image":{"@id":"https:\/\/www.bellunopress.it\/2023\/11\/27\/lamore-di-tutti-i-ragazzi-il-comune-di-ponte-nelle-alpi-e-capofila-di-un-progetto-sulleducazione-allaffettivita\/#primaryimage"},"thumbnailUrl":"https:\/\/www.bellunopress.it\/wp-content\/uploads\/2023\/11\/teatro-comunale-Buzzati_edited.jpg","datePublished":"2023-11-27T16:05:44+00:00","breadcrumb":{"@id":"https:\/\/www.bellunopress.it\/2023\/11\/27\/lamore-di-tutti-i-ragazzi-il-comune-di-ponte-nelle-alpi-e-capofila-di-un-progetto-sulleducazione-allaffettivita\/#breadcrumb"},"inLanguage":"fr-FR","potentialAction":[{"@type":"ReadAction","target":["https:\/\/www.bellunopress.it\/2023\/11\/27\/lamore-di-tutti-i-ragazzi-il-comune-di-ponte-nelle-alpi-e-capofila-di-un-progetto-sulleducazione-allaffettivita\/"]}]},{"@type":"ImageObject","inLanguage":"fr-FR","@id":"https:\/\/www.bellunopress.it\/2023\/11\/27\/lamore-di-tutti-i-ragazzi-il-comune-di-ponte-nelle-alpi-e-capofila-di-un-progetto-sulleducazione-allaffettivita\/#primaryimage","url":"https:\/\/www.bellunopress.it\/wp-content\/uploads\/2023\/11\/teatro-comunale-Buzzati_edited.jpg","contentUrl":"https:\/\/www.bellunopress.it\/wp-content\/uploads\/2023\/11\/teatro-comunale-Buzzati_edited.jpg","width":1000,"height":753},{"@type":"BreadcrumbList","@id":"https:\/\/www.bellunopress.it\/2023\/11\/27\/lamore-di-tutti-i-ragazzi-il-comune-di-ponte-nelle-alpi-e-capofila-di-un-progetto-sulleducazione-allaffettivita\/#breadcrumb","itemListElement":[{"@type":"ListItem","position":1,"name":"Home","item":"https:\/\/www.bellunopress.it\/"},{"@type":"ListItem","position":2,"name":"&#8220;L&#8217;amore di tutti i ragazzi&#8221;: il Comune di Ponte nelle Alpi \u00e8 capofila di un progetto sull&#8217;educazione all&#8217;affettivit\u00e0"}]},{"@type":"WebSite","@id":"https:\/\/www.bellunopress.it\/#website","url":"https:\/\/www.bellunopress.it\/","name":"Bellunopress - Dolomiti","description":"e-mail: redazione@bellunopress.it","publisher":{"@id":"https:\/\/www.bellunopress.it\/#organization"},"potentialAction":[{"@type":"SearchAction","target":{"@type":"EntryPoint","urlTemplate":"https:\/\/www.bellunopress.it\/?s={search_term_string}"},"query-input":{"@type":"PropertyValueSpecification","valueRequired":true,"valueName":"search_term_string"}}],"inLanguage":"fr-FR"},{"@type":"Organization","@id":"https:\/\/www.bellunopress.it\/#organization","name":"Bellunopress","url":"https:\/\/www.bellunopress.it\/","logo":{"@type":"ImageObject","inLanguage":"fr-FR","@id":"https:\/\/www.bellunopress.it\/#\/schema\/logo\/image\/","url":"https:\/\/www.bellunopress.it\/wp-content\/uploads\/2011\/05\/cropped-logo-bellunopress-.jpg","contentUrl":"https:\/\/www.bellunopress.it\/wp-content\/uploads\/2011\/05\/cropped-logo-bellunopress-.jpg","width":512,"height":512,"caption":"Bellunopress"},"image":{"@id":"https:\/\/www.bellunopress.it\/#\/schema\/logo\/image\/"},"sameAs":["https:\/\/www.facebook.com\/profile.php?id=100008943462799","https:\/\/x.com\/bellunopress","https:\/\/www.linkedin.com\/hp\/?dnr=JBzUWaJfMUw8vbXJJ2tVW5-I3jZKvC4wsoxE&amp;amp;amp;amp;amp;amp;trk=nav_responsive_tab_home","https:\/\/www.youtube.com\/channel\/UCxL0wu1uN0_3_7hGG0306cw"]},{"@type":"Person","@id":"https:\/\/www.bellunopress.it\/#\/schema\/person\/79bb06722b37ece1c03d3e94beb30d73","name":"r\u00e9daction","image":{"@type":"ImageObject","inLanguage":"fr-FR","@id":"https:\/\/secure.gravatar.com\/avatar\/37d968a2e67a6fd04c169c4bdef102d0bc5d31b2546345219e348575eb80e9a0?s=96&d=mm&r=g","url":"https:\/\/secure.gravatar.com\/avatar\/37d968a2e67a6fd04c169c4bdef102d0bc5d31b2546345219e348575eb80e9a0?s=96&d=mm&r=g","contentUrl":"https:\/\/secure.gravatar.com\/avatar\/37d968a2e67a6fd04c169c4bdef102d0bc5d31b2546345219e348575eb80e9a0?s=96&d=mm&r=g","caption":"redazione"},"sameAs":["http:\/\/www.bellunopress.it","https:\/\/x.com\/bellunopress"],"url":"https:\/\/www.bellunopress.it\/fr\/author\/redazione\/"}]}},"_links":{"self":[{"href":"https:\/\/www.bellunopress.it\/fr\/wp-json\/wp\/v2\/posts\/146240","targetHints":{"allow":["GET"]}}],"collection":[{"href":"https:\/\/www.bellunopress.it\/fr\/wp-json\/wp\/v2\/posts"}],"about":[{"href":"https:\/\/www.bellunopress.it\/fr\/wp-json\/wp\/v2\/types\/post"}],"author":[{"embeddable":true,"href":"https:\/\/www.bellunopress.it\/fr\/wp-json\/wp\/v2\/users\/2"}],"replies":[{"embeddable":true,"href":"https:\/\/www.bellunopress.it\/fr\/wp-json\/wp\/v2\/comments?post=146240"}],"version-history":[{"count":1,"href":"https:\/\/www.bellunopress.it\/fr\/wp-json\/wp\/v2\/posts\/146240\/revisions"}],"predecessor-version":[{"id":146242,"href":"https:\/\/www.bellunopress.it\/fr\/wp-json\/wp\/v2\/posts\/146240\/revisions\/146242"}],"wp:featuredmedia":[{"embeddable":true,"href":"https:\/\/www.bellunopress.it\/fr\/wp-json\/wp\/v2\/media\/146241"}],"wp:attachment":[{"href":"https:\/\/www.bellunopress.it\/fr\/wp-json\/wp\/v2\/media?parent=146240"}],"wp:term":[{"taxonomy":"category","embeddable":true,"href":"https:\/\/www.bellunopress.it\/fr\/wp-json\/wp\/v2\/categories?post=146240"},{"taxonomy":"post_tag","embeddable":true,"href":"https:\/\/www.bellunopress.it\/fr\/wp-json\/wp\/v2\/tags?post=146240"}],"curies":[{"name":"wp","href":"https:\/\/api.w.org\/{rel}","templated":true}]}}