{"id":146237,"date":"2023-11-27T16:12:02","date_gmt":"2023-11-27T15:12:02","guid":{"rendered":"https:\/\/www.bellunopress.it\/?p=146237"},"modified":"2023-11-27T16:12:02","modified_gmt":"2023-11-27T15:12:02","slug":"gelato-day-2024-gusto-dellanno-la-gaufre-de-liege-scelto-dal-belgio","status":"publish","type":"post","link":"https:\/\/www.bellunopress.it\/fr\/2023\/11\/27\/gelato-day-2024-gusto-dellanno-la-gaufre-de-liege-scelto-dal-belgio\/","title":{"rendered":"Gelato day 2024:  Gusto dell&#8217;Anno la &#8220;Gaufre de Lie\u0300ge&#8221;, scelto dal Belgio"},"content":{"rendered":"<figure id=\"attachment_146238\" aria-describedby=\"caption-attachment-146238\" style=\"width: 900px\" class=\"wp-caption alignleft\"><img loading=\"lazy\" decoding=\"async\" class=\"size-full wp-image-146238\" src=\"https:\/\/www.bellunopress.it\/wp-content\/uploads\/2023\/11\/Gaufre-de-Liege_edited.jpg\" alt=\"\" width=\"900\" height=\"1000\" srcset=\"https:\/\/www.bellunopress.it\/wp-content\/uploads\/2023\/11\/Gaufre-de-Liege_edited.jpg 900w, https:\/\/www.bellunopress.it\/wp-content\/uploads\/2023\/11\/Gaufre-de-Liege_edited-450x500.jpg 450w, https:\/\/www.bellunopress.it\/wp-content\/uploads\/2023\/11\/Gaufre-de-Liege_edited-696x773.jpg 696w\" sizes=\"auto, (max-width: 900px) 100vw, 900px\" \/><figcaption id=\"caption-attachment-146238\" class=\"wp-caption-text\">Gaufre de Li\u00e8ge: un gelato a base neutra aromatizzato con vaniglia e cannella, variegato al burro salato e accompagnato da una cialda di gaufre<\/figcaption><\/figure>\n<p>Longarone, 27 novembre 2023 \u2013 Si alza il sipario sulla dodicesima edizione della Giornata Europea del Gelato Artigianale, tuttora l&#8217;unica dedicata ad un alimento dal Parlamento Europeo, che il 24 marzo di ogni anno inaugura ufficialmente la stagione di uno dei dolci pi\u00f9 amati al mondo. Un appuntamento diventato imperdibile per golosi di ogni et\u00e0 in Europa (e non solo), nonch\u00e9 un&#8217;importante occasione per raccontare e promuovere il sapere artigiano, da sempre espressione di qualit\u00e0, di autenticit\u00e0 e di territorialit\u00e0, e per sostenere le produzioni di qualit\u00e0 del gelato artigianale di tradizione italiana.<\/p>\n<p>IL GUSTO DELL&#8217;ANNO 2024. Ogni edizione del Gelato Day ha un protagonista: il Gusto dell&#8217;Anno, selezionato ogni anno da un diverso Paese europeo. Dopo &#8220;Apfelstrudel&#8221; dello scorso anno scelto dall&#8217;Austria, il Gusto dell&#8217;Anno 2024 sar\u00e0 la &#8220;Gaufre de Lie\u0300ge&#8221;, scelto dal Belgio per omaggiare uno dei suoi dolci pi\u00f9 caratteristici e apprezzati. La gaufre, una dolce cialda croccante all&#8217;esterno e morbida all&#8217;interno, simile al waffle, nasce nel Medioevo e trova da subito rapida diffusione, diventando il dolce tipico della Candelora e simbolo di buon augurio. Inizialmente era fatto con il miele, poi sostituito dallo zucchero: la tradizione vuole che, in occasione del matrimonio della figlia del Principe della citt\u00e0 di Liegi, il pasticcere di corte propose come dolce la gaufre, emblema della citt\u00e0, utilizzando, appunto, lo zucchero, una vera novit\u00e0 di quel tempo, al posto del miele, ottenendo un successo che riecheggia ancora oggi in tutto il Belgio.<\/p>\n<p>Sar\u00e0 quindi l&#8217;antica &#8220;Gaufre de Lie\u0300ge&#8221; la protagonista indiscussa come Gusto dell&#8217;Anno 2024: si tratta di un gelato a base neutra aromatizzato con vaniglia e cannella, variegato al burro salato e accompagnato da una cialda di gaufre, che il 24 marzo sar\u00e0 proposto in tutte le gelaterie aderenti al Gelato Day, nella sua versione &#8220;originale&#8221;, secondo ricetta ufficiale, oppure rivisitato con creativit\u00e0 dai mastri gelatieri in ogni parte d&#8217;Europa utilizzando ingredienti e ispirazioni del loro territorio.<\/p>\n<p>GELATO DAY ALLA 63\u00b0 MIG A LONGARONE. Primo appuntamento con l&#8217;edizione 2024 del Gelato Day alla 63\u00aa MIG &#8211; Mostra Internazionale del Gelato Artigianale, in corso a Longarone Fiere Dolomiti fino al 29 novembre, dove \u00e8 possibile assaggiare in anteprima il Gusto dell&#8217;Anno e scoprire i segreti della ricetta cinquecentesca della Gaufre di Liegi. Non solo. Artglace ha proclamato i vincitori della terza edizione del videocontest che negli scorsi mesi ha messo alla prova i mastri gelatieri di tutta Europa, con numerosi contributi arrivati da tutto il Vecchio Continente: gli artigiani del gelato, infatti, si sono cimentati nella realizzazione di un video in cui raccontare, con estro e creativit\u00e0, la realizzazione di &#8220;Apfelstrudel&#8221;, il Gusto dell&#8217;Anno 2023. Ad aggiudicarsi il primo posto \u00e8 stata la gelateria artigianale e naturale &#8220;Burrocacao&#8221; di Imola delle gemelle Elisa e Giulia Manara. Sul secondo gradino del podio salgono ex-aequo la Gelateria Perlec\u00f2 di Alassio, Tenuta Chirico di Ascea (Salerno) e la Gelateria Mil Sabores di Pontenure (Piacenza); chiudono al terzo posto, a pari merito, L&#8217;Arte del Gelato di Anzio Colonia (RM) e La Sorbettiera di Firenze. A stabilire la classifica la Giuria tecnica, composta da cinque membri scelti tra professionisti ed esperti della filiera del gelato artigianale, che ha valutato i video in base a quattro parametri: originalit\u00e0 della presentazione, qualit\u00e0 del video, illustrazione del processo produttivo del gusto &#8220;Apfelstrudel&#8221;, infine estetica e decorazione della vaschetta. I vincitori saranno premiati alla prossima edizione di SIGEP \u2013 The Dolce World Expo in programma dal 20 al 24 gennaio 2024 alla Fiera di Rimini.<\/p>\n<p>I CONTEST 2024. Sempre dalla MIG di Longarone Fiere Dolomiti, inoltre, Artglace ha indetto il nuovo concorso &#8220;Gelato D&#8217;Autore&#8221;, che vedr\u00e0 i gelatieri italiani sfidarsi il prossimo 22 gennaio 2024 presso lo stand Artglace al SIGEP di Rimini (iscrizione gratuita, tutte le informazioni e il regolamento completo saranno disponibili dal 15 dicembre sul sito www.gelato-day.com). Confermata infine una nuova edizione del videocontest per il Gelato Day 2024, che, dal 1\u00b0 febbraio al 30 ottobre 2024, porter\u00e0 le telecamere nei laboratori dei gelatieri di tutta Europa chiamati a interpretare e raccontare il Gusto dell&#8217;Anno.<\/p>\n<p>\u00abNonostante il 2023 sia stato un anno in chiaroscuro, tra nuove difficolt\u00e0 e una lunga stagione estiva, i nostri mastri gelatieri continuano a dimostrare una grande resilienza e un&#8217;inesauribile voglia di fare e di mettersi alla prova: \u00e8 proprio grazie a loro che possiamo alzare con ottimismo il sipario sulla nuova edizione della Giornata Europea del Gelato Artigianale \u2013 commenta Domenico Belmonte, presidente Artglace. Invitiamo fin d&#8217;ora tutti i gelatieri d&#8217;Europa ad unirsi a noi in questa nuova edizione che vede il Belgio protagonista, per promuovere e celebrare, uniti come sempre, tutta la qualit\u00e0 del gelato artigianale\u00bb.<\/p>\n<p>Tutte le gelaterie d&#8217;Italia e d&#8217;Europa sono invitate a aderire all&#8217;edizione 2024 del Gelato Day registrandosi sul sito www.gelato-day.com e segnalando tutte le iniziative in programma per il 24 marzo 2024.<\/p>\n<p>&nbsp;<\/p>\n<p>&nbsp;<\/p>\n<p>&nbsp;<\/p>","protected":false},"excerpt":{"rendered":"<p>Longarone, 27 novembre 2023 \u2013 Si alza il sipario sulla dodicesima edizione della Giornata Europea del Gelato Artigianale, tuttora l&#8217;unica dedicata ad un alimento dal Parlamento Europeo, che il 24 marzo di ogni anno inaugura ufficialmente la stagione di uno dei dolci pi\u00f9 amati al mondo. Un appuntamento diventato imperdibile per golosi di ogni et\u00e0 [&hellip;]<\/p>\n","protected":false},"author":2,"featured_media":146238,"comment_status":"closed","ping_status":"open","sticky":false,"template":"","format":"standard","meta":{"footnotes":""},"categories":[36],"tags":[],"class_list":["post-146237","post","type-post","status-publish","format-standard","has-post-thumbnail","category-lavoro-economia"],"yoast_head":"<!-- This site is optimized with the Yoast SEO plugin v28.4 - https:\/\/yoast.com\/product\/yoast-seo-wordpress\/ -->\n<title>Gelato day 2024: Gusto dell&#039;Anno la &quot;Gaufre de Lie\u0300ge&quot;, scelto dal Belgio - Bellunopress - Dolomiti<\/title>\n<meta name=\"robots\" content=\"index, follow, max-snippet:-1, max-image-preview:large, max-video-preview:-1\" \/>\n<link rel=\"canonical\" href=\"https:\/\/www.bellunopress.it\/fr\/2023\/11\/27\/gelato-day-2024-gusto-dellanno-la-gaufre-de-liege-scelto-dal-belgio\/\" \/>\n<meta property=\"og:locale\" content=\"fr_FR\" \/>\n<meta property=\"og:type\" content=\"article\" \/>\n<meta property=\"og:title\" content=\"Gelato day 2024: Gusto dell&#039;Anno la &quot;Gaufre de Lie\u0300ge&quot;, scelto dal Belgio - Bellunopress - Dolomiti\" \/>\n<meta property=\"og:description\" content=\"Longarone, 27 novembre 2023 \u2013 Si alza il sipario sulla dodicesima edizione della Giornata Europea del Gelato Artigianale, tuttora l&#8217;unica dedicata ad un alimento dal Parlamento Europeo, che il 24 marzo di ogni anno inaugura ufficialmente la stagione di uno dei dolci pi\u00f9 amati al mondo. Un appuntamento diventato imperdibile per golosi di ogni et\u00e0 [&hellip;]\" \/>\n<meta property=\"og:url\" content=\"https:\/\/www.bellunopress.it\/fr\/2023\/11\/27\/gelato-day-2024-gusto-dellanno-la-gaufre-de-liege-scelto-dal-belgio\/\" \/>\n<meta property=\"og:site_name\" content=\"Bellunopress - Dolomiti\" \/>\n<meta property=\"article:publisher\" content=\"https:\/\/www.facebook.com\/profile.php?id=100008943462799\" \/>\n<meta property=\"article:published_time\" content=\"2023-11-27T15:12:02+00:00\" \/>\n<meta property=\"og:image\" content=\"https:\/\/www.bellunopress.it\/wp-content\/uploads\/2023\/11\/Gaufre-de-Liege_edited.jpg\" \/>\n\t<meta property=\"og:image:width\" content=\"900\" \/>\n\t<meta property=\"og:image:height\" content=\"1000\" \/>\n\t<meta property=\"og:image:type\" content=\"image\/jpeg\" \/>\n<meta name=\"author\" content=\"redazione\" \/>\n<meta name=\"twitter:card\" content=\"summary_large_image\" \/>\n<meta name=\"twitter:creator\" content=\"@bellunopress\" \/>\n<meta name=\"twitter:site\" content=\"@bellunopress\" \/>\n<meta name=\"twitter:label1\" content=\"\u00c9crit par\" \/>\n\t<meta name=\"twitter:data1\" content=\"redazione\" \/>\n\t<meta name=\"twitter:label2\" content=\"Dur\u00e9e de lecture estim\u00e9e\" \/>\n\t<meta name=\"twitter:data2\" content=\"4 minutes\" \/>\n<script type=\"application\/ld+json\" class=\"yoast-schema-graph\">{\"@context\":\"https:\\\/\\\/schema.org\",\"@graph\":[{\"@type\":\"Article\",\"@id\":\"https:\\\/\\\/www.bellunopress.it\\\/2023\\\/11\\\/27\\\/gelato-day-2024-gusto-dellanno-la-gaufre-de-liege-scelto-dal-belgio\\\/#article\",\"isPartOf\":{\"@id\":\"https:\\\/\\\/www.bellunopress.it\\\/2023\\\/11\\\/27\\\/gelato-day-2024-gusto-dellanno-la-gaufre-de-liege-scelto-dal-belgio\\\/\"},\"author\":{\"name\":\"redazione\",\"@id\":\"https:\\\/\\\/www.bellunopress.it\\\/#\\\/schema\\\/person\\\/79bb06722b37ece1c03d3e94beb30d73\"},\"headline\":\"Gelato day 2024: Gusto dell&#8217;Anno la &#8220;Gaufre de Lie\u0300ge&#8221;, scelto dal Belgio\",\"datePublished\":\"2023-11-27T15:12:02+00:00\",\"mainEntityOfPage\":{\"@id\":\"https:\\\/\\\/www.bellunopress.it\\\/2023\\\/11\\\/27\\\/gelato-day-2024-gusto-dellanno-la-gaufre-de-liege-scelto-dal-belgio\\\/\"},\"wordCount\":840,\"publisher\":{\"@id\":\"https:\\\/\\\/www.bellunopress.it\\\/#organization\"},\"image\":{\"@id\":\"https:\\\/\\\/www.bellunopress.it\\\/2023\\\/11\\\/27\\\/gelato-day-2024-gusto-dellanno-la-gaufre-de-liege-scelto-dal-belgio\\\/#primaryimage\"},\"thumbnailUrl\":\"https:\\\/\\\/www.bellunopress.it\\\/wp-content\\\/uploads\\\/2023\\\/11\\\/Gaufre-de-Liege_edited.jpg\",\"articleSection\":[\"Lavoro, Economia, Turismo\"],\"inLanguage\":\"fr-FR\"},{\"@type\":\"WebPage\",\"@id\":\"https:\\\/\\\/www.bellunopress.it\\\/2023\\\/11\\\/27\\\/gelato-day-2024-gusto-dellanno-la-gaufre-de-liege-scelto-dal-belgio\\\/\",\"url\":\"https:\\\/\\\/www.bellunopress.it\\\/2023\\\/11\\\/27\\\/gelato-day-2024-gusto-dellanno-la-gaufre-de-liege-scelto-dal-belgio\\\/\",\"name\":\"Gelato day 2024: Gusto dell'Anno la \\\"Gaufre de Lie\u0300ge\\\", scelto dal Belgio - Bellunopress - Dolomiti\",\"isPartOf\":{\"@id\":\"https:\\\/\\\/www.bellunopress.it\\\/#website\"},\"primaryImageOfPage\":{\"@id\":\"https:\\\/\\\/www.bellunopress.it\\\/2023\\\/11\\\/27\\\/gelato-day-2024-gusto-dellanno-la-gaufre-de-liege-scelto-dal-belgio\\\/#primaryimage\"},\"image\":{\"@id\":\"https:\\\/\\\/www.bellunopress.it\\\/2023\\\/11\\\/27\\\/gelato-day-2024-gusto-dellanno-la-gaufre-de-liege-scelto-dal-belgio\\\/#primaryimage\"},\"thumbnailUrl\":\"https:\\\/\\\/www.bellunopress.it\\\/wp-content\\\/uploads\\\/2023\\\/11\\\/Gaufre-de-Liege_edited.jpg\",\"datePublished\":\"2023-11-27T15:12:02+00:00\",\"breadcrumb\":{\"@id\":\"https:\\\/\\\/www.bellunopress.it\\\/2023\\\/11\\\/27\\\/gelato-day-2024-gusto-dellanno-la-gaufre-de-liege-scelto-dal-belgio\\\/#breadcrumb\"},\"inLanguage\":\"fr-FR\",\"potentialAction\":[{\"@type\":\"ReadAction\",\"target\":[\"https:\\\/\\\/www.bellunopress.it\\\/2023\\\/11\\\/27\\\/gelato-day-2024-gusto-dellanno-la-gaufre-de-liege-scelto-dal-belgio\\\/\"]}]},{\"@type\":\"ImageObject\",\"inLanguage\":\"fr-FR\",\"@id\":\"https:\\\/\\\/www.bellunopress.it\\\/2023\\\/11\\\/27\\\/gelato-day-2024-gusto-dellanno-la-gaufre-de-liege-scelto-dal-belgio\\\/#primaryimage\",\"url\":\"https:\\\/\\\/www.bellunopress.it\\\/wp-content\\\/uploads\\\/2023\\\/11\\\/Gaufre-de-Liege_edited.jpg\",\"contentUrl\":\"https:\\\/\\\/www.bellunopress.it\\\/wp-content\\\/uploads\\\/2023\\\/11\\\/Gaufre-de-Liege_edited.jpg\",\"width\":900,\"height\":1000,\"caption\":\"Gaufre de Li\u00e8ge: un gelato a base neutra aromatizzato con vaniglia e cannella, variegato al burro salato e accompagnato da una cialda di gaufre\"},{\"@type\":\"BreadcrumbList\",\"@id\":\"https:\\\/\\\/www.bellunopress.it\\\/2023\\\/11\\\/27\\\/gelato-day-2024-gusto-dellanno-la-gaufre-de-liege-scelto-dal-belgio\\\/#breadcrumb\",\"itemListElement\":[{\"@type\":\"ListItem\",\"position\":1,\"name\":\"Home\",\"item\":\"https:\\\/\\\/www.bellunopress.it\\\/\"},{\"@type\":\"ListItem\",\"position\":2,\"name\":\"Gelato day 2024: Gusto dell&#8217;Anno la &#8220;Gaufre de Lie\u0300ge&#8221;, scelto dal Belgio\"}]},{\"@type\":\"WebSite\",\"@id\":\"https:\\\/\\\/www.bellunopress.it\\\/#website\",\"url\":\"https:\\\/\\\/www.bellunopress.it\\\/\",\"name\":\"Bellunopress - Dolomiti\",\"description\":\"e-mail: redazione@bellunopress.it\",\"publisher\":{\"@id\":\"https:\\\/\\\/www.bellunopress.it\\\/#organization\"},\"potentialAction\":[{\"@type\":\"SearchAction\",\"target\":{\"@type\":\"EntryPoint\",\"urlTemplate\":\"https:\\\/\\\/www.bellunopress.it\\\/?s={search_term_string}\"},\"query-input\":{\"@type\":\"PropertyValueSpecification\",\"valueRequired\":true,\"valueName\":\"search_term_string\"}}],\"inLanguage\":\"fr-FR\"},{\"@type\":\"Organization\",\"@id\":\"https:\\\/\\\/www.bellunopress.it\\\/#organization\",\"name\":\"Bellunopress\",\"url\":\"https:\\\/\\\/www.bellunopress.it\\\/\",\"logo\":{\"@type\":\"ImageObject\",\"inLanguage\":\"fr-FR\",\"@id\":\"https:\\\/\\\/www.bellunopress.it\\\/#\\\/schema\\\/logo\\\/image\\\/\",\"url\":\"https:\\\/\\\/www.bellunopress.it\\\/wp-content\\\/uploads\\\/2011\\\/05\\\/cropped-logo-bellunopress-.jpg\",\"contentUrl\":\"https:\\\/\\\/www.bellunopress.it\\\/wp-content\\\/uploads\\\/2011\\\/05\\\/cropped-logo-bellunopress-.jpg\",\"width\":512,\"height\":512,\"caption\":\"Bellunopress\"},\"image\":{\"@id\":\"https:\\\/\\\/www.bellunopress.it\\\/#\\\/schema\\\/logo\\\/image\\\/\"},\"sameAs\":[\"https:\\\/\\\/www.facebook.com\\\/profile.php?id=100008943462799\",\"https:\\\/\\\/x.com\\\/bellunopress\",\"https:\\\/\\\/www.linkedin.com\\\/hp\\\/?dnr=JBzUWaJfMUw8vbXJJ2tVW5-I3jZKvC4wsoxE&amp;amp;amp;amp;amp;amp;trk=nav_responsive_tab_home\",\"https:\\\/\\\/www.youtube.com\\\/channel\\\/UCxL0wu1uN0_3_7hGG0306cw\"]},{\"@type\":\"Person\",\"@id\":\"https:\\\/\\\/www.bellunopress.it\\\/#\\\/schema\\\/person\\\/79bb06722b37ece1c03d3e94beb30d73\",\"name\":\"redazione\",\"image\":{\"@type\":\"ImageObject\",\"inLanguage\":\"fr-FR\",\"@id\":\"https:\\\/\\\/secure.gravatar.com\\\/avatar\\\/37d968a2e67a6fd04c169c4bdef102d0bc5d31b2546345219e348575eb80e9a0?s=96&d=mm&r=g\",\"url\":\"https:\\\/\\\/secure.gravatar.com\\\/avatar\\\/37d968a2e67a6fd04c169c4bdef102d0bc5d31b2546345219e348575eb80e9a0?s=96&d=mm&r=g\",\"contentUrl\":\"https:\\\/\\\/secure.gravatar.com\\\/avatar\\\/37d968a2e67a6fd04c169c4bdef102d0bc5d31b2546345219e348575eb80e9a0?s=96&d=mm&r=g\",\"caption\":\"redazione\"},\"sameAs\":[\"http:\\\/\\\/www.bellunopress.it\",\"https:\\\/\\\/x.com\\\/bellunopress\"],\"url\":\"https:\\\/\\\/www.bellunopress.it\\\/fr\\\/author\\\/redazione\\\/\"}]}<\/script>\n<!-- \/ Yoast SEO plugin. -->","yoast_head_json":{"title":"Gelato day 2024: Gusto dell'Anno la \"Gaufre de Lie\u0300ge\", scelto dal Belgio - Bellunopress - Dolomiti","robots":{"index":"index","follow":"follow","max-snippet":"max-snippet:-1","max-image-preview":"max-image-preview:large","max-video-preview":"max-video-preview:-1"},"canonical":"https:\/\/www.bellunopress.it\/fr\/2023\/11\/27\/gelato-day-2024-gusto-dellanno-la-gaufre-de-liege-scelto-dal-belgio\/","og_locale":"fr_FR","og_type":"article","og_title":"Gelato day 2024: Gusto dell'Anno la \"Gaufre de Lie\u0300ge\", scelto dal Belgio - Bellunopress - Dolomiti","og_description":"Longarone, 27 novembre 2023 \u2013 Si alza il sipario sulla dodicesima edizione della Giornata Europea del Gelato Artigianale, tuttora l&#8217;unica dedicata ad un alimento dal Parlamento Europeo, che il 24 marzo di ogni anno inaugura ufficialmente la stagione di uno dei dolci pi\u00f9 amati al mondo. Un appuntamento diventato imperdibile per golosi di ogni et\u00e0 [&hellip;]","og_url":"https:\/\/www.bellunopress.it\/fr\/2023\/11\/27\/gelato-day-2024-gusto-dellanno-la-gaufre-de-liege-scelto-dal-belgio\/","og_site_name":"Bellunopress - Dolomiti","article_publisher":"https:\/\/www.facebook.com\/profile.php?id=100008943462799","article_published_time":"2023-11-27T15:12:02+00:00","og_image":[{"width":900,"height":1000,"url":"https:\/\/www.bellunopress.it\/wp-content\/uploads\/2023\/11\/Gaufre-de-Liege_edited.jpg","type":"image\/jpeg"}],"author":"redazione","twitter_card":"summary_large_image","twitter_creator":"@bellunopress","twitter_site":"@bellunopress","twitter_misc":{"\u00c9crit par":"redazione","Dur\u00e9e de lecture estim\u00e9e":"4 minutes"},"schema":{"@context":"https:\/\/schema.org","@graph":[{"@type":"Article","@id":"https:\/\/www.bellunopress.it\/2023\/11\/27\/gelato-day-2024-gusto-dellanno-la-gaufre-de-liege-scelto-dal-belgio\/#article","isPartOf":{"@id":"https:\/\/www.bellunopress.it\/2023\/11\/27\/gelato-day-2024-gusto-dellanno-la-gaufre-de-liege-scelto-dal-belgio\/"},"author":{"name":"redazione","@id":"https:\/\/www.bellunopress.it\/#\/schema\/person\/79bb06722b37ece1c03d3e94beb30d73"},"headline":"Gelato day 2024: Gusto dell&#8217;Anno la &#8220;Gaufre de Lie\u0300ge&#8221;, scelto dal Belgio","datePublished":"2023-11-27T15:12:02+00:00","mainEntityOfPage":{"@id":"https:\/\/www.bellunopress.it\/2023\/11\/27\/gelato-day-2024-gusto-dellanno-la-gaufre-de-liege-scelto-dal-belgio\/"},"wordCount":840,"publisher":{"@id":"https:\/\/www.bellunopress.it\/#organization"},"image":{"@id":"https:\/\/www.bellunopress.it\/2023\/11\/27\/gelato-day-2024-gusto-dellanno-la-gaufre-de-liege-scelto-dal-belgio\/#primaryimage"},"thumbnailUrl":"https:\/\/www.bellunopress.it\/wp-content\/uploads\/2023\/11\/Gaufre-de-Liege_edited.jpg","articleSection":["Lavoro, Economia, Turismo"],"inLanguage":"fr-FR"},{"@type":"WebPage","@id":"https:\/\/www.bellunopress.it\/2023\/11\/27\/gelato-day-2024-gusto-dellanno-la-gaufre-de-liege-scelto-dal-belgio\/","url":"https:\/\/www.bellunopress.it\/2023\/11\/27\/gelato-day-2024-gusto-dellanno-la-gaufre-de-liege-scelto-dal-belgio\/","name":"Gelato day 2024: Gusto dell'Anno la \"Gaufre de Lie\u0300ge\", scelto dal Belgio - Bellunopress - Dolomiti","isPartOf":{"@id":"https:\/\/www.bellunopress.it\/#website"},"primaryImageOfPage":{"@id":"https:\/\/www.bellunopress.it\/2023\/11\/27\/gelato-day-2024-gusto-dellanno-la-gaufre-de-liege-scelto-dal-belgio\/#primaryimage"},"image":{"@id":"https:\/\/www.bellunopress.it\/2023\/11\/27\/gelato-day-2024-gusto-dellanno-la-gaufre-de-liege-scelto-dal-belgio\/#primaryimage"},"thumbnailUrl":"https:\/\/www.bellunopress.it\/wp-content\/uploads\/2023\/11\/Gaufre-de-Liege_edited.jpg","datePublished":"2023-11-27T15:12:02+00:00","breadcrumb":{"@id":"https:\/\/www.bellunopress.it\/2023\/11\/27\/gelato-day-2024-gusto-dellanno-la-gaufre-de-liege-scelto-dal-belgio\/#breadcrumb"},"inLanguage":"fr-FR","potentialAction":[{"@type":"ReadAction","target":["https:\/\/www.bellunopress.it\/2023\/11\/27\/gelato-day-2024-gusto-dellanno-la-gaufre-de-liege-scelto-dal-belgio\/"]}]},{"@type":"ImageObject","inLanguage":"fr-FR","@id":"https:\/\/www.bellunopress.it\/2023\/11\/27\/gelato-day-2024-gusto-dellanno-la-gaufre-de-liege-scelto-dal-belgio\/#primaryimage","url":"https:\/\/www.bellunopress.it\/wp-content\/uploads\/2023\/11\/Gaufre-de-Liege_edited.jpg","contentUrl":"https:\/\/www.bellunopress.it\/wp-content\/uploads\/2023\/11\/Gaufre-de-Liege_edited.jpg","width":900,"height":1000,"caption":"Gaufre de Li\u00e8ge: un gelato a base neutra aromatizzato con vaniglia e cannella, variegato al burro salato e accompagnato da una cialda di gaufre"},{"@type":"BreadcrumbList","@id":"https:\/\/www.bellunopress.it\/2023\/11\/27\/gelato-day-2024-gusto-dellanno-la-gaufre-de-liege-scelto-dal-belgio\/#breadcrumb","itemListElement":[{"@type":"ListItem","position":1,"name":"Home","item":"https:\/\/www.bellunopress.it\/"},{"@type":"ListItem","position":2,"name":"Gelato day 2024: Gusto dell&#8217;Anno la &#8220;Gaufre de Lie\u0300ge&#8221;, scelto dal Belgio"}]},{"@type":"WebSite","@id":"https:\/\/www.bellunopress.it\/#website","url":"https:\/\/www.bellunopress.it\/","name":"Bellunopress - Dolomiti","description":"e-mail: redazione@bellunopress.it","publisher":{"@id":"https:\/\/www.bellunopress.it\/#organization"},"potentialAction":[{"@type":"SearchAction","target":{"@type":"EntryPoint","urlTemplate":"https:\/\/www.bellunopress.it\/?s={search_term_string}"},"query-input":{"@type":"PropertyValueSpecification","valueRequired":true,"valueName":"search_term_string"}}],"inLanguage":"fr-FR"},{"@type":"Organization","@id":"https:\/\/www.bellunopress.it\/#organization","name":"Bellunopress","url":"https:\/\/www.bellunopress.it\/","logo":{"@type":"ImageObject","inLanguage":"fr-FR","@id":"https:\/\/www.bellunopress.it\/#\/schema\/logo\/image\/","url":"https:\/\/www.bellunopress.it\/wp-content\/uploads\/2011\/05\/cropped-logo-bellunopress-.jpg","contentUrl":"https:\/\/www.bellunopress.it\/wp-content\/uploads\/2011\/05\/cropped-logo-bellunopress-.jpg","width":512,"height":512,"caption":"Bellunopress"},"image":{"@id":"https:\/\/www.bellunopress.it\/#\/schema\/logo\/image\/"},"sameAs":["https:\/\/www.facebook.com\/profile.php?id=100008943462799","https:\/\/x.com\/bellunopress","https:\/\/www.linkedin.com\/hp\/?dnr=JBzUWaJfMUw8vbXJJ2tVW5-I3jZKvC4wsoxE&amp;amp;amp;amp;amp;amp;trk=nav_responsive_tab_home","https:\/\/www.youtube.com\/channel\/UCxL0wu1uN0_3_7hGG0306cw"]},{"@type":"Person","@id":"https:\/\/www.bellunopress.it\/#\/schema\/person\/79bb06722b37ece1c03d3e94beb30d73","name":"r\u00e9daction","image":{"@type":"ImageObject","inLanguage":"fr-FR","@id":"https:\/\/secure.gravatar.com\/avatar\/37d968a2e67a6fd04c169c4bdef102d0bc5d31b2546345219e348575eb80e9a0?s=96&d=mm&r=g","url":"https:\/\/secure.gravatar.com\/avatar\/37d968a2e67a6fd04c169c4bdef102d0bc5d31b2546345219e348575eb80e9a0?s=96&d=mm&r=g","contentUrl":"https:\/\/secure.gravatar.com\/avatar\/37d968a2e67a6fd04c169c4bdef102d0bc5d31b2546345219e348575eb80e9a0?s=96&d=mm&r=g","caption":"redazione"},"sameAs":["http:\/\/www.bellunopress.it","https:\/\/x.com\/bellunopress"],"url":"https:\/\/www.bellunopress.it\/fr\/author\/redazione\/"}]}},"_links":{"self":[{"href":"https:\/\/www.bellunopress.it\/fr\/wp-json\/wp\/v2\/posts\/146237","targetHints":{"allow":["GET"]}}],"collection":[{"href":"https:\/\/www.bellunopress.it\/fr\/wp-json\/wp\/v2\/posts"}],"about":[{"href":"https:\/\/www.bellunopress.it\/fr\/wp-json\/wp\/v2\/types\/post"}],"author":[{"embeddable":true,"href":"https:\/\/www.bellunopress.it\/fr\/wp-json\/wp\/v2\/users\/2"}],"replies":[{"embeddable":true,"href":"https:\/\/www.bellunopress.it\/fr\/wp-json\/wp\/v2\/comments?post=146237"}],"version-history":[{"count":1,"href":"https:\/\/www.bellunopress.it\/fr\/wp-json\/wp\/v2\/posts\/146237\/revisions"}],"predecessor-version":[{"id":146239,"href":"https:\/\/www.bellunopress.it\/fr\/wp-json\/wp\/v2\/posts\/146237\/revisions\/146239"}],"wp:featuredmedia":[{"embeddable":true,"href":"https:\/\/www.bellunopress.it\/fr\/wp-json\/wp\/v2\/media\/146238"}],"wp:attachment":[{"href":"https:\/\/www.bellunopress.it\/fr\/wp-json\/wp\/v2\/media?parent=146237"}],"wp:term":[{"taxonomy":"category","embeddable":true,"href":"https:\/\/www.bellunopress.it\/fr\/wp-json\/wp\/v2\/categories?post=146237"},{"taxonomy":"post_tag","embeddable":true,"href":"https:\/\/www.bellunopress.it\/fr\/wp-json\/wp\/v2\/tags?post=146237"}],"curies":[{"name":"wp","href":"https:\/\/api.w.org\/{rel}","templated":true}]}}