{"id":146226,"date":"2023-11-27T10:03:59","date_gmt":"2023-11-27T09:03:59","guid":{"rendered":"https:\/\/www.bellunopress.it\/?p=146226"},"modified":"2023-11-27T10:03:59","modified_gmt":"2023-11-27T09:03:59","slug":"57-miliardi-dalleuropa-per-sostenere-la-produzione-di-energia-elettrica-da-fonti-rinnovabili","status":"publish","type":"post","link":"https:\/\/www.bellunopress.it\/fr\/2023\/11\/27\/57-miliardi-dalleuropa-per-sostenere-la-produzione-di-energia-elettrica-da-fonti-rinnovabili\/","title":{"rendered":"5,7 miliardi dall&#8217;Europa per sostenere la produzione di energia elettrica da fonti rinnovabili"},"content":{"rendered":"<p><img loading=\"lazy\" decoding=\"async\" class=\"alignleft size-full wp-image-146227\" src=\"https:\/\/www.bellunopress.it\/wp-content\/uploads\/2023\/11\/fotovoltaico-pannelli-energred.jpg\" alt=\"\" width=\"428\" height=\"308\" \/>Via libera dell&#8217;Unione Europea agli incentivi in Italia per le Comunit\u00e0 Energetiche Rinnovabili (CER). \u00abI vantaggi non sono solo per le grandi aziende: riguardano anche tutte le nostre pmi e pi\u00f9 in generale tutti gli italiani\u00bb sottolineano gli analisti di EnergRed che gi\u00e0 lo scorso aprile, in collaborazione con primarie associazione di categoria, avevano accertato con le loro previsioni quale sarebbe stato il modello adottato dal Governo.<\/p>\n<p>Il nuovo regime approvato dall&#8217;Ue per un importo di 5,7 miliardi di euro consentir\u00e0 all&#8217;Italia di sostenere la produzione e l&#8217;autoconsumo di energia elettrica da fonti rinnovabili da parte delle CER.<\/p>\n<p>\u00abLa comunit\u00e0 energetica \u00e8 il luogo dove creare responsabilit\u00e0 reciproca e impegno comune, grazie al &#8220;dono&#8221; dell&#8217;energia condivisa che ciascuno fa e porta con s\u00e9\u00bb aveva gi\u00e0 detto ad aprile l&#8217;ingegnere Moreno Scarchini, fondatore e CEO di quella che \u00e8 considerata oggi la &#8220;Ferrari del fotovoltaico&#8221;, un marchio \u2014quello di EnergRed\u2014 destinato a diventare iconico come quello del Cavallino Rampante o come quello della Coca-Cola, di cui l&#8217;ingegnere \u00e8 stato direttore con responsabilit\u00e0 per 6 Paesi per oltre 5 anni.<\/p>\n<p>Ma cosa sono in concreto le CER? L&#8217;ingegnere della &#8220;Ferrari del fotovoltaico&#8221; fornisce una sua intuitiva definizione: \u00abla CER va vista come un amplificatore di energia. Di fatto \u00e8 un generatore virtuale di energia condivisa che si misura attraverso la lettura dei contatori di produzione e di consumo dei partecipanti alla CER stessa. L&#8217;energia condivisa si somma all&#8217;energia effettivamente prodotta dalla CER ed \u00e8 come inserire un turbo al veicolo energetico\u00bb dice Moreno Scarchini.<\/p>\n<p>Cosa cambia ora con il nuovo provvedimento? \u00abIl regime di incentivazione riguarda tutti quei progetti in autoconsumo con capacit\u00e0 fino a 1 MW ed i beneficiari possono accedere al meccanismo in base al principio &#8220;primo arrivato, primo servito&#8221;, con due le tipologie di aiuto elargito: una tariffa incentivante ed un contributo a fondo perduto\u00bb spiegano gli esperti di EnergRed.<\/p>\n<p>La tariffa incentivante all&#8217;energia condivisa \u00e8 legata al quantitativo di energia elettrica consumato e prodotto all&#8217;interno della CER, ossia al soggetto giuridico che permetter\u00e0 ai cittadini, alle piccole imprese ed alle autorit\u00e0 locali di produrre, gestire e consumare la loro propria energia.<\/p>\n<p>A questa misura corrisponde un budget di 3,5 miliardi di euro, con una tariffa distinta in una parte fissa che diminuisce al crescere della potenza installata ed una parte variabile che diminuisce al crescere del prezzo di mercato dell&#8217;energia.<\/p>\n<p>Il contributo a fondo perduto coprir\u00e0 invece fino al 40 per cento dei costi ammissibili. A questa misura corrisponde un budget di 2,2 miliardi di euro finanziato mediante la Recovery and Resilience Facility dell&#8217;Unione Europea. Per beneficiare dell&#8217;aiuto, i progetti dovranno diventare operativi prima del 30 giugno 2026 ed essere ubicati in comuni con meno di 5.000 abitanti.<\/p>\n<p>\u00abLe due misure possano anche essere cumulate, ma l&#8217;importo totale dell&#8217;aiuto di Stato non pu\u00f2 superare il deficit di finanziamento dei progetti\u00bb concludono gli esperti di EnergRed, che mettono ora a disposizione delle CER il loro esclusivo modello \u00abCare&amp;Share\u00ae\u00bb in 4 step:<\/p>\n<p>1) Analisi e dimensionamento preliminare: aree disponibili, consumi consociabili, autoconsumi e modello economico di condivisione dei benefici;<\/p>\n<p>2) Progettazione impianti FER: dimensionamento e dislocamento degli impianti per la generazione da FER;<\/p>\n<p>3) Creazione comunit\u00e0 e impianti: gestione delle pratiche di creazione della comunit\u00e0, costruzione degli impianti e dei sistemi di monitoraggio;<\/p>\n<p>4) Conduzione impianti e gestione comunit\u00e0: manutenzioni ordinarie e straordinarie degli impianti, gestione della contabilizzazione.<\/p>\n<p>In una prima fase (10-12 anni) EnergRed andr\u00e0 a finanziare, realizzare e gestire gli impianti \u2014garantendo che siano nella piena disponibilit\u00e0 della comunit\u00e0\u2014 e gestir\u00e0 o dar\u00e0 supporto alla gestione amministrativa della comunit\u00e0 (EC Manager), senza alcun costo per la comunit\u00e0, salvo il costo dell&#8217;energia in autoconsumo a prezzi calmierati.<\/p>\n<p>In una seconda fase (13-15 anni) l&#8217;energia in autoconsumo diventa totalmente gratuita, ottenendo anche incentivi sull&#8217;energia condivisa e ricavi dalla vendita dell&#8217;energia prodotta in eccesso: EnergRed andr\u00e0 a gestire gli impianti attraverso un servizio di manutenzione conservativa o evolutiva.<\/p>\n<p>&nbsp;<\/p>","protected":false},"excerpt":{"rendered":"<p>Via libera dell&#8217;Unione Europea agli incentivi in Italia per le Comunit\u00e0 Energetiche Rinnovabili (CER). \u00abI vantaggi non sono solo per le grandi aziende: riguardano anche tutte le nostre pmi e pi\u00f9 in generale tutti gli italiani\u00bb sottolineano gli analisti di EnergRed che gi\u00e0 lo scorso aprile, in collaborazione con primarie associazione di categoria, avevano accertato [&hellip;]<\/p>\n","protected":false},"author":2,"featured_media":146227,"comment_status":"closed","ping_status":"open","sticky":false,"template":"","format":"standard","meta":{"footnotes":""},"categories":[36],"tags":[],"class_list":["post-146226","post","type-post","status-publish","format-standard","has-post-thumbnail","category-lavoro-economia"],"yoast_head":"<!-- This site is optimized with the Yoast SEO plugin v28.4 - https:\/\/yoast.com\/product\/yoast-seo-wordpress\/ -->\n<title>5,7 miliardi dall&#039;Europa per sostenere la produzione di energia elettrica da fonti rinnovabili - Bellunopress - Dolomiti<\/title>\n<meta name=\"robots\" content=\"index, follow, max-snippet:-1, max-image-preview:large, max-video-preview:-1\" \/>\n<link rel=\"canonical\" href=\"https:\/\/www.bellunopress.it\/fr\/2023\/11\/27\/57-miliardi-dalleuropa-per-sostenere-la-produzione-di-energia-elettrica-da-fonti-rinnovabili\/\" \/>\n<meta property=\"og:locale\" content=\"fr_FR\" \/>\n<meta property=\"og:type\" content=\"article\" \/>\n<meta property=\"og:title\" content=\"5,7 miliardi dall&#039;Europa per sostenere la produzione di energia elettrica da fonti rinnovabili - Bellunopress - Dolomiti\" \/>\n<meta property=\"og:description\" content=\"Via libera dell&#8217;Unione Europea agli incentivi in Italia per le Comunit\u00e0 Energetiche Rinnovabili (CER). \u00abI vantaggi non sono solo per le grandi aziende: riguardano anche tutte le nostre pmi e pi\u00f9 in generale tutti gli italiani\u00bb sottolineano gli analisti di EnergRed che gi\u00e0 lo scorso aprile, in collaborazione con primarie associazione di categoria, avevano accertato [&hellip;]\" \/>\n<meta property=\"og:url\" content=\"https:\/\/www.bellunopress.it\/fr\/2023\/11\/27\/57-miliardi-dalleuropa-per-sostenere-la-produzione-di-energia-elettrica-da-fonti-rinnovabili\/\" \/>\n<meta property=\"og:site_name\" content=\"Bellunopress - Dolomiti\" \/>\n<meta property=\"article:publisher\" content=\"https:\/\/www.facebook.com\/profile.php?id=100008943462799\" \/>\n<meta property=\"article:published_time\" content=\"2023-11-27T09:03:59+00:00\" \/>\n<meta property=\"og:image\" content=\"https:\/\/www.bellunopress.it\/wp-content\/uploads\/2023\/11\/fotovoltaico-pannelli-energred.jpg\" \/>\n\t<meta property=\"og:image:width\" content=\"428\" \/>\n\t<meta property=\"og:image:height\" content=\"308\" \/>\n\t<meta property=\"og:image:type\" content=\"image\/jpeg\" \/>\n<meta name=\"author\" content=\"redazione\" \/>\n<meta name=\"twitter:card\" content=\"summary_large_image\" \/>\n<meta name=\"twitter:creator\" content=\"@bellunopress\" \/>\n<meta name=\"twitter:site\" content=\"@bellunopress\" \/>\n<meta name=\"twitter:label1\" content=\"Written by\" \/>\n\t<meta name=\"twitter:data1\" content=\"redazione\" \/>\n\t<meta name=\"twitter:label2\" content=\"Est. reading time\" \/>\n\t<meta name=\"twitter:data2\" content=\"3 minutes\" \/>\n<script type=\"application\/ld+json\" class=\"yoast-schema-graph\">{\"@context\":\"https:\\\/\\\/schema.org\",\"@graph\":[{\"@type\":\"Article\",\"@id\":\"https:\\\/\\\/www.bellunopress.it\\\/2023\\\/11\\\/27\\\/57-miliardi-dalleuropa-per-sostenere-la-produzione-di-energia-elettrica-da-fonti-rinnovabili\\\/#article\",\"isPartOf\":{\"@id\":\"https:\\\/\\\/www.bellunopress.it\\\/2023\\\/11\\\/27\\\/57-miliardi-dalleuropa-per-sostenere-la-produzione-di-energia-elettrica-da-fonti-rinnovabili\\\/\"},\"author\":{\"name\":\"redazione\",\"@id\":\"https:\\\/\\\/www.bellunopress.it\\\/#\\\/schema\\\/person\\\/79bb06722b37ece1c03d3e94beb30d73\"},\"headline\":\"5,7 miliardi dall&#8217;Europa per sostenere la produzione di energia elettrica da fonti rinnovabili\",\"datePublished\":\"2023-11-27T09:03:59+00:00\",\"mainEntityOfPage\":{\"@id\":\"https:\\\/\\\/www.bellunopress.it\\\/2023\\\/11\\\/27\\\/57-miliardi-dalleuropa-per-sostenere-la-produzione-di-energia-elettrica-da-fonti-rinnovabili\\\/\"},\"wordCount\":663,\"publisher\":{\"@id\":\"https:\\\/\\\/www.bellunopress.it\\\/#organization\"},\"image\":{\"@id\":\"https:\\\/\\\/www.bellunopress.it\\\/2023\\\/11\\\/27\\\/57-miliardi-dalleuropa-per-sostenere-la-produzione-di-energia-elettrica-da-fonti-rinnovabili\\\/#primaryimage\"},\"thumbnailUrl\":\"https:\\\/\\\/www.bellunopress.it\\\/wp-content\\\/uploads\\\/2023\\\/11\\\/fotovoltaico-pannelli-energred.jpg\",\"articleSection\":[\"Lavoro, Economia, Turismo\"],\"inLanguage\":\"fr-FR\"},{\"@type\":\"WebPage\",\"@id\":\"https:\\\/\\\/www.bellunopress.it\\\/2023\\\/11\\\/27\\\/57-miliardi-dalleuropa-per-sostenere-la-produzione-di-energia-elettrica-da-fonti-rinnovabili\\\/\",\"url\":\"https:\\\/\\\/www.bellunopress.it\\\/2023\\\/11\\\/27\\\/57-miliardi-dalleuropa-per-sostenere-la-produzione-di-energia-elettrica-da-fonti-rinnovabili\\\/\",\"name\":\"5,7 miliardi dall'Europa per sostenere la produzione di energia elettrica da fonti rinnovabili - Bellunopress - Dolomiti\",\"isPartOf\":{\"@id\":\"https:\\\/\\\/www.bellunopress.it\\\/#website\"},\"primaryImageOfPage\":{\"@id\":\"https:\\\/\\\/www.bellunopress.it\\\/2023\\\/11\\\/27\\\/57-miliardi-dalleuropa-per-sostenere-la-produzione-di-energia-elettrica-da-fonti-rinnovabili\\\/#primaryimage\"},\"image\":{\"@id\":\"https:\\\/\\\/www.bellunopress.it\\\/2023\\\/11\\\/27\\\/57-miliardi-dalleuropa-per-sostenere-la-produzione-di-energia-elettrica-da-fonti-rinnovabili\\\/#primaryimage\"},\"thumbnailUrl\":\"https:\\\/\\\/www.bellunopress.it\\\/wp-content\\\/uploads\\\/2023\\\/11\\\/fotovoltaico-pannelli-energred.jpg\",\"datePublished\":\"2023-11-27T09:03:59+00:00\",\"breadcrumb\":{\"@id\":\"https:\\\/\\\/www.bellunopress.it\\\/2023\\\/11\\\/27\\\/57-miliardi-dalleuropa-per-sostenere-la-produzione-di-energia-elettrica-da-fonti-rinnovabili\\\/#breadcrumb\"},\"inLanguage\":\"fr-FR\",\"potentialAction\":[{\"@type\":\"ReadAction\",\"target\":[\"https:\\\/\\\/www.bellunopress.it\\\/2023\\\/11\\\/27\\\/57-miliardi-dalleuropa-per-sostenere-la-produzione-di-energia-elettrica-da-fonti-rinnovabili\\\/\"]}]},{\"@type\":\"ImageObject\",\"inLanguage\":\"fr-FR\",\"@id\":\"https:\\\/\\\/www.bellunopress.it\\\/2023\\\/11\\\/27\\\/57-miliardi-dalleuropa-per-sostenere-la-produzione-di-energia-elettrica-da-fonti-rinnovabili\\\/#primaryimage\",\"url\":\"https:\\\/\\\/www.bellunopress.it\\\/wp-content\\\/uploads\\\/2023\\\/11\\\/fotovoltaico-pannelli-energred.jpg\",\"contentUrl\":\"https:\\\/\\\/www.bellunopress.it\\\/wp-content\\\/uploads\\\/2023\\\/11\\\/fotovoltaico-pannelli-energred.jpg\",\"width\":428,\"height\":308},{\"@type\":\"BreadcrumbList\",\"@id\":\"https:\\\/\\\/www.bellunopress.it\\\/2023\\\/11\\\/27\\\/57-miliardi-dalleuropa-per-sostenere-la-produzione-di-energia-elettrica-da-fonti-rinnovabili\\\/#breadcrumb\",\"itemListElement\":[{\"@type\":\"ListItem\",\"position\":1,\"name\":\"Home\",\"item\":\"https:\\\/\\\/www.bellunopress.it\\\/\"},{\"@type\":\"ListItem\",\"position\":2,\"name\":\"5,7 miliardi dall&#8217;Europa per sostenere la produzione di energia elettrica da fonti rinnovabili\"}]},{\"@type\":\"WebSite\",\"@id\":\"https:\\\/\\\/www.bellunopress.it\\\/#website\",\"url\":\"https:\\\/\\\/www.bellunopress.it\\\/\",\"name\":\"Bellunopress - Dolomiti\",\"description\":\"e-mail: redazione@bellunopress.it\",\"publisher\":{\"@id\":\"https:\\\/\\\/www.bellunopress.it\\\/#organization\"},\"potentialAction\":[{\"@type\":\"SearchAction\",\"target\":{\"@type\":\"EntryPoint\",\"urlTemplate\":\"https:\\\/\\\/www.bellunopress.it\\\/?s={search_term_string}\"},\"query-input\":{\"@type\":\"PropertyValueSpecification\",\"valueRequired\":true,\"valueName\":\"search_term_string\"}}],\"inLanguage\":\"fr-FR\"},{\"@type\":\"Organization\",\"@id\":\"https:\\\/\\\/www.bellunopress.it\\\/#organization\",\"name\":\"Bellunopress\",\"url\":\"https:\\\/\\\/www.bellunopress.it\\\/\",\"logo\":{\"@type\":\"ImageObject\",\"inLanguage\":\"fr-FR\",\"@id\":\"https:\\\/\\\/www.bellunopress.it\\\/#\\\/schema\\\/logo\\\/image\\\/\",\"url\":\"https:\\\/\\\/www.bellunopress.it\\\/wp-content\\\/uploads\\\/2011\\\/05\\\/cropped-logo-bellunopress-.jpg\",\"contentUrl\":\"https:\\\/\\\/www.bellunopress.it\\\/wp-content\\\/uploads\\\/2011\\\/05\\\/cropped-logo-bellunopress-.jpg\",\"width\":512,\"height\":512,\"caption\":\"Bellunopress\"},\"image\":{\"@id\":\"https:\\\/\\\/www.bellunopress.it\\\/#\\\/schema\\\/logo\\\/image\\\/\"},\"sameAs\":[\"https:\\\/\\\/www.facebook.com\\\/profile.php?id=100008943462799\",\"https:\\\/\\\/x.com\\\/bellunopress\",\"https:\\\/\\\/www.linkedin.com\\\/hp\\\/?dnr=JBzUWaJfMUw8vbXJJ2tVW5-I3jZKvC4wsoxE&amp;amp;amp;amp;amp;amp;trk=nav_responsive_tab_home\",\"https:\\\/\\\/www.youtube.com\\\/channel\\\/UCxL0wu1uN0_3_7hGG0306cw\"]},{\"@type\":\"Person\",\"@id\":\"https:\\\/\\\/www.bellunopress.it\\\/#\\\/schema\\\/person\\\/79bb06722b37ece1c03d3e94beb30d73\",\"name\":\"redazione\",\"image\":{\"@type\":\"ImageObject\",\"inLanguage\":\"fr-FR\",\"@id\":\"https:\\\/\\\/secure.gravatar.com\\\/avatar\\\/37d968a2e67a6fd04c169c4bdef102d0bc5d31b2546345219e348575eb80e9a0?s=96&d=mm&r=g\",\"url\":\"https:\\\/\\\/secure.gravatar.com\\\/avatar\\\/37d968a2e67a6fd04c169c4bdef102d0bc5d31b2546345219e348575eb80e9a0?s=96&d=mm&r=g\",\"contentUrl\":\"https:\\\/\\\/secure.gravatar.com\\\/avatar\\\/37d968a2e67a6fd04c169c4bdef102d0bc5d31b2546345219e348575eb80e9a0?s=96&d=mm&r=g\",\"caption\":\"redazione\"},\"sameAs\":[\"http:\\\/\\\/www.bellunopress.it\",\"https:\\\/\\\/x.com\\\/bellunopress\"],\"url\":\"https:\\\/\\\/www.bellunopress.it\\\/fr\\\/author\\\/redazione\\\/\"}]}<\/script>\n<!-- \/ Yoast SEO plugin. -->","yoast_head_json":{"title":"5,7 miliardi dall'Europa per sostenere la produzione di energia elettrica da fonti rinnovabili - Bellunopress - Dolomiti","robots":{"index":"index","follow":"follow","max-snippet":"max-snippet:-1","max-image-preview":"max-image-preview:large","max-video-preview":"max-video-preview:-1"},"canonical":"https:\/\/www.bellunopress.it\/fr\/2023\/11\/27\/57-miliardi-dalleuropa-per-sostenere-la-produzione-di-energia-elettrica-da-fonti-rinnovabili\/","og_locale":"fr_FR","og_type":"article","og_title":"5,7 miliardi dall'Europa per sostenere la produzione di energia elettrica da fonti rinnovabili - Bellunopress - Dolomiti","og_description":"Via libera dell&#8217;Unione Europea agli incentivi in Italia per le Comunit\u00e0 Energetiche Rinnovabili (CER). \u00abI vantaggi non sono solo per le grandi aziende: riguardano anche tutte le nostre pmi e pi\u00f9 in generale tutti gli italiani\u00bb sottolineano gli analisti di EnergRed che gi\u00e0 lo scorso aprile, in collaborazione con primarie associazione di categoria, avevano accertato [&hellip;]","og_url":"https:\/\/www.bellunopress.it\/fr\/2023\/11\/27\/57-miliardi-dalleuropa-per-sostenere-la-produzione-di-energia-elettrica-da-fonti-rinnovabili\/","og_site_name":"Bellunopress - Dolomiti","article_publisher":"https:\/\/www.facebook.com\/profile.php?id=100008943462799","article_published_time":"2023-11-27T09:03:59+00:00","og_image":[{"width":428,"height":308,"url":"https:\/\/www.bellunopress.it\/wp-content\/uploads\/2023\/11\/fotovoltaico-pannelli-energred.jpg","type":"image\/jpeg"}],"author":"redazione","twitter_card":"summary_large_image","twitter_creator":"@bellunopress","twitter_site":"@bellunopress","twitter_misc":{"Written by":"redazione","Est. reading time":"3 minutes"},"schema":{"@context":"https:\/\/schema.org","@graph":[{"@type":"Article","@id":"https:\/\/www.bellunopress.it\/2023\/11\/27\/57-miliardi-dalleuropa-per-sostenere-la-produzione-di-energia-elettrica-da-fonti-rinnovabili\/#article","isPartOf":{"@id":"https:\/\/www.bellunopress.it\/2023\/11\/27\/57-miliardi-dalleuropa-per-sostenere-la-produzione-di-energia-elettrica-da-fonti-rinnovabili\/"},"author":{"name":"redazione","@id":"https:\/\/www.bellunopress.it\/#\/schema\/person\/79bb06722b37ece1c03d3e94beb30d73"},"headline":"5,7 miliardi dall&#8217;Europa per sostenere la produzione di energia elettrica da fonti rinnovabili","datePublished":"2023-11-27T09:03:59+00:00","mainEntityOfPage":{"@id":"https:\/\/www.bellunopress.it\/2023\/11\/27\/57-miliardi-dalleuropa-per-sostenere-la-produzione-di-energia-elettrica-da-fonti-rinnovabili\/"},"wordCount":663,"publisher":{"@id":"https:\/\/www.bellunopress.it\/#organization"},"image":{"@id":"https:\/\/www.bellunopress.it\/2023\/11\/27\/57-miliardi-dalleuropa-per-sostenere-la-produzione-di-energia-elettrica-da-fonti-rinnovabili\/#primaryimage"},"thumbnailUrl":"https:\/\/www.bellunopress.it\/wp-content\/uploads\/2023\/11\/fotovoltaico-pannelli-energred.jpg","articleSection":["Lavoro, Economia, Turismo"],"inLanguage":"fr-FR"},{"@type":"WebPage","@id":"https:\/\/www.bellunopress.it\/2023\/11\/27\/57-miliardi-dalleuropa-per-sostenere-la-produzione-di-energia-elettrica-da-fonti-rinnovabili\/","url":"https:\/\/www.bellunopress.it\/2023\/11\/27\/57-miliardi-dalleuropa-per-sostenere-la-produzione-di-energia-elettrica-da-fonti-rinnovabili\/","name":"5,7 miliardi dall'Europa per sostenere la produzione di energia elettrica da fonti rinnovabili - Bellunopress - Dolomiti","isPartOf":{"@id":"https:\/\/www.bellunopress.it\/#website"},"primaryImageOfPage":{"@id":"https:\/\/www.bellunopress.it\/2023\/11\/27\/57-miliardi-dalleuropa-per-sostenere-la-produzione-di-energia-elettrica-da-fonti-rinnovabili\/#primaryimage"},"image":{"@id":"https:\/\/www.bellunopress.it\/2023\/11\/27\/57-miliardi-dalleuropa-per-sostenere-la-produzione-di-energia-elettrica-da-fonti-rinnovabili\/#primaryimage"},"thumbnailUrl":"https:\/\/www.bellunopress.it\/wp-content\/uploads\/2023\/11\/fotovoltaico-pannelli-energred.jpg","datePublished":"2023-11-27T09:03:59+00:00","breadcrumb":{"@id":"https:\/\/www.bellunopress.it\/2023\/11\/27\/57-miliardi-dalleuropa-per-sostenere-la-produzione-di-energia-elettrica-da-fonti-rinnovabili\/#breadcrumb"},"inLanguage":"fr-FR","potentialAction":[{"@type":"ReadAction","target":["https:\/\/www.bellunopress.it\/2023\/11\/27\/57-miliardi-dalleuropa-per-sostenere-la-produzione-di-energia-elettrica-da-fonti-rinnovabili\/"]}]},{"@type":"ImageObject","inLanguage":"fr-FR","@id":"https:\/\/www.bellunopress.it\/2023\/11\/27\/57-miliardi-dalleuropa-per-sostenere-la-produzione-di-energia-elettrica-da-fonti-rinnovabili\/#primaryimage","url":"https:\/\/www.bellunopress.it\/wp-content\/uploads\/2023\/11\/fotovoltaico-pannelli-energred.jpg","contentUrl":"https:\/\/www.bellunopress.it\/wp-content\/uploads\/2023\/11\/fotovoltaico-pannelli-energred.jpg","width":428,"height":308},{"@type":"BreadcrumbList","@id":"https:\/\/www.bellunopress.it\/2023\/11\/27\/57-miliardi-dalleuropa-per-sostenere-la-produzione-di-energia-elettrica-da-fonti-rinnovabili\/#breadcrumb","itemListElement":[{"@type":"ListItem","position":1,"name":"Home","item":"https:\/\/www.bellunopress.it\/"},{"@type":"ListItem","position":2,"name":"5,7 miliardi dall&#8217;Europa per sostenere la produzione di energia elettrica da fonti rinnovabili"}]},{"@type":"WebSite","@id":"https:\/\/www.bellunopress.it\/#website","url":"https:\/\/www.bellunopress.it\/","name":"Bellunopress - Dolomiti","description":"e-mail: redazione@bellunopress.it","publisher":{"@id":"https:\/\/www.bellunopress.it\/#organization"},"potentialAction":[{"@type":"SearchAction","target":{"@type":"EntryPoint","urlTemplate":"https:\/\/www.bellunopress.it\/?s={search_term_string}"},"query-input":{"@type":"PropertyValueSpecification","valueRequired":true,"valueName":"search_term_string"}}],"inLanguage":"fr-FR"},{"@type":"Organization","@id":"https:\/\/www.bellunopress.it\/#organization","name":"Bellunopress","url":"https:\/\/www.bellunopress.it\/","logo":{"@type":"ImageObject","inLanguage":"fr-FR","@id":"https:\/\/www.bellunopress.it\/#\/schema\/logo\/image\/","url":"https:\/\/www.bellunopress.it\/wp-content\/uploads\/2011\/05\/cropped-logo-bellunopress-.jpg","contentUrl":"https:\/\/www.bellunopress.it\/wp-content\/uploads\/2011\/05\/cropped-logo-bellunopress-.jpg","width":512,"height":512,"caption":"Bellunopress"},"image":{"@id":"https:\/\/www.bellunopress.it\/#\/schema\/logo\/image\/"},"sameAs":["https:\/\/www.facebook.com\/profile.php?id=100008943462799","https:\/\/x.com\/bellunopress","https:\/\/www.linkedin.com\/hp\/?dnr=JBzUWaJfMUw8vbXJJ2tVW5-I3jZKvC4wsoxE&amp;amp;amp;amp;amp;amp;trk=nav_responsive_tab_home","https:\/\/www.youtube.com\/channel\/UCxL0wu1uN0_3_7hGG0306cw"]},{"@type":"Person","@id":"https:\/\/www.bellunopress.it\/#\/schema\/person\/79bb06722b37ece1c03d3e94beb30d73","name":"r\u00e9daction","image":{"@type":"ImageObject","inLanguage":"fr-FR","@id":"https:\/\/secure.gravatar.com\/avatar\/37d968a2e67a6fd04c169c4bdef102d0bc5d31b2546345219e348575eb80e9a0?s=96&d=mm&r=g","url":"https:\/\/secure.gravatar.com\/avatar\/37d968a2e67a6fd04c169c4bdef102d0bc5d31b2546345219e348575eb80e9a0?s=96&d=mm&r=g","contentUrl":"https:\/\/secure.gravatar.com\/avatar\/37d968a2e67a6fd04c169c4bdef102d0bc5d31b2546345219e348575eb80e9a0?s=96&d=mm&r=g","caption":"redazione"},"sameAs":["http:\/\/www.bellunopress.it","https:\/\/x.com\/bellunopress"],"url":"https:\/\/www.bellunopress.it\/fr\/author\/redazione\/"}]}},"_links":{"self":[{"href":"https:\/\/www.bellunopress.it\/fr\/wp-json\/wp\/v2\/posts\/146226","targetHints":{"allow":["GET"]}}],"collection":[{"href":"https:\/\/www.bellunopress.it\/fr\/wp-json\/wp\/v2\/posts"}],"about":[{"href":"https:\/\/www.bellunopress.it\/fr\/wp-json\/wp\/v2\/types\/post"}],"author":[{"embeddable":true,"href":"https:\/\/www.bellunopress.it\/fr\/wp-json\/wp\/v2\/users\/2"}],"replies":[{"embeddable":true,"href":"https:\/\/www.bellunopress.it\/fr\/wp-json\/wp\/v2\/comments?post=146226"}],"version-history":[{"count":1,"href":"https:\/\/www.bellunopress.it\/fr\/wp-json\/wp\/v2\/posts\/146226\/revisions"}],"predecessor-version":[{"id":146228,"href":"https:\/\/www.bellunopress.it\/fr\/wp-json\/wp\/v2\/posts\/146226\/revisions\/146228"}],"wp:featuredmedia":[{"embeddable":true,"href":"https:\/\/www.bellunopress.it\/fr\/wp-json\/wp\/v2\/media\/146227"}],"wp:attachment":[{"href":"https:\/\/www.bellunopress.it\/fr\/wp-json\/wp\/v2\/media?parent=146226"}],"wp:term":[{"taxonomy":"category","embeddable":true,"href":"https:\/\/www.bellunopress.it\/fr\/wp-json\/wp\/v2\/categories?post=146226"},{"taxonomy":"post_tag","embeddable":true,"href":"https:\/\/www.bellunopress.it\/fr\/wp-json\/wp\/v2\/tags?post=146226"}],"curies":[{"name":"wp","href":"https:\/\/api.w.org\/{rel}","templated":true}]}}