{"id":146223,"date":"2023-11-27T09:54:09","date_gmt":"2023-11-27T08:54:09","guid":{"rendered":"https:\/\/www.bellunopress.it\/?p=146223"},"modified":"2023-11-27T09:54:09","modified_gmt":"2023-11-27T08:54:09","slug":"caritas-in-progress-sabato-2-dicembre-al-centro-papa-luciani-di-santa-giustina","status":"publish","type":"post","link":"https:\/\/www.bellunopress.it\/fr\/2023\/11\/27\/caritas-in-progress-sabato-2-dicembre-al-centro-papa-luciani-di-santa-giustina\/","title":{"rendered":"Caritas in progress. sabato 2 dicembre al Centro Papa Luciani di Santa Giustina"},"content":{"rendered":"<p><img loading=\"lazy\" decoding=\"async\" class=\"alignleft size-full wp-image-146224\" src=\"https:\/\/www.bellunopress.it\/wp-content\/uploads\/2023\/11\/Caritas-italiana_edited.jpg\" alt=\"\" width=\"225\" height=\"225\" \/>Torna Caritas in progress, il percorso di formazione per volontari e per quanti desiderano porsi al servizio dei pi\u00f9 deboli dedicando tempo e disponibilit\u00e0 alle iniziative caritative presenti sul territorio. Ci siamo lasciati nel maggio di quest\u2019anno con l\u2019impegno a \u201cCostruire insieme comunit\u00e0 accoglienti\u201d, gettando luce su povert\u00e0 vecchie e nuove e con il desiderio di creare all\u2019interno delle nostre comunit\u00e0 relazioni fraterne. Proseguendo nel percorso dall\u2019io al noi, che segna la nascita di una comunit\u00e0 non formale, Caritas diocesana propone per sabato 2 dicembre prossimo al Centro Papa Luciani \u2013 dalle 8.30 al pranzo compreso &#8211; un altro passo, che sottolinea come una comunit\u00e0 accogliente sia tale quando tutti si sentono corresponsabili del bene comune, cio\u00e8 sanno mettersi in gioco operosamente gli uni al servizio degli altri. Il servirsi reciprocamente \u00e8 un segno prezioso della fraternit\u00e0, che imita il Maestro nel venire incontro ai bisogni dei piccoli e dei poveri e manifesta in questo la testimonianza umile e luminosa della carit\u00e0.<br \/>\nL\u2019incontro vedr\u00e0 la presenza del Vescovo Renato Marangoni e sar\u00e0 animato da don Piero Mandruzzato, della Caritas di Adria-Rovigo, che offrir\u00e0 una riflessione sul tema \u201cCorresponsabili per una comunit\u00e0 solidale\u201d. L\u2019accoglienza sar\u00e0 seguita dai saluti del Vescovo e del Sindaco di Belluno e dall\u2019introduzione del direttore della Caritas diocesana. Dopo la pausa che seguir\u00e0 alla relazione si terranno dei laboratori tematici, che affronteranno alcuni argomenti di attualit\u00e0 nella societ\u00e0 e nella Chiesa, con una particolare declinazione della corresponsabilit\u00e0 e con alcune significative testimonianze: la casa, oggi forse un privilegio per pochi, l\u2019educazione, con una attenzione al dialogo con le seconde generazioni, il lavoro, spesso precario, e la comunicazione, in bilico tra fake news e pensiero critico. Seguir\u00e0 un momento assembleare prima del pranzo.<br \/>\nChi desidera partecipare \u00e8 invitato ad iscriversi entro domenica 26 novembre, seguendo le indicazioni sotto riportate:<\/p>\n<p>\u2022 compilando il modulo al link:\u00a0 https:\/\/rb.gy\/e9awg9<br \/>\n\u2022 via mail a promozione.caritas@chiesabellunofeltre.it<br \/>\no Whatsapp al 377 388 6886<br \/>\n&#8211; indicando nome, cognome, cellulare ed e-mail<br \/>\ned eventuali intolleranze alimentari<br \/>\nContributo per la partecipazione comprensivo del pranzo: euro 10,00<\/p>\n<p>Incontro aperto a tutti. Sono invitati gli animatori, operatori e volontari della carit\u00e0 a qualsiasi gruppo o associazione appartenenti e tutte le persone sensibili che sentano una chiamata a impegnarsi nella vicinanza e nella solidariet\u00e0 della comunit\u00e0 cristiana ai poveri e a chi si trova in difficolt\u00e0.<\/p>","protected":false},"excerpt":{"rendered":"<p>Torna Caritas in progress, il percorso di formazione per volontari e per quanti desiderano porsi al servizio dei pi\u00f9 deboli dedicando tempo e disponibilit\u00e0 alle iniziative caritative presenti sul territorio. Ci siamo lasciati nel maggio di quest\u2019anno con l\u2019impegno a \u201cCostruire insieme comunit\u00e0 accoglienti\u201d, gettando luce su povert\u00e0 vecchie e nuove e con il desiderio [&hellip;]<\/p>\n","protected":false},"author":2,"featured_media":146224,"comment_status":"closed","ping_status":"open","sticky":false,"template":"","format":"standard","meta":{"footnotes":""},"categories":[8],"tags":[],"class_list":["post-146223","post","type-post","status-publish","format-standard","has-post-thumbnail","category-societa-istituzioni"],"yoast_head":"<!-- This site is optimized with the Yoast SEO plugin v28.4 - https:\/\/yoast.com\/product\/yoast-seo-wordpress\/ -->\n<title>Caritas in progress. sabato 2 dicembre al Centro Papa Luciani di Santa Giustina - Bellunopress - Dolomiti<\/title>\n<meta name=\"robots\" content=\"index, follow, max-snippet:-1, max-image-preview:large, max-video-preview:-1\" \/>\n<link rel=\"canonical\" href=\"https:\/\/www.bellunopress.it\/fr\/2023\/11\/27\/caritas-in-progress-sabato-2-dicembre-al-centro-papa-luciani-di-santa-giustina\/\" \/>\n<meta property=\"og:locale\" content=\"fr_FR\" \/>\n<meta property=\"og:type\" content=\"article\" \/>\n<meta property=\"og:title\" content=\"Caritas in progress. sabato 2 dicembre al Centro Papa Luciani di Santa Giustina - Bellunopress - Dolomiti\" \/>\n<meta property=\"og:description\" content=\"Torna Caritas in progress, il percorso di formazione per volontari e per quanti desiderano porsi al servizio dei pi\u00f9 deboli dedicando tempo e disponibilit\u00e0 alle iniziative caritative presenti sul territorio. Ci siamo lasciati nel maggio di quest\u2019anno con l\u2019impegno a \u201cCostruire insieme comunit\u00e0 accoglienti\u201d, gettando luce su povert\u00e0 vecchie e nuove e con il desiderio [&hellip;]\" \/>\n<meta property=\"og:url\" content=\"https:\/\/www.bellunopress.it\/fr\/2023\/11\/27\/caritas-in-progress-sabato-2-dicembre-al-centro-papa-luciani-di-santa-giustina\/\" \/>\n<meta property=\"og:site_name\" content=\"Bellunopress - Dolomiti\" \/>\n<meta property=\"article:publisher\" content=\"https:\/\/www.facebook.com\/profile.php?id=100008943462799\" \/>\n<meta property=\"article:published_time\" content=\"2023-11-27T08:54:09+00:00\" \/>\n<meta property=\"og:image\" content=\"https:\/\/www.bellunopress.it\/wp-content\/uploads\/2023\/11\/Caritas-italiana_edited.jpg\" \/>\n\t<meta property=\"og:image:width\" content=\"225\" \/>\n\t<meta property=\"og:image:height\" content=\"225\" \/>\n\t<meta property=\"og:image:type\" content=\"image\/jpeg\" \/>\n<meta name=\"author\" content=\"redazione\" \/>\n<meta name=\"twitter:card\" content=\"summary_large_image\" \/>\n<meta name=\"twitter:creator\" content=\"@bellunopress\" \/>\n<meta name=\"twitter:site\" content=\"@bellunopress\" \/>\n<meta name=\"twitter:label1\" content=\"\u00c9crit par\" \/>\n\t<meta name=\"twitter:data1\" content=\"redazione\" \/>\n\t<meta name=\"twitter:label2\" content=\"Dur\u00e9e de lecture estim\u00e9e\" \/>\n\t<meta name=\"twitter:data2\" content=\"2 minutes\" \/>\n<script type=\"application\/ld+json\" class=\"yoast-schema-graph\">{\"@context\":\"https:\\\/\\\/schema.org\",\"@graph\":[{\"@type\":\"Article\",\"@id\":\"https:\\\/\\\/www.bellunopress.it\\\/2023\\\/11\\\/27\\\/caritas-in-progress-sabato-2-dicembre-al-centro-papa-luciani-di-santa-giustina\\\/#article\",\"isPartOf\":{\"@id\":\"https:\\\/\\\/www.bellunopress.it\\\/2023\\\/11\\\/27\\\/caritas-in-progress-sabato-2-dicembre-al-centro-papa-luciani-di-santa-giustina\\\/\"},\"author\":{\"name\":\"redazione\",\"@id\":\"https:\\\/\\\/www.bellunopress.it\\\/#\\\/schema\\\/person\\\/79bb06722b37ece1c03d3e94beb30d73\"},\"headline\":\"Caritas in progress. sabato 2 dicembre al Centro Papa Luciani di Santa Giustina\",\"datePublished\":\"2023-11-27T08:54:09+00:00\",\"mainEntityOfPage\":{\"@id\":\"https:\\\/\\\/www.bellunopress.it\\\/2023\\\/11\\\/27\\\/caritas-in-progress-sabato-2-dicembre-al-centro-papa-luciani-di-santa-giustina\\\/\"},\"wordCount\":401,\"publisher\":{\"@id\":\"https:\\\/\\\/www.bellunopress.it\\\/#organization\"},\"image\":{\"@id\":\"https:\\\/\\\/www.bellunopress.it\\\/2023\\\/11\\\/27\\\/caritas-in-progress-sabato-2-dicembre-al-centro-papa-luciani-di-santa-giustina\\\/#primaryimage\"},\"thumbnailUrl\":\"https:\\\/\\\/www.bellunopress.it\\\/wp-content\\\/uploads\\\/2023\\\/11\\\/Caritas-italiana_edited.jpg\",\"articleSection\":[\"Societ\u00e0, Associazioni, Istituzioni\"],\"inLanguage\":\"fr-FR\"},{\"@type\":\"WebPage\",\"@id\":\"https:\\\/\\\/www.bellunopress.it\\\/2023\\\/11\\\/27\\\/caritas-in-progress-sabato-2-dicembre-al-centro-papa-luciani-di-santa-giustina\\\/\",\"url\":\"https:\\\/\\\/www.bellunopress.it\\\/2023\\\/11\\\/27\\\/caritas-in-progress-sabato-2-dicembre-al-centro-papa-luciani-di-santa-giustina\\\/\",\"name\":\"Caritas in progress. sabato 2 dicembre al Centro Papa Luciani di Santa Giustina - Bellunopress - Dolomiti\",\"isPartOf\":{\"@id\":\"https:\\\/\\\/www.bellunopress.it\\\/#website\"},\"primaryImageOfPage\":{\"@id\":\"https:\\\/\\\/www.bellunopress.it\\\/2023\\\/11\\\/27\\\/caritas-in-progress-sabato-2-dicembre-al-centro-papa-luciani-di-santa-giustina\\\/#primaryimage\"},\"image\":{\"@id\":\"https:\\\/\\\/www.bellunopress.it\\\/2023\\\/11\\\/27\\\/caritas-in-progress-sabato-2-dicembre-al-centro-papa-luciani-di-santa-giustina\\\/#primaryimage\"},\"thumbnailUrl\":\"https:\\\/\\\/www.bellunopress.it\\\/wp-content\\\/uploads\\\/2023\\\/11\\\/Caritas-italiana_edited.jpg\",\"datePublished\":\"2023-11-27T08:54:09+00:00\",\"breadcrumb\":{\"@id\":\"https:\\\/\\\/www.bellunopress.it\\\/2023\\\/11\\\/27\\\/caritas-in-progress-sabato-2-dicembre-al-centro-papa-luciani-di-santa-giustina\\\/#breadcrumb\"},\"inLanguage\":\"fr-FR\",\"potentialAction\":[{\"@type\":\"ReadAction\",\"target\":[\"https:\\\/\\\/www.bellunopress.it\\\/2023\\\/11\\\/27\\\/caritas-in-progress-sabato-2-dicembre-al-centro-papa-luciani-di-santa-giustina\\\/\"]}]},{\"@type\":\"ImageObject\",\"inLanguage\":\"fr-FR\",\"@id\":\"https:\\\/\\\/www.bellunopress.it\\\/2023\\\/11\\\/27\\\/caritas-in-progress-sabato-2-dicembre-al-centro-papa-luciani-di-santa-giustina\\\/#primaryimage\",\"url\":\"https:\\\/\\\/www.bellunopress.it\\\/wp-content\\\/uploads\\\/2023\\\/11\\\/Caritas-italiana_edited.jpg\",\"contentUrl\":\"https:\\\/\\\/www.bellunopress.it\\\/wp-content\\\/uploads\\\/2023\\\/11\\\/Caritas-italiana_edited.jpg\",\"width\":225,\"height\":225},{\"@type\":\"BreadcrumbList\",\"@id\":\"https:\\\/\\\/www.bellunopress.it\\\/2023\\\/11\\\/27\\\/caritas-in-progress-sabato-2-dicembre-al-centro-papa-luciani-di-santa-giustina\\\/#breadcrumb\",\"itemListElement\":[{\"@type\":\"ListItem\",\"position\":1,\"name\":\"Home\",\"item\":\"https:\\\/\\\/www.bellunopress.it\\\/\"},{\"@type\":\"ListItem\",\"position\":2,\"name\":\"Caritas in progress. sabato 2 dicembre al Centro Papa Luciani di Santa Giustina\"}]},{\"@type\":\"WebSite\",\"@id\":\"https:\\\/\\\/www.bellunopress.it\\\/#website\",\"url\":\"https:\\\/\\\/www.bellunopress.it\\\/\",\"name\":\"Bellunopress - Dolomiti\",\"description\":\"e-mail: redazione@bellunopress.it\",\"publisher\":{\"@id\":\"https:\\\/\\\/www.bellunopress.it\\\/#organization\"},\"potentialAction\":[{\"@type\":\"SearchAction\",\"target\":{\"@type\":\"EntryPoint\",\"urlTemplate\":\"https:\\\/\\\/www.bellunopress.it\\\/?s={search_term_string}\"},\"query-input\":{\"@type\":\"PropertyValueSpecification\",\"valueRequired\":true,\"valueName\":\"search_term_string\"}}],\"inLanguage\":\"fr-FR\"},{\"@type\":\"Organization\",\"@id\":\"https:\\\/\\\/www.bellunopress.it\\\/#organization\",\"name\":\"Bellunopress\",\"url\":\"https:\\\/\\\/www.bellunopress.it\\\/\",\"logo\":{\"@type\":\"ImageObject\",\"inLanguage\":\"fr-FR\",\"@id\":\"https:\\\/\\\/www.bellunopress.it\\\/#\\\/schema\\\/logo\\\/image\\\/\",\"url\":\"https:\\\/\\\/www.bellunopress.it\\\/wp-content\\\/uploads\\\/2011\\\/05\\\/cropped-logo-bellunopress-.jpg\",\"contentUrl\":\"https:\\\/\\\/www.bellunopress.it\\\/wp-content\\\/uploads\\\/2011\\\/05\\\/cropped-logo-bellunopress-.jpg\",\"width\":512,\"height\":512,\"caption\":\"Bellunopress\"},\"image\":{\"@id\":\"https:\\\/\\\/www.bellunopress.it\\\/#\\\/schema\\\/logo\\\/image\\\/\"},\"sameAs\":[\"https:\\\/\\\/www.facebook.com\\\/profile.php?id=100008943462799\",\"https:\\\/\\\/x.com\\\/bellunopress\",\"https:\\\/\\\/www.linkedin.com\\\/hp\\\/?dnr=JBzUWaJfMUw8vbXJJ2tVW5-I3jZKvC4wsoxE&amp;amp;amp;amp;amp;amp;trk=nav_responsive_tab_home\",\"https:\\\/\\\/www.youtube.com\\\/channel\\\/UCxL0wu1uN0_3_7hGG0306cw\"]},{\"@type\":\"Person\",\"@id\":\"https:\\\/\\\/www.bellunopress.it\\\/#\\\/schema\\\/person\\\/79bb06722b37ece1c03d3e94beb30d73\",\"name\":\"redazione\",\"image\":{\"@type\":\"ImageObject\",\"inLanguage\":\"fr-FR\",\"@id\":\"https:\\\/\\\/secure.gravatar.com\\\/avatar\\\/37d968a2e67a6fd04c169c4bdef102d0bc5d31b2546345219e348575eb80e9a0?s=96&d=mm&r=g\",\"url\":\"https:\\\/\\\/secure.gravatar.com\\\/avatar\\\/37d968a2e67a6fd04c169c4bdef102d0bc5d31b2546345219e348575eb80e9a0?s=96&d=mm&r=g\",\"contentUrl\":\"https:\\\/\\\/secure.gravatar.com\\\/avatar\\\/37d968a2e67a6fd04c169c4bdef102d0bc5d31b2546345219e348575eb80e9a0?s=96&d=mm&r=g\",\"caption\":\"redazione\"},\"sameAs\":[\"http:\\\/\\\/www.bellunopress.it\",\"https:\\\/\\\/x.com\\\/bellunopress\"],\"url\":\"https:\\\/\\\/www.bellunopress.it\\\/fr\\\/author\\\/redazione\\\/\"}]}<\/script>\n<!-- \/ Yoast SEO plugin. -->","yoast_head_json":{"title":"Caritas in progress. sabato 2 dicembre al Centro Papa Luciani di Santa Giustina - Bellunopress - Dolomiti","robots":{"index":"index","follow":"follow","max-snippet":"max-snippet:-1","max-image-preview":"max-image-preview:large","max-video-preview":"max-video-preview:-1"},"canonical":"https:\/\/www.bellunopress.it\/fr\/2023\/11\/27\/caritas-in-progress-sabato-2-dicembre-al-centro-papa-luciani-di-santa-giustina\/","og_locale":"fr_FR","og_type":"article","og_title":"Caritas in progress. sabato 2 dicembre al Centro Papa Luciani di Santa Giustina - Bellunopress - Dolomiti","og_description":"Torna Caritas in progress, il percorso di formazione per volontari e per quanti desiderano porsi al servizio dei pi\u00f9 deboli dedicando tempo e disponibilit\u00e0 alle iniziative caritative presenti sul territorio. Ci siamo lasciati nel maggio di quest\u2019anno con l\u2019impegno a \u201cCostruire insieme comunit\u00e0 accoglienti\u201d, gettando luce su povert\u00e0 vecchie e nuove e con il desiderio [&hellip;]","og_url":"https:\/\/www.bellunopress.it\/fr\/2023\/11\/27\/caritas-in-progress-sabato-2-dicembre-al-centro-papa-luciani-di-santa-giustina\/","og_site_name":"Bellunopress - Dolomiti","article_publisher":"https:\/\/www.facebook.com\/profile.php?id=100008943462799","article_published_time":"2023-11-27T08:54:09+00:00","og_image":[{"width":225,"height":225,"url":"https:\/\/www.bellunopress.it\/wp-content\/uploads\/2023\/11\/Caritas-italiana_edited.jpg","type":"image\/jpeg"}],"author":"redazione","twitter_card":"summary_large_image","twitter_creator":"@bellunopress","twitter_site":"@bellunopress","twitter_misc":{"\u00c9crit par":"redazione","Dur\u00e9e de lecture estim\u00e9e":"2 minutes"},"schema":{"@context":"https:\/\/schema.org","@graph":[{"@type":"Article","@id":"https:\/\/www.bellunopress.it\/2023\/11\/27\/caritas-in-progress-sabato-2-dicembre-al-centro-papa-luciani-di-santa-giustina\/#article","isPartOf":{"@id":"https:\/\/www.bellunopress.it\/2023\/11\/27\/caritas-in-progress-sabato-2-dicembre-al-centro-papa-luciani-di-santa-giustina\/"},"author":{"name":"redazione","@id":"https:\/\/www.bellunopress.it\/#\/schema\/person\/79bb06722b37ece1c03d3e94beb30d73"},"headline":"Caritas in progress. sabato 2 dicembre al Centro Papa Luciani di Santa Giustina","datePublished":"2023-11-27T08:54:09+00:00","mainEntityOfPage":{"@id":"https:\/\/www.bellunopress.it\/2023\/11\/27\/caritas-in-progress-sabato-2-dicembre-al-centro-papa-luciani-di-santa-giustina\/"},"wordCount":401,"publisher":{"@id":"https:\/\/www.bellunopress.it\/#organization"},"image":{"@id":"https:\/\/www.bellunopress.it\/2023\/11\/27\/caritas-in-progress-sabato-2-dicembre-al-centro-papa-luciani-di-santa-giustina\/#primaryimage"},"thumbnailUrl":"https:\/\/www.bellunopress.it\/wp-content\/uploads\/2023\/11\/Caritas-italiana_edited.jpg","articleSection":["Societ\u00e0, Associazioni, Istituzioni"],"inLanguage":"fr-FR"},{"@type":"WebPage","@id":"https:\/\/www.bellunopress.it\/2023\/11\/27\/caritas-in-progress-sabato-2-dicembre-al-centro-papa-luciani-di-santa-giustina\/","url":"https:\/\/www.bellunopress.it\/2023\/11\/27\/caritas-in-progress-sabato-2-dicembre-al-centro-papa-luciani-di-santa-giustina\/","name":"Caritas in progress. sabato 2 dicembre al Centro Papa Luciani di Santa Giustina - Bellunopress - Dolomiti","isPartOf":{"@id":"https:\/\/www.bellunopress.it\/#website"},"primaryImageOfPage":{"@id":"https:\/\/www.bellunopress.it\/2023\/11\/27\/caritas-in-progress-sabato-2-dicembre-al-centro-papa-luciani-di-santa-giustina\/#primaryimage"},"image":{"@id":"https:\/\/www.bellunopress.it\/2023\/11\/27\/caritas-in-progress-sabato-2-dicembre-al-centro-papa-luciani-di-santa-giustina\/#primaryimage"},"thumbnailUrl":"https:\/\/www.bellunopress.it\/wp-content\/uploads\/2023\/11\/Caritas-italiana_edited.jpg","datePublished":"2023-11-27T08:54:09+00:00","breadcrumb":{"@id":"https:\/\/www.bellunopress.it\/2023\/11\/27\/caritas-in-progress-sabato-2-dicembre-al-centro-papa-luciani-di-santa-giustina\/#breadcrumb"},"inLanguage":"fr-FR","potentialAction":[{"@type":"ReadAction","target":["https:\/\/www.bellunopress.it\/2023\/11\/27\/caritas-in-progress-sabato-2-dicembre-al-centro-papa-luciani-di-santa-giustina\/"]}]},{"@type":"ImageObject","inLanguage":"fr-FR","@id":"https:\/\/www.bellunopress.it\/2023\/11\/27\/caritas-in-progress-sabato-2-dicembre-al-centro-papa-luciani-di-santa-giustina\/#primaryimage","url":"https:\/\/www.bellunopress.it\/wp-content\/uploads\/2023\/11\/Caritas-italiana_edited.jpg","contentUrl":"https:\/\/www.bellunopress.it\/wp-content\/uploads\/2023\/11\/Caritas-italiana_edited.jpg","width":225,"height":225},{"@type":"BreadcrumbList","@id":"https:\/\/www.bellunopress.it\/2023\/11\/27\/caritas-in-progress-sabato-2-dicembre-al-centro-papa-luciani-di-santa-giustina\/#breadcrumb","itemListElement":[{"@type":"ListItem","position":1,"name":"Home","item":"https:\/\/www.bellunopress.it\/"},{"@type":"ListItem","position":2,"name":"Caritas in progress. sabato 2 dicembre al Centro Papa Luciani di Santa Giustina"}]},{"@type":"WebSite","@id":"https:\/\/www.bellunopress.it\/#website","url":"https:\/\/www.bellunopress.it\/","name":"Bellunopress - Dolomiti","description":"e-mail: redazione@bellunopress.it","publisher":{"@id":"https:\/\/www.bellunopress.it\/#organization"},"potentialAction":[{"@type":"SearchAction","target":{"@type":"EntryPoint","urlTemplate":"https:\/\/www.bellunopress.it\/?s={search_term_string}"},"query-input":{"@type":"PropertyValueSpecification","valueRequired":true,"valueName":"search_term_string"}}],"inLanguage":"fr-FR"},{"@type":"Organization","@id":"https:\/\/www.bellunopress.it\/#organization","name":"Bellunopress","url":"https:\/\/www.bellunopress.it\/","logo":{"@type":"ImageObject","inLanguage":"fr-FR","@id":"https:\/\/www.bellunopress.it\/#\/schema\/logo\/image\/","url":"https:\/\/www.bellunopress.it\/wp-content\/uploads\/2011\/05\/cropped-logo-bellunopress-.jpg","contentUrl":"https:\/\/www.bellunopress.it\/wp-content\/uploads\/2011\/05\/cropped-logo-bellunopress-.jpg","width":512,"height":512,"caption":"Bellunopress"},"image":{"@id":"https:\/\/www.bellunopress.it\/#\/schema\/logo\/image\/"},"sameAs":["https:\/\/www.facebook.com\/profile.php?id=100008943462799","https:\/\/x.com\/bellunopress","https:\/\/www.linkedin.com\/hp\/?dnr=JBzUWaJfMUw8vbXJJ2tVW5-I3jZKvC4wsoxE&amp;amp;amp;amp;amp;amp;trk=nav_responsive_tab_home","https:\/\/www.youtube.com\/channel\/UCxL0wu1uN0_3_7hGG0306cw"]},{"@type":"Person","@id":"https:\/\/www.bellunopress.it\/#\/schema\/person\/79bb06722b37ece1c03d3e94beb30d73","name":"r\u00e9daction","image":{"@type":"ImageObject","inLanguage":"fr-FR","@id":"https:\/\/secure.gravatar.com\/avatar\/37d968a2e67a6fd04c169c4bdef102d0bc5d31b2546345219e348575eb80e9a0?s=96&d=mm&r=g","url":"https:\/\/secure.gravatar.com\/avatar\/37d968a2e67a6fd04c169c4bdef102d0bc5d31b2546345219e348575eb80e9a0?s=96&d=mm&r=g","contentUrl":"https:\/\/secure.gravatar.com\/avatar\/37d968a2e67a6fd04c169c4bdef102d0bc5d31b2546345219e348575eb80e9a0?s=96&d=mm&r=g","caption":"redazione"},"sameAs":["http:\/\/www.bellunopress.it","https:\/\/x.com\/bellunopress"],"url":"https:\/\/www.bellunopress.it\/fr\/author\/redazione\/"}]}},"_links":{"self":[{"href":"https:\/\/www.bellunopress.it\/fr\/wp-json\/wp\/v2\/posts\/146223","targetHints":{"allow":["GET"]}}],"collection":[{"href":"https:\/\/www.bellunopress.it\/fr\/wp-json\/wp\/v2\/posts"}],"about":[{"href":"https:\/\/www.bellunopress.it\/fr\/wp-json\/wp\/v2\/types\/post"}],"author":[{"embeddable":true,"href":"https:\/\/www.bellunopress.it\/fr\/wp-json\/wp\/v2\/users\/2"}],"replies":[{"embeddable":true,"href":"https:\/\/www.bellunopress.it\/fr\/wp-json\/wp\/v2\/comments?post=146223"}],"version-history":[{"count":1,"href":"https:\/\/www.bellunopress.it\/fr\/wp-json\/wp\/v2\/posts\/146223\/revisions"}],"predecessor-version":[{"id":146225,"href":"https:\/\/www.bellunopress.it\/fr\/wp-json\/wp\/v2\/posts\/146223\/revisions\/146225"}],"wp:featuredmedia":[{"embeddable":true,"href":"https:\/\/www.bellunopress.it\/fr\/wp-json\/wp\/v2\/media\/146224"}],"wp:attachment":[{"href":"https:\/\/www.bellunopress.it\/fr\/wp-json\/wp\/v2\/media?parent=146223"}],"wp:term":[{"taxonomy":"category","embeddable":true,"href":"https:\/\/www.bellunopress.it\/fr\/wp-json\/wp\/v2\/categories?post=146223"},{"taxonomy":"post_tag","embeddable":true,"href":"https:\/\/www.bellunopress.it\/fr\/wp-json\/wp\/v2\/tags?post=146223"}],"curies":[{"name":"wp","href":"https:\/\/api.w.org\/{rel}","templated":true}]}}