{"id":146217,"date":"2023-11-26T18:08:25","date_gmt":"2023-11-26T17:08:25","guid":{"rendered":"https:\/\/www.bellunopress.it\/?p=146217"},"modified":"2023-11-26T18:08:25","modified_gmt":"2023-11-26T17:08:25","slug":"sospirolo-tra-leggende-e-misteri-ecco-i-premiati","status":"publish","type":"post","link":"https:\/\/www.bellunopress.it\/fr\/2023\/11\/26\/sospirolo-tra-leggende-e-misteri-ecco-i-premiati\/","title":{"rendered":"Sospirolo tra leggende e misteri, ecco i premiati"},"content":{"rendered":"<p><img loading=\"lazy\" decoding=\"async\" class=\"alignleft size-full wp-image-146218\" src=\"https:\/\/www.bellunopress.it\/wp-content\/uploads\/2023\/11\/premiati-Sospirolo-tra-leggende-e-misteri_edited.jpg\" alt=\"\" width=\"1000\" height=\"582\" srcset=\"https:\/\/www.bellunopress.it\/wp-content\/uploads\/2023\/11\/premiati-Sospirolo-tra-leggende-e-misteri_edited.jpg 1000w, https:\/\/www.bellunopress.it\/wp-content\/uploads\/2023\/11\/premiati-Sospirolo-tra-leggende-e-misteri_edited-500x291.jpg 500w, https:\/\/www.bellunopress.it\/wp-content\/uploads\/2023\/11\/premiati-Sospirolo-tra-leggende-e-misteri_edited-696x405.jpg 696w\" sizes=\"auto, (max-width: 1000px) 100vw, 1000px\" \/>Sospirolo, 26 novembre 2023 &#8211; Al Centro civico di Sospirolo si \u00e8 svolta questa mattina alle 10.30 la cerimonia di premiazione del concorso letterario &#8220;Sospirolo tra leggende e misteri&#8221; organizzato dalla Pro loco &#8220;Monti del Sole&#8221; e dal Comune di Sospirolo nell&#8217;ambito dell&#8217;evento di &#8220;Veneto, Spettacoli di mistero&#8221;<\/p>\n<p>La giuria era composta dalla presidente Antonia Arslan, autrice di fama internazionale e cittadina onoraria di Sospirolo, oltre che da Alba Barattin, Rosetta Girotto Cannarella, Gianluca Da Poian e Nicola De Toffol; segretario non votante Federico Brancaleone.<\/p>\n<p>Quest&#8217;anno il concorso era incentrato sul tema del fuoco e, pi\u00f9 in particolare, traeva spunto ancora una volta dalla tradizione sospirolese del &#8220;Brusa la vecia&#8221;, comune a molti territori vicini, ma che a Sospirolo molte associazioni locali puntualmente allestiscono ogni anno a met\u00e0 Quaresima, a partire da inizio anni 80.<\/p>\n<p>I testi ricevuti sono stati 81 in totale per le due sezioni in gara. A trionfare nella categoria giovani due testi ex aequo: &#8220;Due cuori e un fal\u00f2&#8221; di Giacomo Tartini di Castelfranco Veneto di 12 anni &#8211; dove un libro strappato al fuoco diventa simbolo di libert\u00e0 e motivo di ritrovati affetti &#8211; e &#8220;La fenice che si credeva un corvo&#8221; della classe quinta della scuola primaria &#8220;Gregorio XVI&#8221; di Bolzano Bellunese, guidata dall&#8217;insegnante Paola Zambelli: qui si rievoca il mito della fenice, misterioso uccello che rinasce dalle proprie ceneri. Segnalati &#8220;Dialogo sul fuoco&#8221; di Luca Elasdi e &#8220;La luce del mio cammino&#8221; di Ginevra Pomarico , entrambi della 3^A della scuola secondaria di primo grado &#8220;Giorgione&#8221; di Castelfranco Veneto, guidati dall&#8217;insegnante Silvia Lovisetto.<\/p>\n<p>Vince per la sezione adulti &#8220;Un camino sul Carso&#8221; di Paolo Banfi di Bassano del Grappa, che rievoca una drammatica situazione attuale: l&#8217;emigrazione clandestina, ambientandola in un&#8217;osteria di confine sullo sfondo di un Carso desolato, con fuoco acceso, simbolo di accoglienza e calore umano.<\/p>\n<p>Diversi i segnalati: &#8220;Epimeteo&#8221; di Mario Zangrando di Conegliano, &#8220;Vite disancorate&#8221; di Loretta Casagrande di Cison di Valmarino, &#8220;Il fuoco della fratellanza&#8221; di Danila Barel di Cappella Maggiore; segnalazione speciale per &#8220;Il fuoco spento&#8221; di Umberto Gasparoni di Sandrigo, di 92 anni.<\/p>\n<p>A portare in scena i racconti vincitori l&#8217;attrice Cristina Gianni, con accompagnamento musicale di Luciano Tonni. A patrocinare l&#8217;iniziativa c&#8217;erano Regione Veneto, Provincia di Belluno, Unpli Belluno e Veneto, associazione culturale &#8220;Il Veses&#8221;, latteria sociale di Camolino, Unione Montana Valbelluna, Ana Sospirolo.<\/p>","protected":false},"excerpt":{"rendered":"<p>Sospirolo, 26 novembre 2023 &#8211; Al Centro civico di Sospirolo si \u00e8 svolta questa mattina alle 10.30 la cerimonia di premiazione del concorso letterario &#8220;Sospirolo tra leggende e misteri&#8221; organizzato dalla Pro loco &#8220;Monti del Sole&#8221; e dal Comune di Sospirolo nell&#8217;ambito dell&#8217;evento di &#8220;Veneto, Spettacoli di mistero&#8221; La giuria era composta dalla presidente Antonia [&hellip;]<\/p>\n","protected":false},"author":2,"featured_media":146218,"comment_status":"closed","ping_status":"open","sticky":false,"template":"","format":"standard","meta":{"footnotes":""},"categories":[26,8],"tags":[],"class_list":["post-146217","post","type-post","status-publish","format-standard","has-post-thumbnail","category-prima-pagina","category-societa-istituzioni"],"yoast_head":"<!-- This site is optimized with the Yoast SEO plugin v28.4 - https:\/\/yoast.com\/product\/yoast-seo-wordpress\/ -->\n<title>Sospirolo tra leggende e misteri, ecco i premiati - Bellunopress - Dolomiti<\/title>\n<meta name=\"robots\" content=\"index, follow, max-snippet:-1, max-image-preview:large, max-video-preview:-1\" \/>\n<link rel=\"canonical\" href=\"https:\/\/www.bellunopress.it\/fr\/2023\/11\/26\/sospirolo-tra-leggende-e-misteri-ecco-i-premiati\/\" \/>\n<meta property=\"og:locale\" content=\"fr_FR\" \/>\n<meta property=\"og:type\" content=\"article\" \/>\n<meta property=\"og:title\" content=\"Sospirolo tra leggende e misteri, ecco i premiati - Bellunopress - Dolomiti\" \/>\n<meta property=\"og:description\" content=\"Sospirolo, 26 novembre 2023 &#8211; Al Centro civico di Sospirolo si \u00e8 svolta questa mattina alle 10.30 la cerimonia di premiazione del concorso letterario &#8220;Sospirolo tra leggende e misteri&#8221; organizzato dalla Pro loco &#8220;Monti del Sole&#8221; e dal Comune di Sospirolo nell&#8217;ambito dell&#8217;evento di &#8220;Veneto, Spettacoli di mistero&#8221; La giuria era composta dalla presidente Antonia [&hellip;]\" \/>\n<meta property=\"og:url\" content=\"https:\/\/www.bellunopress.it\/fr\/2023\/11\/26\/sospirolo-tra-leggende-e-misteri-ecco-i-premiati\/\" \/>\n<meta property=\"og:site_name\" content=\"Bellunopress - Dolomiti\" \/>\n<meta property=\"article:publisher\" content=\"https:\/\/www.facebook.com\/profile.php?id=100008943462799\" \/>\n<meta property=\"article:published_time\" content=\"2023-11-26T17:08:25+00:00\" \/>\n<meta property=\"og:image\" content=\"https:\/\/www.bellunopress.it\/wp-content\/uploads\/2023\/11\/premiati-Sospirolo-tra-leggende-e-misteri_edited.jpg\" \/>\n\t<meta property=\"og:image:width\" content=\"1000\" \/>\n\t<meta property=\"og:image:height\" content=\"582\" \/>\n\t<meta property=\"og:image:type\" content=\"image\/jpeg\" \/>\n<meta name=\"author\" content=\"redazione\" \/>\n<meta name=\"twitter:card\" content=\"summary_large_image\" \/>\n<meta name=\"twitter:creator\" content=\"@bellunopress\" \/>\n<meta name=\"twitter:site\" content=\"@bellunopress\" \/>\n<meta name=\"twitter:label1\" content=\"\u00c9crit par\" \/>\n\t<meta name=\"twitter:data1\" content=\"redazione\" \/>\n\t<meta name=\"twitter:label2\" content=\"Dur\u00e9e de lecture estim\u00e9e\" \/>\n\t<meta name=\"twitter:data2\" content=\"2 minutes\" \/>\n<script type=\"application\/ld+json\" class=\"yoast-schema-graph\">{\"@context\":\"https:\\\/\\\/schema.org\",\"@graph\":[{\"@type\":\"Article\",\"@id\":\"https:\\\/\\\/www.bellunopress.it\\\/2023\\\/11\\\/26\\\/sospirolo-tra-leggende-e-misteri-ecco-i-premiati\\\/#article\",\"isPartOf\":{\"@id\":\"https:\\\/\\\/www.bellunopress.it\\\/2023\\\/11\\\/26\\\/sospirolo-tra-leggende-e-misteri-ecco-i-premiati\\\/\"},\"author\":{\"name\":\"redazione\",\"@id\":\"https:\\\/\\\/www.bellunopress.it\\\/#\\\/schema\\\/person\\\/79bb06722b37ece1c03d3e94beb30d73\"},\"headline\":\"Sospirolo tra leggende e misteri, ecco i premiati\",\"datePublished\":\"2023-11-26T17:08:25+00:00\",\"mainEntityOfPage\":{\"@id\":\"https:\\\/\\\/www.bellunopress.it\\\/2023\\\/11\\\/26\\\/sospirolo-tra-leggende-e-misteri-ecco-i-premiati\\\/\"},\"wordCount\":397,\"publisher\":{\"@id\":\"https:\\\/\\\/www.bellunopress.it\\\/#organization\"},\"image\":{\"@id\":\"https:\\\/\\\/www.bellunopress.it\\\/2023\\\/11\\\/26\\\/sospirolo-tra-leggende-e-misteri-ecco-i-premiati\\\/#primaryimage\"},\"thumbnailUrl\":\"https:\\\/\\\/www.bellunopress.it\\\/wp-content\\\/uploads\\\/2023\\\/11\\\/premiati-Sospirolo-tra-leggende-e-misteri_edited.jpg\",\"articleSection\":[\"Prima Pagina\",\"Societ\u00e0, Associazioni, Istituzioni\"],\"inLanguage\":\"fr-FR\"},{\"@type\":\"WebPage\",\"@id\":\"https:\\\/\\\/www.bellunopress.it\\\/2023\\\/11\\\/26\\\/sospirolo-tra-leggende-e-misteri-ecco-i-premiati\\\/\",\"url\":\"https:\\\/\\\/www.bellunopress.it\\\/2023\\\/11\\\/26\\\/sospirolo-tra-leggende-e-misteri-ecco-i-premiati\\\/\",\"name\":\"Sospirolo tra leggende e misteri, ecco i premiati - Bellunopress - Dolomiti\",\"isPartOf\":{\"@id\":\"https:\\\/\\\/www.bellunopress.it\\\/#website\"},\"primaryImageOfPage\":{\"@id\":\"https:\\\/\\\/www.bellunopress.it\\\/2023\\\/11\\\/26\\\/sospirolo-tra-leggende-e-misteri-ecco-i-premiati\\\/#primaryimage\"},\"image\":{\"@id\":\"https:\\\/\\\/www.bellunopress.it\\\/2023\\\/11\\\/26\\\/sospirolo-tra-leggende-e-misteri-ecco-i-premiati\\\/#primaryimage\"},\"thumbnailUrl\":\"https:\\\/\\\/www.bellunopress.it\\\/wp-content\\\/uploads\\\/2023\\\/11\\\/premiati-Sospirolo-tra-leggende-e-misteri_edited.jpg\",\"datePublished\":\"2023-11-26T17:08:25+00:00\",\"breadcrumb\":{\"@id\":\"https:\\\/\\\/www.bellunopress.it\\\/2023\\\/11\\\/26\\\/sospirolo-tra-leggende-e-misteri-ecco-i-premiati\\\/#breadcrumb\"},\"inLanguage\":\"fr-FR\",\"potentialAction\":[{\"@type\":\"ReadAction\",\"target\":[\"https:\\\/\\\/www.bellunopress.it\\\/2023\\\/11\\\/26\\\/sospirolo-tra-leggende-e-misteri-ecco-i-premiati\\\/\"]}]},{\"@type\":\"ImageObject\",\"inLanguage\":\"fr-FR\",\"@id\":\"https:\\\/\\\/www.bellunopress.it\\\/2023\\\/11\\\/26\\\/sospirolo-tra-leggende-e-misteri-ecco-i-premiati\\\/#primaryimage\",\"url\":\"https:\\\/\\\/www.bellunopress.it\\\/wp-content\\\/uploads\\\/2023\\\/11\\\/premiati-Sospirolo-tra-leggende-e-misteri_edited.jpg\",\"contentUrl\":\"https:\\\/\\\/www.bellunopress.it\\\/wp-content\\\/uploads\\\/2023\\\/11\\\/premiati-Sospirolo-tra-leggende-e-misteri_edited.jpg\",\"width\":1000,\"height\":582},{\"@type\":\"BreadcrumbList\",\"@id\":\"https:\\\/\\\/www.bellunopress.it\\\/2023\\\/11\\\/26\\\/sospirolo-tra-leggende-e-misteri-ecco-i-premiati\\\/#breadcrumb\",\"itemListElement\":[{\"@type\":\"ListItem\",\"position\":1,\"name\":\"Home\",\"item\":\"https:\\\/\\\/www.bellunopress.it\\\/\"},{\"@type\":\"ListItem\",\"position\":2,\"name\":\"Sospirolo tra leggende e misteri, ecco i premiati\"}]},{\"@type\":\"WebSite\",\"@id\":\"https:\\\/\\\/www.bellunopress.it\\\/#website\",\"url\":\"https:\\\/\\\/www.bellunopress.it\\\/\",\"name\":\"Bellunopress - Dolomiti\",\"description\":\"e-mail: redazione@bellunopress.it\",\"publisher\":{\"@id\":\"https:\\\/\\\/www.bellunopress.it\\\/#organization\"},\"potentialAction\":[{\"@type\":\"SearchAction\",\"target\":{\"@type\":\"EntryPoint\",\"urlTemplate\":\"https:\\\/\\\/www.bellunopress.it\\\/?s={search_term_string}\"},\"query-input\":{\"@type\":\"PropertyValueSpecification\",\"valueRequired\":true,\"valueName\":\"search_term_string\"}}],\"inLanguage\":\"fr-FR\"},{\"@type\":\"Organization\",\"@id\":\"https:\\\/\\\/www.bellunopress.it\\\/#organization\",\"name\":\"Bellunopress\",\"url\":\"https:\\\/\\\/www.bellunopress.it\\\/\",\"logo\":{\"@type\":\"ImageObject\",\"inLanguage\":\"fr-FR\",\"@id\":\"https:\\\/\\\/www.bellunopress.it\\\/#\\\/schema\\\/logo\\\/image\\\/\",\"url\":\"https:\\\/\\\/www.bellunopress.it\\\/wp-content\\\/uploads\\\/2011\\\/05\\\/cropped-logo-bellunopress-.jpg\",\"contentUrl\":\"https:\\\/\\\/www.bellunopress.it\\\/wp-content\\\/uploads\\\/2011\\\/05\\\/cropped-logo-bellunopress-.jpg\",\"width\":512,\"height\":512,\"caption\":\"Bellunopress\"},\"image\":{\"@id\":\"https:\\\/\\\/www.bellunopress.it\\\/#\\\/schema\\\/logo\\\/image\\\/\"},\"sameAs\":[\"https:\\\/\\\/www.facebook.com\\\/profile.php?id=100008943462799\",\"https:\\\/\\\/x.com\\\/bellunopress\",\"https:\\\/\\\/www.linkedin.com\\\/hp\\\/?dnr=JBzUWaJfMUw8vbXJJ2tVW5-I3jZKvC4wsoxE&amp;amp;amp;amp;amp;amp;trk=nav_responsive_tab_home\",\"https:\\\/\\\/www.youtube.com\\\/channel\\\/UCxL0wu1uN0_3_7hGG0306cw\"]},{\"@type\":\"Person\",\"@id\":\"https:\\\/\\\/www.bellunopress.it\\\/#\\\/schema\\\/person\\\/79bb06722b37ece1c03d3e94beb30d73\",\"name\":\"redazione\",\"image\":{\"@type\":\"ImageObject\",\"inLanguage\":\"fr-FR\",\"@id\":\"https:\\\/\\\/secure.gravatar.com\\\/avatar\\\/37d968a2e67a6fd04c169c4bdef102d0bc5d31b2546345219e348575eb80e9a0?s=96&d=mm&r=g\",\"url\":\"https:\\\/\\\/secure.gravatar.com\\\/avatar\\\/37d968a2e67a6fd04c169c4bdef102d0bc5d31b2546345219e348575eb80e9a0?s=96&d=mm&r=g\",\"contentUrl\":\"https:\\\/\\\/secure.gravatar.com\\\/avatar\\\/37d968a2e67a6fd04c169c4bdef102d0bc5d31b2546345219e348575eb80e9a0?s=96&d=mm&r=g\",\"caption\":\"redazione\"},\"sameAs\":[\"http:\\\/\\\/www.bellunopress.it\",\"https:\\\/\\\/x.com\\\/bellunopress\"],\"url\":\"https:\\\/\\\/www.bellunopress.it\\\/fr\\\/author\\\/redazione\\\/\"}]}<\/script>\n<!-- \/ Yoast SEO plugin. -->","yoast_head_json":{"title":"Sospirolo tra leggende e misteri, ecco i premiati - Bellunopress - Dolomiti","robots":{"index":"index","follow":"follow","max-snippet":"max-snippet:-1","max-image-preview":"max-image-preview:large","max-video-preview":"max-video-preview:-1"},"canonical":"https:\/\/www.bellunopress.it\/fr\/2023\/11\/26\/sospirolo-tra-leggende-e-misteri-ecco-i-premiati\/","og_locale":"fr_FR","og_type":"article","og_title":"Sospirolo tra leggende e misteri, ecco i premiati - Bellunopress - Dolomiti","og_description":"Sospirolo, 26 novembre 2023 &#8211; Al Centro civico di Sospirolo si \u00e8 svolta questa mattina alle 10.30 la cerimonia di premiazione del concorso letterario &#8220;Sospirolo tra leggende e misteri&#8221; organizzato dalla Pro loco &#8220;Monti del Sole&#8221; e dal Comune di Sospirolo nell&#8217;ambito dell&#8217;evento di &#8220;Veneto, Spettacoli di mistero&#8221; La giuria era composta dalla presidente Antonia [&hellip;]","og_url":"https:\/\/www.bellunopress.it\/fr\/2023\/11\/26\/sospirolo-tra-leggende-e-misteri-ecco-i-premiati\/","og_site_name":"Bellunopress - Dolomiti","article_publisher":"https:\/\/www.facebook.com\/profile.php?id=100008943462799","article_published_time":"2023-11-26T17:08:25+00:00","og_image":[{"width":1000,"height":582,"url":"https:\/\/www.bellunopress.it\/wp-content\/uploads\/2023\/11\/premiati-Sospirolo-tra-leggende-e-misteri_edited.jpg","type":"image\/jpeg"}],"author":"redazione","twitter_card":"summary_large_image","twitter_creator":"@bellunopress","twitter_site":"@bellunopress","twitter_misc":{"\u00c9crit par":"redazione","Dur\u00e9e de lecture estim\u00e9e":"2 minutes"},"schema":{"@context":"https:\/\/schema.org","@graph":[{"@type":"Article","@id":"https:\/\/www.bellunopress.it\/2023\/11\/26\/sospirolo-tra-leggende-e-misteri-ecco-i-premiati\/#article","isPartOf":{"@id":"https:\/\/www.bellunopress.it\/2023\/11\/26\/sospirolo-tra-leggende-e-misteri-ecco-i-premiati\/"},"author":{"name":"redazione","@id":"https:\/\/www.bellunopress.it\/#\/schema\/person\/79bb06722b37ece1c03d3e94beb30d73"},"headline":"Sospirolo tra leggende e misteri, ecco i premiati","datePublished":"2023-11-26T17:08:25+00:00","mainEntityOfPage":{"@id":"https:\/\/www.bellunopress.it\/2023\/11\/26\/sospirolo-tra-leggende-e-misteri-ecco-i-premiati\/"},"wordCount":397,"publisher":{"@id":"https:\/\/www.bellunopress.it\/#organization"},"image":{"@id":"https:\/\/www.bellunopress.it\/2023\/11\/26\/sospirolo-tra-leggende-e-misteri-ecco-i-premiati\/#primaryimage"},"thumbnailUrl":"https:\/\/www.bellunopress.it\/wp-content\/uploads\/2023\/11\/premiati-Sospirolo-tra-leggende-e-misteri_edited.jpg","articleSection":["Prima Pagina","Societ\u00e0, Associazioni, Istituzioni"],"inLanguage":"fr-FR"},{"@type":"WebPage","@id":"https:\/\/www.bellunopress.it\/2023\/11\/26\/sospirolo-tra-leggende-e-misteri-ecco-i-premiati\/","url":"https:\/\/www.bellunopress.it\/2023\/11\/26\/sospirolo-tra-leggende-e-misteri-ecco-i-premiati\/","name":"Sospirolo tra leggende e misteri, ecco i premiati - Bellunopress - Dolomiti","isPartOf":{"@id":"https:\/\/www.bellunopress.it\/#website"},"primaryImageOfPage":{"@id":"https:\/\/www.bellunopress.it\/2023\/11\/26\/sospirolo-tra-leggende-e-misteri-ecco-i-premiati\/#primaryimage"},"image":{"@id":"https:\/\/www.bellunopress.it\/2023\/11\/26\/sospirolo-tra-leggende-e-misteri-ecco-i-premiati\/#primaryimage"},"thumbnailUrl":"https:\/\/www.bellunopress.it\/wp-content\/uploads\/2023\/11\/premiati-Sospirolo-tra-leggende-e-misteri_edited.jpg","datePublished":"2023-11-26T17:08:25+00:00","breadcrumb":{"@id":"https:\/\/www.bellunopress.it\/2023\/11\/26\/sospirolo-tra-leggende-e-misteri-ecco-i-premiati\/#breadcrumb"},"inLanguage":"fr-FR","potentialAction":[{"@type":"ReadAction","target":["https:\/\/www.bellunopress.it\/2023\/11\/26\/sospirolo-tra-leggende-e-misteri-ecco-i-premiati\/"]}]},{"@type":"ImageObject","inLanguage":"fr-FR","@id":"https:\/\/www.bellunopress.it\/2023\/11\/26\/sospirolo-tra-leggende-e-misteri-ecco-i-premiati\/#primaryimage","url":"https:\/\/www.bellunopress.it\/wp-content\/uploads\/2023\/11\/premiati-Sospirolo-tra-leggende-e-misteri_edited.jpg","contentUrl":"https:\/\/www.bellunopress.it\/wp-content\/uploads\/2023\/11\/premiati-Sospirolo-tra-leggende-e-misteri_edited.jpg","width":1000,"height":582},{"@type":"BreadcrumbList","@id":"https:\/\/www.bellunopress.it\/2023\/11\/26\/sospirolo-tra-leggende-e-misteri-ecco-i-premiati\/#breadcrumb","itemListElement":[{"@type":"ListItem","position":1,"name":"Home","item":"https:\/\/www.bellunopress.it\/"},{"@type":"ListItem","position":2,"name":"Sospirolo tra leggende e misteri, ecco i premiati"}]},{"@type":"WebSite","@id":"https:\/\/www.bellunopress.it\/#website","url":"https:\/\/www.bellunopress.it\/","name":"Bellunopress - Dolomiti","description":"e-mail: redazione@bellunopress.it","publisher":{"@id":"https:\/\/www.bellunopress.it\/#organization"},"potentialAction":[{"@type":"SearchAction","target":{"@type":"EntryPoint","urlTemplate":"https:\/\/www.bellunopress.it\/?s={search_term_string}"},"query-input":{"@type":"PropertyValueSpecification","valueRequired":true,"valueName":"search_term_string"}}],"inLanguage":"fr-FR"},{"@type":"Organization","@id":"https:\/\/www.bellunopress.it\/#organization","name":"Bellunopress","url":"https:\/\/www.bellunopress.it\/","logo":{"@type":"ImageObject","inLanguage":"fr-FR","@id":"https:\/\/www.bellunopress.it\/#\/schema\/logo\/image\/","url":"https:\/\/www.bellunopress.it\/wp-content\/uploads\/2011\/05\/cropped-logo-bellunopress-.jpg","contentUrl":"https:\/\/www.bellunopress.it\/wp-content\/uploads\/2011\/05\/cropped-logo-bellunopress-.jpg","width":512,"height":512,"caption":"Bellunopress"},"image":{"@id":"https:\/\/www.bellunopress.it\/#\/schema\/logo\/image\/"},"sameAs":["https:\/\/www.facebook.com\/profile.php?id=100008943462799","https:\/\/x.com\/bellunopress","https:\/\/www.linkedin.com\/hp\/?dnr=JBzUWaJfMUw8vbXJJ2tVW5-I3jZKvC4wsoxE&amp;amp;amp;amp;amp;amp;trk=nav_responsive_tab_home","https:\/\/www.youtube.com\/channel\/UCxL0wu1uN0_3_7hGG0306cw"]},{"@type":"Person","@id":"https:\/\/www.bellunopress.it\/#\/schema\/person\/79bb06722b37ece1c03d3e94beb30d73","name":"r\u00e9daction","image":{"@type":"ImageObject","inLanguage":"fr-FR","@id":"https:\/\/secure.gravatar.com\/avatar\/37d968a2e67a6fd04c169c4bdef102d0bc5d31b2546345219e348575eb80e9a0?s=96&d=mm&r=g","url":"https:\/\/secure.gravatar.com\/avatar\/37d968a2e67a6fd04c169c4bdef102d0bc5d31b2546345219e348575eb80e9a0?s=96&d=mm&r=g","contentUrl":"https:\/\/secure.gravatar.com\/avatar\/37d968a2e67a6fd04c169c4bdef102d0bc5d31b2546345219e348575eb80e9a0?s=96&d=mm&r=g","caption":"redazione"},"sameAs":["http:\/\/www.bellunopress.it","https:\/\/x.com\/bellunopress"],"url":"https:\/\/www.bellunopress.it\/fr\/author\/redazione\/"}]}},"_links":{"self":[{"href":"https:\/\/www.bellunopress.it\/fr\/wp-json\/wp\/v2\/posts\/146217","targetHints":{"allow":["GET"]}}],"collection":[{"href":"https:\/\/www.bellunopress.it\/fr\/wp-json\/wp\/v2\/posts"}],"about":[{"href":"https:\/\/www.bellunopress.it\/fr\/wp-json\/wp\/v2\/types\/post"}],"author":[{"embeddable":true,"href":"https:\/\/www.bellunopress.it\/fr\/wp-json\/wp\/v2\/users\/2"}],"replies":[{"embeddable":true,"href":"https:\/\/www.bellunopress.it\/fr\/wp-json\/wp\/v2\/comments?post=146217"}],"version-history":[{"count":1,"href":"https:\/\/www.bellunopress.it\/fr\/wp-json\/wp\/v2\/posts\/146217\/revisions"}],"predecessor-version":[{"id":146219,"href":"https:\/\/www.bellunopress.it\/fr\/wp-json\/wp\/v2\/posts\/146217\/revisions\/146219"}],"wp:featuredmedia":[{"embeddable":true,"href":"https:\/\/www.bellunopress.it\/fr\/wp-json\/wp\/v2\/media\/146218"}],"wp:attachment":[{"href":"https:\/\/www.bellunopress.it\/fr\/wp-json\/wp\/v2\/media?parent=146217"}],"wp:term":[{"taxonomy":"category","embeddable":true,"href":"https:\/\/www.bellunopress.it\/fr\/wp-json\/wp\/v2\/categories?post=146217"},{"taxonomy":"post_tag","embeddable":true,"href":"https:\/\/www.bellunopress.it\/fr\/wp-json\/wp\/v2\/tags?post=146217"}],"curies":[{"name":"wp","href":"https:\/\/api.w.org\/{rel}","templated":true}]}}