{"id":146210,"date":"2023-11-26T16:06:34","date_gmt":"2023-11-26T15:06:34","guid":{"rendered":"https:\/\/www.bellunopress.it\/?p=146210"},"modified":"2025-01-19T20:09:03","modified_gmt":"2025-01-19T19:09:03","slug":"gelato-tra-cucina-e-innovazione-inaugurata-a-longarone-fiere-dolomiti-la-63ma-mig-ospite-deccezione-il-pluripremiato-chef-gianfranco-vissani","status":"publish","type":"post","link":"https:\/\/www.bellunopress.it\/fr\/2023\/11\/26\/gelato-tra-cucina-e-innovazione-inaugurata-a-longarone-fiere-dolomiti-la-63ma-mig-ospite-deccezione-il-pluripremiato-chef-gianfranco-vissani\/","title":{"rendered":"Gelato tra cucina e innovazione: inaugurata a Longarone Fiere Dolomiti la 63ma Mig.\u00a0Ospite d\u2019eccezione il pluripremiato chef Gianfranco Vissani"},"content":{"rendered":"<p><img loading=\"lazy\" decoding=\"async\" class=\"alignleft size-full wp-image-146211\" src=\"https:\/\/www.bellunopress.it\/wp-content\/uploads\/2023\/11\/Vissani_edited.jpg\" alt=\"\" width=\"1000\" height=\"667\" srcset=\"https:\/\/www.bellunopress.it\/wp-content\/uploads\/2023\/11\/Vissani_edited.jpg 1000w, https:\/\/www.bellunopress.it\/wp-content\/uploads\/2023\/11\/Vissani_edited-500x334.jpg 500w, https:\/\/www.bellunopress.it\/wp-content\/uploads\/2023\/11\/Vissani_edited-696x464.jpg 696w\" sizes=\"auto, (max-width: 1000px) 100vw, 1000px\" \/>Longarone, 26 novembre 2023 &#8211; Il futuro \u00e8 adesso. Almeno nel mondo del gelato artigianale, che ha radici lontanissime, ma guarda sempre pi\u00f9 all\u2019innovazione, tra cucina, scienza e salute. A Longarone Fiere Dolomiti \u00e8 stata inaugurata oggi la 63ma edizione di Mig, la Mostra internazionale del gelato artigianale, con ospite d&#8217;onore Gianfranco Vissani (nella foto), celebre cuoco, gastronomo, scrittore e personaggio televisivo italiano. Una fiera &#8211; l\u2019ha detto Michele Dal Farra, presidente di Longarone Fiere Dolomiti &#8211;\u00a0 \u00abche vuole mettere al centro l\u2019imprenditore del gelato, con un\u2019attenzione particolare al business di questo settore che da solo vale 2 miliardi di euro a livello nazionale\u00bb. Ma che quest\u2019anno pi\u00f9 che mai guarda oltre. Perch\u00e9 il gelato non \u00e8 pi\u00f9 solo uno snack o il cono da passeggio, ma diventa a pieno titolo piatto da alta cucina, abbinamento perfetto per altre pietanze, e anche scienza e salute.<\/p>\n<p>&nbsp;<\/p>\n<p><strong>GELATO SCIENZA E SALUTE<\/strong><\/p>\n<p>Ad affrontare il tema, nelle quattro giornate di Mig, sar\u00e0 il Cnr, per la prima volta fuori dai laboratori dei ricercatori e tra gli stand di Longarone Fiere Dolomiti. Come mai?<\/p>\n<p>\u00abPerch\u00e9 il gelato \u00e8 portatore di sostanze nutraceutiche. Ha in s\u00e9 la capacit\u00e0 di veicolare molecole importanti per la salute\u00bb ha anticipato Domenico Nuzzo, coordinatore del tavolo strategico nazionale agrifood-Cnr, annunciando uno dei temi al centro del convegno di domani (luned\u00ec 27 novembre). \u00abCon una ricerca recente \u00e8 stato sperimentato il gelato come alimento nelle strutture di cura per persone con Alzheimer e le prime indicazioni dimostrano benefici concreti nella quotidianit\u00e0 e nella qualit\u00e0 di vita di questi pazienti\u00bb.<\/p>\n<p>&nbsp;<\/p>\n<p><strong>IL RUOLO NELLA RISTORAZIONE<\/strong><\/p>\n<p>Il gelato quindi sempre meno \u201ccontorno\u201d o dessert, e sempre pi\u00f9 piatto vero e proprio. Non solo sul fronte della salute, ma anche nei men\u00f9 dell\u2019alta<a href=\"https:\/\/www.bellunotoday.com\/\"> ristorazione<\/a>. Nelle giornate di Mig ne parler\u00e0 Gianfranco Vissani che oggi ha preso parte al taglio del nastro, anche con un messaggio d\u2019amore verso il prodotto gelato, \u00abstrumento di valorizzazione dei sapori locali e del made in Italy\u00bb.<\/p>\n<p>\u00abVa bene l\u2019innovazione, ma in cucina conviene guardare alla tradizione\u00bb ha detto con verve Vissani. \u00abIl gelato \u00e8 nato in Italia, il pi\u00f9 bel Paese al mondo per la qualit\u00e0 dei prodotti che sa proporre a livello gastronomico. \u201cRidatece\u201d l\u2019Italia, gelato in testa\u00bb.<\/p>\n<p>&nbsp;<\/p>\n<p><strong>GRANDI EVENTI<\/strong><\/p>\n<p>Lo stand della Regione del Veneto ha presentato oggi il nuovo gusto \u201cOro delle Dolomiti\u201d, a base di zafferano. Altri gusti, con le Dop e le Igp venete, saranno proposti nei prossimi giorni. Mentre domani (alle 16) saranno presentati i grandi eventi sportivi del 2024, con ospite d\u2019eccezione il ciclista Filippo Zana (vincitore della tappa di Val di Zoldo del Giro d\u2019Italia 2023). Grandi eventi che lanceranno la corsa alle Olimpiadi 2026, per le quali Longarone Fiere Dolomiti si candida a diventare \u00abporta d\u2019ingresso\u00bb. Lo ha spiegato il presidente della Fiera, Michele Dal Farra: \u00abLongarone Fiere \u00e8 motore di sviluppo del territorio. Proprio per Milano-Cortina abbiamo pensato al gelato olimpico: nei prossimi tre anni verr\u00e0 proposto il concorso per individuare il gusto che ci accompagner\u00e0 alle Olimpiadi. E poi vogliamo trasformare la Fiera nello snodo per chi sale a Cortina, pensando di fare un\u2019area hospitality in cui mettere in vetrina il Bellunese e le Dolomiti\u00bb.<\/p>\n<p><strong>IL PREMIO<\/strong><\/p>\n<p>La Mig non \u00e8 solo cucina, innovazione, salute. E neppure un\u2019agor\u00e0 di incontro tra aziende. \u00ab\u00c8 anche storia, fatta di grandi persone che hanno l\u2019arte del gelato nel sangue\u00bb ha detto il sindaco di Longarone Roberto Padrin. E proprio la storia \u00e8 stata premiata, con il riconoscimento alla famiglia Soban, artigiani del gelato da diverse generazioni, a cui \u00e8 andato il 27\u00b0 premio internazionale Mastri Gelatieri.<\/p>\n<p>&nbsp;<\/p>\n<p>&nbsp;<\/p>","protected":false},"excerpt":{"rendered":"<p>Longarone, 26 novembre 2023 &#8211; Il futuro \u00e8 adesso. Almeno nel mondo del gelato artigianale, che ha radici lontanissime, ma guarda sempre pi\u00f9 all\u2019innovazione, tra cucina, scienza e salute. A Longarone Fiere Dolomiti \u00e8 stata inaugurata oggi la 63ma edizione di Mig, la Mostra internazionale del gelato artigianale, con ospite d&#8217;onore Gianfranco Vissani (nella foto), [&hellip;]<\/p>\n","protected":false},"author":2,"featured_media":146211,"comment_status":"closed","ping_status":"open","sticky":false,"template":"","format":"standard","meta":{"footnotes":""},"categories":[3393,3446,36,26],"tags":[],"class_list":["post-146210","post","type-post","status-publish","format-standard","has-post-thumbnail","category-eventi-enogastronomici","category-featured","category-lavoro-economia","category-prima-pagina"],"yoast_head":"<!-- This site is optimized with the Yoast SEO plugin v28.4 - https:\/\/yoast.com\/product\/yoast-seo-wordpress\/ -->\n<title>Gelato tra cucina e innovazione: inaugurata a Longarone Fiere Dolomiti la 63ma Mig.\u00a0Ospite d\u2019eccezione il pluripremiato chef Gianfranco Vissani - Bellunopress - Dolomiti<\/title>\n<meta name=\"robots\" content=\"index, follow, max-snippet:-1, max-image-preview:large, max-video-preview:-1\" \/>\n<link rel=\"canonical\" href=\"https:\/\/www.bellunopress.it\/fr\/2023\/11\/26\/gelato-tra-cucina-e-innovazione-inaugurata-a-longarone-fiere-dolomiti-la-63ma-mig-ospite-deccezione-il-pluripremiato-chef-gianfranco-vissani\/\" \/>\n<meta property=\"og:locale\" content=\"fr_FR\" \/>\n<meta property=\"og:type\" content=\"article\" \/>\n<meta property=\"og:title\" content=\"Gelato tra cucina e innovazione: inaugurata a Longarone Fiere Dolomiti la 63ma Mig.\u00a0Ospite d\u2019eccezione il pluripremiato chef Gianfranco Vissani - Bellunopress - Dolomiti\" \/>\n<meta property=\"og:description\" content=\"Longarone, 26 novembre 2023 &#8211; Il futuro \u00e8 adesso. Almeno nel mondo del gelato artigianale, che ha radici lontanissime, ma guarda sempre pi\u00f9 all\u2019innovazione, tra cucina, scienza e salute. A Longarone Fiere Dolomiti \u00e8 stata inaugurata oggi la 63ma edizione di Mig, la Mostra internazionale del gelato artigianale, con ospite d&#8217;onore Gianfranco Vissani (nella foto), [&hellip;]\" \/>\n<meta property=\"og:url\" content=\"https:\/\/www.bellunopress.it\/fr\/2023\/11\/26\/gelato-tra-cucina-e-innovazione-inaugurata-a-longarone-fiere-dolomiti-la-63ma-mig-ospite-deccezione-il-pluripremiato-chef-gianfranco-vissani\/\" \/>\n<meta property=\"og:site_name\" content=\"Bellunopress - Dolomiti\" \/>\n<meta property=\"article:publisher\" content=\"https:\/\/www.facebook.com\/profile.php?id=100008943462799\" \/>\n<meta property=\"article:published_time\" content=\"2023-11-26T15:06:34+00:00\" \/>\n<meta property=\"article:modified_time\" content=\"2025-01-19T19:09:03+00:00\" \/>\n<meta property=\"og:image\" content=\"https:\/\/www.bellunopress.it\/wp-content\/uploads\/2023\/11\/Vissani_edited.jpg\" \/>\n\t<meta property=\"og:image:width\" content=\"1000\" \/>\n\t<meta property=\"og:image:height\" content=\"667\" \/>\n\t<meta property=\"og:image:type\" content=\"image\/jpeg\" \/>\n<meta name=\"author\" content=\"redazione\" \/>\n<meta name=\"twitter:card\" content=\"summary_large_image\" \/>\n<meta name=\"twitter:creator\" content=\"@bellunopress\" \/>\n<meta name=\"twitter:site\" content=\"@bellunopress\" \/>\n<meta name=\"twitter:label1\" content=\"\u00c9crit par\" \/>\n\t<meta name=\"twitter:data1\" content=\"redazione\" \/>\n\t<meta name=\"twitter:label2\" content=\"Dur\u00e9e de lecture estim\u00e9e\" \/>\n\t<meta name=\"twitter:data2\" content=\"3 minutes\" \/>\n<script type=\"application\/ld+json\" class=\"yoast-schema-graph\">{\"@context\":\"https:\\\/\\\/schema.org\",\"@graph\":[{\"@type\":\"Article\",\"@id\":\"https:\\\/\\\/www.bellunopress.it\\\/2023\\\/11\\\/26\\\/gelato-tra-cucina-e-innovazione-inaugurata-a-longarone-fiere-dolomiti-la-63ma-mig-ospite-deccezione-il-pluripremiato-chef-gianfranco-vissani\\\/#article\",\"isPartOf\":{\"@id\":\"https:\\\/\\\/www.bellunopress.it\\\/2023\\\/11\\\/26\\\/gelato-tra-cucina-e-innovazione-inaugurata-a-longarone-fiere-dolomiti-la-63ma-mig-ospite-deccezione-il-pluripremiato-chef-gianfranco-vissani\\\/\"},\"author\":{\"name\":\"redazione\",\"@id\":\"https:\\\/\\\/www.bellunopress.it\\\/#\\\/schema\\\/person\\\/79bb06722b37ece1c03d3e94beb30d73\"},\"headline\":\"Gelato tra cucina e innovazione: inaugurata a Longarone Fiere Dolomiti la 63ma Mig.\u00a0Ospite d\u2019eccezione il pluripremiato chef Gianfranco Vissani\",\"datePublished\":\"2023-11-26T15:06:34+00:00\",\"dateModified\":\"2025-01-19T19:09:03+00:00\",\"mainEntityOfPage\":{\"@id\":\"https:\\\/\\\/www.bellunopress.it\\\/2023\\\/11\\\/26\\\/gelato-tra-cucina-e-innovazione-inaugurata-a-longarone-fiere-dolomiti-la-63ma-mig-ospite-deccezione-il-pluripremiato-chef-gianfranco-vissani\\\/\"},\"wordCount\":617,\"publisher\":{\"@id\":\"https:\\\/\\\/www.bellunopress.it\\\/#organization\"},\"image\":{\"@id\":\"https:\\\/\\\/www.bellunopress.it\\\/2023\\\/11\\\/26\\\/gelato-tra-cucina-e-innovazione-inaugurata-a-longarone-fiere-dolomiti-la-63ma-mig-ospite-deccezione-il-pluripremiato-chef-gianfranco-vissani\\\/#primaryimage\"},\"thumbnailUrl\":\"https:\\\/\\\/www.bellunopress.it\\\/wp-content\\\/uploads\\\/2023\\\/11\\\/Vissani_edited.jpg\",\"articleSection\":[\"Eventi enogastronomici\",\"Featured\",\"Lavoro, Economia, Turismo\",\"Prima Pagina\"],\"inLanguage\":\"fr-FR\"},{\"@type\":\"WebPage\",\"@id\":\"https:\\\/\\\/www.bellunopress.it\\\/2023\\\/11\\\/26\\\/gelato-tra-cucina-e-innovazione-inaugurata-a-longarone-fiere-dolomiti-la-63ma-mig-ospite-deccezione-il-pluripremiato-chef-gianfranco-vissani\\\/\",\"url\":\"https:\\\/\\\/www.bellunopress.it\\\/2023\\\/11\\\/26\\\/gelato-tra-cucina-e-innovazione-inaugurata-a-longarone-fiere-dolomiti-la-63ma-mig-ospite-deccezione-il-pluripremiato-chef-gianfranco-vissani\\\/\",\"name\":\"Gelato tra cucina e innovazione: inaugurata a Longarone Fiere Dolomiti la 63ma Mig.\u00a0Ospite d\u2019eccezione il pluripremiato chef Gianfranco Vissani - Bellunopress - Dolomiti\",\"isPartOf\":{\"@id\":\"https:\\\/\\\/www.bellunopress.it\\\/#website\"},\"primaryImageOfPage\":{\"@id\":\"https:\\\/\\\/www.bellunopress.it\\\/2023\\\/11\\\/26\\\/gelato-tra-cucina-e-innovazione-inaugurata-a-longarone-fiere-dolomiti-la-63ma-mig-ospite-deccezione-il-pluripremiato-chef-gianfranco-vissani\\\/#primaryimage\"},\"image\":{\"@id\":\"https:\\\/\\\/www.bellunopress.it\\\/2023\\\/11\\\/26\\\/gelato-tra-cucina-e-innovazione-inaugurata-a-longarone-fiere-dolomiti-la-63ma-mig-ospite-deccezione-il-pluripremiato-chef-gianfranco-vissani\\\/#primaryimage\"},\"thumbnailUrl\":\"https:\\\/\\\/www.bellunopress.it\\\/wp-content\\\/uploads\\\/2023\\\/11\\\/Vissani_edited.jpg\",\"datePublished\":\"2023-11-26T15:06:34+00:00\",\"dateModified\":\"2025-01-19T19:09:03+00:00\",\"breadcrumb\":{\"@id\":\"https:\\\/\\\/www.bellunopress.it\\\/2023\\\/11\\\/26\\\/gelato-tra-cucina-e-innovazione-inaugurata-a-longarone-fiere-dolomiti-la-63ma-mig-ospite-deccezione-il-pluripremiato-chef-gianfranco-vissani\\\/#breadcrumb\"},\"inLanguage\":\"fr-FR\",\"potentialAction\":[{\"@type\":\"ReadAction\",\"target\":[\"https:\\\/\\\/www.bellunopress.it\\\/2023\\\/11\\\/26\\\/gelato-tra-cucina-e-innovazione-inaugurata-a-longarone-fiere-dolomiti-la-63ma-mig-ospite-deccezione-il-pluripremiato-chef-gianfranco-vissani\\\/\"]}]},{\"@type\":\"ImageObject\",\"inLanguage\":\"fr-FR\",\"@id\":\"https:\\\/\\\/www.bellunopress.it\\\/2023\\\/11\\\/26\\\/gelato-tra-cucina-e-innovazione-inaugurata-a-longarone-fiere-dolomiti-la-63ma-mig-ospite-deccezione-il-pluripremiato-chef-gianfranco-vissani\\\/#primaryimage\",\"url\":\"https:\\\/\\\/www.bellunopress.it\\\/wp-content\\\/uploads\\\/2023\\\/11\\\/Vissani_edited.jpg\",\"contentUrl\":\"https:\\\/\\\/www.bellunopress.it\\\/wp-content\\\/uploads\\\/2023\\\/11\\\/Vissani_edited.jpg\",\"width\":1000,\"height\":667},{\"@type\":\"BreadcrumbList\",\"@id\":\"https:\\\/\\\/www.bellunopress.it\\\/2023\\\/11\\\/26\\\/gelato-tra-cucina-e-innovazione-inaugurata-a-longarone-fiere-dolomiti-la-63ma-mig-ospite-deccezione-il-pluripremiato-chef-gianfranco-vissani\\\/#breadcrumb\",\"itemListElement\":[{\"@type\":\"ListItem\",\"position\":1,\"name\":\"Home\",\"item\":\"https:\\\/\\\/www.bellunopress.it\\\/\"},{\"@type\":\"ListItem\",\"position\":2,\"name\":\"Gelato tra cucina e innovazione: inaugurata a Longarone Fiere Dolomiti la 63ma Mig.\u00a0Ospite d\u2019eccezione il pluripremiato chef Gianfranco Vissani\"}]},{\"@type\":\"WebSite\",\"@id\":\"https:\\\/\\\/www.bellunopress.it\\\/#website\",\"url\":\"https:\\\/\\\/www.bellunopress.it\\\/\",\"name\":\"Bellunopress - Dolomiti\",\"description\":\"e-mail: redazione@bellunopress.it\",\"publisher\":{\"@id\":\"https:\\\/\\\/www.bellunopress.it\\\/#organization\"},\"potentialAction\":[{\"@type\":\"SearchAction\",\"target\":{\"@type\":\"EntryPoint\",\"urlTemplate\":\"https:\\\/\\\/www.bellunopress.it\\\/?s={search_term_string}\"},\"query-input\":{\"@type\":\"PropertyValueSpecification\",\"valueRequired\":true,\"valueName\":\"search_term_string\"}}],\"inLanguage\":\"fr-FR\"},{\"@type\":\"Organization\",\"@id\":\"https:\\\/\\\/www.bellunopress.it\\\/#organization\",\"name\":\"Bellunopress\",\"url\":\"https:\\\/\\\/www.bellunopress.it\\\/\",\"logo\":{\"@type\":\"ImageObject\",\"inLanguage\":\"fr-FR\",\"@id\":\"https:\\\/\\\/www.bellunopress.it\\\/#\\\/schema\\\/logo\\\/image\\\/\",\"url\":\"https:\\\/\\\/www.bellunopress.it\\\/wp-content\\\/uploads\\\/2011\\\/05\\\/cropped-logo-bellunopress-.jpg\",\"contentUrl\":\"https:\\\/\\\/www.bellunopress.it\\\/wp-content\\\/uploads\\\/2011\\\/05\\\/cropped-logo-bellunopress-.jpg\",\"width\":512,\"height\":512,\"caption\":\"Bellunopress\"},\"image\":{\"@id\":\"https:\\\/\\\/www.bellunopress.it\\\/#\\\/schema\\\/logo\\\/image\\\/\"},\"sameAs\":[\"https:\\\/\\\/www.facebook.com\\\/profile.php?id=100008943462799\",\"https:\\\/\\\/x.com\\\/bellunopress\",\"https:\\\/\\\/www.linkedin.com\\\/hp\\\/?dnr=JBzUWaJfMUw8vbXJJ2tVW5-I3jZKvC4wsoxE&amp;amp;amp;amp;amp;amp;trk=nav_responsive_tab_home\",\"https:\\\/\\\/www.youtube.com\\\/channel\\\/UCxL0wu1uN0_3_7hGG0306cw\"]},{\"@type\":\"Person\",\"@id\":\"https:\\\/\\\/www.bellunopress.it\\\/#\\\/schema\\\/person\\\/79bb06722b37ece1c03d3e94beb30d73\",\"name\":\"redazione\",\"image\":{\"@type\":\"ImageObject\",\"inLanguage\":\"fr-FR\",\"@id\":\"https:\\\/\\\/secure.gravatar.com\\\/avatar\\\/37d968a2e67a6fd04c169c4bdef102d0bc5d31b2546345219e348575eb80e9a0?s=96&d=mm&r=g\",\"url\":\"https:\\\/\\\/secure.gravatar.com\\\/avatar\\\/37d968a2e67a6fd04c169c4bdef102d0bc5d31b2546345219e348575eb80e9a0?s=96&d=mm&r=g\",\"contentUrl\":\"https:\\\/\\\/secure.gravatar.com\\\/avatar\\\/37d968a2e67a6fd04c169c4bdef102d0bc5d31b2546345219e348575eb80e9a0?s=96&d=mm&r=g\",\"caption\":\"redazione\"},\"sameAs\":[\"http:\\\/\\\/www.bellunopress.it\",\"https:\\\/\\\/x.com\\\/bellunopress\"],\"url\":\"https:\\\/\\\/www.bellunopress.it\\\/fr\\\/author\\\/redazione\\\/\"}]}<\/script>\n<!-- \/ Yoast SEO plugin. -->","yoast_head_json":{"title":"Gelato tra cucina e innovazione: inaugurata a Longarone Fiere Dolomiti la 63ma Mig.\u00a0Ospite d\u2019eccezione il pluripremiato chef Gianfranco Vissani - Bellunopress - Dolomiti","robots":{"index":"index","follow":"follow","max-snippet":"max-snippet:-1","max-image-preview":"max-image-preview:large","max-video-preview":"max-video-preview:-1"},"canonical":"https:\/\/www.bellunopress.it\/fr\/2023\/11\/26\/gelato-tra-cucina-e-innovazione-inaugurata-a-longarone-fiere-dolomiti-la-63ma-mig-ospite-deccezione-il-pluripremiato-chef-gianfranco-vissani\/","og_locale":"fr_FR","og_type":"article","og_title":"Gelato tra cucina e innovazione: inaugurata a Longarone Fiere Dolomiti la 63ma Mig.\u00a0Ospite d\u2019eccezione il pluripremiato chef Gianfranco Vissani - Bellunopress - Dolomiti","og_description":"Longarone, 26 novembre 2023 &#8211; Il futuro \u00e8 adesso. Almeno nel mondo del gelato artigianale, che ha radici lontanissime, ma guarda sempre pi\u00f9 all\u2019innovazione, tra cucina, scienza e salute. A Longarone Fiere Dolomiti \u00e8 stata inaugurata oggi la 63ma edizione di Mig, la Mostra internazionale del gelato artigianale, con ospite d&#8217;onore Gianfranco Vissani (nella foto), [&hellip;]","og_url":"https:\/\/www.bellunopress.it\/fr\/2023\/11\/26\/gelato-tra-cucina-e-innovazione-inaugurata-a-longarone-fiere-dolomiti-la-63ma-mig-ospite-deccezione-il-pluripremiato-chef-gianfranco-vissani\/","og_site_name":"Bellunopress - Dolomiti","article_publisher":"https:\/\/www.facebook.com\/profile.php?id=100008943462799","article_published_time":"2023-11-26T15:06:34+00:00","article_modified_time":"2025-01-19T19:09:03+00:00","og_image":[{"width":1000,"height":667,"url":"https:\/\/www.bellunopress.it\/wp-content\/uploads\/2023\/11\/Vissani_edited.jpg","type":"image\/jpeg"}],"author":"redazione","twitter_card":"summary_large_image","twitter_creator":"@bellunopress","twitter_site":"@bellunopress","twitter_misc":{"\u00c9crit par":"redazione","Dur\u00e9e de lecture estim\u00e9e":"3 minutes"},"schema":{"@context":"https:\/\/schema.org","@graph":[{"@type":"Article","@id":"https:\/\/www.bellunopress.it\/2023\/11\/26\/gelato-tra-cucina-e-innovazione-inaugurata-a-longarone-fiere-dolomiti-la-63ma-mig-ospite-deccezione-il-pluripremiato-chef-gianfranco-vissani\/#article","isPartOf":{"@id":"https:\/\/www.bellunopress.it\/2023\/11\/26\/gelato-tra-cucina-e-innovazione-inaugurata-a-longarone-fiere-dolomiti-la-63ma-mig-ospite-deccezione-il-pluripremiato-chef-gianfranco-vissani\/"},"author":{"name":"redazione","@id":"https:\/\/www.bellunopress.it\/#\/schema\/person\/79bb06722b37ece1c03d3e94beb30d73"},"headline":"Gelato tra cucina e innovazione: inaugurata a Longarone Fiere Dolomiti la 63ma Mig.\u00a0Ospite d\u2019eccezione il pluripremiato chef Gianfranco Vissani","datePublished":"2023-11-26T15:06:34+00:00","dateModified":"2025-01-19T19:09:03+00:00","mainEntityOfPage":{"@id":"https:\/\/www.bellunopress.it\/2023\/11\/26\/gelato-tra-cucina-e-innovazione-inaugurata-a-longarone-fiere-dolomiti-la-63ma-mig-ospite-deccezione-il-pluripremiato-chef-gianfranco-vissani\/"},"wordCount":617,"publisher":{"@id":"https:\/\/www.bellunopress.it\/#organization"},"image":{"@id":"https:\/\/www.bellunopress.it\/2023\/11\/26\/gelato-tra-cucina-e-innovazione-inaugurata-a-longarone-fiere-dolomiti-la-63ma-mig-ospite-deccezione-il-pluripremiato-chef-gianfranco-vissani\/#primaryimage"},"thumbnailUrl":"https:\/\/www.bellunopress.it\/wp-content\/uploads\/2023\/11\/Vissani_edited.jpg","articleSection":["Eventi enogastronomici","Featured","Lavoro, Economia, Turismo","Prima Pagina"],"inLanguage":"fr-FR"},{"@type":"WebPage","@id":"https:\/\/www.bellunopress.it\/2023\/11\/26\/gelato-tra-cucina-e-innovazione-inaugurata-a-longarone-fiere-dolomiti-la-63ma-mig-ospite-deccezione-il-pluripremiato-chef-gianfranco-vissani\/","url":"https:\/\/www.bellunopress.it\/2023\/11\/26\/gelato-tra-cucina-e-innovazione-inaugurata-a-longarone-fiere-dolomiti-la-63ma-mig-ospite-deccezione-il-pluripremiato-chef-gianfranco-vissani\/","name":"Gelato tra cucina e innovazione: inaugurata a Longarone Fiere Dolomiti la 63ma Mig.\u00a0Ospite d\u2019eccezione il pluripremiato chef Gianfranco Vissani - Bellunopress - Dolomiti","isPartOf":{"@id":"https:\/\/www.bellunopress.it\/#website"},"primaryImageOfPage":{"@id":"https:\/\/www.bellunopress.it\/2023\/11\/26\/gelato-tra-cucina-e-innovazione-inaugurata-a-longarone-fiere-dolomiti-la-63ma-mig-ospite-deccezione-il-pluripremiato-chef-gianfranco-vissani\/#primaryimage"},"image":{"@id":"https:\/\/www.bellunopress.it\/2023\/11\/26\/gelato-tra-cucina-e-innovazione-inaugurata-a-longarone-fiere-dolomiti-la-63ma-mig-ospite-deccezione-il-pluripremiato-chef-gianfranco-vissani\/#primaryimage"},"thumbnailUrl":"https:\/\/www.bellunopress.it\/wp-content\/uploads\/2023\/11\/Vissani_edited.jpg","datePublished":"2023-11-26T15:06:34+00:00","dateModified":"2025-01-19T19:09:03+00:00","breadcrumb":{"@id":"https:\/\/www.bellunopress.it\/2023\/11\/26\/gelato-tra-cucina-e-innovazione-inaugurata-a-longarone-fiere-dolomiti-la-63ma-mig-ospite-deccezione-il-pluripremiato-chef-gianfranco-vissani\/#breadcrumb"},"inLanguage":"fr-FR","potentialAction":[{"@type":"ReadAction","target":["https:\/\/www.bellunopress.it\/2023\/11\/26\/gelato-tra-cucina-e-innovazione-inaugurata-a-longarone-fiere-dolomiti-la-63ma-mig-ospite-deccezione-il-pluripremiato-chef-gianfranco-vissani\/"]}]},{"@type":"ImageObject","inLanguage":"fr-FR","@id":"https:\/\/www.bellunopress.it\/2023\/11\/26\/gelato-tra-cucina-e-innovazione-inaugurata-a-longarone-fiere-dolomiti-la-63ma-mig-ospite-deccezione-il-pluripremiato-chef-gianfranco-vissani\/#primaryimage","url":"https:\/\/www.bellunopress.it\/wp-content\/uploads\/2023\/11\/Vissani_edited.jpg","contentUrl":"https:\/\/www.bellunopress.it\/wp-content\/uploads\/2023\/11\/Vissani_edited.jpg","width":1000,"height":667},{"@type":"BreadcrumbList","@id":"https:\/\/www.bellunopress.it\/2023\/11\/26\/gelato-tra-cucina-e-innovazione-inaugurata-a-longarone-fiere-dolomiti-la-63ma-mig-ospite-deccezione-il-pluripremiato-chef-gianfranco-vissani\/#breadcrumb","itemListElement":[{"@type":"ListItem","position":1,"name":"Home","item":"https:\/\/www.bellunopress.it\/"},{"@type":"ListItem","position":2,"name":"Gelato tra cucina e innovazione: inaugurata a Longarone Fiere Dolomiti la 63ma Mig.\u00a0Ospite d\u2019eccezione il pluripremiato chef Gianfranco Vissani"}]},{"@type":"WebSite","@id":"https:\/\/www.bellunopress.it\/#website","url":"https:\/\/www.bellunopress.it\/","name":"Bellunopress - Dolomiti","description":"e-mail: redazione@bellunopress.it","publisher":{"@id":"https:\/\/www.bellunopress.it\/#organization"},"potentialAction":[{"@type":"SearchAction","target":{"@type":"EntryPoint","urlTemplate":"https:\/\/www.bellunopress.it\/?s={search_term_string}"},"query-input":{"@type":"PropertyValueSpecification","valueRequired":true,"valueName":"search_term_string"}}],"inLanguage":"fr-FR"},{"@type":"Organization","@id":"https:\/\/www.bellunopress.it\/#organization","name":"Bellunopress","url":"https:\/\/www.bellunopress.it\/","logo":{"@type":"ImageObject","inLanguage":"fr-FR","@id":"https:\/\/www.bellunopress.it\/#\/schema\/logo\/image\/","url":"https:\/\/www.bellunopress.it\/wp-content\/uploads\/2011\/05\/cropped-logo-bellunopress-.jpg","contentUrl":"https:\/\/www.bellunopress.it\/wp-content\/uploads\/2011\/05\/cropped-logo-bellunopress-.jpg","width":512,"height":512,"caption":"Bellunopress"},"image":{"@id":"https:\/\/www.bellunopress.it\/#\/schema\/logo\/image\/"},"sameAs":["https:\/\/www.facebook.com\/profile.php?id=100008943462799","https:\/\/x.com\/bellunopress","https:\/\/www.linkedin.com\/hp\/?dnr=JBzUWaJfMUw8vbXJJ2tVW5-I3jZKvC4wsoxE&amp;amp;amp;amp;amp;amp;trk=nav_responsive_tab_home","https:\/\/www.youtube.com\/channel\/UCxL0wu1uN0_3_7hGG0306cw"]},{"@type":"Person","@id":"https:\/\/www.bellunopress.it\/#\/schema\/person\/79bb06722b37ece1c03d3e94beb30d73","name":"r\u00e9daction","image":{"@type":"ImageObject","inLanguage":"fr-FR","@id":"https:\/\/secure.gravatar.com\/avatar\/37d968a2e67a6fd04c169c4bdef102d0bc5d31b2546345219e348575eb80e9a0?s=96&d=mm&r=g","url":"https:\/\/secure.gravatar.com\/avatar\/37d968a2e67a6fd04c169c4bdef102d0bc5d31b2546345219e348575eb80e9a0?s=96&d=mm&r=g","contentUrl":"https:\/\/secure.gravatar.com\/avatar\/37d968a2e67a6fd04c169c4bdef102d0bc5d31b2546345219e348575eb80e9a0?s=96&d=mm&r=g","caption":"redazione"},"sameAs":["http:\/\/www.bellunopress.it","https:\/\/x.com\/bellunopress"],"url":"https:\/\/www.bellunopress.it\/fr\/author\/redazione\/"}]}},"_links":{"self":[{"href":"https:\/\/www.bellunopress.it\/fr\/wp-json\/wp\/v2\/posts\/146210","targetHints":{"allow":["GET"]}}],"collection":[{"href":"https:\/\/www.bellunopress.it\/fr\/wp-json\/wp\/v2\/posts"}],"about":[{"href":"https:\/\/www.bellunopress.it\/fr\/wp-json\/wp\/v2\/types\/post"}],"author":[{"embeddable":true,"href":"https:\/\/www.bellunopress.it\/fr\/wp-json\/wp\/v2\/users\/2"}],"replies":[{"embeddable":true,"href":"https:\/\/www.bellunopress.it\/fr\/wp-json\/wp\/v2\/comments?post=146210"}],"version-history":[{"count":5,"href":"https:\/\/www.bellunopress.it\/fr\/wp-json\/wp\/v2\/posts\/146210\/revisions"}],"predecessor-version":[{"id":157262,"href":"https:\/\/www.bellunopress.it\/fr\/wp-json\/wp\/v2\/posts\/146210\/revisions\/157262"}],"wp:featuredmedia":[{"embeddable":true,"href":"https:\/\/www.bellunopress.it\/fr\/wp-json\/wp\/v2\/media\/146211"}],"wp:attachment":[{"href":"https:\/\/www.bellunopress.it\/fr\/wp-json\/wp\/v2\/media?parent=146210"}],"wp:term":[{"taxonomy":"category","embeddable":true,"href":"https:\/\/www.bellunopress.it\/fr\/wp-json\/wp\/v2\/categories?post=146210"},{"taxonomy":"post_tag","embeddable":true,"href":"https:\/\/www.bellunopress.it\/fr\/wp-json\/wp\/v2\/tags?post=146210"}],"curies":[{"name":"wp","href":"https:\/\/api.w.org\/{rel}","templated":true}]}}