{"id":146204,"date":"2023-11-26T08:44:18","date_gmt":"2023-11-26T07:44:18","guid":{"rendered":"https:\/\/www.bellunopress.it\/?p=146204"},"modified":"2023-11-26T08:44:18","modified_gmt":"2023-11-26T07:44:18","slug":"chiude-con-successo-la-rassegna-belluno-citta-del-legno-del-consorzio-belluno-centro-storico","status":"publish","type":"post","link":"https:\/\/www.bellunopress.it\/fr\/2023\/11\/26\/chiude-con-successo-la-rassegna-belluno-citta-del-legno-del-consorzio-belluno-centro-storico\/","title":{"rendered":"Chiude con successo la rassegna Belluno Citt\u00e0 del legno del Consorzio Belluno Centro Storico"},"content":{"rendered":"<figure id=\"attachment_146205\" aria-describedby=\"caption-attachment-146205\" style=\"width: 1000px\" class=\"wp-caption alignleft\"><img loading=\"lazy\" decoding=\"async\" class=\"size-full wp-image-146205\" src=\"https:\/\/www.bellunopress.it\/wp-content\/uploads\/2023\/11\/PALAZZO-MINERVA_edited.jpg\" alt=\"\" width=\"1000\" height=\"719\" srcset=\"https:\/\/www.bellunopress.it\/wp-content\/uploads\/2023\/11\/PALAZZO-MINERVA_edited.jpg 1000w, https:\/\/www.bellunopress.it\/wp-content\/uploads\/2023\/11\/PALAZZO-MINERVA_edited-500x360.jpg 500w, https:\/\/www.bellunopress.it\/wp-content\/uploads\/2023\/11\/PALAZZO-MINERVA_edited-696x500.jpg 696w\" sizes=\"auto, (max-width: 1000px) 100vw, 1000px\" \/><figcaption id=\"caption-attachment-146205\" class=\"wp-caption-text\">Belluno Citt\u00e0 del legno: allestimento a Palazzo Minerva<\/figcaption><\/figure>\n<p>Missione compiuta per la seconda edizione del Festival \u201cBelluno Citt\u00e0 del legno\u201d: la rassegna ideata dal Consorzio Belluno Centro Storico va in archivio con soddisfazione da parte degli organizzatori, dopo tre settimane di eventi di varia natura che hanno interessato il capoluogo.<br \/>\nLa chiusura a Palazzo Fulcis \u00e8 stata dedicata alla premiazione dei tre concorsi collegati all\u2019Ex Tempore: la Giuria popolare ha premiato l\u2019opera di Manuel De Francesch mentre la statua di Lara Steffe \u00e8 risultata la pi\u00f9 gradita dai bambini.<\/p>\n<p>Da sottolineare la grande partecipazione popolare, con oltre cinquemila visitatori al Museo cittadino in meno di due settimane, per un totale di ben tremilaottocento preferenze espresse.<br \/>\nNel concorso fotografico a cura del Circolo \u201cMario De Biasi\u201d si sono segnalati Irene Pampanin nella sezione \u201cadulti\u201d e Arianna Giacobbi in quella riservata agli studenti; nella rassegna dedicata alla poesia, sono stati premiati i componimenti di Michele Carniel e, per la sezione riservata alle scuole, Benedetta Poloniato e Rebecca Cavallar.<\/p>\n<p>Il tema \u201clegno\u201d \u00e8 stato declinato in svariate modalit\u00e0 e in diversi luoghi: particolarmente apprezzato l\u2019allestimento del portico di palazzo Minerva, che ha ospitato una rassegna cinematografica e due diverse installazioni; gradita anche la mostra fotografica \u201cBelluno e i suoi scultori\u201d in piazza dei Martiri, le varie attivit\u00e0 ospitate a Borgo Piave, le visite guidate, i laboratori e, nonostante il tempo inclemente, \u201cLa notte del legno\u201d.<br \/>\nUn cenno particolare ai convegni organizzati da Centro Consorzi e Confartigianato, che segnano la prospettiva del Festival verso un percorso parallelo tra eventi popolari e momenti di approfondimento come, ad esempio, quello proposto sul tema delle propriet\u00e0 collettive che ha consentito ad avvocati, amministratori pubblici e regolieri di confrontarsi con illustri cattedratici su argomenti di grande attualit\u00e0.<\/p>\n<p>Nel complesso, il Festival consegna la sensazione di poter crescere e arricchirsi; sono state<br \/>\ncementate positive relazione tra gli organizzatori e varie realt\u00e0 istituzionali che ci si auspica possano generare nuovi contenuti per una sempre maggiore affermazione di Belluno come \u201cCitt\u00e0 del Legno\u201d.<\/p>","protected":false},"excerpt":{"rendered":"<p>Missione compiuta per la seconda edizione del Festival \u201cBelluno Citt\u00e0 del legno\u201d: la rassegna ideata dal Consorzio Belluno Centro Storico va in archivio con soddisfazione da parte degli organizzatori, dopo tre settimane di eventi di varia natura che hanno interessato il capoluogo. La chiusura a Palazzo Fulcis \u00e8 stata dedicata alla premiazione dei tre concorsi [&hellip;]<\/p>\n","protected":false},"author":2,"featured_media":146205,"comment_status":"closed","ping_status":"open","sticky":false,"template":"","format":"standard","meta":{"footnotes":""},"categories":[3,25],"tags":[],"class_list":["post-146204","post","type-post","status-publish","format-standard","has-post-thumbnail","category-arte-cultura-spettacoli-scienza-archivi","category-pausa-caffe"],"yoast_head":"<!-- This site is optimized with the Yoast SEO plugin v28.4 - https:\/\/yoast.com\/product\/yoast-seo-wordpress\/ -->\n<title>Chiude con successo la rassegna Belluno Citt\u00e0 del legno del Consorzio Belluno Centro Storico - Bellunopress - Dolomiti<\/title>\n<meta name=\"robots\" content=\"index, follow, max-snippet:-1, max-image-preview:large, max-video-preview:-1\" \/>\n<link rel=\"canonical\" href=\"https:\/\/www.bellunopress.it\/fr\/2023\/11\/26\/chiude-con-successo-la-rassegna-belluno-citta-del-legno-del-consorzio-belluno-centro-storico\/\" \/>\n<meta property=\"og:locale\" content=\"fr_FR\" \/>\n<meta property=\"og:type\" content=\"article\" \/>\n<meta property=\"og:title\" content=\"Chiude con successo la rassegna Belluno Citt\u00e0 del legno del Consorzio Belluno Centro Storico - Bellunopress - Dolomiti\" \/>\n<meta property=\"og:description\" content=\"Missione compiuta per la seconda edizione del Festival \u201cBelluno Citt\u00e0 del legno\u201d: la rassegna ideata dal Consorzio Belluno Centro Storico va in archivio con soddisfazione da parte degli organizzatori, dopo tre settimane di eventi di varia natura che hanno interessato il capoluogo. La chiusura a Palazzo Fulcis \u00e8 stata dedicata alla premiazione dei tre concorsi [&hellip;]\" \/>\n<meta property=\"og:url\" content=\"https:\/\/www.bellunopress.it\/fr\/2023\/11\/26\/chiude-con-successo-la-rassegna-belluno-citta-del-legno-del-consorzio-belluno-centro-storico\/\" \/>\n<meta property=\"og:site_name\" content=\"Bellunopress - Dolomiti\" \/>\n<meta property=\"article:publisher\" content=\"https:\/\/www.facebook.com\/profile.php?id=100008943462799\" \/>\n<meta property=\"article:published_time\" content=\"2023-11-26T07:44:18+00:00\" \/>\n<meta property=\"og:image\" content=\"https:\/\/www.bellunopress.it\/wp-content\/uploads\/2023\/11\/PALAZZO-MINERVA_edited.jpg\" \/>\n\t<meta property=\"og:image:width\" content=\"1000\" \/>\n\t<meta property=\"og:image:height\" content=\"719\" \/>\n\t<meta property=\"og:image:type\" content=\"image\/jpeg\" \/>\n<meta name=\"author\" content=\"redazione\" \/>\n<meta name=\"twitter:card\" content=\"summary_large_image\" \/>\n<meta name=\"twitter:creator\" content=\"@bellunopress\" \/>\n<meta name=\"twitter:site\" content=\"@bellunopress\" \/>\n<meta name=\"twitter:label1\" content=\"\u00c9crit par\" \/>\n\t<meta name=\"twitter:data1\" content=\"redazione\" \/>\n\t<meta name=\"twitter:label2\" content=\"Dur\u00e9e de lecture estim\u00e9e\" \/>\n\t<meta name=\"twitter:data2\" content=\"2 minutes\" \/>\n<script type=\"application\/ld+json\" class=\"yoast-schema-graph\">{\"@context\":\"https:\\\/\\\/schema.org\",\"@graph\":[{\"@type\":\"Article\",\"@id\":\"https:\\\/\\\/www.bellunopress.it\\\/2023\\\/11\\\/26\\\/chiude-con-successo-la-rassegna-belluno-citta-del-legno-del-consorzio-belluno-centro-storico\\\/#article\",\"isPartOf\":{\"@id\":\"https:\\\/\\\/www.bellunopress.it\\\/2023\\\/11\\\/26\\\/chiude-con-successo-la-rassegna-belluno-citta-del-legno-del-consorzio-belluno-centro-storico\\\/\"},\"author\":{\"name\":\"redazione\",\"@id\":\"https:\\\/\\\/www.bellunopress.it\\\/#\\\/schema\\\/person\\\/79bb06722b37ece1c03d3e94beb30d73\"},\"headline\":\"Chiude con successo la rassegna Belluno Citt\u00e0 del legno del Consorzio Belluno Centro Storico\",\"datePublished\":\"2023-11-26T07:44:18+00:00\",\"mainEntityOfPage\":{\"@id\":\"https:\\\/\\\/www.bellunopress.it\\\/2023\\\/11\\\/26\\\/chiude-con-successo-la-rassegna-belluno-citta-del-legno-del-consorzio-belluno-centro-storico\\\/\"},\"wordCount\":353,\"publisher\":{\"@id\":\"https:\\\/\\\/www.bellunopress.it\\\/#organization\"},\"image\":{\"@id\":\"https:\\\/\\\/www.bellunopress.it\\\/2023\\\/11\\\/26\\\/chiude-con-successo-la-rassegna-belluno-citta-del-legno-del-consorzio-belluno-centro-storico\\\/#primaryimage\"},\"thumbnailUrl\":\"https:\\\/\\\/www.bellunopress.it\\\/wp-content\\\/uploads\\\/2023\\\/11\\\/PALAZZO-MINERVA_edited.jpg\",\"articleSection\":[\"Arte, Cultura, Spettacoli, Scienza\",\"Pausa Caff\u00e8\"],\"inLanguage\":\"fr-FR\"},{\"@type\":\"WebPage\",\"@id\":\"https:\\\/\\\/www.bellunopress.it\\\/2023\\\/11\\\/26\\\/chiude-con-successo-la-rassegna-belluno-citta-del-legno-del-consorzio-belluno-centro-storico\\\/\",\"url\":\"https:\\\/\\\/www.bellunopress.it\\\/2023\\\/11\\\/26\\\/chiude-con-successo-la-rassegna-belluno-citta-del-legno-del-consorzio-belluno-centro-storico\\\/\",\"name\":\"Chiude con successo la rassegna Belluno Citt\u00e0 del legno del Consorzio Belluno Centro Storico - Bellunopress - Dolomiti\",\"isPartOf\":{\"@id\":\"https:\\\/\\\/www.bellunopress.it\\\/#website\"},\"primaryImageOfPage\":{\"@id\":\"https:\\\/\\\/www.bellunopress.it\\\/2023\\\/11\\\/26\\\/chiude-con-successo-la-rassegna-belluno-citta-del-legno-del-consorzio-belluno-centro-storico\\\/#primaryimage\"},\"image\":{\"@id\":\"https:\\\/\\\/www.bellunopress.it\\\/2023\\\/11\\\/26\\\/chiude-con-successo-la-rassegna-belluno-citta-del-legno-del-consorzio-belluno-centro-storico\\\/#primaryimage\"},\"thumbnailUrl\":\"https:\\\/\\\/www.bellunopress.it\\\/wp-content\\\/uploads\\\/2023\\\/11\\\/PALAZZO-MINERVA_edited.jpg\",\"datePublished\":\"2023-11-26T07:44:18+00:00\",\"breadcrumb\":{\"@id\":\"https:\\\/\\\/www.bellunopress.it\\\/2023\\\/11\\\/26\\\/chiude-con-successo-la-rassegna-belluno-citta-del-legno-del-consorzio-belluno-centro-storico\\\/#breadcrumb\"},\"inLanguage\":\"fr-FR\",\"potentialAction\":[{\"@type\":\"ReadAction\",\"target\":[\"https:\\\/\\\/www.bellunopress.it\\\/2023\\\/11\\\/26\\\/chiude-con-successo-la-rassegna-belluno-citta-del-legno-del-consorzio-belluno-centro-storico\\\/\"]}]},{\"@type\":\"ImageObject\",\"inLanguage\":\"fr-FR\",\"@id\":\"https:\\\/\\\/www.bellunopress.it\\\/2023\\\/11\\\/26\\\/chiude-con-successo-la-rassegna-belluno-citta-del-legno-del-consorzio-belluno-centro-storico\\\/#primaryimage\",\"url\":\"https:\\\/\\\/www.bellunopress.it\\\/wp-content\\\/uploads\\\/2023\\\/11\\\/PALAZZO-MINERVA_edited.jpg\",\"contentUrl\":\"https:\\\/\\\/www.bellunopress.it\\\/wp-content\\\/uploads\\\/2023\\\/11\\\/PALAZZO-MINERVA_edited.jpg\",\"width\":1000,\"height\":719,\"caption\":\"Belluno Citt\u00e0 del legno: allestimento a Palazzo Minerva\"},{\"@type\":\"BreadcrumbList\",\"@id\":\"https:\\\/\\\/www.bellunopress.it\\\/2023\\\/11\\\/26\\\/chiude-con-successo-la-rassegna-belluno-citta-del-legno-del-consorzio-belluno-centro-storico\\\/#breadcrumb\",\"itemListElement\":[{\"@type\":\"ListItem\",\"position\":1,\"name\":\"Home\",\"item\":\"https:\\\/\\\/www.bellunopress.it\\\/\"},{\"@type\":\"ListItem\",\"position\":2,\"name\":\"Chiude con successo la rassegna Belluno Citt\u00e0 del legno del Consorzio Belluno Centro Storico\"}]},{\"@type\":\"WebSite\",\"@id\":\"https:\\\/\\\/www.bellunopress.it\\\/#website\",\"url\":\"https:\\\/\\\/www.bellunopress.it\\\/\",\"name\":\"Bellunopress - Dolomiti\",\"description\":\"e-mail: redazione@bellunopress.it\",\"publisher\":{\"@id\":\"https:\\\/\\\/www.bellunopress.it\\\/#organization\"},\"potentialAction\":[{\"@type\":\"SearchAction\",\"target\":{\"@type\":\"EntryPoint\",\"urlTemplate\":\"https:\\\/\\\/www.bellunopress.it\\\/?s={search_term_string}\"},\"query-input\":{\"@type\":\"PropertyValueSpecification\",\"valueRequired\":true,\"valueName\":\"search_term_string\"}}],\"inLanguage\":\"fr-FR\"},{\"@type\":\"Organization\",\"@id\":\"https:\\\/\\\/www.bellunopress.it\\\/#organization\",\"name\":\"Bellunopress\",\"url\":\"https:\\\/\\\/www.bellunopress.it\\\/\",\"logo\":{\"@type\":\"ImageObject\",\"inLanguage\":\"fr-FR\",\"@id\":\"https:\\\/\\\/www.bellunopress.it\\\/#\\\/schema\\\/logo\\\/image\\\/\",\"url\":\"https:\\\/\\\/www.bellunopress.it\\\/wp-content\\\/uploads\\\/2011\\\/05\\\/cropped-logo-bellunopress-.jpg\",\"contentUrl\":\"https:\\\/\\\/www.bellunopress.it\\\/wp-content\\\/uploads\\\/2011\\\/05\\\/cropped-logo-bellunopress-.jpg\",\"width\":512,\"height\":512,\"caption\":\"Bellunopress\"},\"image\":{\"@id\":\"https:\\\/\\\/www.bellunopress.it\\\/#\\\/schema\\\/logo\\\/image\\\/\"},\"sameAs\":[\"https:\\\/\\\/www.facebook.com\\\/profile.php?id=100008943462799\",\"https:\\\/\\\/x.com\\\/bellunopress\",\"https:\\\/\\\/www.linkedin.com\\\/hp\\\/?dnr=JBzUWaJfMUw8vbXJJ2tVW5-I3jZKvC4wsoxE&amp;amp;amp;amp;amp;amp;trk=nav_responsive_tab_home\",\"https:\\\/\\\/www.youtube.com\\\/channel\\\/UCxL0wu1uN0_3_7hGG0306cw\"]},{\"@type\":\"Person\",\"@id\":\"https:\\\/\\\/www.bellunopress.it\\\/#\\\/schema\\\/person\\\/79bb06722b37ece1c03d3e94beb30d73\",\"name\":\"redazione\",\"image\":{\"@type\":\"ImageObject\",\"inLanguage\":\"fr-FR\",\"@id\":\"https:\\\/\\\/secure.gravatar.com\\\/avatar\\\/37d968a2e67a6fd04c169c4bdef102d0bc5d31b2546345219e348575eb80e9a0?s=96&d=mm&r=g\",\"url\":\"https:\\\/\\\/secure.gravatar.com\\\/avatar\\\/37d968a2e67a6fd04c169c4bdef102d0bc5d31b2546345219e348575eb80e9a0?s=96&d=mm&r=g\",\"contentUrl\":\"https:\\\/\\\/secure.gravatar.com\\\/avatar\\\/37d968a2e67a6fd04c169c4bdef102d0bc5d31b2546345219e348575eb80e9a0?s=96&d=mm&r=g\",\"caption\":\"redazione\"},\"sameAs\":[\"http:\\\/\\\/www.bellunopress.it\",\"https:\\\/\\\/x.com\\\/bellunopress\"],\"url\":\"https:\\\/\\\/www.bellunopress.it\\\/fr\\\/author\\\/redazione\\\/\"}]}<\/script>\n<!-- \/ Yoast SEO plugin. -->","yoast_head_json":{"title":"Chiude con successo la rassegna Belluno Citt\u00e0 del legno del Consorzio Belluno Centro Storico - Bellunopress - Dolomiti","robots":{"index":"index","follow":"follow","max-snippet":"max-snippet:-1","max-image-preview":"max-image-preview:large","max-video-preview":"max-video-preview:-1"},"canonical":"https:\/\/www.bellunopress.it\/fr\/2023\/11\/26\/chiude-con-successo-la-rassegna-belluno-citta-del-legno-del-consorzio-belluno-centro-storico\/","og_locale":"fr_FR","og_type":"article","og_title":"Chiude con successo la rassegna Belluno Citt\u00e0 del legno del Consorzio Belluno Centro Storico - Bellunopress - Dolomiti","og_description":"Missione compiuta per la seconda edizione del Festival \u201cBelluno Citt\u00e0 del legno\u201d: la rassegna ideata dal Consorzio Belluno Centro Storico va in archivio con soddisfazione da parte degli organizzatori, dopo tre settimane di eventi di varia natura che hanno interessato il capoluogo. La chiusura a Palazzo Fulcis \u00e8 stata dedicata alla premiazione dei tre concorsi [&hellip;]","og_url":"https:\/\/www.bellunopress.it\/fr\/2023\/11\/26\/chiude-con-successo-la-rassegna-belluno-citta-del-legno-del-consorzio-belluno-centro-storico\/","og_site_name":"Bellunopress - Dolomiti","article_publisher":"https:\/\/www.facebook.com\/profile.php?id=100008943462799","article_published_time":"2023-11-26T07:44:18+00:00","og_image":[{"width":1000,"height":719,"url":"https:\/\/www.bellunopress.it\/wp-content\/uploads\/2023\/11\/PALAZZO-MINERVA_edited.jpg","type":"image\/jpeg"}],"author":"redazione","twitter_card":"summary_large_image","twitter_creator":"@bellunopress","twitter_site":"@bellunopress","twitter_misc":{"\u00c9crit par":"redazione","Dur\u00e9e de lecture estim\u00e9e":"2 minutes"},"schema":{"@context":"https:\/\/schema.org","@graph":[{"@type":"Article","@id":"https:\/\/www.bellunopress.it\/2023\/11\/26\/chiude-con-successo-la-rassegna-belluno-citta-del-legno-del-consorzio-belluno-centro-storico\/#article","isPartOf":{"@id":"https:\/\/www.bellunopress.it\/2023\/11\/26\/chiude-con-successo-la-rassegna-belluno-citta-del-legno-del-consorzio-belluno-centro-storico\/"},"author":{"name":"redazione","@id":"https:\/\/www.bellunopress.it\/#\/schema\/person\/79bb06722b37ece1c03d3e94beb30d73"},"headline":"Chiude con successo la rassegna Belluno Citt\u00e0 del legno del Consorzio Belluno Centro Storico","datePublished":"2023-11-26T07:44:18+00:00","mainEntityOfPage":{"@id":"https:\/\/www.bellunopress.it\/2023\/11\/26\/chiude-con-successo-la-rassegna-belluno-citta-del-legno-del-consorzio-belluno-centro-storico\/"},"wordCount":353,"publisher":{"@id":"https:\/\/www.bellunopress.it\/#organization"},"image":{"@id":"https:\/\/www.bellunopress.it\/2023\/11\/26\/chiude-con-successo-la-rassegna-belluno-citta-del-legno-del-consorzio-belluno-centro-storico\/#primaryimage"},"thumbnailUrl":"https:\/\/www.bellunopress.it\/wp-content\/uploads\/2023\/11\/PALAZZO-MINERVA_edited.jpg","articleSection":["Arte, Cultura, Spettacoli, Scienza","Pausa Caff\u00e8"],"inLanguage":"fr-FR"},{"@type":"WebPage","@id":"https:\/\/www.bellunopress.it\/2023\/11\/26\/chiude-con-successo-la-rassegna-belluno-citta-del-legno-del-consorzio-belluno-centro-storico\/","url":"https:\/\/www.bellunopress.it\/2023\/11\/26\/chiude-con-successo-la-rassegna-belluno-citta-del-legno-del-consorzio-belluno-centro-storico\/","name":"Chiude con successo la rassegna Belluno Citt\u00e0 del legno del Consorzio Belluno Centro Storico - Bellunopress - Dolomiti","isPartOf":{"@id":"https:\/\/www.bellunopress.it\/#website"},"primaryImageOfPage":{"@id":"https:\/\/www.bellunopress.it\/2023\/11\/26\/chiude-con-successo-la-rassegna-belluno-citta-del-legno-del-consorzio-belluno-centro-storico\/#primaryimage"},"image":{"@id":"https:\/\/www.bellunopress.it\/2023\/11\/26\/chiude-con-successo-la-rassegna-belluno-citta-del-legno-del-consorzio-belluno-centro-storico\/#primaryimage"},"thumbnailUrl":"https:\/\/www.bellunopress.it\/wp-content\/uploads\/2023\/11\/PALAZZO-MINERVA_edited.jpg","datePublished":"2023-11-26T07:44:18+00:00","breadcrumb":{"@id":"https:\/\/www.bellunopress.it\/2023\/11\/26\/chiude-con-successo-la-rassegna-belluno-citta-del-legno-del-consorzio-belluno-centro-storico\/#breadcrumb"},"inLanguage":"fr-FR","potentialAction":[{"@type":"ReadAction","target":["https:\/\/www.bellunopress.it\/2023\/11\/26\/chiude-con-successo-la-rassegna-belluno-citta-del-legno-del-consorzio-belluno-centro-storico\/"]}]},{"@type":"ImageObject","inLanguage":"fr-FR","@id":"https:\/\/www.bellunopress.it\/2023\/11\/26\/chiude-con-successo-la-rassegna-belluno-citta-del-legno-del-consorzio-belluno-centro-storico\/#primaryimage","url":"https:\/\/www.bellunopress.it\/wp-content\/uploads\/2023\/11\/PALAZZO-MINERVA_edited.jpg","contentUrl":"https:\/\/www.bellunopress.it\/wp-content\/uploads\/2023\/11\/PALAZZO-MINERVA_edited.jpg","width":1000,"height":719,"caption":"Belluno Citt\u00e0 del legno: allestimento a Palazzo Minerva"},{"@type":"BreadcrumbList","@id":"https:\/\/www.bellunopress.it\/2023\/11\/26\/chiude-con-successo-la-rassegna-belluno-citta-del-legno-del-consorzio-belluno-centro-storico\/#breadcrumb","itemListElement":[{"@type":"ListItem","position":1,"name":"Home","item":"https:\/\/www.bellunopress.it\/"},{"@type":"ListItem","position":2,"name":"Chiude con successo la rassegna Belluno Citt\u00e0 del legno del Consorzio Belluno Centro Storico"}]},{"@type":"WebSite","@id":"https:\/\/www.bellunopress.it\/#website","url":"https:\/\/www.bellunopress.it\/","name":"Bellunopress - Dolomiti","description":"e-mail: redazione@bellunopress.it","publisher":{"@id":"https:\/\/www.bellunopress.it\/#organization"},"potentialAction":[{"@type":"SearchAction","target":{"@type":"EntryPoint","urlTemplate":"https:\/\/www.bellunopress.it\/?s={search_term_string}"},"query-input":{"@type":"PropertyValueSpecification","valueRequired":true,"valueName":"search_term_string"}}],"inLanguage":"fr-FR"},{"@type":"Organization","@id":"https:\/\/www.bellunopress.it\/#organization","name":"Bellunopress","url":"https:\/\/www.bellunopress.it\/","logo":{"@type":"ImageObject","inLanguage":"fr-FR","@id":"https:\/\/www.bellunopress.it\/#\/schema\/logo\/image\/","url":"https:\/\/www.bellunopress.it\/wp-content\/uploads\/2011\/05\/cropped-logo-bellunopress-.jpg","contentUrl":"https:\/\/www.bellunopress.it\/wp-content\/uploads\/2011\/05\/cropped-logo-bellunopress-.jpg","width":512,"height":512,"caption":"Bellunopress"},"image":{"@id":"https:\/\/www.bellunopress.it\/#\/schema\/logo\/image\/"},"sameAs":["https:\/\/www.facebook.com\/profile.php?id=100008943462799","https:\/\/x.com\/bellunopress","https:\/\/www.linkedin.com\/hp\/?dnr=JBzUWaJfMUw8vbXJJ2tVW5-I3jZKvC4wsoxE&amp;amp;amp;amp;amp;amp;trk=nav_responsive_tab_home","https:\/\/www.youtube.com\/channel\/UCxL0wu1uN0_3_7hGG0306cw"]},{"@type":"Person","@id":"https:\/\/www.bellunopress.it\/#\/schema\/person\/79bb06722b37ece1c03d3e94beb30d73","name":"r\u00e9daction","image":{"@type":"ImageObject","inLanguage":"fr-FR","@id":"https:\/\/secure.gravatar.com\/avatar\/37d968a2e67a6fd04c169c4bdef102d0bc5d31b2546345219e348575eb80e9a0?s=96&d=mm&r=g","url":"https:\/\/secure.gravatar.com\/avatar\/37d968a2e67a6fd04c169c4bdef102d0bc5d31b2546345219e348575eb80e9a0?s=96&d=mm&r=g","contentUrl":"https:\/\/secure.gravatar.com\/avatar\/37d968a2e67a6fd04c169c4bdef102d0bc5d31b2546345219e348575eb80e9a0?s=96&d=mm&r=g","caption":"redazione"},"sameAs":["http:\/\/www.bellunopress.it","https:\/\/x.com\/bellunopress"],"url":"https:\/\/www.bellunopress.it\/fr\/author\/redazione\/"}]}},"_links":{"self":[{"href":"https:\/\/www.bellunopress.it\/fr\/wp-json\/wp\/v2\/posts\/146204","targetHints":{"allow":["GET"]}}],"collection":[{"href":"https:\/\/www.bellunopress.it\/fr\/wp-json\/wp\/v2\/posts"}],"about":[{"href":"https:\/\/www.bellunopress.it\/fr\/wp-json\/wp\/v2\/types\/post"}],"author":[{"embeddable":true,"href":"https:\/\/www.bellunopress.it\/fr\/wp-json\/wp\/v2\/users\/2"}],"replies":[{"embeddable":true,"href":"https:\/\/www.bellunopress.it\/fr\/wp-json\/wp\/v2\/comments?post=146204"}],"version-history":[{"count":1,"href":"https:\/\/www.bellunopress.it\/fr\/wp-json\/wp\/v2\/posts\/146204\/revisions"}],"predecessor-version":[{"id":146206,"href":"https:\/\/www.bellunopress.it\/fr\/wp-json\/wp\/v2\/posts\/146204\/revisions\/146206"}],"wp:featuredmedia":[{"embeddable":true,"href":"https:\/\/www.bellunopress.it\/fr\/wp-json\/wp\/v2\/media\/146205"}],"wp:attachment":[{"href":"https:\/\/www.bellunopress.it\/fr\/wp-json\/wp\/v2\/media?parent=146204"}],"wp:term":[{"taxonomy":"category","embeddable":true,"href":"https:\/\/www.bellunopress.it\/fr\/wp-json\/wp\/v2\/categories?post=146204"},{"taxonomy":"post_tag","embeddable":true,"href":"https:\/\/www.bellunopress.it\/fr\/wp-json\/wp\/v2\/tags?post=146204"}],"curies":[{"name":"wp","href":"https:\/\/api.w.org\/{rel}","templated":true}]}}