{"id":146202,"date":"2023-11-26T08:34:53","date_gmt":"2023-11-26T07:34:53","guid":{"rendered":"https:\/\/www.bellunopress.it\/?p=146202"},"modified":"2023-11-26T08:34:53","modified_gmt":"2023-11-26T07:34:53","slug":"benemerenze-sportive-nazionali-padrin-si-congratula-con-orazio-zanin-e-gianni-dinca","status":"publish","type":"post","link":"https:\/\/www.bellunopress.it\/fr\/2023\/11\/26\/benemerenze-sportive-nazionali-padrin-si-congratula-con-orazio-zanin-e-gianni-dinca\/","title":{"rendered":"Benemerenze sportive nazionali, Padrin si congratula con Orazio Zanin e Gianni D&#8217;Inc\u00e0"},"content":{"rendered":"<figure id=\"attachment_114481\" aria-describedby=\"caption-attachment-114481\" style=\"width: 800px\" class=\"wp-caption alignleft\"><img loading=\"lazy\" decoding=\"async\" class=\"size-full wp-image-114481\" src=\"https:\/\/www.bellunopress.it\/wp-content\/uploads\/2020\/05\/roberto-padrin_edited-1.jpg\" alt=\"\" width=\"800\" height=\"595\" srcset=\"https:\/\/www.bellunopress.it\/wp-content\/uploads\/2020\/05\/roberto-padrin_edited-1.jpg 800w, https:\/\/www.bellunopress.it\/wp-content\/uploads\/2020\/05\/roberto-padrin_edited-1-500x372.jpg 500w, https:\/\/www.bellunopress.it\/wp-content\/uploads\/2020\/05\/roberto-padrin_edited-1-485x360.jpg 485w, https:\/\/www.bellunopress.it\/wp-content\/uploads\/2020\/05\/roberto-padrin_edited-1-696x518.jpg 696w, https:\/\/www.bellunopress.it\/wp-content\/uploads\/2020\/05\/roberto-padrin_edited-1-565x420.jpg 565w, https:\/\/www.bellunopress.it\/wp-content\/uploads\/2020\/05\/roberto-padrin_edited-1-80x60.jpg 80w, https:\/\/www.bellunopress.it\/wp-content\/uploads\/2020\/05\/roberto-padrin_edited-1-265x198.jpg 265w\" sizes=\"auto, (max-width: 800px) 100vw, 800px\" \/><figcaption id=\"caption-attachment-114481\" class=\"wp-caption-text\">Roberto Padrin &#8211; Presidente della Provincia<\/figcaption><\/figure>\n<p><em><strong>Padrin: \u00abTra i molti modi di servire il territorio, c&#8217;\u00e8 anche lo sport\u00bb<\/strong><\/em><\/p>\n<p>\u00abLo sport, veicolo di valori umani, \u00e8 una delle leve sociali pi\u00f9 importanti nei territori. E chi si occupa di attivit\u00e0 sportiva da anni, con impegno e abnegazione, merita un ringraziamento speciale\u00bb.<\/p>\n<p>Cos\u00ec il presidente della Provincia di Belluno Roberto Padrin, nella giornata in cui a Roma due bellunesi ricevono la benemerenza nazionale della Figc 2023. Si tratta di Orazio Zanin, delegato provinciale della Federazione italiana gioco calcio, premiato per 40 anni di attivit\u00e0 federale da dirigente; e Gianni D&#8217;Inc\u00e0 (societ\u00e0 Calcio Ponte nelle Alpi), per 20 anni di attivit\u00e0.<\/p>\n<p>\u00abA Gianni D&#8217;Inc\u00e0 e Orazio Zanin va il grazie dell&#8217;intero territorio bellunese, non solo dello sport, perch\u00e9 attraverso il loro impegno costante hanno saputo valorizzare tante generazioni di giovani calciatori dando loro uno spazio di crescita e formazione. Grazie a tutti coloro che attraverso lo sport fanno crescere ragazze e ragazzi, con valori positivi e genuini\u00bb.<\/p>","protected":false},"excerpt":{"rendered":"<p>Padrin: \u00abTra i molti modi di servire il territorio, c&#8217;\u00e8 anche lo sport\u00bb \u00abLo sport, veicolo di valori umani, \u00e8 una delle leve sociali pi\u00f9 importanti nei territori. E chi si occupa di attivit\u00e0 sportiva da anni, con impegno e abnegazione, merita un ringraziamento speciale\u00bb. Cos\u00ec il presidente della Provincia di Belluno Roberto Padrin, nella [&hellip;]<\/p>\n","protected":false},"author":2,"featured_media":114481,"comment_status":"closed","ping_status":"open","sticky":false,"template":"","format":"standard","meta":{"footnotes":""},"categories":[8,4],"tags":[],"class_list":["post-146202","post","type-post","status-publish","format-standard","has-post-thumbnail","category-societa-istituzioni","category-sport"],"yoast_head":"<!-- This site is optimized with the Yoast SEO plugin v28.4 - https:\/\/yoast.com\/product\/yoast-seo-wordpress\/ -->\n<title>Benemerenze sportive nazionali, Padrin si congratula con Orazio Zanin e Gianni D&#039;Inc\u00e0 - Bellunopress - Dolomiti<\/title>\n<meta name=\"robots\" content=\"index, follow, max-snippet:-1, max-image-preview:large, max-video-preview:-1\" \/>\n<link rel=\"canonical\" href=\"https:\/\/www.bellunopress.it\/fr\/2023\/11\/26\/benemerenze-sportive-nazionali-padrin-si-congratula-con-orazio-zanin-e-gianni-dinca\/\" \/>\n<meta property=\"og:locale\" content=\"fr_FR\" \/>\n<meta property=\"og:type\" content=\"article\" \/>\n<meta property=\"og:title\" content=\"Benemerenze sportive nazionali, Padrin si congratula con Orazio Zanin e Gianni D&#039;Inc\u00e0 - Bellunopress - Dolomiti\" \/>\n<meta property=\"og:description\" content=\"Padrin: \u00abTra i molti modi di servire il territorio, c&#8217;\u00e8 anche lo sport\u00bb \u00abLo sport, veicolo di valori umani, \u00e8 una delle leve sociali pi\u00f9 importanti nei territori. E chi si occupa di attivit\u00e0 sportiva da anni, con impegno e abnegazione, merita un ringraziamento speciale\u00bb. Cos\u00ec il presidente della Provincia di Belluno Roberto Padrin, nella [&hellip;]\" \/>\n<meta property=\"og:url\" content=\"https:\/\/www.bellunopress.it\/fr\/2023\/11\/26\/benemerenze-sportive-nazionali-padrin-si-congratula-con-orazio-zanin-e-gianni-dinca\/\" \/>\n<meta property=\"og:site_name\" content=\"Bellunopress - Dolomiti\" \/>\n<meta property=\"article:publisher\" content=\"https:\/\/www.facebook.com\/profile.php?id=100008943462799\" \/>\n<meta property=\"article:published_time\" content=\"2023-11-26T07:34:53+00:00\" \/>\n<meta property=\"og:image\" content=\"https:\/\/www.bellunopress.it\/wp-content\/uploads\/2020\/05\/roberto-padrin_edited-1.jpg\" \/>\n\t<meta property=\"og:image:width\" content=\"800\" \/>\n\t<meta property=\"og:image:height\" content=\"595\" \/>\n\t<meta property=\"og:image:type\" content=\"image\/jpeg\" \/>\n<meta name=\"author\" content=\"redazione\" \/>\n<meta name=\"twitter:card\" content=\"summary_large_image\" \/>\n<meta name=\"twitter:creator\" content=\"@bellunopress\" \/>\n<meta name=\"twitter:site\" content=\"@bellunopress\" \/>\n<meta name=\"twitter:label1\" content=\"\u00c9crit par\" \/>\n\t<meta name=\"twitter:data1\" content=\"redazione\" \/>\n\t<meta name=\"twitter:label2\" content=\"Dur\u00e9e de lecture estim\u00e9e\" \/>\n\t<meta name=\"twitter:data2\" content=\"1 minute\" \/>\n<script type=\"application\/ld+json\" class=\"yoast-schema-graph\">{\"@context\":\"https:\\\/\\\/schema.org\",\"@graph\":[{\"@type\":\"Article\",\"@id\":\"https:\\\/\\\/www.bellunopress.it\\\/2023\\\/11\\\/26\\\/benemerenze-sportive-nazionali-padrin-si-congratula-con-orazio-zanin-e-gianni-dinca\\\/#article\",\"isPartOf\":{\"@id\":\"https:\\\/\\\/www.bellunopress.it\\\/2023\\\/11\\\/26\\\/benemerenze-sportive-nazionali-padrin-si-congratula-con-orazio-zanin-e-gianni-dinca\\\/\"},\"author\":{\"name\":\"redazione\",\"@id\":\"https:\\\/\\\/www.bellunopress.it\\\/#\\\/schema\\\/person\\\/79bb06722b37ece1c03d3e94beb30d73\"},\"headline\":\"Benemerenze sportive nazionali, Padrin si congratula con Orazio Zanin e Gianni D&#8217;Inc\u00e0\",\"datePublished\":\"2023-11-26T07:34:53+00:00\",\"mainEntityOfPage\":{\"@id\":\"https:\\\/\\\/www.bellunopress.it\\\/2023\\\/11\\\/26\\\/benemerenze-sportive-nazionali-padrin-si-congratula-con-orazio-zanin-e-gianni-dinca\\\/\"},\"wordCount\":184,\"publisher\":{\"@id\":\"https:\\\/\\\/www.bellunopress.it\\\/#organization\"},\"image\":{\"@id\":\"https:\\\/\\\/www.bellunopress.it\\\/2023\\\/11\\\/26\\\/benemerenze-sportive-nazionali-padrin-si-congratula-con-orazio-zanin-e-gianni-dinca\\\/#primaryimage\"},\"thumbnailUrl\":\"https:\\\/\\\/www.bellunopress.it\\\/wp-content\\\/uploads\\\/2020\\\/05\\\/roberto-padrin_edited-1.jpg\",\"articleSection\":[\"Societ\u00e0, Associazioni, Istituzioni\",\"Sport, tempo libero\"],\"inLanguage\":\"fr-FR\"},{\"@type\":\"WebPage\",\"@id\":\"https:\\\/\\\/www.bellunopress.it\\\/2023\\\/11\\\/26\\\/benemerenze-sportive-nazionali-padrin-si-congratula-con-orazio-zanin-e-gianni-dinca\\\/\",\"url\":\"https:\\\/\\\/www.bellunopress.it\\\/2023\\\/11\\\/26\\\/benemerenze-sportive-nazionali-padrin-si-congratula-con-orazio-zanin-e-gianni-dinca\\\/\",\"name\":\"Benemerenze sportive nazionali, Padrin si congratula con Orazio Zanin e Gianni D'Inc\u00e0 - Bellunopress - Dolomiti\",\"isPartOf\":{\"@id\":\"https:\\\/\\\/www.bellunopress.it\\\/#website\"},\"primaryImageOfPage\":{\"@id\":\"https:\\\/\\\/www.bellunopress.it\\\/2023\\\/11\\\/26\\\/benemerenze-sportive-nazionali-padrin-si-congratula-con-orazio-zanin-e-gianni-dinca\\\/#primaryimage\"},\"image\":{\"@id\":\"https:\\\/\\\/www.bellunopress.it\\\/2023\\\/11\\\/26\\\/benemerenze-sportive-nazionali-padrin-si-congratula-con-orazio-zanin-e-gianni-dinca\\\/#primaryimage\"},\"thumbnailUrl\":\"https:\\\/\\\/www.bellunopress.it\\\/wp-content\\\/uploads\\\/2020\\\/05\\\/roberto-padrin_edited-1.jpg\",\"datePublished\":\"2023-11-26T07:34:53+00:00\",\"breadcrumb\":{\"@id\":\"https:\\\/\\\/www.bellunopress.it\\\/2023\\\/11\\\/26\\\/benemerenze-sportive-nazionali-padrin-si-congratula-con-orazio-zanin-e-gianni-dinca\\\/#breadcrumb\"},\"inLanguage\":\"fr-FR\",\"potentialAction\":[{\"@type\":\"ReadAction\",\"target\":[\"https:\\\/\\\/www.bellunopress.it\\\/2023\\\/11\\\/26\\\/benemerenze-sportive-nazionali-padrin-si-congratula-con-orazio-zanin-e-gianni-dinca\\\/\"]}]},{\"@type\":\"ImageObject\",\"inLanguage\":\"fr-FR\",\"@id\":\"https:\\\/\\\/www.bellunopress.it\\\/2023\\\/11\\\/26\\\/benemerenze-sportive-nazionali-padrin-si-congratula-con-orazio-zanin-e-gianni-dinca\\\/#primaryimage\",\"url\":\"https:\\\/\\\/www.bellunopress.it\\\/wp-content\\\/uploads\\\/2020\\\/05\\\/roberto-padrin_edited-1.jpg\",\"contentUrl\":\"https:\\\/\\\/www.bellunopress.it\\\/wp-content\\\/uploads\\\/2020\\\/05\\\/roberto-padrin_edited-1.jpg\",\"width\":800,\"height\":595,\"caption\":\"Roberto Padrin - Presidente della Provincia\"},{\"@type\":\"BreadcrumbList\",\"@id\":\"https:\\\/\\\/www.bellunopress.it\\\/2023\\\/11\\\/26\\\/benemerenze-sportive-nazionali-padrin-si-congratula-con-orazio-zanin-e-gianni-dinca\\\/#breadcrumb\",\"itemListElement\":[{\"@type\":\"ListItem\",\"position\":1,\"name\":\"Home\",\"item\":\"https:\\\/\\\/www.bellunopress.it\\\/\"},{\"@type\":\"ListItem\",\"position\":2,\"name\":\"Benemerenze sportive nazionali, Padrin si congratula con Orazio Zanin e Gianni D&#8217;Inc\u00e0\"}]},{\"@type\":\"WebSite\",\"@id\":\"https:\\\/\\\/www.bellunopress.it\\\/#website\",\"url\":\"https:\\\/\\\/www.bellunopress.it\\\/\",\"name\":\"Bellunopress - Dolomiti\",\"description\":\"e-mail: redazione@bellunopress.it\",\"publisher\":{\"@id\":\"https:\\\/\\\/www.bellunopress.it\\\/#organization\"},\"potentialAction\":[{\"@type\":\"SearchAction\",\"target\":{\"@type\":\"EntryPoint\",\"urlTemplate\":\"https:\\\/\\\/www.bellunopress.it\\\/?s={search_term_string}\"},\"query-input\":{\"@type\":\"PropertyValueSpecification\",\"valueRequired\":true,\"valueName\":\"search_term_string\"}}],\"inLanguage\":\"fr-FR\"},{\"@type\":\"Organization\",\"@id\":\"https:\\\/\\\/www.bellunopress.it\\\/#organization\",\"name\":\"Bellunopress\",\"url\":\"https:\\\/\\\/www.bellunopress.it\\\/\",\"logo\":{\"@type\":\"ImageObject\",\"inLanguage\":\"fr-FR\",\"@id\":\"https:\\\/\\\/www.bellunopress.it\\\/#\\\/schema\\\/logo\\\/image\\\/\",\"url\":\"https:\\\/\\\/www.bellunopress.it\\\/wp-content\\\/uploads\\\/2011\\\/05\\\/cropped-logo-bellunopress-.jpg\",\"contentUrl\":\"https:\\\/\\\/www.bellunopress.it\\\/wp-content\\\/uploads\\\/2011\\\/05\\\/cropped-logo-bellunopress-.jpg\",\"width\":512,\"height\":512,\"caption\":\"Bellunopress\"},\"image\":{\"@id\":\"https:\\\/\\\/www.bellunopress.it\\\/#\\\/schema\\\/logo\\\/image\\\/\"},\"sameAs\":[\"https:\\\/\\\/www.facebook.com\\\/profile.php?id=100008943462799\",\"https:\\\/\\\/x.com\\\/bellunopress\",\"https:\\\/\\\/www.linkedin.com\\\/hp\\\/?dnr=JBzUWaJfMUw8vbXJJ2tVW5-I3jZKvC4wsoxE&amp;amp;amp;amp;amp;amp;trk=nav_responsive_tab_home\",\"https:\\\/\\\/www.youtube.com\\\/channel\\\/UCxL0wu1uN0_3_7hGG0306cw\"]},{\"@type\":\"Person\",\"@id\":\"https:\\\/\\\/www.bellunopress.it\\\/#\\\/schema\\\/person\\\/79bb06722b37ece1c03d3e94beb30d73\",\"name\":\"redazione\",\"image\":{\"@type\":\"ImageObject\",\"inLanguage\":\"fr-FR\",\"@id\":\"https:\\\/\\\/secure.gravatar.com\\\/avatar\\\/37d968a2e67a6fd04c169c4bdef102d0bc5d31b2546345219e348575eb80e9a0?s=96&d=mm&r=g\",\"url\":\"https:\\\/\\\/secure.gravatar.com\\\/avatar\\\/37d968a2e67a6fd04c169c4bdef102d0bc5d31b2546345219e348575eb80e9a0?s=96&d=mm&r=g\",\"contentUrl\":\"https:\\\/\\\/secure.gravatar.com\\\/avatar\\\/37d968a2e67a6fd04c169c4bdef102d0bc5d31b2546345219e348575eb80e9a0?s=96&d=mm&r=g\",\"caption\":\"redazione\"},\"sameAs\":[\"http:\\\/\\\/www.bellunopress.it\",\"https:\\\/\\\/x.com\\\/bellunopress\"],\"url\":\"https:\\\/\\\/www.bellunopress.it\\\/fr\\\/author\\\/redazione\\\/\"}]}<\/script>\n<!-- \/ Yoast SEO plugin. -->","yoast_head_json":{"title":"Benemerenze sportive nazionali, Padrin si congratula con Orazio Zanin e Gianni D'Inc\u00e0 - Bellunopress - Dolomiti","robots":{"index":"index","follow":"follow","max-snippet":"max-snippet:-1","max-image-preview":"max-image-preview:large","max-video-preview":"max-video-preview:-1"},"canonical":"https:\/\/www.bellunopress.it\/fr\/2023\/11\/26\/benemerenze-sportive-nazionali-padrin-si-congratula-con-orazio-zanin-e-gianni-dinca\/","og_locale":"fr_FR","og_type":"article","og_title":"Benemerenze sportive nazionali, Padrin si congratula con Orazio Zanin e Gianni D'Inc\u00e0 - Bellunopress - Dolomiti","og_description":"Padrin: \u00abTra i molti modi di servire il territorio, c&#8217;\u00e8 anche lo sport\u00bb \u00abLo sport, veicolo di valori umani, \u00e8 una delle leve sociali pi\u00f9 importanti nei territori. E chi si occupa di attivit\u00e0 sportiva da anni, con impegno e abnegazione, merita un ringraziamento speciale\u00bb. Cos\u00ec il presidente della Provincia di Belluno Roberto Padrin, nella [&hellip;]","og_url":"https:\/\/www.bellunopress.it\/fr\/2023\/11\/26\/benemerenze-sportive-nazionali-padrin-si-congratula-con-orazio-zanin-e-gianni-dinca\/","og_site_name":"Bellunopress - Dolomiti","article_publisher":"https:\/\/www.facebook.com\/profile.php?id=100008943462799","article_published_time":"2023-11-26T07:34:53+00:00","og_image":[{"width":800,"height":595,"url":"https:\/\/www.bellunopress.it\/wp-content\/uploads\/2020\/05\/roberto-padrin_edited-1.jpg","type":"image\/jpeg"}],"author":"redazione","twitter_card":"summary_large_image","twitter_creator":"@bellunopress","twitter_site":"@bellunopress","twitter_misc":{"\u00c9crit par":"redazione","Dur\u00e9e de lecture estim\u00e9e":"1 minute"},"schema":{"@context":"https:\/\/schema.org","@graph":[{"@type":"Article","@id":"https:\/\/www.bellunopress.it\/2023\/11\/26\/benemerenze-sportive-nazionali-padrin-si-congratula-con-orazio-zanin-e-gianni-dinca\/#article","isPartOf":{"@id":"https:\/\/www.bellunopress.it\/2023\/11\/26\/benemerenze-sportive-nazionali-padrin-si-congratula-con-orazio-zanin-e-gianni-dinca\/"},"author":{"name":"redazione","@id":"https:\/\/www.bellunopress.it\/#\/schema\/person\/79bb06722b37ece1c03d3e94beb30d73"},"headline":"Benemerenze sportive nazionali, Padrin si congratula con Orazio Zanin e Gianni D&#8217;Inc\u00e0","datePublished":"2023-11-26T07:34:53+00:00","mainEntityOfPage":{"@id":"https:\/\/www.bellunopress.it\/2023\/11\/26\/benemerenze-sportive-nazionali-padrin-si-congratula-con-orazio-zanin-e-gianni-dinca\/"},"wordCount":184,"publisher":{"@id":"https:\/\/www.bellunopress.it\/#organization"},"image":{"@id":"https:\/\/www.bellunopress.it\/2023\/11\/26\/benemerenze-sportive-nazionali-padrin-si-congratula-con-orazio-zanin-e-gianni-dinca\/#primaryimage"},"thumbnailUrl":"https:\/\/www.bellunopress.it\/wp-content\/uploads\/2020\/05\/roberto-padrin_edited-1.jpg","articleSection":["Societ\u00e0, Associazioni, Istituzioni","Sport, tempo libero"],"inLanguage":"fr-FR"},{"@type":"WebPage","@id":"https:\/\/www.bellunopress.it\/2023\/11\/26\/benemerenze-sportive-nazionali-padrin-si-congratula-con-orazio-zanin-e-gianni-dinca\/","url":"https:\/\/www.bellunopress.it\/2023\/11\/26\/benemerenze-sportive-nazionali-padrin-si-congratula-con-orazio-zanin-e-gianni-dinca\/","name":"Benemerenze sportive nazionali, Padrin si congratula con Orazio Zanin e Gianni D'Inc\u00e0 - Bellunopress - Dolomiti","isPartOf":{"@id":"https:\/\/www.bellunopress.it\/#website"},"primaryImageOfPage":{"@id":"https:\/\/www.bellunopress.it\/2023\/11\/26\/benemerenze-sportive-nazionali-padrin-si-congratula-con-orazio-zanin-e-gianni-dinca\/#primaryimage"},"image":{"@id":"https:\/\/www.bellunopress.it\/2023\/11\/26\/benemerenze-sportive-nazionali-padrin-si-congratula-con-orazio-zanin-e-gianni-dinca\/#primaryimage"},"thumbnailUrl":"https:\/\/www.bellunopress.it\/wp-content\/uploads\/2020\/05\/roberto-padrin_edited-1.jpg","datePublished":"2023-11-26T07:34:53+00:00","breadcrumb":{"@id":"https:\/\/www.bellunopress.it\/2023\/11\/26\/benemerenze-sportive-nazionali-padrin-si-congratula-con-orazio-zanin-e-gianni-dinca\/#breadcrumb"},"inLanguage":"fr-FR","potentialAction":[{"@type":"ReadAction","target":["https:\/\/www.bellunopress.it\/2023\/11\/26\/benemerenze-sportive-nazionali-padrin-si-congratula-con-orazio-zanin-e-gianni-dinca\/"]}]},{"@type":"ImageObject","inLanguage":"fr-FR","@id":"https:\/\/www.bellunopress.it\/2023\/11\/26\/benemerenze-sportive-nazionali-padrin-si-congratula-con-orazio-zanin-e-gianni-dinca\/#primaryimage","url":"https:\/\/www.bellunopress.it\/wp-content\/uploads\/2020\/05\/roberto-padrin_edited-1.jpg","contentUrl":"https:\/\/www.bellunopress.it\/wp-content\/uploads\/2020\/05\/roberto-padrin_edited-1.jpg","width":800,"height":595,"caption":"Roberto Padrin - Presidente della Provincia"},{"@type":"BreadcrumbList","@id":"https:\/\/www.bellunopress.it\/2023\/11\/26\/benemerenze-sportive-nazionali-padrin-si-congratula-con-orazio-zanin-e-gianni-dinca\/#breadcrumb","itemListElement":[{"@type":"ListItem","position":1,"name":"Home","item":"https:\/\/www.bellunopress.it\/"},{"@type":"ListItem","position":2,"name":"Benemerenze sportive nazionali, Padrin si congratula con Orazio Zanin e Gianni D&#8217;Inc\u00e0"}]},{"@type":"WebSite","@id":"https:\/\/www.bellunopress.it\/#website","url":"https:\/\/www.bellunopress.it\/","name":"Bellunopress - Dolomiti","description":"e-mail: redazione@bellunopress.it","publisher":{"@id":"https:\/\/www.bellunopress.it\/#organization"},"potentialAction":[{"@type":"SearchAction","target":{"@type":"EntryPoint","urlTemplate":"https:\/\/www.bellunopress.it\/?s={search_term_string}"},"query-input":{"@type":"PropertyValueSpecification","valueRequired":true,"valueName":"search_term_string"}}],"inLanguage":"fr-FR"},{"@type":"Organization","@id":"https:\/\/www.bellunopress.it\/#organization","name":"Bellunopress","url":"https:\/\/www.bellunopress.it\/","logo":{"@type":"ImageObject","inLanguage":"fr-FR","@id":"https:\/\/www.bellunopress.it\/#\/schema\/logo\/image\/","url":"https:\/\/www.bellunopress.it\/wp-content\/uploads\/2011\/05\/cropped-logo-bellunopress-.jpg","contentUrl":"https:\/\/www.bellunopress.it\/wp-content\/uploads\/2011\/05\/cropped-logo-bellunopress-.jpg","width":512,"height":512,"caption":"Bellunopress"},"image":{"@id":"https:\/\/www.bellunopress.it\/#\/schema\/logo\/image\/"},"sameAs":["https:\/\/www.facebook.com\/profile.php?id=100008943462799","https:\/\/x.com\/bellunopress","https:\/\/www.linkedin.com\/hp\/?dnr=JBzUWaJfMUw8vbXJJ2tVW5-I3jZKvC4wsoxE&amp;amp;amp;amp;amp;amp;trk=nav_responsive_tab_home","https:\/\/www.youtube.com\/channel\/UCxL0wu1uN0_3_7hGG0306cw"]},{"@type":"Person","@id":"https:\/\/www.bellunopress.it\/#\/schema\/person\/79bb06722b37ece1c03d3e94beb30d73","name":"r\u00e9daction","image":{"@type":"ImageObject","inLanguage":"fr-FR","@id":"https:\/\/secure.gravatar.com\/avatar\/37d968a2e67a6fd04c169c4bdef102d0bc5d31b2546345219e348575eb80e9a0?s=96&d=mm&r=g","url":"https:\/\/secure.gravatar.com\/avatar\/37d968a2e67a6fd04c169c4bdef102d0bc5d31b2546345219e348575eb80e9a0?s=96&d=mm&r=g","contentUrl":"https:\/\/secure.gravatar.com\/avatar\/37d968a2e67a6fd04c169c4bdef102d0bc5d31b2546345219e348575eb80e9a0?s=96&d=mm&r=g","caption":"redazione"},"sameAs":["http:\/\/www.bellunopress.it","https:\/\/x.com\/bellunopress"],"url":"https:\/\/www.bellunopress.it\/fr\/author\/redazione\/"}]}},"_links":{"self":[{"href":"https:\/\/www.bellunopress.it\/fr\/wp-json\/wp\/v2\/posts\/146202","targetHints":{"allow":["GET"]}}],"collection":[{"href":"https:\/\/www.bellunopress.it\/fr\/wp-json\/wp\/v2\/posts"}],"about":[{"href":"https:\/\/www.bellunopress.it\/fr\/wp-json\/wp\/v2\/types\/post"}],"author":[{"embeddable":true,"href":"https:\/\/www.bellunopress.it\/fr\/wp-json\/wp\/v2\/users\/2"}],"replies":[{"embeddable":true,"href":"https:\/\/www.bellunopress.it\/fr\/wp-json\/wp\/v2\/comments?post=146202"}],"version-history":[{"count":1,"href":"https:\/\/www.bellunopress.it\/fr\/wp-json\/wp\/v2\/posts\/146202\/revisions"}],"predecessor-version":[{"id":146203,"href":"https:\/\/www.bellunopress.it\/fr\/wp-json\/wp\/v2\/posts\/146202\/revisions\/146203"}],"wp:featuredmedia":[{"embeddable":true,"href":"https:\/\/www.bellunopress.it\/fr\/wp-json\/wp\/v2\/media\/114481"}],"wp:attachment":[{"href":"https:\/\/www.bellunopress.it\/fr\/wp-json\/wp\/v2\/media?parent=146202"}],"wp:term":[{"taxonomy":"category","embeddable":true,"href":"https:\/\/www.bellunopress.it\/fr\/wp-json\/wp\/v2\/categories?post=146202"},{"taxonomy":"post_tag","embeddable":true,"href":"https:\/\/www.bellunopress.it\/fr\/wp-json\/wp\/v2\/tags?post=146202"}],"curies":[{"name":"wp","href":"https:\/\/api.w.org\/{rel}","templated":true}]}}