{"id":146200,"date":"2023-11-26T08:28:31","date_gmt":"2023-11-26T07:28:31","guid":{"rendered":"https:\/\/www.bellunopress.it\/?p=146200"},"modified":"2023-11-26T09:07:22","modified_gmt":"2023-11-26T08:07:22","slug":"berton-alla-guida-di-anfao-le-congratulazioni-del-presidente-padrin-passione-competenza-e-impegno-per-un-settore-chiave-del-made-in-italy","status":"publish","type":"post","link":"https:\/\/www.bellunopress.it\/fr\/2023\/11\/26\/berton-alla-guida-di-anfao-le-congratulazioni-del-presidente-padrin-passione-competenza-e-impegno-per-un-settore-chiave-del-made-in-italy\/","title":{"rendered":"Berton alla guida di Anfao. Le congratulazioni di Padrin e Zaia: \u00abPassione, competenza e impegno per un settore chiave del Made in Italy\u00bb"},"content":{"rendered":"<p><img loading=\"lazy\" decoding=\"async\" class=\"alignleft size-full wp-image-144899\" src=\"https:\/\/www.bellunopress.it\/wp-content\/uploads\/2023\/10\/Roberto-Padrin-1.jpg\" alt=\"\" width=\"553\" height=\"466\" srcset=\"https:\/\/www.bellunopress.it\/wp-content\/uploads\/2023\/10\/Roberto-Padrin-1.jpg 553w, https:\/\/www.bellunopress.it\/wp-content\/uploads\/2023\/10\/Roberto-Padrin-1-500x421.jpg 500w\" sizes=\"auto, (max-width: 553px) 100vw, 553px\" \/>\u00abL&#8217;occhialeria \u00e8 in buonissime mani. Lorraine Berton ha dato prova di grande passione, competenza e impegno alla guida di Confindustria Belluno Dolomiti e come vicepresidente Anfao. Tutte qualit\u00e0 che sapr\u00e0 profondere ancora, dando valore al lavoro di tante aziende del nostro territorio in un settore chiave del Made in Italy\u00bb.<\/p>\n<p>Cos\u00ec il presidente della Provincia di Belluno Roberto Padrin, alla notizia della nomina di Lorraine Berton a presidente di Anfao, l&#8217;Associazione nazionale fabbricanti articoli ottici di Confindustria.<\/p>\n<figure id=\"attachment_64947\" aria-describedby=\"caption-attachment-64947\" style=\"width: 287px\" class=\"wp-caption alignleft\"><img loading=\"lazy\" decoding=\"async\" class=\"size-full wp-image-64947\" src=\"https:\/\/www.bellunopress.it\/wp-content\/uploads\/2014\/12\/Lorraine-Berton-1.jpg\" alt=\"\" width=\"287\" height=\"290\" \/><figcaption id=\"caption-attachment-64947\" class=\"wp-caption-text\">Lorraine Berton<\/figcaption><\/figure>\n<p>\u00abLa grinta e la determinazione di Lorraine Berton saranno certamente punti di valore nelle sfide che Anfao dovr\u00e0 affrontare nel prossimo futuro, in un mondo globalizzato che propone sempre cambiamenti e anche grandi occasioni. Il suo essere bellunese, conoscitrice profonda di un prodotto che ha le sue radici storiche nel nostro territorio e che ancora oggi ha qui non solo il suo distretto produttivo ma anche una frizzantezza economica ineguagliabile, sar\u00e0 un valore aggiunto. Senza contare che Anfao nel 1992 ha dato vita a Certottica, diventato oggi socio di riferimento, ente certificatore e indiscusso strumento di ricerca e innovazione per il settore oltre che fiore all&#8217;occhiello del nostro territorio\u00bb.<br \/>\n\u00abAuguro buon lavoro alla nuova presidente\u00bb conclude il presidente Padrin. \u00abE anni di successo ad Anfao e all&#8217;occhialeria\u00bb.<\/p>\n<figure id=\"attachment_107382\" aria-describedby=\"caption-attachment-107382\" style=\"width: 241px\" class=\"wp-caption alignleft\"><img loading=\"lazy\" decoding=\"async\" class=\"size-full wp-image-107382\" src=\"https:\/\/www.bellunopress.it\/wp-content\/uploads\/2019\/08\/Luca-Zaia.jpg\" alt=\"\" width=\"241\" height=\"300\" \/><figcaption id=\"caption-attachment-107382\" class=\"wp-caption-text\">Luca Zaia, presidente della Regione del Veneto<\/figcaption><\/figure>\n<p>\u201cI miei complimenti a Lorraine Berton, presidente di Confindustria Belluno Dolomiti, eletta ieri alla guida di Anfao, l\u2019Associazione Nazionale Fabbricanti Articoli Ottici. Un incarico prestigioso che per la prima volta vede una donna al vertice. Auguro alla nuova presidente, che guider\u00e0 l\u2019Associazione per i prossimi quattro anni, un proficuo lavoro all\u2019insegna dell\u2019innovazione e dello sviluppo sostenibile, le sfide che la velocit\u00e0 del mercato ci impone\u201d.<\/p>\n<p>Cos\u00ec il Presidente del Veneto Luca Zaia ha voluto congratularsi per la nuova nomina di Lorraine Berton, eletta in occasione dell\u2019assemblea di fine anno, presidente di Anfao, al posto di Giovanni Vitaloni, che ha ricoperto l\u2019incarico dal 2017.<\/p>\n<p>\u201cGi\u00e0 vicepresidente Anfao con delega alle Relazioni Industriali &#8211; ha sottolineato Zaia &#8211; Lorraine Beron ha una grande esperienza nel settore e sono sicuro riuscir\u00e0 a portare avanti i valori che hanno guidato finora l\u2019Associazione per lo sviluppo della manifattura e del Made in Italy. Un ringraziamento per il lavoro svolto a Giovanni Vitaloni, che ha contraddistinto la sua presidenza per la trasparenza, l\u2019innovazione e la qualit\u00e0 delle scelte compiute\u201d.<\/p>\n<p>&nbsp;<\/p>\n<p>&nbsp;<\/p>","protected":false},"excerpt":{"rendered":"<p>\u00abL&#8217;occhialeria \u00e8 in buonissime mani. Lorraine Berton ha dato prova di grande passione, competenza e impegno alla guida di Confindustria Belluno Dolomiti e come vicepresidente Anfao. Tutte qualit\u00e0 che sapr\u00e0 profondere ancora, dando valore al lavoro di tante aziende del nostro territorio in un settore chiave del Made in Italy\u00bb. Cos\u00ec il presidente della Provincia [&hellip;]<\/p>\n","protected":false},"author":2,"featured_media":144899,"comment_status":"closed","ping_status":"open","sticky":false,"template":"","format":"standard","meta":{"footnotes":""},"categories":[36],"tags":[],"class_list":["post-146200","post","type-post","status-publish","format-standard","has-post-thumbnail","category-lavoro-economia"],"yoast_head":"<!-- This site is optimized with the Yoast SEO plugin v28.4 - https:\/\/yoast.com\/product\/yoast-seo-wordpress\/ -->\n<title>Berton alla guida di Anfao. Le congratulazioni di Padrin e Zaia: \u00abPassione, competenza e impegno per un settore chiave del Made in Italy\u00bb - Bellunopress - Dolomiti<\/title>\n<meta name=\"robots\" content=\"index, follow, max-snippet:-1, max-image-preview:large, max-video-preview:-1\" \/>\n<link rel=\"canonical\" href=\"https:\/\/www.bellunopress.it\/fr\/2023\/11\/26\/berton-alla-guida-di-anfao-le-congratulazioni-del-presidente-padrin-passione-competenza-e-impegno-per-un-settore-chiave-del-made-in-italy\/\" \/>\n<meta property=\"og:locale\" content=\"fr_FR\" \/>\n<meta property=\"og:type\" content=\"article\" \/>\n<meta property=\"og:title\" content=\"Berton alla guida di Anfao. Le congratulazioni di Padrin e Zaia: \u00abPassione, competenza e impegno per un settore chiave del Made in Italy\u00bb - Bellunopress - Dolomiti\" \/>\n<meta property=\"og:description\" content=\"\u00abL&#8217;occhialeria \u00e8 in buonissime mani. Lorraine Berton ha dato prova di grande passione, competenza e impegno alla guida di Confindustria Belluno Dolomiti e come vicepresidente Anfao. Tutte qualit\u00e0 che sapr\u00e0 profondere ancora, dando valore al lavoro di tante aziende del nostro territorio in un settore chiave del Made in Italy\u00bb. Cos\u00ec il presidente della Provincia [&hellip;]\" \/>\n<meta property=\"og:url\" content=\"https:\/\/www.bellunopress.it\/fr\/2023\/11\/26\/berton-alla-guida-di-anfao-le-congratulazioni-del-presidente-padrin-passione-competenza-e-impegno-per-un-settore-chiave-del-made-in-italy\/\" \/>\n<meta property=\"og:site_name\" content=\"Bellunopress - Dolomiti\" \/>\n<meta property=\"article:publisher\" content=\"https:\/\/www.facebook.com\/profile.php?id=100008943462799\" \/>\n<meta property=\"article:published_time\" content=\"2023-11-26T07:28:31+00:00\" \/>\n<meta property=\"article:modified_time\" content=\"2023-11-26T08:07:22+00:00\" \/>\n<meta property=\"og:image\" content=\"https:\/\/www.bellunopress.it\/wp-content\/uploads\/2023\/10\/Roberto-Padrin-1.jpg\" \/>\n\t<meta property=\"og:image:width\" content=\"553\" \/>\n\t<meta property=\"og:image:height\" content=\"466\" \/>\n\t<meta property=\"og:image:type\" content=\"image\/jpeg\" \/>\n<meta name=\"author\" content=\"redazione\" \/>\n<meta name=\"twitter:card\" content=\"summary_large_image\" \/>\n<meta name=\"twitter:creator\" content=\"@bellunopress\" \/>\n<meta name=\"twitter:site\" content=\"@bellunopress\" \/>\n<meta name=\"twitter:label1\" content=\"\u00c9crit par\" \/>\n\t<meta name=\"twitter:data1\" content=\"redazione\" \/>\n\t<meta name=\"twitter:label2\" content=\"Dur\u00e9e de lecture estim\u00e9e\" \/>\n\t<meta name=\"twitter:data2\" content=\"2 minutes\" \/>\n<script type=\"application\/ld+json\" class=\"yoast-schema-graph\">{\"@context\":\"https:\\\/\\\/schema.org\",\"@graph\":[{\"@type\":\"Article\",\"@id\":\"https:\\\/\\\/www.bellunopress.it\\\/2023\\\/11\\\/26\\\/berton-alla-guida-di-anfao-le-congratulazioni-del-presidente-padrin-passione-competenza-e-impegno-per-un-settore-chiave-del-made-in-italy\\\/#article\",\"isPartOf\":{\"@id\":\"https:\\\/\\\/www.bellunopress.it\\\/2023\\\/11\\\/26\\\/berton-alla-guida-di-anfao-le-congratulazioni-del-presidente-padrin-passione-competenza-e-impegno-per-un-settore-chiave-del-made-in-italy\\\/\"},\"author\":{\"name\":\"redazione\",\"@id\":\"https:\\\/\\\/www.bellunopress.it\\\/#\\\/schema\\\/person\\\/79bb06722b37ece1c03d3e94beb30d73\"},\"headline\":\"Berton alla guida di Anfao. Le congratulazioni di Padrin e Zaia: \u00abPassione, competenza e impegno per un settore chiave del Made in Italy\u00bb\",\"datePublished\":\"2023-11-26T07:28:31+00:00\",\"dateModified\":\"2023-11-26T08:07:22+00:00\",\"mainEntityOfPage\":{\"@id\":\"https:\\\/\\\/www.bellunopress.it\\\/2023\\\/11\\\/26\\\/berton-alla-guida-di-anfao-le-congratulazioni-del-presidente-padrin-passione-competenza-e-impegno-per-un-settore-chiave-del-made-in-italy\\\/\"},\"wordCount\":434,\"publisher\":{\"@id\":\"https:\\\/\\\/www.bellunopress.it\\\/#organization\"},\"image\":{\"@id\":\"https:\\\/\\\/www.bellunopress.it\\\/2023\\\/11\\\/26\\\/berton-alla-guida-di-anfao-le-congratulazioni-del-presidente-padrin-passione-competenza-e-impegno-per-un-settore-chiave-del-made-in-italy\\\/#primaryimage\"},\"thumbnailUrl\":\"https:\\\/\\\/www.bellunopress.it\\\/wp-content\\\/uploads\\\/2023\\\/10\\\/Roberto-Padrin-1.jpg\",\"articleSection\":[\"Lavoro, Economia, Turismo\"],\"inLanguage\":\"fr-FR\"},{\"@type\":\"WebPage\",\"@id\":\"https:\\\/\\\/www.bellunopress.it\\\/2023\\\/11\\\/26\\\/berton-alla-guida-di-anfao-le-congratulazioni-del-presidente-padrin-passione-competenza-e-impegno-per-un-settore-chiave-del-made-in-italy\\\/\",\"url\":\"https:\\\/\\\/www.bellunopress.it\\\/2023\\\/11\\\/26\\\/berton-alla-guida-di-anfao-le-congratulazioni-del-presidente-padrin-passione-competenza-e-impegno-per-un-settore-chiave-del-made-in-italy\\\/\",\"name\":\"Berton alla guida di Anfao. Le congratulazioni di Padrin e Zaia: \u00abPassione, competenza e impegno per un settore chiave del Made in Italy\u00bb - Bellunopress - Dolomiti\",\"isPartOf\":{\"@id\":\"https:\\\/\\\/www.bellunopress.it\\\/#website\"},\"primaryImageOfPage\":{\"@id\":\"https:\\\/\\\/www.bellunopress.it\\\/2023\\\/11\\\/26\\\/berton-alla-guida-di-anfao-le-congratulazioni-del-presidente-padrin-passione-competenza-e-impegno-per-un-settore-chiave-del-made-in-italy\\\/#primaryimage\"},\"image\":{\"@id\":\"https:\\\/\\\/www.bellunopress.it\\\/2023\\\/11\\\/26\\\/berton-alla-guida-di-anfao-le-congratulazioni-del-presidente-padrin-passione-competenza-e-impegno-per-un-settore-chiave-del-made-in-italy\\\/#primaryimage\"},\"thumbnailUrl\":\"https:\\\/\\\/www.bellunopress.it\\\/wp-content\\\/uploads\\\/2023\\\/10\\\/Roberto-Padrin-1.jpg\",\"datePublished\":\"2023-11-26T07:28:31+00:00\",\"dateModified\":\"2023-11-26T08:07:22+00:00\",\"breadcrumb\":{\"@id\":\"https:\\\/\\\/www.bellunopress.it\\\/2023\\\/11\\\/26\\\/berton-alla-guida-di-anfao-le-congratulazioni-del-presidente-padrin-passione-competenza-e-impegno-per-un-settore-chiave-del-made-in-italy\\\/#breadcrumb\"},\"inLanguage\":\"fr-FR\",\"potentialAction\":[{\"@type\":\"ReadAction\",\"target\":[\"https:\\\/\\\/www.bellunopress.it\\\/2023\\\/11\\\/26\\\/berton-alla-guida-di-anfao-le-congratulazioni-del-presidente-padrin-passione-competenza-e-impegno-per-un-settore-chiave-del-made-in-italy\\\/\"]}]},{\"@type\":\"ImageObject\",\"inLanguage\":\"fr-FR\",\"@id\":\"https:\\\/\\\/www.bellunopress.it\\\/2023\\\/11\\\/26\\\/berton-alla-guida-di-anfao-le-congratulazioni-del-presidente-padrin-passione-competenza-e-impegno-per-un-settore-chiave-del-made-in-italy\\\/#primaryimage\",\"url\":\"https:\\\/\\\/www.bellunopress.it\\\/wp-content\\\/uploads\\\/2023\\\/10\\\/Roberto-Padrin-1.jpg\",\"contentUrl\":\"https:\\\/\\\/www.bellunopress.it\\\/wp-content\\\/uploads\\\/2023\\\/10\\\/Roberto-Padrin-1.jpg\",\"width\":553,\"height\":466,\"caption\":\"Roberto Padrin, presidente della Provincia e presidente Fondazione Dolomiti Unesco Fondazione\"},{\"@type\":\"BreadcrumbList\",\"@id\":\"https:\\\/\\\/www.bellunopress.it\\\/2023\\\/11\\\/26\\\/berton-alla-guida-di-anfao-le-congratulazioni-del-presidente-padrin-passione-competenza-e-impegno-per-un-settore-chiave-del-made-in-italy\\\/#breadcrumb\",\"itemListElement\":[{\"@type\":\"ListItem\",\"position\":1,\"name\":\"Home\",\"item\":\"https:\\\/\\\/www.bellunopress.it\\\/\"},{\"@type\":\"ListItem\",\"position\":2,\"name\":\"Berton alla guida di Anfao. Le congratulazioni di Padrin e Zaia: \u00abPassione, competenza e impegno per un settore chiave del Made in Italy\u00bb\"}]},{\"@type\":\"WebSite\",\"@id\":\"https:\\\/\\\/www.bellunopress.it\\\/#website\",\"url\":\"https:\\\/\\\/www.bellunopress.it\\\/\",\"name\":\"Bellunopress - Dolomiti\",\"description\":\"e-mail: redazione@bellunopress.it\",\"publisher\":{\"@id\":\"https:\\\/\\\/www.bellunopress.it\\\/#organization\"},\"potentialAction\":[{\"@type\":\"SearchAction\",\"target\":{\"@type\":\"EntryPoint\",\"urlTemplate\":\"https:\\\/\\\/www.bellunopress.it\\\/?s={search_term_string}\"},\"query-input\":{\"@type\":\"PropertyValueSpecification\",\"valueRequired\":true,\"valueName\":\"search_term_string\"}}],\"inLanguage\":\"fr-FR\"},{\"@type\":\"Organization\",\"@id\":\"https:\\\/\\\/www.bellunopress.it\\\/#organization\",\"name\":\"Bellunopress\",\"url\":\"https:\\\/\\\/www.bellunopress.it\\\/\",\"logo\":{\"@type\":\"ImageObject\",\"inLanguage\":\"fr-FR\",\"@id\":\"https:\\\/\\\/www.bellunopress.it\\\/#\\\/schema\\\/logo\\\/image\\\/\",\"url\":\"https:\\\/\\\/www.bellunopress.it\\\/wp-content\\\/uploads\\\/2011\\\/05\\\/cropped-logo-bellunopress-.jpg\",\"contentUrl\":\"https:\\\/\\\/www.bellunopress.it\\\/wp-content\\\/uploads\\\/2011\\\/05\\\/cropped-logo-bellunopress-.jpg\",\"width\":512,\"height\":512,\"caption\":\"Bellunopress\"},\"image\":{\"@id\":\"https:\\\/\\\/www.bellunopress.it\\\/#\\\/schema\\\/logo\\\/image\\\/\"},\"sameAs\":[\"https:\\\/\\\/www.facebook.com\\\/profile.php?id=100008943462799\",\"https:\\\/\\\/x.com\\\/bellunopress\",\"https:\\\/\\\/www.linkedin.com\\\/hp\\\/?dnr=JBzUWaJfMUw8vbXJJ2tVW5-I3jZKvC4wsoxE&amp;amp;amp;amp;amp;amp;trk=nav_responsive_tab_home\",\"https:\\\/\\\/www.youtube.com\\\/channel\\\/UCxL0wu1uN0_3_7hGG0306cw\"]},{\"@type\":\"Person\",\"@id\":\"https:\\\/\\\/www.bellunopress.it\\\/#\\\/schema\\\/person\\\/79bb06722b37ece1c03d3e94beb30d73\",\"name\":\"redazione\",\"image\":{\"@type\":\"ImageObject\",\"inLanguage\":\"fr-FR\",\"@id\":\"https:\\\/\\\/secure.gravatar.com\\\/avatar\\\/37d968a2e67a6fd04c169c4bdef102d0bc5d31b2546345219e348575eb80e9a0?s=96&d=mm&r=g\",\"url\":\"https:\\\/\\\/secure.gravatar.com\\\/avatar\\\/37d968a2e67a6fd04c169c4bdef102d0bc5d31b2546345219e348575eb80e9a0?s=96&d=mm&r=g\",\"contentUrl\":\"https:\\\/\\\/secure.gravatar.com\\\/avatar\\\/37d968a2e67a6fd04c169c4bdef102d0bc5d31b2546345219e348575eb80e9a0?s=96&d=mm&r=g\",\"caption\":\"redazione\"},\"sameAs\":[\"http:\\\/\\\/www.bellunopress.it\",\"https:\\\/\\\/x.com\\\/bellunopress\"],\"url\":\"https:\\\/\\\/www.bellunopress.it\\\/fr\\\/author\\\/redazione\\\/\"}]}<\/script>\n<!-- \/ Yoast SEO plugin. -->","yoast_head_json":{"title":"Berton alla guida di Anfao. Le congratulazioni di Padrin e Zaia: \u00abPassione, competenza e impegno per un settore chiave del Made in Italy\u00bb - Bellunopress - Dolomiti","robots":{"index":"index","follow":"follow","max-snippet":"max-snippet:-1","max-image-preview":"max-image-preview:large","max-video-preview":"max-video-preview:-1"},"canonical":"https:\/\/www.bellunopress.it\/fr\/2023\/11\/26\/berton-alla-guida-di-anfao-le-congratulazioni-del-presidente-padrin-passione-competenza-e-impegno-per-un-settore-chiave-del-made-in-italy\/","og_locale":"fr_FR","og_type":"article","og_title":"Berton alla guida di Anfao. Le congratulazioni di Padrin e Zaia: \u00abPassione, competenza e impegno per un settore chiave del Made in Italy\u00bb - Bellunopress - Dolomiti","og_description":"\u00abL&#8217;occhialeria \u00e8 in buonissime mani. Lorraine Berton ha dato prova di grande passione, competenza e impegno alla guida di Confindustria Belluno Dolomiti e come vicepresidente Anfao. Tutte qualit\u00e0 che sapr\u00e0 profondere ancora, dando valore al lavoro di tante aziende del nostro territorio in un settore chiave del Made in Italy\u00bb. Cos\u00ec il presidente della Provincia [&hellip;]","og_url":"https:\/\/www.bellunopress.it\/fr\/2023\/11\/26\/berton-alla-guida-di-anfao-le-congratulazioni-del-presidente-padrin-passione-competenza-e-impegno-per-un-settore-chiave-del-made-in-italy\/","og_site_name":"Bellunopress - Dolomiti","article_publisher":"https:\/\/www.facebook.com\/profile.php?id=100008943462799","article_published_time":"2023-11-26T07:28:31+00:00","article_modified_time":"2023-11-26T08:07:22+00:00","og_image":[{"width":553,"height":466,"url":"https:\/\/www.bellunopress.it\/wp-content\/uploads\/2023\/10\/Roberto-Padrin-1.jpg","type":"image\/jpeg"}],"author":"redazione","twitter_card":"summary_large_image","twitter_creator":"@bellunopress","twitter_site":"@bellunopress","twitter_misc":{"\u00c9crit par":"redazione","Dur\u00e9e de lecture estim\u00e9e":"2 minutes"},"schema":{"@context":"https:\/\/schema.org","@graph":[{"@type":"Article","@id":"https:\/\/www.bellunopress.it\/2023\/11\/26\/berton-alla-guida-di-anfao-le-congratulazioni-del-presidente-padrin-passione-competenza-e-impegno-per-un-settore-chiave-del-made-in-italy\/#article","isPartOf":{"@id":"https:\/\/www.bellunopress.it\/2023\/11\/26\/berton-alla-guida-di-anfao-le-congratulazioni-del-presidente-padrin-passione-competenza-e-impegno-per-un-settore-chiave-del-made-in-italy\/"},"author":{"name":"redazione","@id":"https:\/\/www.bellunopress.it\/#\/schema\/person\/79bb06722b37ece1c03d3e94beb30d73"},"headline":"Berton alla guida di Anfao. Le congratulazioni di Padrin e Zaia: \u00abPassione, competenza e impegno per un settore chiave del Made in Italy\u00bb","datePublished":"2023-11-26T07:28:31+00:00","dateModified":"2023-11-26T08:07:22+00:00","mainEntityOfPage":{"@id":"https:\/\/www.bellunopress.it\/2023\/11\/26\/berton-alla-guida-di-anfao-le-congratulazioni-del-presidente-padrin-passione-competenza-e-impegno-per-un-settore-chiave-del-made-in-italy\/"},"wordCount":434,"publisher":{"@id":"https:\/\/www.bellunopress.it\/#organization"},"image":{"@id":"https:\/\/www.bellunopress.it\/2023\/11\/26\/berton-alla-guida-di-anfao-le-congratulazioni-del-presidente-padrin-passione-competenza-e-impegno-per-un-settore-chiave-del-made-in-italy\/#primaryimage"},"thumbnailUrl":"https:\/\/www.bellunopress.it\/wp-content\/uploads\/2023\/10\/Roberto-Padrin-1.jpg","articleSection":["Lavoro, Economia, Turismo"],"inLanguage":"fr-FR"},{"@type":"WebPage","@id":"https:\/\/www.bellunopress.it\/2023\/11\/26\/berton-alla-guida-di-anfao-le-congratulazioni-del-presidente-padrin-passione-competenza-e-impegno-per-un-settore-chiave-del-made-in-italy\/","url":"https:\/\/www.bellunopress.it\/2023\/11\/26\/berton-alla-guida-di-anfao-le-congratulazioni-del-presidente-padrin-passione-competenza-e-impegno-per-un-settore-chiave-del-made-in-italy\/","name":"Berton alla guida di Anfao. Le congratulazioni di Padrin e Zaia: \u00abPassione, competenza e impegno per un settore chiave del Made in Italy\u00bb - Bellunopress - Dolomiti","isPartOf":{"@id":"https:\/\/www.bellunopress.it\/#website"},"primaryImageOfPage":{"@id":"https:\/\/www.bellunopress.it\/2023\/11\/26\/berton-alla-guida-di-anfao-le-congratulazioni-del-presidente-padrin-passione-competenza-e-impegno-per-un-settore-chiave-del-made-in-italy\/#primaryimage"},"image":{"@id":"https:\/\/www.bellunopress.it\/2023\/11\/26\/berton-alla-guida-di-anfao-le-congratulazioni-del-presidente-padrin-passione-competenza-e-impegno-per-un-settore-chiave-del-made-in-italy\/#primaryimage"},"thumbnailUrl":"https:\/\/www.bellunopress.it\/wp-content\/uploads\/2023\/10\/Roberto-Padrin-1.jpg","datePublished":"2023-11-26T07:28:31+00:00","dateModified":"2023-11-26T08:07:22+00:00","breadcrumb":{"@id":"https:\/\/www.bellunopress.it\/2023\/11\/26\/berton-alla-guida-di-anfao-le-congratulazioni-del-presidente-padrin-passione-competenza-e-impegno-per-un-settore-chiave-del-made-in-italy\/#breadcrumb"},"inLanguage":"fr-FR","potentialAction":[{"@type":"ReadAction","target":["https:\/\/www.bellunopress.it\/2023\/11\/26\/berton-alla-guida-di-anfao-le-congratulazioni-del-presidente-padrin-passione-competenza-e-impegno-per-un-settore-chiave-del-made-in-italy\/"]}]},{"@type":"ImageObject","inLanguage":"fr-FR","@id":"https:\/\/www.bellunopress.it\/2023\/11\/26\/berton-alla-guida-di-anfao-le-congratulazioni-del-presidente-padrin-passione-competenza-e-impegno-per-un-settore-chiave-del-made-in-italy\/#primaryimage","url":"https:\/\/www.bellunopress.it\/wp-content\/uploads\/2023\/10\/Roberto-Padrin-1.jpg","contentUrl":"https:\/\/www.bellunopress.it\/wp-content\/uploads\/2023\/10\/Roberto-Padrin-1.jpg","width":553,"height":466,"caption":"Roberto Padrin, presidente della Provincia e presidente Fondazione Dolomiti Unesco Fondazione"},{"@type":"BreadcrumbList","@id":"https:\/\/www.bellunopress.it\/2023\/11\/26\/berton-alla-guida-di-anfao-le-congratulazioni-del-presidente-padrin-passione-competenza-e-impegno-per-un-settore-chiave-del-made-in-italy\/#breadcrumb","itemListElement":[{"@type":"ListItem","position":1,"name":"Home","item":"https:\/\/www.bellunopress.it\/"},{"@type":"ListItem","position":2,"name":"Berton alla guida di Anfao. Le congratulazioni di Padrin e Zaia: \u00abPassione, competenza e impegno per un settore chiave del Made in Italy\u00bb"}]},{"@type":"WebSite","@id":"https:\/\/www.bellunopress.it\/#website","url":"https:\/\/www.bellunopress.it\/","name":"Bellunopress - Dolomiti","description":"e-mail: redazione@bellunopress.it","publisher":{"@id":"https:\/\/www.bellunopress.it\/#organization"},"potentialAction":[{"@type":"SearchAction","target":{"@type":"EntryPoint","urlTemplate":"https:\/\/www.bellunopress.it\/?s={search_term_string}"},"query-input":{"@type":"PropertyValueSpecification","valueRequired":true,"valueName":"search_term_string"}}],"inLanguage":"fr-FR"},{"@type":"Organization","@id":"https:\/\/www.bellunopress.it\/#organization","name":"Bellunopress","url":"https:\/\/www.bellunopress.it\/","logo":{"@type":"ImageObject","inLanguage":"fr-FR","@id":"https:\/\/www.bellunopress.it\/#\/schema\/logo\/image\/","url":"https:\/\/www.bellunopress.it\/wp-content\/uploads\/2011\/05\/cropped-logo-bellunopress-.jpg","contentUrl":"https:\/\/www.bellunopress.it\/wp-content\/uploads\/2011\/05\/cropped-logo-bellunopress-.jpg","width":512,"height":512,"caption":"Bellunopress"},"image":{"@id":"https:\/\/www.bellunopress.it\/#\/schema\/logo\/image\/"},"sameAs":["https:\/\/www.facebook.com\/profile.php?id=100008943462799","https:\/\/x.com\/bellunopress","https:\/\/www.linkedin.com\/hp\/?dnr=JBzUWaJfMUw8vbXJJ2tVW5-I3jZKvC4wsoxE&amp;amp;amp;amp;amp;amp;trk=nav_responsive_tab_home","https:\/\/www.youtube.com\/channel\/UCxL0wu1uN0_3_7hGG0306cw"]},{"@type":"Person","@id":"https:\/\/www.bellunopress.it\/#\/schema\/person\/79bb06722b37ece1c03d3e94beb30d73","name":"r\u00e9daction","image":{"@type":"ImageObject","inLanguage":"fr-FR","@id":"https:\/\/secure.gravatar.com\/avatar\/37d968a2e67a6fd04c169c4bdef102d0bc5d31b2546345219e348575eb80e9a0?s=96&d=mm&r=g","url":"https:\/\/secure.gravatar.com\/avatar\/37d968a2e67a6fd04c169c4bdef102d0bc5d31b2546345219e348575eb80e9a0?s=96&d=mm&r=g","contentUrl":"https:\/\/secure.gravatar.com\/avatar\/37d968a2e67a6fd04c169c4bdef102d0bc5d31b2546345219e348575eb80e9a0?s=96&d=mm&r=g","caption":"redazione"},"sameAs":["http:\/\/www.bellunopress.it","https:\/\/x.com\/bellunopress"],"url":"https:\/\/www.bellunopress.it\/fr\/author\/redazione\/"}]}},"_links":{"self":[{"href":"https:\/\/www.bellunopress.it\/fr\/wp-json\/wp\/v2\/posts\/146200","targetHints":{"allow":["GET"]}}],"collection":[{"href":"https:\/\/www.bellunopress.it\/fr\/wp-json\/wp\/v2\/posts"}],"about":[{"href":"https:\/\/www.bellunopress.it\/fr\/wp-json\/wp\/v2\/types\/post"}],"author":[{"embeddable":true,"href":"https:\/\/www.bellunopress.it\/fr\/wp-json\/wp\/v2\/users\/2"}],"replies":[{"embeddable":true,"href":"https:\/\/www.bellunopress.it\/fr\/wp-json\/wp\/v2\/comments?post=146200"}],"version-history":[{"count":2,"href":"https:\/\/www.bellunopress.it\/fr\/wp-json\/wp\/v2\/posts\/146200\/revisions"}],"predecessor-version":[{"id":146209,"href":"https:\/\/www.bellunopress.it\/fr\/wp-json\/wp\/v2\/posts\/146200\/revisions\/146209"}],"wp:featuredmedia":[{"embeddable":true,"href":"https:\/\/www.bellunopress.it\/fr\/wp-json\/wp\/v2\/media\/144899"}],"wp:attachment":[{"href":"https:\/\/www.bellunopress.it\/fr\/wp-json\/wp\/v2\/media?parent=146200"}],"wp:term":[{"taxonomy":"category","embeddable":true,"href":"https:\/\/www.bellunopress.it\/fr\/wp-json\/wp\/v2\/categories?post=146200"},{"taxonomy":"post_tag","embeddable":true,"href":"https:\/\/www.bellunopress.it\/fr\/wp-json\/wp\/v2\/tags?post=146200"}],"curies":[{"name":"wp","href":"https:\/\/api.w.org\/{rel}","templated":true}]}}