{"id":146196,"date":"2023-11-26T08:01:12","date_gmt":"2023-11-26T07:01:12","guid":{"rendered":"https:\/\/www.bellunopress.it\/?p=146196"},"modified":"2023-11-26T08:01:12","modified_gmt":"2023-11-26T07:01:12","slug":"legambiente-i-bacini-dolomiti-e-verona-sud-si-aggiudicano-il-titolo-di-bacini-ricicloni","status":"publish","type":"post","link":"https:\/\/www.bellunopress.it\/fr\/2023\/11\/26\/legambiente-i-bacini-dolomiti-e-verona-sud-si-aggiudicano-il-titolo-di-bacini-ricicloni\/","title":{"rendered":"Legambiente. I bacini Dolomiti e Verona Sud si aggiudicano il titolo di \u201cBacini Ricicloni\u201d\u00a0"},"content":{"rendered":"<div class=\"ow-appLayout-hbox ow-appLayout-mail\">\n<div class=\"ow-appLayout-flex ow-appLayout-hbox\">\n<div class=\"SplitPane ow-mail-SplitPane vertical\">\n<div class=\"Pane vertical Pane2\">\n<div class=\"ow-appLayout-flex ow-appLayout-vbox\">\n<div class=\"ow-mail-MailView-wrapper ow-layout-flex ow-appLayout-hbox\">\n<div class=\"ow-mail-PreviewNone-preveiw-wrapper\">\n<div class=\"ow-mail-MailPreviewFull ow-mail-MailPreviewLocalize\">\n<div class=\"ow-mail-MailPreview\">\n<div class=\"ow-mail-MailPreview-list\">\n<div class=\"ow-mail-MailPreviewDetail-content\">\n<div class=\"ow-mail-MailPreviewBody rich\" role=\"presentation\">\n<div dir=\"ltr\">\n<p dir=\"ltr\"><img loading=\"lazy\" decoding=\"async\" class=\"alignleft size-full wp-image-122315\" src=\"https:\/\/www.bellunopress.it\/wp-content\/uploads\/2021\/03\/Legambiente_edited.jpg\" alt=\"\" width=\"1000\" height=\"608\" srcset=\"https:\/\/www.bellunopress.it\/wp-content\/uploads\/2021\/03\/Legambiente_edited.jpg 1000w, https:\/\/www.bellunopress.it\/wp-content\/uploads\/2021\/03\/Legambiente_edited-500x304.jpg 500w, https:\/\/www.bellunopress.it\/wp-content\/uploads\/2021\/03\/Legambiente_edited-696x423.jpg 696w, https:\/\/www.bellunopress.it\/wp-content\/uploads\/2021\/03\/Legambiente_edited-691x420.jpg 691w\" sizes=\"auto, (max-width: 1000px) 100vw, 1000px\" \/>Presentato ieri nella splendida cornice del Castello di Roncade (Treviso) il dossier Comuni Ricicloni Veneto 2023, il rapporto regionale di Legambiente che analizza i dati della raccolta differenziata del 2022. I dati elaborati da Legambiente sono forniti dall\u2019Osservatorio di ARPAV che li raccoglie e li elabora con cura e dettaglio.<\/p>\n<p dir=\"ltr\"><a title=\"https:\/\/drive.google.com\/drive\/u\/1\/folders\/1orOZ6NFfQZ_0SWNhWo_9Q5a5Wk8Bz1ex\" href=\"https:\/\/drive.google.com\/drive\/u\/1\/folders\/1orOZ6NFfQZ_0SWNhWo_9Q5a5Wk8Bz1ex\" target=\"_blank\" rel=\"noopener\">scarica qui il rapporto e le classifiche<\/a><\/p>\n<p dir=\"ltr\">Che il Veneto sia un\u2019eccellenza per quanto riguarda la raccolta differenziata dei rifiuti \u00e8 un dato ormai consolidato, ma questo non deve indurci ad accontentarci. I numeri dell\u2019edizione 2023 ci confermano come il passaggio da un\u2019economia di tipo lineare a una di tipo circolare sia possibile a partire dal lavoro di amministrazioni virtuose e sindaci attenti, ma anche che c\u2019\u00e8 ancora molto da fare, dai piccoli Comuni ai centri pi\u00f9 grandi fino alle citt\u00e0, dove stentano a diffondersi sistemi di raccolta che tengono insieme qualit\u00e0 e prevenzione dei rifiuti avviati a smaltimento, primo tra tutti il porta a porta combinato con la tariffazione puntuale. I Comuni Ricicloni sono tanti, ma aumentano a velocita\u0300 ridotta e ad oggi sono quasi 300 i Comuni veneti che devono ancora migliorare le proprie performance entro il 2030 per raggiungere gli obiettivi previsti dall\u2019aggiornamento del Piano Rifiuti del Veneto. Mezzo Veneto \u00e8 ancora indietro e il lavoro che si configura \u00e8 quindi ancora molto ampio e dovr\u00e0 coinvolgere oltre il 55% della popolazione regionale.<\/p>\n<p dir=\"ltr\">Osservando i dati, emerge chiaramente come i Comuni ricicloni pi\u00f9 virtuosi del veneto rappresentano il 24,5% dei Comuni veneti ed il 17,8% della popolazione, pesando sullo smaltimento totale regionale solo per l\u20198,2%; le grandi citt\u00e0 con popolazione sopra i 200.000 abitanti (Padova, Venezia, Verona) con il 15% della popolazione del Veneto, pesano per il 27% in termini di rifiuto a smaltimento.<\/p>\n<p dir=\"ltr\">L\u2019analisi di Legambiente premia con maggiore considerazione i Comuni Ricicloni &#8211; Rifiuti Free che sono quelli che inviano a smaltimento meno di 75 kg di rifiuti all\u2019anno per abitante equivalente. Per il calcolo della classifica rifiuti free non si \u00e8 tenuto solo conto della quantit\u00e0 di secco che viene conferito dai cittadini ma vengono conteggiati anche parte degli scarti della raccolta differenziata. Sono 138 i comuni che raggiungono il prestigioso obiettivo ma questi salgono a 299 se consideriamo quelli che raggiungono solo il titolo di Comune Riciclone ovvero che conferiscono meno di 80 kg di indifferenziata all\u2019anno pro-capite come previsto dal piano rifiuti regionale.<\/p>\n<p dir=\"ltr\">I Comuni pi\u00f9 ricicloni sono i pi\u00f9 piccoli: per la categoria dei comuni con meno di 5000 residenti, guidano la classifica San Gregorio nelle Alpi (Bl) e Cappella Maggiore (Tv) entrambe con 45 kg di rifiuto inviato a smaltimento all\u2019anno per abitante.<\/p>\n<p dir=\"ltr\">Colle Umberto (Tv) comanda la classifica dei comuni un po\u2019 pi\u00f9 popolosi, quelli con popolazione tra i 5000 ed i 15000 abitanti con 47 kg ed il 90% di raccolta differenziata. Vedelago (Tv) si conferma come miglior comune sopra i 15000 abitanti con 54 kg pro-capite ed il 90% di raccolta differenziata.<\/p>\n<p dir=\"ltr\">Una prima piazza tutta trevigiana se non fosse per San Gregorio nelle Alpi (BL) che guida anche la classifica generale con le presentazioni pi\u00f9 green di tutti i Comuni del Veneto.<\/p>\n<p dir=\"ltr\">Purtroppo langue la classifica di Comuni popolosi e rifiuti free: nessun comune con popolazione superiore ai 30000 abitanti riesce a produrre meno di 75 kg di rifiuto a smaltimento pro-capite e ad entrare nella speciale classifica.<\/p>\n<p dir=\"ltr\">Tra i capoluoghi di provincia si conferma comunque il comune di Treviso, la Citt\u00e0 pi\u00f9 riciclona del Veneto, dimostrando che gli obiettivi di una gestione eccellente dei rifiuti sono possibili anche nelle grandi citt\u00e0. Il comune di Treviso riesce a differenziare quasi l\u201987% del rifiuto e manda a smaltimento poco pi\u00f9 di 80 kg di rifiuto. Il capoluogo della marca \u00e8 seguito da Belluno che differenzia l\u201986%. Entrambe escono dalla classifica rifiuti free, ma si possono fregiare del titolo di Comuni Ricicloni. Il comune di Vicenza raggiunge la terza posizione con il 75% di raccolta differenziata. Rovigo, Padova e Venezia seguono rispettivamente con 69%, 64% e 63%. La Citt\u00e0 di Verona rimane invece inchiodata con una capacit\u00e0 di riciclare pari a meno del 54% un gap elevato secondo Legambiente, che evidenzia come sia necessario attenzionare la citt\u00e0 scaligera che dovr\u00e0 presto decidere e comunicare ai suoi cittadini ed a quelli del resto della regione, come intende raggiungere gli obiettivi di sostenibilit\u00e0 previsti dalla legge e dal piano rifiuti del Veneto.<\/p>\n<div dir=\"ltr\" align=\"left\">\n<table>\n<colgroup>\n<col width=\"77\" \/>\n<col width=\"48\" \/>\n<col width=\"79\" \/>\n<col width=\"120\" \/>\n<col width=\"115\" \/>\n<col width=\"115\" \/>\n<col width=\"103\" \/><\/colgroup>\n<tbody>\n<tr>\n<td>\n<p dir=\"ltr\">Comune<\/p>\n<\/td>\n<td>\n<p dir=\"ltr\">Prov<\/p>\n<\/td>\n<td>\n<p dir=\"ltr\">Abitanti<\/p>\n<\/td>\n<td>\n<p dir=\"ltr\">Rifiuto prodotto (kg\/ab_eq_anno)<\/p>\n<\/td>\n<td>\n<p dir=\"ltr\">RUR (kg\/ab_eq_anno)<\/p>\n<\/td>\n<td>\n<p dir=\"ltr\">Rifiuto a smaltimento (kg\/ab_eq_anno)<\/p>\n<\/td>\n<td>\n<p dir=\"ltr\">%RD<\/p>\n<\/td>\n<\/tr>\n<tr>\n<td>\n<p dir=\"ltr\">Treviso<\/p>\n<\/td>\n<td>\n<p dir=\"ltr\">TV<\/p>\n<\/td>\n<td>\n<p dir=\"ltr\">\u00a0 \u00a0 \u00a0 \u00a0 \u00a0 \u00a0 \u00a0 \u00a0 \u00a0 86.279<\/p>\n<\/td>\n<td>\n<p dir=\"ltr\">410<\/p>\n<\/td>\n<td>\n<p dir=\"ltr\">56<\/p>\n<\/td>\n<td>\n<p dir=\"ltr\">83<\/p>\n<\/td>\n<td>\n<p dir=\"ltr\">86,8<\/p>\n<\/td>\n<\/tr>\n<tr>\n<td>\n<p dir=\"ltr\">Belluno<\/p>\n<\/td>\n<td>\n<p dir=\"ltr\">BL<\/p>\n<\/td>\n<td>\n<p dir=\"ltr\">\u00a0 \u00a0 \u00a0 \u00a0 \u00a0 \u00a0 \u00a0 \u00a0 \u00a0 35.305<\/p>\n<\/td>\n<td>\n<p dir=\"ltr\">414<\/p>\n<\/td>\n<td>\n<p dir=\"ltr\">62<\/p>\n<\/td>\n<td>\n<p dir=\"ltr\">102<\/p>\n<\/td>\n<td>\n<p dir=\"ltr\">86,3<\/p>\n<\/td>\n<\/tr>\n<tr>\n<td>\n<p dir=\"ltr\">Vicenza<\/p>\n<\/td>\n<td>\n<p dir=\"ltr\">VI<\/p>\n<\/td>\n<td>\n<p dir=\"ltr\">\u00a0 \u00a0 \u00a0 \u00a0 \u00a0 \u00a0 \u00a0 \u00a0 110.536<\/p>\n<\/td>\n<td>\n<p dir=\"ltr\">583<\/p>\n<\/td>\n<td>\n<p dir=\"ltr\">139<\/p>\n<\/td>\n<td>\n<p dir=\"ltr\">174<\/p>\n<\/td>\n<td>\n<p dir=\"ltr\">75,7<\/p>\n<\/td>\n<\/tr>\n<tr>\n<td>\n<p dir=\"ltr\">Rovigo<\/p>\n<\/td>\n<td>\n<p dir=\"ltr\">RO<\/p>\n<\/td>\n<td>\n<p dir=\"ltr\">\u00a0 \u00a0 \u00a0 \u00a0 \u00a0 \u00a0 \u00a0 \u00a0 \u00a0 50.379<\/p>\n<\/td>\n<td>\n<p dir=\"ltr\">572<\/p>\n<\/td>\n<td>\n<p dir=\"ltr\">169<\/p>\n<\/td>\n<td>\n<p dir=\"ltr\">200<\/p>\n<\/td>\n<td>\n<p dir=\"ltr\">68,6<\/p>\n<\/td>\n<\/tr>\n<tr>\n<td>\n<p dir=\"ltr\">Padova<\/p>\n<\/td>\n<td>\n<p dir=\"ltr\">PD<\/p>\n<\/td>\n<td>\n<p dir=\"ltr\">\u00a0 \u00a0 \u00a0 \u00a0 \u00a0 \u00a0 \u00a0 \u00a0 209.802<\/p>\n<\/td>\n<td>\n<p dir=\"ltr\">525<\/p>\n<\/td>\n<td>\n<p dir=\"ltr\">205<\/p>\n<\/td>\n<td>\n<p dir=\"ltr\">228<\/p>\n<\/td>\n<td>\n<p dir=\"ltr\">64,3<\/p>\n<\/td>\n<\/tr>\n<tr>\n<td>\n<p dir=\"ltr\">Venezia<\/p>\n<\/td>\n<td>\n<p dir=\"ltr\">VE<\/p>\n<\/td>\n<td>\n<p dir=\"ltr\">\u00a0 \u00a0 \u00a0 \u00a0 \u00a0 \u00a0 \u00a0 \u00a0 253.174<\/p>\n<\/td>\n<td>\n<p dir=\"ltr\">549<\/p>\n<\/td>\n<td>\n<p dir=\"ltr\">208<\/p>\n<\/td>\n<td>\n<p dir=\"ltr\">242<\/p>\n<\/td>\n<td>\n<p dir=\"ltr\">62,7<\/p>\n<\/td>\n<\/tr>\n<tr>\n<td>\n<p dir=\"ltr\">Verona<\/p>\n<\/td>\n<td>\n<p dir=\"ltr\">VR<\/p>\n<\/td>\n<td>\n<p dir=\"ltr\">\u00a0 \u00a0 \u00a0 \u00a0 \u00a0 \u00a0 \u00a0 \u00a0 258.334<\/p>\n<\/td>\n<td>\n<p dir=\"ltr\">473<\/p>\n<\/td>\n<td>\n<p dir=\"ltr\">221<\/p>\n<\/td>\n<td>\n<p dir=\"ltr\">239<\/p>\n<\/td>\n<td>\n<p dir=\"ltr\">53,7<\/p>\n<\/td>\n<\/tr>\n<\/tbody>\n<\/table>\n<\/div>\n<p dir=\"ltr\">Per quanto riguarda i consigli di bacino, il primo classificato nella speciale classifica Comuni Ricicloni &#8211; Rifiuti Free \u00e8 quello della Sinistra Piave con una media di 65 kg per abitante e l\u201988% di raccolta differenziata, seguito dal Consiglio di Bacino Priula &#8211; Destra Piave che sebbene raggiunga il 90% di RD si ferma a 67 kg per abitante.<\/p>\n<p dir=\"ltr\">Da segnalare i bacini Dolomiti e Verona Sud che si aggiudicano il titolo di \u201cBacini Ricicloni\u201d.<\/p>\n<div dir=\"ltr\" align=\"left\">\n<table>\n<colgroup>\n<col width=\"175\" \/>\n<col width=\"118\" \/>\n<col width=\"117\" \/>\n<col width=\"119\" \/>\n<col width=\"85\" \/><\/colgroup>\n<tbody>\n<tr>\n<td>\n<p dir=\"ltr\">Bacini<\/p>\n<\/td>\n<td>\n<p dir=\"ltr\">Rifiuto prodotto (kg\/ab_eq_anno)<\/p>\n<\/td>\n<td>\n<p dir=\"ltr\">RUR (kg\/ab_eq_anno)<\/p>\n<\/td>\n<td>\n<p dir=\"ltr\">Rifiuto a smaltimento (kg\/ab_eq_anno)<\/p>\n<\/td>\n<td>\n<p dir=\"ltr\">%RD<\/p>\n<\/td>\n<\/tr>\n<tr>\n<td>\n<p dir=\"ltr\">SINISTRA PIAVE<\/p>\n<\/td>\n<td>\n<p dir=\"ltr\">351<\/p>\n<\/td>\n<td>\n<p dir=\"ltr\">44<\/p>\n<\/td>\n<td>\n<p dir=\"ltr\">65<\/p>\n<\/td>\n<td>\n<p dir=\"ltr\">87,9<\/p>\n<\/td>\n<\/tr>\n<tr>\n<td>\n<p dir=\"ltr\">DESTRA PIAVE<\/p>\n<\/td>\n<td>\n<p dir=\"ltr\">360<\/p>\n<\/td>\n<td>\n<p dir=\"ltr\">40<\/p>\n<\/td>\n<td>\n<p dir=\"ltr\">67<\/p>\n<\/td>\n<td>\n<p dir=\"ltr\">89,9<\/p>\n<\/td>\n<\/tr>\n<tr>\n<td>\n<p dir=\"ltr\">BELLUNO<\/p>\n<\/td>\n<td>\n<p dir=\"ltr\">438<\/p>\n<\/td>\n<td>\n<p dir=\"ltr\">71<\/p>\n<\/td>\n<td>\n<p dir=\"ltr\">97<\/p>\n<\/td>\n<td>\n<p dir=\"ltr\">84,8<\/p>\n<\/td>\n<\/tr>\n<tr>\n<td>\n<p dir=\"ltr\">VERONA SUD<\/p>\n<\/td>\n<td>\n<p dir=\"ltr\">443<\/p>\n<\/td>\n<td>\n<p dir=\"ltr\">80<\/p>\n<\/td>\n<td>\n<p dir=\"ltr\">107<\/p>\n<\/td>\n<td>\n<p dir=\"ltr\">80,2<\/p>\n<\/td>\n<\/tr>\n<tr>\n<td>\n<p dir=\"ltr\">BRENTA<\/p>\n<\/td>\n<td>\n<p dir=\"ltr\">398<\/p>\n<\/td>\n<td>\n<p dir=\"ltr\">94<\/p>\n<\/td>\n<td>\n<p dir=\"ltr\">112<\/p>\n<\/td>\n<td>\n<p dir=\"ltr\">77,6<\/p>\n<\/td>\n<\/tr>\n<tr>\n<td>\n<p dir=\"ltr\">VICENZA<\/p>\n<\/td>\n<td>\n<p dir=\"ltr\">402<\/p>\n<\/td>\n<td>\n<p dir=\"ltr\">86<\/p>\n<\/td>\n<td>\n<p dir=\"ltr\">112<\/p>\n<\/td>\n<td>\n<p dir=\"ltr\">78,3<\/p>\n<\/td>\n<\/tr>\n<tr>\n<td>\n<p dir=\"ltr\">VERONA NORD<\/p>\n<\/td>\n<td>\n<p dir=\"ltr\">454<\/p>\n<\/td>\n<td>\n<p dir=\"ltr\">102<\/p>\n<\/td>\n<td>\n<p dir=\"ltr\">126<\/p>\n<\/td>\n<td>\n<p dir=\"ltr\">78,2<\/p>\n<\/td>\n<\/tr>\n<tr>\n<td>\n<p dir=\"ltr\">PADOVA SUD<\/p>\n<\/td>\n<td>\n<p dir=\"ltr\">452<\/p>\n<\/td>\n<td>\n<p dir=\"ltr\">106<\/p>\n<\/td>\n<td>\n<p dir=\"ltr\">130<\/p>\n<\/td>\n<td>\n<p dir=\"ltr\">77,4<\/p>\n<\/td>\n<\/tr>\n<tr>\n<td>\n<p dir=\"ltr\">ROVIGO<\/p>\n<\/td>\n<td>\n<p dir=\"ltr\">512<\/p>\n<\/td>\n<td>\n<p dir=\"ltr\">137<\/p>\n<\/td>\n<td>\n<p dir=\"ltr\">168<\/p>\n<\/td>\n<td>\n<p dir=\"ltr\">70,8<\/p>\n<\/td>\n<\/tr>\n<tr>\n<td>\n<p dir=\"ltr\">VENEZIA<\/p>\n<\/td>\n<td>\n<p dir=\"ltr\">499<\/p>\n<\/td>\n<td>\n<p dir=\"ltr\">142<\/p>\n<\/td>\n<td>\n<p dir=\"ltr\">171<\/p>\n<\/td>\n<td>\n<p dir=\"ltr\">72,2<\/p>\n<\/td>\n<\/tr>\n<tr>\n<td>\n<p dir=\"ltr\">PADOVA CENTRO<\/p>\n<\/td>\n<td>\n<p dir=\"ltr\">505<\/p>\n<\/td>\n<td>\n<p dir=\"ltr\">202<\/p>\n<\/td>\n<td>\n<p dir=\"ltr\">202<\/p>\n<\/td>\n<td>\n<p dir=\"ltr\">66,9<\/p>\n<\/td>\n<\/tr>\n<tr>\n<td>\n<p dir=\"ltr\">VERONA CITTA&#8217;<\/p>\n<\/td>\n<td>\n<p dir=\"ltr\">473<\/p>\n<\/td>\n<td>\n<p dir=\"ltr\">221<\/p>\n<\/td>\n<td>\n<p dir=\"ltr\">239<\/p>\n<\/td>\n<td>\n<p dir=\"ltr\">53,7<\/p>\n<\/td>\n<\/tr>\n<\/tbody>\n<\/table>\n<\/div>\n<p dir=\"ltr\">Legambiente sottolinea come ci sia ancora molto da lavorare infatti solo i bacini del trevigiano hanno raggiunto quegli obiettivi del piano rifiuti necessari per non aprire nuove discariche che ricordiamo prevedono una raccolta differenziata media regionale del 84%, una quantit\u00e0 di Rifiuto Urbano Residuo media regionale pari a 80 kg pro-capite all\u2019anno ed un Tasso di riciclo medio sul bacino del 70%.<\/p>\n<p dir=\"ltr\">I bacini Brenta e Verona Nord vedono l\u2019obiettivo abbastanza vicino; Belluno e Verona Sud hanno un target ambizioso ma dai dati sembra siano nella giusta direzione; Vicenza, Padova Sud e Venezia devono lavorare e continuare nell\u2019impegno di riduzione della frazione di indifferenziata (RUR: rifiuto urbano residuo); per Rovigo, Padova e Verona l\u2019obiettivo sembra ancora lontano per questo \u00e8 indispensabile non perdere tempo. La sfida, per tutti, e\u0300 di essere all\u2019altezza di queste ambizioni, applicando senza indugi quanto previsto dal Piano regionale dei rifuti, a partire dalla tariffa unica di smaltimento del rifiuto residuo e fino alla piena applicazione del principio \u201cchi inquina paga\u201d attraverso l\u2019obbligo di tariffazione puntuale per disincentivare lo smaltimento in discarica e favorire la prevenzione e il riciclo dei rifiuti.<\/p>\n<p dir=\"ltr\">\n<div dir=\"ltr\" align=\"left\">\n<table>\n<colgroup>\n<col width=\"149\" \/>\n<col width=\"115\" \/>\n<col width=\"43\" \/>\n<col width=\"110\" \/>\n<col width=\"38\" \/>\n<col width=\"87\" \/><\/colgroup>\n<tbody>\n<tr>\n<td>\n<p dir=\"ltr\">\n<\/td>\n<td colspan=\"2\">\n<p dir=\"ltr\">situazione attuale<\/p>\n<\/td>\n<td colspan=\"2\">\n<p dir=\"ltr\">obiettivi di piano<\/p>\n<\/td>\n<td>\n<p dir=\"ltr\">\n<\/td>\n<\/tr>\n<tr>\n<td>\n<p dir=\"ltr\">Bacini<\/p>\n<\/td>\n<td>\n<p dir=\"ltr\">RUR (kg\/ab_eq_anno)<\/p>\n<\/td>\n<td>\n<p dir=\"ltr\">%RD<\/p>\n<\/td>\n<td>\n<p dir=\"ltr\">RUR (kg\/ab_eq_anno)<\/p>\n<\/td>\n<td>\n<p dir=\"ltr\">%RD<\/p>\n<\/td>\n<td>\n<p dir=\"ltr\">Riduzione RUR<\/p>\n<\/td>\n<\/tr>\n<tr>\n<td>\n<p dir=\"ltr\">SINISTRA PIAVE<\/p>\n<\/td>\n<td>\n<p dir=\"ltr\">44<\/p>\n<\/td>\n<td>\n<p dir=\"ltr\">87,9<\/p>\n<\/td>\n<td>\n<p dir=\"ltr\">46<\/p>\n<\/td>\n<td>\n<p dir=\"ltr\">89<\/p>\n<\/td>\n<td>\n<p dir=\"ltr\">&#8212;<\/p>\n<\/td>\n<\/tr>\n<tr>\n<td>\n<p dir=\"ltr\">DESTRA PIAVE<\/p>\n<\/td>\n<td>\n<p dir=\"ltr\">40<\/p>\n<\/td>\n<td>\n<p dir=\"ltr\">89,9<\/p>\n<\/td>\n<td>\n<p dir=\"ltr\">44<\/p>\n<\/td>\n<td>\n<p dir=\"ltr\">91<\/p>\n<\/td>\n<td>\n<p dir=\"ltr\">&#8212;<\/p>\n<\/td>\n<\/tr>\n<tr>\n<td>\n<p dir=\"ltr\">BELLUNO<\/p>\n<\/td>\n<td>\n<p dir=\"ltr\">71<\/p>\n<\/td>\n<td>\n<p dir=\"ltr\">84,8<\/p>\n<\/td>\n<td>\n<p dir=\"ltr\">52<\/p>\n<\/td>\n<td>\n<p dir=\"ltr\">89<\/p>\n<\/td>\n<td>\n<p dir=\"ltr\">27%<\/p>\n<\/td>\n<\/tr>\n<tr>\n<td>\n<p dir=\"ltr\">VERONA SUD<\/p>\n<\/td>\n<td>\n<p dir=\"ltr\">80<\/p>\n<\/td>\n<td>\n<p dir=\"ltr\">80,2<\/p>\n<\/td>\n<td>\n<p dir=\"ltr\">63<\/p>\n<\/td>\n<td>\n<p dir=\"ltr\">88<\/p>\n<\/td>\n<td>\n<p dir=\"ltr\">21%<\/p>\n<\/td>\n<\/tr>\n<tr>\n<td>\n<p dir=\"ltr\">BRENTA<\/p>\n<\/td>\n<td>\n<p dir=\"ltr\">94<\/p>\n<\/td>\n<td>\n<p dir=\"ltr\">77,6<\/p>\n<\/td>\n<td>\n<p dir=\"ltr\">80<\/p>\n<\/td>\n<td>\n<p dir=\"ltr\">83<\/p>\n<\/td>\n<td>\n<p dir=\"ltr\">10%<\/p>\n<\/td>\n<\/tr>\n<tr>\n<td>\n<p dir=\"ltr\">VICENZA<\/p>\n<\/td>\n<td>\n<p dir=\"ltr\">86<\/p>\n<\/td>\n<td>\n<p dir=\"ltr\">78,3<\/p>\n<\/td>\n<td>\n<p dir=\"ltr\">67<\/p>\n<\/td>\n<td>\n<p dir=\"ltr\">86<\/p>\n<\/td>\n<td>\n<p dir=\"ltr\">22%<\/p>\n<\/td>\n<\/tr>\n<tr>\n<td>\n<p dir=\"ltr\">VERONA NORD<\/p>\n<\/td>\n<td>\n<p dir=\"ltr\">102<\/p>\n<\/td>\n<td>\n<p dir=\"ltr\">78,2<\/p>\n<\/td>\n<td>\n<p dir=\"ltr\">95<\/p>\n<\/td>\n<td>\n<p dir=\"ltr\">84<\/p>\n<\/td>\n<td>\n<p dir=\"ltr\">7%<\/p>\n<\/td>\n<\/tr>\n<tr>\n<td>\n<p dir=\"ltr\">PADOVA SUD<\/p>\n<\/td>\n<td>\n<p dir=\"ltr\">106<\/p>\n<\/td>\n<td>\n<p dir=\"ltr\">77,4<\/p>\n<\/td>\n<td>\n<p dir=\"ltr\">80<\/p>\n<\/td>\n<td>\n<p dir=\"ltr\">84<\/p>\n<\/td>\n<td>\n<p dir=\"ltr\">25%<\/p>\n<\/td>\n<\/tr>\n<tr>\n<td>\n<p dir=\"ltr\">ROVIGO<\/p>\n<\/td>\n<td>\n<p dir=\"ltr\">137<\/p>\n<\/td>\n<td>\n<p dir=\"ltr\">70,8<\/p>\n<\/td>\n<td>\n<p dir=\"ltr\">80<\/p>\n<\/td>\n<td>\n<p dir=\"ltr\">85<\/p>\n<\/td>\n<td>\n<p dir=\"ltr\">42%<\/p>\n<\/td>\n<\/tr>\n<tr>\n<td>\n<p dir=\"ltr\">VENEZIA<\/p>\n<\/td>\n<td>\n<p dir=\"ltr\">142<\/p>\n<\/td>\n<td>\n<p dir=\"ltr\">72,2<\/p>\n<\/td>\n<td>\n<p dir=\"ltr\">110<\/p>\n<\/td>\n<td>\n<p dir=\"ltr\">80<\/p>\n<\/td>\n<td>\n<p dir=\"ltr\">23%<\/p>\n<\/td>\n<\/tr>\n<tr>\n<td>\n<p dir=\"ltr\">PADOVA CENTRO<\/p>\n<\/td>\n<td>\n<p dir=\"ltr\">180<\/p>\n<\/td>\n<td>\n<p dir=\"ltr\">66,9<\/p>\n<\/td>\n<td>\n<p dir=\"ltr\">115<\/p>\n<\/td>\n<td>\n<p dir=\"ltr\">80<\/p>\n<\/td>\n<td>\n<p dir=\"ltr\">36%<\/p>\n<\/td>\n<\/tr>\n<tr>\n<td>\n<p dir=\"ltr\">VERONA CITTA&#8217;<\/p>\n<\/td>\n<td>\n<p dir=\"ltr\">221<\/p>\n<\/td>\n<td>\n<p dir=\"ltr\">53,7<\/p>\n<\/td>\n<td>\n<p dir=\"ltr\">115<\/p>\n<\/td>\n<td><\/td>\n<\/tr>\n<\/tbody>\n<\/table>\n<\/div>\n<\/div>\n<\/div>\n<\/div>\n<\/div>\n<\/div>\n<\/div>\n<\/div>\n<\/div>\n<\/div>\n<\/div>\n<\/div>\n<\/div>\n<div class=\"ow-projectable\"><\/div>\n<div class=\"ow-advertisement-right-wrapper\">\n<div class=\"ow-advertisement-right-native\"><\/div>\n<\/div>\n<\/div>\n<div class=\"ow-app-footer-customFooter\"><\/div>","protected":false},"excerpt":{"rendered":"<p>Presentato ieri nella splendida cornice del Castello di Roncade (Treviso) il dossier Comuni Ricicloni Veneto 2023, il rapporto regionale di Legambiente che analizza i dati della raccolta differenziata del 2022. I dati elaborati da Legambiente sono forniti dall\u2019Osservatorio di ARPAV che li raccoglie e li elabora con cura e dettaglio. scarica qui il rapporto e [&hellip;]<\/p>\n","protected":false},"author":2,"featured_media":122315,"comment_status":"closed","ping_status":"open","sticky":false,"template":"","format":"standard","meta":{"footnotes":""},"categories":[26,8],"tags":[],"class_list":["post-146196","post","type-post","status-publish","format-standard","has-post-thumbnail","category-prima-pagina","category-societa-istituzioni"],"yoast_head":"<!-- This site is optimized with the Yoast SEO plugin v28.4 - https:\/\/yoast.com\/product\/yoast-seo-wordpress\/ -->\n<title>Legambiente. I bacini Dolomiti e Verona Sud si aggiudicano il titolo di \u201cBacini Ricicloni\u201d\u00a0 - Bellunopress - Dolomiti<\/title>\n<meta name=\"robots\" content=\"index, follow, max-snippet:-1, max-image-preview:large, max-video-preview:-1\" \/>\n<link rel=\"canonical\" href=\"https:\/\/www.bellunopress.it\/fr\/2023\/11\/26\/legambiente-i-bacini-dolomiti-e-verona-sud-si-aggiudicano-il-titolo-di-bacini-ricicloni\/\" \/>\n<meta property=\"og:locale\" content=\"fr_FR\" \/>\n<meta property=\"og:type\" content=\"article\" \/>\n<meta property=\"og:title\" content=\"Legambiente. I bacini Dolomiti e Verona Sud si aggiudicano il titolo di \u201cBacini Ricicloni\u201d\u00a0 - Bellunopress - Dolomiti\" \/>\n<meta property=\"og:description\" content=\"Presentato ieri nella splendida cornice del Castello di Roncade (Treviso) il dossier Comuni Ricicloni Veneto 2023, il rapporto regionale di Legambiente che analizza i dati della raccolta differenziata del 2022. I dati elaborati da Legambiente sono forniti dall\u2019Osservatorio di ARPAV che li raccoglie e li elabora con cura e dettaglio. scarica qui il rapporto e [&hellip;]\" \/>\n<meta property=\"og:url\" content=\"https:\/\/www.bellunopress.it\/fr\/2023\/11\/26\/legambiente-i-bacini-dolomiti-e-verona-sud-si-aggiudicano-il-titolo-di-bacini-ricicloni\/\" \/>\n<meta property=\"og:site_name\" content=\"Bellunopress - Dolomiti\" \/>\n<meta property=\"article:publisher\" content=\"https:\/\/www.facebook.com\/profile.php?id=100008943462799\" \/>\n<meta property=\"article:published_time\" content=\"2023-11-26T07:01:12+00:00\" \/>\n<meta property=\"og:image\" content=\"https:\/\/www.bellunopress.it\/wp-content\/uploads\/2021\/03\/Legambiente_edited.jpg\" \/>\n\t<meta property=\"og:image:width\" content=\"1000\" \/>\n\t<meta property=\"og:image:height\" content=\"608\" \/>\n\t<meta property=\"og:image:type\" content=\"image\/jpeg\" \/>\n<meta name=\"author\" content=\"redazione\" \/>\n<meta name=\"twitter:card\" content=\"summary_large_image\" \/>\n<meta name=\"twitter:creator\" content=\"@bellunopress\" \/>\n<meta name=\"twitter:site\" content=\"@bellunopress\" \/>\n<meta name=\"twitter:label1\" content=\"Written by\" \/>\n\t<meta name=\"twitter:data1\" content=\"redazione\" \/>\n\t<meta name=\"twitter:label2\" content=\"Est. reading time\" \/>\n\t<meta name=\"twitter:data2\" content=\"5 minutes\" \/>\n<script type=\"application\/ld+json\" class=\"yoast-schema-graph\">{\"@context\":\"https:\\\/\\\/schema.org\",\"@graph\":[{\"@type\":\"Article\",\"@id\":\"https:\\\/\\\/www.bellunopress.it\\\/2023\\\/11\\\/26\\\/legambiente-i-bacini-dolomiti-e-verona-sud-si-aggiudicano-il-titolo-di-bacini-ricicloni\\\/#article\",\"isPartOf\":{\"@id\":\"https:\\\/\\\/www.bellunopress.it\\\/2023\\\/11\\\/26\\\/legambiente-i-bacini-dolomiti-e-verona-sud-si-aggiudicano-il-titolo-di-bacini-ricicloni\\\/\"},\"author\":{\"name\":\"redazione\",\"@id\":\"https:\\\/\\\/www.bellunopress.it\\\/#\\\/schema\\\/person\\\/79bb06722b37ece1c03d3e94beb30d73\"},\"headline\":\"Legambiente. I bacini Dolomiti e Verona Sud si aggiudicano il titolo di \u201cBacini Ricicloni\u201d\u00a0\",\"datePublished\":\"2023-11-26T07:01:12+00:00\",\"mainEntityOfPage\":{\"@id\":\"https:\\\/\\\/www.bellunopress.it\\\/2023\\\/11\\\/26\\\/legambiente-i-bacini-dolomiti-e-verona-sud-si-aggiudicano-il-titolo-di-bacini-ricicloni\\\/\"},\"wordCount\":1082,\"publisher\":{\"@id\":\"https:\\\/\\\/www.bellunopress.it\\\/#organization\"},\"image\":{\"@id\":\"https:\\\/\\\/www.bellunopress.it\\\/2023\\\/11\\\/26\\\/legambiente-i-bacini-dolomiti-e-verona-sud-si-aggiudicano-il-titolo-di-bacini-ricicloni\\\/#primaryimage\"},\"thumbnailUrl\":\"https:\\\/\\\/www.bellunopress.it\\\/wp-content\\\/uploads\\\/2021\\\/03\\\/Legambiente_edited.jpg\",\"articleSection\":[\"Prima Pagina\",\"Societ\u00e0, Associazioni, Istituzioni\"],\"inLanguage\":\"fr-FR\"},{\"@type\":\"WebPage\",\"@id\":\"https:\\\/\\\/www.bellunopress.it\\\/2023\\\/11\\\/26\\\/legambiente-i-bacini-dolomiti-e-verona-sud-si-aggiudicano-il-titolo-di-bacini-ricicloni\\\/\",\"url\":\"https:\\\/\\\/www.bellunopress.it\\\/2023\\\/11\\\/26\\\/legambiente-i-bacini-dolomiti-e-verona-sud-si-aggiudicano-il-titolo-di-bacini-ricicloni\\\/\",\"name\":\"Legambiente. I bacini Dolomiti e Verona Sud si aggiudicano il titolo di \u201cBacini Ricicloni\u201d\u00a0 - Bellunopress - Dolomiti\",\"isPartOf\":{\"@id\":\"https:\\\/\\\/www.bellunopress.it\\\/#website\"},\"primaryImageOfPage\":{\"@id\":\"https:\\\/\\\/www.bellunopress.it\\\/2023\\\/11\\\/26\\\/legambiente-i-bacini-dolomiti-e-verona-sud-si-aggiudicano-il-titolo-di-bacini-ricicloni\\\/#primaryimage\"},\"image\":{\"@id\":\"https:\\\/\\\/www.bellunopress.it\\\/2023\\\/11\\\/26\\\/legambiente-i-bacini-dolomiti-e-verona-sud-si-aggiudicano-il-titolo-di-bacini-ricicloni\\\/#primaryimage\"},\"thumbnailUrl\":\"https:\\\/\\\/www.bellunopress.it\\\/wp-content\\\/uploads\\\/2021\\\/03\\\/Legambiente_edited.jpg\",\"datePublished\":\"2023-11-26T07:01:12+00:00\",\"breadcrumb\":{\"@id\":\"https:\\\/\\\/www.bellunopress.it\\\/2023\\\/11\\\/26\\\/legambiente-i-bacini-dolomiti-e-verona-sud-si-aggiudicano-il-titolo-di-bacini-ricicloni\\\/#breadcrumb\"},\"inLanguage\":\"fr-FR\",\"potentialAction\":[{\"@type\":\"ReadAction\",\"target\":[\"https:\\\/\\\/www.bellunopress.it\\\/2023\\\/11\\\/26\\\/legambiente-i-bacini-dolomiti-e-verona-sud-si-aggiudicano-il-titolo-di-bacini-ricicloni\\\/\"]}]},{\"@type\":\"ImageObject\",\"inLanguage\":\"fr-FR\",\"@id\":\"https:\\\/\\\/www.bellunopress.it\\\/2023\\\/11\\\/26\\\/legambiente-i-bacini-dolomiti-e-verona-sud-si-aggiudicano-il-titolo-di-bacini-ricicloni\\\/#primaryimage\",\"url\":\"https:\\\/\\\/www.bellunopress.it\\\/wp-content\\\/uploads\\\/2021\\\/03\\\/Legambiente_edited.jpg\",\"contentUrl\":\"https:\\\/\\\/www.bellunopress.it\\\/wp-content\\\/uploads\\\/2021\\\/03\\\/Legambiente_edited.jpg\",\"width\":1000,\"height\":608},{\"@type\":\"BreadcrumbList\",\"@id\":\"https:\\\/\\\/www.bellunopress.it\\\/2023\\\/11\\\/26\\\/legambiente-i-bacini-dolomiti-e-verona-sud-si-aggiudicano-il-titolo-di-bacini-ricicloni\\\/#breadcrumb\",\"itemListElement\":[{\"@type\":\"ListItem\",\"position\":1,\"name\":\"Home\",\"item\":\"https:\\\/\\\/www.bellunopress.it\\\/\"},{\"@type\":\"ListItem\",\"position\":2,\"name\":\"Legambiente. I bacini Dolomiti e Verona Sud si aggiudicano il titolo di \u201cBacini Ricicloni\u201d\u00a0\"}]},{\"@type\":\"WebSite\",\"@id\":\"https:\\\/\\\/www.bellunopress.it\\\/#website\",\"url\":\"https:\\\/\\\/www.bellunopress.it\\\/\",\"name\":\"Bellunopress - Dolomiti\",\"description\":\"e-mail: redazione@bellunopress.it\",\"publisher\":{\"@id\":\"https:\\\/\\\/www.bellunopress.it\\\/#organization\"},\"potentialAction\":[{\"@type\":\"SearchAction\",\"target\":{\"@type\":\"EntryPoint\",\"urlTemplate\":\"https:\\\/\\\/www.bellunopress.it\\\/?s={search_term_string}\"},\"query-input\":{\"@type\":\"PropertyValueSpecification\",\"valueRequired\":true,\"valueName\":\"search_term_string\"}}],\"inLanguage\":\"fr-FR\"},{\"@type\":\"Organization\",\"@id\":\"https:\\\/\\\/www.bellunopress.it\\\/#organization\",\"name\":\"Bellunopress\",\"url\":\"https:\\\/\\\/www.bellunopress.it\\\/\",\"logo\":{\"@type\":\"ImageObject\",\"inLanguage\":\"fr-FR\",\"@id\":\"https:\\\/\\\/www.bellunopress.it\\\/#\\\/schema\\\/logo\\\/image\\\/\",\"url\":\"https:\\\/\\\/www.bellunopress.it\\\/wp-content\\\/uploads\\\/2011\\\/05\\\/cropped-logo-bellunopress-.jpg\",\"contentUrl\":\"https:\\\/\\\/www.bellunopress.it\\\/wp-content\\\/uploads\\\/2011\\\/05\\\/cropped-logo-bellunopress-.jpg\",\"width\":512,\"height\":512,\"caption\":\"Bellunopress\"},\"image\":{\"@id\":\"https:\\\/\\\/www.bellunopress.it\\\/#\\\/schema\\\/logo\\\/image\\\/\"},\"sameAs\":[\"https:\\\/\\\/www.facebook.com\\\/profile.php?id=100008943462799\",\"https:\\\/\\\/x.com\\\/bellunopress\",\"https:\\\/\\\/www.linkedin.com\\\/hp\\\/?dnr=JBzUWaJfMUw8vbXJJ2tVW5-I3jZKvC4wsoxE&amp;amp;amp;amp;amp;amp;trk=nav_responsive_tab_home\",\"https:\\\/\\\/www.youtube.com\\\/channel\\\/UCxL0wu1uN0_3_7hGG0306cw\"]},{\"@type\":\"Person\",\"@id\":\"https:\\\/\\\/www.bellunopress.it\\\/#\\\/schema\\\/person\\\/79bb06722b37ece1c03d3e94beb30d73\",\"name\":\"redazione\",\"image\":{\"@type\":\"ImageObject\",\"inLanguage\":\"fr-FR\",\"@id\":\"https:\\\/\\\/secure.gravatar.com\\\/avatar\\\/37d968a2e67a6fd04c169c4bdef102d0bc5d31b2546345219e348575eb80e9a0?s=96&d=mm&r=g\",\"url\":\"https:\\\/\\\/secure.gravatar.com\\\/avatar\\\/37d968a2e67a6fd04c169c4bdef102d0bc5d31b2546345219e348575eb80e9a0?s=96&d=mm&r=g\",\"contentUrl\":\"https:\\\/\\\/secure.gravatar.com\\\/avatar\\\/37d968a2e67a6fd04c169c4bdef102d0bc5d31b2546345219e348575eb80e9a0?s=96&d=mm&r=g\",\"caption\":\"redazione\"},\"sameAs\":[\"http:\\\/\\\/www.bellunopress.it\",\"https:\\\/\\\/x.com\\\/bellunopress\"],\"url\":\"https:\\\/\\\/www.bellunopress.it\\\/fr\\\/author\\\/redazione\\\/\"}]}<\/script>\n<!-- \/ Yoast SEO plugin. -->","yoast_head_json":{"title":"Legambiente. I bacini Dolomiti e Verona Sud si aggiudicano il titolo di \u201cBacini Ricicloni\u201d\u00a0 - Bellunopress - Dolomiti","robots":{"index":"index","follow":"follow","max-snippet":"max-snippet:-1","max-image-preview":"max-image-preview:large","max-video-preview":"max-video-preview:-1"},"canonical":"https:\/\/www.bellunopress.it\/fr\/2023\/11\/26\/legambiente-i-bacini-dolomiti-e-verona-sud-si-aggiudicano-il-titolo-di-bacini-ricicloni\/","og_locale":"fr_FR","og_type":"article","og_title":"Legambiente. I bacini Dolomiti e Verona Sud si aggiudicano il titolo di \u201cBacini Ricicloni\u201d\u00a0 - Bellunopress - Dolomiti","og_description":"Presentato ieri nella splendida cornice del Castello di Roncade (Treviso) il dossier Comuni Ricicloni Veneto 2023, il rapporto regionale di Legambiente che analizza i dati della raccolta differenziata del 2022. I dati elaborati da Legambiente sono forniti dall\u2019Osservatorio di ARPAV che li raccoglie e li elabora con cura e dettaglio. scarica qui il rapporto e [&hellip;]","og_url":"https:\/\/www.bellunopress.it\/fr\/2023\/11\/26\/legambiente-i-bacini-dolomiti-e-verona-sud-si-aggiudicano-il-titolo-di-bacini-ricicloni\/","og_site_name":"Bellunopress - Dolomiti","article_publisher":"https:\/\/www.facebook.com\/profile.php?id=100008943462799","article_published_time":"2023-11-26T07:01:12+00:00","og_image":[{"width":1000,"height":608,"url":"https:\/\/www.bellunopress.it\/wp-content\/uploads\/2021\/03\/Legambiente_edited.jpg","type":"image\/jpeg"}],"author":"redazione","twitter_card":"summary_large_image","twitter_creator":"@bellunopress","twitter_site":"@bellunopress","twitter_misc":{"Written by":"redazione","Est. reading time":"5 minutes"},"schema":{"@context":"https:\/\/schema.org","@graph":[{"@type":"Article","@id":"https:\/\/www.bellunopress.it\/2023\/11\/26\/legambiente-i-bacini-dolomiti-e-verona-sud-si-aggiudicano-il-titolo-di-bacini-ricicloni\/#article","isPartOf":{"@id":"https:\/\/www.bellunopress.it\/2023\/11\/26\/legambiente-i-bacini-dolomiti-e-verona-sud-si-aggiudicano-il-titolo-di-bacini-ricicloni\/"},"author":{"name":"redazione","@id":"https:\/\/www.bellunopress.it\/#\/schema\/person\/79bb06722b37ece1c03d3e94beb30d73"},"headline":"Legambiente. I bacini Dolomiti e Verona Sud si aggiudicano il titolo di \u201cBacini Ricicloni\u201d\u00a0","datePublished":"2023-11-26T07:01:12+00:00","mainEntityOfPage":{"@id":"https:\/\/www.bellunopress.it\/2023\/11\/26\/legambiente-i-bacini-dolomiti-e-verona-sud-si-aggiudicano-il-titolo-di-bacini-ricicloni\/"},"wordCount":1082,"publisher":{"@id":"https:\/\/www.bellunopress.it\/#organization"},"image":{"@id":"https:\/\/www.bellunopress.it\/2023\/11\/26\/legambiente-i-bacini-dolomiti-e-verona-sud-si-aggiudicano-il-titolo-di-bacini-ricicloni\/#primaryimage"},"thumbnailUrl":"https:\/\/www.bellunopress.it\/wp-content\/uploads\/2021\/03\/Legambiente_edited.jpg","articleSection":["Prima Pagina","Societ\u00e0, Associazioni, Istituzioni"],"inLanguage":"fr-FR"},{"@type":"WebPage","@id":"https:\/\/www.bellunopress.it\/2023\/11\/26\/legambiente-i-bacini-dolomiti-e-verona-sud-si-aggiudicano-il-titolo-di-bacini-ricicloni\/","url":"https:\/\/www.bellunopress.it\/2023\/11\/26\/legambiente-i-bacini-dolomiti-e-verona-sud-si-aggiudicano-il-titolo-di-bacini-ricicloni\/","name":"Legambiente. I bacini Dolomiti e Verona Sud si aggiudicano il titolo di \u201cBacini Ricicloni\u201d\u00a0 - Bellunopress - Dolomiti","isPartOf":{"@id":"https:\/\/www.bellunopress.it\/#website"},"primaryImageOfPage":{"@id":"https:\/\/www.bellunopress.it\/2023\/11\/26\/legambiente-i-bacini-dolomiti-e-verona-sud-si-aggiudicano-il-titolo-di-bacini-ricicloni\/#primaryimage"},"image":{"@id":"https:\/\/www.bellunopress.it\/2023\/11\/26\/legambiente-i-bacini-dolomiti-e-verona-sud-si-aggiudicano-il-titolo-di-bacini-ricicloni\/#primaryimage"},"thumbnailUrl":"https:\/\/www.bellunopress.it\/wp-content\/uploads\/2021\/03\/Legambiente_edited.jpg","datePublished":"2023-11-26T07:01:12+00:00","breadcrumb":{"@id":"https:\/\/www.bellunopress.it\/2023\/11\/26\/legambiente-i-bacini-dolomiti-e-verona-sud-si-aggiudicano-il-titolo-di-bacini-ricicloni\/#breadcrumb"},"inLanguage":"fr-FR","potentialAction":[{"@type":"ReadAction","target":["https:\/\/www.bellunopress.it\/2023\/11\/26\/legambiente-i-bacini-dolomiti-e-verona-sud-si-aggiudicano-il-titolo-di-bacini-ricicloni\/"]}]},{"@type":"ImageObject","inLanguage":"fr-FR","@id":"https:\/\/www.bellunopress.it\/2023\/11\/26\/legambiente-i-bacini-dolomiti-e-verona-sud-si-aggiudicano-il-titolo-di-bacini-ricicloni\/#primaryimage","url":"https:\/\/www.bellunopress.it\/wp-content\/uploads\/2021\/03\/Legambiente_edited.jpg","contentUrl":"https:\/\/www.bellunopress.it\/wp-content\/uploads\/2021\/03\/Legambiente_edited.jpg","width":1000,"height":608},{"@type":"BreadcrumbList","@id":"https:\/\/www.bellunopress.it\/2023\/11\/26\/legambiente-i-bacini-dolomiti-e-verona-sud-si-aggiudicano-il-titolo-di-bacini-ricicloni\/#breadcrumb","itemListElement":[{"@type":"ListItem","position":1,"name":"Home","item":"https:\/\/www.bellunopress.it\/"},{"@type":"ListItem","position":2,"name":"Legambiente. I bacini Dolomiti e Verona Sud si aggiudicano il titolo di \u201cBacini Ricicloni\u201d\u00a0"}]},{"@type":"WebSite","@id":"https:\/\/www.bellunopress.it\/#website","url":"https:\/\/www.bellunopress.it\/","name":"Bellunopress - Dolomiti","description":"e-mail: redazione@bellunopress.it","publisher":{"@id":"https:\/\/www.bellunopress.it\/#organization"},"potentialAction":[{"@type":"SearchAction","target":{"@type":"EntryPoint","urlTemplate":"https:\/\/www.bellunopress.it\/?s={search_term_string}"},"query-input":{"@type":"PropertyValueSpecification","valueRequired":true,"valueName":"search_term_string"}}],"inLanguage":"fr-FR"},{"@type":"Organization","@id":"https:\/\/www.bellunopress.it\/#organization","name":"Bellunopress","url":"https:\/\/www.bellunopress.it\/","logo":{"@type":"ImageObject","inLanguage":"fr-FR","@id":"https:\/\/www.bellunopress.it\/#\/schema\/logo\/image\/","url":"https:\/\/www.bellunopress.it\/wp-content\/uploads\/2011\/05\/cropped-logo-bellunopress-.jpg","contentUrl":"https:\/\/www.bellunopress.it\/wp-content\/uploads\/2011\/05\/cropped-logo-bellunopress-.jpg","width":512,"height":512,"caption":"Bellunopress"},"image":{"@id":"https:\/\/www.bellunopress.it\/#\/schema\/logo\/image\/"},"sameAs":["https:\/\/www.facebook.com\/profile.php?id=100008943462799","https:\/\/x.com\/bellunopress","https:\/\/www.linkedin.com\/hp\/?dnr=JBzUWaJfMUw8vbXJJ2tVW5-I3jZKvC4wsoxE&amp;amp;amp;amp;amp;amp;trk=nav_responsive_tab_home","https:\/\/www.youtube.com\/channel\/UCxL0wu1uN0_3_7hGG0306cw"]},{"@type":"Person","@id":"https:\/\/www.bellunopress.it\/#\/schema\/person\/79bb06722b37ece1c03d3e94beb30d73","name":"r\u00e9daction","image":{"@type":"ImageObject","inLanguage":"fr-FR","@id":"https:\/\/secure.gravatar.com\/avatar\/37d968a2e67a6fd04c169c4bdef102d0bc5d31b2546345219e348575eb80e9a0?s=96&d=mm&r=g","url":"https:\/\/secure.gravatar.com\/avatar\/37d968a2e67a6fd04c169c4bdef102d0bc5d31b2546345219e348575eb80e9a0?s=96&d=mm&r=g","contentUrl":"https:\/\/secure.gravatar.com\/avatar\/37d968a2e67a6fd04c169c4bdef102d0bc5d31b2546345219e348575eb80e9a0?s=96&d=mm&r=g","caption":"redazione"},"sameAs":["http:\/\/www.bellunopress.it","https:\/\/x.com\/bellunopress"],"url":"https:\/\/www.bellunopress.it\/fr\/author\/redazione\/"}]}},"_links":{"self":[{"href":"https:\/\/www.bellunopress.it\/fr\/wp-json\/wp\/v2\/posts\/146196","targetHints":{"allow":["GET"]}}],"collection":[{"href":"https:\/\/www.bellunopress.it\/fr\/wp-json\/wp\/v2\/posts"}],"about":[{"href":"https:\/\/www.bellunopress.it\/fr\/wp-json\/wp\/v2\/types\/post"}],"author":[{"embeddable":true,"href":"https:\/\/www.bellunopress.it\/fr\/wp-json\/wp\/v2\/users\/2"}],"replies":[{"embeddable":true,"href":"https:\/\/www.bellunopress.it\/fr\/wp-json\/wp\/v2\/comments?post=146196"}],"version-history":[{"count":1,"href":"https:\/\/www.bellunopress.it\/fr\/wp-json\/wp\/v2\/posts\/146196\/revisions"}],"predecessor-version":[{"id":146197,"href":"https:\/\/www.bellunopress.it\/fr\/wp-json\/wp\/v2\/posts\/146196\/revisions\/146197"}],"wp:featuredmedia":[{"embeddable":true,"href":"https:\/\/www.bellunopress.it\/fr\/wp-json\/wp\/v2\/media\/122315"}],"wp:attachment":[{"href":"https:\/\/www.bellunopress.it\/fr\/wp-json\/wp\/v2\/media?parent=146196"}],"wp:term":[{"taxonomy":"category","embeddable":true,"href":"https:\/\/www.bellunopress.it\/fr\/wp-json\/wp\/v2\/categories?post=146196"},{"taxonomy":"post_tag","embeddable":true,"href":"https:\/\/www.bellunopress.it\/fr\/wp-json\/wp\/v2\/tags?post=146196"}],"curies":[{"name":"wp","href":"https:\/\/api.w.org\/{rel}","templated":true}]}}