{"id":146180,"date":"2023-11-25T19:52:50","date_gmt":"2023-11-25T18:52:50","guid":{"rendered":"https:\/\/www.bellunopress.it\/?p=146180"},"modified":"2023-11-25T19:52:50","modified_gmt":"2023-11-25T18:52:50","slug":"dolomiti-bellunesi-pari-a-reti-inviolate-nellanticipo","status":"publish","type":"post","link":"https:\/\/www.bellunopress.it\/fr\/2023\/11\/25\/dolomiti-bellunesi-pari-a-reti-inviolate-nellanticipo\/","title":{"rendered":"Dolomiti Bellunesi: pari a reti inviolate nell&#8217;anticipo"},"content":{"rendered":"<figure id=\"attachment_146181\" aria-describedby=\"caption-attachment-146181\" style=\"width: 853px\" class=\"wp-caption alignleft\"><img loading=\"lazy\" decoding=\"async\" class=\"size-full wp-image-146181\" src=\"https:\/\/www.bellunopress.it\/wp-content\/uploads\/2023\/11\/dolomiti-bellunesi-Biancheri-in-azione.jpg\" alt=\"\" width=\"853\" height=\"568\" srcset=\"https:\/\/www.bellunopress.it\/wp-content\/uploads\/2023\/11\/dolomiti-bellunesi-Biancheri-in-azione.jpg 853w, https:\/\/www.bellunopress.it\/wp-content\/uploads\/2023\/11\/dolomiti-bellunesi-Biancheri-in-azione-500x333.jpg 500w, https:\/\/www.bellunopress.it\/wp-content\/uploads\/2023\/11\/dolomiti-bellunesi-Biancheri-in-azione-696x463.jpg 696w\" sizes=\"auto, (max-width: 853px) 100vw, 853px\" \/><figcaption id=\"caption-attachment-146181\" class=\"wp-caption-text\">Dolomiti Bellunesi, Biancheri in azione<\/figcaption><\/figure>\n<p>Tra i dolomitici e la vittoria c&#8217;\u00e8 di mezzo un palo<\/p>\n<p>DOLOMITI BELLUNESI-CJARLINS MUZANE 0-0<\/p>\n<p>DOLOMITI BELLUNESI: Virvilas; Grieco (st 38&#8242; Masut), Perez, Bevilacqua, Toniolo; De Carli (st 38&#8242; Alcides), Mazza, Baldassar; Caprioni; Nunic (st 12&#8242; De Paoli), Biancheri (st 29&#8242; Cozzari) (in panchina: Bresolin, Fagherazzi, Bandaogo, Capacchione). Allenatore: N. Zanini.<\/p>\n<p>CJARLINS MUZANE: Bonucci, Zarrillo (st 32&#8242; Loi), Guizzini, Gatti, Dionisi, Cuomo, Fyda, Castagnaviz (st 32&#8242; Nchama), Cal\u00ec (st 21&#8242; Destito), Fasolo (st 1&#8242; Belcastro), Bassi (in panchina: Pollini, Pittonet, Grassi, Chiccaro, Nighes). Allenatore: T. Randon.<\/p>\n<p>ARBITRO: Akash Jos\u00e9 Maria Nuckchedy di Caltanissetta (assistenti: Simone Severini di Seregno e Giovanni Ruocco di Brescia).<\/p>\n<p>NOTE. Spettatori: 500 circa. Ammoniti: Caprioni, De Carli, Grieco. Angoli: 7-4 per la SSD Dolomiti Bellunesi. Recupero: pt 0&#8242;; st 4&#8242;.<\/p>\n<p>Un palo e un punto: nell&#8217;anticipo del polisportivo, contro il Cjarlins Muzane, la SSD Dolomiti Bellunesi colleziona il secondo pareggio interno consecutivo. Il terzo negli ultimi quattro confronti, in un mese di novembre sotto il segno della X. Ma arricchito dal colpo di Treviso. Colpo a cui i ragazzi di mister Zanini volevano dare seguito con una vittoria da regalare ai circa cinquecento spettatori accorsi nell&#8217;impianto di piazzale della Resistenza. Le speranze di agguantare il bottino pieno, per\u00f2, si sono infrante sul legno: quello colpito da Caprioni, ormai allo scadere. Il pareggio, comunque, \u00e8 pi\u00f9 che positivo, anche perch\u00e9 figlio di una buona prova: l&#8217;ennesima.<\/p>\n<p>TANDEM DI PRIME PUNTE &#8211; Rispetto alla sfida del &#8220;Tenni&#8221;, cambiano solo due pedine: in difesa, Bevilacqua prende il posto dello squalificato Tiozzo, mentre in attacco mister Zanini vara un tandem di prime punte. Quello formato da Nunic e Biancheri: \u00e8 la prima volta? In campionato, s\u00ec. Ma non in termini assoluti, visto che i due centravanti avevano giocato insieme anche in Coppa Italia, nel confronto con la Virtus Bolzano. A ispirarli, nel ruolo di trequartista, c&#8217;\u00e8 Caprioni, pericoloso in due circostanze con un pallonetto dal limite e un sinistro potente, ma intercettato da Bonucci. Ancor pi\u00f9 pericoloso \u00e8 un De Carli che, dopo la prodezza di Treviso, sembra averci preso gusto. Tanto da sfiorare un altro eurogol con un destro di prima intenzione, su cui vola il numero uno friulano. Il Cjarlins, invece, si fa vivo con un colpo di testa di Cuomo, bloccato centralmente da Virvilas.<\/p>\n<p>CAMBI &#8211; Al rientro dagli spogliatoi, mister Randon presenta subito la novit\u00e0 Belcastro. E l&#8217;ex attaccante sfiora subito il bersaglio con una punizione dal limite, di poco alta. Dopo l&#8217;ingresso di Nchama, gli ospiti prendono ulteriore coraggio e alzano il baricentro: non a caso, Virvilas deve mettere la punta delle dita per deviare un colpo di testa dello stesso mediano originario della Guinea Equatoriale. E per sventare un tocco da distanza ravvicinata di Belcastro. Ma la madre di tutte le occasioni capita a Caprioni, che con un potente rasoterra coglie in pieno il palo. E il punteggio di partenza non si sblocca. In attesa della Coppa Italia (mercoled\u00ec c&#8217;\u00e8 l&#8217;ottavo di finale a Chioggia con l&#8217;Union Clodiense), i dolomitici trascorreranno una notte da secondi in classifica.<\/p>\n<p>L&#8217;ANALISI &#8211; \u00abValuto questo pareggio in maniera positiva &#8211; \u00e8 l&#8217;analisi di mister Nicola Zanini -. Non era semplice contro una formazione che ha valori di rilievo e sta cercando di risalire in classifica. Abbiamo fatto la nostra gara e aspettato l&#8217;episodio propizio, che alla fine peraltro \u00e8 arrivato. In generale, bene la fase difensiva, mentre davanti potevamo gestire meglio alcuni palloni: ad ogni modo, siamo sempre stati equilibrati e le situazioni per loro importanti sono nate su nostri errori. Alla fine il pareggio \u00e8 il risultato pi\u00f9 giusto\u00bb.<\/p>","protected":false},"excerpt":{"rendered":"<p>Tra i dolomitici e la vittoria c&#8217;\u00e8 di mezzo un palo DOLOMITI BELLUNESI-CJARLINS MUZANE 0-0 DOLOMITI BELLUNESI: Virvilas; Grieco (st 38&#8242; Masut), Perez, Bevilacqua, Toniolo; De Carli (st 38&#8242; Alcides), Mazza, Baldassar; Caprioni; Nunic (st 12&#8242; De Paoli), Biancheri (st 29&#8242; Cozzari) (in panchina: Bresolin, Fagherazzi, Bandaogo, Capacchione). Allenatore: N. Zanini. CJARLINS MUZANE: Bonucci, Zarrillo [&hellip;]<\/p>\n","protected":false},"author":2,"featured_media":146181,"comment_status":"closed","ping_status":"open","sticky":false,"template":"","format":"standard","meta":{"footnotes":""},"categories":[26,4],"tags":[],"class_list":["post-146180","post","type-post","status-publish","format-standard","has-post-thumbnail","category-prima-pagina","category-sport"],"yoast_head":"<!-- This site is optimized with the Yoast SEO plugin v28.4 - https:\/\/yoast.com\/product\/yoast-seo-wordpress\/ -->\n<title>Dolomiti Bellunesi: pari a reti inviolate nell&#039;anticipo - Bellunopress - Dolomiti<\/title>\n<meta name=\"robots\" content=\"index, follow, max-snippet:-1, max-image-preview:large, max-video-preview:-1\" \/>\n<link rel=\"canonical\" href=\"https:\/\/www.bellunopress.it\/fr\/2023\/11\/25\/dolomiti-bellunesi-pari-a-reti-inviolate-nellanticipo\/\" \/>\n<meta property=\"og:locale\" content=\"fr_FR\" \/>\n<meta property=\"og:type\" content=\"article\" \/>\n<meta property=\"og:title\" content=\"Dolomiti Bellunesi: pari a reti inviolate nell&#039;anticipo - Bellunopress - Dolomiti\" \/>\n<meta property=\"og:description\" content=\"Tra i dolomitici e la vittoria c&#8217;\u00e8 di mezzo un palo DOLOMITI BELLUNESI-CJARLINS MUZANE 0-0 DOLOMITI BELLUNESI: Virvilas; Grieco (st 38&#8242; Masut), Perez, Bevilacqua, Toniolo; De Carli (st 38&#8242; Alcides), Mazza, Baldassar; Caprioni; Nunic (st 12&#8242; De Paoli), Biancheri (st 29&#8242; Cozzari) (in panchina: Bresolin, Fagherazzi, Bandaogo, Capacchione). Allenatore: N. Zanini. CJARLINS MUZANE: Bonucci, Zarrillo [&hellip;]\" \/>\n<meta property=\"og:url\" content=\"https:\/\/www.bellunopress.it\/fr\/2023\/11\/25\/dolomiti-bellunesi-pari-a-reti-inviolate-nellanticipo\/\" \/>\n<meta property=\"og:site_name\" content=\"Bellunopress - Dolomiti\" \/>\n<meta property=\"article:publisher\" content=\"https:\/\/www.facebook.com\/profile.php?id=100008943462799\" \/>\n<meta property=\"article:published_time\" content=\"2023-11-25T18:52:50+00:00\" \/>\n<meta property=\"og:image\" content=\"https:\/\/www.bellunopress.it\/wp-content\/uploads\/2023\/11\/dolomiti-bellunesi-Biancheri-in-azione.jpg\" \/>\n\t<meta property=\"og:image:width\" content=\"853\" \/>\n\t<meta property=\"og:image:height\" content=\"568\" \/>\n\t<meta property=\"og:image:type\" content=\"image\/jpeg\" \/>\n<meta name=\"author\" content=\"redazione\" \/>\n<meta name=\"twitter:card\" content=\"summary_large_image\" \/>\n<meta name=\"twitter:creator\" content=\"@bellunopress\" \/>\n<meta name=\"twitter:site\" content=\"@bellunopress\" \/>\n<meta name=\"twitter:label1\" content=\"Written by\" \/>\n\t<meta name=\"twitter:data1\" content=\"redazione\" \/>\n\t<meta name=\"twitter:label2\" content=\"Est. reading time\" \/>\n\t<meta name=\"twitter:data2\" content=\"3 minutes\" \/>\n<script type=\"application\/ld+json\" class=\"yoast-schema-graph\">{\"@context\":\"https:\\\/\\\/schema.org\",\"@graph\":[{\"@type\":\"Article\",\"@id\":\"https:\\\/\\\/www.bellunopress.it\\\/2023\\\/11\\\/25\\\/dolomiti-bellunesi-pari-a-reti-inviolate-nellanticipo\\\/#article\",\"isPartOf\":{\"@id\":\"https:\\\/\\\/www.bellunopress.it\\\/2023\\\/11\\\/25\\\/dolomiti-bellunesi-pari-a-reti-inviolate-nellanticipo\\\/\"},\"author\":{\"name\":\"redazione\",\"@id\":\"https:\\\/\\\/www.bellunopress.it\\\/#\\\/schema\\\/person\\\/79bb06722b37ece1c03d3e94beb30d73\"},\"headline\":\"Dolomiti Bellunesi: pari a reti inviolate nell&#8217;anticipo\",\"datePublished\":\"2023-11-25T18:52:50+00:00\",\"mainEntityOfPage\":{\"@id\":\"https:\\\/\\\/www.bellunopress.it\\\/2023\\\/11\\\/25\\\/dolomiti-bellunesi-pari-a-reti-inviolate-nellanticipo\\\/\"},\"wordCount\":605,\"publisher\":{\"@id\":\"https:\\\/\\\/www.bellunopress.it\\\/#organization\"},\"image\":{\"@id\":\"https:\\\/\\\/www.bellunopress.it\\\/2023\\\/11\\\/25\\\/dolomiti-bellunesi-pari-a-reti-inviolate-nellanticipo\\\/#primaryimage\"},\"thumbnailUrl\":\"https:\\\/\\\/www.bellunopress.it\\\/wp-content\\\/uploads\\\/2023\\\/11\\\/dolomiti-bellunesi-Biancheri-in-azione.jpg\",\"articleSection\":[\"Prima Pagina\",\"Sport, tempo libero\"],\"inLanguage\":\"fr-FR\"},{\"@type\":\"WebPage\",\"@id\":\"https:\\\/\\\/www.bellunopress.it\\\/2023\\\/11\\\/25\\\/dolomiti-bellunesi-pari-a-reti-inviolate-nellanticipo\\\/\",\"url\":\"https:\\\/\\\/www.bellunopress.it\\\/2023\\\/11\\\/25\\\/dolomiti-bellunesi-pari-a-reti-inviolate-nellanticipo\\\/\",\"name\":\"Dolomiti Bellunesi: pari a reti inviolate nell'anticipo - Bellunopress - Dolomiti\",\"isPartOf\":{\"@id\":\"https:\\\/\\\/www.bellunopress.it\\\/#website\"},\"primaryImageOfPage\":{\"@id\":\"https:\\\/\\\/www.bellunopress.it\\\/2023\\\/11\\\/25\\\/dolomiti-bellunesi-pari-a-reti-inviolate-nellanticipo\\\/#primaryimage\"},\"image\":{\"@id\":\"https:\\\/\\\/www.bellunopress.it\\\/2023\\\/11\\\/25\\\/dolomiti-bellunesi-pari-a-reti-inviolate-nellanticipo\\\/#primaryimage\"},\"thumbnailUrl\":\"https:\\\/\\\/www.bellunopress.it\\\/wp-content\\\/uploads\\\/2023\\\/11\\\/dolomiti-bellunesi-Biancheri-in-azione.jpg\",\"datePublished\":\"2023-11-25T18:52:50+00:00\",\"breadcrumb\":{\"@id\":\"https:\\\/\\\/www.bellunopress.it\\\/2023\\\/11\\\/25\\\/dolomiti-bellunesi-pari-a-reti-inviolate-nellanticipo\\\/#breadcrumb\"},\"inLanguage\":\"fr-FR\",\"potentialAction\":[{\"@type\":\"ReadAction\",\"target\":[\"https:\\\/\\\/www.bellunopress.it\\\/2023\\\/11\\\/25\\\/dolomiti-bellunesi-pari-a-reti-inviolate-nellanticipo\\\/\"]}]},{\"@type\":\"ImageObject\",\"inLanguage\":\"fr-FR\",\"@id\":\"https:\\\/\\\/www.bellunopress.it\\\/2023\\\/11\\\/25\\\/dolomiti-bellunesi-pari-a-reti-inviolate-nellanticipo\\\/#primaryimage\",\"url\":\"https:\\\/\\\/www.bellunopress.it\\\/wp-content\\\/uploads\\\/2023\\\/11\\\/dolomiti-bellunesi-Biancheri-in-azione.jpg\",\"contentUrl\":\"https:\\\/\\\/www.bellunopress.it\\\/wp-content\\\/uploads\\\/2023\\\/11\\\/dolomiti-bellunesi-Biancheri-in-azione.jpg\",\"width\":853,\"height\":568,\"caption\":\"Dolomiti Bellunesi, Biancheri in azione\"},{\"@type\":\"BreadcrumbList\",\"@id\":\"https:\\\/\\\/www.bellunopress.it\\\/2023\\\/11\\\/25\\\/dolomiti-bellunesi-pari-a-reti-inviolate-nellanticipo\\\/#breadcrumb\",\"itemListElement\":[{\"@type\":\"ListItem\",\"position\":1,\"name\":\"Home\",\"item\":\"https:\\\/\\\/www.bellunopress.it\\\/\"},{\"@type\":\"ListItem\",\"position\":2,\"name\":\"Dolomiti Bellunesi: pari a reti inviolate nell&#8217;anticipo\"}]},{\"@type\":\"WebSite\",\"@id\":\"https:\\\/\\\/www.bellunopress.it\\\/#website\",\"url\":\"https:\\\/\\\/www.bellunopress.it\\\/\",\"name\":\"Bellunopress - Dolomiti\",\"description\":\"e-mail: redazione@bellunopress.it\",\"publisher\":{\"@id\":\"https:\\\/\\\/www.bellunopress.it\\\/#organization\"},\"potentialAction\":[{\"@type\":\"SearchAction\",\"target\":{\"@type\":\"EntryPoint\",\"urlTemplate\":\"https:\\\/\\\/www.bellunopress.it\\\/?s={search_term_string}\"},\"query-input\":{\"@type\":\"PropertyValueSpecification\",\"valueRequired\":true,\"valueName\":\"search_term_string\"}}],\"inLanguage\":\"fr-FR\"},{\"@type\":\"Organization\",\"@id\":\"https:\\\/\\\/www.bellunopress.it\\\/#organization\",\"name\":\"Bellunopress\",\"url\":\"https:\\\/\\\/www.bellunopress.it\\\/\",\"logo\":{\"@type\":\"ImageObject\",\"inLanguage\":\"fr-FR\",\"@id\":\"https:\\\/\\\/www.bellunopress.it\\\/#\\\/schema\\\/logo\\\/image\\\/\",\"url\":\"https:\\\/\\\/www.bellunopress.it\\\/wp-content\\\/uploads\\\/2011\\\/05\\\/cropped-logo-bellunopress-.jpg\",\"contentUrl\":\"https:\\\/\\\/www.bellunopress.it\\\/wp-content\\\/uploads\\\/2011\\\/05\\\/cropped-logo-bellunopress-.jpg\",\"width\":512,\"height\":512,\"caption\":\"Bellunopress\"},\"image\":{\"@id\":\"https:\\\/\\\/www.bellunopress.it\\\/#\\\/schema\\\/logo\\\/image\\\/\"},\"sameAs\":[\"https:\\\/\\\/www.facebook.com\\\/profile.php?id=100008943462799\",\"https:\\\/\\\/x.com\\\/bellunopress\",\"https:\\\/\\\/www.linkedin.com\\\/hp\\\/?dnr=JBzUWaJfMUw8vbXJJ2tVW5-I3jZKvC4wsoxE&amp;amp;amp;amp;amp;amp;trk=nav_responsive_tab_home\",\"https:\\\/\\\/www.youtube.com\\\/channel\\\/UCxL0wu1uN0_3_7hGG0306cw\"]},{\"@type\":\"Person\",\"@id\":\"https:\\\/\\\/www.bellunopress.it\\\/#\\\/schema\\\/person\\\/79bb06722b37ece1c03d3e94beb30d73\",\"name\":\"redazione\",\"image\":{\"@type\":\"ImageObject\",\"inLanguage\":\"fr-FR\",\"@id\":\"https:\\\/\\\/secure.gravatar.com\\\/avatar\\\/37d968a2e67a6fd04c169c4bdef102d0bc5d31b2546345219e348575eb80e9a0?s=96&d=mm&r=g\",\"url\":\"https:\\\/\\\/secure.gravatar.com\\\/avatar\\\/37d968a2e67a6fd04c169c4bdef102d0bc5d31b2546345219e348575eb80e9a0?s=96&d=mm&r=g\",\"contentUrl\":\"https:\\\/\\\/secure.gravatar.com\\\/avatar\\\/37d968a2e67a6fd04c169c4bdef102d0bc5d31b2546345219e348575eb80e9a0?s=96&d=mm&r=g\",\"caption\":\"redazione\"},\"sameAs\":[\"http:\\\/\\\/www.bellunopress.it\",\"https:\\\/\\\/x.com\\\/bellunopress\"],\"url\":\"https:\\\/\\\/www.bellunopress.it\\\/fr\\\/author\\\/redazione\\\/\"}]}<\/script>\n<!-- \/ Yoast SEO plugin. -->","yoast_head_json":{"title":"Dolomiti Bellunesi: pari a reti inviolate nell'anticipo - Bellunopress - Dolomiti","robots":{"index":"index","follow":"follow","max-snippet":"max-snippet:-1","max-image-preview":"max-image-preview:large","max-video-preview":"max-video-preview:-1"},"canonical":"https:\/\/www.bellunopress.it\/fr\/2023\/11\/25\/dolomiti-bellunesi-pari-a-reti-inviolate-nellanticipo\/","og_locale":"fr_FR","og_type":"article","og_title":"Dolomiti Bellunesi: pari a reti inviolate nell'anticipo - Bellunopress - Dolomiti","og_description":"Tra i dolomitici e la vittoria c&#8217;\u00e8 di mezzo un palo DOLOMITI BELLUNESI-CJARLINS MUZANE 0-0 DOLOMITI BELLUNESI: Virvilas; Grieco (st 38&#8242; Masut), Perez, Bevilacqua, Toniolo; De Carli (st 38&#8242; Alcides), Mazza, Baldassar; Caprioni; Nunic (st 12&#8242; De Paoli), Biancheri (st 29&#8242; Cozzari) (in panchina: Bresolin, Fagherazzi, Bandaogo, Capacchione). Allenatore: N. Zanini. CJARLINS MUZANE: Bonucci, Zarrillo [&hellip;]","og_url":"https:\/\/www.bellunopress.it\/fr\/2023\/11\/25\/dolomiti-bellunesi-pari-a-reti-inviolate-nellanticipo\/","og_site_name":"Bellunopress - Dolomiti","article_publisher":"https:\/\/www.facebook.com\/profile.php?id=100008943462799","article_published_time":"2023-11-25T18:52:50+00:00","og_image":[{"width":853,"height":568,"url":"https:\/\/www.bellunopress.it\/wp-content\/uploads\/2023\/11\/dolomiti-bellunesi-Biancheri-in-azione.jpg","type":"image\/jpeg"}],"author":"redazione","twitter_card":"summary_large_image","twitter_creator":"@bellunopress","twitter_site":"@bellunopress","twitter_misc":{"Written by":"redazione","Est. reading time":"3 minutes"},"schema":{"@context":"https:\/\/schema.org","@graph":[{"@type":"Article","@id":"https:\/\/www.bellunopress.it\/2023\/11\/25\/dolomiti-bellunesi-pari-a-reti-inviolate-nellanticipo\/#article","isPartOf":{"@id":"https:\/\/www.bellunopress.it\/2023\/11\/25\/dolomiti-bellunesi-pari-a-reti-inviolate-nellanticipo\/"},"author":{"name":"redazione","@id":"https:\/\/www.bellunopress.it\/#\/schema\/person\/79bb06722b37ece1c03d3e94beb30d73"},"headline":"Dolomiti Bellunesi: pari a reti inviolate nell&#8217;anticipo","datePublished":"2023-11-25T18:52:50+00:00","mainEntityOfPage":{"@id":"https:\/\/www.bellunopress.it\/2023\/11\/25\/dolomiti-bellunesi-pari-a-reti-inviolate-nellanticipo\/"},"wordCount":605,"publisher":{"@id":"https:\/\/www.bellunopress.it\/#organization"},"image":{"@id":"https:\/\/www.bellunopress.it\/2023\/11\/25\/dolomiti-bellunesi-pari-a-reti-inviolate-nellanticipo\/#primaryimage"},"thumbnailUrl":"https:\/\/www.bellunopress.it\/wp-content\/uploads\/2023\/11\/dolomiti-bellunesi-Biancheri-in-azione.jpg","articleSection":["Prima Pagina","Sport, tempo libero"],"inLanguage":"fr-FR"},{"@type":"WebPage","@id":"https:\/\/www.bellunopress.it\/2023\/11\/25\/dolomiti-bellunesi-pari-a-reti-inviolate-nellanticipo\/","url":"https:\/\/www.bellunopress.it\/2023\/11\/25\/dolomiti-bellunesi-pari-a-reti-inviolate-nellanticipo\/","name":"Dolomiti Bellunesi: pari a reti inviolate nell'anticipo - Bellunopress - Dolomiti","isPartOf":{"@id":"https:\/\/www.bellunopress.it\/#website"},"primaryImageOfPage":{"@id":"https:\/\/www.bellunopress.it\/2023\/11\/25\/dolomiti-bellunesi-pari-a-reti-inviolate-nellanticipo\/#primaryimage"},"image":{"@id":"https:\/\/www.bellunopress.it\/2023\/11\/25\/dolomiti-bellunesi-pari-a-reti-inviolate-nellanticipo\/#primaryimage"},"thumbnailUrl":"https:\/\/www.bellunopress.it\/wp-content\/uploads\/2023\/11\/dolomiti-bellunesi-Biancheri-in-azione.jpg","datePublished":"2023-11-25T18:52:50+00:00","breadcrumb":{"@id":"https:\/\/www.bellunopress.it\/2023\/11\/25\/dolomiti-bellunesi-pari-a-reti-inviolate-nellanticipo\/#breadcrumb"},"inLanguage":"fr-FR","potentialAction":[{"@type":"ReadAction","target":["https:\/\/www.bellunopress.it\/2023\/11\/25\/dolomiti-bellunesi-pari-a-reti-inviolate-nellanticipo\/"]}]},{"@type":"ImageObject","inLanguage":"fr-FR","@id":"https:\/\/www.bellunopress.it\/2023\/11\/25\/dolomiti-bellunesi-pari-a-reti-inviolate-nellanticipo\/#primaryimage","url":"https:\/\/www.bellunopress.it\/wp-content\/uploads\/2023\/11\/dolomiti-bellunesi-Biancheri-in-azione.jpg","contentUrl":"https:\/\/www.bellunopress.it\/wp-content\/uploads\/2023\/11\/dolomiti-bellunesi-Biancheri-in-azione.jpg","width":853,"height":568,"caption":"Dolomiti Bellunesi, Biancheri in azione"},{"@type":"BreadcrumbList","@id":"https:\/\/www.bellunopress.it\/2023\/11\/25\/dolomiti-bellunesi-pari-a-reti-inviolate-nellanticipo\/#breadcrumb","itemListElement":[{"@type":"ListItem","position":1,"name":"Home","item":"https:\/\/www.bellunopress.it\/"},{"@type":"ListItem","position":2,"name":"Dolomiti Bellunesi: pari a reti inviolate nell&#8217;anticipo"}]},{"@type":"WebSite","@id":"https:\/\/www.bellunopress.it\/#website","url":"https:\/\/www.bellunopress.it\/","name":"Bellunopress - Dolomiti","description":"e-mail: redazione@bellunopress.it","publisher":{"@id":"https:\/\/www.bellunopress.it\/#organization"},"potentialAction":[{"@type":"SearchAction","target":{"@type":"EntryPoint","urlTemplate":"https:\/\/www.bellunopress.it\/?s={search_term_string}"},"query-input":{"@type":"PropertyValueSpecification","valueRequired":true,"valueName":"search_term_string"}}],"inLanguage":"fr-FR"},{"@type":"Organization","@id":"https:\/\/www.bellunopress.it\/#organization","name":"Bellunopress","url":"https:\/\/www.bellunopress.it\/","logo":{"@type":"ImageObject","inLanguage":"fr-FR","@id":"https:\/\/www.bellunopress.it\/#\/schema\/logo\/image\/","url":"https:\/\/www.bellunopress.it\/wp-content\/uploads\/2011\/05\/cropped-logo-bellunopress-.jpg","contentUrl":"https:\/\/www.bellunopress.it\/wp-content\/uploads\/2011\/05\/cropped-logo-bellunopress-.jpg","width":512,"height":512,"caption":"Bellunopress"},"image":{"@id":"https:\/\/www.bellunopress.it\/#\/schema\/logo\/image\/"},"sameAs":["https:\/\/www.facebook.com\/profile.php?id=100008943462799","https:\/\/x.com\/bellunopress","https:\/\/www.linkedin.com\/hp\/?dnr=JBzUWaJfMUw8vbXJJ2tVW5-I3jZKvC4wsoxE&amp;amp;amp;amp;amp;amp;trk=nav_responsive_tab_home","https:\/\/www.youtube.com\/channel\/UCxL0wu1uN0_3_7hGG0306cw"]},{"@type":"Person","@id":"https:\/\/www.bellunopress.it\/#\/schema\/person\/79bb06722b37ece1c03d3e94beb30d73","name":"r\u00e9daction","image":{"@type":"ImageObject","inLanguage":"fr-FR","@id":"https:\/\/secure.gravatar.com\/avatar\/37d968a2e67a6fd04c169c4bdef102d0bc5d31b2546345219e348575eb80e9a0?s=96&d=mm&r=g","url":"https:\/\/secure.gravatar.com\/avatar\/37d968a2e67a6fd04c169c4bdef102d0bc5d31b2546345219e348575eb80e9a0?s=96&d=mm&r=g","contentUrl":"https:\/\/secure.gravatar.com\/avatar\/37d968a2e67a6fd04c169c4bdef102d0bc5d31b2546345219e348575eb80e9a0?s=96&d=mm&r=g","caption":"redazione"},"sameAs":["http:\/\/www.bellunopress.it","https:\/\/x.com\/bellunopress"],"url":"https:\/\/www.bellunopress.it\/fr\/author\/redazione\/"}]}},"_links":{"self":[{"href":"https:\/\/www.bellunopress.it\/fr\/wp-json\/wp\/v2\/posts\/146180","targetHints":{"allow":["GET"]}}],"collection":[{"href":"https:\/\/www.bellunopress.it\/fr\/wp-json\/wp\/v2\/posts"}],"about":[{"href":"https:\/\/www.bellunopress.it\/fr\/wp-json\/wp\/v2\/types\/post"}],"author":[{"embeddable":true,"href":"https:\/\/www.bellunopress.it\/fr\/wp-json\/wp\/v2\/users\/2"}],"replies":[{"embeddable":true,"href":"https:\/\/www.bellunopress.it\/fr\/wp-json\/wp\/v2\/comments?post=146180"}],"version-history":[{"count":1,"href":"https:\/\/www.bellunopress.it\/fr\/wp-json\/wp\/v2\/posts\/146180\/revisions"}],"predecessor-version":[{"id":146182,"href":"https:\/\/www.bellunopress.it\/fr\/wp-json\/wp\/v2\/posts\/146180\/revisions\/146182"}],"wp:featuredmedia":[{"embeddable":true,"href":"https:\/\/www.bellunopress.it\/fr\/wp-json\/wp\/v2\/media\/146181"}],"wp:attachment":[{"href":"https:\/\/www.bellunopress.it\/fr\/wp-json\/wp\/v2\/media?parent=146180"}],"wp:term":[{"taxonomy":"category","embeddable":true,"href":"https:\/\/www.bellunopress.it\/fr\/wp-json\/wp\/v2\/categories?post=146180"},{"taxonomy":"post_tag","embeddable":true,"href":"https:\/\/www.bellunopress.it\/fr\/wp-json\/wp\/v2\/tags?post=146180"}],"curies":[{"name":"wp","href":"https:\/\/api.w.org\/{rel}","templated":true}]}}