{"id":146177,"date":"2023-11-25T19:06:31","date_gmt":"2023-11-25T18:06:31","guid":{"rendered":"https:\/\/www.bellunopress.it\/?p=146177"},"modified":"2023-11-25T19:06:31","modified_gmt":"2023-11-25T18:06:31","slug":"premio-bellunesi-che-onorano-la-provincia-consegnati-a-longarone-i-riconoscimenti","status":"publish","type":"post","link":"https:\/\/www.bellunopress.it\/fr\/2023\/11\/25\/premio-bellunesi-che-onorano-la-provincia-consegnati-a-longarone-i-riconoscimenti\/","title":{"rendered":"Premio &#8220;Bellunesi che onorano la provincia&#8221;, consegnati a Longarone i riconoscimenti"},"content":{"rendered":"<p><strong><img loading=\"lazy\" decoding=\"async\" class=\"alignleft size-full wp-image-146178\" src=\"https:\/\/www.bellunopress.it\/wp-content\/uploads\/2023\/11\/Premio-bellunesi-2023-tutti-i-premiati_edited.jpg\" alt=\"\" width=\"1000\" height=\"487\" srcset=\"https:\/\/www.bellunopress.it\/wp-content\/uploads\/2023\/11\/Premio-bellunesi-2023-tutti-i-premiati_edited.jpg 1000w, https:\/\/www.bellunopress.it\/wp-content\/uploads\/2023\/11\/Premio-bellunesi-2023-tutti-i-premiati_edited-500x244.jpg 500w, https:\/\/www.bellunopress.it\/wp-content\/uploads\/2023\/11\/Premio-bellunesi-2023-tutti-i-premiati_edited-696x339.jpg 696w\" sizes=\"auto, (max-width: 1000px) 100vw, 1000px\" \/>Padrin: \u00abFesta della bellunesi. La montagna forgia i nostri talenti\u00bb<\/strong><\/p>\n<p>Longarone, 25 novembre 2023 &#8211; Studio, genialit\u00e0, competenze, carriera e solidariet\u00e0. Sono le caratteristiche dei bellunesi che onorano la provincia in Italia e nel mondo, premiati oggi a Longarone in quella che \u00e8 stata definita \u00abla festa dell&#8217;orgoglio bellunese\u00bb. Il premio internazionale, ideato da Provincia, Associazione Bellunesi nel Mondo e Rotary Club, da 23 anni riconosce il merito dei bellunesi che si sono ritagliati percorsi importanti fuori dalla loro terra d&#8217;origine, ottenendo risultati nella carriera, negli studi, nel volontariato. E anche quest&#8217;anno ha individuato alcuni bellunesi di successo, in una cerimonia condotta da Anna Olivier e allietata dal Coro Codissago, a cui hanno partecipato diversi sindaci bellunesi, i consiglieri regionali Silvia Cestaro e Giovanni Puppato, e l&#8217;eurodeputata Rosanna Conte.<\/p>\n<p>\u00abQuesta \u00e8 la giornata dell&#8217;orgoglio bellunese\u00bb ha detto il presidente della Provincia e sindaco di Longarone, Roberto Padrin, nel suo intervento. \u00abI percorsi dei bellunesi che hanno onorato la provincia in Italia e nel mondo ci danno la misura di cosa \u00e8 il nostro territorio. Sono persone che si sono fatte strada nella vita, che hanno creato carriere brillanti nel lavoro, che hanno saputo farsi apprezzare nei campi della cultura, della solidariet\u00e0 e dell&#8217;associazionismo. Che hanno fatto tutto ci\u00f2 fuori da Belluno. Ma che hanno fatto valere il loro carattere e le loro capacit\u00e0 forgiate proprio dalla terra d&#8217;origine e hanno dato valore alle loro radici\u00bb.<\/p>\n<p>Un tema, quello delle radici, sottolineato anche dal senatore Luca De Carlo e dal presidente Abm Oscar De Bona. E riconosciuto unanimemente dai premiati.<\/p>\n<p>I PREMIATI<\/p>\n<p>Per il settore economico, imprenditoriale e professionale, il premio \u00e8 stato assegnato a Francesco Dazzi (systems engineer certificato e project manager con oltre 20 anni di esperienza in vari settori) e a Francesco Piazza (capo dell&#8217;Ufficio del cerimoniale di Stato e per le onorificenze della Presidenza del Consiglio dei ministri).<\/p>\n<p>\u00abRicevere questo premio significa valorizzare le origini bellunesi. Io a Belluno ho imparato i valori veri e autentici, come l&#8217;onest\u00e0, la solidariet\u00e0, il rispetto delle tradizioni, il sacrificio&#8230; per me \u00e8 un premio etico non solo professionale\u00bb ha detto Dazzi. \u00abSe non fossi nato qui forse non avrei raggiunto quello che ho raggiunto\u00bb. \u00abMi inorgoglisce provenire da questa terra che ci ha abituato alla capacit\u00e0 di fare squadra, perch\u00e9 in montagna non si fa molto da soli\u00bb ha aggiunto Francesco Piazza.<\/p>\n<p>Per il settore istituzioni, arte e cultura il premio \u00e8 andato a Silvana Molin Pradel (promotrice di attivit\u00e0 culturali e fondatrice in Spagna della societ\u00e0 Dante Alighieri per la lingua e la cultura italiana), a Romeo Sacchetti (cestista argento a Mosca 1980 e oro a Nantes 1983, gi\u00e0 ct della nazionale italiana di basket maschile), che non ha potuto ritirare personalmente il premio.<\/p>\n<p>Per il settore sociale e solidaristico il riconoscimento \u00e8 andato a Flavio Jos\u00e8 Brugnago (originario di Canale d&#8217;Agordo, nato a Jaragu\u00e0 do Sul in Brasile e giornalista, intervenuto da oltreoceano con un videomessaggio), e a Francesco Marin (docente componente della cancelleria consolare dell&#8217;Ambasciata d&#8217;Italia a Berlino, nonch\u00e9 parte attiva di &#8220;Benvenuti a Berlino&#8221;, un progetto che ha lo scopo di fornire ai connazionali italiani informazioni e risorse utili per integrarsi nel sistema tedesco).<\/p>\n<p>Infine, il premio speciale Barcelloni Corte-De Martin Modolado \u00e8 andato ad alcune figure di spicco di Longarone: la famiglia Croce, Arrigo Galli e Luigino Olivier, per l&#8217;impegno nella comunit\u00e0 locale e per mantenere vive le tradizioni e le radici.<\/p>","protected":false},"excerpt":{"rendered":"<p>Padrin: \u00abFesta della bellunesi. La montagna forgia i nostri talenti\u00bb Longarone, 25 novembre 2023 &#8211; Studio, genialit\u00e0, competenze, carriera e solidariet\u00e0. Sono le caratteristiche dei bellunesi che onorano la provincia in Italia e nel mondo, premiati oggi a Longarone in quella che \u00e8 stata definita \u00abla festa dell&#8217;orgoglio bellunese\u00bb. Il premio internazionale, ideato da Provincia, [&hellip;]<\/p>\n","protected":false},"author":2,"featured_media":146178,"comment_status":"closed","ping_status":"open","sticky":false,"template":"","format":"standard","meta":{"footnotes":""},"categories":[5,26,8],"tags":[],"class_list":["post-146177","post","type-post","status-publish","format-standard","has-post-thumbnail","category-cronaca","category-prima-pagina","category-societa-istituzioni"],"yoast_head":"<!-- This site is optimized with the Yoast SEO plugin v28.4 - https:\/\/yoast.com\/product\/yoast-seo-wordpress\/ -->\n<title>Premio &quot;Bellunesi che onorano la provincia&quot;, consegnati a Longarone i riconoscimenti - Bellunopress - Dolomiti<\/title>\n<meta name=\"robots\" content=\"index, follow, max-snippet:-1, max-image-preview:large, max-video-preview:-1\" \/>\n<link rel=\"canonical\" href=\"https:\/\/www.bellunopress.it\/fr\/2023\/11\/25\/premio-bellunesi-che-onorano-la-provincia-consegnati-a-longarone-i-riconoscimenti\/\" \/>\n<meta property=\"og:locale\" content=\"fr_FR\" \/>\n<meta property=\"og:type\" content=\"article\" \/>\n<meta property=\"og:title\" content=\"Premio &quot;Bellunesi che onorano la provincia&quot;, consegnati a Longarone i riconoscimenti - Bellunopress - Dolomiti\" \/>\n<meta property=\"og:description\" content=\"Padrin: \u00abFesta della bellunesi. La montagna forgia i nostri talenti\u00bb Longarone, 25 novembre 2023 &#8211; Studio, genialit\u00e0, competenze, carriera e solidariet\u00e0. Sono le caratteristiche dei bellunesi che onorano la provincia in Italia e nel mondo, premiati oggi a Longarone in quella che \u00e8 stata definita \u00abla festa dell&#8217;orgoglio bellunese\u00bb. Il premio internazionale, ideato da Provincia, [&hellip;]\" \/>\n<meta property=\"og:url\" content=\"https:\/\/www.bellunopress.it\/fr\/2023\/11\/25\/premio-bellunesi-che-onorano-la-provincia-consegnati-a-longarone-i-riconoscimenti\/\" \/>\n<meta property=\"og:site_name\" content=\"Bellunopress - Dolomiti\" \/>\n<meta property=\"article:publisher\" content=\"https:\/\/www.facebook.com\/profile.php?id=100008943462799\" \/>\n<meta property=\"article:published_time\" content=\"2023-11-25T18:06:31+00:00\" \/>\n<meta property=\"og:image\" content=\"https:\/\/www.bellunopress.it\/wp-content\/uploads\/2023\/11\/Premio-bellunesi-2023-tutti-i-premiati_edited.jpg\" \/>\n\t<meta property=\"og:image:width\" content=\"1000\" \/>\n\t<meta property=\"og:image:height\" content=\"487\" \/>\n\t<meta property=\"og:image:type\" content=\"image\/jpeg\" \/>\n<meta name=\"author\" content=\"redazione\" \/>\n<meta name=\"twitter:card\" content=\"summary_large_image\" \/>\n<meta name=\"twitter:creator\" content=\"@bellunopress\" \/>\n<meta name=\"twitter:site\" content=\"@bellunopress\" \/>\n<meta name=\"twitter:label1\" content=\"Written by\" \/>\n\t<meta name=\"twitter:data1\" content=\"redazione\" \/>\n\t<meta name=\"twitter:label2\" content=\"Est. reading time\" \/>\n\t<meta name=\"twitter:data2\" content=\"3 minutes\" \/>\n<script type=\"application\/ld+json\" class=\"yoast-schema-graph\">{\"@context\":\"https:\\\/\\\/schema.org\",\"@graph\":[{\"@type\":\"Article\",\"@id\":\"https:\\\/\\\/www.bellunopress.it\\\/2023\\\/11\\\/25\\\/premio-bellunesi-che-onorano-la-provincia-consegnati-a-longarone-i-riconoscimenti\\\/#article\",\"isPartOf\":{\"@id\":\"https:\\\/\\\/www.bellunopress.it\\\/2023\\\/11\\\/25\\\/premio-bellunesi-che-onorano-la-provincia-consegnati-a-longarone-i-riconoscimenti\\\/\"},\"author\":{\"name\":\"redazione\",\"@id\":\"https:\\\/\\\/www.bellunopress.it\\\/#\\\/schema\\\/person\\\/79bb06722b37ece1c03d3e94beb30d73\"},\"headline\":\"Premio &#8220;Bellunesi che onorano la provincia&#8221;, consegnati a Longarone i riconoscimenti\",\"datePublished\":\"2023-11-25T18:06:31+00:00\",\"mainEntityOfPage\":{\"@id\":\"https:\\\/\\\/www.bellunopress.it\\\/2023\\\/11\\\/25\\\/premio-bellunesi-che-onorano-la-provincia-consegnati-a-longarone-i-riconoscimenti\\\/\"},\"wordCount\":577,\"publisher\":{\"@id\":\"https:\\\/\\\/www.bellunopress.it\\\/#organization\"},\"image\":{\"@id\":\"https:\\\/\\\/www.bellunopress.it\\\/2023\\\/11\\\/25\\\/premio-bellunesi-che-onorano-la-provincia-consegnati-a-longarone-i-riconoscimenti\\\/#primaryimage\"},\"thumbnailUrl\":\"https:\\\/\\\/www.bellunopress.it\\\/wp-content\\\/uploads\\\/2023\\\/11\\\/Premio-bellunesi-2023-tutti-i-premiati_edited.jpg\",\"articleSection\":[\"Cronaca\\\/Politica\",\"Prima Pagina\",\"Societ\u00e0, Associazioni, Istituzioni\"],\"inLanguage\":\"fr-FR\"},{\"@type\":\"WebPage\",\"@id\":\"https:\\\/\\\/www.bellunopress.it\\\/2023\\\/11\\\/25\\\/premio-bellunesi-che-onorano-la-provincia-consegnati-a-longarone-i-riconoscimenti\\\/\",\"url\":\"https:\\\/\\\/www.bellunopress.it\\\/2023\\\/11\\\/25\\\/premio-bellunesi-che-onorano-la-provincia-consegnati-a-longarone-i-riconoscimenti\\\/\",\"name\":\"Premio \\\"Bellunesi che onorano la provincia\\\", consegnati a Longarone i riconoscimenti - Bellunopress - Dolomiti\",\"isPartOf\":{\"@id\":\"https:\\\/\\\/www.bellunopress.it\\\/#website\"},\"primaryImageOfPage\":{\"@id\":\"https:\\\/\\\/www.bellunopress.it\\\/2023\\\/11\\\/25\\\/premio-bellunesi-che-onorano-la-provincia-consegnati-a-longarone-i-riconoscimenti\\\/#primaryimage\"},\"image\":{\"@id\":\"https:\\\/\\\/www.bellunopress.it\\\/2023\\\/11\\\/25\\\/premio-bellunesi-che-onorano-la-provincia-consegnati-a-longarone-i-riconoscimenti\\\/#primaryimage\"},\"thumbnailUrl\":\"https:\\\/\\\/www.bellunopress.it\\\/wp-content\\\/uploads\\\/2023\\\/11\\\/Premio-bellunesi-2023-tutti-i-premiati_edited.jpg\",\"datePublished\":\"2023-11-25T18:06:31+00:00\",\"breadcrumb\":{\"@id\":\"https:\\\/\\\/www.bellunopress.it\\\/2023\\\/11\\\/25\\\/premio-bellunesi-che-onorano-la-provincia-consegnati-a-longarone-i-riconoscimenti\\\/#breadcrumb\"},\"inLanguage\":\"fr-FR\",\"potentialAction\":[{\"@type\":\"ReadAction\",\"target\":[\"https:\\\/\\\/www.bellunopress.it\\\/2023\\\/11\\\/25\\\/premio-bellunesi-che-onorano-la-provincia-consegnati-a-longarone-i-riconoscimenti\\\/\"]}]},{\"@type\":\"ImageObject\",\"inLanguage\":\"fr-FR\",\"@id\":\"https:\\\/\\\/www.bellunopress.it\\\/2023\\\/11\\\/25\\\/premio-bellunesi-che-onorano-la-provincia-consegnati-a-longarone-i-riconoscimenti\\\/#primaryimage\",\"url\":\"https:\\\/\\\/www.bellunopress.it\\\/wp-content\\\/uploads\\\/2023\\\/11\\\/Premio-bellunesi-2023-tutti-i-premiati_edited.jpg\",\"contentUrl\":\"https:\\\/\\\/www.bellunopress.it\\\/wp-content\\\/uploads\\\/2023\\\/11\\\/Premio-bellunesi-2023-tutti-i-premiati_edited.jpg\",\"width\":1000,\"height\":487},{\"@type\":\"BreadcrumbList\",\"@id\":\"https:\\\/\\\/www.bellunopress.it\\\/2023\\\/11\\\/25\\\/premio-bellunesi-che-onorano-la-provincia-consegnati-a-longarone-i-riconoscimenti\\\/#breadcrumb\",\"itemListElement\":[{\"@type\":\"ListItem\",\"position\":1,\"name\":\"Home\",\"item\":\"https:\\\/\\\/www.bellunopress.it\\\/\"},{\"@type\":\"ListItem\",\"position\":2,\"name\":\"Premio &#8220;Bellunesi che onorano la provincia&#8221;, consegnati a Longarone i riconoscimenti\"}]},{\"@type\":\"WebSite\",\"@id\":\"https:\\\/\\\/www.bellunopress.it\\\/#website\",\"url\":\"https:\\\/\\\/www.bellunopress.it\\\/\",\"name\":\"Bellunopress - Dolomiti\",\"description\":\"e-mail: redazione@bellunopress.it\",\"publisher\":{\"@id\":\"https:\\\/\\\/www.bellunopress.it\\\/#organization\"},\"potentialAction\":[{\"@type\":\"SearchAction\",\"target\":{\"@type\":\"EntryPoint\",\"urlTemplate\":\"https:\\\/\\\/www.bellunopress.it\\\/?s={search_term_string}\"},\"query-input\":{\"@type\":\"PropertyValueSpecification\",\"valueRequired\":true,\"valueName\":\"search_term_string\"}}],\"inLanguage\":\"fr-FR\"},{\"@type\":\"Organization\",\"@id\":\"https:\\\/\\\/www.bellunopress.it\\\/#organization\",\"name\":\"Bellunopress\",\"url\":\"https:\\\/\\\/www.bellunopress.it\\\/\",\"logo\":{\"@type\":\"ImageObject\",\"inLanguage\":\"fr-FR\",\"@id\":\"https:\\\/\\\/www.bellunopress.it\\\/#\\\/schema\\\/logo\\\/image\\\/\",\"url\":\"https:\\\/\\\/www.bellunopress.it\\\/wp-content\\\/uploads\\\/2011\\\/05\\\/cropped-logo-bellunopress-.jpg\",\"contentUrl\":\"https:\\\/\\\/www.bellunopress.it\\\/wp-content\\\/uploads\\\/2011\\\/05\\\/cropped-logo-bellunopress-.jpg\",\"width\":512,\"height\":512,\"caption\":\"Bellunopress\"},\"image\":{\"@id\":\"https:\\\/\\\/www.bellunopress.it\\\/#\\\/schema\\\/logo\\\/image\\\/\"},\"sameAs\":[\"https:\\\/\\\/www.facebook.com\\\/profile.php?id=100008943462799\",\"https:\\\/\\\/x.com\\\/bellunopress\",\"https:\\\/\\\/www.linkedin.com\\\/hp\\\/?dnr=JBzUWaJfMUw8vbXJJ2tVW5-I3jZKvC4wsoxE&amp;amp;amp;amp;amp;amp;trk=nav_responsive_tab_home\",\"https:\\\/\\\/www.youtube.com\\\/channel\\\/UCxL0wu1uN0_3_7hGG0306cw\"]},{\"@type\":\"Person\",\"@id\":\"https:\\\/\\\/www.bellunopress.it\\\/#\\\/schema\\\/person\\\/79bb06722b37ece1c03d3e94beb30d73\",\"name\":\"redazione\",\"image\":{\"@type\":\"ImageObject\",\"inLanguage\":\"fr-FR\",\"@id\":\"https:\\\/\\\/secure.gravatar.com\\\/avatar\\\/37d968a2e67a6fd04c169c4bdef102d0bc5d31b2546345219e348575eb80e9a0?s=96&d=mm&r=g\",\"url\":\"https:\\\/\\\/secure.gravatar.com\\\/avatar\\\/37d968a2e67a6fd04c169c4bdef102d0bc5d31b2546345219e348575eb80e9a0?s=96&d=mm&r=g\",\"contentUrl\":\"https:\\\/\\\/secure.gravatar.com\\\/avatar\\\/37d968a2e67a6fd04c169c4bdef102d0bc5d31b2546345219e348575eb80e9a0?s=96&d=mm&r=g\",\"caption\":\"redazione\"},\"sameAs\":[\"http:\\\/\\\/www.bellunopress.it\",\"https:\\\/\\\/x.com\\\/bellunopress\"],\"url\":\"https:\\\/\\\/www.bellunopress.it\\\/fr\\\/author\\\/redazione\\\/\"}]}<\/script>\n<!-- \/ Yoast SEO plugin. -->","yoast_head_json":{"title":"Premio \"Bellunesi che onorano la provincia\", consegnati a Longarone i riconoscimenti - Bellunopress - Dolomiti","robots":{"index":"index","follow":"follow","max-snippet":"max-snippet:-1","max-image-preview":"max-image-preview:large","max-video-preview":"max-video-preview:-1"},"canonical":"https:\/\/www.bellunopress.it\/fr\/2023\/11\/25\/premio-bellunesi-che-onorano-la-provincia-consegnati-a-longarone-i-riconoscimenti\/","og_locale":"fr_FR","og_type":"article","og_title":"Premio \"Bellunesi che onorano la provincia\", consegnati a Longarone i riconoscimenti - Bellunopress - Dolomiti","og_description":"Padrin: \u00abFesta della bellunesi. La montagna forgia i nostri talenti\u00bb Longarone, 25 novembre 2023 &#8211; Studio, genialit\u00e0, competenze, carriera e solidariet\u00e0. Sono le caratteristiche dei bellunesi che onorano la provincia in Italia e nel mondo, premiati oggi a Longarone in quella che \u00e8 stata definita \u00abla festa dell&#8217;orgoglio bellunese\u00bb. Il premio internazionale, ideato da Provincia, [&hellip;]","og_url":"https:\/\/www.bellunopress.it\/fr\/2023\/11\/25\/premio-bellunesi-che-onorano-la-provincia-consegnati-a-longarone-i-riconoscimenti\/","og_site_name":"Bellunopress - Dolomiti","article_publisher":"https:\/\/www.facebook.com\/profile.php?id=100008943462799","article_published_time":"2023-11-25T18:06:31+00:00","og_image":[{"width":1000,"height":487,"url":"https:\/\/www.bellunopress.it\/wp-content\/uploads\/2023\/11\/Premio-bellunesi-2023-tutti-i-premiati_edited.jpg","type":"image\/jpeg"}],"author":"redazione","twitter_card":"summary_large_image","twitter_creator":"@bellunopress","twitter_site":"@bellunopress","twitter_misc":{"Written by":"redazione","Est. reading time":"3 minutes"},"schema":{"@context":"https:\/\/schema.org","@graph":[{"@type":"Article","@id":"https:\/\/www.bellunopress.it\/2023\/11\/25\/premio-bellunesi-che-onorano-la-provincia-consegnati-a-longarone-i-riconoscimenti\/#article","isPartOf":{"@id":"https:\/\/www.bellunopress.it\/2023\/11\/25\/premio-bellunesi-che-onorano-la-provincia-consegnati-a-longarone-i-riconoscimenti\/"},"author":{"name":"redazione","@id":"https:\/\/www.bellunopress.it\/#\/schema\/person\/79bb06722b37ece1c03d3e94beb30d73"},"headline":"Premio &#8220;Bellunesi che onorano la provincia&#8221;, consegnati a Longarone i riconoscimenti","datePublished":"2023-11-25T18:06:31+00:00","mainEntityOfPage":{"@id":"https:\/\/www.bellunopress.it\/2023\/11\/25\/premio-bellunesi-che-onorano-la-provincia-consegnati-a-longarone-i-riconoscimenti\/"},"wordCount":577,"publisher":{"@id":"https:\/\/www.bellunopress.it\/#organization"},"image":{"@id":"https:\/\/www.bellunopress.it\/2023\/11\/25\/premio-bellunesi-che-onorano-la-provincia-consegnati-a-longarone-i-riconoscimenti\/#primaryimage"},"thumbnailUrl":"https:\/\/www.bellunopress.it\/wp-content\/uploads\/2023\/11\/Premio-bellunesi-2023-tutti-i-premiati_edited.jpg","articleSection":["Cronaca\/Politica","Prima Pagina","Societ\u00e0, Associazioni, Istituzioni"],"inLanguage":"fr-FR"},{"@type":"WebPage","@id":"https:\/\/www.bellunopress.it\/2023\/11\/25\/premio-bellunesi-che-onorano-la-provincia-consegnati-a-longarone-i-riconoscimenti\/","url":"https:\/\/www.bellunopress.it\/2023\/11\/25\/premio-bellunesi-che-onorano-la-provincia-consegnati-a-longarone-i-riconoscimenti\/","name":"Premio \"Bellunesi che onorano la provincia\", consegnati a Longarone i riconoscimenti - Bellunopress - Dolomiti","isPartOf":{"@id":"https:\/\/www.bellunopress.it\/#website"},"primaryImageOfPage":{"@id":"https:\/\/www.bellunopress.it\/2023\/11\/25\/premio-bellunesi-che-onorano-la-provincia-consegnati-a-longarone-i-riconoscimenti\/#primaryimage"},"image":{"@id":"https:\/\/www.bellunopress.it\/2023\/11\/25\/premio-bellunesi-che-onorano-la-provincia-consegnati-a-longarone-i-riconoscimenti\/#primaryimage"},"thumbnailUrl":"https:\/\/www.bellunopress.it\/wp-content\/uploads\/2023\/11\/Premio-bellunesi-2023-tutti-i-premiati_edited.jpg","datePublished":"2023-11-25T18:06:31+00:00","breadcrumb":{"@id":"https:\/\/www.bellunopress.it\/2023\/11\/25\/premio-bellunesi-che-onorano-la-provincia-consegnati-a-longarone-i-riconoscimenti\/#breadcrumb"},"inLanguage":"fr-FR","potentialAction":[{"@type":"ReadAction","target":["https:\/\/www.bellunopress.it\/2023\/11\/25\/premio-bellunesi-che-onorano-la-provincia-consegnati-a-longarone-i-riconoscimenti\/"]}]},{"@type":"ImageObject","inLanguage":"fr-FR","@id":"https:\/\/www.bellunopress.it\/2023\/11\/25\/premio-bellunesi-che-onorano-la-provincia-consegnati-a-longarone-i-riconoscimenti\/#primaryimage","url":"https:\/\/www.bellunopress.it\/wp-content\/uploads\/2023\/11\/Premio-bellunesi-2023-tutti-i-premiati_edited.jpg","contentUrl":"https:\/\/www.bellunopress.it\/wp-content\/uploads\/2023\/11\/Premio-bellunesi-2023-tutti-i-premiati_edited.jpg","width":1000,"height":487},{"@type":"BreadcrumbList","@id":"https:\/\/www.bellunopress.it\/2023\/11\/25\/premio-bellunesi-che-onorano-la-provincia-consegnati-a-longarone-i-riconoscimenti\/#breadcrumb","itemListElement":[{"@type":"ListItem","position":1,"name":"Home","item":"https:\/\/www.bellunopress.it\/"},{"@type":"ListItem","position":2,"name":"Premio &#8220;Bellunesi che onorano la provincia&#8221;, consegnati a Longarone i riconoscimenti"}]},{"@type":"WebSite","@id":"https:\/\/www.bellunopress.it\/#website","url":"https:\/\/www.bellunopress.it\/","name":"Bellunopress - Dolomiti","description":"e-mail: redazione@bellunopress.it","publisher":{"@id":"https:\/\/www.bellunopress.it\/#organization"},"potentialAction":[{"@type":"SearchAction","target":{"@type":"EntryPoint","urlTemplate":"https:\/\/www.bellunopress.it\/?s={search_term_string}"},"query-input":{"@type":"PropertyValueSpecification","valueRequired":true,"valueName":"search_term_string"}}],"inLanguage":"fr-FR"},{"@type":"Organization","@id":"https:\/\/www.bellunopress.it\/#organization","name":"Bellunopress","url":"https:\/\/www.bellunopress.it\/","logo":{"@type":"ImageObject","inLanguage":"fr-FR","@id":"https:\/\/www.bellunopress.it\/#\/schema\/logo\/image\/","url":"https:\/\/www.bellunopress.it\/wp-content\/uploads\/2011\/05\/cropped-logo-bellunopress-.jpg","contentUrl":"https:\/\/www.bellunopress.it\/wp-content\/uploads\/2011\/05\/cropped-logo-bellunopress-.jpg","width":512,"height":512,"caption":"Bellunopress"},"image":{"@id":"https:\/\/www.bellunopress.it\/#\/schema\/logo\/image\/"},"sameAs":["https:\/\/www.facebook.com\/profile.php?id=100008943462799","https:\/\/x.com\/bellunopress","https:\/\/www.linkedin.com\/hp\/?dnr=JBzUWaJfMUw8vbXJJ2tVW5-I3jZKvC4wsoxE&amp;amp;amp;amp;amp;amp;trk=nav_responsive_tab_home","https:\/\/www.youtube.com\/channel\/UCxL0wu1uN0_3_7hGG0306cw"]},{"@type":"Person","@id":"https:\/\/www.bellunopress.it\/#\/schema\/person\/79bb06722b37ece1c03d3e94beb30d73","name":"r\u00e9daction","image":{"@type":"ImageObject","inLanguage":"fr-FR","@id":"https:\/\/secure.gravatar.com\/avatar\/37d968a2e67a6fd04c169c4bdef102d0bc5d31b2546345219e348575eb80e9a0?s=96&d=mm&r=g","url":"https:\/\/secure.gravatar.com\/avatar\/37d968a2e67a6fd04c169c4bdef102d0bc5d31b2546345219e348575eb80e9a0?s=96&d=mm&r=g","contentUrl":"https:\/\/secure.gravatar.com\/avatar\/37d968a2e67a6fd04c169c4bdef102d0bc5d31b2546345219e348575eb80e9a0?s=96&d=mm&r=g","caption":"redazione"},"sameAs":["http:\/\/www.bellunopress.it","https:\/\/x.com\/bellunopress"],"url":"https:\/\/www.bellunopress.it\/fr\/author\/redazione\/"}]}},"_links":{"self":[{"href":"https:\/\/www.bellunopress.it\/fr\/wp-json\/wp\/v2\/posts\/146177","targetHints":{"allow":["GET"]}}],"collection":[{"href":"https:\/\/www.bellunopress.it\/fr\/wp-json\/wp\/v2\/posts"}],"about":[{"href":"https:\/\/www.bellunopress.it\/fr\/wp-json\/wp\/v2\/types\/post"}],"author":[{"embeddable":true,"href":"https:\/\/www.bellunopress.it\/fr\/wp-json\/wp\/v2\/users\/2"}],"replies":[{"embeddable":true,"href":"https:\/\/www.bellunopress.it\/fr\/wp-json\/wp\/v2\/comments?post=146177"}],"version-history":[{"count":1,"href":"https:\/\/www.bellunopress.it\/fr\/wp-json\/wp\/v2\/posts\/146177\/revisions"}],"predecessor-version":[{"id":146179,"href":"https:\/\/www.bellunopress.it\/fr\/wp-json\/wp\/v2\/posts\/146177\/revisions\/146179"}],"wp:featuredmedia":[{"embeddable":true,"href":"https:\/\/www.bellunopress.it\/fr\/wp-json\/wp\/v2\/media\/146178"}],"wp:attachment":[{"href":"https:\/\/www.bellunopress.it\/fr\/wp-json\/wp\/v2\/media?parent=146177"}],"wp:term":[{"taxonomy":"category","embeddable":true,"href":"https:\/\/www.bellunopress.it\/fr\/wp-json\/wp\/v2\/categories?post=146177"},{"taxonomy":"post_tag","embeddable":true,"href":"https:\/\/www.bellunopress.it\/fr\/wp-json\/wp\/v2\/tags?post=146177"}],"curies":[{"name":"wp","href":"https:\/\/api.w.org\/{rel}","templated":true}]}}