{"id":146174,"date":"2023-11-25T10:17:07","date_gmt":"2023-11-25T09:17:07","guid":{"rendered":"https:\/\/www.bellunopress.it\/?p=146174"},"modified":"2023-11-25T10:17:07","modified_gmt":"2023-11-25T09:17:07","slug":"iris-tutto-quello-che-abbiamo-da-dire-giulia-cecchettin-e-la-105esima-donna-uccisa-del-2023","status":"publish","type":"post","link":"https:\/\/www.bellunopress.it\/fr\/2023\/11\/25\/iris-tutto-quello-che-abbiamo-da-dire-giulia-cecchettin-e-la-105esima-donna-uccisa-del-2023\/","title":{"rendered":"Iris, tutto quello che abbiamo da dire: Giulia Cecchettin \u00e8 la 105esima donna uccisa del 2023"},"content":{"rendered":"<p><img loading=\"lazy\" decoding=\"async\" class=\"alignleft  wp-image-146175\" src=\"https:\/\/www.bellunopress.it\/wp-content\/uploads\/2023\/11\/IRIS-coordinamento-centri-antiviolenza.jpg\" alt=\"\" width=\"452\" height=\"301\" srcset=\"https:\/\/www.bellunopress.it\/wp-content\/uploads\/2023\/11\/IRIS-coordinamento-centri-antiviolenza.jpg 600w, https:\/\/www.bellunopress.it\/wp-content\/uploads\/2023\/11\/IRIS-coordinamento-centri-antiviolenza-500x333.jpg 500w\" sizes=\"auto, (max-width: 452px) 100vw, 452px\" \/>Non \u00e8 il primo 25 Novembre che passiamo a ricordare una donna uccisa per mano di un uomo che pensava di poter decidere su di lei, su tutto, anche sulla sua vita.<br \/>\nPer questo stiamo districando quel groviglio che abbiamo in gola per gridare la nostra rabbia, per riappropriarci degli spazi che ci appartengono. Per gridare che nessuna resti sola. Per gridare a Giulia che saremo rivoluzione per lei, per noi.<br \/>\nInsieme alle lacrime e al dolore, \u00e8 la rabbia che ci aggroviglia le parole in gola. La rabbia di chi sa cosa significa vivere nella consapevolezza che potrebbe capitare anche a te. La rabbia di chi parla di violenza maschile e viene tacciata di essere esagerata o di parte. La rabbia di chi annualmente accoglie, sostiene e supporta migliaia di donne in situazioni di violenza nel nostro territorio, e deve continuamente elemosinare i fondi per farlo. La rabbia di chi vede sfilate di cordoglio per Giulia che poi non trovano riscontro in reali prese di posizione contro il sistema patriarcale. La rabbia di chi, passato il 25 novembre, viene di nuovo lasciata sola dalle istituzioni.<br \/>\nLo sappiamo bene, l\u2019isolamento \u00e8 una delle strategie per mantenere le donne in una posizione di dipendenza e paura. Per questo vogliamo che le donne sappiano che i Centri antiviolenza ci sono sempre per loro. Per questo abbiamo bisogno, come donne e come operatrici, di sentire che non siamo sole.<br \/>\nSiamo consapevoli che quello che diremo pu\u00f2 essere forte ma pensiamo sia giunto il momento di farlo, perch\u00e9 vogliamo che da qui non si torni pi\u00f9 indietro.<\/p>\n<p><strong>In questi anni ci siamo sentite dire<\/strong><br \/>\nChe le donne denunciano perch\u00e9 vogliono ottenere condizioni vantaggiose nelle separazioni<br \/>\nChe le donne straniere dicono di essere vittime di violenza cos\u00ec ottengono il permesso di soggiorno<br \/>\nChe non ci sono soldi per sostenere le piccole spese per le donne ospiti in casa rifugio<br \/>\nChe se una donna non ha la residenza non si deve chiedere niente al Comune<br \/>\nChe se la donna ha atteggiamenti occidentaleggianti allora pu\u00f2 essere un motivo per la violenza<br \/>\nChe non importa se lui \u00e8 stato condannato definitivamente per violenza, anche sui figli e sulle figlie, \u00e8 comunque un buon padre e ha il diritto di vedere i suoi figli, anche se loro non lo vogliono vedere<br \/>\nChe s\u00ec la violenza \u00e8 un problema culturale, ma sono le donne a educare i loro figli e le loro figlie<br \/>\nChe siamo delle nazifemministe che odiano gli uomini<br \/>\nChe dobbiamo trovare i fondi da sole perch\u00e9 lo Stato non pu\u00f2 provvedere a tutto<br \/>\nDi finirla di fare le vittime<br \/>\nChe la violenza \u00e8 un problema del passato e noi donne ormai abbiamo tutti i diritti<br \/>\nChe uno schiaffo non \u00e8 violenza<br \/>\nChe il cat-calling e le molestie verbali per strada non sono violenza, ma complimenti<br \/>\nChe possiamo incontrare gli studenti e le studentesse, ma senza pronunciare la parola \u201cgenere\u201d<br \/>\nChe non contano le violenze subite dalle donne, ma solo gli intenti \u201cscherzosi\u201d dei loro aggressori<br \/>\nChe costiamo troppo<br \/>\nChe \u00e8 colpa dei cellulari, dei social<br \/>\nChe non si va all\u2019ultimo appuntamento<br \/>\nChe la donna in sede di querela ha detto solo tante cazzate<br \/>\nChe \u201cnon ci sono fondi per questa donna e i suoi figli\u201d e che \u00e8 meglio faccia ritorno al suo paese<br \/>\nChe dovremmo chiedere alla donna di continuare a pagare le bollette della casa che ha lasciato con i figli, perch\u00e9 lui altrimenti rimane senza forniture<\/p>\n<p><strong>Ci sono chiare responsabilit\u00e0 in tutto questo, le responsabilit\u00e0<\/strong><br \/>\nDel Governo, che non ha ancora stanziato i fondi per il 2023, che non ascolta i Centri antiviolenza e li obbliga a tenere aperti h24 senza fondi, che agisce solo per punire e reprimere e mai per prevenire<br \/>\nDei Tribunali, dove si sottovaluta il rischio e si archiviano denunce dove le donne dicono di aver paura perch\u00e9 il maltrattante le ha minacciate con un coltello<br \/>\nDelle Forze dell\u2019Ordine, quando dicono alle donne di tenerlo buono, di pulire meglio, di tornare a casa perch\u00e9 la violenza non \u00e8 grave<br \/>\nDelle Istituzioni locali, quando continuano a dire che non ci sono i soldi, ma per sagre e feste tradizionali non mancano mai<br \/>\nDel mondo dell\u2019istruzione quando pensa che non sia necessario parlare di patriarcato e genere in classe<br \/>\nDell\u2019Universit\u00e0 che ci dice che non possiamo aprire uno Sportello antiviolenza per non urtare altre sensibilit\u00e0<br \/>\nDei Comuni che chiudono gli sportelli antiviolenza<br \/>\nDel mondo dell\u2019informazione, quando continua nonostante tutto a raccontare violenza e femminicidi come episodi di un amore malato e tossico<br \/>\nDella societ\u00e0, che giudica le donne perch\u00e9 se la sono voluta la violenza o se la vanno a cercare<br \/>\nDi un maschile che si sente assolto se non ha alzato le mani su una donna ed \u00e8 cieco al suo privilegio, quando occupa tutti gli spazi sia nel pubblico sia nel privato.<\/p>\n<p><strong>Non vogliamo pi\u00f9 sopportare<\/strong><br \/>\nChe le Istituzioni ci facciano lavorare con un euro al giorno per ogni donna accolta<br \/>\nChe le donne ci dicano che hanno paura perch\u00e9 nessuno le protegge<br \/>\nChe le donne debbano andarsene di casa spesso con i loro figli e figlie e il maltrattante continua a vivere indisturbato a casa sua<br \/>\nChe le donne vengano giudicate per qualsiasi loro scelta e comportamento, come se fossero loro a sbagliare e non il maltrattante<br \/>\nChe l\u2019Italia sia uno dei pochi paesi europei senza un programma strutturato di educazione sessuale e affettiva nelle scuole<br \/>\nChe influencer e scrittori complottisti e misogini siano proposti per lavorare nelle scuole<br \/>\nChe delle donne uccise si dica che dovevano lasciarlo prima<br \/>\nChe le operatrici formate dei Centri antiviolenza non vengano prese in considerazione quando si devono prendere decisioni in merito alla questione della violenza maschile<br \/>\nDi essere contattate dai Comuni solo in occasione dell\u20198 marzo e del 25 novembre per fare l\u2019evento pi\u00f9 bello e poi ci lasciano sole nel gestire le accoglienze delle loro cittadine<\/p>\n<p><strong>La consapevolezza<\/strong><br \/>\nNon vogliamo vivere nella paura, ma siamo consapevoli che nessuna \u00e8 esente, che la violenza patriarcale \u00e8 una realt\u00e0, alle volte occultata e sommersa, che permea gli ambiti di tutte le nostre vite: dai posti di lavoro, di studio, di aggregazione, alle nostre relazioni intime.<br \/>\nIn Italia in media una volta ogni tre giorni questa violenza sfocia in gesti estremi come il femminicidio, ma questi non sono casi isolati, sono segnali di un sistema marcio dalle radici: siamo tutte coinvolte direttamente e indirettamente su vari livelli e c\u2019\u00e8 una responsabilit\u00e0 collettiva nel rimanere vigili, ma anche nell\u2019essere proattive verso il cambiamento.<\/p>\n<p><strong>IRIS<\/strong><br \/>\n<strong>Coordinamento dei Centri antiviolenza e delle case delle donne del Veneto<\/strong><\/p>","protected":false},"excerpt":{"rendered":"<p>Non \u00e8 il primo 25 Novembre che passiamo a ricordare una donna uccisa per mano di un uomo che pensava di poter decidere su di lei, su tutto, anche sulla sua vita. Per questo stiamo districando quel groviglio che abbiamo in gola per gridare la nostra rabbia, per riappropriarci degli spazi che ci appartengono. Per [&hellip;]<\/p>\n","protected":false},"author":2,"featured_media":146175,"comment_status":"closed","ping_status":"open","sticky":false,"template":"","format":"standard","meta":{"footnotes":""},"categories":[26,8],"tags":[],"class_list":["post-146174","post","type-post","status-publish","format-standard","has-post-thumbnail","category-prima-pagina","category-societa-istituzioni"],"yoast_head":"<!-- This site is optimized with the Yoast SEO plugin v28.4 - https:\/\/yoast.com\/product\/yoast-seo-wordpress\/ -->\n<title>Iris, tutto quello che abbiamo da dire: Giulia Cecchettin \u00e8 la 105esima donna uccisa del 2023 - Bellunopress - Dolomiti<\/title>\n<meta name=\"robots\" content=\"index, follow, max-snippet:-1, max-image-preview:large, max-video-preview:-1\" \/>\n<link rel=\"canonical\" href=\"https:\/\/www.bellunopress.it\/fr\/2023\/11\/25\/iris-tutto-quello-che-abbiamo-da-dire-giulia-cecchettin-e-la-105esima-donna-uccisa-del-2023\/\" \/>\n<meta property=\"og:locale\" content=\"fr_FR\" \/>\n<meta property=\"og:type\" content=\"article\" \/>\n<meta property=\"og:title\" content=\"Iris, tutto quello che abbiamo da dire: Giulia Cecchettin \u00e8 la 105esima donna uccisa del 2023 - Bellunopress - Dolomiti\" \/>\n<meta property=\"og:description\" content=\"Non \u00e8 il primo 25 Novembre che passiamo a ricordare una donna uccisa per mano di un uomo che pensava di poter decidere su di lei, su tutto, anche sulla sua vita. Per questo stiamo districando quel groviglio che abbiamo in gola per gridare la nostra rabbia, per riappropriarci degli spazi che ci appartengono. Per [&hellip;]\" \/>\n<meta property=\"og:url\" content=\"https:\/\/www.bellunopress.it\/fr\/2023\/11\/25\/iris-tutto-quello-che-abbiamo-da-dire-giulia-cecchettin-e-la-105esima-donna-uccisa-del-2023\/\" \/>\n<meta property=\"og:site_name\" content=\"Bellunopress - Dolomiti\" \/>\n<meta property=\"article:publisher\" content=\"https:\/\/www.facebook.com\/profile.php?id=100008943462799\" \/>\n<meta property=\"article:published_time\" content=\"2023-11-25T09:17:07+00:00\" \/>\n<meta property=\"og:image\" content=\"https:\/\/www.bellunopress.it\/wp-content\/uploads\/2023\/11\/IRIS-coordinamento-centri-antiviolenza.jpg\" \/>\n\t<meta property=\"og:image:width\" content=\"600\" \/>\n\t<meta property=\"og:image:height\" content=\"400\" \/>\n\t<meta property=\"og:image:type\" content=\"image\/jpeg\" \/>\n<meta name=\"author\" content=\"redazione\" \/>\n<meta name=\"twitter:card\" content=\"summary_large_image\" \/>\n<meta name=\"twitter:creator\" content=\"@bellunopress\" \/>\n<meta name=\"twitter:site\" content=\"@bellunopress\" \/>\n<meta name=\"twitter:label1\" content=\"Written by\" \/>\n\t<meta name=\"twitter:data1\" content=\"redazione\" \/>\n\t<meta name=\"twitter:label2\" content=\"Est. reading time\" \/>\n\t<meta name=\"twitter:data2\" content=\"5 minutes\" \/>\n<script type=\"application\/ld+json\" class=\"yoast-schema-graph\">{\"@context\":\"https:\\\/\\\/schema.org\",\"@graph\":[{\"@type\":\"Article\",\"@id\":\"https:\\\/\\\/www.bellunopress.it\\\/2023\\\/11\\\/25\\\/iris-tutto-quello-che-abbiamo-da-dire-giulia-cecchettin-e-la-105esima-donna-uccisa-del-2023\\\/#article\",\"isPartOf\":{\"@id\":\"https:\\\/\\\/www.bellunopress.it\\\/2023\\\/11\\\/25\\\/iris-tutto-quello-che-abbiamo-da-dire-giulia-cecchettin-e-la-105esima-donna-uccisa-del-2023\\\/\"},\"author\":{\"name\":\"redazione\",\"@id\":\"https:\\\/\\\/www.bellunopress.it\\\/#\\\/schema\\\/person\\\/79bb06722b37ece1c03d3e94beb30d73\"},\"headline\":\"Iris, tutto quello che abbiamo da dire: Giulia Cecchettin \u00e8 la 105esima donna uccisa del 2023\",\"datePublished\":\"2023-11-25T09:17:07+00:00\",\"mainEntityOfPage\":{\"@id\":\"https:\\\/\\\/www.bellunopress.it\\\/2023\\\/11\\\/25\\\/iris-tutto-quello-che-abbiamo-da-dire-giulia-cecchettin-e-la-105esima-donna-uccisa-del-2023\\\/\"},\"wordCount\":1095,\"publisher\":{\"@id\":\"https:\\\/\\\/www.bellunopress.it\\\/#organization\"},\"image\":{\"@id\":\"https:\\\/\\\/www.bellunopress.it\\\/2023\\\/11\\\/25\\\/iris-tutto-quello-che-abbiamo-da-dire-giulia-cecchettin-e-la-105esima-donna-uccisa-del-2023\\\/#primaryimage\"},\"thumbnailUrl\":\"https:\\\/\\\/www.bellunopress.it\\\/wp-content\\\/uploads\\\/2023\\\/11\\\/IRIS-coordinamento-centri-antiviolenza.jpg\",\"articleSection\":[\"Prima Pagina\",\"Societ\u00e0, Associazioni, Istituzioni\"],\"inLanguage\":\"fr-FR\"},{\"@type\":\"WebPage\",\"@id\":\"https:\\\/\\\/www.bellunopress.it\\\/2023\\\/11\\\/25\\\/iris-tutto-quello-che-abbiamo-da-dire-giulia-cecchettin-e-la-105esima-donna-uccisa-del-2023\\\/\",\"url\":\"https:\\\/\\\/www.bellunopress.it\\\/2023\\\/11\\\/25\\\/iris-tutto-quello-che-abbiamo-da-dire-giulia-cecchettin-e-la-105esima-donna-uccisa-del-2023\\\/\",\"name\":\"Iris, tutto quello che abbiamo da dire: Giulia Cecchettin \u00e8 la 105esima donna uccisa del 2023 - Bellunopress - Dolomiti\",\"isPartOf\":{\"@id\":\"https:\\\/\\\/www.bellunopress.it\\\/#website\"},\"primaryImageOfPage\":{\"@id\":\"https:\\\/\\\/www.bellunopress.it\\\/2023\\\/11\\\/25\\\/iris-tutto-quello-che-abbiamo-da-dire-giulia-cecchettin-e-la-105esima-donna-uccisa-del-2023\\\/#primaryimage\"},\"image\":{\"@id\":\"https:\\\/\\\/www.bellunopress.it\\\/2023\\\/11\\\/25\\\/iris-tutto-quello-che-abbiamo-da-dire-giulia-cecchettin-e-la-105esima-donna-uccisa-del-2023\\\/#primaryimage\"},\"thumbnailUrl\":\"https:\\\/\\\/www.bellunopress.it\\\/wp-content\\\/uploads\\\/2023\\\/11\\\/IRIS-coordinamento-centri-antiviolenza.jpg\",\"datePublished\":\"2023-11-25T09:17:07+00:00\",\"breadcrumb\":{\"@id\":\"https:\\\/\\\/www.bellunopress.it\\\/2023\\\/11\\\/25\\\/iris-tutto-quello-che-abbiamo-da-dire-giulia-cecchettin-e-la-105esima-donna-uccisa-del-2023\\\/#breadcrumb\"},\"inLanguage\":\"fr-FR\",\"potentialAction\":[{\"@type\":\"ReadAction\",\"target\":[\"https:\\\/\\\/www.bellunopress.it\\\/2023\\\/11\\\/25\\\/iris-tutto-quello-che-abbiamo-da-dire-giulia-cecchettin-e-la-105esima-donna-uccisa-del-2023\\\/\"]}]},{\"@type\":\"ImageObject\",\"inLanguage\":\"fr-FR\",\"@id\":\"https:\\\/\\\/www.bellunopress.it\\\/2023\\\/11\\\/25\\\/iris-tutto-quello-che-abbiamo-da-dire-giulia-cecchettin-e-la-105esima-donna-uccisa-del-2023\\\/#primaryimage\",\"url\":\"https:\\\/\\\/www.bellunopress.it\\\/wp-content\\\/uploads\\\/2023\\\/11\\\/IRIS-coordinamento-centri-antiviolenza.jpg\",\"contentUrl\":\"https:\\\/\\\/www.bellunopress.it\\\/wp-content\\\/uploads\\\/2023\\\/11\\\/IRIS-coordinamento-centri-antiviolenza.jpg\",\"width\":600,\"height\":400},{\"@type\":\"BreadcrumbList\",\"@id\":\"https:\\\/\\\/www.bellunopress.it\\\/2023\\\/11\\\/25\\\/iris-tutto-quello-che-abbiamo-da-dire-giulia-cecchettin-e-la-105esima-donna-uccisa-del-2023\\\/#breadcrumb\",\"itemListElement\":[{\"@type\":\"ListItem\",\"position\":1,\"name\":\"Home\",\"item\":\"https:\\\/\\\/www.bellunopress.it\\\/\"},{\"@type\":\"ListItem\",\"position\":2,\"name\":\"Iris, tutto quello che abbiamo da dire: Giulia Cecchettin \u00e8 la 105esima donna uccisa del 2023\"}]},{\"@type\":\"WebSite\",\"@id\":\"https:\\\/\\\/www.bellunopress.it\\\/#website\",\"url\":\"https:\\\/\\\/www.bellunopress.it\\\/\",\"name\":\"Bellunopress - Dolomiti\",\"description\":\"e-mail: redazione@bellunopress.it\",\"publisher\":{\"@id\":\"https:\\\/\\\/www.bellunopress.it\\\/#organization\"},\"potentialAction\":[{\"@type\":\"SearchAction\",\"target\":{\"@type\":\"EntryPoint\",\"urlTemplate\":\"https:\\\/\\\/www.bellunopress.it\\\/?s={search_term_string}\"},\"query-input\":{\"@type\":\"PropertyValueSpecification\",\"valueRequired\":true,\"valueName\":\"search_term_string\"}}],\"inLanguage\":\"fr-FR\"},{\"@type\":\"Organization\",\"@id\":\"https:\\\/\\\/www.bellunopress.it\\\/#organization\",\"name\":\"Bellunopress\",\"url\":\"https:\\\/\\\/www.bellunopress.it\\\/\",\"logo\":{\"@type\":\"ImageObject\",\"inLanguage\":\"fr-FR\",\"@id\":\"https:\\\/\\\/www.bellunopress.it\\\/#\\\/schema\\\/logo\\\/image\\\/\",\"url\":\"https:\\\/\\\/www.bellunopress.it\\\/wp-content\\\/uploads\\\/2011\\\/05\\\/cropped-logo-bellunopress-.jpg\",\"contentUrl\":\"https:\\\/\\\/www.bellunopress.it\\\/wp-content\\\/uploads\\\/2011\\\/05\\\/cropped-logo-bellunopress-.jpg\",\"width\":512,\"height\":512,\"caption\":\"Bellunopress\"},\"image\":{\"@id\":\"https:\\\/\\\/www.bellunopress.it\\\/#\\\/schema\\\/logo\\\/image\\\/\"},\"sameAs\":[\"https:\\\/\\\/www.facebook.com\\\/profile.php?id=100008943462799\",\"https:\\\/\\\/x.com\\\/bellunopress\",\"https:\\\/\\\/www.linkedin.com\\\/hp\\\/?dnr=JBzUWaJfMUw8vbXJJ2tVW5-I3jZKvC4wsoxE&amp;amp;amp;amp;amp;amp;trk=nav_responsive_tab_home\",\"https:\\\/\\\/www.youtube.com\\\/channel\\\/UCxL0wu1uN0_3_7hGG0306cw\"]},{\"@type\":\"Person\",\"@id\":\"https:\\\/\\\/www.bellunopress.it\\\/#\\\/schema\\\/person\\\/79bb06722b37ece1c03d3e94beb30d73\",\"name\":\"redazione\",\"image\":{\"@type\":\"ImageObject\",\"inLanguage\":\"fr-FR\",\"@id\":\"https:\\\/\\\/secure.gravatar.com\\\/avatar\\\/37d968a2e67a6fd04c169c4bdef102d0bc5d31b2546345219e348575eb80e9a0?s=96&d=mm&r=g\",\"url\":\"https:\\\/\\\/secure.gravatar.com\\\/avatar\\\/37d968a2e67a6fd04c169c4bdef102d0bc5d31b2546345219e348575eb80e9a0?s=96&d=mm&r=g\",\"contentUrl\":\"https:\\\/\\\/secure.gravatar.com\\\/avatar\\\/37d968a2e67a6fd04c169c4bdef102d0bc5d31b2546345219e348575eb80e9a0?s=96&d=mm&r=g\",\"caption\":\"redazione\"},\"sameAs\":[\"http:\\\/\\\/www.bellunopress.it\",\"https:\\\/\\\/x.com\\\/bellunopress\"],\"url\":\"https:\\\/\\\/www.bellunopress.it\\\/fr\\\/author\\\/redazione\\\/\"}]}<\/script>\n<!-- \/ Yoast SEO plugin. -->","yoast_head_json":{"title":"Iris, tutto quello che abbiamo da dire: Giulia Cecchettin \u00e8 la 105esima donna uccisa del 2023 - Bellunopress - Dolomiti","robots":{"index":"index","follow":"follow","max-snippet":"max-snippet:-1","max-image-preview":"max-image-preview:large","max-video-preview":"max-video-preview:-1"},"canonical":"https:\/\/www.bellunopress.it\/fr\/2023\/11\/25\/iris-tutto-quello-che-abbiamo-da-dire-giulia-cecchettin-e-la-105esima-donna-uccisa-del-2023\/","og_locale":"fr_FR","og_type":"article","og_title":"Iris, tutto quello che abbiamo da dire: Giulia Cecchettin \u00e8 la 105esima donna uccisa del 2023 - Bellunopress - Dolomiti","og_description":"Non \u00e8 il primo 25 Novembre che passiamo a ricordare una donna uccisa per mano di un uomo che pensava di poter decidere su di lei, su tutto, anche sulla sua vita. Per questo stiamo districando quel groviglio che abbiamo in gola per gridare la nostra rabbia, per riappropriarci degli spazi che ci appartengono. Per [&hellip;]","og_url":"https:\/\/www.bellunopress.it\/fr\/2023\/11\/25\/iris-tutto-quello-che-abbiamo-da-dire-giulia-cecchettin-e-la-105esima-donna-uccisa-del-2023\/","og_site_name":"Bellunopress - Dolomiti","article_publisher":"https:\/\/www.facebook.com\/profile.php?id=100008943462799","article_published_time":"2023-11-25T09:17:07+00:00","og_image":[{"width":600,"height":400,"url":"https:\/\/www.bellunopress.it\/wp-content\/uploads\/2023\/11\/IRIS-coordinamento-centri-antiviolenza.jpg","type":"image\/jpeg"}],"author":"redazione","twitter_card":"summary_large_image","twitter_creator":"@bellunopress","twitter_site":"@bellunopress","twitter_misc":{"Written by":"redazione","Est. reading time":"5 minutes"},"schema":{"@context":"https:\/\/schema.org","@graph":[{"@type":"Article","@id":"https:\/\/www.bellunopress.it\/2023\/11\/25\/iris-tutto-quello-che-abbiamo-da-dire-giulia-cecchettin-e-la-105esima-donna-uccisa-del-2023\/#article","isPartOf":{"@id":"https:\/\/www.bellunopress.it\/2023\/11\/25\/iris-tutto-quello-che-abbiamo-da-dire-giulia-cecchettin-e-la-105esima-donna-uccisa-del-2023\/"},"author":{"name":"redazione","@id":"https:\/\/www.bellunopress.it\/#\/schema\/person\/79bb06722b37ece1c03d3e94beb30d73"},"headline":"Iris, tutto quello che abbiamo da dire: Giulia Cecchettin \u00e8 la 105esima donna uccisa del 2023","datePublished":"2023-11-25T09:17:07+00:00","mainEntityOfPage":{"@id":"https:\/\/www.bellunopress.it\/2023\/11\/25\/iris-tutto-quello-che-abbiamo-da-dire-giulia-cecchettin-e-la-105esima-donna-uccisa-del-2023\/"},"wordCount":1095,"publisher":{"@id":"https:\/\/www.bellunopress.it\/#organization"},"image":{"@id":"https:\/\/www.bellunopress.it\/2023\/11\/25\/iris-tutto-quello-che-abbiamo-da-dire-giulia-cecchettin-e-la-105esima-donna-uccisa-del-2023\/#primaryimage"},"thumbnailUrl":"https:\/\/www.bellunopress.it\/wp-content\/uploads\/2023\/11\/IRIS-coordinamento-centri-antiviolenza.jpg","articleSection":["Prima Pagina","Societ\u00e0, Associazioni, Istituzioni"],"inLanguage":"fr-FR"},{"@type":"WebPage","@id":"https:\/\/www.bellunopress.it\/2023\/11\/25\/iris-tutto-quello-che-abbiamo-da-dire-giulia-cecchettin-e-la-105esima-donna-uccisa-del-2023\/","url":"https:\/\/www.bellunopress.it\/2023\/11\/25\/iris-tutto-quello-che-abbiamo-da-dire-giulia-cecchettin-e-la-105esima-donna-uccisa-del-2023\/","name":"Iris, tutto quello che abbiamo da dire: Giulia Cecchettin \u00e8 la 105esima donna uccisa del 2023 - Bellunopress - Dolomiti","isPartOf":{"@id":"https:\/\/www.bellunopress.it\/#website"},"primaryImageOfPage":{"@id":"https:\/\/www.bellunopress.it\/2023\/11\/25\/iris-tutto-quello-che-abbiamo-da-dire-giulia-cecchettin-e-la-105esima-donna-uccisa-del-2023\/#primaryimage"},"image":{"@id":"https:\/\/www.bellunopress.it\/2023\/11\/25\/iris-tutto-quello-che-abbiamo-da-dire-giulia-cecchettin-e-la-105esima-donna-uccisa-del-2023\/#primaryimage"},"thumbnailUrl":"https:\/\/www.bellunopress.it\/wp-content\/uploads\/2023\/11\/IRIS-coordinamento-centri-antiviolenza.jpg","datePublished":"2023-11-25T09:17:07+00:00","breadcrumb":{"@id":"https:\/\/www.bellunopress.it\/2023\/11\/25\/iris-tutto-quello-che-abbiamo-da-dire-giulia-cecchettin-e-la-105esima-donna-uccisa-del-2023\/#breadcrumb"},"inLanguage":"fr-FR","potentialAction":[{"@type":"ReadAction","target":["https:\/\/www.bellunopress.it\/2023\/11\/25\/iris-tutto-quello-che-abbiamo-da-dire-giulia-cecchettin-e-la-105esima-donna-uccisa-del-2023\/"]}]},{"@type":"ImageObject","inLanguage":"fr-FR","@id":"https:\/\/www.bellunopress.it\/2023\/11\/25\/iris-tutto-quello-che-abbiamo-da-dire-giulia-cecchettin-e-la-105esima-donna-uccisa-del-2023\/#primaryimage","url":"https:\/\/www.bellunopress.it\/wp-content\/uploads\/2023\/11\/IRIS-coordinamento-centri-antiviolenza.jpg","contentUrl":"https:\/\/www.bellunopress.it\/wp-content\/uploads\/2023\/11\/IRIS-coordinamento-centri-antiviolenza.jpg","width":600,"height":400},{"@type":"BreadcrumbList","@id":"https:\/\/www.bellunopress.it\/2023\/11\/25\/iris-tutto-quello-che-abbiamo-da-dire-giulia-cecchettin-e-la-105esima-donna-uccisa-del-2023\/#breadcrumb","itemListElement":[{"@type":"ListItem","position":1,"name":"Home","item":"https:\/\/www.bellunopress.it\/"},{"@type":"ListItem","position":2,"name":"Iris, tutto quello che abbiamo da dire: Giulia Cecchettin \u00e8 la 105esima donna uccisa del 2023"}]},{"@type":"WebSite","@id":"https:\/\/www.bellunopress.it\/#website","url":"https:\/\/www.bellunopress.it\/","name":"Bellunopress - Dolomiti","description":"e-mail: redazione@bellunopress.it","publisher":{"@id":"https:\/\/www.bellunopress.it\/#organization"},"potentialAction":[{"@type":"SearchAction","target":{"@type":"EntryPoint","urlTemplate":"https:\/\/www.bellunopress.it\/?s={search_term_string}"},"query-input":{"@type":"PropertyValueSpecification","valueRequired":true,"valueName":"search_term_string"}}],"inLanguage":"fr-FR"},{"@type":"Organization","@id":"https:\/\/www.bellunopress.it\/#organization","name":"Bellunopress","url":"https:\/\/www.bellunopress.it\/","logo":{"@type":"ImageObject","inLanguage":"fr-FR","@id":"https:\/\/www.bellunopress.it\/#\/schema\/logo\/image\/","url":"https:\/\/www.bellunopress.it\/wp-content\/uploads\/2011\/05\/cropped-logo-bellunopress-.jpg","contentUrl":"https:\/\/www.bellunopress.it\/wp-content\/uploads\/2011\/05\/cropped-logo-bellunopress-.jpg","width":512,"height":512,"caption":"Bellunopress"},"image":{"@id":"https:\/\/www.bellunopress.it\/#\/schema\/logo\/image\/"},"sameAs":["https:\/\/www.facebook.com\/profile.php?id=100008943462799","https:\/\/x.com\/bellunopress","https:\/\/www.linkedin.com\/hp\/?dnr=JBzUWaJfMUw8vbXJJ2tVW5-I3jZKvC4wsoxE&amp;amp;amp;amp;amp;amp;trk=nav_responsive_tab_home","https:\/\/www.youtube.com\/channel\/UCxL0wu1uN0_3_7hGG0306cw"]},{"@type":"Person","@id":"https:\/\/www.bellunopress.it\/#\/schema\/person\/79bb06722b37ece1c03d3e94beb30d73","name":"r\u00e9daction","image":{"@type":"ImageObject","inLanguage":"fr-FR","@id":"https:\/\/secure.gravatar.com\/avatar\/37d968a2e67a6fd04c169c4bdef102d0bc5d31b2546345219e348575eb80e9a0?s=96&d=mm&r=g","url":"https:\/\/secure.gravatar.com\/avatar\/37d968a2e67a6fd04c169c4bdef102d0bc5d31b2546345219e348575eb80e9a0?s=96&d=mm&r=g","contentUrl":"https:\/\/secure.gravatar.com\/avatar\/37d968a2e67a6fd04c169c4bdef102d0bc5d31b2546345219e348575eb80e9a0?s=96&d=mm&r=g","caption":"redazione"},"sameAs":["http:\/\/www.bellunopress.it","https:\/\/x.com\/bellunopress"],"url":"https:\/\/www.bellunopress.it\/fr\/author\/redazione\/"}]}},"_links":{"self":[{"href":"https:\/\/www.bellunopress.it\/fr\/wp-json\/wp\/v2\/posts\/146174","targetHints":{"allow":["GET"]}}],"collection":[{"href":"https:\/\/www.bellunopress.it\/fr\/wp-json\/wp\/v2\/posts"}],"about":[{"href":"https:\/\/www.bellunopress.it\/fr\/wp-json\/wp\/v2\/types\/post"}],"author":[{"embeddable":true,"href":"https:\/\/www.bellunopress.it\/fr\/wp-json\/wp\/v2\/users\/2"}],"replies":[{"embeddable":true,"href":"https:\/\/www.bellunopress.it\/fr\/wp-json\/wp\/v2\/comments?post=146174"}],"version-history":[{"count":1,"href":"https:\/\/www.bellunopress.it\/fr\/wp-json\/wp\/v2\/posts\/146174\/revisions"}],"predecessor-version":[{"id":146176,"href":"https:\/\/www.bellunopress.it\/fr\/wp-json\/wp\/v2\/posts\/146174\/revisions\/146176"}],"wp:featuredmedia":[{"embeddable":true,"href":"https:\/\/www.bellunopress.it\/fr\/wp-json\/wp\/v2\/media\/146175"}],"wp:attachment":[{"href":"https:\/\/www.bellunopress.it\/fr\/wp-json\/wp\/v2\/media?parent=146174"}],"wp:term":[{"taxonomy":"category","embeddable":true,"href":"https:\/\/www.bellunopress.it\/fr\/wp-json\/wp\/v2\/categories?post=146174"},{"taxonomy":"post_tag","embeddable":true,"href":"https:\/\/www.bellunopress.it\/fr\/wp-json\/wp\/v2\/tags?post=146174"}],"curies":[{"name":"wp","href":"https:\/\/api.w.org\/{rel}","templated":true}]}}