{"id":146171,"date":"2023-11-25T09:50:33","date_gmt":"2023-11-25T08:50:33","guid":{"rendered":"https:\/\/www.bellunopress.it\/?p=146171"},"modified":"2023-11-25T09:50:33","modified_gmt":"2023-11-25T08:50:33","slug":"lorraine-berton-eletta-alla-presidenza-dellanfao","status":"publish","type":"post","link":"https:\/\/www.bellunopress.it\/fr\/2023\/11\/25\/lorraine-berton-eletta-alla-presidenza-dellanfao\/","title":{"rendered":"Lorraine Berton eletta alla presidenza dell&#8217;Anfao"},"content":{"rendered":"<p><img loading=\"lazy\" decoding=\"async\" class=\"alignleft size-full wp-image-146172\" src=\"https:\/\/www.bellunopress.it\/wp-content\/uploads\/2023\/11\/Lorraine-Berton_edited.jpg\" alt=\"\" width=\"951\" height=\"1000\" srcset=\"https:\/\/www.bellunopress.it\/wp-content\/uploads\/2023\/11\/Lorraine-Berton_edited.jpg 951w, https:\/\/www.bellunopress.it\/wp-content\/uploads\/2023\/11\/Lorraine-Berton_edited-476x500.jpg 476w, https:\/\/www.bellunopress.it\/wp-content\/uploads\/2023\/11\/Lorraine-Berton_edited-696x732.jpg 696w\" sizes=\"auto, (max-width: 951px) 100vw, 951px\" \/>Milano, 25 novembre 2023\u00a0Lorraine Berton \u00e8 stata eletta alla guida di Anfao, l\u2019Associazione Nazionale Fabbricanti Articoli Ottici. La nuova presidente, prima donna al vertice, che guider\u00e0 l\u2019Associazione per i prossimi 4 anni, succede a Giovanni Vitaloni, che ha ricoperto la carica dal 2017.<\/p>\n<p>La nomina si \u00e8 svolta in occasione dell\u2019Assemblea Anfao di fine anno, nella splendida cornice della Scuola Grande della Misericordia a Venezia.<\/p>\n<p>\u201cTrasparenza, coinvolgimento, innovazione e qualit\u00e0 sono i valori fondanti delle presidenze che mi hanno preceduto e che mi accompagnano da sempre nella mia esperienza nel Sistema Confindustria. La mia missione \u2013 ha dichiarato la neoeletta presidente di Anfao \u2013 \u00e8 continuare su questa strada di eccellenza, rafforzando tali principi e adattandoli alle sfide che il nostro settore e il mondo in generale ci pongono e ci porranno davanti nei prossimi 4 anni.<\/p>\n<p>Il programma della squadra che guider\u00f2 \u00e8 il risultato di un&#8217;analisi approfondita di ci\u00f2 che abbiamo vissuto e affrontato nel recente passato. \u2013 ha poi aggiunto. \u2013 Abbiamo imparato che la velocit\u00e0 del mercato non \u00e8 pi\u00f9 l&#8217;unico aspetto da considerare; dobbiamo affrontare la &#8220;stabilit\u00e0 dell&#8217;incertezza&#8221; e riconoscere l&#8217;interconnessione sempre pi\u00f9 evidente tra ambiente, economia, politica e sociale. In questo contesto, dobbiamo impegnarci seriamente in una transizione costante verso lo sviluppo sostenibile\u201d.<\/p>\n<p>&nbsp;<\/p>","protected":false},"excerpt":{"rendered":"<p>Milano, 25 novembre 2023\u00a0Lorraine Berton \u00e8 stata eletta alla guida di Anfao, l\u2019Associazione Nazionale Fabbricanti Articoli Ottici. La nuova presidente, prima donna al vertice, che guider\u00e0 l\u2019Associazione per i prossimi 4 anni, succede a Giovanni Vitaloni, che ha ricoperto la carica dal 2017. La nomina si \u00e8 svolta in occasione dell\u2019Assemblea Anfao di fine anno, [&hellip;]<\/p>\n","protected":false},"author":2,"featured_media":146172,"comment_status":"closed","ping_status":"open","sticky":false,"template":"","format":"standard","meta":{"footnotes":""},"categories":[36,26],"tags":[],"class_list":["post-146171","post","type-post","status-publish","format-standard","has-post-thumbnail","category-lavoro-economia","category-prima-pagina"],"yoast_head":"<!-- This site is optimized with the Yoast SEO plugin v28.4 - https:\/\/yoast.com\/product\/yoast-seo-wordpress\/ -->\n<title>Lorraine Berton eletta alla presidenza dell&#039;Anfao - Bellunopress - Dolomiti<\/title>\n<meta name=\"robots\" content=\"index, follow, max-snippet:-1, max-image-preview:large, max-video-preview:-1\" \/>\n<link rel=\"canonical\" href=\"https:\/\/www.bellunopress.it\/fr\/2023\/11\/25\/lorraine-berton-eletta-alla-presidenza-dellanfao\/\" \/>\n<meta property=\"og:locale\" content=\"fr_FR\" \/>\n<meta property=\"og:type\" content=\"article\" \/>\n<meta property=\"og:title\" content=\"Lorraine Berton eletta alla presidenza dell&#039;Anfao - Bellunopress - Dolomiti\" \/>\n<meta property=\"og:description\" content=\"Milano, 25 novembre 2023\u00a0Lorraine Berton \u00e8 stata eletta alla guida di Anfao, l\u2019Associazione Nazionale Fabbricanti Articoli Ottici. La nuova presidente, prima donna al vertice, che guider\u00e0 l\u2019Associazione per i prossimi 4 anni, succede a Giovanni Vitaloni, che ha ricoperto la carica dal 2017. La nomina si \u00e8 svolta in occasione dell\u2019Assemblea Anfao di fine anno, [&hellip;]\" \/>\n<meta property=\"og:url\" content=\"https:\/\/www.bellunopress.it\/fr\/2023\/11\/25\/lorraine-berton-eletta-alla-presidenza-dellanfao\/\" \/>\n<meta property=\"og:site_name\" content=\"Bellunopress - Dolomiti\" \/>\n<meta property=\"article:publisher\" content=\"https:\/\/www.facebook.com\/profile.php?id=100008943462799\" \/>\n<meta property=\"article:published_time\" content=\"2023-11-25T08:50:33+00:00\" \/>\n<meta property=\"og:image\" content=\"https:\/\/www.bellunopress.it\/wp-content\/uploads\/2023\/11\/Lorraine-Berton_edited.jpg\" \/>\n\t<meta property=\"og:image:width\" content=\"951\" \/>\n\t<meta property=\"og:image:height\" content=\"1000\" \/>\n\t<meta property=\"og:image:type\" content=\"image\/jpeg\" \/>\n<meta name=\"author\" content=\"redazione\" \/>\n<meta name=\"twitter:card\" content=\"summary_large_image\" \/>\n<meta name=\"twitter:creator\" content=\"@bellunopress\" \/>\n<meta name=\"twitter:site\" content=\"@bellunopress\" \/>\n<meta name=\"twitter:label1\" content=\"\u00c9crit par\" \/>\n\t<meta name=\"twitter:data1\" content=\"redazione\" \/>\n\t<meta name=\"twitter:label2\" content=\"Dur\u00e9e de lecture estim\u00e9e\" \/>\n\t<meta name=\"twitter:data2\" content=\"1 minute\" \/>\n<script type=\"application\/ld+json\" class=\"yoast-schema-graph\">{\"@context\":\"https:\\\/\\\/schema.org\",\"@graph\":[{\"@type\":\"Article\",\"@id\":\"https:\\\/\\\/www.bellunopress.it\\\/2023\\\/11\\\/25\\\/lorraine-berton-eletta-alla-presidenza-dellanfao\\\/#article\",\"isPartOf\":{\"@id\":\"https:\\\/\\\/www.bellunopress.it\\\/2023\\\/11\\\/25\\\/lorraine-berton-eletta-alla-presidenza-dellanfao\\\/\"},\"author\":{\"name\":\"redazione\",\"@id\":\"https:\\\/\\\/www.bellunopress.it\\\/#\\\/schema\\\/person\\\/79bb06722b37ece1c03d3e94beb30d73\"},\"headline\":\"Lorraine Berton eletta alla presidenza dell&#8217;Anfao\",\"datePublished\":\"2023-11-25T08:50:33+00:00\",\"mainEntityOfPage\":{\"@id\":\"https:\\\/\\\/www.bellunopress.it\\\/2023\\\/11\\\/25\\\/lorraine-berton-eletta-alla-presidenza-dellanfao\\\/\"},\"wordCount\":211,\"publisher\":{\"@id\":\"https:\\\/\\\/www.bellunopress.it\\\/#organization\"},\"image\":{\"@id\":\"https:\\\/\\\/www.bellunopress.it\\\/2023\\\/11\\\/25\\\/lorraine-berton-eletta-alla-presidenza-dellanfao\\\/#primaryimage\"},\"thumbnailUrl\":\"https:\\\/\\\/www.bellunopress.it\\\/wp-content\\\/uploads\\\/2023\\\/11\\\/Lorraine-Berton_edited.jpg\",\"articleSection\":[\"Lavoro, Economia, Turismo\",\"Prima Pagina\"],\"inLanguage\":\"fr-FR\"},{\"@type\":\"WebPage\",\"@id\":\"https:\\\/\\\/www.bellunopress.it\\\/2023\\\/11\\\/25\\\/lorraine-berton-eletta-alla-presidenza-dellanfao\\\/\",\"url\":\"https:\\\/\\\/www.bellunopress.it\\\/2023\\\/11\\\/25\\\/lorraine-berton-eletta-alla-presidenza-dellanfao\\\/\",\"name\":\"Lorraine Berton eletta alla presidenza dell'Anfao - Bellunopress - Dolomiti\",\"isPartOf\":{\"@id\":\"https:\\\/\\\/www.bellunopress.it\\\/#website\"},\"primaryImageOfPage\":{\"@id\":\"https:\\\/\\\/www.bellunopress.it\\\/2023\\\/11\\\/25\\\/lorraine-berton-eletta-alla-presidenza-dellanfao\\\/#primaryimage\"},\"image\":{\"@id\":\"https:\\\/\\\/www.bellunopress.it\\\/2023\\\/11\\\/25\\\/lorraine-berton-eletta-alla-presidenza-dellanfao\\\/#primaryimage\"},\"thumbnailUrl\":\"https:\\\/\\\/www.bellunopress.it\\\/wp-content\\\/uploads\\\/2023\\\/11\\\/Lorraine-Berton_edited.jpg\",\"datePublished\":\"2023-11-25T08:50:33+00:00\",\"breadcrumb\":{\"@id\":\"https:\\\/\\\/www.bellunopress.it\\\/2023\\\/11\\\/25\\\/lorraine-berton-eletta-alla-presidenza-dellanfao\\\/#breadcrumb\"},\"inLanguage\":\"fr-FR\",\"potentialAction\":[{\"@type\":\"ReadAction\",\"target\":[\"https:\\\/\\\/www.bellunopress.it\\\/2023\\\/11\\\/25\\\/lorraine-berton-eletta-alla-presidenza-dellanfao\\\/\"]}]},{\"@type\":\"ImageObject\",\"inLanguage\":\"fr-FR\",\"@id\":\"https:\\\/\\\/www.bellunopress.it\\\/2023\\\/11\\\/25\\\/lorraine-berton-eletta-alla-presidenza-dellanfao\\\/#primaryimage\",\"url\":\"https:\\\/\\\/www.bellunopress.it\\\/wp-content\\\/uploads\\\/2023\\\/11\\\/Lorraine-Berton_edited.jpg\",\"contentUrl\":\"https:\\\/\\\/www.bellunopress.it\\\/wp-content\\\/uploads\\\/2023\\\/11\\\/Lorraine-Berton_edited.jpg\",\"width\":951,\"height\":1000,\"caption\":\"Lorraine Berton, presidente di Confindustria Belluno Dolomiti\"},{\"@type\":\"BreadcrumbList\",\"@id\":\"https:\\\/\\\/www.bellunopress.it\\\/2023\\\/11\\\/25\\\/lorraine-berton-eletta-alla-presidenza-dellanfao\\\/#breadcrumb\",\"itemListElement\":[{\"@type\":\"ListItem\",\"position\":1,\"name\":\"Home\",\"item\":\"https:\\\/\\\/www.bellunopress.it\\\/\"},{\"@type\":\"ListItem\",\"position\":2,\"name\":\"Lorraine Berton eletta alla presidenza dell&#8217;Anfao\"}]},{\"@type\":\"WebSite\",\"@id\":\"https:\\\/\\\/www.bellunopress.it\\\/#website\",\"url\":\"https:\\\/\\\/www.bellunopress.it\\\/\",\"name\":\"Bellunopress - Dolomiti\",\"description\":\"e-mail: redazione@bellunopress.it\",\"publisher\":{\"@id\":\"https:\\\/\\\/www.bellunopress.it\\\/#organization\"},\"potentialAction\":[{\"@type\":\"SearchAction\",\"target\":{\"@type\":\"EntryPoint\",\"urlTemplate\":\"https:\\\/\\\/www.bellunopress.it\\\/?s={search_term_string}\"},\"query-input\":{\"@type\":\"PropertyValueSpecification\",\"valueRequired\":true,\"valueName\":\"search_term_string\"}}],\"inLanguage\":\"fr-FR\"},{\"@type\":\"Organization\",\"@id\":\"https:\\\/\\\/www.bellunopress.it\\\/#organization\",\"name\":\"Bellunopress\",\"url\":\"https:\\\/\\\/www.bellunopress.it\\\/\",\"logo\":{\"@type\":\"ImageObject\",\"inLanguage\":\"fr-FR\",\"@id\":\"https:\\\/\\\/www.bellunopress.it\\\/#\\\/schema\\\/logo\\\/image\\\/\",\"url\":\"https:\\\/\\\/www.bellunopress.it\\\/wp-content\\\/uploads\\\/2011\\\/05\\\/cropped-logo-bellunopress-.jpg\",\"contentUrl\":\"https:\\\/\\\/www.bellunopress.it\\\/wp-content\\\/uploads\\\/2011\\\/05\\\/cropped-logo-bellunopress-.jpg\",\"width\":512,\"height\":512,\"caption\":\"Bellunopress\"},\"image\":{\"@id\":\"https:\\\/\\\/www.bellunopress.it\\\/#\\\/schema\\\/logo\\\/image\\\/\"},\"sameAs\":[\"https:\\\/\\\/www.facebook.com\\\/profile.php?id=100008943462799\",\"https:\\\/\\\/x.com\\\/bellunopress\",\"https:\\\/\\\/www.linkedin.com\\\/hp\\\/?dnr=JBzUWaJfMUw8vbXJJ2tVW5-I3jZKvC4wsoxE&amp;amp;amp;amp;amp;amp;trk=nav_responsive_tab_home\",\"https:\\\/\\\/www.youtube.com\\\/channel\\\/UCxL0wu1uN0_3_7hGG0306cw\"]},{\"@type\":\"Person\",\"@id\":\"https:\\\/\\\/www.bellunopress.it\\\/#\\\/schema\\\/person\\\/79bb06722b37ece1c03d3e94beb30d73\",\"name\":\"redazione\",\"image\":{\"@type\":\"ImageObject\",\"inLanguage\":\"fr-FR\",\"@id\":\"https:\\\/\\\/secure.gravatar.com\\\/avatar\\\/37d968a2e67a6fd04c169c4bdef102d0bc5d31b2546345219e348575eb80e9a0?s=96&d=mm&r=g\",\"url\":\"https:\\\/\\\/secure.gravatar.com\\\/avatar\\\/37d968a2e67a6fd04c169c4bdef102d0bc5d31b2546345219e348575eb80e9a0?s=96&d=mm&r=g\",\"contentUrl\":\"https:\\\/\\\/secure.gravatar.com\\\/avatar\\\/37d968a2e67a6fd04c169c4bdef102d0bc5d31b2546345219e348575eb80e9a0?s=96&d=mm&r=g\",\"caption\":\"redazione\"},\"sameAs\":[\"http:\\\/\\\/www.bellunopress.it\",\"https:\\\/\\\/x.com\\\/bellunopress\"],\"url\":\"https:\\\/\\\/www.bellunopress.it\\\/fr\\\/author\\\/redazione\\\/\"}]}<\/script>\n<!-- \/ Yoast SEO plugin. -->","yoast_head_json":{"title":"Lorraine Berton eletta alla presidenza dell'Anfao - Bellunopress - Dolomiti","robots":{"index":"index","follow":"follow","max-snippet":"max-snippet:-1","max-image-preview":"max-image-preview:large","max-video-preview":"max-video-preview:-1"},"canonical":"https:\/\/www.bellunopress.it\/fr\/2023\/11\/25\/lorraine-berton-eletta-alla-presidenza-dellanfao\/","og_locale":"fr_FR","og_type":"article","og_title":"Lorraine Berton eletta alla presidenza dell'Anfao - Bellunopress - Dolomiti","og_description":"Milano, 25 novembre 2023\u00a0Lorraine Berton \u00e8 stata eletta alla guida di Anfao, l\u2019Associazione Nazionale Fabbricanti Articoli Ottici. La nuova presidente, prima donna al vertice, che guider\u00e0 l\u2019Associazione per i prossimi 4 anni, succede a Giovanni Vitaloni, che ha ricoperto la carica dal 2017. La nomina si \u00e8 svolta in occasione dell\u2019Assemblea Anfao di fine anno, [&hellip;]","og_url":"https:\/\/www.bellunopress.it\/fr\/2023\/11\/25\/lorraine-berton-eletta-alla-presidenza-dellanfao\/","og_site_name":"Bellunopress - Dolomiti","article_publisher":"https:\/\/www.facebook.com\/profile.php?id=100008943462799","article_published_time":"2023-11-25T08:50:33+00:00","og_image":[{"width":951,"height":1000,"url":"https:\/\/www.bellunopress.it\/wp-content\/uploads\/2023\/11\/Lorraine-Berton_edited.jpg","type":"image\/jpeg"}],"author":"redazione","twitter_card":"summary_large_image","twitter_creator":"@bellunopress","twitter_site":"@bellunopress","twitter_misc":{"\u00c9crit par":"redazione","Dur\u00e9e de lecture estim\u00e9e":"1 minute"},"schema":{"@context":"https:\/\/schema.org","@graph":[{"@type":"Article","@id":"https:\/\/www.bellunopress.it\/2023\/11\/25\/lorraine-berton-eletta-alla-presidenza-dellanfao\/#article","isPartOf":{"@id":"https:\/\/www.bellunopress.it\/2023\/11\/25\/lorraine-berton-eletta-alla-presidenza-dellanfao\/"},"author":{"name":"redazione","@id":"https:\/\/www.bellunopress.it\/#\/schema\/person\/79bb06722b37ece1c03d3e94beb30d73"},"headline":"Lorraine Berton eletta alla presidenza dell&#8217;Anfao","datePublished":"2023-11-25T08:50:33+00:00","mainEntityOfPage":{"@id":"https:\/\/www.bellunopress.it\/2023\/11\/25\/lorraine-berton-eletta-alla-presidenza-dellanfao\/"},"wordCount":211,"publisher":{"@id":"https:\/\/www.bellunopress.it\/#organization"},"image":{"@id":"https:\/\/www.bellunopress.it\/2023\/11\/25\/lorraine-berton-eletta-alla-presidenza-dellanfao\/#primaryimage"},"thumbnailUrl":"https:\/\/www.bellunopress.it\/wp-content\/uploads\/2023\/11\/Lorraine-Berton_edited.jpg","articleSection":["Lavoro, Economia, Turismo","Prima Pagina"],"inLanguage":"fr-FR"},{"@type":"WebPage","@id":"https:\/\/www.bellunopress.it\/2023\/11\/25\/lorraine-berton-eletta-alla-presidenza-dellanfao\/","url":"https:\/\/www.bellunopress.it\/2023\/11\/25\/lorraine-berton-eletta-alla-presidenza-dellanfao\/","name":"Lorraine Berton eletta alla presidenza dell'Anfao - Bellunopress - Dolomiti","isPartOf":{"@id":"https:\/\/www.bellunopress.it\/#website"},"primaryImageOfPage":{"@id":"https:\/\/www.bellunopress.it\/2023\/11\/25\/lorraine-berton-eletta-alla-presidenza-dellanfao\/#primaryimage"},"image":{"@id":"https:\/\/www.bellunopress.it\/2023\/11\/25\/lorraine-berton-eletta-alla-presidenza-dellanfao\/#primaryimage"},"thumbnailUrl":"https:\/\/www.bellunopress.it\/wp-content\/uploads\/2023\/11\/Lorraine-Berton_edited.jpg","datePublished":"2023-11-25T08:50:33+00:00","breadcrumb":{"@id":"https:\/\/www.bellunopress.it\/2023\/11\/25\/lorraine-berton-eletta-alla-presidenza-dellanfao\/#breadcrumb"},"inLanguage":"fr-FR","potentialAction":[{"@type":"ReadAction","target":["https:\/\/www.bellunopress.it\/2023\/11\/25\/lorraine-berton-eletta-alla-presidenza-dellanfao\/"]}]},{"@type":"ImageObject","inLanguage":"fr-FR","@id":"https:\/\/www.bellunopress.it\/2023\/11\/25\/lorraine-berton-eletta-alla-presidenza-dellanfao\/#primaryimage","url":"https:\/\/www.bellunopress.it\/wp-content\/uploads\/2023\/11\/Lorraine-Berton_edited.jpg","contentUrl":"https:\/\/www.bellunopress.it\/wp-content\/uploads\/2023\/11\/Lorraine-Berton_edited.jpg","width":951,"height":1000,"caption":"Lorraine Berton, presidente di Confindustria Belluno Dolomiti"},{"@type":"BreadcrumbList","@id":"https:\/\/www.bellunopress.it\/2023\/11\/25\/lorraine-berton-eletta-alla-presidenza-dellanfao\/#breadcrumb","itemListElement":[{"@type":"ListItem","position":1,"name":"Home","item":"https:\/\/www.bellunopress.it\/"},{"@type":"ListItem","position":2,"name":"Lorraine Berton eletta alla presidenza dell&#8217;Anfao"}]},{"@type":"WebSite","@id":"https:\/\/www.bellunopress.it\/#website","url":"https:\/\/www.bellunopress.it\/","name":"Bellunopress - Dolomiti","description":"e-mail: redazione@bellunopress.it","publisher":{"@id":"https:\/\/www.bellunopress.it\/#organization"},"potentialAction":[{"@type":"SearchAction","target":{"@type":"EntryPoint","urlTemplate":"https:\/\/www.bellunopress.it\/?s={search_term_string}"},"query-input":{"@type":"PropertyValueSpecification","valueRequired":true,"valueName":"search_term_string"}}],"inLanguage":"fr-FR"},{"@type":"Organization","@id":"https:\/\/www.bellunopress.it\/#organization","name":"Bellunopress","url":"https:\/\/www.bellunopress.it\/","logo":{"@type":"ImageObject","inLanguage":"fr-FR","@id":"https:\/\/www.bellunopress.it\/#\/schema\/logo\/image\/","url":"https:\/\/www.bellunopress.it\/wp-content\/uploads\/2011\/05\/cropped-logo-bellunopress-.jpg","contentUrl":"https:\/\/www.bellunopress.it\/wp-content\/uploads\/2011\/05\/cropped-logo-bellunopress-.jpg","width":512,"height":512,"caption":"Bellunopress"},"image":{"@id":"https:\/\/www.bellunopress.it\/#\/schema\/logo\/image\/"},"sameAs":["https:\/\/www.facebook.com\/profile.php?id=100008943462799","https:\/\/x.com\/bellunopress","https:\/\/www.linkedin.com\/hp\/?dnr=JBzUWaJfMUw8vbXJJ2tVW5-I3jZKvC4wsoxE&amp;amp;amp;amp;amp;amp;trk=nav_responsive_tab_home","https:\/\/www.youtube.com\/channel\/UCxL0wu1uN0_3_7hGG0306cw"]},{"@type":"Person","@id":"https:\/\/www.bellunopress.it\/#\/schema\/person\/79bb06722b37ece1c03d3e94beb30d73","name":"r\u00e9daction","image":{"@type":"ImageObject","inLanguage":"fr-FR","@id":"https:\/\/secure.gravatar.com\/avatar\/37d968a2e67a6fd04c169c4bdef102d0bc5d31b2546345219e348575eb80e9a0?s=96&d=mm&r=g","url":"https:\/\/secure.gravatar.com\/avatar\/37d968a2e67a6fd04c169c4bdef102d0bc5d31b2546345219e348575eb80e9a0?s=96&d=mm&r=g","contentUrl":"https:\/\/secure.gravatar.com\/avatar\/37d968a2e67a6fd04c169c4bdef102d0bc5d31b2546345219e348575eb80e9a0?s=96&d=mm&r=g","caption":"redazione"},"sameAs":["http:\/\/www.bellunopress.it","https:\/\/x.com\/bellunopress"],"url":"https:\/\/www.bellunopress.it\/fr\/author\/redazione\/"}]}},"_links":{"self":[{"href":"https:\/\/www.bellunopress.it\/fr\/wp-json\/wp\/v2\/posts\/146171","targetHints":{"allow":["GET"]}}],"collection":[{"href":"https:\/\/www.bellunopress.it\/fr\/wp-json\/wp\/v2\/posts"}],"about":[{"href":"https:\/\/www.bellunopress.it\/fr\/wp-json\/wp\/v2\/types\/post"}],"author":[{"embeddable":true,"href":"https:\/\/www.bellunopress.it\/fr\/wp-json\/wp\/v2\/users\/2"}],"replies":[{"embeddable":true,"href":"https:\/\/www.bellunopress.it\/fr\/wp-json\/wp\/v2\/comments?post=146171"}],"version-history":[{"count":1,"href":"https:\/\/www.bellunopress.it\/fr\/wp-json\/wp\/v2\/posts\/146171\/revisions"}],"predecessor-version":[{"id":146173,"href":"https:\/\/www.bellunopress.it\/fr\/wp-json\/wp\/v2\/posts\/146171\/revisions\/146173"}],"wp:featuredmedia":[{"embeddable":true,"href":"https:\/\/www.bellunopress.it\/fr\/wp-json\/wp\/v2\/media\/146172"}],"wp:attachment":[{"href":"https:\/\/www.bellunopress.it\/fr\/wp-json\/wp\/v2\/media?parent=146171"}],"wp:term":[{"taxonomy":"category","embeddable":true,"href":"https:\/\/www.bellunopress.it\/fr\/wp-json\/wp\/v2\/categories?post=146171"},{"taxonomy":"post_tag","embeddable":true,"href":"https:\/\/www.bellunopress.it\/fr\/wp-json\/wp\/v2\/tags?post=146171"}],"curies":[{"name":"wp","href":"https:\/\/api.w.org\/{rel}","templated":true}]}}